{"id":29993,"date":"2025-02-20T08:02:47","date_gmt":"2025-02-20T07:02:47","guid":{"rendered":"https:\/\/www.caudete.org\/ayuntamiento\/?p=29993"},"modified":"2025-07-29T10:56:01","modified_gmt":"2025-07-29T08:56:01","slug":"experto-invitado-del-ayuntamiento-de-cento-en-italia-nos-visita-gracias-a-erasmus","status":"publish","type":"post","link":"https:\/\/www.caudete.org\/ayuntamiento\/experto-invitado-del-ayuntamiento-de-cento-en-italia-nos-visita-gracias-a-erasmus\/","title":{"rendered":"Experto Invitado del Ayuntamiento de Cento, en Italia, nos visita gracias a Erasmus+"},"content":{"rendered":"<p style=\"text-align: justify;\" align=\"justify\"><span style=\"font-family: georgia, palatino, serif;\"><span style=\"font-size: medium;\"><span lang=\"en-GB\">E<\/span><\/span><span style=\"font-size: medium;\"><span lang=\"en-GB\">n febrero de 2025, el t\u00e9cnico de proyectos europeos del Ayuntamiento de Cento, en Italia, Umberto Amoroso, particip\u00f3 en nuestro proyecto como experto invitado, compartiendo con nuestra comunidad educativa informaci\u00f3n sobre el <\/span><\/span><span style=\"font-size: medium;\"><span lang=\"en-GB\">rico <\/span><\/span><span style=\"font-size: medium;\"><span lang=\"en-GB\">patrimonio cultural del municipio italiano, y sobre las actividades y proyectos del ayuntamiento en el sector de la educaci\u00f3n no formal de adultos. <\/span><\/span><span style=\"font-size: medium;\"><span lang=\"en-GB\">Pudimos <\/span><\/span><span style=\"font-size: medium;\"><span lang=\"en-GB\">saber sobre el<\/span><\/span><span style=\"font-size: medium;\"><span lang=\"en-GB\"> Carnaval de Cento: hermanado con el Carnaval de R\u00edo de Janeiro, es uno de los m\u00e1s antiguos de Europa, <\/span><\/span><span style=\"font-size: medium;\"><span lang=\"en-GB\">con<\/span><\/span><span style=\"font-size: medium;\"><span lang=\"en-GB\"> or\u00edgenes <\/span><\/span><span style=\"font-size: medium;\"><span lang=\"en-GB\">que<\/span><\/span><span style=\"font-size: medium;\"><span lang=\"en-GB\"> se remontan a 1546 y ha sido reconocido como Patrimonio Inmaterial de la UNESCO en 2022. Tambi\u00e9n conocimos<\/span><\/span><span style=\"font-size: medium;\"><span lang=\"en-GB\">\u00a0la Officina del Sapere e delle Arti, servicio cultural municipal gestionado por la Fundaci\u00f3n Teatro Borgatti, que ofrece cursos para adultos en idiomas extranjeros, teatro, escenograf\u00eda, m\u00fasica, o arte, entre otros; as\u00ed como la Universidad para el Aprendizaje a lo largo de la vida, reconocida por la Universidad de Ferrara, o el Family Center, un servicio de formaci\u00f3n a poblaci\u00f3n inmigrante y familias.<\/span><\/span><\/span><\/p>\n<p align=\"justify\"><img fetchpriority=\"high\" decoding=\"async\" class=\"wp-image-29995 size-full aligncenter\" src=\"https:\/\/www.caudete.org\/ayuntamiento\/wp-content\/uploads\/2025\/02\/IMG_8567.jpg\" alt=\"\" width=\"640\" height=\"480\" srcset=\"https:\/\/www.caudete.org\/ayuntamiento\/wp-content\/uploads\/2025\/02\/IMG_8567.jpg 640w, https:\/\/www.caudete.org\/ayuntamiento\/wp-content\/uploads\/2025\/02\/IMG_8567-293x220.jpg 293w\" sizes=\"(max-width: 640px) 100vw, 640px\" \/> \u00a0\u00a0<img decoding=\"async\" class=\"size-full wp-image-29998 aligncenter\" src=\"https:\/\/www.caudete.org\/ayuntamiento\/wp-content\/uploads\/2025\/02\/IMG_8576.jpg\" alt=\"\" width=\"640\" height=\"480\" srcset=\"https:\/\/www.caudete.org\/ayuntamiento\/wp-content\/uploads\/2025\/02\/IMG_8576.jpg 640w, https:\/\/www.caudete.org\/ayuntamiento\/wp-content\/uploads\/2025\/02\/IMG_8576-293x220.jpg 293w\" sizes=\"(max-width: 640px) 100vw, 640px\" \/><\/p>\n<p align=\"justify\"><img decoding=\"async\" class=\"wp-image-29997 size-full aligncenter\" src=\"https:\/\/www.caudete.org\/ayuntamiento\/wp-content\/uploads\/2025\/02\/IMG_8574.jpg\" alt=\"\" width=\"480\" height=\"640\" srcset=\"https:\/\/www.caudete.org\/ayuntamiento\/wp-content\/uploads\/2025\/02\/IMG_8574.jpg 480w, https:\/\/www.caudete.org\/ayuntamiento\/wp-content\/uploads\/2025\/02\/IMG_8574-165x220.jpg 165w\" sizes=\"(max-width: 480px) 100vw, 480px\" \/>\u00a0<img loading=\"lazy\" decoding=\"async\" class=\"size-full wp-image-29999 aligncenter\" src=\"https:\/\/www.caudete.org\/ayuntamiento\/wp-content\/uploads\/2025\/02\/IMG_8586.jpg\" alt=\"\" width=\"480\" height=\"640\" srcset=\"https:\/\/www.caudete.org\/ayuntamiento\/wp-content\/uploads\/2025\/02\/IMG_8586.jpg 480w, https:\/\/www.caudete.org\/ayuntamiento\/wp-content\/uploads\/2025\/02\/IMG_8586-165x220.jpg 165w\" sizes=\"(max-width: 480px) 100vw, 480px\" \/><\/p>\n","protected":false},"excerpt":{"rendered":"<p>En febrero de 2025, el t\u00e9cnico de proyectos europeos del Ayuntamiento de Cento, en Italia, Umberto Amoroso, particip\u00f3 en nuestro proyecto como experto invitado, compartiendo con nuestra comunidad educativa informaci\u00f3n sobre el rico patrimonio cultural del municipio italiano, y sobre las actividades y proyectos del ayuntamiento en el sector de la educaci\u00f3n no formal de &hellip;<\/p>\n","protected":false},"author":6,"featured_media":30000,"comment_status":"closed","ping_status":"open","sticky":false,"template":"","format":"standard","meta":{"ngg_post_thumbnail":0,"footnotes":""},"categories":[851],"tags":[],"class_list":["post-29993","post","type-post","status-publish","format-standard","has-post-thumbnail","hentry","category-promocion-y-desarrollo-economico"],"yoast_head":"<!-- This site is optimized with the Yoast SEO plugin v27.4 - https:\/\/yoast.com\/product\/yoast-seo-wordpress\/ -->\n<title>Experto Invitado del Ayuntamiento de Cento, en Italia, nos visita gracias a Erasmus+ - MI Ayuntamiento de Caudete<\/title>\n<meta name=\"description\" content=\"P\u00e1gina Oficial del Ayuntamiento de Caudete (Albacete)\" \/>\n<meta name=\"robots\" content=\"index, follow, max-snippet:-1, max-image-preview:large, max-video-preview:-1\" \/>\n<link rel=\"canonical\" href=\"https:\/\/www.caudete.org\/ayuntamiento\/experto-invitado-del-ayuntamiento-de-cento-en-italia-nos-visita-gracias-a-erasmus\/\" \/>\n<meta property=\"og:locale\" content=\"es_ES\" \/>\n<meta property=\"og:type\" content=\"article\" \/>\n<meta property=\"og:title\" content=\"Experto Invitado del Ayuntamiento de Cento, en Italia, nos visita gracias a Erasmus+ - MI Ayuntamiento de Caudete\" \/>\n<meta property=\"og:description\" content=\"P\u00e1gina Oficial del Ayuntamiento de Caudete (Albacete)\" \/>\n<meta property=\"og:url\" content=\"https:\/\/www.caudete.org\/ayuntamiento\/experto-invitado-del-ayuntamiento-de-cento-en-italia-nos-visita-gracias-a-erasmus\/\" \/>\n<meta property=\"og:site_name\" content=\"MI Ayuntamiento de Caudete\" \/>\n<meta property=\"article:publisher\" content=\"https:\/\/www.facebook.com\/ayuntamientocaudete\/\" \/>\n<meta property=\"article:published_time\" content=\"2025-02-20T07:02:47+00:00\" \/>\n<meta property=\"article:modified_time\" content=\"2025-07-29T08:56:01+00:00\" \/>\n<meta property=\"og:image\" content=\"https:\/\/www.caudete.org\/ayuntamiento\/wp-content\/uploads\/2025\/02\/IMG_8589.jpg\" \/>\n\t<meta property=\"og:image:width\" content=\"640\" \/>\n\t<meta property=\"og:image:height\" content=\"480\" \/>\n\t<meta property=\"og:image:type\" content=\"image\/jpeg\" \/>\n<meta name=\"author\" content=\"informatica2\" \/>\n<meta name=\"twitter:card\" content=\"summary_large_image\" \/>\n<meta name=\"twitter:label1\" content=\"Escrito por\" \/>\n\t<meta name=\"twitter:data1\" content=\"informatica2\" \/>\n\t<meta name=\"twitter:label2\" content=\"Tiempo de lectura\" \/>\n\t<meta name=\"twitter:data2\" content=\"2 minutos\" \/>\n<script type=\"application\/ld+json\" class=\"yoast-schema-graph\">{\"@context\":\"https:\\\/\\\/schema.org\",\"@graph\":[{\"@type\":\"Article\",\"@id\":\"https:\\\/\\\/www.caudete.org\\\/ayuntamiento\\\/experto-invitado-del-ayuntamiento-de-cento-en-italia-nos-visita-gracias-a-erasmus\\\/#article\",\"isPartOf\":{\"@id\":\"https:\\\/\\\/www.caudete.org\\\/ayuntamiento\\\/experto-invitado-del-ayuntamiento-de-cento-en-italia-nos-visita-gracias-a-erasmus\\\/\"},\"author\":{\"name\":\"informatica2\",\"@id\":\"https:\\\/\\\/www.caudete.org\\\/ayuntamiento\\\/#\\\/schema\\\/person\\\/abfa5ffd5010a14e078c21e6e61b6291\"},\"headline\":\"Experto Invitado del Ayuntamiento de Cento, en Italia, nos visita gracias a Erasmus+\",\"datePublished\":\"2025-02-20T07:02:47+00:00\",\"dateModified\":\"2025-07-29T08:56:01+00:00\",\"mainEntityOfPage\":{\"@id\":\"https:\\\/\\\/www.caudete.org\\\/ayuntamiento\\\/experto-invitado-del-ayuntamiento-de-cento-en-italia-nos-visita-gracias-a-erasmus\\\/\"},\"wordCount\":186,\"publisher\":{\"@id\":\"https:\\\/\\\/www.caudete.org\\\/ayuntamiento\\\/#organization\"},\"image\":{\"@id\":\"https:\\\/\\\/www.caudete.org\\\/ayuntamiento\\\/experto-invitado-del-ayuntamiento-de-cento-en-italia-nos-visita-gracias-a-erasmus\\\/#primaryimage\"},\"thumbnailUrl\":\"https:\\\/\\\/www.caudete.org\\\/ayuntamiento\\\/wp-content\\\/uploads\\\/2025\\\/02\\\/IMG_8589.jpg\",\"articleSection\":[\"Promoci\u00f3n y Desarrollo Econ\u00f3mico\"],\"inLanguage\":\"es\"},{\"@type\":\"WebPage\",\"@id\":\"https:\\\/\\\/www.caudete.org\\\/ayuntamiento\\\/experto-invitado-del-ayuntamiento-de-cento-en-italia-nos-visita-gracias-a-erasmus\\\/\",\"url\":\"https:\\\/\\\/www.caudete.org\\\/ayuntamiento\\\/experto-invitado-del-ayuntamiento-de-cento-en-italia-nos-visita-gracias-a-erasmus\\\/\",\"name\":\"Experto Invitado del Ayuntamiento de Cento, en Italia, nos visita gracias a Erasmus+ - MI Ayuntamiento de Caudete\",\"isPartOf\":{\"@id\":\"https:\\\/\\\/www.caudete.org\\\/ayuntamiento\\\/#website\"},\"primaryImageOfPage\":{\"@id\":\"https:\\\/\\\/www.caudete.org\\\/ayuntamiento\\\/experto-invitado-del-ayuntamiento-de-cento-en-italia-nos-visita-gracias-a-erasmus\\\/#primaryimage\"},\"image\":{\"@id\":\"https:\\\/\\\/www.caudete.org\\\/ayuntamiento\\\/experto-invitado-del-ayuntamiento-de-cento-en-italia-nos-visita-gracias-a-erasmus\\\/#primaryimage\"},\"thumbnailUrl\":\"https:\\\/\\\/www.caudete.org\\\/ayuntamiento\\\/wp-content\\\/uploads\\\/2025\\\/02\\\/IMG_8589.jpg\",\"datePublished\":\"2025-02-20T07:02:47+00:00\",\"dateModified\":\"2025-07-29T08:56:01+00:00\",\"description\":\"P\u00e1gina Oficial del Ayuntamiento de Caudete (Albacete)\",\"breadcrumb\":{\"@id\":\"https:\\\/\\\/www.caudete.org\\\/ayuntamiento\\\/experto-invitado-del-ayuntamiento-de-cento-en-italia-nos-visita-gracias-a-erasmus\\\/#breadcrumb\"},\"inLanguage\":\"es\",\"potentialAction\":[{\"@type\":\"ReadAction\",\"target\":[\"https:\\\/\\\/www.caudete.org\\\/ayuntamiento\\\/experto-invitado-del-ayuntamiento-de-cento-en-italia-nos-visita-gracias-a-erasmus\\\/\"]}]},{\"@type\":\"ImageObject\",\"inLanguage\":\"es\",\"@id\":\"https:\\\/\\\/www.caudete.org\\\/ayuntamiento\\\/experto-invitado-del-ayuntamiento-de-cento-en-italia-nos-visita-gracias-a-erasmus\\\/#primaryimage\",\"url\":\"https:\\\/\\\/www.caudete.org\\\/ayuntamiento\\\/wp-content\\\/uploads\\\/2025\\\/02\\\/IMG_8589.jpg\",\"contentUrl\":\"https:\\\/\\\/www.caudete.org\\\/ayuntamiento\\\/wp-content\\\/uploads\\\/2025\\\/02\\\/IMG_8589.jpg\",\"width\":640,\"height\":480},{\"@type\":\"BreadcrumbList\",\"@id\":\"https:\\\/\\\/www.caudete.org\\\/ayuntamiento\\\/experto-invitado-del-ayuntamiento-de-cento-en-italia-nos-visita-gracias-a-erasmus\\\/#breadcrumb\",\"itemListElement\":[{\"@type\":\"ListItem\",\"position\":1,\"name\":\"Inicio\",\"item\":\"https:\\\/\\\/www.caudete.org\\\/ayuntamiento\\\/\"},{\"@type\":\"ListItem\",\"position\":2,\"name\":\"Experto Invitado del Ayuntamiento de Cento, en Italia, nos visita gracias a Erasmus+\"}]},{\"@type\":\"WebSite\",\"@id\":\"https:\\\/\\\/www.caudete.org\\\/ayuntamiento\\\/#website\",\"url\":\"https:\\\/\\\/www.caudete.org\\\/ayuntamiento\\\/\",\"name\":\"MI Ayuntamiento de Caudete\",\"description\":\"P\u00e1gina Oficial del MI Ayuntamiento de Caudete\",\"publisher\":{\"@id\":\"https:\\\/\\\/www.caudete.org\\\/ayuntamiento\\\/#organization\"},\"potentialAction\":[{\"@type\":\"SearchAction\",\"target\":{\"@type\":\"EntryPoint\",\"urlTemplate\":\"https:\\\/\\\/www.caudete.org\\\/ayuntamiento\\\/?s={search_term_string}\"},\"query-input\":{\"@type\":\"PropertyValueSpecification\",\"valueRequired\":true,\"valueName\":\"search_term_string\"}}],\"inLanguage\":\"es\"},{\"@type\":\"Organization\",\"@id\":\"https:\\\/\\\/www.caudete.org\\\/ayuntamiento\\\/#organization\",\"name\":\"Ayuntamiento de Caudete\",\"url\":\"https:\\\/\\\/www.caudete.org\\\/ayuntamiento\\\/\",\"logo\":{\"@type\":\"ImageObject\",\"inLanguage\":\"es\",\"@id\":\"https:\\\/\\\/www.caudete.org\\\/ayuntamiento\\\/#\\\/schema\\\/logo\\\/image\\\/\",\"url\":\"https:\\\/\\\/www.caudete.org\\\/ayuntamiento\\\/wp-content\\\/uploads\\\/2020\\\/11\\\/logo_ayuntamiento_caudete.jpg\",\"contentUrl\":\"https:\\\/\\\/www.caudete.org\\\/ayuntamiento\\\/wp-content\\\/uploads\\\/2020\\\/11\\\/logo_ayuntamiento_caudete.jpg\",\"width\":600,\"height\":150,\"caption\":\"Ayuntamiento de Caudete\"},\"image\":{\"@id\":\"https:\\\/\\\/www.caudete.org\\\/ayuntamiento\\\/#\\\/schema\\\/logo\\\/image\\\/\"},\"sameAs\":[\"https:\\\/\\\/www.facebook.com\\\/ayuntamientocaudete\\\/\",\"https:\\\/\\\/www.youtube.com\\\/channel\\\/UC6VztHaooNsGpw-tNoBEFnQ\"]},{\"@type\":\"Person\",\"@id\":\"https:\\\/\\\/www.caudete.org\\\/ayuntamiento\\\/#\\\/schema\\\/person\\\/abfa5ffd5010a14e078c21e6e61b6291\",\"name\":\"informatica2\",\"image\":{\"@type\":\"ImageObject\",\"inLanguage\":\"es\",\"@id\":\"https:\\\/\\\/secure.gravatar.com\\\/avatar\\\/b089890ff033a3e4d03eec00ecb5a14425217205c513f60ec32ebeaaeb5fa700?s=96&d=mm&r=g\",\"url\":\"https:\\\/\\\/secure.gravatar.com\\\/avatar\\\/b089890ff033a3e4d03eec00ecb5a14425217205c513f60ec32ebeaaeb5fa700?s=96&d=mm&r=g\",\"contentUrl\":\"https:\\\/\\\/secure.gravatar.com\\\/avatar\\\/b089890ff033a3e4d03eec00ecb5a14425217205c513f60ec32ebeaaeb5fa700?s=96&d=mm&r=g\",\"caption\":\"informatica2\"},\"url\":\"https:\\\/\\\/www.caudete.org\\\/ayuntamiento\\\/author\\\/informatica2\\\/\"}]}<\/script>\n<!-- \/ Yoast SEO plugin. -->","yoast_head_json":{"title":"Experto Invitado del Ayuntamiento de Cento, en Italia, nos visita gracias a Erasmus+ - MI Ayuntamiento de Caudete","description":"P\u00e1gina Oficial del Ayuntamiento de Caudete (Albacete)","robots":{"index":"index","follow":"follow","max-snippet":"max-snippet:-1","max-image-preview":"max-image-preview:large","max-video-preview":"max-video-preview:-1"},"canonical":"https:\/\/www.caudete.org\/ayuntamiento\/experto-invitado-del-ayuntamiento-de-cento-en-italia-nos-visita-gracias-a-erasmus\/","og_locale":"es_ES","og_type":"article","og_title":"Experto Invitado del Ayuntamiento de Cento, en Italia, nos visita gracias a Erasmus+ - MI Ayuntamiento de Caudete","og_description":"P\u00e1gina Oficial del Ayuntamiento de Caudete (Albacete)","og_url":"https:\/\/www.caudete.org\/ayuntamiento\/experto-invitado-del-ayuntamiento-de-cento-en-italia-nos-visita-gracias-a-erasmus\/","og_site_name":"MI Ayuntamiento de Caudete","article_publisher":"https:\/\/www.facebook.com\/ayuntamientocaudete\/","article_published_time":"2025-02-20T07:02:47+00:00","article_modified_time":"2025-07-29T08:56:01+00:00","og_image":[{"width":640,"height":480,"url":"https:\/\/www.caudete.org\/ayuntamiento\/wp-content\/uploads\/2025\/02\/IMG_8589.jpg","type":"image\/jpeg"}],"author":"informatica2","twitter_card":"summary_large_image","twitter_misc":{"Escrito por":"informatica2","Tiempo de lectura":"2 minutos"},"schema":{"@context":"https:\/\/schema.org","@graph":[{"@type":"Article","@id":"https:\/\/www.caudete.org\/ayuntamiento\/experto-invitado-del-ayuntamiento-de-cento-en-italia-nos-visita-gracias-a-erasmus\/#article","isPartOf":{"@id":"https:\/\/www.caudete.org\/ayuntamiento\/experto-invitado-del-ayuntamiento-de-cento-en-italia-nos-visita-gracias-a-erasmus\/"},"author":{"name":"informatica2","@id":"https:\/\/www.caudete.org\/ayuntamiento\/#\/schema\/person\/abfa5ffd5010a14e078c21e6e61b6291"},"headline":"Experto Invitado del Ayuntamiento de Cento, en Italia, nos visita gracias a Erasmus+","datePublished":"2025-02-20T07:02:47+00:00","dateModified":"2025-07-29T08:56:01+00:00","mainEntityOfPage":{"@id":"https:\/\/www.caudete.org\/ayuntamiento\/experto-invitado-del-ayuntamiento-de-cento-en-italia-nos-visita-gracias-a-erasmus\/"},"wordCount":186,"publisher":{"@id":"https:\/\/www.caudete.org\/ayuntamiento\/#organization"},"image":{"@id":"https:\/\/www.caudete.org\/ayuntamiento\/experto-invitado-del-ayuntamiento-de-cento-en-italia-nos-visita-gracias-a-erasmus\/#primaryimage"},"thumbnailUrl":"https:\/\/www.caudete.org\/ayuntamiento\/wp-content\/uploads\/2025\/02\/IMG_8589.jpg","articleSection":["Promoci\u00f3n y Desarrollo Econ\u00f3mico"],"inLanguage":"es"},{"@type":"WebPage","@id":"https:\/\/www.caudete.org\/ayuntamiento\/experto-invitado-del-ayuntamiento-de-cento-en-italia-nos-visita-gracias-a-erasmus\/","url":"https:\/\/www.caudete.org\/ayuntamiento\/experto-invitado-del-ayuntamiento-de-cento-en-italia-nos-visita-gracias-a-erasmus\/","name":"Experto Invitado del Ayuntamiento de Cento, en Italia, nos visita gracias a Erasmus+ - MI Ayuntamiento de Caudete","isPartOf":{"@id":"https:\/\/www.caudete.org\/ayuntamiento\/#website"},"primaryImageOfPage":{"@id":"https:\/\/www.caudete.org\/ayuntamiento\/experto-invitado-del-ayuntamiento-de-cento-en-italia-nos-visita-gracias-a-erasmus\/#primaryimage"},"image":{"@id":"https:\/\/www.caudete.org\/ayuntamiento\/experto-invitado-del-ayuntamiento-de-cento-en-italia-nos-visita-gracias-a-erasmus\/#primaryimage"},"thumbnailUrl":"https:\/\/www.caudete.org\/ayuntamiento\/wp-content\/uploads\/2025\/02\/IMG_8589.jpg","datePublished":"2025-02-20T07:02:47+00:00","dateModified":"2025-07-29T08:56:01+00:00","description":"P\u00e1gina Oficial del Ayuntamiento de Caudete (Albacete)","breadcrumb":{"@id":"https:\/\/www.caudete.org\/ayuntamiento\/experto-invitado-del-ayuntamiento-de-cento-en-italia-nos-visita-gracias-a-erasmus\/#breadcrumb"},"inLanguage":"es","potentialAction":[{"@type":"ReadAction","target":["https:\/\/www.caudete.org\/ayuntamiento\/experto-invitado-del-ayuntamiento-de-cento-en-italia-nos-visita-gracias-a-erasmus\/"]}]},{"@type":"ImageObject","inLanguage":"es","@id":"https:\/\/www.caudete.org\/ayuntamiento\/experto-invitado-del-ayuntamiento-de-cento-en-italia-nos-visita-gracias-a-erasmus\/#primaryimage","url":"https:\/\/www.caudete.org\/ayuntamiento\/wp-content\/uploads\/2025\/02\/IMG_8589.jpg","contentUrl":"https:\/\/www.caudete.org\/ayuntamiento\/wp-content\/uploads\/2025\/02\/IMG_8589.jpg","width":640,"height":480},{"@type":"BreadcrumbList","@id":"https:\/\/www.caudete.org\/ayuntamiento\/experto-invitado-del-ayuntamiento-de-cento-en-italia-nos-visita-gracias-a-erasmus\/#breadcrumb","itemListElement":[{"@type":"ListItem","position":1,"name":"Inicio","item":"https:\/\/www.caudete.org\/ayuntamiento\/"},{"@type":"ListItem","position":2,"name":"Experto Invitado del Ayuntamiento de Cento, en Italia, nos visita gracias a Erasmus+"}]},{"@type":"WebSite","@id":"https:\/\/www.caudete.org\/ayuntamiento\/#website","url":"https:\/\/www.caudete.org\/ayuntamiento\/","name":"MI Ayuntamiento de Caudete","description":"P\u00e1gina Oficial del MI Ayuntamiento de Caudete","publisher":{"@id":"https:\/\/www.caudete.org\/ayuntamiento\/#organization"},"potentialAction":[{"@type":"SearchAction","target":{"@type":"EntryPoint","urlTemplate":"https:\/\/www.caudete.org\/ayuntamiento\/?s={search_term_string}"},"query-input":{"@type":"PropertyValueSpecification","valueRequired":true,"valueName":"search_term_string"}}],"inLanguage":"es"},{"@type":"Organization","@id":"https:\/\/www.caudete.org\/ayuntamiento\/#organization","name":"Ayuntamiento de Caudete","url":"https:\/\/www.caudete.org\/ayuntamiento\/","logo":{"@type":"ImageObject","inLanguage":"es","@id":"https:\/\/www.caudete.org\/ayuntamiento\/#\/schema\/logo\/image\/","url":"https:\/\/www.caudete.org\/ayuntamiento\/wp-content\/uploads\/2020\/11\/logo_ayuntamiento_caudete.jpg","contentUrl":"https:\/\/www.caudete.org\/ayuntamiento\/wp-content\/uploads\/2020\/11\/logo_ayuntamiento_caudete.jpg","width":600,"height":150,"caption":"Ayuntamiento de Caudete"},"image":{"@id":"https:\/\/www.caudete.org\/ayuntamiento\/#\/schema\/logo\/image\/"},"sameAs":["https:\/\/www.facebook.com\/ayuntamientocaudete\/","https:\/\/www.youtube.com\/channel\/UC6VztHaooNsGpw-tNoBEFnQ"]},{"@type":"Person","@id":"https:\/\/www.caudete.org\/ayuntamiento\/#\/schema\/person\/abfa5ffd5010a14e078c21e6e61b6291","name":"informatica2","image":{"@type":"ImageObject","inLanguage":"es","@id":"https:\/\/secure.gravatar.com\/avatar\/b089890ff033a3e4d03eec00ecb5a14425217205c513f60ec32ebeaaeb5fa700?s=96&d=mm&r=g","url":"https:\/\/secure.gravatar.com\/avatar\/b089890ff033a3e4d03eec00ecb5a14425217205c513f60ec32ebeaaeb5fa700?s=96&d=mm&r=g","contentUrl":"https:\/\/secure.gravatar.com\/avatar\/b089890ff033a3e4d03eec00ecb5a14425217205c513f60ec32ebeaaeb5fa700?s=96&d=mm&r=g","caption":"informatica2"},"url":"https:\/\/www.caudete.org\/ayuntamiento\/author\/informatica2\/"}]}},"_links":{"self":[{"href":"https:\/\/www.caudete.org\/ayuntamiento\/wp-json\/wp\/v2\/posts\/29993","targetHints":{"allow":["GET"]}}],"collection":[{"href":"https:\/\/www.caudete.org\/ayuntamiento\/wp-json\/wp\/v2\/posts"}],"about":[{"href":"https:\/\/www.caudete.org\/ayuntamiento\/wp-json\/wp\/v2\/types\/post"}],"author":[{"embeddable":true,"href":"https:\/\/www.caudete.org\/ayuntamiento\/wp-json\/wp\/v2\/users\/6"}],"replies":[{"embeddable":true,"href":"https:\/\/www.caudete.org\/ayuntamiento\/wp-json\/wp\/v2\/comments?post=29993"}],"version-history":[{"count":6,"href":"https:\/\/www.caudete.org\/ayuntamiento\/wp-json\/wp\/v2\/posts\/29993\/revisions"}],"predecessor-version":[{"id":30010,"href":"https:\/\/www.caudete.org\/ayuntamiento\/wp-json\/wp\/v2\/posts\/29993\/revisions\/30010"}],"wp:featuredmedia":[{"embeddable":true,"href":"https:\/\/www.caudete.org\/ayuntamiento\/wp-json\/wp\/v2\/media\/30000"}],"wp:attachment":[{"href":"https:\/\/www.caudete.org\/ayuntamiento\/wp-json\/wp\/v2\/media?parent=29993"}],"wp:term":[{"taxonomy":"category","embeddable":true,"href":"https:\/\/www.caudete.org\/ayuntamiento\/wp-json\/wp\/v2\/categories?post=29993"},{"taxonomy":"post_tag","embeddable":true,"href":"https:\/\/www.caudete.org\/ayuntamiento\/wp-json\/wp\/v2\/tags?post=29993"}],"curies":[{"name":"wp","href":"https:\/\/api.w.org\/{rel}","templated":true}]}}