{"id":30042,"date":"2025-08-04T08:01:32","date_gmt":"2025-08-04T06:01:32","guid":{"rendered":"https:\/\/www.caudete.org\/ayuntamiento\/?p=30042"},"modified":"2025-08-15T11:07:37","modified_gmt":"2025-08-15T09:07:37","slug":"cena-de-la-dama-del-m-i-ayuntamiento","status":"publish","type":"post","link":"https:\/\/www.caudete.org\/ayuntamiento\/cena-de-la-dama-del-m-i-ayuntamiento\/","title":{"rendered":"Cena de la DAMA del M.I. Ayuntamiento"},"content":{"rendered":"<p style=\"text-align: justify;\">\u00a1Atenci\u00f3n! La Concejal\u00eda de Fiestas del Ayuntamiento informa que la Cena de la Dama del M.I. Ayto. se celebrar\u00e1 el pr\u00f3ximo jueves 14 de agosto en el patio del Local Social de la Comparsa de Mirenos a las 21:30 horas.<\/p>\n<p style=\"text-align: justify;\">Los tickets para la cena estar\u00e1n disponibles en el propio local de la comparsa los d\u00edas 7 y 8 de agosto, de 20:00 a 21:00 horas.<\/p>\n<p style=\"text-align: justify;\">\u00a1No te pierdas esta oportunidad de disfrutar de una noche especial!\u00a0 Aqu\u00ed te dejo los detalles:<\/p>\n<p style=\"text-align: justify;\">&#8211; Fecha: Jueves 14 de agosto<br \/>\n&#8211; Hora: 21:30 horas<br \/>\n&#8211; Lugar: Patio del Local Social de la Comparsa de Mirenos<br \/>\n&#8211; Tickets: Disponibles en el local de la comparsa los d\u00edas 7 y 8 de agosto, de 20:00 a 21:00 horas.<br \/>\n&#8211; Catering Berna.<br \/>\n&#8211; Men\u00fa 42 \u20ac.<br \/>\n&#8211; Men\u00fa infantil 25\u20ac.<\/p>\n<p style=\"text-align: justify;\">\u00a1Esperamos verte all\u00ed!<\/p>\n","protected":false},"excerpt":{"rendered":"<p>\u00a1Atenci\u00f3n! La Concejal\u00eda de Fiestas del Ayuntamiento informa que la Cena de la Dama del M.I. Ayto. se celebrar\u00e1 el pr\u00f3ximo jueves 14 de agosto en el patio del Local Social de la Comparsa de Mirenos a las 21:30 horas. Los tickets para la cena estar\u00e1n disponibles en el propio local de la comparsa los &hellip;<\/p>\n","protected":false},"author":6,"featured_media":30043,"comment_status":"closed","ping_status":"open","sticky":false,"template":"","format":"standard","meta":{"ngg_post_thumbnail":0,"footnotes":""},"categories":[31],"tags":[],"class_list":["post-30042","post","type-post","status-publish","format-standard","has-post-thumbnail","hentry","category-fiestas"],"yoast_head":"<!-- This site is optimized with the Yoast SEO plugin v27.5 - https:\/\/yoast.com\/product\/yoast-seo-wordpress\/ -->\n<title>Cena de la DAMA del M.I. Ayuntamiento - MI Ayuntamiento de Caudete<\/title>\n<meta name=\"description\" content=\"P\u00e1gina Oficial del Ayuntamiento de Caudete (Albacete)\" \/>\n<meta name=\"robots\" content=\"index, follow, max-snippet:-1, max-image-preview:large, max-video-preview:-1\" \/>\n<link rel=\"canonical\" href=\"https:\/\/www.caudete.org\/ayuntamiento\/cena-de-la-dama-del-m-i-ayuntamiento\/\" \/>\n<meta property=\"og:locale\" content=\"es_ES\" \/>\n<meta property=\"og:type\" content=\"article\" \/>\n<meta property=\"og:title\" content=\"Cena de la DAMA del M.I. Ayuntamiento - MI Ayuntamiento de Caudete\" \/>\n<meta property=\"og:description\" content=\"P\u00e1gina Oficial del Ayuntamiento de Caudete (Albacete)\" \/>\n<meta property=\"og:url\" content=\"https:\/\/www.caudete.org\/ayuntamiento\/cena-de-la-dama-del-m-i-ayuntamiento\/\" \/>\n<meta property=\"og:site_name\" content=\"MI Ayuntamiento de Caudete\" \/>\n<meta property=\"article:publisher\" content=\"https:\/\/www.facebook.com\/ayuntamientocaudete\/\" \/>\n<meta property=\"article:published_time\" content=\"2025-08-04T06:01:32+00:00\" \/>\n<meta property=\"article:modified_time\" content=\"2025-08-15T09:07:37+00:00\" \/>\n<meta property=\"og:image\" content=\"https:\/\/www.caudete.org\/ayuntamiento\/wp-content\/uploads\/2025\/08\/20250803_123958-PORT.jpg\" \/>\n\t<meta property=\"og:image:width\" content=\"701\" \/>\n\t<meta property=\"og:image:height\" content=\"512\" \/>\n\t<meta property=\"og:image:type\" content=\"image\/jpeg\" \/>\n<meta name=\"author\" content=\"informatica2\" \/>\n<meta name=\"twitter:card\" content=\"summary_large_image\" \/>\n<meta name=\"twitter:label1\" content=\"Escrito por\" \/>\n\t<meta name=\"twitter:data1\" content=\"informatica2\" \/>\n\t<meta name=\"twitter:label2\" content=\"Tiempo de lectura\" \/>\n\t<meta name=\"twitter:data2\" content=\"1 minuto\" \/>\n<script type=\"application\/ld+json\" class=\"yoast-schema-graph\">{\"@context\":\"https:\\\/\\\/schema.org\",\"@graph\":[{\"@type\":\"Article\",\"@id\":\"https:\\\/\\\/www.caudete.org\\\/ayuntamiento\\\/cena-de-la-dama-del-m-i-ayuntamiento\\\/#article\",\"isPartOf\":{\"@id\":\"https:\\\/\\\/www.caudete.org\\\/ayuntamiento\\\/cena-de-la-dama-del-m-i-ayuntamiento\\\/\"},\"author\":{\"name\":\"informatica2\",\"@id\":\"https:\\\/\\\/www.caudete.org\\\/ayuntamiento\\\/#\\\/schema\\\/person\\\/abfa5ffd5010a14e078c21e6e61b6291\"},\"headline\":\"Cena de la DAMA del M.I. Ayuntamiento\",\"datePublished\":\"2025-08-04T06:01:32+00:00\",\"dateModified\":\"2025-08-15T09:07:37+00:00\",\"mainEntityOfPage\":{\"@id\":\"https:\\\/\\\/www.caudete.org\\\/ayuntamiento\\\/cena-de-la-dama-del-m-i-ayuntamiento\\\/\"},\"wordCount\":138,\"image\":{\"@id\":\"https:\\\/\\\/www.caudete.org\\\/ayuntamiento\\\/cena-de-la-dama-del-m-i-ayuntamiento\\\/#primaryimage\"},\"thumbnailUrl\":\"https:\\\/\\\/www.caudete.org\\\/ayuntamiento\\\/wp-content\\\/uploads\\\/2025\\\/08\\\/20250803_123958-PORT.jpg\",\"articleSection\":[\"Fiestas\"],\"inLanguage\":\"es\"},{\"@type\":\"WebPage\",\"@id\":\"https:\\\/\\\/www.caudete.org\\\/ayuntamiento\\\/cena-de-la-dama-del-m-i-ayuntamiento\\\/\",\"url\":\"https:\\\/\\\/www.caudete.org\\\/ayuntamiento\\\/cena-de-la-dama-del-m-i-ayuntamiento\\\/\",\"name\":\"Cena de la DAMA del M.I. Ayuntamiento - MI Ayuntamiento de Caudete\",\"isPartOf\":{\"@id\":\"https:\\\/\\\/www.caudete.org\\\/ayuntamiento\\\/#website\"},\"primaryImageOfPage\":{\"@id\":\"https:\\\/\\\/www.caudete.org\\\/ayuntamiento\\\/cena-de-la-dama-del-m-i-ayuntamiento\\\/#primaryimage\"},\"image\":{\"@id\":\"https:\\\/\\\/www.caudete.org\\\/ayuntamiento\\\/cena-de-la-dama-del-m-i-ayuntamiento\\\/#primaryimage\"},\"thumbnailUrl\":\"https:\\\/\\\/www.caudete.org\\\/ayuntamiento\\\/wp-content\\\/uploads\\\/2025\\\/08\\\/20250803_123958-PORT.jpg\",\"datePublished\":\"2025-08-04T06:01:32+00:00\",\"dateModified\":\"2025-08-15T09:07:37+00:00\",\"author\":{\"@id\":\"https:\\\/\\\/www.caudete.org\\\/ayuntamiento\\\/#\\\/schema\\\/person\\\/abfa5ffd5010a14e078c21e6e61b6291\"},\"description\":\"P\u00e1gina Oficial del Ayuntamiento de Caudete (Albacete)\",\"breadcrumb\":{\"@id\":\"https:\\\/\\\/www.caudete.org\\\/ayuntamiento\\\/cena-de-la-dama-del-m-i-ayuntamiento\\\/#breadcrumb\"},\"inLanguage\":\"es\",\"potentialAction\":[{\"@type\":\"ReadAction\",\"target\":[\"https:\\\/\\\/www.caudete.org\\\/ayuntamiento\\\/cena-de-la-dama-del-m-i-ayuntamiento\\\/\"]}]},{\"@type\":\"ImageObject\",\"inLanguage\":\"es\",\"@id\":\"https:\\\/\\\/www.caudete.org\\\/ayuntamiento\\\/cena-de-la-dama-del-m-i-ayuntamiento\\\/#primaryimage\",\"url\":\"https:\\\/\\\/www.caudete.org\\\/ayuntamiento\\\/wp-content\\\/uploads\\\/2025\\\/08\\\/20250803_123958-PORT.jpg\",\"contentUrl\":\"https:\\\/\\\/www.caudete.org\\\/ayuntamiento\\\/wp-content\\\/uploads\\\/2025\\\/08\\\/20250803_123958-PORT.jpg\",\"width\":701,\"height\":512},{\"@type\":\"BreadcrumbList\",\"@id\":\"https:\\\/\\\/www.caudete.org\\\/ayuntamiento\\\/cena-de-la-dama-del-m-i-ayuntamiento\\\/#breadcrumb\",\"itemListElement\":[{\"@type\":\"ListItem\",\"position\":1,\"name\":\"Inicio\",\"item\":\"https:\\\/\\\/www.caudete.org\\\/ayuntamiento\\\/\"},{\"@type\":\"ListItem\",\"position\":2,\"name\":\"Cena de la DAMA del M.I. Ayuntamiento\"}]},{\"@type\":\"WebSite\",\"@id\":\"https:\\\/\\\/www.caudete.org\\\/ayuntamiento\\\/#website\",\"url\":\"https:\\\/\\\/www.caudete.org\\\/ayuntamiento\\\/\",\"name\":\"MI Ayuntamiento de Caudete\",\"description\":\"P\u00e1gina Oficial del MI Ayuntamiento de Caudete\",\"potentialAction\":[{\"@type\":\"SearchAction\",\"target\":{\"@type\":\"EntryPoint\",\"urlTemplate\":\"https:\\\/\\\/www.caudete.org\\\/ayuntamiento\\\/?s={search_term_string}\"},\"query-input\":{\"@type\":\"PropertyValueSpecification\",\"valueRequired\":true,\"valueName\":\"search_term_string\"}}],\"inLanguage\":\"es\"},{\"@type\":\"Person\",\"@id\":\"https:\\\/\\\/www.caudete.org\\\/ayuntamiento\\\/#\\\/schema\\\/person\\\/abfa5ffd5010a14e078c21e6e61b6291\",\"name\":\"informatica2\",\"image\":{\"@type\":\"ImageObject\",\"inLanguage\":\"es\",\"@id\":\"https:\\\/\\\/secure.gravatar.com\\\/avatar\\\/b089890ff033a3e4d03eec00ecb5a14425217205c513f60ec32ebeaaeb5fa700?s=96&d=mm&r=g\",\"url\":\"https:\\\/\\\/secure.gravatar.com\\\/avatar\\\/b089890ff033a3e4d03eec00ecb5a14425217205c513f60ec32ebeaaeb5fa700?s=96&d=mm&r=g\",\"contentUrl\":\"https:\\\/\\\/secure.gravatar.com\\\/avatar\\\/b089890ff033a3e4d03eec00ecb5a14425217205c513f60ec32ebeaaeb5fa700?s=96&d=mm&r=g\",\"caption\":\"informatica2\"},\"url\":\"https:\\\/\\\/www.caudete.org\\\/ayuntamiento\\\/author\\\/informatica2\\\/\"}]}<\/script>\n<!-- \/ Yoast SEO plugin. -->","yoast_head_json":{"title":"Cena de la DAMA del M.I. Ayuntamiento - MI Ayuntamiento de Caudete","description":"P\u00e1gina Oficial del Ayuntamiento de Caudete (Albacete)","robots":{"index":"index","follow":"follow","max-snippet":"max-snippet:-1","max-image-preview":"max-image-preview:large","max-video-preview":"max-video-preview:-1"},"canonical":"https:\/\/www.caudete.org\/ayuntamiento\/cena-de-la-dama-del-m-i-ayuntamiento\/","og_locale":"es_ES","og_type":"article","og_title":"Cena de la DAMA del M.I. Ayuntamiento - MI Ayuntamiento de Caudete","og_description":"P\u00e1gina Oficial del Ayuntamiento de Caudete (Albacete)","og_url":"https:\/\/www.caudete.org\/ayuntamiento\/cena-de-la-dama-del-m-i-ayuntamiento\/","og_site_name":"MI Ayuntamiento de Caudete","article_publisher":"https:\/\/www.facebook.com\/ayuntamientocaudete\/","article_published_time":"2025-08-04T06:01:32+00:00","article_modified_time":"2025-08-15T09:07:37+00:00","og_image":[{"width":701,"height":512,"url":"https:\/\/www.caudete.org\/ayuntamiento\/wp-content\/uploads\/2025\/08\/20250803_123958-PORT.jpg","type":"image\/jpeg"}],"author":"informatica2","twitter_card":"summary_large_image","twitter_misc":{"Escrito por":"informatica2","Tiempo de lectura":"1 minuto"},"schema":{"@context":"https:\/\/schema.org","@graph":[{"@type":"Article","@id":"https:\/\/www.caudete.org\/ayuntamiento\/cena-de-la-dama-del-m-i-ayuntamiento\/#article","isPartOf":{"@id":"https:\/\/www.caudete.org\/ayuntamiento\/cena-de-la-dama-del-m-i-ayuntamiento\/"},"author":{"name":"informatica2","@id":"https:\/\/www.caudete.org\/ayuntamiento\/#\/schema\/person\/abfa5ffd5010a14e078c21e6e61b6291"},"headline":"Cena de la DAMA del M.I. Ayuntamiento","datePublished":"2025-08-04T06:01:32+00:00","dateModified":"2025-08-15T09:07:37+00:00","mainEntityOfPage":{"@id":"https:\/\/www.caudete.org\/ayuntamiento\/cena-de-la-dama-del-m-i-ayuntamiento\/"},"wordCount":138,"image":{"@id":"https:\/\/www.caudete.org\/ayuntamiento\/cena-de-la-dama-del-m-i-ayuntamiento\/#primaryimage"},"thumbnailUrl":"https:\/\/www.caudete.org\/ayuntamiento\/wp-content\/uploads\/2025\/08\/20250803_123958-PORT.jpg","articleSection":["Fiestas"],"inLanguage":"es"},{"@type":"WebPage","@id":"https:\/\/www.caudete.org\/ayuntamiento\/cena-de-la-dama-del-m-i-ayuntamiento\/","url":"https:\/\/www.caudete.org\/ayuntamiento\/cena-de-la-dama-del-m-i-ayuntamiento\/","name":"Cena de la DAMA del M.I. Ayuntamiento - MI Ayuntamiento de Caudete","isPartOf":{"@id":"https:\/\/www.caudete.org\/ayuntamiento\/#website"},"primaryImageOfPage":{"@id":"https:\/\/www.caudete.org\/ayuntamiento\/cena-de-la-dama-del-m-i-ayuntamiento\/#primaryimage"},"image":{"@id":"https:\/\/www.caudete.org\/ayuntamiento\/cena-de-la-dama-del-m-i-ayuntamiento\/#primaryimage"},"thumbnailUrl":"https:\/\/www.caudete.org\/ayuntamiento\/wp-content\/uploads\/2025\/08\/20250803_123958-PORT.jpg","datePublished":"2025-08-04T06:01:32+00:00","dateModified":"2025-08-15T09:07:37+00:00","author":{"@id":"https:\/\/www.caudete.org\/ayuntamiento\/#\/schema\/person\/abfa5ffd5010a14e078c21e6e61b6291"},"description":"P\u00e1gina Oficial del Ayuntamiento de Caudete (Albacete)","breadcrumb":{"@id":"https:\/\/www.caudete.org\/ayuntamiento\/cena-de-la-dama-del-m-i-ayuntamiento\/#breadcrumb"},"inLanguage":"es","potentialAction":[{"@type":"ReadAction","target":["https:\/\/www.caudete.org\/ayuntamiento\/cena-de-la-dama-del-m-i-ayuntamiento\/"]}]},{"@type":"ImageObject","inLanguage":"es","@id":"https:\/\/www.caudete.org\/ayuntamiento\/cena-de-la-dama-del-m-i-ayuntamiento\/#primaryimage","url":"https:\/\/www.caudete.org\/ayuntamiento\/wp-content\/uploads\/2025\/08\/20250803_123958-PORT.jpg","contentUrl":"https:\/\/www.caudete.org\/ayuntamiento\/wp-content\/uploads\/2025\/08\/20250803_123958-PORT.jpg","width":701,"height":512},{"@type":"BreadcrumbList","@id":"https:\/\/www.caudete.org\/ayuntamiento\/cena-de-la-dama-del-m-i-ayuntamiento\/#breadcrumb","itemListElement":[{"@type":"ListItem","position":1,"name":"Inicio","item":"https:\/\/www.caudete.org\/ayuntamiento\/"},{"@type":"ListItem","position":2,"name":"Cena de la DAMA del M.I. Ayuntamiento"}]},{"@type":"WebSite","@id":"https:\/\/www.caudete.org\/ayuntamiento\/#website","url":"https:\/\/www.caudete.org\/ayuntamiento\/","name":"MI Ayuntamiento de Caudete","description":"P\u00e1gina Oficial del MI Ayuntamiento de Caudete","potentialAction":[{"@type":"SearchAction","target":{"@type":"EntryPoint","urlTemplate":"https:\/\/www.caudete.org\/ayuntamiento\/?s={search_term_string}"},"query-input":{"@type":"PropertyValueSpecification","valueRequired":true,"valueName":"search_term_string"}}],"inLanguage":"es"},{"@type":"Person","@id":"https:\/\/www.caudete.org\/ayuntamiento\/#\/schema\/person\/abfa5ffd5010a14e078c21e6e61b6291","name":"informatica2","image":{"@type":"ImageObject","inLanguage":"es","@id":"https:\/\/secure.gravatar.com\/avatar\/b089890ff033a3e4d03eec00ecb5a14425217205c513f60ec32ebeaaeb5fa700?s=96&d=mm&r=g","url":"https:\/\/secure.gravatar.com\/avatar\/b089890ff033a3e4d03eec00ecb5a14425217205c513f60ec32ebeaaeb5fa700?s=96&d=mm&r=g","contentUrl":"https:\/\/secure.gravatar.com\/avatar\/b089890ff033a3e4d03eec00ecb5a14425217205c513f60ec32ebeaaeb5fa700?s=96&d=mm&r=g","caption":"informatica2"},"url":"https:\/\/www.caudete.org\/ayuntamiento\/author\/informatica2\/"}]}},"_links":{"self":[{"href":"https:\/\/www.caudete.org\/ayuntamiento\/wp-json\/wp\/v2\/posts\/30042","targetHints":{"allow":["GET"]}}],"collection":[{"href":"https:\/\/www.caudete.org\/ayuntamiento\/wp-json\/wp\/v2\/posts"}],"about":[{"href":"https:\/\/www.caudete.org\/ayuntamiento\/wp-json\/wp\/v2\/types\/post"}],"author":[{"embeddable":true,"href":"https:\/\/www.caudete.org\/ayuntamiento\/wp-json\/wp\/v2\/users\/6"}],"replies":[{"embeddable":true,"href":"https:\/\/www.caudete.org\/ayuntamiento\/wp-json\/wp\/v2\/comments?post=30042"}],"version-history":[{"count":1,"href":"https:\/\/www.caudete.org\/ayuntamiento\/wp-json\/wp\/v2\/posts\/30042\/revisions"}],"predecessor-version":[{"id":30044,"href":"https:\/\/www.caudete.org\/ayuntamiento\/wp-json\/wp\/v2\/posts\/30042\/revisions\/30044"}],"wp:featuredmedia":[{"embeddable":true,"href":"https:\/\/www.caudete.org\/ayuntamiento\/wp-json\/wp\/v2\/media\/30043"}],"wp:attachment":[{"href":"https:\/\/www.caudete.org\/ayuntamiento\/wp-json\/wp\/v2\/media?parent=30042"}],"wp:term":[{"taxonomy":"category","embeddable":true,"href":"https:\/\/www.caudete.org\/ayuntamiento\/wp-json\/wp\/v2\/categories?post=30042"},{"taxonomy":"post_tag","embeddable":true,"href":"https:\/\/www.caudete.org\/ayuntamiento\/wp-json\/wp\/v2\/tags?post=30042"}],"curies":[{"name":"wp","href":"https:\/\/api.w.org\/{rel}","templated":true}]}}