{"id":30088,"date":"2025-08-11T08:00:28","date_gmt":"2025-08-11T06:00:28","guid":{"rendered":"https:\/\/www.caudete.org\/ayuntamiento\/?p=30088"},"modified":"2025-08-08T10:08:56","modified_gmt":"2025-08-08T08:08:56","slug":"el-mercadillo-ambulante-del-15-de-agosto-se-mantiene-en-su-fecha-habitual-a-pesar-de-ser-festivo","status":"publish","type":"post","link":"https:\/\/www.caudete.org\/ayuntamiento\/el-mercadillo-ambulante-del-15-de-agosto-se-mantiene-en-su-fecha-habitual-a-pesar-de-ser-festivo\/","title":{"rendered":"El mercadillo ambulante del 15 de agosto se mantiene en su fecha habitual, a pesar de ser festivo"},"content":{"rendered":"<p style=\"text-align: justify;\" data-start=\"123\" data-end=\"397\">Desde la Concejal\u00eda de Comercio y Mercados del M.I. Ayuntamiento de Caudete se informa a la ciudadan\u00eda que el mercadillo ambulante previsto para el viernes 15 de agosto de 2025, festividad de la Asunci\u00f3n de la Virgen, <strong data-start=\"340\" data-end=\"396\">se celebrar\u00e1 con total normalidad en su d\u00eda habitual<\/strong>.<\/p>\n<p style=\"text-align: justify;\" data-start=\"399\" data-end=\"966\">Esta decisi\u00f3n se ha tomado con el objetivo de <strong data-start=\"445\" data-end=\"487\">favorecer la actividad comercial local<\/strong> y contribuir al dinamismo econ\u00f3mico del municipio. Al mantener el mercadillo en d\u00eda festivo, <strong data-start=\"581\" data-end=\"656\">se evita que los vecinos salgan fuera de Caudete a realizar sus compras<\/strong>, promoviendo as\u00ed que <strong data-start=\"678\" data-end=\"803\">acudan a los establecimientos hosteleros del municipio para tomar algo, paseen por nuestras calles y realicen sus compras<\/strong> en los distintos puestos del mercadillo, muchos de los cuales ofrecen productos \u00fatiles y necesarios para los d\u00edas previos a las fiestas de <strong data-start=\"943\" data-end=\"965\">Moros y Cristianos<\/strong>.<\/p>\n<p style=\"text-align: justify;\" data-start=\"968\" data-end=\"1175\">Adem\u00e1s, esta medida permite que <strong data-start=\"1000\" data-end=\"1088\">personas que por motivos laborales no pueden acudir al mercadillo en d\u00edas laborables<\/strong> tengan la oportunidad de disfrutarlo y aprovechar sus ofertas y variedad de productos.<\/p>\n<p style=\"text-align: justify;\" data-start=\"1177\" data-end=\"1342\">Desde esta Concejal\u00eda se anima a toda la poblaci\u00f3n a participar en este d\u00eda, contribuyendo as\u00ed al impulso del peque\u00f1o comercio y a la dinamizaci\u00f3n social de Caudete.<\/p>\n","protected":false},"excerpt":{"rendered":"<p>Desde la Concejal\u00eda de Comercio y Mercados del M.I. Ayuntamiento de Caudete se informa a la ciudadan\u00eda que el mercadillo ambulante previsto para el viernes 15 de agosto de 2025, festividad de la Asunci\u00f3n de la Virgen, se celebrar\u00e1 con total normalidad en su d\u00eda habitual. Esta decisi\u00f3n se ha tomado con el objetivo de &hellip;<\/p>\n","protected":false},"author":6,"featured_media":24714,"comment_status":"closed","ping_status":"open","sticky":false,"template":"","format":"standard","meta":{"ngg_post_thumbnail":0,"footnotes":""},"categories":[42],"tags":[],"class_list":["post-30088","post","type-post","status-publish","format-standard","has-post-thumbnail","hentry","category-comercio"],"yoast_head":"<!-- This site is optimized with the Yoast SEO plugin v27.5 - https:\/\/yoast.com\/product\/yoast-seo-wordpress\/ -->\n<title>El mercadillo ambulante del 15 de agosto se mantiene en su fecha habitual, a pesar de ser festivo - MI Ayuntamiento de Caudete<\/title>\n<meta name=\"description\" content=\"P\u00e1gina Oficial del Ayuntamiento de Caudete (Albacete)\" \/>\n<meta name=\"robots\" content=\"index, follow, max-snippet:-1, max-image-preview:large, max-video-preview:-1\" \/>\n<link rel=\"canonical\" href=\"https:\/\/www.caudete.org\/ayuntamiento\/el-mercadillo-ambulante-del-15-de-agosto-se-mantiene-en-su-fecha-habitual-a-pesar-de-ser-festivo\/\" \/>\n<meta property=\"og:locale\" content=\"es_ES\" \/>\n<meta property=\"og:type\" content=\"article\" \/>\n<meta property=\"og:title\" content=\"El mercadillo ambulante del 15 de agosto se mantiene en su fecha habitual, a pesar de ser festivo - MI Ayuntamiento de Caudete\" \/>\n<meta property=\"og:description\" content=\"P\u00e1gina Oficial del Ayuntamiento de Caudete (Albacete)\" \/>\n<meta property=\"og:url\" content=\"https:\/\/www.caudete.org\/ayuntamiento\/el-mercadillo-ambulante-del-15-de-agosto-se-mantiene-en-su-fecha-habitual-a-pesar-de-ser-festivo\/\" \/>\n<meta property=\"og:site_name\" content=\"MI Ayuntamiento de Caudete\" \/>\n<meta property=\"article:publisher\" content=\"https:\/\/www.facebook.com\/ayuntamientocaudete\/\" \/>\n<meta property=\"article:published_time\" content=\"2025-08-11T06:00:28+00:00\" \/>\n<meta property=\"og:image\" content=\"https:\/\/www.caudete.org\/ayuntamiento\/wp-content\/uploads\/2024\/03\/mercadillo2.jpg\" \/>\n\t<meta property=\"og:image:width\" content=\"1920\" \/>\n\t<meta property=\"og:image:height\" content=\"958\" \/>\n\t<meta property=\"og:image:type\" content=\"image\/jpeg\" \/>\n<meta name=\"author\" content=\"informatica2\" \/>\n<meta name=\"twitter:card\" content=\"summary_large_image\" \/>\n<meta name=\"twitter:label1\" content=\"Escrito por\" \/>\n\t<meta name=\"twitter:data1\" content=\"informatica2\" \/>\n\t<meta name=\"twitter:label2\" content=\"Tiempo de lectura\" \/>\n\t<meta name=\"twitter:data2\" content=\"2 minutos\" \/>\n<script type=\"application\/ld+json\" class=\"yoast-schema-graph\">{\"@context\":\"https:\\\/\\\/schema.org\",\"@graph\":[{\"@type\":\"Article\",\"@id\":\"https:\\\/\\\/www.caudete.org\\\/ayuntamiento\\\/el-mercadillo-ambulante-del-15-de-agosto-se-mantiene-en-su-fecha-habitual-a-pesar-de-ser-festivo\\\/#article\",\"isPartOf\":{\"@id\":\"https:\\\/\\\/www.caudete.org\\\/ayuntamiento\\\/el-mercadillo-ambulante-del-15-de-agosto-se-mantiene-en-su-fecha-habitual-a-pesar-de-ser-festivo\\\/\"},\"author\":{\"name\":\"informatica2\",\"@id\":\"https:\\\/\\\/www.caudete.org\\\/ayuntamiento\\\/#\\\/schema\\\/person\\\/abfa5ffd5010a14e078c21e6e61b6291\"},\"headline\":\"El mercadillo ambulante del 15 de agosto se mantiene en su fecha habitual, a pesar de ser festivo\",\"datePublished\":\"2025-08-11T06:00:28+00:00\",\"mainEntityOfPage\":{\"@id\":\"https:\\\/\\\/www.caudete.org\\\/ayuntamiento\\\/el-mercadillo-ambulante-del-15-de-agosto-se-mantiene-en-su-fecha-habitual-a-pesar-de-ser-festivo\\\/\"},\"wordCount\":224,\"image\":{\"@id\":\"https:\\\/\\\/www.caudete.org\\\/ayuntamiento\\\/el-mercadillo-ambulante-del-15-de-agosto-se-mantiene-en-su-fecha-habitual-a-pesar-de-ser-festivo\\\/#primaryimage\"},\"thumbnailUrl\":\"https:\\\/\\\/www.caudete.org\\\/ayuntamiento\\\/wp-content\\\/uploads\\\/2024\\\/03\\\/mercadillo2.jpg\",\"articleSection\":[\"Comercio\"],\"inLanguage\":\"es\"},{\"@type\":\"WebPage\",\"@id\":\"https:\\\/\\\/www.caudete.org\\\/ayuntamiento\\\/el-mercadillo-ambulante-del-15-de-agosto-se-mantiene-en-su-fecha-habitual-a-pesar-de-ser-festivo\\\/\",\"url\":\"https:\\\/\\\/www.caudete.org\\\/ayuntamiento\\\/el-mercadillo-ambulante-del-15-de-agosto-se-mantiene-en-su-fecha-habitual-a-pesar-de-ser-festivo\\\/\",\"name\":\"El mercadillo ambulante del 15 de agosto se mantiene en su fecha habitual, a pesar de ser festivo - MI Ayuntamiento de Caudete\",\"isPartOf\":{\"@id\":\"https:\\\/\\\/www.caudete.org\\\/ayuntamiento\\\/#website\"},\"primaryImageOfPage\":{\"@id\":\"https:\\\/\\\/www.caudete.org\\\/ayuntamiento\\\/el-mercadillo-ambulante-del-15-de-agosto-se-mantiene-en-su-fecha-habitual-a-pesar-de-ser-festivo\\\/#primaryimage\"},\"image\":{\"@id\":\"https:\\\/\\\/www.caudete.org\\\/ayuntamiento\\\/el-mercadillo-ambulante-del-15-de-agosto-se-mantiene-en-su-fecha-habitual-a-pesar-de-ser-festivo\\\/#primaryimage\"},\"thumbnailUrl\":\"https:\\\/\\\/www.caudete.org\\\/ayuntamiento\\\/wp-content\\\/uploads\\\/2024\\\/03\\\/mercadillo2.jpg\",\"datePublished\":\"2025-08-11T06:00:28+00:00\",\"author\":{\"@id\":\"https:\\\/\\\/www.caudete.org\\\/ayuntamiento\\\/#\\\/schema\\\/person\\\/abfa5ffd5010a14e078c21e6e61b6291\"},\"description\":\"P\u00e1gina Oficial del Ayuntamiento de Caudete (Albacete)\",\"breadcrumb\":{\"@id\":\"https:\\\/\\\/www.caudete.org\\\/ayuntamiento\\\/el-mercadillo-ambulante-del-15-de-agosto-se-mantiene-en-su-fecha-habitual-a-pesar-de-ser-festivo\\\/#breadcrumb\"},\"inLanguage\":\"es\",\"potentialAction\":[{\"@type\":\"ReadAction\",\"target\":[\"https:\\\/\\\/www.caudete.org\\\/ayuntamiento\\\/el-mercadillo-ambulante-del-15-de-agosto-se-mantiene-en-su-fecha-habitual-a-pesar-de-ser-festivo\\\/\"]}]},{\"@type\":\"ImageObject\",\"inLanguage\":\"es\",\"@id\":\"https:\\\/\\\/www.caudete.org\\\/ayuntamiento\\\/el-mercadillo-ambulante-del-15-de-agosto-se-mantiene-en-su-fecha-habitual-a-pesar-de-ser-festivo\\\/#primaryimage\",\"url\":\"https:\\\/\\\/www.caudete.org\\\/ayuntamiento\\\/wp-content\\\/uploads\\\/2024\\\/03\\\/mercadillo2.jpg\",\"contentUrl\":\"https:\\\/\\\/www.caudete.org\\\/ayuntamiento\\\/wp-content\\\/uploads\\\/2024\\\/03\\\/mercadillo2.jpg\",\"width\":1920,\"height\":958},{\"@type\":\"BreadcrumbList\",\"@id\":\"https:\\\/\\\/www.caudete.org\\\/ayuntamiento\\\/el-mercadillo-ambulante-del-15-de-agosto-se-mantiene-en-su-fecha-habitual-a-pesar-de-ser-festivo\\\/#breadcrumb\",\"itemListElement\":[{\"@type\":\"ListItem\",\"position\":1,\"name\":\"Inicio\",\"item\":\"https:\\\/\\\/www.caudete.org\\\/ayuntamiento\\\/\"},{\"@type\":\"ListItem\",\"position\":2,\"name\":\"El mercadillo ambulante del 15 de agosto se mantiene en su fecha habitual, a pesar de ser festivo\"}]},{\"@type\":\"WebSite\",\"@id\":\"https:\\\/\\\/www.caudete.org\\\/ayuntamiento\\\/#website\",\"url\":\"https:\\\/\\\/www.caudete.org\\\/ayuntamiento\\\/\",\"name\":\"MI Ayuntamiento de Caudete\",\"description\":\"P\u00e1gina Oficial del MI Ayuntamiento de Caudete\",\"potentialAction\":[{\"@type\":\"SearchAction\",\"target\":{\"@type\":\"EntryPoint\",\"urlTemplate\":\"https:\\\/\\\/www.caudete.org\\\/ayuntamiento\\\/?s={search_term_string}\"},\"query-input\":{\"@type\":\"PropertyValueSpecification\",\"valueRequired\":true,\"valueName\":\"search_term_string\"}}],\"inLanguage\":\"es\"},{\"@type\":\"Person\",\"@id\":\"https:\\\/\\\/www.caudete.org\\\/ayuntamiento\\\/#\\\/schema\\\/person\\\/abfa5ffd5010a14e078c21e6e61b6291\",\"name\":\"informatica2\",\"image\":{\"@type\":\"ImageObject\",\"inLanguage\":\"es\",\"@id\":\"https:\\\/\\\/secure.gravatar.com\\\/avatar\\\/b089890ff033a3e4d03eec00ecb5a14425217205c513f60ec32ebeaaeb5fa700?s=96&d=mm&r=g\",\"url\":\"https:\\\/\\\/secure.gravatar.com\\\/avatar\\\/b089890ff033a3e4d03eec00ecb5a14425217205c513f60ec32ebeaaeb5fa700?s=96&d=mm&r=g\",\"contentUrl\":\"https:\\\/\\\/secure.gravatar.com\\\/avatar\\\/b089890ff033a3e4d03eec00ecb5a14425217205c513f60ec32ebeaaeb5fa700?s=96&d=mm&r=g\",\"caption\":\"informatica2\"},\"url\":\"https:\\\/\\\/www.caudete.org\\\/ayuntamiento\\\/author\\\/informatica2\\\/\"}]}<\/script>\n<!-- \/ Yoast SEO plugin. -->","yoast_head_json":{"title":"El mercadillo ambulante del 15 de agosto se mantiene en su fecha habitual, a pesar de ser festivo - MI Ayuntamiento de Caudete","description":"P\u00e1gina Oficial del Ayuntamiento de Caudete (Albacete)","robots":{"index":"index","follow":"follow","max-snippet":"max-snippet:-1","max-image-preview":"max-image-preview:large","max-video-preview":"max-video-preview:-1"},"canonical":"https:\/\/www.caudete.org\/ayuntamiento\/el-mercadillo-ambulante-del-15-de-agosto-se-mantiene-en-su-fecha-habitual-a-pesar-de-ser-festivo\/","og_locale":"es_ES","og_type":"article","og_title":"El mercadillo ambulante del 15 de agosto se mantiene en su fecha habitual, a pesar de ser festivo - MI Ayuntamiento de Caudete","og_description":"P\u00e1gina Oficial del Ayuntamiento de Caudete (Albacete)","og_url":"https:\/\/www.caudete.org\/ayuntamiento\/el-mercadillo-ambulante-del-15-de-agosto-se-mantiene-en-su-fecha-habitual-a-pesar-de-ser-festivo\/","og_site_name":"MI Ayuntamiento de Caudete","article_publisher":"https:\/\/www.facebook.com\/ayuntamientocaudete\/","article_published_time":"2025-08-11T06:00:28+00:00","og_image":[{"width":1920,"height":958,"url":"https:\/\/www.caudete.org\/ayuntamiento\/wp-content\/uploads\/2024\/03\/mercadillo2.jpg","type":"image\/jpeg"}],"author":"informatica2","twitter_card":"summary_large_image","twitter_misc":{"Escrito por":"informatica2","Tiempo de lectura":"2 minutos"},"schema":{"@context":"https:\/\/schema.org","@graph":[{"@type":"Article","@id":"https:\/\/www.caudete.org\/ayuntamiento\/el-mercadillo-ambulante-del-15-de-agosto-se-mantiene-en-su-fecha-habitual-a-pesar-de-ser-festivo\/#article","isPartOf":{"@id":"https:\/\/www.caudete.org\/ayuntamiento\/el-mercadillo-ambulante-del-15-de-agosto-se-mantiene-en-su-fecha-habitual-a-pesar-de-ser-festivo\/"},"author":{"name":"informatica2","@id":"https:\/\/www.caudete.org\/ayuntamiento\/#\/schema\/person\/abfa5ffd5010a14e078c21e6e61b6291"},"headline":"El mercadillo ambulante del 15 de agosto se mantiene en su fecha habitual, a pesar de ser festivo","datePublished":"2025-08-11T06:00:28+00:00","mainEntityOfPage":{"@id":"https:\/\/www.caudete.org\/ayuntamiento\/el-mercadillo-ambulante-del-15-de-agosto-se-mantiene-en-su-fecha-habitual-a-pesar-de-ser-festivo\/"},"wordCount":224,"image":{"@id":"https:\/\/www.caudete.org\/ayuntamiento\/el-mercadillo-ambulante-del-15-de-agosto-se-mantiene-en-su-fecha-habitual-a-pesar-de-ser-festivo\/#primaryimage"},"thumbnailUrl":"https:\/\/www.caudete.org\/ayuntamiento\/wp-content\/uploads\/2024\/03\/mercadillo2.jpg","articleSection":["Comercio"],"inLanguage":"es"},{"@type":"WebPage","@id":"https:\/\/www.caudete.org\/ayuntamiento\/el-mercadillo-ambulante-del-15-de-agosto-se-mantiene-en-su-fecha-habitual-a-pesar-de-ser-festivo\/","url":"https:\/\/www.caudete.org\/ayuntamiento\/el-mercadillo-ambulante-del-15-de-agosto-se-mantiene-en-su-fecha-habitual-a-pesar-de-ser-festivo\/","name":"El mercadillo ambulante del 15 de agosto se mantiene en su fecha habitual, a pesar de ser festivo - MI Ayuntamiento de Caudete","isPartOf":{"@id":"https:\/\/www.caudete.org\/ayuntamiento\/#website"},"primaryImageOfPage":{"@id":"https:\/\/www.caudete.org\/ayuntamiento\/el-mercadillo-ambulante-del-15-de-agosto-se-mantiene-en-su-fecha-habitual-a-pesar-de-ser-festivo\/#primaryimage"},"image":{"@id":"https:\/\/www.caudete.org\/ayuntamiento\/el-mercadillo-ambulante-del-15-de-agosto-se-mantiene-en-su-fecha-habitual-a-pesar-de-ser-festivo\/#primaryimage"},"thumbnailUrl":"https:\/\/www.caudete.org\/ayuntamiento\/wp-content\/uploads\/2024\/03\/mercadillo2.jpg","datePublished":"2025-08-11T06:00:28+00:00","author":{"@id":"https:\/\/www.caudete.org\/ayuntamiento\/#\/schema\/person\/abfa5ffd5010a14e078c21e6e61b6291"},"description":"P\u00e1gina Oficial del Ayuntamiento de Caudete (Albacete)","breadcrumb":{"@id":"https:\/\/www.caudete.org\/ayuntamiento\/el-mercadillo-ambulante-del-15-de-agosto-se-mantiene-en-su-fecha-habitual-a-pesar-de-ser-festivo\/#breadcrumb"},"inLanguage":"es","potentialAction":[{"@type":"ReadAction","target":["https:\/\/www.caudete.org\/ayuntamiento\/el-mercadillo-ambulante-del-15-de-agosto-se-mantiene-en-su-fecha-habitual-a-pesar-de-ser-festivo\/"]}]},{"@type":"ImageObject","inLanguage":"es","@id":"https:\/\/www.caudete.org\/ayuntamiento\/el-mercadillo-ambulante-del-15-de-agosto-se-mantiene-en-su-fecha-habitual-a-pesar-de-ser-festivo\/#primaryimage","url":"https:\/\/www.caudete.org\/ayuntamiento\/wp-content\/uploads\/2024\/03\/mercadillo2.jpg","contentUrl":"https:\/\/www.caudete.org\/ayuntamiento\/wp-content\/uploads\/2024\/03\/mercadillo2.jpg","width":1920,"height":958},{"@type":"BreadcrumbList","@id":"https:\/\/www.caudete.org\/ayuntamiento\/el-mercadillo-ambulante-del-15-de-agosto-se-mantiene-en-su-fecha-habitual-a-pesar-de-ser-festivo\/#breadcrumb","itemListElement":[{"@type":"ListItem","position":1,"name":"Inicio","item":"https:\/\/www.caudete.org\/ayuntamiento\/"},{"@type":"ListItem","position":2,"name":"El mercadillo ambulante del 15 de agosto se mantiene en su fecha habitual, a pesar de ser festivo"}]},{"@type":"WebSite","@id":"https:\/\/www.caudete.org\/ayuntamiento\/#website","url":"https:\/\/www.caudete.org\/ayuntamiento\/","name":"MI Ayuntamiento de Caudete","description":"P\u00e1gina Oficial del MI Ayuntamiento de Caudete","potentialAction":[{"@type":"SearchAction","target":{"@type":"EntryPoint","urlTemplate":"https:\/\/www.caudete.org\/ayuntamiento\/?s={search_term_string}"},"query-input":{"@type":"PropertyValueSpecification","valueRequired":true,"valueName":"search_term_string"}}],"inLanguage":"es"},{"@type":"Person","@id":"https:\/\/www.caudete.org\/ayuntamiento\/#\/schema\/person\/abfa5ffd5010a14e078c21e6e61b6291","name":"informatica2","image":{"@type":"ImageObject","inLanguage":"es","@id":"https:\/\/secure.gravatar.com\/avatar\/b089890ff033a3e4d03eec00ecb5a14425217205c513f60ec32ebeaaeb5fa700?s=96&d=mm&r=g","url":"https:\/\/secure.gravatar.com\/avatar\/b089890ff033a3e4d03eec00ecb5a14425217205c513f60ec32ebeaaeb5fa700?s=96&d=mm&r=g","contentUrl":"https:\/\/secure.gravatar.com\/avatar\/b089890ff033a3e4d03eec00ecb5a14425217205c513f60ec32ebeaaeb5fa700?s=96&d=mm&r=g","caption":"informatica2"},"url":"https:\/\/www.caudete.org\/ayuntamiento\/author\/informatica2\/"}]}},"_links":{"self":[{"href":"https:\/\/www.caudete.org\/ayuntamiento\/wp-json\/wp\/v2\/posts\/30088","targetHints":{"allow":["GET"]}}],"collection":[{"href":"https:\/\/www.caudete.org\/ayuntamiento\/wp-json\/wp\/v2\/posts"}],"about":[{"href":"https:\/\/www.caudete.org\/ayuntamiento\/wp-json\/wp\/v2\/types\/post"}],"author":[{"embeddable":true,"href":"https:\/\/www.caudete.org\/ayuntamiento\/wp-json\/wp\/v2\/users\/6"}],"replies":[{"embeddable":true,"href":"https:\/\/www.caudete.org\/ayuntamiento\/wp-json\/wp\/v2\/comments?post=30088"}],"version-history":[{"count":1,"href":"https:\/\/www.caudete.org\/ayuntamiento\/wp-json\/wp\/v2\/posts\/30088\/revisions"}],"predecessor-version":[{"id":30089,"href":"https:\/\/www.caudete.org\/ayuntamiento\/wp-json\/wp\/v2\/posts\/30088\/revisions\/30089"}],"wp:featuredmedia":[{"embeddable":true,"href":"https:\/\/www.caudete.org\/ayuntamiento\/wp-json\/wp\/v2\/media\/24714"}],"wp:attachment":[{"href":"https:\/\/www.caudete.org\/ayuntamiento\/wp-json\/wp\/v2\/media?parent=30088"}],"wp:term":[{"taxonomy":"category","embeddable":true,"href":"https:\/\/www.caudete.org\/ayuntamiento\/wp-json\/wp\/v2\/categories?post=30088"},{"taxonomy":"post_tag","embeddable":true,"href":"https:\/\/www.caudete.org\/ayuntamiento\/wp-json\/wp\/v2\/tags?post=30088"}],"curies":[{"name":"wp","href":"https:\/\/api.w.org\/{rel}","templated":true}]}}