{"id":30150,"date":"2025-08-11T19:49:16","date_gmt":"2025-08-11T17:49:16","guid":{"rendered":"https:\/\/www.caudete.org\/ayuntamiento\/?p=30150"},"modified":"2025-08-12T11:50:18","modified_gmt":"2025-08-12T09:50:18","slug":"servicio-de-control-de-plagas","status":"publish","type":"post","link":"https:\/\/www.caudete.org\/ayuntamiento\/servicio-de-control-de-plagas\/","title":{"rendered":"Servicio de control de plagas"},"content":{"rendered":"<hr data-start=\"102\" data-end=\"105\" \/>\n<p style=\"text-align: justify;\" data-start=\"239\" data-end=\"560\">Desde la Concejal\u00eda de Medio Ambiente del M.I Ayuntamiento de Caudete, informamos a la ciudadan\u00eda que, dentro del marco del <strong data-start=\"363\" data-end=\"396\">Servicio de Gesti\u00f3n de Plagas<\/strong> contratado por la Diputaci\u00f3n de Albacete, la empresa especializada <strong data-start=\"464\" data-end=\"482\">LOK\u00cdMICA, S.A.<\/strong> llevar\u00e1 a cabo un nuevo tratamiento contra cucarachas en nuestro municipio.<\/p>\n<p style=\"text-align: justify;\" data-start=\"562\" data-end=\"731\">Las actuaciones reforzadas de desinfecci\u00f3n, desratizaci\u00f3n y desparasitaci\u00f3n est\u00e1n previstas para ma\u00f1ana, <strong data-start=\"667\" data-end=\"698\">martes 12 de agosto de 2025<\/strong>, en todo el t\u00e9rmino municipal.<\/p>\n<p style=\"text-align: justify;\" data-start=\"733\" data-end=\"812\">De manera especial, se reforzar\u00e1n las intervenciones en las siguientes zonas:<\/p>\n<ul>\n<li data-start=\"813\" data-end=\"847\">\n<p data-start=\"815\" data-end=\"847\">Calle Dean Mart\u00ednez, n\u00famero 16<\/p>\n<\/li>\n<li data-start=\"848\" data-end=\"890\">\n<p data-start=\"850\" data-end=\"890\">Calle Antonio Atleta Amor\u00f3s, n\u00famero 32<\/p>\n<\/li>\n<li data-start=\"891\" data-end=\"926\">\n<p data-start=\"893\" data-end=\"926\">Calle Jos\u00e9 Ruiz Ruiz, n\u00famero 14<\/p>\n<\/li>\n<li data-start=\"927\" data-end=\"952\">\n<p data-start=\"929\" data-end=\"952\">Calle Miguel Mart\u00ednez<\/p>\n<\/li>\n<li style=\"text-align: justify;\" data-start=\"954\" data-end=\"988\">Entre otras \u00e1reas de riesgo.<\/li>\n<\/ul>\n<p style=\"text-align: justify;\" data-start=\"990\" data-end=\"1215\">Queremos destacar que la previsi\u00f3n y planificaci\u00f3n realizadas desde el Departamento de Medio Ambiente, las incidencias registradas este a\u00f1o han sido <strong data-start=\"1188\" data-end=\"1212\">notablemente menores<\/strong>.<\/p>\n<p style=\"text-align: justify;\" data-start=\"1217\" data-end=\"1428\">La ejecuci\u00f3n de tratamientos preventivos en las zonas controladas, realizados antes de la eclosi\u00f3n de las liendres, ha sido clave para minimizar la presencia de plagas y evitar mayores molestias a los vecinos.<\/p>\n<p style=\"text-align: justify;\" data-start=\"1430\" data-end=\"1581\">Con este esfuerzo continuado, desde la Concejal\u00eda reafirmamos nuestro compromiso de mantener un entorno limpio y saludable para todos los caudetanos.<\/p>\n<p data-start=\"1583\" data-end=\"1672\"><strong>Francisco Jos\u00e9 Castell\u00f3<\/strong><br data-start=\"1610\" data-end=\"1613\" \/><strong>Concejal de Medio Ambiente<\/strong><br data-start=\"1639\" data-end=\"1642\" \/><strong>M.I. Ayuntamiento de Caudete<\/strong><\/p>\n","protected":false},"excerpt":{"rendered":"<p>Desde la Concejal\u00eda de Medio Ambiente del M.I Ayuntamiento de Caudete, informamos a la ciudadan\u00eda que, dentro del marco del Servicio de Gesti\u00f3n de Plagas contratado por la Diputaci\u00f3n de Albacete, la empresa especializada LOK\u00cdMICA, S.A. llevar\u00e1 a cabo un nuevo tratamiento contra cucarachas en nuestro municipio. Las actuaciones reforzadas de desinfecci\u00f3n, desratizaci\u00f3n y desparasitaci\u00f3n &hellip;<\/p>\n","protected":false},"author":7,"featured_media":30151,"comment_status":"closed","ping_status":"open","sticky":false,"template":"","format":"standard","meta":{"ngg_post_thumbnail":0,"footnotes":""},"categories":[129],"tags":[],"class_list":["post-30150","post","type-post","status-publish","format-standard","has-post-thumbnail","hentry","category-medio-ambiente-2"],"yoast_head":"<!-- This site is optimized with the Yoast SEO plugin v27.5 - https:\/\/yoast.com\/product\/yoast-seo-wordpress\/ -->\n<title>Servicio de control de plagas - MI Ayuntamiento de Caudete<\/title>\n<meta name=\"description\" content=\"P\u00e1gina Oficial del Ayuntamiento de Caudete (Albacete)\" \/>\n<meta name=\"robots\" content=\"index, follow, max-snippet:-1, max-image-preview:large, max-video-preview:-1\" \/>\n<link rel=\"canonical\" href=\"https:\/\/www.caudete.org\/ayuntamiento\/servicio-de-control-de-plagas\/\" \/>\n<meta property=\"og:locale\" content=\"es_ES\" \/>\n<meta property=\"og:type\" content=\"article\" \/>\n<meta property=\"og:title\" content=\"Servicio de control de plagas - MI Ayuntamiento de Caudete\" \/>\n<meta property=\"og:description\" content=\"P\u00e1gina Oficial del Ayuntamiento de Caudete (Albacete)\" \/>\n<meta property=\"og:url\" content=\"https:\/\/www.caudete.org\/ayuntamiento\/servicio-de-control-de-plagas\/\" \/>\n<meta property=\"og:site_name\" content=\"MI Ayuntamiento de Caudete\" \/>\n<meta property=\"article:publisher\" content=\"https:\/\/www.facebook.com\/ayuntamientocaudete\/\" \/>\n<meta property=\"article:published_time\" content=\"2025-08-11T17:49:16+00:00\" \/>\n<meta property=\"article:modified_time\" content=\"2025-08-12T09:50:18+00:00\" \/>\n<meta property=\"og:image\" content=\"https:\/\/www.caudete.org\/ayuntamiento\/wp-content\/uploads\/2025\/08\/foto-desinfreccion.jpg\" \/>\n\t<meta property=\"og:image:width\" content=\"864\" \/>\n\t<meta property=\"og:image:height\" content=\"380\" \/>\n\t<meta property=\"og:image:type\" content=\"image\/jpeg\" \/>\n<meta name=\"author\" content=\"ConceMediosComunicacion\" \/>\n<meta name=\"twitter:card\" content=\"summary_large_image\" \/>\n<meta name=\"twitter:label1\" content=\"Escrito por\" \/>\n\t<meta name=\"twitter:data1\" content=\"ConceMediosComunicacion\" \/>\n\t<meta name=\"twitter:label2\" content=\"Tiempo de lectura\" \/>\n\t<meta name=\"twitter:data2\" content=\"2 minutos\" \/>\n<script type=\"application\/ld+json\" class=\"yoast-schema-graph\">{\"@context\":\"https:\\\/\\\/schema.org\",\"@graph\":[{\"@type\":\"Article\",\"@id\":\"https:\\\/\\\/www.caudete.org\\\/ayuntamiento\\\/servicio-de-control-de-plagas\\\/#article\",\"isPartOf\":{\"@id\":\"https:\\\/\\\/www.caudete.org\\\/ayuntamiento\\\/servicio-de-control-de-plagas\\\/\"},\"author\":{\"name\":\"ConceMediosComunicacion\",\"@id\":\"https:\\\/\\\/www.caudete.org\\\/ayuntamiento\\\/#\\\/schema\\\/person\\\/20dfe238fe5ee9d5f5e69267aa623e05\"},\"headline\":\"Servicio de control de plagas\",\"datePublished\":\"2025-08-11T17:49:16+00:00\",\"dateModified\":\"2025-08-12T09:50:18+00:00\",\"mainEntityOfPage\":{\"@id\":\"https:\\\/\\\/www.caudete.org\\\/ayuntamiento\\\/servicio-de-control-de-plagas\\\/\"},\"wordCount\":221,\"image\":{\"@id\":\"https:\\\/\\\/www.caudete.org\\\/ayuntamiento\\\/servicio-de-control-de-plagas\\\/#primaryimage\"},\"thumbnailUrl\":\"https:\\\/\\\/www.caudete.org\\\/ayuntamiento\\\/wp-content\\\/uploads\\\/2025\\\/08\\\/foto-desinfreccion.jpg\",\"articleSection\":[\"Medio Ambiente -\"],\"inLanguage\":\"es\"},{\"@type\":\"WebPage\",\"@id\":\"https:\\\/\\\/www.caudete.org\\\/ayuntamiento\\\/servicio-de-control-de-plagas\\\/\",\"url\":\"https:\\\/\\\/www.caudete.org\\\/ayuntamiento\\\/servicio-de-control-de-plagas\\\/\",\"name\":\"Servicio de control de plagas - MI Ayuntamiento de Caudete\",\"isPartOf\":{\"@id\":\"https:\\\/\\\/www.caudete.org\\\/ayuntamiento\\\/#website\"},\"primaryImageOfPage\":{\"@id\":\"https:\\\/\\\/www.caudete.org\\\/ayuntamiento\\\/servicio-de-control-de-plagas\\\/#primaryimage\"},\"image\":{\"@id\":\"https:\\\/\\\/www.caudete.org\\\/ayuntamiento\\\/servicio-de-control-de-plagas\\\/#primaryimage\"},\"thumbnailUrl\":\"https:\\\/\\\/www.caudete.org\\\/ayuntamiento\\\/wp-content\\\/uploads\\\/2025\\\/08\\\/foto-desinfreccion.jpg\",\"datePublished\":\"2025-08-11T17:49:16+00:00\",\"dateModified\":\"2025-08-12T09:50:18+00:00\",\"author\":{\"@id\":\"https:\\\/\\\/www.caudete.org\\\/ayuntamiento\\\/#\\\/schema\\\/person\\\/20dfe238fe5ee9d5f5e69267aa623e05\"},\"description\":\"P\u00e1gina Oficial del Ayuntamiento de Caudete (Albacete)\",\"breadcrumb\":{\"@id\":\"https:\\\/\\\/www.caudete.org\\\/ayuntamiento\\\/servicio-de-control-de-plagas\\\/#breadcrumb\"},\"inLanguage\":\"es\",\"potentialAction\":[{\"@type\":\"ReadAction\",\"target\":[\"https:\\\/\\\/www.caudete.org\\\/ayuntamiento\\\/servicio-de-control-de-plagas\\\/\"]}]},{\"@type\":\"ImageObject\",\"inLanguage\":\"es\",\"@id\":\"https:\\\/\\\/www.caudete.org\\\/ayuntamiento\\\/servicio-de-control-de-plagas\\\/#primaryimage\",\"url\":\"https:\\\/\\\/www.caudete.org\\\/ayuntamiento\\\/wp-content\\\/uploads\\\/2025\\\/08\\\/foto-desinfreccion.jpg\",\"contentUrl\":\"https:\\\/\\\/www.caudete.org\\\/ayuntamiento\\\/wp-content\\\/uploads\\\/2025\\\/08\\\/foto-desinfreccion.jpg\",\"width\":864,\"height\":380},{\"@type\":\"BreadcrumbList\",\"@id\":\"https:\\\/\\\/www.caudete.org\\\/ayuntamiento\\\/servicio-de-control-de-plagas\\\/#breadcrumb\",\"itemListElement\":[{\"@type\":\"ListItem\",\"position\":1,\"name\":\"Inicio\",\"item\":\"https:\\\/\\\/www.caudete.org\\\/ayuntamiento\\\/\"},{\"@type\":\"ListItem\",\"position\":2,\"name\":\"Servicio de control de plagas\"}]},{\"@type\":\"WebSite\",\"@id\":\"https:\\\/\\\/www.caudete.org\\\/ayuntamiento\\\/#website\",\"url\":\"https:\\\/\\\/www.caudete.org\\\/ayuntamiento\\\/\",\"name\":\"MI Ayuntamiento de Caudete\",\"description\":\"P\u00e1gina Oficial del MI Ayuntamiento de Caudete\",\"potentialAction\":[{\"@type\":\"SearchAction\",\"target\":{\"@type\":\"EntryPoint\",\"urlTemplate\":\"https:\\\/\\\/www.caudete.org\\\/ayuntamiento\\\/?s={search_term_string}\"},\"query-input\":{\"@type\":\"PropertyValueSpecification\",\"valueRequired\":true,\"valueName\":\"search_term_string\"}}],\"inLanguage\":\"es\"},{\"@type\":\"Person\",\"@id\":\"https:\\\/\\\/www.caudete.org\\\/ayuntamiento\\\/#\\\/schema\\\/person\\\/20dfe238fe5ee9d5f5e69267aa623e05\",\"name\":\"ConceMediosComunicacion\",\"image\":{\"@type\":\"ImageObject\",\"inLanguage\":\"es\",\"@id\":\"https:\\\/\\\/secure.gravatar.com\\\/avatar\\\/9d162043ba1cd4ab14413e29fdb3655bfccde37e65ca99013604f8d2a19c636d?s=96&d=mm&r=g\",\"url\":\"https:\\\/\\\/secure.gravatar.com\\\/avatar\\\/9d162043ba1cd4ab14413e29fdb3655bfccde37e65ca99013604f8d2a19c636d?s=96&d=mm&r=g\",\"contentUrl\":\"https:\\\/\\\/secure.gravatar.com\\\/avatar\\\/9d162043ba1cd4ab14413e29fdb3655bfccde37e65ca99013604f8d2a19c636d?s=96&d=mm&r=g\",\"caption\":\"ConceMediosComunicacion\"},\"url\":\"https:\\\/\\\/www.caudete.org\\\/ayuntamiento\\\/author\\\/concemedioscomunicacion\\\/\"}]}<\/script>\n<!-- \/ Yoast SEO plugin. -->","yoast_head_json":{"title":"Servicio de control de plagas - MI Ayuntamiento de Caudete","description":"P\u00e1gina Oficial del Ayuntamiento de Caudete (Albacete)","robots":{"index":"index","follow":"follow","max-snippet":"max-snippet:-1","max-image-preview":"max-image-preview:large","max-video-preview":"max-video-preview:-1"},"canonical":"https:\/\/www.caudete.org\/ayuntamiento\/servicio-de-control-de-plagas\/","og_locale":"es_ES","og_type":"article","og_title":"Servicio de control de plagas - MI Ayuntamiento de Caudete","og_description":"P\u00e1gina Oficial del Ayuntamiento de Caudete (Albacete)","og_url":"https:\/\/www.caudete.org\/ayuntamiento\/servicio-de-control-de-plagas\/","og_site_name":"MI Ayuntamiento de Caudete","article_publisher":"https:\/\/www.facebook.com\/ayuntamientocaudete\/","article_published_time":"2025-08-11T17:49:16+00:00","article_modified_time":"2025-08-12T09:50:18+00:00","og_image":[{"width":864,"height":380,"url":"https:\/\/www.caudete.org\/ayuntamiento\/wp-content\/uploads\/2025\/08\/foto-desinfreccion.jpg","type":"image\/jpeg"}],"author":"ConceMediosComunicacion","twitter_card":"summary_large_image","twitter_misc":{"Escrito por":"ConceMediosComunicacion","Tiempo de lectura":"2 minutos"},"schema":{"@context":"https:\/\/schema.org","@graph":[{"@type":"Article","@id":"https:\/\/www.caudete.org\/ayuntamiento\/servicio-de-control-de-plagas\/#article","isPartOf":{"@id":"https:\/\/www.caudete.org\/ayuntamiento\/servicio-de-control-de-plagas\/"},"author":{"name":"ConceMediosComunicacion","@id":"https:\/\/www.caudete.org\/ayuntamiento\/#\/schema\/person\/20dfe238fe5ee9d5f5e69267aa623e05"},"headline":"Servicio de control de plagas","datePublished":"2025-08-11T17:49:16+00:00","dateModified":"2025-08-12T09:50:18+00:00","mainEntityOfPage":{"@id":"https:\/\/www.caudete.org\/ayuntamiento\/servicio-de-control-de-plagas\/"},"wordCount":221,"image":{"@id":"https:\/\/www.caudete.org\/ayuntamiento\/servicio-de-control-de-plagas\/#primaryimage"},"thumbnailUrl":"https:\/\/www.caudete.org\/ayuntamiento\/wp-content\/uploads\/2025\/08\/foto-desinfreccion.jpg","articleSection":["Medio Ambiente -"],"inLanguage":"es"},{"@type":"WebPage","@id":"https:\/\/www.caudete.org\/ayuntamiento\/servicio-de-control-de-plagas\/","url":"https:\/\/www.caudete.org\/ayuntamiento\/servicio-de-control-de-plagas\/","name":"Servicio de control de plagas - MI Ayuntamiento de Caudete","isPartOf":{"@id":"https:\/\/www.caudete.org\/ayuntamiento\/#website"},"primaryImageOfPage":{"@id":"https:\/\/www.caudete.org\/ayuntamiento\/servicio-de-control-de-plagas\/#primaryimage"},"image":{"@id":"https:\/\/www.caudete.org\/ayuntamiento\/servicio-de-control-de-plagas\/#primaryimage"},"thumbnailUrl":"https:\/\/www.caudete.org\/ayuntamiento\/wp-content\/uploads\/2025\/08\/foto-desinfreccion.jpg","datePublished":"2025-08-11T17:49:16+00:00","dateModified":"2025-08-12T09:50:18+00:00","author":{"@id":"https:\/\/www.caudete.org\/ayuntamiento\/#\/schema\/person\/20dfe238fe5ee9d5f5e69267aa623e05"},"description":"P\u00e1gina Oficial del Ayuntamiento de Caudete (Albacete)","breadcrumb":{"@id":"https:\/\/www.caudete.org\/ayuntamiento\/servicio-de-control-de-plagas\/#breadcrumb"},"inLanguage":"es","potentialAction":[{"@type":"ReadAction","target":["https:\/\/www.caudete.org\/ayuntamiento\/servicio-de-control-de-plagas\/"]}]},{"@type":"ImageObject","inLanguage":"es","@id":"https:\/\/www.caudete.org\/ayuntamiento\/servicio-de-control-de-plagas\/#primaryimage","url":"https:\/\/www.caudete.org\/ayuntamiento\/wp-content\/uploads\/2025\/08\/foto-desinfreccion.jpg","contentUrl":"https:\/\/www.caudete.org\/ayuntamiento\/wp-content\/uploads\/2025\/08\/foto-desinfreccion.jpg","width":864,"height":380},{"@type":"BreadcrumbList","@id":"https:\/\/www.caudete.org\/ayuntamiento\/servicio-de-control-de-plagas\/#breadcrumb","itemListElement":[{"@type":"ListItem","position":1,"name":"Inicio","item":"https:\/\/www.caudete.org\/ayuntamiento\/"},{"@type":"ListItem","position":2,"name":"Servicio de control de plagas"}]},{"@type":"WebSite","@id":"https:\/\/www.caudete.org\/ayuntamiento\/#website","url":"https:\/\/www.caudete.org\/ayuntamiento\/","name":"MI Ayuntamiento de Caudete","description":"P\u00e1gina Oficial del MI Ayuntamiento de Caudete","potentialAction":[{"@type":"SearchAction","target":{"@type":"EntryPoint","urlTemplate":"https:\/\/www.caudete.org\/ayuntamiento\/?s={search_term_string}"},"query-input":{"@type":"PropertyValueSpecification","valueRequired":true,"valueName":"search_term_string"}}],"inLanguage":"es"},{"@type":"Person","@id":"https:\/\/www.caudete.org\/ayuntamiento\/#\/schema\/person\/20dfe238fe5ee9d5f5e69267aa623e05","name":"ConceMediosComunicacion","image":{"@type":"ImageObject","inLanguage":"es","@id":"https:\/\/secure.gravatar.com\/avatar\/9d162043ba1cd4ab14413e29fdb3655bfccde37e65ca99013604f8d2a19c636d?s=96&d=mm&r=g","url":"https:\/\/secure.gravatar.com\/avatar\/9d162043ba1cd4ab14413e29fdb3655bfccde37e65ca99013604f8d2a19c636d?s=96&d=mm&r=g","contentUrl":"https:\/\/secure.gravatar.com\/avatar\/9d162043ba1cd4ab14413e29fdb3655bfccde37e65ca99013604f8d2a19c636d?s=96&d=mm&r=g","caption":"ConceMediosComunicacion"},"url":"https:\/\/www.caudete.org\/ayuntamiento\/author\/concemedioscomunicacion\/"}]}},"_links":{"self":[{"href":"https:\/\/www.caudete.org\/ayuntamiento\/wp-json\/wp\/v2\/posts\/30150","targetHints":{"allow":["GET"]}}],"collection":[{"href":"https:\/\/www.caudete.org\/ayuntamiento\/wp-json\/wp\/v2\/posts"}],"about":[{"href":"https:\/\/www.caudete.org\/ayuntamiento\/wp-json\/wp\/v2\/types\/post"}],"author":[{"embeddable":true,"href":"https:\/\/www.caudete.org\/ayuntamiento\/wp-json\/wp\/v2\/users\/7"}],"replies":[{"embeddable":true,"href":"https:\/\/www.caudete.org\/ayuntamiento\/wp-json\/wp\/v2\/comments?post=30150"}],"version-history":[{"count":6,"href":"https:\/\/www.caudete.org\/ayuntamiento\/wp-json\/wp\/v2\/posts\/30150\/revisions"}],"predecessor-version":[{"id":30160,"href":"https:\/\/www.caudete.org\/ayuntamiento\/wp-json\/wp\/v2\/posts\/30150\/revisions\/30160"}],"wp:featuredmedia":[{"embeddable":true,"href":"https:\/\/www.caudete.org\/ayuntamiento\/wp-json\/wp\/v2\/media\/30151"}],"wp:attachment":[{"href":"https:\/\/www.caudete.org\/ayuntamiento\/wp-json\/wp\/v2\/media?parent=30150"}],"wp:term":[{"taxonomy":"category","embeddable":true,"href":"https:\/\/www.caudete.org\/ayuntamiento\/wp-json\/wp\/v2\/categories?post=30150"},{"taxonomy":"post_tag","embeddable":true,"href":"https:\/\/www.caudete.org\/ayuntamiento\/wp-json\/wp\/v2\/tags?post=30150"}],"curies":[{"name":"wp","href":"https:\/\/api.w.org\/{rel}","templated":true}]}}