{"id":30257,"date":"2025-08-15T11:14:09","date_gmt":"2025-08-15T09:14:09","guid":{"rendered":"https:\/\/www.caudete.org\/ayuntamiento\/?p=30257"},"modified":"2025-08-15T11:14:09","modified_gmt":"2025-08-15T09:14:09","slug":"la-mesa-de-movilidad-dictamina-el-corte-de-la-calle-el-mercado-durante-los-fines-de-semana-de-agosto","status":"publish","type":"post","link":"https:\/\/www.caudete.org\/ayuntamiento\/la-mesa-de-movilidad-dictamina-el-corte-de-la-calle-el-mercado-durante-los-fines-de-semana-de-agosto\/","title":{"rendered":"La Mesa de Movilidad dictamina el corte de la calle El Mercado durante los fines de semana de agosto"},"content":{"rendered":"<p>El Concejal de Movilidad Urbana, Mois\u00e9s L\u00f3pez, informa que la Calle del Mercado permanecer\u00e1 cortada al tr\u00e1fico los 3 fines de semana restantes del mes de agosto.<\/p>\n<p>La medida comprender\u00e1 el cierre a las 14.00h del viernes y la apertura a las 22.00h del domingo, buscando con ello la semipeatonalizacion de la calle, y con ello, favorecer la actividad de ocio, a la vez que dotar de seguridad a un espacio del municipio tan frecuentado y significativo por y para los caudetanos, como lo es el Paseo Luis Golf, Calle El Mercado y Plaza del Carmen.<\/p>\n<p>Esta acci\u00f3n cabe destacar que es llevada a cabo pr\u00e1cticamente todos los a\u00f1os en periodo estival, a petici\u00f3n de los establecimientos hosteleros de la zona, como en esta ocasi\u00f3n.<\/p>\n<p>No obstante, esta medida afecta a los vecinos de Calle El Mercado, Las Moreras y primer tramo de Calle El Molino, que ven dificultado el acceso a sus garajes seg\u00fan la ordenaci\u00f3n del tr\u00e1fico establecida. Para ello, quedan autorizados exclusivamente y como medida compensatoria para estos vecinos afectados y en los dias y horas fijados, el acceder por Calle El Molino desde Calle Padre Fray El\u00edas Requena hacia sus respectivos inmuebles. De hecho, existe la se\u00f1alizaci\u00f3n debida en el punto de acceso desde hace 3 a\u00f1os, pues ya ha sido puesta en pr\u00e1ctica la misma en ocasiones anteriores.<\/p>\n<p>La Mesa de Movilidad, reunida en el d\u00eda de ayer, entre otros asuntos abord\u00f3 esta petici\u00f3n, siendo dictaminada favorable por unanimidad de sus miembros, al considerar que se trata de una medida positiva para el conjunto de la poblaci\u00f3n.<\/p>\n","protected":false},"excerpt":{"rendered":"<p>El Concejal de Movilidad Urbana, Mois\u00e9s L\u00f3pez, informa que la Calle del Mercado permanecer\u00e1 cortada al tr\u00e1fico los 3 fines de semana restantes del mes de agosto. La medida comprender\u00e1 el cierre a las 14.00h del viernes y la apertura a las 22.00h del domingo, buscando con ello la semipeatonalizacion de la calle, y con &hellip;<\/p>\n","protected":false},"author":5,"featured_media":30258,"comment_status":"closed","ping_status":"open","sticky":false,"template":"","format":"standard","meta":{"ngg_post_thumbnail":0,"footnotes":""},"categories":[46],"tags":[],"class_list":["post-30257","post","type-post","status-publish","format-standard","has-post-thumbnail","hentry","category-movilidad-urbana"],"yoast_head":"<!-- This site is optimized with the Yoast SEO plugin v27.4 - https:\/\/yoast.com\/product\/yoast-seo-wordpress\/ -->\n<title>La Mesa de Movilidad dictamina el corte de la calle El Mercado durante los fines de semana de agosto - MI Ayuntamiento de Caudete<\/title>\n<meta name=\"description\" content=\"P\u00e1gina Oficial del Ayuntamiento de Caudete (Albacete)\" \/>\n<meta name=\"robots\" content=\"index, follow, max-snippet:-1, max-image-preview:large, max-video-preview:-1\" \/>\n<link rel=\"canonical\" href=\"https:\/\/www.caudete.org\/ayuntamiento\/la-mesa-de-movilidad-dictamina-el-corte-de-la-calle-el-mercado-durante-los-fines-de-semana-de-agosto\/\" \/>\n<meta property=\"og:locale\" content=\"es_ES\" \/>\n<meta property=\"og:type\" content=\"article\" \/>\n<meta property=\"og:title\" content=\"La Mesa de Movilidad dictamina el corte de la calle El Mercado durante los fines de semana de agosto - MI Ayuntamiento de Caudete\" \/>\n<meta property=\"og:description\" content=\"P\u00e1gina Oficial del Ayuntamiento de Caudete (Albacete)\" \/>\n<meta property=\"og:url\" content=\"https:\/\/www.caudete.org\/ayuntamiento\/la-mesa-de-movilidad-dictamina-el-corte-de-la-calle-el-mercado-durante-los-fines-de-semana-de-agosto\/\" \/>\n<meta property=\"og:site_name\" content=\"MI Ayuntamiento de Caudete\" \/>\n<meta property=\"article:publisher\" content=\"https:\/\/www.facebook.com\/ayuntamientocaudete\/\" \/>\n<meta property=\"article:published_time\" content=\"2025-08-15T09:14:09+00:00\" \/>\n<meta property=\"og:image\" content=\"https:\/\/www.caudete.org\/ayuntamiento\/wp-content\/uploads\/2025\/08\/Calle-El-mercado.png\" \/>\n\t<meta property=\"og:image:width\" content=\"1020\" \/>\n\t<meta property=\"og:image:height\" content=\"615\" \/>\n\t<meta property=\"og:image:type\" content=\"image\/png\" \/>\n<meta name=\"author\" content=\"Dpto Informatica MI Ayuntamiento de Caudete\" \/>\n<meta name=\"twitter:card\" content=\"summary_large_image\" \/>\n<meta name=\"twitter:label1\" content=\"Escrito por\" \/>\n\t<meta name=\"twitter:data1\" content=\"Dpto Informatica MI Ayuntamiento de Caudete\" \/>\n\t<meta name=\"twitter:label2\" content=\"Tiempo de lectura\" \/>\n\t<meta name=\"twitter:data2\" content=\"2 minutos\" \/>\n<script type=\"application\/ld+json\" class=\"yoast-schema-graph\">{\"@context\":\"https:\\\/\\\/schema.org\",\"@graph\":[{\"@type\":\"Article\",\"@id\":\"https:\\\/\\\/www.caudete.org\\\/ayuntamiento\\\/la-mesa-de-movilidad-dictamina-el-corte-de-la-calle-el-mercado-durante-los-fines-de-semana-de-agosto\\\/#article\",\"isPartOf\":{\"@id\":\"https:\\\/\\\/www.caudete.org\\\/ayuntamiento\\\/la-mesa-de-movilidad-dictamina-el-corte-de-la-calle-el-mercado-durante-los-fines-de-semana-de-agosto\\\/\"},\"author\":{\"name\":\"Dpto Informatica MI Ayuntamiento de Caudete\",\"@id\":\"https:\\\/\\\/www.caudete.org\\\/ayuntamiento\\\/#\\\/schema\\\/person\\\/4b9eab41761957db9b1bf9c418d1ef46\"},\"headline\":\"La Mesa de Movilidad dictamina el corte de la calle El Mercado durante los fines de semana de agosto\",\"datePublished\":\"2025-08-15T09:14:09+00:00\",\"mainEntityOfPage\":{\"@id\":\"https:\\\/\\\/www.caudete.org\\\/ayuntamiento\\\/la-mesa-de-movilidad-dictamina-el-corte-de-la-calle-el-mercado-durante-los-fines-de-semana-de-agosto\\\/\"},\"wordCount\":298,\"publisher\":{\"@id\":\"https:\\\/\\\/www.caudete.org\\\/ayuntamiento\\\/#organization\"},\"image\":{\"@id\":\"https:\\\/\\\/www.caudete.org\\\/ayuntamiento\\\/la-mesa-de-movilidad-dictamina-el-corte-de-la-calle-el-mercado-durante-los-fines-de-semana-de-agosto\\\/#primaryimage\"},\"thumbnailUrl\":\"https:\\\/\\\/www.caudete.org\\\/ayuntamiento\\\/wp-content\\\/uploads\\\/2025\\\/08\\\/Calle-El-mercado.png\",\"articleSection\":[\"Movilidad Urbana\"],\"inLanguage\":\"es\"},{\"@type\":\"WebPage\",\"@id\":\"https:\\\/\\\/www.caudete.org\\\/ayuntamiento\\\/la-mesa-de-movilidad-dictamina-el-corte-de-la-calle-el-mercado-durante-los-fines-de-semana-de-agosto\\\/\",\"url\":\"https:\\\/\\\/www.caudete.org\\\/ayuntamiento\\\/la-mesa-de-movilidad-dictamina-el-corte-de-la-calle-el-mercado-durante-los-fines-de-semana-de-agosto\\\/\",\"name\":\"La Mesa de Movilidad dictamina el corte de la calle El Mercado durante los fines de semana de agosto - MI Ayuntamiento de Caudete\",\"isPartOf\":{\"@id\":\"https:\\\/\\\/www.caudete.org\\\/ayuntamiento\\\/#website\"},\"primaryImageOfPage\":{\"@id\":\"https:\\\/\\\/www.caudete.org\\\/ayuntamiento\\\/la-mesa-de-movilidad-dictamina-el-corte-de-la-calle-el-mercado-durante-los-fines-de-semana-de-agosto\\\/#primaryimage\"},\"image\":{\"@id\":\"https:\\\/\\\/www.caudete.org\\\/ayuntamiento\\\/la-mesa-de-movilidad-dictamina-el-corte-de-la-calle-el-mercado-durante-los-fines-de-semana-de-agosto\\\/#primaryimage\"},\"thumbnailUrl\":\"https:\\\/\\\/www.caudete.org\\\/ayuntamiento\\\/wp-content\\\/uploads\\\/2025\\\/08\\\/Calle-El-mercado.png\",\"datePublished\":\"2025-08-15T09:14:09+00:00\",\"description\":\"P\u00e1gina Oficial del Ayuntamiento de Caudete (Albacete)\",\"breadcrumb\":{\"@id\":\"https:\\\/\\\/www.caudete.org\\\/ayuntamiento\\\/la-mesa-de-movilidad-dictamina-el-corte-de-la-calle-el-mercado-durante-los-fines-de-semana-de-agosto\\\/#breadcrumb\"},\"inLanguage\":\"es\",\"potentialAction\":[{\"@type\":\"ReadAction\",\"target\":[\"https:\\\/\\\/www.caudete.org\\\/ayuntamiento\\\/la-mesa-de-movilidad-dictamina-el-corte-de-la-calle-el-mercado-durante-los-fines-de-semana-de-agosto\\\/\"]}]},{\"@type\":\"ImageObject\",\"inLanguage\":\"es\",\"@id\":\"https:\\\/\\\/www.caudete.org\\\/ayuntamiento\\\/la-mesa-de-movilidad-dictamina-el-corte-de-la-calle-el-mercado-durante-los-fines-de-semana-de-agosto\\\/#primaryimage\",\"url\":\"https:\\\/\\\/www.caudete.org\\\/ayuntamiento\\\/wp-content\\\/uploads\\\/2025\\\/08\\\/Calle-El-mercado.png\",\"contentUrl\":\"https:\\\/\\\/www.caudete.org\\\/ayuntamiento\\\/wp-content\\\/uploads\\\/2025\\\/08\\\/Calle-El-mercado.png\",\"width\":1020,\"height\":615},{\"@type\":\"BreadcrumbList\",\"@id\":\"https:\\\/\\\/www.caudete.org\\\/ayuntamiento\\\/la-mesa-de-movilidad-dictamina-el-corte-de-la-calle-el-mercado-durante-los-fines-de-semana-de-agosto\\\/#breadcrumb\",\"itemListElement\":[{\"@type\":\"ListItem\",\"position\":1,\"name\":\"Inicio\",\"item\":\"https:\\\/\\\/www.caudete.org\\\/ayuntamiento\\\/\"},{\"@type\":\"ListItem\",\"position\":2,\"name\":\"La Mesa de Movilidad dictamina el corte de la calle El Mercado durante los fines de semana de agosto\"}]},{\"@type\":\"WebSite\",\"@id\":\"https:\\\/\\\/www.caudete.org\\\/ayuntamiento\\\/#website\",\"url\":\"https:\\\/\\\/www.caudete.org\\\/ayuntamiento\\\/\",\"name\":\"MI Ayuntamiento de Caudete\",\"description\":\"P\u00e1gina Oficial del MI Ayuntamiento de Caudete\",\"publisher\":{\"@id\":\"https:\\\/\\\/www.caudete.org\\\/ayuntamiento\\\/#organization\"},\"potentialAction\":[{\"@type\":\"SearchAction\",\"target\":{\"@type\":\"EntryPoint\",\"urlTemplate\":\"https:\\\/\\\/www.caudete.org\\\/ayuntamiento\\\/?s={search_term_string}\"},\"query-input\":{\"@type\":\"PropertyValueSpecification\",\"valueRequired\":true,\"valueName\":\"search_term_string\"}}],\"inLanguage\":\"es\"},{\"@type\":\"Organization\",\"@id\":\"https:\\\/\\\/www.caudete.org\\\/ayuntamiento\\\/#organization\",\"name\":\"Ayuntamiento de Caudete\",\"url\":\"https:\\\/\\\/www.caudete.org\\\/ayuntamiento\\\/\",\"logo\":{\"@type\":\"ImageObject\",\"inLanguage\":\"es\",\"@id\":\"https:\\\/\\\/www.caudete.org\\\/ayuntamiento\\\/#\\\/schema\\\/logo\\\/image\\\/\",\"url\":\"https:\\\/\\\/www.caudete.org\\\/ayuntamiento\\\/wp-content\\\/uploads\\\/2020\\\/11\\\/logo_ayuntamiento_caudete.jpg\",\"contentUrl\":\"https:\\\/\\\/www.caudete.org\\\/ayuntamiento\\\/wp-content\\\/uploads\\\/2020\\\/11\\\/logo_ayuntamiento_caudete.jpg\",\"width\":600,\"height\":150,\"caption\":\"Ayuntamiento de Caudete\"},\"image\":{\"@id\":\"https:\\\/\\\/www.caudete.org\\\/ayuntamiento\\\/#\\\/schema\\\/logo\\\/image\\\/\"},\"sameAs\":[\"https:\\\/\\\/www.facebook.com\\\/ayuntamientocaudete\\\/\",\"https:\\\/\\\/www.youtube.com\\\/channel\\\/UC6VztHaooNsGpw-tNoBEFnQ\"]},{\"@type\":\"Person\",\"@id\":\"https:\\\/\\\/www.caudete.org\\\/ayuntamiento\\\/#\\\/schema\\\/person\\\/4b9eab41761957db9b1bf9c418d1ef46\",\"name\":\"Dpto Informatica MI Ayuntamiento de Caudete\",\"image\":{\"@type\":\"ImageObject\",\"inLanguage\":\"es\",\"@id\":\"https:\\\/\\\/secure.gravatar.com\\\/avatar\\\/ac0321ee4a0a83e82a253e7b2d348ef539e2c8fe16d06b600bde04de1b364fa7?s=96&d=mm&r=g\",\"url\":\"https:\\\/\\\/secure.gravatar.com\\\/avatar\\\/ac0321ee4a0a83e82a253e7b2d348ef539e2c8fe16d06b600bde04de1b364fa7?s=96&d=mm&r=g\",\"contentUrl\":\"https:\\\/\\\/secure.gravatar.com\\\/avatar\\\/ac0321ee4a0a83e82a253e7b2d348ef539e2c8fe16d06b600bde04de1b364fa7?s=96&d=mm&r=g\",\"caption\":\"Dpto Informatica MI Ayuntamiento de Caudete\"},\"url\":\"https:\\\/\\\/www.caudete.org\\\/ayuntamiento\\\/author\\\/informatica\\\/\"}]}<\/script>\n<!-- \/ Yoast SEO plugin. -->","yoast_head_json":{"title":"La Mesa de Movilidad dictamina el corte de la calle El Mercado durante los fines de semana de agosto - MI Ayuntamiento de Caudete","description":"P\u00e1gina Oficial del Ayuntamiento de Caudete (Albacete)","robots":{"index":"index","follow":"follow","max-snippet":"max-snippet:-1","max-image-preview":"max-image-preview:large","max-video-preview":"max-video-preview:-1"},"canonical":"https:\/\/www.caudete.org\/ayuntamiento\/la-mesa-de-movilidad-dictamina-el-corte-de-la-calle-el-mercado-durante-los-fines-de-semana-de-agosto\/","og_locale":"es_ES","og_type":"article","og_title":"La Mesa de Movilidad dictamina el corte de la calle El Mercado durante los fines de semana de agosto - MI Ayuntamiento de Caudete","og_description":"P\u00e1gina Oficial del Ayuntamiento de Caudete (Albacete)","og_url":"https:\/\/www.caudete.org\/ayuntamiento\/la-mesa-de-movilidad-dictamina-el-corte-de-la-calle-el-mercado-durante-los-fines-de-semana-de-agosto\/","og_site_name":"MI Ayuntamiento de Caudete","article_publisher":"https:\/\/www.facebook.com\/ayuntamientocaudete\/","article_published_time":"2025-08-15T09:14:09+00:00","og_image":[{"width":1020,"height":615,"url":"https:\/\/www.caudete.org\/ayuntamiento\/wp-content\/uploads\/2025\/08\/Calle-El-mercado.png","type":"image\/png"}],"author":"Dpto Informatica MI Ayuntamiento de Caudete","twitter_card":"summary_large_image","twitter_misc":{"Escrito por":"Dpto Informatica MI Ayuntamiento de Caudete","Tiempo de lectura":"2 minutos"},"schema":{"@context":"https:\/\/schema.org","@graph":[{"@type":"Article","@id":"https:\/\/www.caudete.org\/ayuntamiento\/la-mesa-de-movilidad-dictamina-el-corte-de-la-calle-el-mercado-durante-los-fines-de-semana-de-agosto\/#article","isPartOf":{"@id":"https:\/\/www.caudete.org\/ayuntamiento\/la-mesa-de-movilidad-dictamina-el-corte-de-la-calle-el-mercado-durante-los-fines-de-semana-de-agosto\/"},"author":{"name":"Dpto Informatica MI Ayuntamiento de Caudete","@id":"https:\/\/www.caudete.org\/ayuntamiento\/#\/schema\/person\/4b9eab41761957db9b1bf9c418d1ef46"},"headline":"La Mesa de Movilidad dictamina el corte de la calle El Mercado durante los fines de semana de agosto","datePublished":"2025-08-15T09:14:09+00:00","mainEntityOfPage":{"@id":"https:\/\/www.caudete.org\/ayuntamiento\/la-mesa-de-movilidad-dictamina-el-corte-de-la-calle-el-mercado-durante-los-fines-de-semana-de-agosto\/"},"wordCount":298,"publisher":{"@id":"https:\/\/www.caudete.org\/ayuntamiento\/#organization"},"image":{"@id":"https:\/\/www.caudete.org\/ayuntamiento\/la-mesa-de-movilidad-dictamina-el-corte-de-la-calle-el-mercado-durante-los-fines-de-semana-de-agosto\/#primaryimage"},"thumbnailUrl":"https:\/\/www.caudete.org\/ayuntamiento\/wp-content\/uploads\/2025\/08\/Calle-El-mercado.png","articleSection":["Movilidad Urbana"],"inLanguage":"es"},{"@type":"WebPage","@id":"https:\/\/www.caudete.org\/ayuntamiento\/la-mesa-de-movilidad-dictamina-el-corte-de-la-calle-el-mercado-durante-los-fines-de-semana-de-agosto\/","url":"https:\/\/www.caudete.org\/ayuntamiento\/la-mesa-de-movilidad-dictamina-el-corte-de-la-calle-el-mercado-durante-los-fines-de-semana-de-agosto\/","name":"La Mesa de Movilidad dictamina el corte de la calle El Mercado durante los fines de semana de agosto - MI Ayuntamiento de Caudete","isPartOf":{"@id":"https:\/\/www.caudete.org\/ayuntamiento\/#website"},"primaryImageOfPage":{"@id":"https:\/\/www.caudete.org\/ayuntamiento\/la-mesa-de-movilidad-dictamina-el-corte-de-la-calle-el-mercado-durante-los-fines-de-semana-de-agosto\/#primaryimage"},"image":{"@id":"https:\/\/www.caudete.org\/ayuntamiento\/la-mesa-de-movilidad-dictamina-el-corte-de-la-calle-el-mercado-durante-los-fines-de-semana-de-agosto\/#primaryimage"},"thumbnailUrl":"https:\/\/www.caudete.org\/ayuntamiento\/wp-content\/uploads\/2025\/08\/Calle-El-mercado.png","datePublished":"2025-08-15T09:14:09+00:00","description":"P\u00e1gina Oficial del Ayuntamiento de Caudete (Albacete)","breadcrumb":{"@id":"https:\/\/www.caudete.org\/ayuntamiento\/la-mesa-de-movilidad-dictamina-el-corte-de-la-calle-el-mercado-durante-los-fines-de-semana-de-agosto\/#breadcrumb"},"inLanguage":"es","potentialAction":[{"@type":"ReadAction","target":["https:\/\/www.caudete.org\/ayuntamiento\/la-mesa-de-movilidad-dictamina-el-corte-de-la-calle-el-mercado-durante-los-fines-de-semana-de-agosto\/"]}]},{"@type":"ImageObject","inLanguage":"es","@id":"https:\/\/www.caudete.org\/ayuntamiento\/la-mesa-de-movilidad-dictamina-el-corte-de-la-calle-el-mercado-durante-los-fines-de-semana-de-agosto\/#primaryimage","url":"https:\/\/www.caudete.org\/ayuntamiento\/wp-content\/uploads\/2025\/08\/Calle-El-mercado.png","contentUrl":"https:\/\/www.caudete.org\/ayuntamiento\/wp-content\/uploads\/2025\/08\/Calle-El-mercado.png","width":1020,"height":615},{"@type":"BreadcrumbList","@id":"https:\/\/www.caudete.org\/ayuntamiento\/la-mesa-de-movilidad-dictamina-el-corte-de-la-calle-el-mercado-durante-los-fines-de-semana-de-agosto\/#breadcrumb","itemListElement":[{"@type":"ListItem","position":1,"name":"Inicio","item":"https:\/\/www.caudete.org\/ayuntamiento\/"},{"@type":"ListItem","position":2,"name":"La Mesa de Movilidad dictamina el corte de la calle El Mercado durante los fines de semana de agosto"}]},{"@type":"WebSite","@id":"https:\/\/www.caudete.org\/ayuntamiento\/#website","url":"https:\/\/www.caudete.org\/ayuntamiento\/","name":"MI Ayuntamiento de Caudete","description":"P\u00e1gina Oficial del MI Ayuntamiento de Caudete","publisher":{"@id":"https:\/\/www.caudete.org\/ayuntamiento\/#organization"},"potentialAction":[{"@type":"SearchAction","target":{"@type":"EntryPoint","urlTemplate":"https:\/\/www.caudete.org\/ayuntamiento\/?s={search_term_string}"},"query-input":{"@type":"PropertyValueSpecification","valueRequired":true,"valueName":"search_term_string"}}],"inLanguage":"es"},{"@type":"Organization","@id":"https:\/\/www.caudete.org\/ayuntamiento\/#organization","name":"Ayuntamiento de Caudete","url":"https:\/\/www.caudete.org\/ayuntamiento\/","logo":{"@type":"ImageObject","inLanguage":"es","@id":"https:\/\/www.caudete.org\/ayuntamiento\/#\/schema\/logo\/image\/","url":"https:\/\/www.caudete.org\/ayuntamiento\/wp-content\/uploads\/2020\/11\/logo_ayuntamiento_caudete.jpg","contentUrl":"https:\/\/www.caudete.org\/ayuntamiento\/wp-content\/uploads\/2020\/11\/logo_ayuntamiento_caudete.jpg","width":600,"height":150,"caption":"Ayuntamiento de Caudete"},"image":{"@id":"https:\/\/www.caudete.org\/ayuntamiento\/#\/schema\/logo\/image\/"},"sameAs":["https:\/\/www.facebook.com\/ayuntamientocaudete\/","https:\/\/www.youtube.com\/channel\/UC6VztHaooNsGpw-tNoBEFnQ"]},{"@type":"Person","@id":"https:\/\/www.caudete.org\/ayuntamiento\/#\/schema\/person\/4b9eab41761957db9b1bf9c418d1ef46","name":"Dpto Informatica MI Ayuntamiento de Caudete","image":{"@type":"ImageObject","inLanguage":"es","@id":"https:\/\/secure.gravatar.com\/avatar\/ac0321ee4a0a83e82a253e7b2d348ef539e2c8fe16d06b600bde04de1b364fa7?s=96&d=mm&r=g","url":"https:\/\/secure.gravatar.com\/avatar\/ac0321ee4a0a83e82a253e7b2d348ef539e2c8fe16d06b600bde04de1b364fa7?s=96&d=mm&r=g","contentUrl":"https:\/\/secure.gravatar.com\/avatar\/ac0321ee4a0a83e82a253e7b2d348ef539e2c8fe16d06b600bde04de1b364fa7?s=96&d=mm&r=g","caption":"Dpto Informatica MI Ayuntamiento de Caudete"},"url":"https:\/\/www.caudete.org\/ayuntamiento\/author\/informatica\/"}]}},"_links":{"self":[{"href":"https:\/\/www.caudete.org\/ayuntamiento\/wp-json\/wp\/v2\/posts\/30257","targetHints":{"allow":["GET"]}}],"collection":[{"href":"https:\/\/www.caudete.org\/ayuntamiento\/wp-json\/wp\/v2\/posts"}],"about":[{"href":"https:\/\/www.caudete.org\/ayuntamiento\/wp-json\/wp\/v2\/types\/post"}],"author":[{"embeddable":true,"href":"https:\/\/www.caudete.org\/ayuntamiento\/wp-json\/wp\/v2\/users\/5"}],"replies":[{"embeddable":true,"href":"https:\/\/www.caudete.org\/ayuntamiento\/wp-json\/wp\/v2\/comments?post=30257"}],"version-history":[{"count":1,"href":"https:\/\/www.caudete.org\/ayuntamiento\/wp-json\/wp\/v2\/posts\/30257\/revisions"}],"predecessor-version":[{"id":30259,"href":"https:\/\/www.caudete.org\/ayuntamiento\/wp-json\/wp\/v2\/posts\/30257\/revisions\/30259"}],"wp:featuredmedia":[{"embeddable":true,"href":"https:\/\/www.caudete.org\/ayuntamiento\/wp-json\/wp\/v2\/media\/30258"}],"wp:attachment":[{"href":"https:\/\/www.caudete.org\/ayuntamiento\/wp-json\/wp\/v2\/media?parent=30257"}],"wp:term":[{"taxonomy":"category","embeddable":true,"href":"https:\/\/www.caudete.org\/ayuntamiento\/wp-json\/wp\/v2\/categories?post=30257"},{"taxonomy":"post_tag","embeddable":true,"href":"https:\/\/www.caudete.org\/ayuntamiento\/wp-json\/wp\/v2\/tags?post=30257"}],"curies":[{"name":"wp","href":"https:\/\/api.w.org\/{rel}","templated":true}]}}