{"id":30314,"date":"2025-08-21T08:29:35","date_gmt":"2025-08-21T06:29:35","guid":{"rendered":"https:\/\/www.caudete.org\/ayuntamiento\/?p=30314"},"modified":"2025-09-01T08:29:38","modified_gmt":"2025-09-01T06:29:38","slug":"que-opinas-del-transporte-publico-que-tenemos-los-caudetanos-para-salir-fuera-del-municipio","status":"publish","type":"post","link":"https:\/\/www.caudete.org\/ayuntamiento\/que-opinas-del-transporte-publico-que-tenemos-los-caudetanos-para-salir-fuera-del-municipio\/","title":{"rendered":"\u00bfQue opinas del transporte p\u00fablico que tenemos los caudetanos para salir fuera del Municipio?"},"content":{"rendered":"<p style=\"text-align: justify;\" align=\"justify\"><span style=\"font-family: georgia, palatino, serif;\"><span style=\"font-size: medium;\"><span style=\"color: #000000;\"><span style=\"font-size: large;\">El Concejal de Participaci\u00f3n Ciudadana, Diego Cuenca, junto a las Concejal\u00edas de Movilidad y Educaci\u00f3n, lanzan una nueva encuesta ciudadana con la que poder recoger opiniones sobre el transporte p\u00fablico y por tanto, de la oferta y demanda de comunicaciones con las que cuentan los caudetanos para salir fuera del municipio.<\/span><\/span><\/span><\/span><\/p>\n<p style=\"text-align: justify;\" align=\"justify\"><span style=\"font-family: georgia, palatino, serif;\"><span style=\"font-size: medium;\"><span style=\"color: #000000;\"><span style=\"font-size: large;\">Desde hace d\u00e9cadas, Caudete ha ido sufriendo la merma de los servicios p\u00fablicos de transporte competentes de otras administraciones de forma directa o indirecta. <\/span><\/span><\/span><\/span><\/p>\n<p style=\"text-align: justify;\" align=\"justify\"><span style=\"font-family: georgia, palatino, serif;\"><span style=\"font-size: medium;\"><span style=\"color: #000000;\"><span style=\"font-size: large;\">Hasta no hace tanto, ten\u00edamos transporte diario en autob\u00fas de l\u00ednea hacia Alicante, y ha quedado reducido a dos d\u00edas. La l\u00ednea Valencia-Murcia tiene 2 paradas por d\u00eda en cada sentido. La m\u00e1s necesitada, la de Almansa-Albacete, que permite a los caudetanos ir a citas m\u00e9dicas o tr\u00e1mites con la administraci\u00f3n, pero \u00e9ste resulta insuficiente.<\/span><\/span><\/span><\/span><\/p>\n<p style=\"text-align: justify;\" align=\"justify\"><span style=\"font-family: georgia, palatino, serif;\"><span style=\"font-size: medium;\"><span style=\"color: #000000;\"><span style=\"font-size: large;\">Si hablamos del servicio ferroviario, ya d\u00e9cadas que Caudete \u201cperdi\u00f3 el tren\u201d. Aunque tan solo dos trenes tienen parada (viernes y domingos), los hay con parada t\u00e9cnica (sin apertura de puertas), as\u00ed como el tr\u00e1nsito de numerosas l\u00edneas que resultar\u00edan interesantes para la movilidad de los caudetanos que quieran tener destino hacia cualquiera de las provincias que nos circundan o a la propia.<\/span><\/span><\/span><\/span><\/p>\n<p style=\"text-align: justify;\" align=\"justify\"><span style=\"font-family: georgia, palatino, serif;\"><span style=\"font-size: medium;\"><span style=\"color: #000000;\"><span style=\"font-size: large;\">Una cuesti\u00f3n que afecta tanto a j\u00f3venes como a mayores, para poder ser usado como necesidad ante la asistencia a citas m\u00e9dicas, como para estudiar en otros Centros Educativos, como por ocio.<\/span><\/span><\/span><\/span><\/p>\n<p style=\"text-align: justify;\" align=\"justify\"><span style=\"font-family: georgia, palatino, serif;\"><span style=\"font-size: medium;\"><span style=\"color: #000000;\"><span style=\"font-size: large;\">El debate por tanto de la poca oferta del transporte p\u00fablico, est\u00e1 vivo, por ser algo que preocupa a los caudetanos. Tal es as\u00ed que en el Pleno Ordinario de Mayo la Corporaci\u00f3n Municipal aprob\u00f3 por unanimidad una moci\u00f3n planteada por uno de los grupos pol\u00edticos para trabajar en este asunto.<\/span><\/span><\/span><\/span><\/p>\n<p style=\"text-align: justify;\" align=\"justify\"><span style=\"font-family: georgia, palatino, serif;\"><span style=\"font-size: medium;\"><span style=\"color: #000000;\"><span style=\"font-size: large;\">Desde el Gobierno Municipal, y con las Concejal\u00edas de Participaci\u00f3n Ciudadana, Movilidad y Educaci\u00f3n al frente, se consider\u00f3 oportuno lanzar una encuesta a la poblaci\u00f3n para medir la realidad de la situaci\u00f3n, resultados que servir\u00e1n de base para realizar los planteamientos que se consideren ante las administraciones competentes.<\/span><\/span><\/span><\/span><\/p>\n<p style=\"text-align: justify;\" align=\"justify\"><span style=\"font-family: georgia, palatino, serif;\"><span style=\"font-size: medium;\"><span style=\"color: #000000;\"><span style=\"font-size: large;\">El pasado viernes, varios Concejales salieron al mercado ambulante para repartir d\u00edpticos informativos en los que se facilitaba un c\u00f3digo QR con acceso directo a la encuesta. Igualmente, estar\u00e1 disponible en la web municipal y en la presente nota el enlace a la misma, a la vez que se repartir\u00e1n carteles por diferentes puntos del municipio con el citado c\u00f3digo QR, con la idea de conseguir la m\u00e1xima participaci\u00f3n posible por parte de los caudetanos.<\/span><\/span><\/span><\/span><\/p>\n<p style=\"text-align: justify;\" align=\"left\"><span style=\"font-family: georgia, palatino, serif;\"><span style=\"font-size: medium;\"><span style=\"color: #000000;\"><span style=\"font-size: large;\">La encuesta est\u00e1 disponible desde hoy, y hasta las 23.59 del pr\u00f3ximo domingo 04 de Septiembre de 2025.<\/span><\/span><\/span><\/span><\/p>\n<p style=\"text-align: center;\" align=\"center\"><span style=\"font-family: georgia, palatino, serif;\"><span style=\"font-size: medium;\"><span style=\"color: #000000;\"><span style=\"font-size: large;\">&#8211;&gt; <a href=\"https:\/\/forms.gle\/pGMqp4cVcKjvhHSV9\" target=\"_blank\" rel=\"nofollow\">REALIZAR ENCUESTA<\/a> &lt;&#8211;<\/span><\/span><\/span><\/span><\/p>\n<p style=\"text-align: left;\" align=\"center\"><img fetchpriority=\"high\" decoding=\"async\" class=\"alignnone wp-image-30318 size-full\" src=\"https:\/\/www.caudete.org\/ayuntamiento\/wp-content\/uploads\/2025\/08\/WhatsApp-Image-2025-08-21-at-00.28.07-2.jpg\" alt=\"\" width=\"1000\" height=\"753\" srcset=\"https:\/\/www.caudete.org\/ayuntamiento\/wp-content\/uploads\/2025\/08\/WhatsApp-Image-2025-08-21-at-00.28.07-2.jpg 1000w, https:\/\/www.caudete.org\/ayuntamiento\/wp-content\/uploads\/2025\/08\/WhatsApp-Image-2025-08-21-at-00.28.07-2-960x723.jpg 960w, https:\/\/www.caudete.org\/ayuntamiento\/wp-content\/uploads\/2025\/08\/WhatsApp-Image-2025-08-21-at-00.28.07-2-292x220.jpg 292w, https:\/\/www.caudete.org\/ayuntamiento\/wp-content\/uploads\/2025\/08\/WhatsApp-Image-2025-08-21-at-00.28.07-2-768x578.jpg 768w\" sizes=\"(max-width: 1000px) 100vw, 1000px\" \/> <img decoding=\"async\" class=\"alignnone wp-image-30319 size-full\" src=\"https:\/\/www.caudete.org\/ayuntamiento\/wp-content\/uploads\/2025\/08\/WhatsApp-Image-2025-08-21-at-00.28.07-3.jpg\" alt=\"\" width=\"1000\" height=\"1328\" srcset=\"https:\/\/www.caudete.org\/ayuntamiento\/wp-content\/uploads\/2025\/08\/WhatsApp-Image-2025-08-21-at-00.28.07-3.jpg 1000w, https:\/\/www.caudete.org\/ayuntamiento\/wp-content\/uploads\/2025\/08\/WhatsApp-Image-2025-08-21-at-00.28.07-3-602x800.jpg 602w, https:\/\/www.caudete.org\/ayuntamiento\/wp-content\/uploads\/2025\/08\/WhatsApp-Image-2025-08-21-at-00.28.07-3-678x900.jpg 678w, https:\/\/www.caudete.org\/ayuntamiento\/wp-content\/uploads\/2025\/08\/WhatsApp-Image-2025-08-21-at-00.28.07-3-166x220.jpg 166w, https:\/\/www.caudete.org\/ayuntamiento\/wp-content\/uploads\/2025\/08\/WhatsApp-Image-2025-08-21-at-00.28.07-3-768x1020.jpg 768w\" sizes=\"(max-width: 1000px) 100vw, 1000px\" \/> <img decoding=\"async\" class=\"alignnone wp-image-30320 size-full\" src=\"https:\/\/www.caudete.org\/ayuntamiento\/wp-content\/uploads\/2025\/08\/WhatsApp-Image-2025-08-21-at-00.28.07.jpg\" alt=\"\" width=\"800\" height=\"1200\" srcset=\"https:\/\/www.caudete.org\/ayuntamiento\/wp-content\/uploads\/2025\/08\/WhatsApp-Image-2025-08-21-at-00.28.07.jpg 800w, https:\/\/www.caudete.org\/ayuntamiento\/wp-content\/uploads\/2025\/08\/WhatsApp-Image-2025-08-21-at-00.28.07-533x800.jpg 533w, https:\/\/www.caudete.org\/ayuntamiento\/wp-content\/uploads\/2025\/08\/WhatsApp-Image-2025-08-21-at-00.28.07-600x900.jpg 600w, https:\/\/www.caudete.org\/ayuntamiento\/wp-content\/uploads\/2025\/08\/WhatsApp-Image-2025-08-21-at-00.28.07-147x220.jpg 147w, https:\/\/www.caudete.org\/ayuntamiento\/wp-content\/uploads\/2025\/08\/WhatsApp-Image-2025-08-21-at-00.28.07-768x1152.jpg 768w\" sizes=\"(max-width: 800px) 100vw, 800px\" \/> <img loading=\"lazy\" decoding=\"async\" class=\"alignnone wp-image-30321 size-full\" src=\"https:\/\/www.caudete.org\/ayuntamiento\/wp-content\/uploads\/2025\/08\/WhatsApp-Image-2025-08-21-at-00.28.06.jpg\" alt=\"\" width=\"800\" height=\"1200\" srcset=\"https:\/\/www.caudete.org\/ayuntamiento\/wp-content\/uploads\/2025\/08\/WhatsApp-Image-2025-08-21-at-00.28.06.jpg 800w, https:\/\/www.caudete.org\/ayuntamiento\/wp-content\/uploads\/2025\/08\/WhatsApp-Image-2025-08-21-at-00.28.06-533x800.jpg 533w, https:\/\/www.caudete.org\/ayuntamiento\/wp-content\/uploads\/2025\/08\/WhatsApp-Image-2025-08-21-at-00.28.06-600x900.jpg 600w, https:\/\/www.caudete.org\/ayuntamiento\/wp-content\/uploads\/2025\/08\/WhatsApp-Image-2025-08-21-at-00.28.06-147x220.jpg 147w, https:\/\/www.caudete.org\/ayuntamiento\/wp-content\/uploads\/2025\/08\/WhatsApp-Image-2025-08-21-at-00.28.06-768x1152.jpg 768w\" sizes=\"(max-width: 800px) 100vw, 800px\" \/><\/p>\n","protected":false},"excerpt":{"rendered":"<p>El Concejal de Participaci\u00f3n Ciudadana, Diego Cuenca, junto a las Concejal\u00edas de Movilidad y Educaci\u00f3n, lanzan una nueva encuesta ciudadana con la que poder recoger opiniones sobre el transporte p\u00fablico y por tanto, de la oferta y demanda de comunicaciones con las que cuentan los caudetanos para salir fuera del municipio. Desde hace d\u00e9cadas, Caudete &hellip;<\/p>\n","protected":false},"author":6,"featured_media":30317,"comment_status":"closed","ping_status":"open","sticky":false,"template":"","format":"standard","meta":{"ngg_post_thumbnail":0,"footnotes":""},"categories":[38],"tags":[],"class_list":["post-30314","post","type-post","status-publish","format-standard","has-post-thumbnail","hentry","category-participacion-ciudadana"],"yoast_head":"<!-- This site is optimized with the Yoast SEO plugin v27.5 - https:\/\/yoast.com\/product\/yoast-seo-wordpress\/ -->\n<title>\u00bfQue opinas del transporte p\u00fablico que tenemos los caudetanos para salir fuera del Municipio? - MI Ayuntamiento de Caudete<\/title>\n<meta name=\"description\" content=\"P\u00e1gina Oficial del Ayuntamiento de Caudete (Albacete)\" \/>\n<meta name=\"robots\" content=\"index, follow, max-snippet:-1, max-image-preview:large, max-video-preview:-1\" \/>\n<link rel=\"canonical\" href=\"https:\/\/www.caudete.org\/ayuntamiento\/que-opinas-del-transporte-publico-que-tenemos-los-caudetanos-para-salir-fuera-del-municipio\/\" \/>\n<meta property=\"og:locale\" content=\"es_ES\" \/>\n<meta property=\"og:type\" content=\"article\" \/>\n<meta property=\"og:title\" content=\"\u00bfQue opinas del transporte p\u00fablico que tenemos los caudetanos para salir fuera del Municipio? - MI Ayuntamiento de Caudete\" \/>\n<meta property=\"og:description\" content=\"P\u00e1gina Oficial del Ayuntamiento de Caudete (Albacete)\" \/>\n<meta property=\"og:url\" content=\"https:\/\/www.caudete.org\/ayuntamiento\/que-opinas-del-transporte-publico-que-tenemos-los-caudetanos-para-salir-fuera-del-municipio\/\" \/>\n<meta property=\"og:site_name\" content=\"MI Ayuntamiento de Caudete\" \/>\n<meta property=\"article:publisher\" content=\"https:\/\/www.facebook.com\/ayuntamientocaudete\/\" \/>\n<meta property=\"article:published_time\" content=\"2025-08-21T06:29:35+00:00\" \/>\n<meta property=\"article:modified_time\" content=\"2025-09-01T06:29:38+00:00\" \/>\n<meta property=\"og:image\" content=\"https:\/\/www.caudete.org\/ayuntamiento\/wp-content\/uploads\/2025\/08\/WhatsApp-Image-2025-08-21-at-00.28.07-port.jpg\" \/>\n\t<meta property=\"og:image:width\" content=\"668\" \/>\n\t<meta property=\"og:image:height\" content=\"450\" \/>\n\t<meta property=\"og:image:type\" content=\"image\/jpeg\" \/>\n<meta name=\"author\" content=\"informatica2\" \/>\n<meta name=\"twitter:card\" content=\"summary_large_image\" \/>\n<meta name=\"twitter:label1\" content=\"Escrito por\" \/>\n\t<meta name=\"twitter:data1\" content=\"informatica2\" \/>\n\t<meta name=\"twitter:label2\" content=\"Tiempo de lectura\" \/>\n\t<meta name=\"twitter:data2\" content=\"3 minutos\" \/>\n<script type=\"application\/ld+json\" class=\"yoast-schema-graph\">{\"@context\":\"https:\\\/\\\/schema.org\",\"@graph\":[{\"@type\":\"Article\",\"@id\":\"https:\\\/\\\/www.caudete.org\\\/ayuntamiento\\\/que-opinas-del-transporte-publico-que-tenemos-los-caudetanos-para-salir-fuera-del-municipio\\\/#article\",\"isPartOf\":{\"@id\":\"https:\\\/\\\/www.caudete.org\\\/ayuntamiento\\\/que-opinas-del-transporte-publico-que-tenemos-los-caudetanos-para-salir-fuera-del-municipio\\\/\"},\"author\":{\"name\":\"informatica2\",\"@id\":\"https:\\\/\\\/www.caudete.org\\\/ayuntamiento\\\/#\\\/schema\\\/person\\\/abfa5ffd5010a14e078c21e6e61b6291\"},\"headline\":\"\u00bfQue opinas del transporte p\u00fablico que tenemos los caudetanos para salir fuera del Municipio?\",\"datePublished\":\"2025-08-21T06:29:35+00:00\",\"dateModified\":\"2025-09-01T06:29:38+00:00\",\"mainEntityOfPage\":{\"@id\":\"https:\\\/\\\/www.caudete.org\\\/ayuntamiento\\\/que-opinas-del-transporte-publico-que-tenemos-los-caudetanos-para-salir-fuera-del-municipio\\\/\"},\"wordCount\":475,\"publisher\":{\"@id\":\"https:\\\/\\\/www.caudete.org\\\/ayuntamiento\\\/#organization\"},\"image\":{\"@id\":\"https:\\\/\\\/www.caudete.org\\\/ayuntamiento\\\/que-opinas-del-transporte-publico-que-tenemos-los-caudetanos-para-salir-fuera-del-municipio\\\/#primaryimage\"},\"thumbnailUrl\":\"https:\\\/\\\/www.caudete.org\\\/ayuntamiento\\\/wp-content\\\/uploads\\\/2025\\\/08\\\/WhatsApp-Image-2025-08-21-at-00.28.07-port.jpg\",\"articleSection\":[\"Participaci\u00f3n Ciudadana\"],\"inLanguage\":\"es\"},{\"@type\":\"WebPage\",\"@id\":\"https:\\\/\\\/www.caudete.org\\\/ayuntamiento\\\/que-opinas-del-transporte-publico-que-tenemos-los-caudetanos-para-salir-fuera-del-municipio\\\/\",\"url\":\"https:\\\/\\\/www.caudete.org\\\/ayuntamiento\\\/que-opinas-del-transporte-publico-que-tenemos-los-caudetanos-para-salir-fuera-del-municipio\\\/\",\"name\":\"\u00bfQue opinas del transporte p\u00fablico que tenemos los caudetanos para salir fuera del Municipio? - MI Ayuntamiento de Caudete\",\"isPartOf\":{\"@id\":\"https:\\\/\\\/www.caudete.org\\\/ayuntamiento\\\/#website\"},\"primaryImageOfPage\":{\"@id\":\"https:\\\/\\\/www.caudete.org\\\/ayuntamiento\\\/que-opinas-del-transporte-publico-que-tenemos-los-caudetanos-para-salir-fuera-del-municipio\\\/#primaryimage\"},\"image\":{\"@id\":\"https:\\\/\\\/www.caudete.org\\\/ayuntamiento\\\/que-opinas-del-transporte-publico-que-tenemos-los-caudetanos-para-salir-fuera-del-municipio\\\/#primaryimage\"},\"thumbnailUrl\":\"https:\\\/\\\/www.caudete.org\\\/ayuntamiento\\\/wp-content\\\/uploads\\\/2025\\\/08\\\/WhatsApp-Image-2025-08-21-at-00.28.07-port.jpg\",\"datePublished\":\"2025-08-21T06:29:35+00:00\",\"dateModified\":\"2025-09-01T06:29:38+00:00\",\"description\":\"P\u00e1gina Oficial del Ayuntamiento de Caudete (Albacete)\",\"breadcrumb\":{\"@id\":\"https:\\\/\\\/www.caudete.org\\\/ayuntamiento\\\/que-opinas-del-transporte-publico-que-tenemos-los-caudetanos-para-salir-fuera-del-municipio\\\/#breadcrumb\"},\"inLanguage\":\"es\",\"potentialAction\":[{\"@type\":\"ReadAction\",\"target\":[\"https:\\\/\\\/www.caudete.org\\\/ayuntamiento\\\/que-opinas-del-transporte-publico-que-tenemos-los-caudetanos-para-salir-fuera-del-municipio\\\/\"]}]},{\"@type\":\"ImageObject\",\"inLanguage\":\"es\",\"@id\":\"https:\\\/\\\/www.caudete.org\\\/ayuntamiento\\\/que-opinas-del-transporte-publico-que-tenemos-los-caudetanos-para-salir-fuera-del-municipio\\\/#primaryimage\",\"url\":\"https:\\\/\\\/www.caudete.org\\\/ayuntamiento\\\/wp-content\\\/uploads\\\/2025\\\/08\\\/WhatsApp-Image-2025-08-21-at-00.28.07-port.jpg\",\"contentUrl\":\"https:\\\/\\\/www.caudete.org\\\/ayuntamiento\\\/wp-content\\\/uploads\\\/2025\\\/08\\\/WhatsApp-Image-2025-08-21-at-00.28.07-port.jpg\",\"width\":668,\"height\":450},{\"@type\":\"BreadcrumbList\",\"@id\":\"https:\\\/\\\/www.caudete.org\\\/ayuntamiento\\\/que-opinas-del-transporte-publico-que-tenemos-los-caudetanos-para-salir-fuera-del-municipio\\\/#breadcrumb\",\"itemListElement\":[{\"@type\":\"ListItem\",\"position\":1,\"name\":\"Inicio\",\"item\":\"https:\\\/\\\/www.caudete.org\\\/ayuntamiento\\\/\"},{\"@type\":\"ListItem\",\"position\":2,\"name\":\"\u00bfQue opinas del transporte p\u00fablico que tenemos los caudetanos para salir fuera del Municipio?\"}]},{\"@type\":\"WebSite\",\"@id\":\"https:\\\/\\\/www.caudete.org\\\/ayuntamiento\\\/#website\",\"url\":\"https:\\\/\\\/www.caudete.org\\\/ayuntamiento\\\/\",\"name\":\"MI Ayuntamiento de Caudete\",\"description\":\"P\u00e1gina Oficial del MI Ayuntamiento de Caudete\",\"publisher\":{\"@id\":\"https:\\\/\\\/www.caudete.org\\\/ayuntamiento\\\/#organization\"},\"potentialAction\":[{\"@type\":\"SearchAction\",\"target\":{\"@type\":\"EntryPoint\",\"urlTemplate\":\"https:\\\/\\\/www.caudete.org\\\/ayuntamiento\\\/?s={search_term_string}\"},\"query-input\":{\"@type\":\"PropertyValueSpecification\",\"valueRequired\":true,\"valueName\":\"search_term_string\"}}],\"inLanguage\":\"es\"},{\"@type\":\"Organization\",\"@id\":\"https:\\\/\\\/www.caudete.org\\\/ayuntamiento\\\/#organization\",\"name\":\"Ayuntamiento de Caudete\",\"url\":\"https:\\\/\\\/www.caudete.org\\\/ayuntamiento\\\/\",\"logo\":{\"@type\":\"ImageObject\",\"inLanguage\":\"es\",\"@id\":\"https:\\\/\\\/www.caudete.org\\\/ayuntamiento\\\/#\\\/schema\\\/logo\\\/image\\\/\",\"url\":\"https:\\\/\\\/www.caudete.org\\\/ayuntamiento\\\/wp-content\\\/uploads\\\/2020\\\/11\\\/logo_ayuntamiento_caudete.jpg\",\"contentUrl\":\"https:\\\/\\\/www.caudete.org\\\/ayuntamiento\\\/wp-content\\\/uploads\\\/2020\\\/11\\\/logo_ayuntamiento_caudete.jpg\",\"width\":600,\"height\":150,\"caption\":\"Ayuntamiento de Caudete\"},\"image\":{\"@id\":\"https:\\\/\\\/www.caudete.org\\\/ayuntamiento\\\/#\\\/schema\\\/logo\\\/image\\\/\"},\"sameAs\":[\"https:\\\/\\\/www.facebook.com\\\/ayuntamientocaudete\\\/\",\"https:\\\/\\\/www.youtube.com\\\/channel\\\/UC6VztHaooNsGpw-tNoBEFnQ\"]},{\"@type\":\"Person\",\"@id\":\"https:\\\/\\\/www.caudete.org\\\/ayuntamiento\\\/#\\\/schema\\\/person\\\/abfa5ffd5010a14e078c21e6e61b6291\",\"name\":\"informatica2\",\"image\":{\"@type\":\"ImageObject\",\"inLanguage\":\"es\",\"@id\":\"https:\\\/\\\/secure.gravatar.com\\\/avatar\\\/b089890ff033a3e4d03eec00ecb5a14425217205c513f60ec32ebeaaeb5fa700?s=96&d=mm&r=g\",\"url\":\"https:\\\/\\\/secure.gravatar.com\\\/avatar\\\/b089890ff033a3e4d03eec00ecb5a14425217205c513f60ec32ebeaaeb5fa700?s=96&d=mm&r=g\",\"contentUrl\":\"https:\\\/\\\/secure.gravatar.com\\\/avatar\\\/b089890ff033a3e4d03eec00ecb5a14425217205c513f60ec32ebeaaeb5fa700?s=96&d=mm&r=g\",\"caption\":\"informatica2\"},\"url\":\"https:\\\/\\\/www.caudete.org\\\/ayuntamiento\\\/author\\\/informatica2\\\/\"}]}<\/script>\n<!-- \/ Yoast SEO plugin. -->","yoast_head_json":{"title":"\u00bfQue opinas del transporte p\u00fablico que tenemos los caudetanos para salir fuera del Municipio? - MI Ayuntamiento de Caudete","description":"P\u00e1gina Oficial del Ayuntamiento de Caudete (Albacete)","robots":{"index":"index","follow":"follow","max-snippet":"max-snippet:-1","max-image-preview":"max-image-preview:large","max-video-preview":"max-video-preview:-1"},"canonical":"https:\/\/www.caudete.org\/ayuntamiento\/que-opinas-del-transporte-publico-que-tenemos-los-caudetanos-para-salir-fuera-del-municipio\/","og_locale":"es_ES","og_type":"article","og_title":"\u00bfQue opinas del transporte p\u00fablico que tenemos los caudetanos para salir fuera del Municipio? - MI Ayuntamiento de Caudete","og_description":"P\u00e1gina Oficial del Ayuntamiento de Caudete (Albacete)","og_url":"https:\/\/www.caudete.org\/ayuntamiento\/que-opinas-del-transporte-publico-que-tenemos-los-caudetanos-para-salir-fuera-del-municipio\/","og_site_name":"MI Ayuntamiento de Caudete","article_publisher":"https:\/\/www.facebook.com\/ayuntamientocaudete\/","article_published_time":"2025-08-21T06:29:35+00:00","article_modified_time":"2025-09-01T06:29:38+00:00","og_image":[{"width":668,"height":450,"url":"https:\/\/www.caudete.org\/ayuntamiento\/wp-content\/uploads\/2025\/08\/WhatsApp-Image-2025-08-21-at-00.28.07-port.jpg","type":"image\/jpeg"}],"author":"informatica2","twitter_card":"summary_large_image","twitter_misc":{"Escrito por":"informatica2","Tiempo de lectura":"3 minutos"},"schema":{"@context":"https:\/\/schema.org","@graph":[{"@type":"Article","@id":"https:\/\/www.caudete.org\/ayuntamiento\/que-opinas-del-transporte-publico-que-tenemos-los-caudetanos-para-salir-fuera-del-municipio\/#article","isPartOf":{"@id":"https:\/\/www.caudete.org\/ayuntamiento\/que-opinas-del-transporte-publico-que-tenemos-los-caudetanos-para-salir-fuera-del-municipio\/"},"author":{"name":"informatica2","@id":"https:\/\/www.caudete.org\/ayuntamiento\/#\/schema\/person\/abfa5ffd5010a14e078c21e6e61b6291"},"headline":"\u00bfQue opinas del transporte p\u00fablico que tenemos los caudetanos para salir fuera del Municipio?","datePublished":"2025-08-21T06:29:35+00:00","dateModified":"2025-09-01T06:29:38+00:00","mainEntityOfPage":{"@id":"https:\/\/www.caudete.org\/ayuntamiento\/que-opinas-del-transporte-publico-que-tenemos-los-caudetanos-para-salir-fuera-del-municipio\/"},"wordCount":475,"publisher":{"@id":"https:\/\/www.caudete.org\/ayuntamiento\/#organization"},"image":{"@id":"https:\/\/www.caudete.org\/ayuntamiento\/que-opinas-del-transporte-publico-que-tenemos-los-caudetanos-para-salir-fuera-del-municipio\/#primaryimage"},"thumbnailUrl":"https:\/\/www.caudete.org\/ayuntamiento\/wp-content\/uploads\/2025\/08\/WhatsApp-Image-2025-08-21-at-00.28.07-port.jpg","articleSection":["Participaci\u00f3n Ciudadana"],"inLanguage":"es"},{"@type":"WebPage","@id":"https:\/\/www.caudete.org\/ayuntamiento\/que-opinas-del-transporte-publico-que-tenemos-los-caudetanos-para-salir-fuera-del-municipio\/","url":"https:\/\/www.caudete.org\/ayuntamiento\/que-opinas-del-transporte-publico-que-tenemos-los-caudetanos-para-salir-fuera-del-municipio\/","name":"\u00bfQue opinas del transporte p\u00fablico que tenemos los caudetanos para salir fuera del Municipio? - MI Ayuntamiento de Caudete","isPartOf":{"@id":"https:\/\/www.caudete.org\/ayuntamiento\/#website"},"primaryImageOfPage":{"@id":"https:\/\/www.caudete.org\/ayuntamiento\/que-opinas-del-transporte-publico-que-tenemos-los-caudetanos-para-salir-fuera-del-municipio\/#primaryimage"},"image":{"@id":"https:\/\/www.caudete.org\/ayuntamiento\/que-opinas-del-transporte-publico-que-tenemos-los-caudetanos-para-salir-fuera-del-municipio\/#primaryimage"},"thumbnailUrl":"https:\/\/www.caudete.org\/ayuntamiento\/wp-content\/uploads\/2025\/08\/WhatsApp-Image-2025-08-21-at-00.28.07-port.jpg","datePublished":"2025-08-21T06:29:35+00:00","dateModified":"2025-09-01T06:29:38+00:00","description":"P\u00e1gina Oficial del Ayuntamiento de Caudete (Albacete)","breadcrumb":{"@id":"https:\/\/www.caudete.org\/ayuntamiento\/que-opinas-del-transporte-publico-que-tenemos-los-caudetanos-para-salir-fuera-del-municipio\/#breadcrumb"},"inLanguage":"es","potentialAction":[{"@type":"ReadAction","target":["https:\/\/www.caudete.org\/ayuntamiento\/que-opinas-del-transporte-publico-que-tenemos-los-caudetanos-para-salir-fuera-del-municipio\/"]}]},{"@type":"ImageObject","inLanguage":"es","@id":"https:\/\/www.caudete.org\/ayuntamiento\/que-opinas-del-transporte-publico-que-tenemos-los-caudetanos-para-salir-fuera-del-municipio\/#primaryimage","url":"https:\/\/www.caudete.org\/ayuntamiento\/wp-content\/uploads\/2025\/08\/WhatsApp-Image-2025-08-21-at-00.28.07-port.jpg","contentUrl":"https:\/\/www.caudete.org\/ayuntamiento\/wp-content\/uploads\/2025\/08\/WhatsApp-Image-2025-08-21-at-00.28.07-port.jpg","width":668,"height":450},{"@type":"BreadcrumbList","@id":"https:\/\/www.caudete.org\/ayuntamiento\/que-opinas-del-transporte-publico-que-tenemos-los-caudetanos-para-salir-fuera-del-municipio\/#breadcrumb","itemListElement":[{"@type":"ListItem","position":1,"name":"Inicio","item":"https:\/\/www.caudete.org\/ayuntamiento\/"},{"@type":"ListItem","position":2,"name":"\u00bfQue opinas del transporte p\u00fablico que tenemos los caudetanos para salir fuera del Municipio?"}]},{"@type":"WebSite","@id":"https:\/\/www.caudete.org\/ayuntamiento\/#website","url":"https:\/\/www.caudete.org\/ayuntamiento\/","name":"MI Ayuntamiento de Caudete","description":"P\u00e1gina Oficial del MI Ayuntamiento de Caudete","publisher":{"@id":"https:\/\/www.caudete.org\/ayuntamiento\/#organization"},"potentialAction":[{"@type":"SearchAction","target":{"@type":"EntryPoint","urlTemplate":"https:\/\/www.caudete.org\/ayuntamiento\/?s={search_term_string}"},"query-input":{"@type":"PropertyValueSpecification","valueRequired":true,"valueName":"search_term_string"}}],"inLanguage":"es"},{"@type":"Organization","@id":"https:\/\/www.caudete.org\/ayuntamiento\/#organization","name":"Ayuntamiento de Caudete","url":"https:\/\/www.caudete.org\/ayuntamiento\/","logo":{"@type":"ImageObject","inLanguage":"es","@id":"https:\/\/www.caudete.org\/ayuntamiento\/#\/schema\/logo\/image\/","url":"https:\/\/www.caudete.org\/ayuntamiento\/wp-content\/uploads\/2020\/11\/logo_ayuntamiento_caudete.jpg","contentUrl":"https:\/\/www.caudete.org\/ayuntamiento\/wp-content\/uploads\/2020\/11\/logo_ayuntamiento_caudete.jpg","width":600,"height":150,"caption":"Ayuntamiento de Caudete"},"image":{"@id":"https:\/\/www.caudete.org\/ayuntamiento\/#\/schema\/logo\/image\/"},"sameAs":["https:\/\/www.facebook.com\/ayuntamientocaudete\/","https:\/\/www.youtube.com\/channel\/UC6VztHaooNsGpw-tNoBEFnQ"]},{"@type":"Person","@id":"https:\/\/www.caudete.org\/ayuntamiento\/#\/schema\/person\/abfa5ffd5010a14e078c21e6e61b6291","name":"informatica2","image":{"@type":"ImageObject","inLanguage":"es","@id":"https:\/\/secure.gravatar.com\/avatar\/b089890ff033a3e4d03eec00ecb5a14425217205c513f60ec32ebeaaeb5fa700?s=96&d=mm&r=g","url":"https:\/\/secure.gravatar.com\/avatar\/b089890ff033a3e4d03eec00ecb5a14425217205c513f60ec32ebeaaeb5fa700?s=96&d=mm&r=g","contentUrl":"https:\/\/secure.gravatar.com\/avatar\/b089890ff033a3e4d03eec00ecb5a14425217205c513f60ec32ebeaaeb5fa700?s=96&d=mm&r=g","caption":"informatica2"},"url":"https:\/\/www.caudete.org\/ayuntamiento\/author\/informatica2\/"}]}},"_links":{"self":[{"href":"https:\/\/www.caudete.org\/ayuntamiento\/wp-json\/wp\/v2\/posts\/30314","targetHints":{"allow":["GET"]}}],"collection":[{"href":"https:\/\/www.caudete.org\/ayuntamiento\/wp-json\/wp\/v2\/posts"}],"about":[{"href":"https:\/\/www.caudete.org\/ayuntamiento\/wp-json\/wp\/v2\/types\/post"}],"author":[{"embeddable":true,"href":"https:\/\/www.caudete.org\/ayuntamiento\/wp-json\/wp\/v2\/users\/6"}],"replies":[{"embeddable":true,"href":"https:\/\/www.caudete.org\/ayuntamiento\/wp-json\/wp\/v2\/comments?post=30314"}],"version-history":[{"count":3,"href":"https:\/\/www.caudete.org\/ayuntamiento\/wp-json\/wp\/v2\/posts\/30314\/revisions"}],"predecessor-version":[{"id":30316,"href":"https:\/\/www.caudete.org\/ayuntamiento\/wp-json\/wp\/v2\/posts\/30314\/revisions\/30316"}],"wp:featuredmedia":[{"embeddable":true,"href":"https:\/\/www.caudete.org\/ayuntamiento\/wp-json\/wp\/v2\/media\/30317"}],"wp:attachment":[{"href":"https:\/\/www.caudete.org\/ayuntamiento\/wp-json\/wp\/v2\/media?parent=30314"}],"wp:term":[{"taxonomy":"category","embeddable":true,"href":"https:\/\/www.caudete.org\/ayuntamiento\/wp-json\/wp\/v2\/categories?post=30314"},{"taxonomy":"post_tag","embeddable":true,"href":"https:\/\/www.caudete.org\/ayuntamiento\/wp-json\/wp\/v2\/tags?post=30314"}],"curies":[{"name":"wp","href":"https:\/\/api.w.org\/{rel}","templated":true}]}}