{"id":30326,"date":"2025-08-21T11:00:55","date_gmt":"2025-08-21T09:00:55","guid":{"rendered":"https:\/\/www.caudete.org\/ayuntamiento\/?p=30326"},"modified":"2025-08-21T11:39:34","modified_gmt":"2025-08-21T09:39:34","slug":"gran-respuesta-de-caudete-en-la-donacion-de-sangre-del-18-de-agosto","status":"publish","type":"post","link":"https:\/\/www.caudete.org\/ayuntamiento\/gran-respuesta-de-caudete-en-la-donacion-de-sangre-del-18-de-agosto\/","title":{"rendered":"Gran respuesta de Caudete en la donaci\u00f3n de sangre del 18 de Agosto"},"content":{"rendered":"<p style=\"text-align: justify;\"><span style=\"font-size: 12pt; font-family: georgia, palatino, serif;\">Mar\u00eda Mart\u00ednez Garc\u00eda Concejal de Sanidad del<b> M.I. Ayuntamiento de Caudete<\/b>, junto a la <b>Hermandad de Donantes de Sangre de Albacete<\/b>, quiere agradecer la enorme solidaridad mostrada por los vecinos de Caudete en la jornada de donaci\u00f3n celebrada el pasado <b>lunes, 18 de agosto de 2025<\/b>, en el Espacio Sociocultural \u201cLa Sala\u201d.<\/span><\/p>\n<p style=\"text-align: justify;\"><span style=\"font-size: 12pt; font-family: georgia, palatino, serif;\">\ud83d\udcca Resultados de la colecta:<\/span><\/p>\n<ul style=\"text-align: justify;\">\n<li><span style=\"font-size: 12pt; font-family: georgia, palatino, serif;\">Donantes presentados: <b>145<\/b><\/span><\/li>\n<li><span style=\"font-size: 12pt; font-family: georgia, palatino, serif;\">Donantes nuevos: <b>8<\/b><\/span><\/li>\n<li><span style=\"font-size: 12pt; font-family: georgia, palatino, serif;\">Donaciones efectivas: <b>126<\/b> (incluidas <b>6 af\u00e9resis<\/b>)<\/span><\/li>\n<\/ul>\n<p style=\"text-align: justify;\"><span style=\"font-size: 12pt; font-family: georgia, palatino, serif;\">Toda la sangre recogida ir\u00e1 destinada al <b>Hospital General Universitario de Albacete<\/b>, contribuyendo de manera directa a salvar vidas y a garantizar las reservas necesarias para la atenci\u00f3n sanitaria.<\/span><\/p>\n<p style=\"text-align: justify;\"><span style=\"font-size: 12pt; font-family: georgia, palatino, serif;\">Desde el Ayuntamiento queremos reconocer y agradecer profundamente la <b>colaboraci\u00f3n altruista de todos los caudetanos<\/b>, que una vez m\u00e1s han demostrado su compromiso y generosidad.<\/span><\/p>\n<p style=\"text-align: justify;\"><span style=\"font-size: 12pt; font-family: georgia, palatino, serif;\">\ud83d\udc9a Donar sangre es donar vida, y Caudete ha vuelto a dar ejemplo.<\/span><\/p>\n<p style=\"text-align: center;\"><span style=\"font-size: 12pt; font-family: georgia, palatino, serif;\"><b>M.I. Ayuntamiento de Caudete<\/b><br \/>\nConcejal\u00eda de Sanidad<\/span><\/p>\n<p><img fetchpriority=\"high\" decoding=\"async\" class=\"wp-image-29479  aligncenter\" src=\"https:\/\/www.caudete.org\/ayuntamiento\/wp-content\/uploads\/2025\/06\/Logo-Concejalia-Ayot.-Redondo-220x220.png\" alt=\"\" width=\"316\" height=\"316\" srcset=\"https:\/\/www.caudete.org\/ayuntamiento\/wp-content\/uploads\/2025\/06\/Logo-Concejalia-Ayot.-Redondo-220x220.png 220w, https:\/\/www.caudete.org\/ayuntamiento\/wp-content\/uploads\/2025\/06\/Logo-Concejalia-Ayot.-Redondo-800x800.png 800w, https:\/\/www.caudete.org\/ayuntamiento\/wp-content\/uploads\/2025\/06\/Logo-Concejalia-Ayot.-Redondo-900x900.png 900w, https:\/\/www.caudete.org\/ayuntamiento\/wp-content\/uploads\/2025\/06\/Logo-Concejalia-Ayot.-Redondo-768x768.png 768w, https:\/\/www.caudete.org\/ayuntamiento\/wp-content\/uploads\/2025\/06\/Logo-Concejalia-Ayot.-Redondo-60x60.png 60w, https:\/\/www.caudete.org\/ayuntamiento\/wp-content\/uploads\/2025\/06\/Logo-Concejalia-Ayot.-Redondo.png 1000w\" sizes=\"(max-width: 316px) 100vw, 316px\" \/><\/p>\n","protected":false},"excerpt":{"rendered":"<p>Mar\u00eda Mart\u00ednez Garc\u00eda Concejal de Sanidad del M.I. Ayuntamiento de Caudete, junto a la Hermandad de Donantes de Sangre de Albacete, quiere agradecer la enorme solidaridad mostrada por los vecinos de Caudete en la jornada de donaci\u00f3n celebrada el pasado lunes, 18 de agosto de 2025, en el Espacio Sociocultural \u201cLa Sala\u201d. \ud83d\udcca Resultados de &hellip;<\/p>\n","protected":false},"author":6,"featured_media":30328,"comment_status":"closed","ping_status":"open","sticky":false,"template":"","format":"standard","meta":{"ngg_post_thumbnail":0,"footnotes":""},"categories":[16],"tags":[],"class_list":["post-30326","post","type-post","status-publish","format-standard","has-post-thumbnail","hentry","category-sanidad"],"yoast_head":"<!-- This site is optimized with the Yoast SEO plugin v27.5 - https:\/\/yoast.com\/product\/yoast-seo-wordpress\/ -->\n<title>Gran respuesta de Caudete en la donaci\u00f3n de sangre del 18 de Agosto - MI Ayuntamiento de Caudete<\/title>\n<meta name=\"description\" content=\"P\u00e1gina Oficial del Ayuntamiento de Caudete (Albacete)\" \/>\n<meta name=\"robots\" content=\"index, follow, max-snippet:-1, max-image-preview:large, max-video-preview:-1\" \/>\n<link rel=\"canonical\" href=\"https:\/\/www.caudete.org\/ayuntamiento\/gran-respuesta-de-caudete-en-la-donacion-de-sangre-del-18-de-agosto\/\" \/>\n<meta property=\"og:locale\" content=\"es_ES\" \/>\n<meta property=\"og:type\" content=\"article\" \/>\n<meta property=\"og:title\" content=\"Gran respuesta de Caudete en la donaci\u00f3n de sangre del 18 de Agosto - MI Ayuntamiento de Caudete\" \/>\n<meta property=\"og:description\" content=\"P\u00e1gina Oficial del Ayuntamiento de Caudete (Albacete)\" \/>\n<meta property=\"og:url\" content=\"https:\/\/www.caudete.org\/ayuntamiento\/gran-respuesta-de-caudete-en-la-donacion-de-sangre-del-18-de-agosto\/\" \/>\n<meta property=\"og:site_name\" content=\"MI Ayuntamiento de Caudete\" \/>\n<meta property=\"article:publisher\" content=\"https:\/\/www.facebook.com\/ayuntamientocaudete\/\" \/>\n<meta property=\"article:published_time\" content=\"2025-08-21T09:00:55+00:00\" \/>\n<meta property=\"article:modified_time\" content=\"2025-08-21T09:39:34+00:00\" \/>\n<meta property=\"og:image\" content=\"https:\/\/www.caudete.org\/ayuntamiento\/wp-content\/uploads\/2025\/08\/Donancion-de-sangre.jpg\" \/>\n\t<meta property=\"og:image:width\" content=\"1000\" \/>\n\t<meta property=\"og:image:height\" content=\"577\" \/>\n\t<meta property=\"og:image:type\" content=\"image\/jpeg\" \/>\n<meta name=\"author\" content=\"informatica2\" \/>\n<meta name=\"twitter:card\" content=\"summary_large_image\" \/>\n<meta name=\"twitter:label1\" content=\"Escrito por\" \/>\n\t<meta name=\"twitter:data1\" content=\"informatica2\" \/>\n\t<meta name=\"twitter:label2\" content=\"Tiempo de lectura\" \/>\n\t<meta name=\"twitter:data2\" content=\"2 minutos\" \/>\n<script type=\"application\/ld+json\" class=\"yoast-schema-graph\">{\"@context\":\"https:\\\/\\\/schema.org\",\"@graph\":[{\"@type\":\"Article\",\"@id\":\"https:\\\/\\\/www.caudete.org\\\/ayuntamiento\\\/gran-respuesta-de-caudete-en-la-donacion-de-sangre-del-18-de-agosto\\\/#article\",\"isPartOf\":{\"@id\":\"https:\\\/\\\/www.caudete.org\\\/ayuntamiento\\\/gran-respuesta-de-caudete-en-la-donacion-de-sangre-del-18-de-agosto\\\/\"},\"author\":{\"name\":\"informatica2\",\"@id\":\"https:\\\/\\\/www.caudete.org\\\/ayuntamiento\\\/#\\\/schema\\\/person\\\/abfa5ffd5010a14e078c21e6e61b6291\"},\"headline\":\"Gran respuesta de Caudete en la donaci\u00f3n de sangre del 18 de Agosto\",\"datePublished\":\"2025-08-21T09:00:55+00:00\",\"dateModified\":\"2025-08-21T09:39:34+00:00\",\"mainEntityOfPage\":{\"@id\":\"https:\\\/\\\/www.caudete.org\\\/ayuntamiento\\\/gran-respuesta-de-caudete-en-la-donacion-de-sangre-del-18-de-agosto\\\/\"},\"wordCount\":159,\"image\":{\"@id\":\"https:\\\/\\\/www.caudete.org\\\/ayuntamiento\\\/gran-respuesta-de-caudete-en-la-donacion-de-sangre-del-18-de-agosto\\\/#primaryimage\"},\"thumbnailUrl\":\"https:\\\/\\\/www.caudete.org\\\/ayuntamiento\\\/wp-content\\\/uploads\\\/2025\\\/08\\\/Donancion-de-sangre.jpg\",\"articleSection\":[\"Sanidad\"],\"inLanguage\":\"es\"},{\"@type\":\"WebPage\",\"@id\":\"https:\\\/\\\/www.caudete.org\\\/ayuntamiento\\\/gran-respuesta-de-caudete-en-la-donacion-de-sangre-del-18-de-agosto\\\/\",\"url\":\"https:\\\/\\\/www.caudete.org\\\/ayuntamiento\\\/gran-respuesta-de-caudete-en-la-donacion-de-sangre-del-18-de-agosto\\\/\",\"name\":\"Gran respuesta de Caudete en la donaci\u00f3n de sangre del 18 de Agosto - MI Ayuntamiento de Caudete\",\"isPartOf\":{\"@id\":\"https:\\\/\\\/www.caudete.org\\\/ayuntamiento\\\/#website\"},\"primaryImageOfPage\":{\"@id\":\"https:\\\/\\\/www.caudete.org\\\/ayuntamiento\\\/gran-respuesta-de-caudete-en-la-donacion-de-sangre-del-18-de-agosto\\\/#primaryimage\"},\"image\":{\"@id\":\"https:\\\/\\\/www.caudete.org\\\/ayuntamiento\\\/gran-respuesta-de-caudete-en-la-donacion-de-sangre-del-18-de-agosto\\\/#primaryimage\"},\"thumbnailUrl\":\"https:\\\/\\\/www.caudete.org\\\/ayuntamiento\\\/wp-content\\\/uploads\\\/2025\\\/08\\\/Donancion-de-sangre.jpg\",\"datePublished\":\"2025-08-21T09:00:55+00:00\",\"dateModified\":\"2025-08-21T09:39:34+00:00\",\"author\":{\"@id\":\"https:\\\/\\\/www.caudete.org\\\/ayuntamiento\\\/#\\\/schema\\\/person\\\/abfa5ffd5010a14e078c21e6e61b6291\"},\"description\":\"P\u00e1gina Oficial del Ayuntamiento de Caudete (Albacete)\",\"breadcrumb\":{\"@id\":\"https:\\\/\\\/www.caudete.org\\\/ayuntamiento\\\/gran-respuesta-de-caudete-en-la-donacion-de-sangre-del-18-de-agosto\\\/#breadcrumb\"},\"inLanguage\":\"es\",\"potentialAction\":[{\"@type\":\"ReadAction\",\"target\":[\"https:\\\/\\\/www.caudete.org\\\/ayuntamiento\\\/gran-respuesta-de-caudete-en-la-donacion-de-sangre-del-18-de-agosto\\\/\"]}]},{\"@type\":\"ImageObject\",\"inLanguage\":\"es\",\"@id\":\"https:\\\/\\\/www.caudete.org\\\/ayuntamiento\\\/gran-respuesta-de-caudete-en-la-donacion-de-sangre-del-18-de-agosto\\\/#primaryimage\",\"url\":\"https:\\\/\\\/www.caudete.org\\\/ayuntamiento\\\/wp-content\\\/uploads\\\/2025\\\/08\\\/Donancion-de-sangre.jpg\",\"contentUrl\":\"https:\\\/\\\/www.caudete.org\\\/ayuntamiento\\\/wp-content\\\/uploads\\\/2025\\\/08\\\/Donancion-de-sangre.jpg\",\"width\":1000,\"height\":577},{\"@type\":\"BreadcrumbList\",\"@id\":\"https:\\\/\\\/www.caudete.org\\\/ayuntamiento\\\/gran-respuesta-de-caudete-en-la-donacion-de-sangre-del-18-de-agosto\\\/#breadcrumb\",\"itemListElement\":[{\"@type\":\"ListItem\",\"position\":1,\"name\":\"Inicio\",\"item\":\"https:\\\/\\\/www.caudete.org\\\/ayuntamiento\\\/\"},{\"@type\":\"ListItem\",\"position\":2,\"name\":\"Gran respuesta de Caudete en la donaci\u00f3n de sangre del 18 de Agosto\"}]},{\"@type\":\"WebSite\",\"@id\":\"https:\\\/\\\/www.caudete.org\\\/ayuntamiento\\\/#website\",\"url\":\"https:\\\/\\\/www.caudete.org\\\/ayuntamiento\\\/\",\"name\":\"MI Ayuntamiento de Caudete\",\"description\":\"P\u00e1gina Oficial del MI Ayuntamiento de Caudete\",\"potentialAction\":[{\"@type\":\"SearchAction\",\"target\":{\"@type\":\"EntryPoint\",\"urlTemplate\":\"https:\\\/\\\/www.caudete.org\\\/ayuntamiento\\\/?s={search_term_string}\"},\"query-input\":{\"@type\":\"PropertyValueSpecification\",\"valueRequired\":true,\"valueName\":\"search_term_string\"}}],\"inLanguage\":\"es\"},{\"@type\":\"Person\",\"@id\":\"https:\\\/\\\/www.caudete.org\\\/ayuntamiento\\\/#\\\/schema\\\/person\\\/abfa5ffd5010a14e078c21e6e61b6291\",\"name\":\"informatica2\",\"image\":{\"@type\":\"ImageObject\",\"inLanguage\":\"es\",\"@id\":\"https:\\\/\\\/secure.gravatar.com\\\/avatar\\\/b089890ff033a3e4d03eec00ecb5a14425217205c513f60ec32ebeaaeb5fa700?s=96&d=mm&r=g\",\"url\":\"https:\\\/\\\/secure.gravatar.com\\\/avatar\\\/b089890ff033a3e4d03eec00ecb5a14425217205c513f60ec32ebeaaeb5fa700?s=96&d=mm&r=g\",\"contentUrl\":\"https:\\\/\\\/secure.gravatar.com\\\/avatar\\\/b089890ff033a3e4d03eec00ecb5a14425217205c513f60ec32ebeaaeb5fa700?s=96&d=mm&r=g\",\"caption\":\"informatica2\"},\"url\":\"https:\\\/\\\/www.caudete.org\\\/ayuntamiento\\\/author\\\/informatica2\\\/\"}]}<\/script>\n<!-- \/ Yoast SEO plugin. -->","yoast_head_json":{"title":"Gran respuesta de Caudete en la donaci\u00f3n de sangre del 18 de Agosto - MI Ayuntamiento de Caudete","description":"P\u00e1gina Oficial del Ayuntamiento de Caudete (Albacete)","robots":{"index":"index","follow":"follow","max-snippet":"max-snippet:-1","max-image-preview":"max-image-preview:large","max-video-preview":"max-video-preview:-1"},"canonical":"https:\/\/www.caudete.org\/ayuntamiento\/gran-respuesta-de-caudete-en-la-donacion-de-sangre-del-18-de-agosto\/","og_locale":"es_ES","og_type":"article","og_title":"Gran respuesta de Caudete en la donaci\u00f3n de sangre del 18 de Agosto - MI Ayuntamiento de Caudete","og_description":"P\u00e1gina Oficial del Ayuntamiento de Caudete (Albacete)","og_url":"https:\/\/www.caudete.org\/ayuntamiento\/gran-respuesta-de-caudete-en-la-donacion-de-sangre-del-18-de-agosto\/","og_site_name":"MI Ayuntamiento de Caudete","article_publisher":"https:\/\/www.facebook.com\/ayuntamientocaudete\/","article_published_time":"2025-08-21T09:00:55+00:00","article_modified_time":"2025-08-21T09:39:34+00:00","og_image":[{"width":1000,"height":577,"url":"https:\/\/www.caudete.org\/ayuntamiento\/wp-content\/uploads\/2025\/08\/Donancion-de-sangre.jpg","type":"image\/jpeg"}],"author":"informatica2","twitter_card":"summary_large_image","twitter_misc":{"Escrito por":"informatica2","Tiempo de lectura":"2 minutos"},"schema":{"@context":"https:\/\/schema.org","@graph":[{"@type":"Article","@id":"https:\/\/www.caudete.org\/ayuntamiento\/gran-respuesta-de-caudete-en-la-donacion-de-sangre-del-18-de-agosto\/#article","isPartOf":{"@id":"https:\/\/www.caudete.org\/ayuntamiento\/gran-respuesta-de-caudete-en-la-donacion-de-sangre-del-18-de-agosto\/"},"author":{"name":"informatica2","@id":"https:\/\/www.caudete.org\/ayuntamiento\/#\/schema\/person\/abfa5ffd5010a14e078c21e6e61b6291"},"headline":"Gran respuesta de Caudete en la donaci\u00f3n de sangre del 18 de Agosto","datePublished":"2025-08-21T09:00:55+00:00","dateModified":"2025-08-21T09:39:34+00:00","mainEntityOfPage":{"@id":"https:\/\/www.caudete.org\/ayuntamiento\/gran-respuesta-de-caudete-en-la-donacion-de-sangre-del-18-de-agosto\/"},"wordCount":159,"image":{"@id":"https:\/\/www.caudete.org\/ayuntamiento\/gran-respuesta-de-caudete-en-la-donacion-de-sangre-del-18-de-agosto\/#primaryimage"},"thumbnailUrl":"https:\/\/www.caudete.org\/ayuntamiento\/wp-content\/uploads\/2025\/08\/Donancion-de-sangre.jpg","articleSection":["Sanidad"],"inLanguage":"es"},{"@type":"WebPage","@id":"https:\/\/www.caudete.org\/ayuntamiento\/gran-respuesta-de-caudete-en-la-donacion-de-sangre-del-18-de-agosto\/","url":"https:\/\/www.caudete.org\/ayuntamiento\/gran-respuesta-de-caudete-en-la-donacion-de-sangre-del-18-de-agosto\/","name":"Gran respuesta de Caudete en la donaci\u00f3n de sangre del 18 de Agosto - MI Ayuntamiento de Caudete","isPartOf":{"@id":"https:\/\/www.caudete.org\/ayuntamiento\/#website"},"primaryImageOfPage":{"@id":"https:\/\/www.caudete.org\/ayuntamiento\/gran-respuesta-de-caudete-en-la-donacion-de-sangre-del-18-de-agosto\/#primaryimage"},"image":{"@id":"https:\/\/www.caudete.org\/ayuntamiento\/gran-respuesta-de-caudete-en-la-donacion-de-sangre-del-18-de-agosto\/#primaryimage"},"thumbnailUrl":"https:\/\/www.caudete.org\/ayuntamiento\/wp-content\/uploads\/2025\/08\/Donancion-de-sangre.jpg","datePublished":"2025-08-21T09:00:55+00:00","dateModified":"2025-08-21T09:39:34+00:00","author":{"@id":"https:\/\/www.caudete.org\/ayuntamiento\/#\/schema\/person\/abfa5ffd5010a14e078c21e6e61b6291"},"description":"P\u00e1gina Oficial del Ayuntamiento de Caudete (Albacete)","breadcrumb":{"@id":"https:\/\/www.caudete.org\/ayuntamiento\/gran-respuesta-de-caudete-en-la-donacion-de-sangre-del-18-de-agosto\/#breadcrumb"},"inLanguage":"es","potentialAction":[{"@type":"ReadAction","target":["https:\/\/www.caudete.org\/ayuntamiento\/gran-respuesta-de-caudete-en-la-donacion-de-sangre-del-18-de-agosto\/"]}]},{"@type":"ImageObject","inLanguage":"es","@id":"https:\/\/www.caudete.org\/ayuntamiento\/gran-respuesta-de-caudete-en-la-donacion-de-sangre-del-18-de-agosto\/#primaryimage","url":"https:\/\/www.caudete.org\/ayuntamiento\/wp-content\/uploads\/2025\/08\/Donancion-de-sangre.jpg","contentUrl":"https:\/\/www.caudete.org\/ayuntamiento\/wp-content\/uploads\/2025\/08\/Donancion-de-sangre.jpg","width":1000,"height":577},{"@type":"BreadcrumbList","@id":"https:\/\/www.caudete.org\/ayuntamiento\/gran-respuesta-de-caudete-en-la-donacion-de-sangre-del-18-de-agosto\/#breadcrumb","itemListElement":[{"@type":"ListItem","position":1,"name":"Inicio","item":"https:\/\/www.caudete.org\/ayuntamiento\/"},{"@type":"ListItem","position":2,"name":"Gran respuesta de Caudete en la donaci\u00f3n de sangre del 18 de Agosto"}]},{"@type":"WebSite","@id":"https:\/\/www.caudete.org\/ayuntamiento\/#website","url":"https:\/\/www.caudete.org\/ayuntamiento\/","name":"MI Ayuntamiento de Caudete","description":"P\u00e1gina Oficial del MI Ayuntamiento de Caudete","potentialAction":[{"@type":"SearchAction","target":{"@type":"EntryPoint","urlTemplate":"https:\/\/www.caudete.org\/ayuntamiento\/?s={search_term_string}"},"query-input":{"@type":"PropertyValueSpecification","valueRequired":true,"valueName":"search_term_string"}}],"inLanguage":"es"},{"@type":"Person","@id":"https:\/\/www.caudete.org\/ayuntamiento\/#\/schema\/person\/abfa5ffd5010a14e078c21e6e61b6291","name":"informatica2","image":{"@type":"ImageObject","inLanguage":"es","@id":"https:\/\/secure.gravatar.com\/avatar\/b089890ff033a3e4d03eec00ecb5a14425217205c513f60ec32ebeaaeb5fa700?s=96&d=mm&r=g","url":"https:\/\/secure.gravatar.com\/avatar\/b089890ff033a3e4d03eec00ecb5a14425217205c513f60ec32ebeaaeb5fa700?s=96&d=mm&r=g","contentUrl":"https:\/\/secure.gravatar.com\/avatar\/b089890ff033a3e4d03eec00ecb5a14425217205c513f60ec32ebeaaeb5fa700?s=96&d=mm&r=g","caption":"informatica2"},"url":"https:\/\/www.caudete.org\/ayuntamiento\/author\/informatica2\/"}]}},"_links":{"self":[{"href":"https:\/\/www.caudete.org\/ayuntamiento\/wp-json\/wp\/v2\/posts\/30326","targetHints":{"allow":["GET"]}}],"collection":[{"href":"https:\/\/www.caudete.org\/ayuntamiento\/wp-json\/wp\/v2\/posts"}],"about":[{"href":"https:\/\/www.caudete.org\/ayuntamiento\/wp-json\/wp\/v2\/types\/post"}],"author":[{"embeddable":true,"href":"https:\/\/www.caudete.org\/ayuntamiento\/wp-json\/wp\/v2\/users\/6"}],"replies":[{"embeddable":true,"href":"https:\/\/www.caudete.org\/ayuntamiento\/wp-json\/wp\/v2\/comments?post=30326"}],"version-history":[{"count":6,"href":"https:\/\/www.caudete.org\/ayuntamiento\/wp-json\/wp\/v2\/posts\/30326\/revisions"}],"predecessor-version":[{"id":30333,"href":"https:\/\/www.caudete.org\/ayuntamiento\/wp-json\/wp\/v2\/posts\/30326\/revisions\/30333"}],"wp:featuredmedia":[{"embeddable":true,"href":"https:\/\/www.caudete.org\/ayuntamiento\/wp-json\/wp\/v2\/media\/30328"}],"wp:attachment":[{"href":"https:\/\/www.caudete.org\/ayuntamiento\/wp-json\/wp\/v2\/media?parent=30326"}],"wp:term":[{"taxonomy":"category","embeddable":true,"href":"https:\/\/www.caudete.org\/ayuntamiento\/wp-json\/wp\/v2\/categories?post=30326"},{"taxonomy":"post_tag","embeddable":true,"href":"https:\/\/www.caudete.org\/ayuntamiento\/wp-json\/wp\/v2\/tags?post=30326"}],"curies":[{"name":"wp","href":"https:\/\/api.w.org\/{rel}","templated":true}]}}