{"id":30383,"date":"2025-08-26T12:01:47","date_gmt":"2025-08-26T10:01:47","guid":{"rendered":"https:\/\/www.caudete.org\/ayuntamiento\/?p=30383"},"modified":"2025-09-19T08:08:32","modified_gmt":"2025-09-19T06:08:32","slug":"abierto-el-plazo-de-inscripciones-para-la-asistencia-al-plan-corresponsables-de-caudete-2","status":"publish","type":"post","link":"https:\/\/www.caudete.org\/ayuntamiento\/abierto-el-plazo-de-inscripciones-para-la-asistencia-al-plan-corresponsables-de-caudete-2\/","title":{"rendered":"Abierto el plazo de inscripciones para la asistencia  al plan corresponsables de Caudete"},"content":{"rendered":"<p style=\"text-align: justify;\" align=\"justify\">Desde la Concejal\u00eda de Igualdad se informa que desde el <b>1 de septiembr<\/b><b>e<\/b> estar\u00e1 abierto el plazo para inscribirse en las actividades que se desarrollar\u00e1n a trav\u00e9s del <b>Plan Corresponsables durante el curso 202<\/b><b>5<\/b><b>-202<\/b><b>6<\/b><b>.<\/b><\/p>\n<p style=\"text-align: justify;\" align=\"justify\">Conforme a las bases los\/las <b>beneficiarios\/as ser\u00e1n la familias<\/b> que presenten <b>dificultades para conciliar la vida personal, familiar y laboral <\/b>porque se encuentren en una s<b>ituaci\u00f3n activa laboral<\/b>, asistan a <b>programas formativos<\/b>, est\u00e9n en <b>b\u00fasqueda activa de empleo<\/b> o se les presenten <b>situaciones excepcionales o sobrevenidas<\/b> como tratamientos m\u00e9dicos, enfermedades graves, entrevistas profesionales, etc.<\/p>\n<p style=\"text-align: justify;\" align=\"justify\">Se van a poner en marcha <b>3<\/b><b> Aulas de conciliaci\u00f3n<\/b> a partir del <b>1<\/b><b> de <\/b><b>octubre<\/b> de 2025:<\/p>\n<p style=\"text-align: justify;\"><b>\u00a0 \u00a0 \u00a0 \u00a0 \u00a0 1. Aula <\/b><b>M<\/b><b>atinal: <\/b>se ubicar\u00e1n en los C.E.I.P. Gloria Fuertes, C.E.I.P. El Paseo y C.E.I.P. Alc\u00e1zar y Serrano. El horario establecido ser\u00e1 de <b>7:30 a 9:00 <\/b><b>horas<\/b>. Se establece un m\u00ednimo de 3 usuarios por aula.<br \/>\nEl servicio de aula matinal se prestar\u00e1 todos los d\u00edas lectivos del curso, seg\u00fan calendario escolar provincial de ense\u00f1anzas no universitarias aprobado por la Consejer\u00eda de Educaci\u00f3n, Cultura y Deporte para el curso escolar 2025\/2026.<\/p>\n<p style=\"text-align: justify;\"><b>\u00a0 \u00a0 \u00a0 \u00a0 \u00a0 2. A<\/b><b>ula <\/b><b>V<\/b><b>espertina: <\/b>este servicio de conciliaci\u00f3n se ofertar\u00e1 en horario de tarde, <b>comenzar\u00e1 <\/b><b>a las 16:<\/b><b>3<\/b><b>0 horas y finalizar\u00e1 a las <\/b><b>19<\/b><b>:00 horas<\/b>. El aula estar\u00e1 ubicada en el C.E.I.P. Gloria Fuertes.<\/p>\n<p style=\"text-align: justify;\"><b>\u00a0 \u00a0 \u00a0 \u00a0 \u00a0 3. Aula extraordinaria:<\/b> se desarrollar\u00e1 durante los d\u00edas no lectivos conforme al calendario escolar y siendo d\u00edas laborables. El horario establecido ser\u00e1 de <b>ma\u00f1ana de 9:00 a 14:00 horas. <\/b>El aula estar\u00e1 ubicada en el <strong>C.E.I.P. Gloria Fuertes<\/strong>.<\/p>\n<p style=\"text-align: justify;\" align=\"justify\">Podr\u00e1n inscribirse a<b> los\/as menores nacidos\/<\/b><b>as<\/b><b> entre el 201<\/b><b>3<\/b><b> y el 202<\/b><b>2<\/b><b>.<\/b> En el supuesto que la demanda supere a las plazas disponibles se aplicar\u00e1n los criterios que prioricen a los grupos establecidos en el Decreto 43\/2024, de 30 de julio, por el que se regula las subvenciones a municipios de Castilla-La Mancha para el desarrollo de actuaciones incluidas en el Plan Corresponsables.<\/p>\n<p style=\"text-align: justify;\" align=\"justify\">La solicitud debidamente cumplimentada se acompa\u00f1ar\u00e1 con la siguiente documentaci\u00f3n:<\/p>\n<p style=\"padding-left: 40px;\" align=\"justify\">\u2022 Fotocopia del NIF , o en su caso NIE, de la persona solicitante.<br \/>\n\u2022 Fotocopia del libro de familia o resoluci\u00f3n judicial o administrativa.<br \/>\n\u2022 Declaraci\u00f3n de la RENTA 2024.<br \/>\n\u2022 Fotocopia de la tarjeta sanitaria del\/la menor.<br \/>\n\u2022 Justificante de la necesidad del servicio (contrato de trabajo, justificante de la actividad formativa\u2026).<\/p>\n<p style=\"text-align: justify;\" align=\"justify\">Y en su caso:<\/p>\n<p style=\"padding-left: 40px;\" align=\"justify\">\u2022 T\u00edtulo de familia numerosa.<br \/>\n\u2022 Fotocopia de sentencia de separaci\u00f3n y convenio regulador.<br \/>\n\u2022 Resoluci\u00f3n del grado de discapacidad del solicitante y\/o menor.<br \/>\n\u2022 Informes m\u00e9dicos relevantes del\/de la menor (<b>Alergias, intolerancias aliment<\/b><b>arias<\/b><b>, medicaci\u00f3n habitual por enfermedades cr\u00f3nicas<\/b>,\u2026).<br \/>\n\u2022 Documentaci\u00f3n acreditativa de la condici\u00f3n de V\u00edctima de Violencia de G\u00e9nero.<br \/>\n\u2022 Otra documentaci\u00f3n de las circunstancias que se aleguen.<\/p>\n<p style=\"text-align: justify;\" align=\"justify\">El <b>Centro de la Mujer de Caudete<\/b> tramitar\u00e1 los expedientes y resolver\u00e1 cualquier cuesti\u00f3n que se pueda plantear. Dicho Centro se encuentra ubicado en el \u00c1rea de Servicios Sociales sito en calle <strong>Paracuellos de la Vega n.\u00ba 3<\/strong> de Caudete.<\/p>\n<hr \/>\n<p style=\"text-align: justify;\" align=\"justify\"><a href=\"https:\/\/www.caudete.org\/ayuntamiento\/wp-content\/uploads\/2025\/08\/Bases-y-convocatoria-Plan-Corresponsables-2025-2026-corregidas.pdf\" class=\"mtli_attachment mtli_pdf\">Bases y convocatoria Plan Corresponsables 2025-2026 corregidas<\/a><\/p>\n<p style=\"text-align: justify;\" align=\"justify\"><a href=\"https:\/\/www.caudete.org\/ayuntamiento\/wp-content\/uploads\/2025\/08\/Instancia-general-para-el-Registro-General-del-Ayuntamiento.pdf\" class=\"mtli_attachment mtli_pdf\">Instancia-general-para-el-Registro-General-del-Ayuntamiento<\/a><\/p>\n<p align=\"justify\"><a href=\"https:\/\/www.caudete.org\/ayuntamiento\/wp-content\/uploads\/2025\/08\/SOLICITUD-DETALLADA-PARA-AULAS-DEL-PLAN-CORRESPONSABLES-DE-CAUDETE-24-25.pdf\" class=\"mtli_attachment mtli_pdf\">Solicitud detallada para Aulas del Plan CORRESPONSABLE de Caudete 2025-2026<\/a><\/p>\n<hr \/>\n<p style=\"text-align: justify;\" align=\"justify\"><img fetchpriority=\"high\" decoding=\"async\" class=\"alignnone wp-image-30385 size-full\" src=\"https:\/\/www.caudete.org\/ayuntamiento\/wp-content\/uploads\/2025\/08\/CARTEL-CUARTO-TRIMESTRE-2025-AULAS-CORRESPONSABLES.jpg\" alt=\"\" width=\"1000\" height=\"1415\" srcset=\"https:\/\/www.caudete.org\/ayuntamiento\/wp-content\/uploads\/2025\/08\/CARTEL-CUARTO-TRIMESTRE-2025-AULAS-CORRESPONSABLES.jpg 1000w, https:\/\/www.caudete.org\/ayuntamiento\/wp-content\/uploads\/2025\/08\/CARTEL-CUARTO-TRIMESTRE-2025-AULAS-CORRESPONSABLES-565x800.jpg 565w, https:\/\/www.caudete.org\/ayuntamiento\/wp-content\/uploads\/2025\/08\/CARTEL-CUARTO-TRIMESTRE-2025-AULAS-CORRESPONSABLES-636x900.jpg 636w, https:\/\/www.caudete.org\/ayuntamiento\/wp-content\/uploads\/2025\/08\/CARTEL-CUARTO-TRIMESTRE-2025-AULAS-CORRESPONSABLES-155x220.jpg 155w, https:\/\/www.caudete.org\/ayuntamiento\/wp-content\/uploads\/2025\/08\/CARTEL-CUARTO-TRIMESTRE-2025-AULAS-CORRESPONSABLES-768x1087.jpg 768w\" sizes=\"(max-width: 1000px) 100vw, 1000px\" \/><\/p>\n","protected":false},"excerpt":{"rendered":"<p>Desde la Concejal\u00eda de Igualdad se informa que desde el 1 de septiembre estar\u00e1 abierto el plazo para inscribirse en las actividades que se desarrollar\u00e1n a trav\u00e9s del Plan Corresponsables durante el curso 2025-2026. Conforme a las bases los\/las beneficiarios\/as ser\u00e1n la familias que presenten dificultades para conciliar la vida personal, familiar y laboral porque &hellip;<\/p>\n","protected":false},"author":6,"featured_media":30388,"comment_status":"closed","ping_status":"open","sticky":false,"template":"","format":"standard","meta":{"ngg_post_thumbnail":0,"footnotes":""},"categories":[522],"tags":[],"class_list":["post-30383","post","type-post","status-publish","format-standard","has-post-thumbnail","hentry","category-igualdad"],"yoast_head":"<!-- This site is optimized with the Yoast SEO plugin v27.5 - https:\/\/yoast.com\/product\/yoast-seo-wordpress\/ -->\n<title>Abierto el plazo de inscripciones para la asistencia al plan corresponsables de Caudete - MI Ayuntamiento de Caudete<\/title>\n<meta name=\"description\" content=\"P\u00e1gina Oficial del Ayuntamiento de Caudete (Albacete)\" \/>\n<meta name=\"robots\" content=\"index, follow, max-snippet:-1, max-image-preview:large, max-video-preview:-1\" \/>\n<link rel=\"canonical\" href=\"https:\/\/www.caudete.org\/ayuntamiento\/abierto-el-plazo-de-inscripciones-para-la-asistencia-al-plan-corresponsables-de-caudete-2\/\" \/>\n<meta property=\"og:locale\" content=\"es_ES\" \/>\n<meta property=\"og:type\" content=\"article\" \/>\n<meta property=\"og:title\" content=\"Abierto el plazo de inscripciones para la asistencia al plan corresponsables de Caudete - MI Ayuntamiento de Caudete\" \/>\n<meta property=\"og:description\" content=\"P\u00e1gina Oficial del Ayuntamiento de Caudete (Albacete)\" \/>\n<meta property=\"og:url\" content=\"https:\/\/www.caudete.org\/ayuntamiento\/abierto-el-plazo-de-inscripciones-para-la-asistencia-al-plan-corresponsables-de-caudete-2\/\" \/>\n<meta property=\"og:site_name\" content=\"MI Ayuntamiento de Caudete\" \/>\n<meta property=\"article:publisher\" content=\"https:\/\/www.facebook.com\/ayuntamientocaudete\/\" \/>\n<meta property=\"article:published_time\" content=\"2025-08-26T10:01:47+00:00\" \/>\n<meta property=\"article:modified_time\" content=\"2025-09-19T06:08:32+00:00\" \/>\n<meta property=\"og:image\" content=\"https:\/\/www.caudete.org\/ayuntamiento\/wp-content\/uploads\/2025\/08\/CARTEL-CUARTO-TRIMESTRE-2025-AULAS-CORRESPONSABLES-port.jpg\" \/>\n\t<meta property=\"og:image:width\" content=\"1000\" \/>\n\t<meta property=\"og:image:height\" content=\"715\" \/>\n\t<meta property=\"og:image:type\" content=\"image\/jpeg\" \/>\n<meta name=\"author\" content=\"informatica2\" \/>\n<meta name=\"twitter:card\" content=\"summary_large_image\" \/>\n<meta name=\"twitter:label1\" content=\"Escrito por\" \/>\n\t<meta name=\"twitter:data1\" content=\"informatica2\" \/>\n\t<meta name=\"twitter:label2\" content=\"Tiempo de lectura\" \/>\n\t<meta name=\"twitter:data2\" content=\"3 minutos\" \/>\n<script type=\"application\/ld+json\" class=\"yoast-schema-graph\">{\"@context\":\"https:\\\/\\\/schema.org\",\"@graph\":[{\"@type\":\"Article\",\"@id\":\"https:\\\/\\\/www.caudete.org\\\/ayuntamiento\\\/abierto-el-plazo-de-inscripciones-para-la-asistencia-al-plan-corresponsables-de-caudete-2\\\/#article\",\"isPartOf\":{\"@id\":\"https:\\\/\\\/www.caudete.org\\\/ayuntamiento\\\/abierto-el-plazo-de-inscripciones-para-la-asistencia-al-plan-corresponsables-de-caudete-2\\\/\"},\"author\":{\"name\":\"informatica2\",\"@id\":\"https:\\\/\\\/www.caudete.org\\\/ayuntamiento\\\/#\\\/schema\\\/person\\\/abfa5ffd5010a14e078c21e6e61b6291\"},\"headline\":\"Abierto el plazo de inscripciones para la asistencia al plan corresponsables de Caudete\",\"datePublished\":\"2025-08-26T10:01:47+00:00\",\"dateModified\":\"2025-09-19T06:08:32+00:00\",\"mainEntityOfPage\":{\"@id\":\"https:\\\/\\\/www.caudete.org\\\/ayuntamiento\\\/abierto-el-plazo-de-inscripciones-para-la-asistencia-al-plan-corresponsables-de-caudete-2\\\/\"},\"wordCount\":543,\"publisher\":{\"@id\":\"https:\\\/\\\/www.caudete.org\\\/ayuntamiento\\\/#organization\"},\"image\":{\"@id\":\"https:\\\/\\\/www.caudete.org\\\/ayuntamiento\\\/abierto-el-plazo-de-inscripciones-para-la-asistencia-al-plan-corresponsables-de-caudete-2\\\/#primaryimage\"},\"thumbnailUrl\":\"https:\\\/\\\/www.caudete.org\\\/ayuntamiento\\\/wp-content\\\/uploads\\\/2025\\\/08\\\/CARTEL-CUARTO-TRIMESTRE-2025-AULAS-CORRESPONSABLES-port.jpg\",\"articleSection\":[\"Igualdad\"],\"inLanguage\":\"es\"},{\"@type\":\"WebPage\",\"@id\":\"https:\\\/\\\/www.caudete.org\\\/ayuntamiento\\\/abierto-el-plazo-de-inscripciones-para-la-asistencia-al-plan-corresponsables-de-caudete-2\\\/\",\"url\":\"https:\\\/\\\/www.caudete.org\\\/ayuntamiento\\\/abierto-el-plazo-de-inscripciones-para-la-asistencia-al-plan-corresponsables-de-caudete-2\\\/\",\"name\":\"Abierto el plazo de inscripciones para la asistencia al plan corresponsables de Caudete - MI Ayuntamiento de Caudete\",\"isPartOf\":{\"@id\":\"https:\\\/\\\/www.caudete.org\\\/ayuntamiento\\\/#website\"},\"primaryImageOfPage\":{\"@id\":\"https:\\\/\\\/www.caudete.org\\\/ayuntamiento\\\/abierto-el-plazo-de-inscripciones-para-la-asistencia-al-plan-corresponsables-de-caudete-2\\\/#primaryimage\"},\"image\":{\"@id\":\"https:\\\/\\\/www.caudete.org\\\/ayuntamiento\\\/abierto-el-plazo-de-inscripciones-para-la-asistencia-al-plan-corresponsables-de-caudete-2\\\/#primaryimage\"},\"thumbnailUrl\":\"https:\\\/\\\/www.caudete.org\\\/ayuntamiento\\\/wp-content\\\/uploads\\\/2025\\\/08\\\/CARTEL-CUARTO-TRIMESTRE-2025-AULAS-CORRESPONSABLES-port.jpg\",\"datePublished\":\"2025-08-26T10:01:47+00:00\",\"dateModified\":\"2025-09-19T06:08:32+00:00\",\"description\":\"P\u00e1gina Oficial del Ayuntamiento de Caudete (Albacete)\",\"breadcrumb\":{\"@id\":\"https:\\\/\\\/www.caudete.org\\\/ayuntamiento\\\/abierto-el-plazo-de-inscripciones-para-la-asistencia-al-plan-corresponsables-de-caudete-2\\\/#breadcrumb\"},\"inLanguage\":\"es\",\"potentialAction\":[{\"@type\":\"ReadAction\",\"target\":[\"https:\\\/\\\/www.caudete.org\\\/ayuntamiento\\\/abierto-el-plazo-de-inscripciones-para-la-asistencia-al-plan-corresponsables-de-caudete-2\\\/\"]}]},{\"@type\":\"ImageObject\",\"inLanguage\":\"es\",\"@id\":\"https:\\\/\\\/www.caudete.org\\\/ayuntamiento\\\/abierto-el-plazo-de-inscripciones-para-la-asistencia-al-plan-corresponsables-de-caudete-2\\\/#primaryimage\",\"url\":\"https:\\\/\\\/www.caudete.org\\\/ayuntamiento\\\/wp-content\\\/uploads\\\/2025\\\/08\\\/CARTEL-CUARTO-TRIMESTRE-2025-AULAS-CORRESPONSABLES-port.jpg\",\"contentUrl\":\"https:\\\/\\\/www.caudete.org\\\/ayuntamiento\\\/wp-content\\\/uploads\\\/2025\\\/08\\\/CARTEL-CUARTO-TRIMESTRE-2025-AULAS-CORRESPONSABLES-port.jpg\",\"width\":1000,\"height\":715},{\"@type\":\"BreadcrumbList\",\"@id\":\"https:\\\/\\\/www.caudete.org\\\/ayuntamiento\\\/abierto-el-plazo-de-inscripciones-para-la-asistencia-al-plan-corresponsables-de-caudete-2\\\/#breadcrumb\",\"itemListElement\":[{\"@type\":\"ListItem\",\"position\":1,\"name\":\"Inicio\",\"item\":\"https:\\\/\\\/www.caudete.org\\\/ayuntamiento\\\/\"},{\"@type\":\"ListItem\",\"position\":2,\"name\":\"Abierto el plazo de inscripciones para la asistencia al plan corresponsables de Caudete\"}]},{\"@type\":\"WebSite\",\"@id\":\"https:\\\/\\\/www.caudete.org\\\/ayuntamiento\\\/#website\",\"url\":\"https:\\\/\\\/www.caudete.org\\\/ayuntamiento\\\/\",\"name\":\"MI Ayuntamiento de Caudete\",\"description\":\"P\u00e1gina Oficial del MI Ayuntamiento de Caudete\",\"publisher\":{\"@id\":\"https:\\\/\\\/www.caudete.org\\\/ayuntamiento\\\/#organization\"},\"potentialAction\":[{\"@type\":\"SearchAction\",\"target\":{\"@type\":\"EntryPoint\",\"urlTemplate\":\"https:\\\/\\\/www.caudete.org\\\/ayuntamiento\\\/?s={search_term_string}\"},\"query-input\":{\"@type\":\"PropertyValueSpecification\",\"valueRequired\":true,\"valueName\":\"search_term_string\"}}],\"inLanguage\":\"es\"},{\"@type\":\"Organization\",\"@id\":\"https:\\\/\\\/www.caudete.org\\\/ayuntamiento\\\/#organization\",\"name\":\"Ayuntamiento de Caudete\",\"url\":\"https:\\\/\\\/www.caudete.org\\\/ayuntamiento\\\/\",\"logo\":{\"@type\":\"ImageObject\",\"inLanguage\":\"es\",\"@id\":\"https:\\\/\\\/www.caudete.org\\\/ayuntamiento\\\/#\\\/schema\\\/logo\\\/image\\\/\",\"url\":\"https:\\\/\\\/www.caudete.org\\\/ayuntamiento\\\/wp-content\\\/uploads\\\/2020\\\/11\\\/logo_ayuntamiento_caudete.jpg\",\"contentUrl\":\"https:\\\/\\\/www.caudete.org\\\/ayuntamiento\\\/wp-content\\\/uploads\\\/2020\\\/11\\\/logo_ayuntamiento_caudete.jpg\",\"width\":600,\"height\":150,\"caption\":\"Ayuntamiento de Caudete\"},\"image\":{\"@id\":\"https:\\\/\\\/www.caudete.org\\\/ayuntamiento\\\/#\\\/schema\\\/logo\\\/image\\\/\"},\"sameAs\":[\"https:\\\/\\\/www.facebook.com\\\/ayuntamientocaudete\\\/\",\"https:\\\/\\\/www.youtube.com\\\/channel\\\/UC6VztHaooNsGpw-tNoBEFnQ\"]},{\"@type\":\"Person\",\"@id\":\"https:\\\/\\\/www.caudete.org\\\/ayuntamiento\\\/#\\\/schema\\\/person\\\/abfa5ffd5010a14e078c21e6e61b6291\",\"name\":\"informatica2\",\"image\":{\"@type\":\"ImageObject\",\"inLanguage\":\"es\",\"@id\":\"https:\\\/\\\/secure.gravatar.com\\\/avatar\\\/b089890ff033a3e4d03eec00ecb5a14425217205c513f60ec32ebeaaeb5fa700?s=96&d=mm&r=g\",\"url\":\"https:\\\/\\\/secure.gravatar.com\\\/avatar\\\/b089890ff033a3e4d03eec00ecb5a14425217205c513f60ec32ebeaaeb5fa700?s=96&d=mm&r=g\",\"contentUrl\":\"https:\\\/\\\/secure.gravatar.com\\\/avatar\\\/b089890ff033a3e4d03eec00ecb5a14425217205c513f60ec32ebeaaeb5fa700?s=96&d=mm&r=g\",\"caption\":\"informatica2\"},\"url\":\"https:\\\/\\\/www.caudete.org\\\/ayuntamiento\\\/author\\\/informatica2\\\/\"}]}<\/script>\n<!-- \/ Yoast SEO plugin. -->","yoast_head_json":{"title":"Abierto el plazo de inscripciones para la asistencia al plan corresponsables de Caudete - MI Ayuntamiento de Caudete","description":"P\u00e1gina Oficial del Ayuntamiento de Caudete (Albacete)","robots":{"index":"index","follow":"follow","max-snippet":"max-snippet:-1","max-image-preview":"max-image-preview:large","max-video-preview":"max-video-preview:-1"},"canonical":"https:\/\/www.caudete.org\/ayuntamiento\/abierto-el-plazo-de-inscripciones-para-la-asistencia-al-plan-corresponsables-de-caudete-2\/","og_locale":"es_ES","og_type":"article","og_title":"Abierto el plazo de inscripciones para la asistencia al plan corresponsables de Caudete - MI Ayuntamiento de Caudete","og_description":"P\u00e1gina Oficial del Ayuntamiento de Caudete (Albacete)","og_url":"https:\/\/www.caudete.org\/ayuntamiento\/abierto-el-plazo-de-inscripciones-para-la-asistencia-al-plan-corresponsables-de-caudete-2\/","og_site_name":"MI Ayuntamiento de Caudete","article_publisher":"https:\/\/www.facebook.com\/ayuntamientocaudete\/","article_published_time":"2025-08-26T10:01:47+00:00","article_modified_time":"2025-09-19T06:08:32+00:00","og_image":[{"width":1000,"height":715,"url":"https:\/\/www.caudete.org\/ayuntamiento\/wp-content\/uploads\/2025\/08\/CARTEL-CUARTO-TRIMESTRE-2025-AULAS-CORRESPONSABLES-port.jpg","type":"image\/jpeg"}],"author":"informatica2","twitter_card":"summary_large_image","twitter_misc":{"Escrito por":"informatica2","Tiempo de lectura":"3 minutos"},"schema":{"@context":"https:\/\/schema.org","@graph":[{"@type":"Article","@id":"https:\/\/www.caudete.org\/ayuntamiento\/abierto-el-plazo-de-inscripciones-para-la-asistencia-al-plan-corresponsables-de-caudete-2\/#article","isPartOf":{"@id":"https:\/\/www.caudete.org\/ayuntamiento\/abierto-el-plazo-de-inscripciones-para-la-asistencia-al-plan-corresponsables-de-caudete-2\/"},"author":{"name":"informatica2","@id":"https:\/\/www.caudete.org\/ayuntamiento\/#\/schema\/person\/abfa5ffd5010a14e078c21e6e61b6291"},"headline":"Abierto el plazo de inscripciones para la asistencia al plan corresponsables de Caudete","datePublished":"2025-08-26T10:01:47+00:00","dateModified":"2025-09-19T06:08:32+00:00","mainEntityOfPage":{"@id":"https:\/\/www.caudete.org\/ayuntamiento\/abierto-el-plazo-de-inscripciones-para-la-asistencia-al-plan-corresponsables-de-caudete-2\/"},"wordCount":543,"publisher":{"@id":"https:\/\/www.caudete.org\/ayuntamiento\/#organization"},"image":{"@id":"https:\/\/www.caudete.org\/ayuntamiento\/abierto-el-plazo-de-inscripciones-para-la-asistencia-al-plan-corresponsables-de-caudete-2\/#primaryimage"},"thumbnailUrl":"https:\/\/www.caudete.org\/ayuntamiento\/wp-content\/uploads\/2025\/08\/CARTEL-CUARTO-TRIMESTRE-2025-AULAS-CORRESPONSABLES-port.jpg","articleSection":["Igualdad"],"inLanguage":"es"},{"@type":"WebPage","@id":"https:\/\/www.caudete.org\/ayuntamiento\/abierto-el-plazo-de-inscripciones-para-la-asistencia-al-plan-corresponsables-de-caudete-2\/","url":"https:\/\/www.caudete.org\/ayuntamiento\/abierto-el-plazo-de-inscripciones-para-la-asistencia-al-plan-corresponsables-de-caudete-2\/","name":"Abierto el plazo de inscripciones para la asistencia al plan corresponsables de Caudete - MI Ayuntamiento de Caudete","isPartOf":{"@id":"https:\/\/www.caudete.org\/ayuntamiento\/#website"},"primaryImageOfPage":{"@id":"https:\/\/www.caudete.org\/ayuntamiento\/abierto-el-plazo-de-inscripciones-para-la-asistencia-al-plan-corresponsables-de-caudete-2\/#primaryimage"},"image":{"@id":"https:\/\/www.caudete.org\/ayuntamiento\/abierto-el-plazo-de-inscripciones-para-la-asistencia-al-plan-corresponsables-de-caudete-2\/#primaryimage"},"thumbnailUrl":"https:\/\/www.caudete.org\/ayuntamiento\/wp-content\/uploads\/2025\/08\/CARTEL-CUARTO-TRIMESTRE-2025-AULAS-CORRESPONSABLES-port.jpg","datePublished":"2025-08-26T10:01:47+00:00","dateModified":"2025-09-19T06:08:32+00:00","description":"P\u00e1gina Oficial del Ayuntamiento de Caudete (Albacete)","breadcrumb":{"@id":"https:\/\/www.caudete.org\/ayuntamiento\/abierto-el-plazo-de-inscripciones-para-la-asistencia-al-plan-corresponsables-de-caudete-2\/#breadcrumb"},"inLanguage":"es","potentialAction":[{"@type":"ReadAction","target":["https:\/\/www.caudete.org\/ayuntamiento\/abierto-el-plazo-de-inscripciones-para-la-asistencia-al-plan-corresponsables-de-caudete-2\/"]}]},{"@type":"ImageObject","inLanguage":"es","@id":"https:\/\/www.caudete.org\/ayuntamiento\/abierto-el-plazo-de-inscripciones-para-la-asistencia-al-plan-corresponsables-de-caudete-2\/#primaryimage","url":"https:\/\/www.caudete.org\/ayuntamiento\/wp-content\/uploads\/2025\/08\/CARTEL-CUARTO-TRIMESTRE-2025-AULAS-CORRESPONSABLES-port.jpg","contentUrl":"https:\/\/www.caudete.org\/ayuntamiento\/wp-content\/uploads\/2025\/08\/CARTEL-CUARTO-TRIMESTRE-2025-AULAS-CORRESPONSABLES-port.jpg","width":1000,"height":715},{"@type":"BreadcrumbList","@id":"https:\/\/www.caudete.org\/ayuntamiento\/abierto-el-plazo-de-inscripciones-para-la-asistencia-al-plan-corresponsables-de-caudete-2\/#breadcrumb","itemListElement":[{"@type":"ListItem","position":1,"name":"Inicio","item":"https:\/\/www.caudete.org\/ayuntamiento\/"},{"@type":"ListItem","position":2,"name":"Abierto el plazo de inscripciones para la asistencia al plan corresponsables de Caudete"}]},{"@type":"WebSite","@id":"https:\/\/www.caudete.org\/ayuntamiento\/#website","url":"https:\/\/www.caudete.org\/ayuntamiento\/","name":"MI Ayuntamiento de Caudete","description":"P\u00e1gina Oficial del MI Ayuntamiento de Caudete","publisher":{"@id":"https:\/\/www.caudete.org\/ayuntamiento\/#organization"},"potentialAction":[{"@type":"SearchAction","target":{"@type":"EntryPoint","urlTemplate":"https:\/\/www.caudete.org\/ayuntamiento\/?s={search_term_string}"},"query-input":{"@type":"PropertyValueSpecification","valueRequired":true,"valueName":"search_term_string"}}],"inLanguage":"es"},{"@type":"Organization","@id":"https:\/\/www.caudete.org\/ayuntamiento\/#organization","name":"Ayuntamiento de Caudete","url":"https:\/\/www.caudete.org\/ayuntamiento\/","logo":{"@type":"ImageObject","inLanguage":"es","@id":"https:\/\/www.caudete.org\/ayuntamiento\/#\/schema\/logo\/image\/","url":"https:\/\/www.caudete.org\/ayuntamiento\/wp-content\/uploads\/2020\/11\/logo_ayuntamiento_caudete.jpg","contentUrl":"https:\/\/www.caudete.org\/ayuntamiento\/wp-content\/uploads\/2020\/11\/logo_ayuntamiento_caudete.jpg","width":600,"height":150,"caption":"Ayuntamiento de Caudete"},"image":{"@id":"https:\/\/www.caudete.org\/ayuntamiento\/#\/schema\/logo\/image\/"},"sameAs":["https:\/\/www.facebook.com\/ayuntamientocaudete\/","https:\/\/www.youtube.com\/channel\/UC6VztHaooNsGpw-tNoBEFnQ"]},{"@type":"Person","@id":"https:\/\/www.caudete.org\/ayuntamiento\/#\/schema\/person\/abfa5ffd5010a14e078c21e6e61b6291","name":"informatica2","image":{"@type":"ImageObject","inLanguage":"es","@id":"https:\/\/secure.gravatar.com\/avatar\/b089890ff033a3e4d03eec00ecb5a14425217205c513f60ec32ebeaaeb5fa700?s=96&d=mm&r=g","url":"https:\/\/secure.gravatar.com\/avatar\/b089890ff033a3e4d03eec00ecb5a14425217205c513f60ec32ebeaaeb5fa700?s=96&d=mm&r=g","contentUrl":"https:\/\/secure.gravatar.com\/avatar\/b089890ff033a3e4d03eec00ecb5a14425217205c513f60ec32ebeaaeb5fa700?s=96&d=mm&r=g","caption":"informatica2"},"url":"https:\/\/www.caudete.org\/ayuntamiento\/author\/informatica2\/"}]}},"_links":{"self":[{"href":"https:\/\/www.caudete.org\/ayuntamiento\/wp-json\/wp\/v2\/posts\/30383","targetHints":{"allow":["GET"]}}],"collection":[{"href":"https:\/\/www.caudete.org\/ayuntamiento\/wp-json\/wp\/v2\/posts"}],"about":[{"href":"https:\/\/www.caudete.org\/ayuntamiento\/wp-json\/wp\/v2\/types\/post"}],"author":[{"embeddable":true,"href":"https:\/\/www.caudete.org\/ayuntamiento\/wp-json\/wp\/v2\/users\/6"}],"replies":[{"embeddable":true,"href":"https:\/\/www.caudete.org\/ayuntamiento\/wp-json\/wp\/v2\/comments?post=30383"}],"version-history":[{"count":8,"href":"https:\/\/www.caudete.org\/ayuntamiento\/wp-json\/wp\/v2\/posts\/30383\/revisions"}],"predecessor-version":[{"id":30504,"href":"https:\/\/www.caudete.org\/ayuntamiento\/wp-json\/wp\/v2\/posts\/30383\/revisions\/30504"}],"wp:featuredmedia":[{"embeddable":true,"href":"https:\/\/www.caudete.org\/ayuntamiento\/wp-json\/wp\/v2\/media\/30388"}],"wp:attachment":[{"href":"https:\/\/www.caudete.org\/ayuntamiento\/wp-json\/wp\/v2\/media?parent=30383"}],"wp:term":[{"taxonomy":"category","embeddable":true,"href":"https:\/\/www.caudete.org\/ayuntamiento\/wp-json\/wp\/v2\/categories?post=30383"},{"taxonomy":"post_tag","embeddable":true,"href":"https:\/\/www.caudete.org\/ayuntamiento\/wp-json\/wp\/v2\/tags?post=30383"}],"curies":[{"name":"wp","href":"https:\/\/api.w.org\/{rel}","templated":true}]}}