{"id":30415,"date":"2025-08-26T14:35:54","date_gmt":"2025-08-26T12:35:54","guid":{"rendered":"https:\/\/www.caudete.org\/ayuntamiento\/?p=30415"},"modified":"2025-08-26T14:41:21","modified_gmt":"2025-08-26T12:41:21","slug":"el-tenista-caudetano-adrian-cantos-marco-se-proclama-campeon-de-espana-de-tenis-infantil-por-equipos","status":"publish","type":"post","link":"https:\/\/www.caudete.org\/ayuntamiento\/el-tenista-caudetano-adrian-cantos-marco-se-proclama-campeon-de-espana-de-tenis-infantil-por-equipos\/","title":{"rendered":"El tenista Caudetano, Adri\u00e1n Cantos Marco, se proclama Campe\u00f3n de Espa\u00f1a de tenis infantil por equipos"},"content":{"rendered":"<p style=\"text-align: justify;\">El joven tenista de Caudete, <strong>Adri\u00e1n Cantos Marco<\/strong>, ha alcanzado un hito significativo en su carrera deportiva al proclamarse <strong>Campe\u00f3n de Espa\u00f1a por equipos<\/strong> en el <strong>Campeonato de Espa\u00f1a MAPFRE de Tenis Infantil<\/strong>. El torneo, conocido como &#8220;Trofeo Joan Compta in Memoriam&#8221;, se celebr\u00f3 durante la segunda semana de agosto en las instalaciones del Club de Tenis la Salut, en Barcelona.<\/p>\n<p style=\"text-align: justify;\">Adri\u00e1n form\u00f3 parte del equipo del <strong>Club de Tenis Valencia<\/strong>, con el que super\u00f3 a los mejores clubes del territorio espa\u00f1ol para alzarse con la victoria. A lo largo de la semana, el tenista de Caudete demostr\u00f3 su gran nivel, disputando encuentros de alta exigencia contra los jugadores m\u00e1s destacados de Espa\u00f1a en su categor\u00eda.<\/p>\n<p style=\"text-align: justify;\">Tras el triunfo, Adri\u00e1n Cantos expres\u00f3 su enorme satisfacci\u00f3n por este logro. &#8220;Es un gran hito y un m\u00e9rito enorme haber conseguido el Campeonato de Espa\u00f1a por equipos&#8221;, manifest\u00f3 el joven deportista.<\/p>\n<p style=\"text-align: justify;\">La concejal de Deportes del Ayuntamiento de Caudete, <strong>Pilar Egea<\/strong>, ha querido reconocer p\u00fablicamente el esfuerzo y dedicaci\u00f3n de Adri\u00e1n. &#8220;Es un orgullo para nuestro pueblo ver c\u00f3mo nuestros j\u00f3venes deportistas alcanzan metas tan importantes. La victoria de Adri\u00e1n no solo es un m\u00e9rito personal, sino que tambi\u00e9n pone en valor el talento deportivo que tenemos en Caudete. Desde el Ayuntamiento, queremos felicitarlo por este gran logro y animarlo a seguir trabajando para conseguir todos sus objetivos&#8221;, declar\u00f3 la concejal.<\/p>\n<p style=\"text-align: justify;\">Con este t\u00edtulo, Adri\u00e1n Cantos Marco se consolida como una de las j\u00f3venes promesas del tenis espa\u00f1ol, dejando en alto el nombre de Caudete en el \u00e1mbito deportivo nacional.<\/p>\n<p><img fetchpriority=\"high\" decoding=\"async\" class=\"alignnone wp-image-30418 size-full\" src=\"https:\/\/www.caudete.org\/ayuntamiento\/wp-content\/uploads\/2025\/08\/WhatsApp-Image-2025-08-26-at-11.28.41.jpg\" alt=\"\" width=\"1000\" height=\"1333\" srcset=\"https:\/\/www.caudete.org\/ayuntamiento\/wp-content\/uploads\/2025\/08\/WhatsApp-Image-2025-08-26-at-11.28.41.jpg 1000w, https:\/\/www.caudete.org\/ayuntamiento\/wp-content\/uploads\/2025\/08\/WhatsApp-Image-2025-08-26-at-11.28.41-600x800.jpg 600w, https:\/\/www.caudete.org\/ayuntamiento\/wp-content\/uploads\/2025\/08\/WhatsApp-Image-2025-08-26-at-11.28.41-675x900.jpg 675w, https:\/\/www.caudete.org\/ayuntamiento\/wp-content\/uploads\/2025\/08\/WhatsApp-Image-2025-08-26-at-11.28.41-165x220.jpg 165w, https:\/\/www.caudete.org\/ayuntamiento\/wp-content\/uploads\/2025\/08\/WhatsApp-Image-2025-08-26-at-11.28.41-768x1024.jpg 768w\" sizes=\"(max-width: 1000px) 100vw, 1000px\" \/> <img decoding=\"async\" class=\"alignnone wp-image-30420 size-full\" src=\"https:\/\/www.caudete.org\/ayuntamiento\/wp-content\/uploads\/2025\/08\/WhatsApp-Image-2025-08-26-at-11.29.26.jpg\" alt=\"\" width=\"1000\" height=\"1333\" srcset=\"https:\/\/www.caudete.org\/ayuntamiento\/wp-content\/uploads\/2025\/08\/WhatsApp-Image-2025-08-26-at-11.29.26.jpg 1000w, https:\/\/www.caudete.org\/ayuntamiento\/wp-content\/uploads\/2025\/08\/WhatsApp-Image-2025-08-26-at-11.29.26-600x800.jpg 600w, https:\/\/www.caudete.org\/ayuntamiento\/wp-content\/uploads\/2025\/08\/WhatsApp-Image-2025-08-26-at-11.29.26-675x900.jpg 675w, https:\/\/www.caudete.org\/ayuntamiento\/wp-content\/uploads\/2025\/08\/WhatsApp-Image-2025-08-26-at-11.29.26-165x220.jpg 165w, https:\/\/www.caudete.org\/ayuntamiento\/wp-content\/uploads\/2025\/08\/WhatsApp-Image-2025-08-26-at-11.29.26-768x1024.jpg 768w\" sizes=\"(max-width: 1000px) 100vw, 1000px\" \/> <img decoding=\"async\" class=\"alignnone wp-image-30421 size-full\" src=\"https:\/\/www.caudete.org\/ayuntamiento\/wp-content\/uploads\/2025\/08\/WhatsApp-Image-2025-08-26-at-11.29.54.jpg\" alt=\"\" width=\"857\" height=\"1078\" srcset=\"https:\/\/www.caudete.org\/ayuntamiento\/wp-content\/uploads\/2025\/08\/WhatsApp-Image-2025-08-26-at-11.29.54.jpg 857w, https:\/\/www.caudete.org\/ayuntamiento\/wp-content\/uploads\/2025\/08\/WhatsApp-Image-2025-08-26-at-11.29.54-636x800.jpg 636w, https:\/\/www.caudete.org\/ayuntamiento\/wp-content\/uploads\/2025\/08\/WhatsApp-Image-2025-08-26-at-11.29.54-715x900.jpg 715w, https:\/\/www.caudete.org\/ayuntamiento\/wp-content\/uploads\/2025\/08\/WhatsApp-Image-2025-08-26-at-11.29.54-175x220.jpg 175w, https:\/\/www.caudete.org\/ayuntamiento\/wp-content\/uploads\/2025\/08\/WhatsApp-Image-2025-08-26-at-11.29.54-768x966.jpg 768w\" sizes=\"(max-width: 857px) 100vw, 857px\" \/><\/p>\n<p>&nbsp;<\/p>\n","protected":false},"excerpt":{"rendered":"<p>El joven tenista de Caudete, Adri\u00e1n Cantos Marco, ha alcanzado un hito significativo en su carrera deportiva al proclamarse Campe\u00f3n de Espa\u00f1a por equipos en el Campeonato de Espa\u00f1a MAPFRE de Tenis Infantil. El torneo, conocido como &#8220;Trofeo Joan Compta in Memoriam&#8221;, se celebr\u00f3 durante la segunda semana de agosto en las instalaciones del Club &hellip;<\/p>\n","protected":false},"author":6,"featured_media":30419,"comment_status":"closed","ping_status":"open","sticky":false,"template":"","format":"standard","meta":{"ngg_post_thumbnail":0,"footnotes":""},"categories":[23],"tags":[],"class_list":["post-30415","post","type-post","status-publish","format-standard","has-post-thumbnail","hentry","category-deportes"],"yoast_head":"<!-- This site is optimized with the Yoast SEO plugin v27.5 - https:\/\/yoast.com\/product\/yoast-seo-wordpress\/ -->\n<title>El tenista Caudetano, Adri\u00e1n Cantos Marco, se proclama Campe\u00f3n de Espa\u00f1a de tenis infantil por equipos - MI Ayuntamiento de Caudete<\/title>\n<meta name=\"description\" content=\"P\u00e1gina Oficial del Ayuntamiento de Caudete (Albacete)\" \/>\n<meta name=\"robots\" content=\"index, follow, max-snippet:-1, max-image-preview:large, max-video-preview:-1\" \/>\n<link rel=\"canonical\" href=\"https:\/\/www.caudete.org\/ayuntamiento\/el-tenista-caudetano-adrian-cantos-marco-se-proclama-campeon-de-espana-de-tenis-infantil-por-equipos\/\" \/>\n<meta property=\"og:locale\" content=\"es_ES\" \/>\n<meta property=\"og:type\" content=\"article\" \/>\n<meta property=\"og:title\" content=\"El tenista Caudetano, Adri\u00e1n Cantos Marco, se proclama Campe\u00f3n de Espa\u00f1a de tenis infantil por equipos - MI Ayuntamiento de Caudete\" \/>\n<meta property=\"og:description\" content=\"P\u00e1gina Oficial del Ayuntamiento de Caudete (Albacete)\" \/>\n<meta property=\"og:url\" content=\"https:\/\/www.caudete.org\/ayuntamiento\/el-tenista-caudetano-adrian-cantos-marco-se-proclama-campeon-de-espana-de-tenis-infantil-por-equipos\/\" \/>\n<meta property=\"og:site_name\" content=\"MI Ayuntamiento de Caudete\" \/>\n<meta property=\"article:publisher\" content=\"https:\/\/www.facebook.com\/ayuntamientocaudete\/\" \/>\n<meta property=\"article:published_time\" content=\"2025-08-26T12:35:54+00:00\" \/>\n<meta property=\"article:modified_time\" content=\"2025-08-26T12:41:21+00:00\" \/>\n<meta property=\"og:image\" content=\"https:\/\/www.caudete.org\/ayuntamiento\/wp-content\/uploads\/2025\/08\/WhatsApp-Image-2025-08-26-at-11.28.41-PORT.jpg\" \/>\n\t<meta property=\"og:image:width\" content=\"864\" \/>\n\t<meta property=\"og:image:height\" content=\"380\" \/>\n\t<meta property=\"og:image:type\" content=\"image\/jpeg\" \/>\n<meta name=\"author\" content=\"informatica2\" \/>\n<meta name=\"twitter:card\" content=\"summary_large_image\" \/>\n<meta name=\"twitter:label1\" content=\"Escrito por\" \/>\n\t<meta name=\"twitter:data1\" content=\"informatica2\" \/>\n\t<meta name=\"twitter:label2\" content=\"Tiempo de lectura\" \/>\n\t<meta name=\"twitter:data2\" content=\"2 minutos\" \/>\n<script type=\"application\/ld+json\" class=\"yoast-schema-graph\">{\"@context\":\"https:\\\/\\\/schema.org\",\"@graph\":[{\"@type\":\"Article\",\"@id\":\"https:\\\/\\\/www.caudete.org\\\/ayuntamiento\\\/el-tenista-caudetano-adrian-cantos-marco-se-proclama-campeon-de-espana-de-tenis-infantil-por-equipos\\\/#article\",\"isPartOf\":{\"@id\":\"https:\\\/\\\/www.caudete.org\\\/ayuntamiento\\\/el-tenista-caudetano-adrian-cantos-marco-se-proclama-campeon-de-espana-de-tenis-infantil-por-equipos\\\/\"},\"author\":{\"name\":\"informatica2\",\"@id\":\"https:\\\/\\\/www.caudete.org\\\/ayuntamiento\\\/#\\\/schema\\\/person\\\/abfa5ffd5010a14e078c21e6e61b6291\"},\"headline\":\"El tenista Caudetano, Adri\u00e1n Cantos Marco, se proclama Campe\u00f3n de Espa\u00f1a de tenis infantil por equipos\",\"datePublished\":\"2025-08-26T12:35:54+00:00\",\"dateModified\":\"2025-08-26T12:41:21+00:00\",\"mainEntityOfPage\":{\"@id\":\"https:\\\/\\\/www.caudete.org\\\/ayuntamiento\\\/el-tenista-caudetano-adrian-cantos-marco-se-proclama-campeon-de-espana-de-tenis-infantil-por-equipos\\\/\"},\"wordCount\":302,\"publisher\":{\"@id\":\"https:\\\/\\\/www.caudete.org\\\/ayuntamiento\\\/#organization\"},\"image\":{\"@id\":\"https:\\\/\\\/www.caudete.org\\\/ayuntamiento\\\/el-tenista-caudetano-adrian-cantos-marco-se-proclama-campeon-de-espana-de-tenis-infantil-por-equipos\\\/#primaryimage\"},\"thumbnailUrl\":\"https:\\\/\\\/www.caudete.org\\\/ayuntamiento\\\/wp-content\\\/uploads\\\/2025\\\/08\\\/WhatsApp-Image-2025-08-26-at-11.28.41-PORT.jpg\",\"articleSection\":[\"Deportes\"],\"inLanguage\":\"es\"},{\"@type\":\"WebPage\",\"@id\":\"https:\\\/\\\/www.caudete.org\\\/ayuntamiento\\\/el-tenista-caudetano-adrian-cantos-marco-se-proclama-campeon-de-espana-de-tenis-infantil-por-equipos\\\/\",\"url\":\"https:\\\/\\\/www.caudete.org\\\/ayuntamiento\\\/el-tenista-caudetano-adrian-cantos-marco-se-proclama-campeon-de-espana-de-tenis-infantil-por-equipos\\\/\",\"name\":\"El tenista Caudetano, Adri\u00e1n Cantos Marco, se proclama Campe\u00f3n de Espa\u00f1a de tenis infantil por equipos - MI Ayuntamiento de Caudete\",\"isPartOf\":{\"@id\":\"https:\\\/\\\/www.caudete.org\\\/ayuntamiento\\\/#website\"},\"primaryImageOfPage\":{\"@id\":\"https:\\\/\\\/www.caudete.org\\\/ayuntamiento\\\/el-tenista-caudetano-adrian-cantos-marco-se-proclama-campeon-de-espana-de-tenis-infantil-por-equipos\\\/#primaryimage\"},\"image\":{\"@id\":\"https:\\\/\\\/www.caudete.org\\\/ayuntamiento\\\/el-tenista-caudetano-adrian-cantos-marco-se-proclama-campeon-de-espana-de-tenis-infantil-por-equipos\\\/#primaryimage\"},\"thumbnailUrl\":\"https:\\\/\\\/www.caudete.org\\\/ayuntamiento\\\/wp-content\\\/uploads\\\/2025\\\/08\\\/WhatsApp-Image-2025-08-26-at-11.28.41-PORT.jpg\",\"datePublished\":\"2025-08-26T12:35:54+00:00\",\"dateModified\":\"2025-08-26T12:41:21+00:00\",\"description\":\"P\u00e1gina Oficial del Ayuntamiento de Caudete (Albacete)\",\"breadcrumb\":{\"@id\":\"https:\\\/\\\/www.caudete.org\\\/ayuntamiento\\\/el-tenista-caudetano-adrian-cantos-marco-se-proclama-campeon-de-espana-de-tenis-infantil-por-equipos\\\/#breadcrumb\"},\"inLanguage\":\"es\",\"potentialAction\":[{\"@type\":\"ReadAction\",\"target\":[\"https:\\\/\\\/www.caudete.org\\\/ayuntamiento\\\/el-tenista-caudetano-adrian-cantos-marco-se-proclama-campeon-de-espana-de-tenis-infantil-por-equipos\\\/\"]}]},{\"@type\":\"ImageObject\",\"inLanguage\":\"es\",\"@id\":\"https:\\\/\\\/www.caudete.org\\\/ayuntamiento\\\/el-tenista-caudetano-adrian-cantos-marco-se-proclama-campeon-de-espana-de-tenis-infantil-por-equipos\\\/#primaryimage\",\"url\":\"https:\\\/\\\/www.caudete.org\\\/ayuntamiento\\\/wp-content\\\/uploads\\\/2025\\\/08\\\/WhatsApp-Image-2025-08-26-at-11.28.41-PORT.jpg\",\"contentUrl\":\"https:\\\/\\\/www.caudete.org\\\/ayuntamiento\\\/wp-content\\\/uploads\\\/2025\\\/08\\\/WhatsApp-Image-2025-08-26-at-11.28.41-PORT.jpg\",\"width\":864,\"height\":380},{\"@type\":\"BreadcrumbList\",\"@id\":\"https:\\\/\\\/www.caudete.org\\\/ayuntamiento\\\/el-tenista-caudetano-adrian-cantos-marco-se-proclama-campeon-de-espana-de-tenis-infantil-por-equipos\\\/#breadcrumb\",\"itemListElement\":[{\"@type\":\"ListItem\",\"position\":1,\"name\":\"Inicio\",\"item\":\"https:\\\/\\\/www.caudete.org\\\/ayuntamiento\\\/\"},{\"@type\":\"ListItem\",\"position\":2,\"name\":\"El tenista Caudetano, Adri\u00e1n Cantos Marco, se proclama Campe\u00f3n de Espa\u00f1a de tenis infantil por equipos\"}]},{\"@type\":\"WebSite\",\"@id\":\"https:\\\/\\\/www.caudete.org\\\/ayuntamiento\\\/#website\",\"url\":\"https:\\\/\\\/www.caudete.org\\\/ayuntamiento\\\/\",\"name\":\"MI Ayuntamiento de Caudete\",\"description\":\"P\u00e1gina Oficial del MI Ayuntamiento de Caudete\",\"publisher\":{\"@id\":\"https:\\\/\\\/www.caudete.org\\\/ayuntamiento\\\/#organization\"},\"potentialAction\":[{\"@type\":\"SearchAction\",\"target\":{\"@type\":\"EntryPoint\",\"urlTemplate\":\"https:\\\/\\\/www.caudete.org\\\/ayuntamiento\\\/?s={search_term_string}\"},\"query-input\":{\"@type\":\"PropertyValueSpecification\",\"valueRequired\":true,\"valueName\":\"search_term_string\"}}],\"inLanguage\":\"es\"},{\"@type\":\"Organization\",\"@id\":\"https:\\\/\\\/www.caudete.org\\\/ayuntamiento\\\/#organization\",\"name\":\"Ayuntamiento de Caudete\",\"url\":\"https:\\\/\\\/www.caudete.org\\\/ayuntamiento\\\/\",\"logo\":{\"@type\":\"ImageObject\",\"inLanguage\":\"es\",\"@id\":\"https:\\\/\\\/www.caudete.org\\\/ayuntamiento\\\/#\\\/schema\\\/logo\\\/image\\\/\",\"url\":\"https:\\\/\\\/www.caudete.org\\\/ayuntamiento\\\/wp-content\\\/uploads\\\/2020\\\/11\\\/logo_ayuntamiento_caudete.jpg\",\"contentUrl\":\"https:\\\/\\\/www.caudete.org\\\/ayuntamiento\\\/wp-content\\\/uploads\\\/2020\\\/11\\\/logo_ayuntamiento_caudete.jpg\",\"width\":600,\"height\":150,\"caption\":\"Ayuntamiento de Caudete\"},\"image\":{\"@id\":\"https:\\\/\\\/www.caudete.org\\\/ayuntamiento\\\/#\\\/schema\\\/logo\\\/image\\\/\"},\"sameAs\":[\"https:\\\/\\\/www.facebook.com\\\/ayuntamientocaudete\\\/\",\"https:\\\/\\\/www.youtube.com\\\/channel\\\/UC6VztHaooNsGpw-tNoBEFnQ\"]},{\"@type\":\"Person\",\"@id\":\"https:\\\/\\\/www.caudete.org\\\/ayuntamiento\\\/#\\\/schema\\\/person\\\/abfa5ffd5010a14e078c21e6e61b6291\",\"name\":\"informatica2\",\"image\":{\"@type\":\"ImageObject\",\"inLanguage\":\"es\",\"@id\":\"https:\\\/\\\/secure.gravatar.com\\\/avatar\\\/b089890ff033a3e4d03eec00ecb5a14425217205c513f60ec32ebeaaeb5fa700?s=96&d=mm&r=g\",\"url\":\"https:\\\/\\\/secure.gravatar.com\\\/avatar\\\/b089890ff033a3e4d03eec00ecb5a14425217205c513f60ec32ebeaaeb5fa700?s=96&d=mm&r=g\",\"contentUrl\":\"https:\\\/\\\/secure.gravatar.com\\\/avatar\\\/b089890ff033a3e4d03eec00ecb5a14425217205c513f60ec32ebeaaeb5fa700?s=96&d=mm&r=g\",\"caption\":\"informatica2\"},\"url\":\"https:\\\/\\\/www.caudete.org\\\/ayuntamiento\\\/author\\\/informatica2\\\/\"}]}<\/script>\n<!-- \/ Yoast SEO plugin. -->","yoast_head_json":{"title":"El tenista Caudetano, Adri\u00e1n Cantos Marco, se proclama Campe\u00f3n de Espa\u00f1a de tenis infantil por equipos - MI Ayuntamiento de Caudete","description":"P\u00e1gina Oficial del Ayuntamiento de Caudete (Albacete)","robots":{"index":"index","follow":"follow","max-snippet":"max-snippet:-1","max-image-preview":"max-image-preview:large","max-video-preview":"max-video-preview:-1"},"canonical":"https:\/\/www.caudete.org\/ayuntamiento\/el-tenista-caudetano-adrian-cantos-marco-se-proclama-campeon-de-espana-de-tenis-infantil-por-equipos\/","og_locale":"es_ES","og_type":"article","og_title":"El tenista Caudetano, Adri\u00e1n Cantos Marco, se proclama Campe\u00f3n de Espa\u00f1a de tenis infantil por equipos - MI Ayuntamiento de Caudete","og_description":"P\u00e1gina Oficial del Ayuntamiento de Caudete (Albacete)","og_url":"https:\/\/www.caudete.org\/ayuntamiento\/el-tenista-caudetano-adrian-cantos-marco-se-proclama-campeon-de-espana-de-tenis-infantil-por-equipos\/","og_site_name":"MI Ayuntamiento de Caudete","article_publisher":"https:\/\/www.facebook.com\/ayuntamientocaudete\/","article_published_time":"2025-08-26T12:35:54+00:00","article_modified_time":"2025-08-26T12:41:21+00:00","og_image":[{"width":864,"height":380,"url":"https:\/\/www.caudete.org\/ayuntamiento\/wp-content\/uploads\/2025\/08\/WhatsApp-Image-2025-08-26-at-11.28.41-PORT.jpg","type":"image\/jpeg"}],"author":"informatica2","twitter_card":"summary_large_image","twitter_misc":{"Escrito por":"informatica2","Tiempo de lectura":"2 minutos"},"schema":{"@context":"https:\/\/schema.org","@graph":[{"@type":"Article","@id":"https:\/\/www.caudete.org\/ayuntamiento\/el-tenista-caudetano-adrian-cantos-marco-se-proclama-campeon-de-espana-de-tenis-infantil-por-equipos\/#article","isPartOf":{"@id":"https:\/\/www.caudete.org\/ayuntamiento\/el-tenista-caudetano-adrian-cantos-marco-se-proclama-campeon-de-espana-de-tenis-infantil-por-equipos\/"},"author":{"name":"informatica2","@id":"https:\/\/www.caudete.org\/ayuntamiento\/#\/schema\/person\/abfa5ffd5010a14e078c21e6e61b6291"},"headline":"El tenista Caudetano, Adri\u00e1n Cantos Marco, se proclama Campe\u00f3n de Espa\u00f1a de tenis infantil por equipos","datePublished":"2025-08-26T12:35:54+00:00","dateModified":"2025-08-26T12:41:21+00:00","mainEntityOfPage":{"@id":"https:\/\/www.caudete.org\/ayuntamiento\/el-tenista-caudetano-adrian-cantos-marco-se-proclama-campeon-de-espana-de-tenis-infantil-por-equipos\/"},"wordCount":302,"publisher":{"@id":"https:\/\/www.caudete.org\/ayuntamiento\/#organization"},"image":{"@id":"https:\/\/www.caudete.org\/ayuntamiento\/el-tenista-caudetano-adrian-cantos-marco-se-proclama-campeon-de-espana-de-tenis-infantil-por-equipos\/#primaryimage"},"thumbnailUrl":"https:\/\/www.caudete.org\/ayuntamiento\/wp-content\/uploads\/2025\/08\/WhatsApp-Image-2025-08-26-at-11.28.41-PORT.jpg","articleSection":["Deportes"],"inLanguage":"es"},{"@type":"WebPage","@id":"https:\/\/www.caudete.org\/ayuntamiento\/el-tenista-caudetano-adrian-cantos-marco-se-proclama-campeon-de-espana-de-tenis-infantil-por-equipos\/","url":"https:\/\/www.caudete.org\/ayuntamiento\/el-tenista-caudetano-adrian-cantos-marco-se-proclama-campeon-de-espana-de-tenis-infantil-por-equipos\/","name":"El tenista Caudetano, Adri\u00e1n Cantos Marco, se proclama Campe\u00f3n de Espa\u00f1a de tenis infantil por equipos - MI Ayuntamiento de Caudete","isPartOf":{"@id":"https:\/\/www.caudete.org\/ayuntamiento\/#website"},"primaryImageOfPage":{"@id":"https:\/\/www.caudete.org\/ayuntamiento\/el-tenista-caudetano-adrian-cantos-marco-se-proclama-campeon-de-espana-de-tenis-infantil-por-equipos\/#primaryimage"},"image":{"@id":"https:\/\/www.caudete.org\/ayuntamiento\/el-tenista-caudetano-adrian-cantos-marco-se-proclama-campeon-de-espana-de-tenis-infantil-por-equipos\/#primaryimage"},"thumbnailUrl":"https:\/\/www.caudete.org\/ayuntamiento\/wp-content\/uploads\/2025\/08\/WhatsApp-Image-2025-08-26-at-11.28.41-PORT.jpg","datePublished":"2025-08-26T12:35:54+00:00","dateModified":"2025-08-26T12:41:21+00:00","description":"P\u00e1gina Oficial del Ayuntamiento de Caudete (Albacete)","breadcrumb":{"@id":"https:\/\/www.caudete.org\/ayuntamiento\/el-tenista-caudetano-adrian-cantos-marco-se-proclama-campeon-de-espana-de-tenis-infantil-por-equipos\/#breadcrumb"},"inLanguage":"es","potentialAction":[{"@type":"ReadAction","target":["https:\/\/www.caudete.org\/ayuntamiento\/el-tenista-caudetano-adrian-cantos-marco-se-proclama-campeon-de-espana-de-tenis-infantil-por-equipos\/"]}]},{"@type":"ImageObject","inLanguage":"es","@id":"https:\/\/www.caudete.org\/ayuntamiento\/el-tenista-caudetano-adrian-cantos-marco-se-proclama-campeon-de-espana-de-tenis-infantil-por-equipos\/#primaryimage","url":"https:\/\/www.caudete.org\/ayuntamiento\/wp-content\/uploads\/2025\/08\/WhatsApp-Image-2025-08-26-at-11.28.41-PORT.jpg","contentUrl":"https:\/\/www.caudete.org\/ayuntamiento\/wp-content\/uploads\/2025\/08\/WhatsApp-Image-2025-08-26-at-11.28.41-PORT.jpg","width":864,"height":380},{"@type":"BreadcrumbList","@id":"https:\/\/www.caudete.org\/ayuntamiento\/el-tenista-caudetano-adrian-cantos-marco-se-proclama-campeon-de-espana-de-tenis-infantil-por-equipos\/#breadcrumb","itemListElement":[{"@type":"ListItem","position":1,"name":"Inicio","item":"https:\/\/www.caudete.org\/ayuntamiento\/"},{"@type":"ListItem","position":2,"name":"El tenista Caudetano, Adri\u00e1n Cantos Marco, se proclama Campe\u00f3n de Espa\u00f1a de tenis infantil por equipos"}]},{"@type":"WebSite","@id":"https:\/\/www.caudete.org\/ayuntamiento\/#website","url":"https:\/\/www.caudete.org\/ayuntamiento\/","name":"MI Ayuntamiento de Caudete","description":"P\u00e1gina Oficial del MI Ayuntamiento de Caudete","publisher":{"@id":"https:\/\/www.caudete.org\/ayuntamiento\/#organization"},"potentialAction":[{"@type":"SearchAction","target":{"@type":"EntryPoint","urlTemplate":"https:\/\/www.caudete.org\/ayuntamiento\/?s={search_term_string}"},"query-input":{"@type":"PropertyValueSpecification","valueRequired":true,"valueName":"search_term_string"}}],"inLanguage":"es"},{"@type":"Organization","@id":"https:\/\/www.caudete.org\/ayuntamiento\/#organization","name":"Ayuntamiento de Caudete","url":"https:\/\/www.caudete.org\/ayuntamiento\/","logo":{"@type":"ImageObject","inLanguage":"es","@id":"https:\/\/www.caudete.org\/ayuntamiento\/#\/schema\/logo\/image\/","url":"https:\/\/www.caudete.org\/ayuntamiento\/wp-content\/uploads\/2020\/11\/logo_ayuntamiento_caudete.jpg","contentUrl":"https:\/\/www.caudete.org\/ayuntamiento\/wp-content\/uploads\/2020\/11\/logo_ayuntamiento_caudete.jpg","width":600,"height":150,"caption":"Ayuntamiento de Caudete"},"image":{"@id":"https:\/\/www.caudete.org\/ayuntamiento\/#\/schema\/logo\/image\/"},"sameAs":["https:\/\/www.facebook.com\/ayuntamientocaudete\/","https:\/\/www.youtube.com\/channel\/UC6VztHaooNsGpw-tNoBEFnQ"]},{"@type":"Person","@id":"https:\/\/www.caudete.org\/ayuntamiento\/#\/schema\/person\/abfa5ffd5010a14e078c21e6e61b6291","name":"informatica2","image":{"@type":"ImageObject","inLanguage":"es","@id":"https:\/\/secure.gravatar.com\/avatar\/b089890ff033a3e4d03eec00ecb5a14425217205c513f60ec32ebeaaeb5fa700?s=96&d=mm&r=g","url":"https:\/\/secure.gravatar.com\/avatar\/b089890ff033a3e4d03eec00ecb5a14425217205c513f60ec32ebeaaeb5fa700?s=96&d=mm&r=g","contentUrl":"https:\/\/secure.gravatar.com\/avatar\/b089890ff033a3e4d03eec00ecb5a14425217205c513f60ec32ebeaaeb5fa700?s=96&d=mm&r=g","caption":"informatica2"},"url":"https:\/\/www.caudete.org\/ayuntamiento\/author\/informatica2\/"}]}},"_links":{"self":[{"href":"https:\/\/www.caudete.org\/ayuntamiento\/wp-json\/wp\/v2\/posts\/30415","targetHints":{"allow":["GET"]}}],"collection":[{"href":"https:\/\/www.caudete.org\/ayuntamiento\/wp-json\/wp\/v2\/posts"}],"about":[{"href":"https:\/\/www.caudete.org\/ayuntamiento\/wp-json\/wp\/v2\/types\/post"}],"author":[{"embeddable":true,"href":"https:\/\/www.caudete.org\/ayuntamiento\/wp-json\/wp\/v2\/users\/6"}],"replies":[{"embeddable":true,"href":"https:\/\/www.caudete.org\/ayuntamiento\/wp-json\/wp\/v2\/comments?post=30415"}],"version-history":[{"count":2,"href":"https:\/\/www.caudete.org\/ayuntamiento\/wp-json\/wp\/v2\/posts\/30415\/revisions"}],"predecessor-version":[{"id":30422,"href":"https:\/\/www.caudete.org\/ayuntamiento\/wp-json\/wp\/v2\/posts\/30415\/revisions\/30422"}],"wp:featuredmedia":[{"embeddable":true,"href":"https:\/\/www.caudete.org\/ayuntamiento\/wp-json\/wp\/v2\/media\/30419"}],"wp:attachment":[{"href":"https:\/\/www.caudete.org\/ayuntamiento\/wp-json\/wp\/v2\/media?parent=30415"}],"wp:term":[{"taxonomy":"category","embeddable":true,"href":"https:\/\/www.caudete.org\/ayuntamiento\/wp-json\/wp\/v2\/categories?post=30415"},{"taxonomy":"post_tag","embeddable":true,"href":"https:\/\/www.caudete.org\/ayuntamiento\/wp-json\/wp\/v2\/tags?post=30415"}],"curies":[{"name":"wp","href":"https:\/\/api.w.org\/{rel}","templated":true}]}}