{"id":30424,"date":"2025-08-27T08:07:02","date_gmt":"2025-08-27T06:07:02","guid":{"rendered":"https:\/\/www.caudete.org\/ayuntamiento\/?p=30424"},"modified":"2025-08-28T07:57:06","modified_gmt":"2025-08-28T05:57:06","slug":"comienza-la-mejora-de-pasos-de-cebra-por-medio-del-peezrd","status":"publish","type":"post","link":"https:\/\/www.caudete.org\/ayuntamiento\/comienza-la-mejora-de-pasos-de-cebra-por-medio-del-peezrd\/","title":{"rendered":"Comienza la mejora de pasos de cebra por medio del PEEZRD"},"content":{"rendered":"<p style=\"text-align: justify;\">Esta ma\u00f1ana operarios del PEEZRD-2025, bajo la supervisi\u00f3n de la Brigada de Obras, comenzaban con las tareas de mejora de la se\u00f1alizaci\u00f3n viaria en el casco urbano, a las que el Concejal de \u00e1rea Mois\u00e9s L\u00f3pez ha girado visita.<\/p>\n<p style=\"text-align: justify;\">Concretamente se van a centrar los trabajos en la mejora de los pasos de cebra existentes, siendo reforzados con el repintado de los mismos, en diferentes puntos del municipio, al objeto de mejorar la visibilidad de los mismos y por tanto ganar en seguridad vial.<\/p>\n<p style=\"text-align: justify;\">Somos conscientes de la mejora generalizada que precisan a nivel general, y la necesidad de realizar nuevos en aquellos puntos que son imprescindibles, pero en estos momentos se ha priorizado actuar en aquellos que en peor estado se encuentran y que por su localizaci\u00f3n asumen gran afluencia de tr\u00e1fico rodado y de viandantes.<\/p>\n<p style=\"text-align: justify;\">No obstante, una vez pasadas las fiestas, la actuaci\u00f3n en esta materia se ver\u00e1 ampliada, a la misma vez que se proceder\u00e1 a la sustituci\u00f3n de se\u00f1ales verticales que por el paso del tiempo han perdido pigmentaci\u00f3n y por tanto visibilidad.<\/p>\n<p style=\"text-align: justify;\">Esta medida atiende las peticiones ciudadanas, a la vez que mejora la seguridad vial y peatonal, y aumenta el ornato de nuestras calles.<\/p>\n<p>&nbsp;<\/p>\n<p><img fetchpriority=\"high\" decoding=\"async\" class=\"alignnone wp-image-30425 size-full\" src=\"https:\/\/www.caudete.org\/ayuntamiento\/wp-content\/uploads\/2025\/08\/WhatsApp-Image-2025-08-26-at-15.28.31-1.jpg\" alt=\"\" width=\"1000\" height=\"750\" srcset=\"https:\/\/www.caudete.org\/ayuntamiento\/wp-content\/uploads\/2025\/08\/WhatsApp-Image-2025-08-26-at-15.28.31-1.jpg 1000w, https:\/\/www.caudete.org\/ayuntamiento\/wp-content\/uploads\/2025\/08\/WhatsApp-Image-2025-08-26-at-15.28.31-1-960x720.jpg 960w, https:\/\/www.caudete.org\/ayuntamiento\/wp-content\/uploads\/2025\/08\/WhatsApp-Image-2025-08-26-at-15.28.31-1-293x220.jpg 293w, https:\/\/www.caudete.org\/ayuntamiento\/wp-content\/uploads\/2025\/08\/WhatsApp-Image-2025-08-26-at-15.28.31-1-768x576.jpg 768w\" sizes=\"(max-width: 1000px) 100vw, 1000px\" \/> <img decoding=\"async\" class=\"alignnone wp-image-30426 size-full\" src=\"https:\/\/www.caudete.org\/ayuntamiento\/wp-content\/uploads\/2025\/08\/WhatsApp-Image-2025-08-26-at-15.28.31-2.jpg\" alt=\"\" width=\"1000\" height=\"750\" srcset=\"https:\/\/www.caudete.org\/ayuntamiento\/wp-content\/uploads\/2025\/08\/WhatsApp-Image-2025-08-26-at-15.28.31-2.jpg 1000w, https:\/\/www.caudete.org\/ayuntamiento\/wp-content\/uploads\/2025\/08\/WhatsApp-Image-2025-08-26-at-15.28.31-2-960x720.jpg 960w, https:\/\/www.caudete.org\/ayuntamiento\/wp-content\/uploads\/2025\/08\/WhatsApp-Image-2025-08-26-at-15.28.31-2-293x220.jpg 293w, https:\/\/www.caudete.org\/ayuntamiento\/wp-content\/uploads\/2025\/08\/WhatsApp-Image-2025-08-26-at-15.28.31-2-768x576.jpg 768w\" sizes=\"(max-width: 1000px) 100vw, 1000px\" \/><\/p>\n","protected":false},"excerpt":{"rendered":"<p>Esta ma\u00f1ana operarios del PEEZRD-2025, bajo la supervisi\u00f3n de la Brigada de Obras, comenzaban con las tareas de mejora de la se\u00f1alizaci\u00f3n viaria en el casco urbano, a las que el Concejal de \u00e1rea Mois\u00e9s L\u00f3pez ha girado visita. Concretamente se van a centrar los trabajos en la mejora de los pasos de cebra existentes, &hellip;<\/p>\n","protected":false},"author":6,"featured_media":30427,"comment_status":"closed","ping_status":"open","sticky":false,"template":"","format":"standard","meta":{"ngg_post_thumbnail":0,"footnotes":""},"categories":[675],"tags":[],"class_list":["post-30424","post","type-post","status-publish","format-standard","has-post-thumbnail","hentry","category-obras"],"yoast_head":"<!-- This site is optimized with the Yoast SEO plugin v27.5 - https:\/\/yoast.com\/product\/yoast-seo-wordpress\/ -->\n<title>Comienza la mejora de pasos de cebra por medio del PEEZRD - MI Ayuntamiento de Caudete<\/title>\n<meta name=\"description\" content=\"P\u00e1gina Oficial del Ayuntamiento de Caudete (Albacete)\" \/>\n<meta name=\"robots\" content=\"index, follow, max-snippet:-1, max-image-preview:large, max-video-preview:-1\" \/>\n<link rel=\"canonical\" href=\"https:\/\/www.caudete.org\/ayuntamiento\/comienza-la-mejora-de-pasos-de-cebra-por-medio-del-peezrd\/\" \/>\n<meta property=\"og:locale\" content=\"es_ES\" \/>\n<meta property=\"og:type\" content=\"article\" \/>\n<meta property=\"og:title\" content=\"Comienza la mejora de pasos de cebra por medio del PEEZRD - MI Ayuntamiento de Caudete\" \/>\n<meta property=\"og:description\" content=\"P\u00e1gina Oficial del Ayuntamiento de Caudete (Albacete)\" \/>\n<meta property=\"og:url\" content=\"https:\/\/www.caudete.org\/ayuntamiento\/comienza-la-mejora-de-pasos-de-cebra-por-medio-del-peezrd\/\" \/>\n<meta property=\"og:site_name\" content=\"MI Ayuntamiento de Caudete\" \/>\n<meta property=\"article:publisher\" content=\"https:\/\/www.facebook.com\/ayuntamientocaudete\/\" \/>\n<meta property=\"article:published_time\" content=\"2025-08-27T06:07:02+00:00\" \/>\n<meta property=\"article:modified_time\" content=\"2025-08-28T05:57:06+00:00\" \/>\n<meta property=\"og:image\" content=\"https:\/\/www.caudete.org\/ayuntamiento\/wp-content\/uploads\/2025\/08\/WhatsApp-Image-2025-08-26-at-15.28.32-1.jpg\" \/>\n\t<meta property=\"og:image:width\" content=\"1000\" \/>\n\t<meta property=\"og:image:height\" content=\"750\" \/>\n\t<meta property=\"og:image:type\" content=\"image\/jpeg\" \/>\n<meta name=\"author\" content=\"informatica2\" \/>\n<meta name=\"twitter:card\" content=\"summary_large_image\" \/>\n<meta name=\"twitter:label1\" content=\"Escrito por\" \/>\n\t<meta name=\"twitter:data1\" content=\"informatica2\" \/>\n\t<meta name=\"twitter:label2\" content=\"Tiempo de lectura\" \/>\n\t<meta name=\"twitter:data2\" content=\"2 minutos\" \/>\n<script type=\"application\/ld+json\" class=\"yoast-schema-graph\">{\"@context\":\"https:\\\/\\\/schema.org\",\"@graph\":[{\"@type\":\"Article\",\"@id\":\"https:\\\/\\\/www.caudete.org\\\/ayuntamiento\\\/comienza-la-mejora-de-pasos-de-cebra-por-medio-del-peezrd\\\/#article\",\"isPartOf\":{\"@id\":\"https:\\\/\\\/www.caudete.org\\\/ayuntamiento\\\/comienza-la-mejora-de-pasos-de-cebra-por-medio-del-peezrd\\\/\"},\"author\":{\"name\":\"informatica2\",\"@id\":\"https:\\\/\\\/www.caudete.org\\\/ayuntamiento\\\/#\\\/schema\\\/person\\\/abfa5ffd5010a14e078c21e6e61b6291\"},\"headline\":\"Comienza la mejora de pasos de cebra por medio del PEEZRD\",\"datePublished\":\"2025-08-27T06:07:02+00:00\",\"dateModified\":\"2025-08-28T05:57:06+00:00\",\"mainEntityOfPage\":{\"@id\":\"https:\\\/\\\/www.caudete.org\\\/ayuntamiento\\\/comienza-la-mejora-de-pasos-de-cebra-por-medio-del-peezrd\\\/\"},\"wordCount\":225,\"image\":{\"@id\":\"https:\\\/\\\/www.caudete.org\\\/ayuntamiento\\\/comienza-la-mejora-de-pasos-de-cebra-por-medio-del-peezrd\\\/#primaryimage\"},\"thumbnailUrl\":\"https:\\\/\\\/www.caudete.org\\\/ayuntamiento\\\/wp-content\\\/uploads\\\/2025\\\/08\\\/WhatsApp-Image-2025-08-26-at-15.28.32-1.jpg\",\"articleSection\":[\"Obras\"],\"inLanguage\":\"es\"},{\"@type\":\"WebPage\",\"@id\":\"https:\\\/\\\/www.caudete.org\\\/ayuntamiento\\\/comienza-la-mejora-de-pasos-de-cebra-por-medio-del-peezrd\\\/\",\"url\":\"https:\\\/\\\/www.caudete.org\\\/ayuntamiento\\\/comienza-la-mejora-de-pasos-de-cebra-por-medio-del-peezrd\\\/\",\"name\":\"Comienza la mejora de pasos de cebra por medio del PEEZRD - MI Ayuntamiento de Caudete\",\"isPartOf\":{\"@id\":\"https:\\\/\\\/www.caudete.org\\\/ayuntamiento\\\/#website\"},\"primaryImageOfPage\":{\"@id\":\"https:\\\/\\\/www.caudete.org\\\/ayuntamiento\\\/comienza-la-mejora-de-pasos-de-cebra-por-medio-del-peezrd\\\/#primaryimage\"},\"image\":{\"@id\":\"https:\\\/\\\/www.caudete.org\\\/ayuntamiento\\\/comienza-la-mejora-de-pasos-de-cebra-por-medio-del-peezrd\\\/#primaryimage\"},\"thumbnailUrl\":\"https:\\\/\\\/www.caudete.org\\\/ayuntamiento\\\/wp-content\\\/uploads\\\/2025\\\/08\\\/WhatsApp-Image-2025-08-26-at-15.28.32-1.jpg\",\"datePublished\":\"2025-08-27T06:07:02+00:00\",\"dateModified\":\"2025-08-28T05:57:06+00:00\",\"author\":{\"@id\":\"https:\\\/\\\/www.caudete.org\\\/ayuntamiento\\\/#\\\/schema\\\/person\\\/abfa5ffd5010a14e078c21e6e61b6291\"},\"description\":\"P\u00e1gina Oficial del Ayuntamiento de Caudete (Albacete)\",\"breadcrumb\":{\"@id\":\"https:\\\/\\\/www.caudete.org\\\/ayuntamiento\\\/comienza-la-mejora-de-pasos-de-cebra-por-medio-del-peezrd\\\/#breadcrumb\"},\"inLanguage\":\"es\",\"potentialAction\":[{\"@type\":\"ReadAction\",\"target\":[\"https:\\\/\\\/www.caudete.org\\\/ayuntamiento\\\/comienza-la-mejora-de-pasos-de-cebra-por-medio-del-peezrd\\\/\"]}]},{\"@type\":\"ImageObject\",\"inLanguage\":\"es\",\"@id\":\"https:\\\/\\\/www.caudete.org\\\/ayuntamiento\\\/comienza-la-mejora-de-pasos-de-cebra-por-medio-del-peezrd\\\/#primaryimage\",\"url\":\"https:\\\/\\\/www.caudete.org\\\/ayuntamiento\\\/wp-content\\\/uploads\\\/2025\\\/08\\\/WhatsApp-Image-2025-08-26-at-15.28.32-1.jpg\",\"contentUrl\":\"https:\\\/\\\/www.caudete.org\\\/ayuntamiento\\\/wp-content\\\/uploads\\\/2025\\\/08\\\/WhatsApp-Image-2025-08-26-at-15.28.32-1.jpg\",\"width\":1000,\"height\":750},{\"@type\":\"BreadcrumbList\",\"@id\":\"https:\\\/\\\/www.caudete.org\\\/ayuntamiento\\\/comienza-la-mejora-de-pasos-de-cebra-por-medio-del-peezrd\\\/#breadcrumb\",\"itemListElement\":[{\"@type\":\"ListItem\",\"position\":1,\"name\":\"Inicio\",\"item\":\"https:\\\/\\\/www.caudete.org\\\/ayuntamiento\\\/\"},{\"@type\":\"ListItem\",\"position\":2,\"name\":\"Comienza la mejora de pasos de cebra por medio del PEEZRD\"}]},{\"@type\":\"WebSite\",\"@id\":\"https:\\\/\\\/www.caudete.org\\\/ayuntamiento\\\/#website\",\"url\":\"https:\\\/\\\/www.caudete.org\\\/ayuntamiento\\\/\",\"name\":\"MI Ayuntamiento de Caudete\",\"description\":\"P\u00e1gina Oficial del MI Ayuntamiento de Caudete\",\"potentialAction\":[{\"@type\":\"SearchAction\",\"target\":{\"@type\":\"EntryPoint\",\"urlTemplate\":\"https:\\\/\\\/www.caudete.org\\\/ayuntamiento\\\/?s={search_term_string}\"},\"query-input\":{\"@type\":\"PropertyValueSpecification\",\"valueRequired\":true,\"valueName\":\"search_term_string\"}}],\"inLanguage\":\"es\"},{\"@type\":\"Person\",\"@id\":\"https:\\\/\\\/www.caudete.org\\\/ayuntamiento\\\/#\\\/schema\\\/person\\\/abfa5ffd5010a14e078c21e6e61b6291\",\"name\":\"informatica2\",\"image\":{\"@type\":\"ImageObject\",\"inLanguage\":\"es\",\"@id\":\"https:\\\/\\\/secure.gravatar.com\\\/avatar\\\/b089890ff033a3e4d03eec00ecb5a14425217205c513f60ec32ebeaaeb5fa700?s=96&d=mm&r=g\",\"url\":\"https:\\\/\\\/secure.gravatar.com\\\/avatar\\\/b089890ff033a3e4d03eec00ecb5a14425217205c513f60ec32ebeaaeb5fa700?s=96&d=mm&r=g\",\"contentUrl\":\"https:\\\/\\\/secure.gravatar.com\\\/avatar\\\/b089890ff033a3e4d03eec00ecb5a14425217205c513f60ec32ebeaaeb5fa700?s=96&d=mm&r=g\",\"caption\":\"informatica2\"},\"url\":\"https:\\\/\\\/www.caudete.org\\\/ayuntamiento\\\/author\\\/informatica2\\\/\"}]}<\/script>\n<!-- \/ Yoast SEO plugin. -->","yoast_head_json":{"title":"Comienza la mejora de pasos de cebra por medio del PEEZRD - MI Ayuntamiento de Caudete","description":"P\u00e1gina Oficial del Ayuntamiento de Caudete (Albacete)","robots":{"index":"index","follow":"follow","max-snippet":"max-snippet:-1","max-image-preview":"max-image-preview:large","max-video-preview":"max-video-preview:-1"},"canonical":"https:\/\/www.caudete.org\/ayuntamiento\/comienza-la-mejora-de-pasos-de-cebra-por-medio-del-peezrd\/","og_locale":"es_ES","og_type":"article","og_title":"Comienza la mejora de pasos de cebra por medio del PEEZRD - MI Ayuntamiento de Caudete","og_description":"P\u00e1gina Oficial del Ayuntamiento de Caudete (Albacete)","og_url":"https:\/\/www.caudete.org\/ayuntamiento\/comienza-la-mejora-de-pasos-de-cebra-por-medio-del-peezrd\/","og_site_name":"MI Ayuntamiento de Caudete","article_publisher":"https:\/\/www.facebook.com\/ayuntamientocaudete\/","article_published_time":"2025-08-27T06:07:02+00:00","article_modified_time":"2025-08-28T05:57:06+00:00","og_image":[{"width":1000,"height":750,"url":"https:\/\/www.caudete.org\/ayuntamiento\/wp-content\/uploads\/2025\/08\/WhatsApp-Image-2025-08-26-at-15.28.32-1.jpg","type":"image\/jpeg"}],"author":"informatica2","twitter_card":"summary_large_image","twitter_misc":{"Escrito por":"informatica2","Tiempo de lectura":"2 minutos"},"schema":{"@context":"https:\/\/schema.org","@graph":[{"@type":"Article","@id":"https:\/\/www.caudete.org\/ayuntamiento\/comienza-la-mejora-de-pasos-de-cebra-por-medio-del-peezrd\/#article","isPartOf":{"@id":"https:\/\/www.caudete.org\/ayuntamiento\/comienza-la-mejora-de-pasos-de-cebra-por-medio-del-peezrd\/"},"author":{"name":"informatica2","@id":"https:\/\/www.caudete.org\/ayuntamiento\/#\/schema\/person\/abfa5ffd5010a14e078c21e6e61b6291"},"headline":"Comienza la mejora de pasos de cebra por medio del PEEZRD","datePublished":"2025-08-27T06:07:02+00:00","dateModified":"2025-08-28T05:57:06+00:00","mainEntityOfPage":{"@id":"https:\/\/www.caudete.org\/ayuntamiento\/comienza-la-mejora-de-pasos-de-cebra-por-medio-del-peezrd\/"},"wordCount":225,"image":{"@id":"https:\/\/www.caudete.org\/ayuntamiento\/comienza-la-mejora-de-pasos-de-cebra-por-medio-del-peezrd\/#primaryimage"},"thumbnailUrl":"https:\/\/www.caudete.org\/ayuntamiento\/wp-content\/uploads\/2025\/08\/WhatsApp-Image-2025-08-26-at-15.28.32-1.jpg","articleSection":["Obras"],"inLanguage":"es"},{"@type":"WebPage","@id":"https:\/\/www.caudete.org\/ayuntamiento\/comienza-la-mejora-de-pasos-de-cebra-por-medio-del-peezrd\/","url":"https:\/\/www.caudete.org\/ayuntamiento\/comienza-la-mejora-de-pasos-de-cebra-por-medio-del-peezrd\/","name":"Comienza la mejora de pasos de cebra por medio del PEEZRD - MI Ayuntamiento de Caudete","isPartOf":{"@id":"https:\/\/www.caudete.org\/ayuntamiento\/#website"},"primaryImageOfPage":{"@id":"https:\/\/www.caudete.org\/ayuntamiento\/comienza-la-mejora-de-pasos-de-cebra-por-medio-del-peezrd\/#primaryimage"},"image":{"@id":"https:\/\/www.caudete.org\/ayuntamiento\/comienza-la-mejora-de-pasos-de-cebra-por-medio-del-peezrd\/#primaryimage"},"thumbnailUrl":"https:\/\/www.caudete.org\/ayuntamiento\/wp-content\/uploads\/2025\/08\/WhatsApp-Image-2025-08-26-at-15.28.32-1.jpg","datePublished":"2025-08-27T06:07:02+00:00","dateModified":"2025-08-28T05:57:06+00:00","author":{"@id":"https:\/\/www.caudete.org\/ayuntamiento\/#\/schema\/person\/abfa5ffd5010a14e078c21e6e61b6291"},"description":"P\u00e1gina Oficial del Ayuntamiento de Caudete (Albacete)","breadcrumb":{"@id":"https:\/\/www.caudete.org\/ayuntamiento\/comienza-la-mejora-de-pasos-de-cebra-por-medio-del-peezrd\/#breadcrumb"},"inLanguage":"es","potentialAction":[{"@type":"ReadAction","target":["https:\/\/www.caudete.org\/ayuntamiento\/comienza-la-mejora-de-pasos-de-cebra-por-medio-del-peezrd\/"]}]},{"@type":"ImageObject","inLanguage":"es","@id":"https:\/\/www.caudete.org\/ayuntamiento\/comienza-la-mejora-de-pasos-de-cebra-por-medio-del-peezrd\/#primaryimage","url":"https:\/\/www.caudete.org\/ayuntamiento\/wp-content\/uploads\/2025\/08\/WhatsApp-Image-2025-08-26-at-15.28.32-1.jpg","contentUrl":"https:\/\/www.caudete.org\/ayuntamiento\/wp-content\/uploads\/2025\/08\/WhatsApp-Image-2025-08-26-at-15.28.32-1.jpg","width":1000,"height":750},{"@type":"BreadcrumbList","@id":"https:\/\/www.caudete.org\/ayuntamiento\/comienza-la-mejora-de-pasos-de-cebra-por-medio-del-peezrd\/#breadcrumb","itemListElement":[{"@type":"ListItem","position":1,"name":"Inicio","item":"https:\/\/www.caudete.org\/ayuntamiento\/"},{"@type":"ListItem","position":2,"name":"Comienza la mejora de pasos de cebra por medio del PEEZRD"}]},{"@type":"WebSite","@id":"https:\/\/www.caudete.org\/ayuntamiento\/#website","url":"https:\/\/www.caudete.org\/ayuntamiento\/","name":"MI Ayuntamiento de Caudete","description":"P\u00e1gina Oficial del MI Ayuntamiento de Caudete","potentialAction":[{"@type":"SearchAction","target":{"@type":"EntryPoint","urlTemplate":"https:\/\/www.caudete.org\/ayuntamiento\/?s={search_term_string}"},"query-input":{"@type":"PropertyValueSpecification","valueRequired":true,"valueName":"search_term_string"}}],"inLanguage":"es"},{"@type":"Person","@id":"https:\/\/www.caudete.org\/ayuntamiento\/#\/schema\/person\/abfa5ffd5010a14e078c21e6e61b6291","name":"informatica2","image":{"@type":"ImageObject","inLanguage":"es","@id":"https:\/\/secure.gravatar.com\/avatar\/b089890ff033a3e4d03eec00ecb5a14425217205c513f60ec32ebeaaeb5fa700?s=96&d=mm&r=g","url":"https:\/\/secure.gravatar.com\/avatar\/b089890ff033a3e4d03eec00ecb5a14425217205c513f60ec32ebeaaeb5fa700?s=96&d=mm&r=g","contentUrl":"https:\/\/secure.gravatar.com\/avatar\/b089890ff033a3e4d03eec00ecb5a14425217205c513f60ec32ebeaaeb5fa700?s=96&d=mm&r=g","caption":"informatica2"},"url":"https:\/\/www.caudete.org\/ayuntamiento\/author\/informatica2\/"}]}},"_links":{"self":[{"href":"https:\/\/www.caudete.org\/ayuntamiento\/wp-json\/wp\/v2\/posts\/30424","targetHints":{"allow":["GET"]}}],"collection":[{"href":"https:\/\/www.caudete.org\/ayuntamiento\/wp-json\/wp\/v2\/posts"}],"about":[{"href":"https:\/\/www.caudete.org\/ayuntamiento\/wp-json\/wp\/v2\/types\/post"}],"author":[{"embeddable":true,"href":"https:\/\/www.caudete.org\/ayuntamiento\/wp-json\/wp\/v2\/users\/6"}],"replies":[{"embeddable":true,"href":"https:\/\/www.caudete.org\/ayuntamiento\/wp-json\/wp\/v2\/comments?post=30424"}],"version-history":[{"count":1,"href":"https:\/\/www.caudete.org\/ayuntamiento\/wp-json\/wp\/v2\/posts\/30424\/revisions"}],"predecessor-version":[{"id":30428,"href":"https:\/\/www.caudete.org\/ayuntamiento\/wp-json\/wp\/v2\/posts\/30424\/revisions\/30428"}],"wp:featuredmedia":[{"embeddable":true,"href":"https:\/\/www.caudete.org\/ayuntamiento\/wp-json\/wp\/v2\/media\/30427"}],"wp:attachment":[{"href":"https:\/\/www.caudete.org\/ayuntamiento\/wp-json\/wp\/v2\/media?parent=30424"}],"wp:term":[{"taxonomy":"category","embeddable":true,"href":"https:\/\/www.caudete.org\/ayuntamiento\/wp-json\/wp\/v2\/categories?post=30424"},{"taxonomy":"post_tag","embeddable":true,"href":"https:\/\/www.caudete.org\/ayuntamiento\/wp-json\/wp\/v2\/tags?post=30424"}],"curies":[{"name":"wp","href":"https:\/\/api.w.org\/{rel}","templated":true}]}}