{"id":30429,"date":"2025-09-19T08:00:10","date_gmt":"2025-09-19T06:00:10","guid":{"rendered":"https:\/\/www.caudete.org\/ayuntamiento\/?p=30429"},"modified":"2025-09-25T09:01:11","modified_gmt":"2025-09-25T07:01:11","slug":"arranca-el-curso-2025-2026-de-la-universidad-popular-y-los-clubes-de-lectura-en-caudete","status":"publish","type":"post","link":"https:\/\/www.caudete.org\/ayuntamiento\/arranca-el-curso-2025-2026-de-la-universidad-popular-y-los-clubes-de-lectura-en-caudete\/","title":{"rendered":"Arranca el curso 2025\/2026 de la universidad popular y los clubes de lectura en Caudete"},"content":{"rendered":"<p style=\"text-align: justify;\">La Concejal\u00eda de Cultura informa, a trav\u00e9s de la Casa de Cultura y la Biblioteca P\u00fablica Municipal \u201cAna Mar\u00eda Matute\u201d, presenta una nueva y variada programaci\u00f3n para el curso 2025\/2026 de la Universidad Popular (UP) y de los Clubes de Lectura.<\/p>\n<p style=\"text-align: justify;\">Las actividades, que se desarrollar\u00e1n de octubre a mayo, ofrecen una amplia oferta formativa y cultural, pensada para todos los p\u00fablicos, con el objetivo de fomentar el aprendizaje continuo, la creatividad, la convivencia y el acceso a la cultura.<\/p>\n<h3 class=\"western\" style=\"text-align: justify;\"><strong>Universidad Popular: formaci\u00f3n, arte, bienestar y gastronom\u00eda <\/strong><strong>para j\u00f3venes y adultos. <\/strong><\/h3>\n<p style=\"text-align: justify;\">La UP incluye <strong>cursos anuales<\/strong> como Acuarela (iniciaci\u00f3n y perfeccionamiento), Sevillanas, Danza del vientre, Bailes de sal\u00f3n, Baile latino en l\u00ednea, Bordado, Corte y confecci\u00f3n, Restauraci\u00f3n de muebles, Yoga y Hatha Yoga, as\u00ed como Cata de vinos.<\/p>\n<p style=\"text-align: justify;\">A ellos se suman <strong>cursos y talleres breves<\/strong> que se impartir\u00e1n a lo largo del a\u00f1o: Cocina de Navidad, Cocina con la huerta, Cocina internacional, Alimentaci\u00f3n infantil, Cata de quesos, Cata de cervezas internacionales, Define tu estilo personal, Casta\u00f1uelas iniciaci\u00f3n , Estilismo navide\u00f1o, Estilismo decorativo para el hogar, Original Cinema &amp; Conversation (ingl\u00e9s), Parlare d\u2019arte (italiano), Historia local, Iniciaci\u00f3n al Mindfulness, Yoga para beb\u00e9s y mam\u00e1s, T\u00e9cnicas respiratorias y relajaci\u00f3n, Fabricaci\u00f3n de acuarela, Elaboraci\u00f3n de joyas en cer\u00e1mica, Trabaja con Pan de oro, Fotograf\u00eda con m\u00f3vil, Creaci\u00f3n de fotolibro y Descubre la naturaleza de Caudete.<\/p>\n<h3 class=\"western\" style=\"text-align: justify;\"><strong>Clubes de lectura: 22 <\/strong><strong>grupos para todos los p\u00fablicos<\/strong><\/h3>\n<p style=\"text-align: justify;\">La Biblioteca \u201cAna Mar\u00eda Matute\u201d por su parte ha programado un total de <strong>22 clubes de lectura<\/strong> dirigidos a todas las edades, que abarcan desde la bebeteca (0-3 a\u00f1os) hasta grupos de literatura en ingl\u00e9s y franc\u00e9s, novela hist\u00f3rica, literatura infantil y juvenil, lectura f\u00e1cil, y colaboraciones con asociaciones locales como ASPRONA, ACAFEM, ACALUCA o Santa B\u00e1rbara. Como novedades este a\u00f1o, ofertamos un club de lectura para ni\u00f1os y ni\u00f1as de 5\u00ba y 6\u00ba de primaria, un club de lectura juvenil Lectibe con sesiones mensuales en la biblioteca y un club de lectura mensual sobre la Generaci\u00f3n del 98.<\/p>\n<p style=\"text-align: justify;\">Estos clubes fomentan la lectura, la inclusi\u00f3n, el intercambio generacional, el ocio saludable y la participaci\u00f3n comunitaria, con reuniones peri\u00f3dicas adaptadas a cada grupo.<\/p>\n<h3 class=\"western\" style=\"text-align: justify;\"><strong>Inscripciones<\/strong><\/h3>\n<p style=\"text-align: justify;\">Las inscripciones para los cursos de la Universidad Popular y los Clubes de Lectura se realizar\u00e1n <strong>del 22 al 24 de septiembre<\/strong>, en el hall de la Casa de Cultura, en horario de 9:30 a 14:00 y de 17:00 a 20:00 horas. Para los cursos de la Universidad Popular la matr\u00edcula ser\u00e1 de 22 \u20ac por curso (excepto talleres breves), y se realizar\u00e1 por riguroso orden de inscripci\u00f3n hasta completar plazas.<\/p>\n<p style=\"text-align: justify;\">El folleto completo y el bolet\u00edn de inscripci\u00f3n est\u00e1n disponibles en la web municipal <strong><a href=\"http:\/\/www.caudete.es\/\" target=\"_blank\" rel=\"nofollow\">www.caudete.es<\/a><\/strong>. Para m\u00e1s informaci\u00f3n: <strong>Casa de Cultura de Caudete, <\/strong><strong>en Calle Las Eras, 33 y <\/strong><strong>t<\/strong>el\u00e9fono: 96 582 81 30.<\/p>\n<hr \/>\n<p><a href=\"https:\/\/www.caudete.org\/ayuntamiento\/wp-content\/uploads\/2025\/08\/250273-Cuadriptico-Casa-de-Cultura-Ventana-3-DEFINITIVO.pdf\" class=\"mtli_attachment mtli_pdf\">Cuadr\u00edptico Cursos &#8211; Casa de Cultura<\/a><\/p>\n<p><a href=\"https:\/\/www.caudete.org\/ayuntamiento\/wp-content\/uploads\/2025\/09\/boletin-de-inscripcion-2025-26cacu.pdf\" class=\"mtli_attachment mtli_pdf\">Bolet\u00edn de inscripci\u00f3n Universidad Popular 2025-26<\/a><\/p>\n<p><a href=\"https:\/\/www.caudete.org\/ayuntamiento\/wp-content\/uploads\/2025\/09\/boletin-de-inscripcion-2025-2026_clubeslectura.pdf\" class=\"mtli_attachment mtli_pdf\">Bolet\u00edn de inscripci\u00f3n Clubes de lectura 2025-2026<\/a><\/p>\n<hr \/>\n<p><a href=\"https:\/\/www.caudete.org\/ayuntamiento\/wp-content\/uploads\/2025\/08\/250273-Cuadriptico-Casa-de-Cultura-Ventana-3-DEFINITIVO_page-0001.jpg\" rel='prettyPhoto'><img fetchpriority=\"high\" decoding=\"async\" class=\"alignnone wp-image-30431 size-full\" src=\"https:\/\/www.caudete.org\/ayuntamiento\/wp-content\/uploads\/2025\/08\/250273-Cuadriptico-Casa-de-Cultura-Ventana-3-DEFINITIVO_page-0001.jpg\" alt=\"\" width=\"1000\" height=\"719\" srcset=\"https:\/\/www.caudete.org\/ayuntamiento\/wp-content\/uploads\/2025\/08\/250273-Cuadriptico-Casa-de-Cultura-Ventana-3-DEFINITIVO_page-0001.jpg 1000w, https:\/\/www.caudete.org\/ayuntamiento\/wp-content\/uploads\/2025\/08\/250273-Cuadriptico-Casa-de-Cultura-Ventana-3-DEFINITIVO_page-0001-960x690.jpg 960w, https:\/\/www.caudete.org\/ayuntamiento\/wp-content\/uploads\/2025\/08\/250273-Cuadriptico-Casa-de-Cultura-Ventana-3-DEFINITIVO_page-0001-306x220.jpg 306w, https:\/\/www.caudete.org\/ayuntamiento\/wp-content\/uploads\/2025\/08\/250273-Cuadriptico-Casa-de-Cultura-Ventana-3-DEFINITIVO_page-0001-768x552.jpg 768w\" sizes=\"(max-width: 1000px) 100vw, 1000px\" \/><\/a> <a href=\"https:\/\/www.caudete.org\/ayuntamiento\/wp-content\/uploads\/2025\/08\/250273-Cuadriptico-Casa-de-Cultura-Ventana-3-DEFINITIVO_page-0002.jpg\" rel='prettyPhoto'><img decoding=\"async\" class=\"alignnone wp-image-30432 size-full\" src=\"https:\/\/www.caudete.org\/ayuntamiento\/wp-content\/uploads\/2025\/08\/250273-Cuadriptico-Casa-de-Cultura-Ventana-3-DEFINITIVO_page-0002.jpg\" alt=\"\" width=\"1000\" height=\"719\" srcset=\"https:\/\/www.caudete.org\/ayuntamiento\/wp-content\/uploads\/2025\/08\/250273-Cuadriptico-Casa-de-Cultura-Ventana-3-DEFINITIVO_page-0002.jpg 1000w, https:\/\/www.caudete.org\/ayuntamiento\/wp-content\/uploads\/2025\/08\/250273-Cuadriptico-Casa-de-Cultura-Ventana-3-DEFINITIVO_page-0002-960x690.jpg 960w, https:\/\/www.caudete.org\/ayuntamiento\/wp-content\/uploads\/2025\/08\/250273-Cuadriptico-Casa-de-Cultura-Ventana-3-DEFINITIVO_page-0002-306x220.jpg 306w, https:\/\/www.caudete.org\/ayuntamiento\/wp-content\/uploads\/2025\/08\/250273-Cuadriptico-Casa-de-Cultura-Ventana-3-DEFINITIVO_page-0002-768x552.jpg 768w\" sizes=\"(max-width: 1000px) 100vw, 1000px\" \/><\/a> <img decoding=\"async\" class=\"alignnone wp-image-30433 size-full\" src=\"https:\/\/www.caudete.org\/ayuntamiento\/wp-content\/uploads\/2025\/08\/WhatsApp-Image-2024-09-18-at-09.29.55.jpg\" alt=\"\" width=\"1000\" height=\"750\" srcset=\"https:\/\/www.caudete.org\/ayuntamiento\/wp-content\/uploads\/2025\/08\/WhatsApp-Image-2024-09-18-at-09.29.55.jpg 1000w, https:\/\/www.caudete.org\/ayuntamiento\/wp-content\/uploads\/2025\/08\/WhatsApp-Image-2024-09-18-at-09.29.55-960x720.jpg 960w, https:\/\/www.caudete.org\/ayuntamiento\/wp-content\/uploads\/2025\/08\/WhatsApp-Image-2024-09-18-at-09.29.55-293x220.jpg 293w, https:\/\/www.caudete.org\/ayuntamiento\/wp-content\/uploads\/2025\/08\/WhatsApp-Image-2024-09-18-at-09.29.55-768x576.jpg 768w\" sizes=\"(max-width: 1000px) 100vw, 1000px\" \/> <img loading=\"lazy\" decoding=\"async\" class=\"alignnone wp-image-30434 size-full\" src=\"https:\/\/www.caudete.org\/ayuntamiento\/wp-content\/uploads\/2025\/08\/WhatsApp-Image-2024-09-25-at-09.33.34.jpg\" alt=\"\" width=\"1000\" height=\"750\" srcset=\"https:\/\/www.caudete.org\/ayuntamiento\/wp-content\/uploads\/2025\/08\/WhatsApp-Image-2024-09-25-at-09.33.34.jpg 1000w, https:\/\/www.caudete.org\/ayuntamiento\/wp-content\/uploads\/2025\/08\/WhatsApp-Image-2024-09-25-at-09.33.34-960x720.jpg 960w, https:\/\/www.caudete.org\/ayuntamiento\/wp-content\/uploads\/2025\/08\/WhatsApp-Image-2024-09-25-at-09.33.34-293x220.jpg 293w, https:\/\/www.caudete.org\/ayuntamiento\/wp-content\/uploads\/2025\/08\/WhatsApp-Image-2024-09-25-at-09.33.34-768x576.jpg 768w\" sizes=\"(max-width: 1000px) 100vw, 1000px\" \/><\/p>\n","protected":false},"excerpt":{"rendered":"<p>La Concejal\u00eda de Cultura informa, a trav\u00e9s de la Casa de Cultura y la Biblioteca P\u00fablica Municipal \u201cAna Mar\u00eda Matute\u201d, presenta una nueva y variada programaci\u00f3n para el curso 2025\/2026 de la Universidad Popular (UP) y de los Clubes de Lectura. Las actividades, que se desarrollar\u00e1n de octubre a mayo, ofrecen una amplia oferta formativa &hellip;<\/p>\n","protected":false},"author":6,"featured_media":30438,"comment_status":"closed","ping_status":"open","sticky":false,"template":"","format":"standard","meta":{"ngg_post_thumbnail":0,"footnotes":""},"categories":[14],"tags":[],"class_list":["post-30429","post","type-post","status-publish","format-standard","has-post-thumbnail","hentry","category-cultura"],"yoast_head":"<!-- This site is optimized with the Yoast SEO plugin v27.5 - https:\/\/yoast.com\/product\/yoast-seo-wordpress\/ -->\n<title>Arranca el curso 2025\/2026 de la universidad popular y los clubes de lectura en Caudete - MI Ayuntamiento de Caudete<\/title>\n<meta name=\"description\" content=\"P\u00e1gina Oficial del Ayuntamiento de Caudete (Albacete)\" \/>\n<meta name=\"robots\" content=\"index, follow, max-snippet:-1, max-image-preview:large, max-video-preview:-1\" \/>\n<link rel=\"canonical\" href=\"https:\/\/www.caudete.org\/ayuntamiento\/arranca-el-curso-2025-2026-de-la-universidad-popular-y-los-clubes-de-lectura-en-caudete\/\" \/>\n<meta property=\"og:locale\" content=\"es_ES\" \/>\n<meta property=\"og:type\" content=\"article\" \/>\n<meta property=\"og:title\" content=\"Arranca el curso 2025\/2026 de la universidad popular y los clubes de lectura en Caudete - MI Ayuntamiento de Caudete\" \/>\n<meta property=\"og:description\" content=\"P\u00e1gina Oficial del Ayuntamiento de Caudete (Albacete)\" \/>\n<meta property=\"og:url\" content=\"https:\/\/www.caudete.org\/ayuntamiento\/arranca-el-curso-2025-2026-de-la-universidad-popular-y-los-clubes-de-lectura-en-caudete\/\" \/>\n<meta property=\"og:site_name\" content=\"MI Ayuntamiento de Caudete\" \/>\n<meta property=\"article:publisher\" content=\"https:\/\/www.facebook.com\/ayuntamientocaudete\/\" \/>\n<meta property=\"article:published_time\" content=\"2025-09-19T06:00:10+00:00\" \/>\n<meta property=\"article:modified_time\" content=\"2025-09-25T07:01:11+00:00\" \/>\n<meta property=\"og:image\" content=\"https:\/\/www.caudete.org\/ayuntamiento\/wp-content\/uploads\/2025\/08\/PORT-1.png\" \/>\n\t<meta property=\"og:image:width\" content=\"864\" \/>\n\t<meta property=\"og:image:height\" content=\"380\" \/>\n\t<meta property=\"og:image:type\" content=\"image\/png\" \/>\n<meta name=\"author\" content=\"informatica2\" \/>\n<meta name=\"twitter:card\" content=\"summary_large_image\" \/>\n<meta name=\"twitter:label1\" content=\"Escrito por\" \/>\n\t<meta name=\"twitter:data1\" content=\"informatica2\" \/>\n\t<meta name=\"twitter:label2\" content=\"Tiempo de lectura\" \/>\n\t<meta name=\"twitter:data2\" content=\"4 minutos\" \/>\n<script type=\"application\/ld+json\" class=\"yoast-schema-graph\">{\"@context\":\"https:\\\/\\\/schema.org\",\"@graph\":[{\"@type\":\"Article\",\"@id\":\"https:\\\/\\\/www.caudete.org\\\/ayuntamiento\\\/arranca-el-curso-2025-2026-de-la-universidad-popular-y-los-clubes-de-lectura-en-caudete\\\/#article\",\"isPartOf\":{\"@id\":\"https:\\\/\\\/www.caudete.org\\\/ayuntamiento\\\/arranca-el-curso-2025-2026-de-la-universidad-popular-y-los-clubes-de-lectura-en-caudete\\\/\"},\"author\":{\"name\":\"informatica2\",\"@id\":\"https:\\\/\\\/www.caudete.org\\\/ayuntamiento\\\/#\\\/schema\\\/person\\\/abfa5ffd5010a14e078c21e6e61b6291\"},\"headline\":\"Arranca el curso 2025\\\/2026 de la universidad popular y los clubes de lectura en Caudete\",\"datePublished\":\"2025-09-19T06:00:10+00:00\",\"dateModified\":\"2025-09-25T07:01:11+00:00\",\"mainEntityOfPage\":{\"@id\":\"https:\\\/\\\/www.caudete.org\\\/ayuntamiento\\\/arranca-el-curso-2025-2026-de-la-universidad-popular-y-los-clubes-de-lectura-en-caudete\\\/\"},\"wordCount\":539,\"image\":{\"@id\":\"https:\\\/\\\/www.caudete.org\\\/ayuntamiento\\\/arranca-el-curso-2025-2026-de-la-universidad-popular-y-los-clubes-de-lectura-en-caudete\\\/#primaryimage\"},\"thumbnailUrl\":\"https:\\\/\\\/www.caudete.org\\\/ayuntamiento\\\/wp-content\\\/uploads\\\/2025\\\/08\\\/PORT-1.png\",\"articleSection\":[\"Cultura\"],\"inLanguage\":\"es\"},{\"@type\":\"WebPage\",\"@id\":\"https:\\\/\\\/www.caudete.org\\\/ayuntamiento\\\/arranca-el-curso-2025-2026-de-la-universidad-popular-y-los-clubes-de-lectura-en-caudete\\\/\",\"url\":\"https:\\\/\\\/www.caudete.org\\\/ayuntamiento\\\/arranca-el-curso-2025-2026-de-la-universidad-popular-y-los-clubes-de-lectura-en-caudete\\\/\",\"name\":\"Arranca el curso 2025\\\/2026 de la universidad popular y los clubes de lectura en Caudete - MI Ayuntamiento de Caudete\",\"isPartOf\":{\"@id\":\"https:\\\/\\\/www.caudete.org\\\/ayuntamiento\\\/#website\"},\"primaryImageOfPage\":{\"@id\":\"https:\\\/\\\/www.caudete.org\\\/ayuntamiento\\\/arranca-el-curso-2025-2026-de-la-universidad-popular-y-los-clubes-de-lectura-en-caudete\\\/#primaryimage\"},\"image\":{\"@id\":\"https:\\\/\\\/www.caudete.org\\\/ayuntamiento\\\/arranca-el-curso-2025-2026-de-la-universidad-popular-y-los-clubes-de-lectura-en-caudete\\\/#primaryimage\"},\"thumbnailUrl\":\"https:\\\/\\\/www.caudete.org\\\/ayuntamiento\\\/wp-content\\\/uploads\\\/2025\\\/08\\\/PORT-1.png\",\"datePublished\":\"2025-09-19T06:00:10+00:00\",\"dateModified\":\"2025-09-25T07:01:11+00:00\",\"author\":{\"@id\":\"https:\\\/\\\/www.caudete.org\\\/ayuntamiento\\\/#\\\/schema\\\/person\\\/abfa5ffd5010a14e078c21e6e61b6291\"},\"description\":\"P\u00e1gina Oficial del Ayuntamiento de Caudete (Albacete)\",\"breadcrumb\":{\"@id\":\"https:\\\/\\\/www.caudete.org\\\/ayuntamiento\\\/arranca-el-curso-2025-2026-de-la-universidad-popular-y-los-clubes-de-lectura-en-caudete\\\/#breadcrumb\"},\"inLanguage\":\"es\",\"potentialAction\":[{\"@type\":\"ReadAction\",\"target\":[\"https:\\\/\\\/www.caudete.org\\\/ayuntamiento\\\/arranca-el-curso-2025-2026-de-la-universidad-popular-y-los-clubes-de-lectura-en-caudete\\\/\"]}]},{\"@type\":\"ImageObject\",\"inLanguage\":\"es\",\"@id\":\"https:\\\/\\\/www.caudete.org\\\/ayuntamiento\\\/arranca-el-curso-2025-2026-de-la-universidad-popular-y-los-clubes-de-lectura-en-caudete\\\/#primaryimage\",\"url\":\"https:\\\/\\\/www.caudete.org\\\/ayuntamiento\\\/wp-content\\\/uploads\\\/2025\\\/08\\\/PORT-1.png\",\"contentUrl\":\"https:\\\/\\\/www.caudete.org\\\/ayuntamiento\\\/wp-content\\\/uploads\\\/2025\\\/08\\\/PORT-1.png\",\"width\":864,\"height\":380},{\"@type\":\"BreadcrumbList\",\"@id\":\"https:\\\/\\\/www.caudete.org\\\/ayuntamiento\\\/arranca-el-curso-2025-2026-de-la-universidad-popular-y-los-clubes-de-lectura-en-caudete\\\/#breadcrumb\",\"itemListElement\":[{\"@type\":\"ListItem\",\"position\":1,\"name\":\"Inicio\",\"item\":\"https:\\\/\\\/www.caudete.org\\\/ayuntamiento\\\/\"},{\"@type\":\"ListItem\",\"position\":2,\"name\":\"Arranca el curso 2025\\\/2026 de la universidad popular y los clubes de lectura en Caudete\"}]},{\"@type\":\"WebSite\",\"@id\":\"https:\\\/\\\/www.caudete.org\\\/ayuntamiento\\\/#website\",\"url\":\"https:\\\/\\\/www.caudete.org\\\/ayuntamiento\\\/\",\"name\":\"MI Ayuntamiento de Caudete\",\"description\":\"P\u00e1gina Oficial del MI Ayuntamiento de Caudete\",\"potentialAction\":[{\"@type\":\"SearchAction\",\"target\":{\"@type\":\"EntryPoint\",\"urlTemplate\":\"https:\\\/\\\/www.caudete.org\\\/ayuntamiento\\\/?s={search_term_string}\"},\"query-input\":{\"@type\":\"PropertyValueSpecification\",\"valueRequired\":true,\"valueName\":\"search_term_string\"}}],\"inLanguage\":\"es\"},{\"@type\":\"Person\",\"@id\":\"https:\\\/\\\/www.caudete.org\\\/ayuntamiento\\\/#\\\/schema\\\/person\\\/abfa5ffd5010a14e078c21e6e61b6291\",\"name\":\"informatica2\",\"image\":{\"@type\":\"ImageObject\",\"inLanguage\":\"es\",\"@id\":\"https:\\\/\\\/secure.gravatar.com\\\/avatar\\\/b089890ff033a3e4d03eec00ecb5a14425217205c513f60ec32ebeaaeb5fa700?s=96&d=mm&r=g\",\"url\":\"https:\\\/\\\/secure.gravatar.com\\\/avatar\\\/b089890ff033a3e4d03eec00ecb5a14425217205c513f60ec32ebeaaeb5fa700?s=96&d=mm&r=g\",\"contentUrl\":\"https:\\\/\\\/secure.gravatar.com\\\/avatar\\\/b089890ff033a3e4d03eec00ecb5a14425217205c513f60ec32ebeaaeb5fa700?s=96&d=mm&r=g\",\"caption\":\"informatica2\"},\"url\":\"https:\\\/\\\/www.caudete.org\\\/ayuntamiento\\\/author\\\/informatica2\\\/\"}]}<\/script>\n<!-- \/ Yoast SEO plugin. -->","yoast_head_json":{"title":"Arranca el curso 2025\/2026 de la universidad popular y los clubes de lectura en Caudete - MI Ayuntamiento de Caudete","description":"P\u00e1gina Oficial del Ayuntamiento de Caudete (Albacete)","robots":{"index":"index","follow":"follow","max-snippet":"max-snippet:-1","max-image-preview":"max-image-preview:large","max-video-preview":"max-video-preview:-1"},"canonical":"https:\/\/www.caudete.org\/ayuntamiento\/arranca-el-curso-2025-2026-de-la-universidad-popular-y-los-clubes-de-lectura-en-caudete\/","og_locale":"es_ES","og_type":"article","og_title":"Arranca el curso 2025\/2026 de la universidad popular y los clubes de lectura en Caudete - MI Ayuntamiento de Caudete","og_description":"P\u00e1gina Oficial del Ayuntamiento de Caudete (Albacete)","og_url":"https:\/\/www.caudete.org\/ayuntamiento\/arranca-el-curso-2025-2026-de-la-universidad-popular-y-los-clubes-de-lectura-en-caudete\/","og_site_name":"MI Ayuntamiento de Caudete","article_publisher":"https:\/\/www.facebook.com\/ayuntamientocaudete\/","article_published_time":"2025-09-19T06:00:10+00:00","article_modified_time":"2025-09-25T07:01:11+00:00","og_image":[{"width":864,"height":380,"url":"https:\/\/www.caudete.org\/ayuntamiento\/wp-content\/uploads\/2025\/08\/PORT-1.png","type":"image\/png"}],"author":"informatica2","twitter_card":"summary_large_image","twitter_misc":{"Escrito por":"informatica2","Tiempo de lectura":"4 minutos"},"schema":{"@context":"https:\/\/schema.org","@graph":[{"@type":"Article","@id":"https:\/\/www.caudete.org\/ayuntamiento\/arranca-el-curso-2025-2026-de-la-universidad-popular-y-los-clubes-de-lectura-en-caudete\/#article","isPartOf":{"@id":"https:\/\/www.caudete.org\/ayuntamiento\/arranca-el-curso-2025-2026-de-la-universidad-popular-y-los-clubes-de-lectura-en-caudete\/"},"author":{"name":"informatica2","@id":"https:\/\/www.caudete.org\/ayuntamiento\/#\/schema\/person\/abfa5ffd5010a14e078c21e6e61b6291"},"headline":"Arranca el curso 2025\/2026 de la universidad popular y los clubes de lectura en Caudete","datePublished":"2025-09-19T06:00:10+00:00","dateModified":"2025-09-25T07:01:11+00:00","mainEntityOfPage":{"@id":"https:\/\/www.caudete.org\/ayuntamiento\/arranca-el-curso-2025-2026-de-la-universidad-popular-y-los-clubes-de-lectura-en-caudete\/"},"wordCount":539,"image":{"@id":"https:\/\/www.caudete.org\/ayuntamiento\/arranca-el-curso-2025-2026-de-la-universidad-popular-y-los-clubes-de-lectura-en-caudete\/#primaryimage"},"thumbnailUrl":"https:\/\/www.caudete.org\/ayuntamiento\/wp-content\/uploads\/2025\/08\/PORT-1.png","articleSection":["Cultura"],"inLanguage":"es"},{"@type":"WebPage","@id":"https:\/\/www.caudete.org\/ayuntamiento\/arranca-el-curso-2025-2026-de-la-universidad-popular-y-los-clubes-de-lectura-en-caudete\/","url":"https:\/\/www.caudete.org\/ayuntamiento\/arranca-el-curso-2025-2026-de-la-universidad-popular-y-los-clubes-de-lectura-en-caudete\/","name":"Arranca el curso 2025\/2026 de la universidad popular y los clubes de lectura en Caudete - MI Ayuntamiento de Caudete","isPartOf":{"@id":"https:\/\/www.caudete.org\/ayuntamiento\/#website"},"primaryImageOfPage":{"@id":"https:\/\/www.caudete.org\/ayuntamiento\/arranca-el-curso-2025-2026-de-la-universidad-popular-y-los-clubes-de-lectura-en-caudete\/#primaryimage"},"image":{"@id":"https:\/\/www.caudete.org\/ayuntamiento\/arranca-el-curso-2025-2026-de-la-universidad-popular-y-los-clubes-de-lectura-en-caudete\/#primaryimage"},"thumbnailUrl":"https:\/\/www.caudete.org\/ayuntamiento\/wp-content\/uploads\/2025\/08\/PORT-1.png","datePublished":"2025-09-19T06:00:10+00:00","dateModified":"2025-09-25T07:01:11+00:00","author":{"@id":"https:\/\/www.caudete.org\/ayuntamiento\/#\/schema\/person\/abfa5ffd5010a14e078c21e6e61b6291"},"description":"P\u00e1gina Oficial del Ayuntamiento de Caudete (Albacete)","breadcrumb":{"@id":"https:\/\/www.caudete.org\/ayuntamiento\/arranca-el-curso-2025-2026-de-la-universidad-popular-y-los-clubes-de-lectura-en-caudete\/#breadcrumb"},"inLanguage":"es","potentialAction":[{"@type":"ReadAction","target":["https:\/\/www.caudete.org\/ayuntamiento\/arranca-el-curso-2025-2026-de-la-universidad-popular-y-los-clubes-de-lectura-en-caudete\/"]}]},{"@type":"ImageObject","inLanguage":"es","@id":"https:\/\/www.caudete.org\/ayuntamiento\/arranca-el-curso-2025-2026-de-la-universidad-popular-y-los-clubes-de-lectura-en-caudete\/#primaryimage","url":"https:\/\/www.caudete.org\/ayuntamiento\/wp-content\/uploads\/2025\/08\/PORT-1.png","contentUrl":"https:\/\/www.caudete.org\/ayuntamiento\/wp-content\/uploads\/2025\/08\/PORT-1.png","width":864,"height":380},{"@type":"BreadcrumbList","@id":"https:\/\/www.caudete.org\/ayuntamiento\/arranca-el-curso-2025-2026-de-la-universidad-popular-y-los-clubes-de-lectura-en-caudete\/#breadcrumb","itemListElement":[{"@type":"ListItem","position":1,"name":"Inicio","item":"https:\/\/www.caudete.org\/ayuntamiento\/"},{"@type":"ListItem","position":2,"name":"Arranca el curso 2025\/2026 de la universidad popular y los clubes de lectura en Caudete"}]},{"@type":"WebSite","@id":"https:\/\/www.caudete.org\/ayuntamiento\/#website","url":"https:\/\/www.caudete.org\/ayuntamiento\/","name":"MI Ayuntamiento de Caudete","description":"P\u00e1gina Oficial del MI Ayuntamiento de Caudete","potentialAction":[{"@type":"SearchAction","target":{"@type":"EntryPoint","urlTemplate":"https:\/\/www.caudete.org\/ayuntamiento\/?s={search_term_string}"},"query-input":{"@type":"PropertyValueSpecification","valueRequired":true,"valueName":"search_term_string"}}],"inLanguage":"es"},{"@type":"Person","@id":"https:\/\/www.caudete.org\/ayuntamiento\/#\/schema\/person\/abfa5ffd5010a14e078c21e6e61b6291","name":"informatica2","image":{"@type":"ImageObject","inLanguage":"es","@id":"https:\/\/secure.gravatar.com\/avatar\/b089890ff033a3e4d03eec00ecb5a14425217205c513f60ec32ebeaaeb5fa700?s=96&d=mm&r=g","url":"https:\/\/secure.gravatar.com\/avatar\/b089890ff033a3e4d03eec00ecb5a14425217205c513f60ec32ebeaaeb5fa700?s=96&d=mm&r=g","contentUrl":"https:\/\/secure.gravatar.com\/avatar\/b089890ff033a3e4d03eec00ecb5a14425217205c513f60ec32ebeaaeb5fa700?s=96&d=mm&r=g","caption":"informatica2"},"url":"https:\/\/www.caudete.org\/ayuntamiento\/author\/informatica2\/"}]}},"_links":{"self":[{"href":"https:\/\/www.caudete.org\/ayuntamiento\/wp-json\/wp\/v2\/posts\/30429","targetHints":{"allow":["GET"]}}],"collection":[{"href":"https:\/\/www.caudete.org\/ayuntamiento\/wp-json\/wp\/v2\/posts"}],"about":[{"href":"https:\/\/www.caudete.org\/ayuntamiento\/wp-json\/wp\/v2\/types\/post"}],"author":[{"embeddable":true,"href":"https:\/\/www.caudete.org\/ayuntamiento\/wp-json\/wp\/v2\/users\/6"}],"replies":[{"embeddable":true,"href":"https:\/\/www.caudete.org\/ayuntamiento\/wp-json\/wp\/v2\/comments?post=30429"}],"version-history":[{"count":5,"href":"https:\/\/www.caudete.org\/ayuntamiento\/wp-json\/wp\/v2\/posts\/30429\/revisions"}],"predecessor-version":[{"id":30447,"href":"https:\/\/www.caudete.org\/ayuntamiento\/wp-json\/wp\/v2\/posts\/30429\/revisions\/30447"}],"wp:featuredmedia":[{"embeddable":true,"href":"https:\/\/www.caudete.org\/ayuntamiento\/wp-json\/wp\/v2\/media\/30438"}],"wp:attachment":[{"href":"https:\/\/www.caudete.org\/ayuntamiento\/wp-json\/wp\/v2\/media?parent=30429"}],"wp:term":[{"taxonomy":"category","embeddable":true,"href":"https:\/\/www.caudete.org\/ayuntamiento\/wp-json\/wp\/v2\/categories?post=30429"},{"taxonomy":"post_tag","embeddable":true,"href":"https:\/\/www.caudete.org\/ayuntamiento\/wp-json\/wp\/v2\/tags?post=30429"}],"curies":[{"name":"wp","href":"https:\/\/api.w.org\/{rel}","templated":true}]}}