{"id":30469,"date":"2025-08-28T09:00:52","date_gmt":"2025-08-28T07:00:52","guid":{"rendered":"https:\/\/www.caudete.org\/ayuntamiento\/?p=30469"},"modified":"2025-08-29T10:16:40","modified_gmt":"2025-08-29T08:16:40","slug":"vive-las-fiestas-en-la-calle-vuelve-con-motivo-de-las-fiestas-patronales-2025","status":"publish","type":"post","link":"https:\/\/www.caudete.org\/ayuntamiento\/vive-las-fiestas-en-la-calle-vuelve-con-motivo-de-las-fiestas-patronales-2025\/","title":{"rendered":"&#8220;VIVE LAS FIESTAS EN LA CALLE&#8221; vuelve con motivo de las Fiestas Patronales 2025"},"content":{"rendered":"<p style=\"text-align: justify;\">Un a\u00f1o m\u00e1s, la campa\u00f1a \u201cVIVE LAS FIESTAS EN LA CALLE\u201d estar\u00e1 activa para ofrecer un ambiente de ocio y vida a las calles durante la celebraci\u00f3n de las Fiestas Patronales.<br \/>\nEn esta edici\u00f3n es en exclusiva la Concejal\u00eda de Comercio la encargada de la coordinaci\u00f3n y organizaci\u00f3n de la misma, junto a los numerosos hosteleros del municipio que apuestan por ofrecer una campa\u00f1a que dinamice y atraiga, de forma complementaria a caudetanos y visitantes que disfrutan de los d\u00edas grandes de Caudete.<br \/>\nAnte la incertidumbre generada sobre la continuidad de la campa\u00f1a, el Concejal Diego Cuenca afirma que \u201cdesde el Ayuntamiento ten\u00edamos claro que hab\u00eda que apostar y reforzar una campa\u00f1a que ha sido beneficiosa desde su inicio, bien recibida y todo un \u00e9xito\u201d. Una campa\u00f1a que ha dado mucha m\u00e1s vida a las calles y que da calor y ambiente de fiesta, y que centra su actividad en la gastronom\u00eda (aperitivos, comidas y cenas) como en el ocio (tardeos y noches festeras).<br \/>\nAs\u00ed pues, tras numerosas reuniones centradas en mejorar las ediciones anteriores, hosteleros y Concejal\u00eda han cerrado una programaci\u00f3n que se har\u00e1 p\u00fablica en los pr\u00f3ximos d\u00edas, y que es protagonizada en la edici\u00f3n de 2025 por los siguientes establecimientos:<\/p>\n<p style=\"padding-left: 40px; text-align: justify;\">\u25cf Friends<br \/>\n\u25cf Neus<br \/>\n\u25cf Lancelot<br \/>\n\u25cf Morgul<br \/>\n\u25cf La Churrer\u00eda del Paseo<br \/>\n\u25cf Los Naranjos<br \/>\n\u25cf Eco Caudete<br \/>\n\u25cf Entresuelo<br \/>\n\u25cf Dubl\u00edn<br \/>\n\u25cf Liceo<br \/>\n\u25cf Yalma<\/p>\n<p style=\"text-align: justify;\">El concejal de Comercio, Diego Cuenca Olivares, anima a toda la ciudadan\u00eda a salir, disfrutar y compartir la fiesta en la calle, apoyando a nuestros bares, restaurantes, pubs y cafeter\u00edas.<br \/>\nPorque la hosteler\u00eda local forma parte de nuestras tradiciones y, junto con la fiesta, crea ese ambiente \u00fanico que hace de Caudete un lugar especial en estas fechas.<\/p>\n<p><img fetchpriority=\"high\" decoding=\"async\" class=\"alignnone wp-image-30473 size-full\" src=\"https:\/\/www.caudete.org\/ayuntamiento\/wp-content\/uploads\/2025\/08\/WhatsApp-Image-2025-08-27-at-19.24.36.jpeg\" alt=\"\" width=\"1240\" height=\"1173\" srcset=\"https:\/\/www.caudete.org\/ayuntamiento\/wp-content\/uploads\/2025\/08\/WhatsApp-Image-2025-08-27-at-19.24.36.jpeg 1240w, https:\/\/www.caudete.org\/ayuntamiento\/wp-content\/uploads\/2025\/08\/WhatsApp-Image-2025-08-27-at-19.24.36-846x800.jpeg 846w, https:\/\/www.caudete.org\/ayuntamiento\/wp-content\/uploads\/2025\/08\/WhatsApp-Image-2025-08-27-at-19.24.36-951x900.jpeg 951w, https:\/\/www.caudete.org\/ayuntamiento\/wp-content\/uploads\/2025\/08\/WhatsApp-Image-2025-08-27-at-19.24.36-233x220.jpeg 233w, https:\/\/www.caudete.org\/ayuntamiento\/wp-content\/uploads\/2025\/08\/WhatsApp-Image-2025-08-27-at-19.24.36-768x727.jpeg 768w\" sizes=\"(max-width: 1240px) 100vw, 1240px\" \/><\/p>\n","protected":false},"excerpt":{"rendered":"<p>Un a\u00f1o m\u00e1s, la campa\u00f1a \u201cVIVE LAS FIESTAS EN LA CALLE\u201d estar\u00e1 activa para ofrecer un ambiente de ocio y vida a las calles durante la celebraci\u00f3n de las Fiestas Patronales. En esta edici\u00f3n es en exclusiva la Concejal\u00eda de Comercio la encargada de la coordinaci\u00f3n y organizaci\u00f3n de la misma, junto a los numerosos &hellip;<\/p>\n","protected":false},"author":6,"featured_media":30470,"comment_status":"closed","ping_status":"open","sticky":false,"template":"","format":"standard","meta":{"ngg_post_thumbnail":0,"footnotes":""},"categories":[42],"tags":[],"class_list":["post-30469","post","type-post","status-publish","format-standard","has-post-thumbnail","hentry","category-comercio"],"yoast_head":"<!-- This site is optimized with the Yoast SEO plugin v27.5 - https:\/\/yoast.com\/product\/yoast-seo-wordpress\/ -->\n<title>&quot;VIVE LAS FIESTAS EN LA CALLE&quot; vuelve con motivo de las Fiestas Patronales 2025 - MI Ayuntamiento de Caudete<\/title>\n<meta name=\"description\" content=\"P\u00e1gina Oficial del Ayuntamiento de Caudete (Albacete)\" \/>\n<meta name=\"robots\" content=\"index, follow, max-snippet:-1, max-image-preview:large, max-video-preview:-1\" \/>\n<link rel=\"canonical\" href=\"https:\/\/www.caudete.org\/ayuntamiento\/vive-las-fiestas-en-la-calle-vuelve-con-motivo-de-las-fiestas-patronales-2025\/\" \/>\n<meta property=\"og:locale\" content=\"es_ES\" \/>\n<meta property=\"og:type\" content=\"article\" \/>\n<meta property=\"og:title\" content=\"&quot;VIVE LAS FIESTAS EN LA CALLE&quot; vuelve con motivo de las Fiestas Patronales 2025 - MI Ayuntamiento de Caudete\" \/>\n<meta property=\"og:description\" content=\"P\u00e1gina Oficial del Ayuntamiento de Caudete (Albacete)\" \/>\n<meta property=\"og:url\" content=\"https:\/\/www.caudete.org\/ayuntamiento\/vive-las-fiestas-en-la-calle-vuelve-con-motivo-de-las-fiestas-patronales-2025\/\" \/>\n<meta property=\"og:site_name\" content=\"MI Ayuntamiento de Caudete\" \/>\n<meta property=\"article:publisher\" content=\"https:\/\/www.facebook.com\/ayuntamientocaudete\/\" \/>\n<meta property=\"article:published_time\" content=\"2025-08-28T07:00:52+00:00\" \/>\n<meta property=\"article:modified_time\" content=\"2025-08-29T08:16:40+00:00\" \/>\n<meta property=\"og:image\" content=\"https:\/\/www.caudete.org\/ayuntamiento\/wp-content\/uploads\/2025\/08\/logo-fondos-europa-leader-port.jpg\" \/>\n\t<meta property=\"og:image:width\" content=\"864\" \/>\n\t<meta property=\"og:image:height\" content=\"380\" \/>\n\t<meta property=\"og:image:type\" content=\"image\/jpeg\" \/>\n<meta name=\"author\" content=\"informatica2\" \/>\n<meta name=\"twitter:card\" content=\"summary_large_image\" \/>\n<meta name=\"twitter:label1\" content=\"Escrito por\" \/>\n\t<meta name=\"twitter:data1\" content=\"informatica2\" \/>\n\t<meta name=\"twitter:label2\" content=\"Tiempo de lectura\" \/>\n\t<meta name=\"twitter:data2\" content=\"2 minutos\" \/>\n<script type=\"application\/ld+json\" class=\"yoast-schema-graph\">{\"@context\":\"https:\\\/\\\/schema.org\",\"@graph\":[{\"@type\":\"Article\",\"@id\":\"https:\\\/\\\/www.caudete.org\\\/ayuntamiento\\\/vive-las-fiestas-en-la-calle-vuelve-con-motivo-de-las-fiestas-patronales-2025\\\/#article\",\"isPartOf\":{\"@id\":\"https:\\\/\\\/www.caudete.org\\\/ayuntamiento\\\/vive-las-fiestas-en-la-calle-vuelve-con-motivo-de-las-fiestas-patronales-2025\\\/\"},\"author\":{\"name\":\"informatica2\",\"@id\":\"https:\\\/\\\/www.caudete.org\\\/ayuntamiento\\\/#\\\/schema\\\/person\\\/abfa5ffd5010a14e078c21e6e61b6291\"},\"headline\":\"&#8220;VIVE LAS FIESTAS EN LA CALLE&#8221; vuelve con motivo de las Fiestas Patronales 2025\",\"datePublished\":\"2025-08-28T07:00:52+00:00\",\"dateModified\":\"2025-08-29T08:16:40+00:00\",\"mainEntityOfPage\":{\"@id\":\"https:\\\/\\\/www.caudete.org\\\/ayuntamiento\\\/vive-las-fiestas-en-la-calle-vuelve-con-motivo-de-las-fiestas-patronales-2025\\\/\"},\"wordCount\":317,\"image\":{\"@id\":\"https:\\\/\\\/www.caudete.org\\\/ayuntamiento\\\/vive-las-fiestas-en-la-calle-vuelve-con-motivo-de-las-fiestas-patronales-2025\\\/#primaryimage\"},\"thumbnailUrl\":\"https:\\\/\\\/www.caudete.org\\\/ayuntamiento\\\/wp-content\\\/uploads\\\/2025\\\/08\\\/logo-fondos-europa-leader-port.jpg\",\"articleSection\":[\"Comercio\"],\"inLanguage\":\"es\"},{\"@type\":\"WebPage\",\"@id\":\"https:\\\/\\\/www.caudete.org\\\/ayuntamiento\\\/vive-las-fiestas-en-la-calle-vuelve-con-motivo-de-las-fiestas-patronales-2025\\\/\",\"url\":\"https:\\\/\\\/www.caudete.org\\\/ayuntamiento\\\/vive-las-fiestas-en-la-calle-vuelve-con-motivo-de-las-fiestas-patronales-2025\\\/\",\"name\":\"\\\"VIVE LAS FIESTAS EN LA CALLE\\\" vuelve con motivo de las Fiestas Patronales 2025 - MI Ayuntamiento de Caudete\",\"isPartOf\":{\"@id\":\"https:\\\/\\\/www.caudete.org\\\/ayuntamiento\\\/#website\"},\"primaryImageOfPage\":{\"@id\":\"https:\\\/\\\/www.caudete.org\\\/ayuntamiento\\\/vive-las-fiestas-en-la-calle-vuelve-con-motivo-de-las-fiestas-patronales-2025\\\/#primaryimage\"},\"image\":{\"@id\":\"https:\\\/\\\/www.caudete.org\\\/ayuntamiento\\\/vive-las-fiestas-en-la-calle-vuelve-con-motivo-de-las-fiestas-patronales-2025\\\/#primaryimage\"},\"thumbnailUrl\":\"https:\\\/\\\/www.caudete.org\\\/ayuntamiento\\\/wp-content\\\/uploads\\\/2025\\\/08\\\/logo-fondos-europa-leader-port.jpg\",\"datePublished\":\"2025-08-28T07:00:52+00:00\",\"dateModified\":\"2025-08-29T08:16:40+00:00\",\"author\":{\"@id\":\"https:\\\/\\\/www.caudete.org\\\/ayuntamiento\\\/#\\\/schema\\\/person\\\/abfa5ffd5010a14e078c21e6e61b6291\"},\"description\":\"P\u00e1gina Oficial del Ayuntamiento de Caudete (Albacete)\",\"breadcrumb\":{\"@id\":\"https:\\\/\\\/www.caudete.org\\\/ayuntamiento\\\/vive-las-fiestas-en-la-calle-vuelve-con-motivo-de-las-fiestas-patronales-2025\\\/#breadcrumb\"},\"inLanguage\":\"es\",\"potentialAction\":[{\"@type\":\"ReadAction\",\"target\":[\"https:\\\/\\\/www.caudete.org\\\/ayuntamiento\\\/vive-las-fiestas-en-la-calle-vuelve-con-motivo-de-las-fiestas-patronales-2025\\\/\"]}]},{\"@type\":\"ImageObject\",\"inLanguage\":\"es\",\"@id\":\"https:\\\/\\\/www.caudete.org\\\/ayuntamiento\\\/vive-las-fiestas-en-la-calle-vuelve-con-motivo-de-las-fiestas-patronales-2025\\\/#primaryimage\",\"url\":\"https:\\\/\\\/www.caudete.org\\\/ayuntamiento\\\/wp-content\\\/uploads\\\/2025\\\/08\\\/logo-fondos-europa-leader-port.jpg\",\"contentUrl\":\"https:\\\/\\\/www.caudete.org\\\/ayuntamiento\\\/wp-content\\\/uploads\\\/2025\\\/08\\\/logo-fondos-europa-leader-port.jpg\",\"width\":864,\"height\":380},{\"@type\":\"BreadcrumbList\",\"@id\":\"https:\\\/\\\/www.caudete.org\\\/ayuntamiento\\\/vive-las-fiestas-en-la-calle-vuelve-con-motivo-de-las-fiestas-patronales-2025\\\/#breadcrumb\",\"itemListElement\":[{\"@type\":\"ListItem\",\"position\":1,\"name\":\"Inicio\",\"item\":\"https:\\\/\\\/www.caudete.org\\\/ayuntamiento\\\/\"},{\"@type\":\"ListItem\",\"position\":2,\"name\":\"&#8220;VIVE LAS FIESTAS EN LA CALLE&#8221; vuelve con motivo de las Fiestas Patronales 2025\"}]},{\"@type\":\"WebSite\",\"@id\":\"https:\\\/\\\/www.caudete.org\\\/ayuntamiento\\\/#website\",\"url\":\"https:\\\/\\\/www.caudete.org\\\/ayuntamiento\\\/\",\"name\":\"MI Ayuntamiento de Caudete\",\"description\":\"P\u00e1gina Oficial del MI Ayuntamiento de Caudete\",\"potentialAction\":[{\"@type\":\"SearchAction\",\"target\":{\"@type\":\"EntryPoint\",\"urlTemplate\":\"https:\\\/\\\/www.caudete.org\\\/ayuntamiento\\\/?s={search_term_string}\"},\"query-input\":{\"@type\":\"PropertyValueSpecification\",\"valueRequired\":true,\"valueName\":\"search_term_string\"}}],\"inLanguage\":\"es\"},{\"@type\":\"Person\",\"@id\":\"https:\\\/\\\/www.caudete.org\\\/ayuntamiento\\\/#\\\/schema\\\/person\\\/abfa5ffd5010a14e078c21e6e61b6291\",\"name\":\"informatica2\",\"image\":{\"@type\":\"ImageObject\",\"inLanguage\":\"es\",\"@id\":\"https:\\\/\\\/secure.gravatar.com\\\/avatar\\\/b089890ff033a3e4d03eec00ecb5a14425217205c513f60ec32ebeaaeb5fa700?s=96&d=mm&r=g\",\"url\":\"https:\\\/\\\/secure.gravatar.com\\\/avatar\\\/b089890ff033a3e4d03eec00ecb5a14425217205c513f60ec32ebeaaeb5fa700?s=96&d=mm&r=g\",\"contentUrl\":\"https:\\\/\\\/secure.gravatar.com\\\/avatar\\\/b089890ff033a3e4d03eec00ecb5a14425217205c513f60ec32ebeaaeb5fa700?s=96&d=mm&r=g\",\"caption\":\"informatica2\"},\"url\":\"https:\\\/\\\/www.caudete.org\\\/ayuntamiento\\\/author\\\/informatica2\\\/\"}]}<\/script>\n<!-- \/ Yoast SEO plugin. -->","yoast_head_json":{"title":"\"VIVE LAS FIESTAS EN LA CALLE\" vuelve con motivo de las Fiestas Patronales 2025 - MI Ayuntamiento de Caudete","description":"P\u00e1gina Oficial del Ayuntamiento de Caudete (Albacete)","robots":{"index":"index","follow":"follow","max-snippet":"max-snippet:-1","max-image-preview":"max-image-preview:large","max-video-preview":"max-video-preview:-1"},"canonical":"https:\/\/www.caudete.org\/ayuntamiento\/vive-las-fiestas-en-la-calle-vuelve-con-motivo-de-las-fiestas-patronales-2025\/","og_locale":"es_ES","og_type":"article","og_title":"\"VIVE LAS FIESTAS EN LA CALLE\" vuelve con motivo de las Fiestas Patronales 2025 - MI Ayuntamiento de Caudete","og_description":"P\u00e1gina Oficial del Ayuntamiento de Caudete (Albacete)","og_url":"https:\/\/www.caudete.org\/ayuntamiento\/vive-las-fiestas-en-la-calle-vuelve-con-motivo-de-las-fiestas-patronales-2025\/","og_site_name":"MI Ayuntamiento de Caudete","article_publisher":"https:\/\/www.facebook.com\/ayuntamientocaudete\/","article_published_time":"2025-08-28T07:00:52+00:00","article_modified_time":"2025-08-29T08:16:40+00:00","og_image":[{"width":864,"height":380,"url":"https:\/\/www.caudete.org\/ayuntamiento\/wp-content\/uploads\/2025\/08\/logo-fondos-europa-leader-port.jpg","type":"image\/jpeg"}],"author":"informatica2","twitter_card":"summary_large_image","twitter_misc":{"Escrito por":"informatica2","Tiempo de lectura":"2 minutos"},"schema":{"@context":"https:\/\/schema.org","@graph":[{"@type":"Article","@id":"https:\/\/www.caudete.org\/ayuntamiento\/vive-las-fiestas-en-la-calle-vuelve-con-motivo-de-las-fiestas-patronales-2025\/#article","isPartOf":{"@id":"https:\/\/www.caudete.org\/ayuntamiento\/vive-las-fiestas-en-la-calle-vuelve-con-motivo-de-las-fiestas-patronales-2025\/"},"author":{"name":"informatica2","@id":"https:\/\/www.caudete.org\/ayuntamiento\/#\/schema\/person\/abfa5ffd5010a14e078c21e6e61b6291"},"headline":"&#8220;VIVE LAS FIESTAS EN LA CALLE&#8221; vuelve con motivo de las Fiestas Patronales 2025","datePublished":"2025-08-28T07:00:52+00:00","dateModified":"2025-08-29T08:16:40+00:00","mainEntityOfPage":{"@id":"https:\/\/www.caudete.org\/ayuntamiento\/vive-las-fiestas-en-la-calle-vuelve-con-motivo-de-las-fiestas-patronales-2025\/"},"wordCount":317,"image":{"@id":"https:\/\/www.caudete.org\/ayuntamiento\/vive-las-fiestas-en-la-calle-vuelve-con-motivo-de-las-fiestas-patronales-2025\/#primaryimage"},"thumbnailUrl":"https:\/\/www.caudete.org\/ayuntamiento\/wp-content\/uploads\/2025\/08\/logo-fondos-europa-leader-port.jpg","articleSection":["Comercio"],"inLanguage":"es"},{"@type":"WebPage","@id":"https:\/\/www.caudete.org\/ayuntamiento\/vive-las-fiestas-en-la-calle-vuelve-con-motivo-de-las-fiestas-patronales-2025\/","url":"https:\/\/www.caudete.org\/ayuntamiento\/vive-las-fiestas-en-la-calle-vuelve-con-motivo-de-las-fiestas-patronales-2025\/","name":"\"VIVE LAS FIESTAS EN LA CALLE\" vuelve con motivo de las Fiestas Patronales 2025 - MI Ayuntamiento de Caudete","isPartOf":{"@id":"https:\/\/www.caudete.org\/ayuntamiento\/#website"},"primaryImageOfPage":{"@id":"https:\/\/www.caudete.org\/ayuntamiento\/vive-las-fiestas-en-la-calle-vuelve-con-motivo-de-las-fiestas-patronales-2025\/#primaryimage"},"image":{"@id":"https:\/\/www.caudete.org\/ayuntamiento\/vive-las-fiestas-en-la-calle-vuelve-con-motivo-de-las-fiestas-patronales-2025\/#primaryimage"},"thumbnailUrl":"https:\/\/www.caudete.org\/ayuntamiento\/wp-content\/uploads\/2025\/08\/logo-fondos-europa-leader-port.jpg","datePublished":"2025-08-28T07:00:52+00:00","dateModified":"2025-08-29T08:16:40+00:00","author":{"@id":"https:\/\/www.caudete.org\/ayuntamiento\/#\/schema\/person\/abfa5ffd5010a14e078c21e6e61b6291"},"description":"P\u00e1gina Oficial del Ayuntamiento de Caudete (Albacete)","breadcrumb":{"@id":"https:\/\/www.caudete.org\/ayuntamiento\/vive-las-fiestas-en-la-calle-vuelve-con-motivo-de-las-fiestas-patronales-2025\/#breadcrumb"},"inLanguage":"es","potentialAction":[{"@type":"ReadAction","target":["https:\/\/www.caudete.org\/ayuntamiento\/vive-las-fiestas-en-la-calle-vuelve-con-motivo-de-las-fiestas-patronales-2025\/"]}]},{"@type":"ImageObject","inLanguage":"es","@id":"https:\/\/www.caudete.org\/ayuntamiento\/vive-las-fiestas-en-la-calle-vuelve-con-motivo-de-las-fiestas-patronales-2025\/#primaryimage","url":"https:\/\/www.caudete.org\/ayuntamiento\/wp-content\/uploads\/2025\/08\/logo-fondos-europa-leader-port.jpg","contentUrl":"https:\/\/www.caudete.org\/ayuntamiento\/wp-content\/uploads\/2025\/08\/logo-fondos-europa-leader-port.jpg","width":864,"height":380},{"@type":"BreadcrumbList","@id":"https:\/\/www.caudete.org\/ayuntamiento\/vive-las-fiestas-en-la-calle-vuelve-con-motivo-de-las-fiestas-patronales-2025\/#breadcrumb","itemListElement":[{"@type":"ListItem","position":1,"name":"Inicio","item":"https:\/\/www.caudete.org\/ayuntamiento\/"},{"@type":"ListItem","position":2,"name":"&#8220;VIVE LAS FIESTAS EN LA CALLE&#8221; vuelve con motivo de las Fiestas Patronales 2025"}]},{"@type":"WebSite","@id":"https:\/\/www.caudete.org\/ayuntamiento\/#website","url":"https:\/\/www.caudete.org\/ayuntamiento\/","name":"MI Ayuntamiento de Caudete","description":"P\u00e1gina Oficial del MI Ayuntamiento de Caudete","potentialAction":[{"@type":"SearchAction","target":{"@type":"EntryPoint","urlTemplate":"https:\/\/www.caudete.org\/ayuntamiento\/?s={search_term_string}"},"query-input":{"@type":"PropertyValueSpecification","valueRequired":true,"valueName":"search_term_string"}}],"inLanguage":"es"},{"@type":"Person","@id":"https:\/\/www.caudete.org\/ayuntamiento\/#\/schema\/person\/abfa5ffd5010a14e078c21e6e61b6291","name":"informatica2","image":{"@type":"ImageObject","inLanguage":"es","@id":"https:\/\/secure.gravatar.com\/avatar\/b089890ff033a3e4d03eec00ecb5a14425217205c513f60ec32ebeaaeb5fa700?s=96&d=mm&r=g","url":"https:\/\/secure.gravatar.com\/avatar\/b089890ff033a3e4d03eec00ecb5a14425217205c513f60ec32ebeaaeb5fa700?s=96&d=mm&r=g","contentUrl":"https:\/\/secure.gravatar.com\/avatar\/b089890ff033a3e4d03eec00ecb5a14425217205c513f60ec32ebeaaeb5fa700?s=96&d=mm&r=g","caption":"informatica2"},"url":"https:\/\/www.caudete.org\/ayuntamiento\/author\/informatica2\/"}]}},"_links":{"self":[{"href":"https:\/\/www.caudete.org\/ayuntamiento\/wp-json\/wp\/v2\/posts\/30469","targetHints":{"allow":["GET"]}}],"collection":[{"href":"https:\/\/www.caudete.org\/ayuntamiento\/wp-json\/wp\/v2\/posts"}],"about":[{"href":"https:\/\/www.caudete.org\/ayuntamiento\/wp-json\/wp\/v2\/types\/post"}],"author":[{"embeddable":true,"href":"https:\/\/www.caudete.org\/ayuntamiento\/wp-json\/wp\/v2\/users\/6"}],"replies":[{"embeddable":true,"href":"https:\/\/www.caudete.org\/ayuntamiento\/wp-json\/wp\/v2\/comments?post=30469"}],"version-history":[{"count":3,"href":"https:\/\/www.caudete.org\/ayuntamiento\/wp-json\/wp\/v2\/posts\/30469\/revisions"}],"predecessor-version":[{"id":30472,"href":"https:\/\/www.caudete.org\/ayuntamiento\/wp-json\/wp\/v2\/posts\/30469\/revisions\/30472"}],"wp:featuredmedia":[{"embeddable":true,"href":"https:\/\/www.caudete.org\/ayuntamiento\/wp-json\/wp\/v2\/media\/30470"}],"wp:attachment":[{"href":"https:\/\/www.caudete.org\/ayuntamiento\/wp-json\/wp\/v2\/media?parent=30469"}],"wp:term":[{"taxonomy":"category","embeddable":true,"href":"https:\/\/www.caudete.org\/ayuntamiento\/wp-json\/wp\/v2\/categories?post=30469"},{"taxonomy":"post_tag","embeddable":true,"href":"https:\/\/www.caudete.org\/ayuntamiento\/wp-json\/wp\/v2\/tags?post=30469"}],"curies":[{"name":"wp","href":"https:\/\/api.w.org\/{rel}","templated":true}]}}