{"id":30483,"date":"2025-08-29T08:05:15","date_gmt":"2025-08-29T06:05:15","guid":{"rendered":"https:\/\/www.caudete.org\/ayuntamiento\/?p=30483"},"modified":"2025-08-29T10:06:23","modified_gmt":"2025-08-29T08:06:23","slug":"cortes-de-trafico-y-prohibiciones-de-estacionamiento-que-dan-comienzo-hoy-y-dias-proximos","status":"publish","type":"post","link":"https:\/\/www.caudete.org\/ayuntamiento\/cortes-de-trafico-y-prohibiciones-de-estacionamiento-que-dan-comienzo-hoy-y-dias-proximos\/","title":{"rendered":"Cortes de tr\u00e1fico y prohibiciones de estacionamiento que dan comienzo hoy y d\u00edas pr\u00f3ximos"},"content":{"rendered":"<p style=\"text-align: justify;\">Desde la Concejal\u00eda de Movilidad, su responsable Mois\u00e9s L\u00f3pez informa a la ciudadan\u00eda de los cortes de calle y prohibiciones de estacionamiento que con motivo de las Fiestas Patronales afectar\u00e1n a diversas calles del municipio con inicio desde hoy, y durante d\u00edas pr\u00f3ximos, y hasta el 11 de Septiembre en su mayor\u00eda.<\/p>\n<p style=\"text-align: justify;\">Cabe destacar que son medidas que tradicionalmente se llevan a cabo para facilitar el desarrollo de los actos festeros, por lo que agradece a los caudetanos su comprensi\u00f3n, e igualmente pide disculpas por las molestias que puntualmente puedan ocasionarse.<\/p>\n<p style=\"text-align: justify;\">Con motivo de facilitar el alcance de la medida, se adjunta a la presente noticia la planimetr\u00eda de aquellas calles y plazas afectadas desde los d\u00edas 28, 29 y 30 de Agosto.<\/p>\n<p style=\"text-align: justify;\">La presente informacion ira ampli\u00e1ndose en los pr\u00f3ximos d\u00edas pata los nuevos cortes y prohibiciones de estacionamiento previstas.<\/p>\n<p style=\"text-align: justify;\">HORARIOS Y ZONAS EN LAS QUE ESTAR\u00c1 PROHIBIDO ESTACIONAR DURANTE LOS DIAS DE FIESTAS PATRONALES (SEPTIEMBRE DE 2025).<\/p>\n<p style=\"text-align: justify;\">RECINTO FERIAL<\/p>\n<p style=\"text-align: justify;\">A partir de las 06:00 horas del d\u00eda 28 de agosto hasta las 06:00 del d\u00eda 15 de Septiembre con la instalaci\u00f3n de la Feria de Atracciones y puestos de venta ambulante, en las siguientes v\u00edas:<\/p>\n<p style=\"text-align: justify;\">\u25cf\u00a0C\/ Federico Garc\u00eda Lorca: Tramo comprendido entre C\/ Echegaray y C\/ Miguel Hern\u00e1ndez, ambos lados.<\/p>\n<p style=\"text-align: justify;\">\u25cf\u00a0C\/ Federico Garc\u00eda Lorca: Tramo comprendido entre C\/ Miguel Hern\u00e1ndez y Avda Juan Carlos I, ambos lados.<\/p>\n<p style=\"text-align: justify;\">\u25cf\u00a0C\/ Federico Garc\u00eda Lorca: Tramo comprendido entre Avda Juan Carlos I y Pintor Torres Cotarelo, ambos lados.<\/p>\n<p style=\"text-align: justify;\">\u25cf\u00a0C\/ La Huerta: Tramo comprendido entre la C\/ Miguel Hern\u00e1ndez y la Avda. Juan Carlos I, ambos lados.<\/p>\n<p style=\"text-align: justify;\">\u25cf\u00a0Avda. Juan Carlos I: Tramo comprendido entre C\/ Antonio Machado y C\/ Federico Garc\u00eda Lorca, ambos lados.<\/p>\n<p style=\"text-align: justify;\">\u25cf\u00a0C\/ Miguel Hern\u00e1ndez: Tramo comprendido entre C\/ Federico Garc\u00eda Lorca y C\/ Antonio Machado, ambos lados.<\/p>\n<p style=\"text-align: justify;\">PLAZA DE LA IGLESIA.<br \/>\nA partir de las 14:00 horas del d\u00eda 30 de Agosto a las 14:00 H del 11 de Septiembre<\/p>\n<p style=\"text-align: justify;\">PLAZA DEL CARMEN (Parking).<br \/>\nA partir de las 06:00 horas del d\u00eda 29 de Agosto a las a las 14:00 H del 11 de Septiembre.<\/p>\n<p style=\"text-align: justify;\">PLAZA NUEVA.<br \/>\nA partir de las 06:00 horas del d\u00eda 30 de Agosto a las a las 14:00 H del 11 de Septiembre<\/p>\n<p style=\"text-align: justify;\">CALLE LAS ERAS. (Desde C\/ Nueva a C\/ San Antonio Abad) A partir de las 06:00 horas del d\u00eda 30 de Agosto a las 14:00 H del 11 de Septiembre<\/p>\n<p style=\"text-align: justify;\">CALLE SAN ANTONIO ABAD. (Desde C\/ Las Eras a C\/ Santa B\u00e1rbara) A partir de las 06:00 horas del d\u00eda 30 de Agosto a las 14:00 H del 11 de Septiembre.<\/p>\n<p style=\"text-align: justify;\">CALLE DEL MERCADO. (Desde Avda. Virgen de Gracia a C\/ Molino) A partir de las 06:00 horas del d\u00eda 30 de Agosto a las 14:00 H del 11 de<br \/>\nSeptiembre.<\/p>\n<p style=\"text-align: justify;\">HORARIOS Y V\u00cdAS QUE ESTAR\u00c1N CORTADAS AL TR\u00c1FICO DURANTE LOS DIAS DE FIESTAS PATRONALES (SEPTIEMBRE DE 2025).<\/p>\n<p style=\"text-align: justify;\">RECINTO FERIAL<br \/>\nDesde las 08:00 horas del d\u00eda 28 de agosto a las 14:00 H del d\u00eda 11 de Septiembre<\/p>\n<p style=\"text-align: justify;\">\u25cf\u00a0C\/ Federico Garc\u00eda Lorca: Tramo comprendido entre C\/ Echegaray y C\/ Pintor Torres Cotarelo.<\/p>\n<p style=\"text-align: justify;\">\u25cf\u00a0C\/ Pintor Torres Cotarelo: Tramo comprendido entre C\/ Federico Garc\u00eda Lorca y C\/ Atleta Antonio Amor\u00f3s.<\/p>\n<p style=\"text-align: justify;\">\u25cf\u00a0C\/ La Huerta: Tramo comprendido entre la C\/ Echegaray y la Avda. Juan Carlos I.<\/p>\n<p style=\"text-align: justify;\">\u25cf\u00a0Avda. Juan Carlos I: Tramo comprendido entre C\/ Antonio Machado y C\/ Federico Garc\u00eda Lorca.<\/p>\n<p style=\"text-align: justify;\">\u25cf\u00a0C\/ Miguel Hern\u00e1ndez: Tramo comprendido entre C\/ Federico Garc\u00eda Lorca y C\/ Antonio Machado.<\/p>\n<p style=\"text-align: justify;\">PLAZA DE LA IGLESIA.<br \/>\nDesde las 14:00 horas del d\u00eda 30 de Agosto hasta las 06:00 horas del d\u00eda 11 de Septiembre.<\/p>\n<p style=\"text-align: justify;\">PLAZA DEL CARMEN (Parking).<br \/>\nDesde las 06:00 horas del d\u00eda 29 de Agosto hasta las 00:00 horas del d\u00eda 11 de Septiembre.<\/p>\n<p style=\"text-align: justify;\">PLAZA DEL CARMEN Y CALLE MAYOR<br \/>\nDesde las 14:00 horas del d\u00eda 29 de Agosto hasta las 00:00 horas del d\u00eda 11 de Septiembre.<\/p>\n<p style=\"text-align: justify;\">CALLE DEL MERCADO. (Desde Avda. Virgen de Gracia a C\/ Molino) Desde las 20:00 horas del d\u00eda 30 de Agosto a las 06:00 horas del d\u00eda 11 de<br \/>\nSeptiembre.<\/p>\n<p><a href=\"https:\/\/www.caudete.org\/ayuntamiento\/wp-content\/uploads\/2025\/08\/Screenshot_20250828_200457_OneDrive.jpg\" rel='prettyPhoto'><img fetchpriority=\"high\" decoding=\"async\" class=\"alignnone wp-image-30490 size-full\" src=\"https:\/\/www.caudete.org\/ayuntamiento\/wp-content\/uploads\/2025\/08\/Screenshot_20250828_200457_OneDrive.jpg\" alt=\"\" width=\"1000\" height=\"238\" srcset=\"https:\/\/www.caudete.org\/ayuntamiento\/wp-content\/uploads\/2025\/08\/Screenshot_20250828_200457_OneDrive.jpg 1000w, https:\/\/www.caudete.org\/ayuntamiento\/wp-content\/uploads\/2025\/08\/Screenshot_20250828_200457_OneDrive-960x228.jpg 960w, https:\/\/www.caudete.org\/ayuntamiento\/wp-content\/uploads\/2025\/08\/Screenshot_20250828_200457_OneDrive-350x83.jpg 350w, https:\/\/www.caudete.org\/ayuntamiento\/wp-content\/uploads\/2025\/08\/Screenshot_20250828_200457_OneDrive-768x183.jpg 768w\" sizes=\"(max-width: 1000px) 100vw, 1000px\" \/><\/a><a href=\"https:\/\/www.caudete.org\/ayuntamiento\/wp-content\/uploads\/2025\/08\/Screenshot_20250828_200512_OneDrive.jpg\" rel='prettyPhoto'><img decoding=\"async\" class=\"alignnone wp-image-30491 size-full\" src=\"https:\/\/www.caudete.org\/ayuntamiento\/wp-content\/uploads\/2025\/08\/Screenshot_20250828_200512_OneDrive.jpg\" alt=\"\" width=\"1000\" height=\"330\" srcset=\"https:\/\/www.caudete.org\/ayuntamiento\/wp-content\/uploads\/2025\/08\/Screenshot_20250828_200512_OneDrive.jpg 1000w, https:\/\/www.caudete.org\/ayuntamiento\/wp-content\/uploads\/2025\/08\/Screenshot_20250828_200512_OneDrive-960x317.jpg 960w, https:\/\/www.caudete.org\/ayuntamiento\/wp-content\/uploads\/2025\/08\/Screenshot_20250828_200512_OneDrive-350x116.jpg 350w, https:\/\/www.caudete.org\/ayuntamiento\/wp-content\/uploads\/2025\/08\/Screenshot_20250828_200512_OneDrive-768x253.jpg 768w\" sizes=\"(max-width: 1000px) 100vw, 1000px\" \/><\/a><\/p>\n<p><a href=\"https:\/\/www.caudete.org\/ayuntamiento\/wp-content\/uploads\/2025\/08\/Screenshot_20250828_200308_OneDrive.jpg\" rel='prettyPhoto'><img decoding=\"async\" class=\"alignnone wp-image-30486 size-full\" src=\"https:\/\/www.caudete.org\/ayuntamiento\/wp-content\/uploads\/2025\/08\/Screenshot_20250828_200308_OneDrive.jpg\" alt=\"\" width=\"1000\" height=\"732\" srcset=\"https:\/\/www.caudete.org\/ayuntamiento\/wp-content\/uploads\/2025\/08\/Screenshot_20250828_200308_OneDrive.jpg 1000w, https:\/\/www.caudete.org\/ayuntamiento\/wp-content\/uploads\/2025\/08\/Screenshot_20250828_200308_OneDrive-960x703.jpg 960w, https:\/\/www.caudete.org\/ayuntamiento\/wp-content\/uploads\/2025\/08\/Screenshot_20250828_200308_OneDrive-301x220.jpg 301w, https:\/\/www.caudete.org\/ayuntamiento\/wp-content\/uploads\/2025\/08\/Screenshot_20250828_200308_OneDrive-768x562.jpg 768w\" sizes=\"(max-width: 1000px) 100vw, 1000px\" \/><\/a> \u00a0<a href=\"https:\/\/www.caudete.org\/ayuntamiento\/wp-content\/uploads\/2025\/08\/Screenshot_20250828_200421_OneDrive.jpg\" rel='prettyPhoto'><img loading=\"lazy\" decoding=\"async\" class=\"alignnone wp-image-30488 size-full\" src=\"https:\/\/www.caudete.org\/ayuntamiento\/wp-content\/uploads\/2025\/08\/Screenshot_20250828_200421_OneDrive.jpg\" alt=\"\" width=\"1000\" height=\"685\" srcset=\"https:\/\/www.caudete.org\/ayuntamiento\/wp-content\/uploads\/2025\/08\/Screenshot_20250828_200421_OneDrive.jpg 1000w, https:\/\/www.caudete.org\/ayuntamiento\/wp-content\/uploads\/2025\/08\/Screenshot_20250828_200421_OneDrive-960x658.jpg 960w, https:\/\/www.caudete.org\/ayuntamiento\/wp-content\/uploads\/2025\/08\/Screenshot_20250828_200421_OneDrive-321x220.jpg 321w, https:\/\/www.caudete.org\/ayuntamiento\/wp-content\/uploads\/2025\/08\/Screenshot_20250828_200421_OneDrive-768x526.jpg 768w\" sizes=\"(max-width: 1000px) 100vw, 1000px\" \/><\/a> <a href=\"https:\/\/www.caudete.org\/ayuntamiento\/wp-content\/uploads\/2025\/08\/Screenshot_20250828_200439_OneDrive.jpg\" rel='prettyPhoto'><img loading=\"lazy\" decoding=\"async\" class=\"alignnone wp-image-30489 size-full\" src=\"https:\/\/www.caudete.org\/ayuntamiento\/wp-content\/uploads\/2025\/08\/Screenshot_20250828_200439_OneDrive.jpg\" alt=\"\" width=\"1000\" height=\"709\" srcset=\"https:\/\/www.caudete.org\/ayuntamiento\/wp-content\/uploads\/2025\/08\/Screenshot_20250828_200439_OneDrive.jpg 1000w, https:\/\/www.caudete.org\/ayuntamiento\/wp-content\/uploads\/2025\/08\/Screenshot_20250828_200439_OneDrive-960x681.jpg 960w, https:\/\/www.caudete.org\/ayuntamiento\/wp-content\/uploads\/2025\/08\/Screenshot_20250828_200439_OneDrive-310x220.jpg 310w, https:\/\/www.caudete.org\/ayuntamiento\/wp-content\/uploads\/2025\/08\/Screenshot_20250828_200439_OneDrive-768x545.jpg 768w\" sizes=\"(max-width: 1000px) 100vw, 1000px\" \/><\/a> \u00a0\u00a0<a href=\"https:\/\/www.caudete.org\/ayuntamiento\/wp-content\/uploads\/2025\/08\/Screenshot_20250828_201806_OneDrive.jpg\" rel='prettyPhoto'><img loading=\"lazy\" decoding=\"async\" class=\"alignnone wp-image-30492 size-full\" src=\"https:\/\/www.caudete.org\/ayuntamiento\/wp-content\/uploads\/2025\/08\/Screenshot_20250828_201806_OneDrive.jpg\" alt=\"\" width=\"1000\" height=\"705\" srcset=\"https:\/\/www.caudete.org\/ayuntamiento\/wp-content\/uploads\/2025\/08\/Screenshot_20250828_201806_OneDrive.jpg 1000w, https:\/\/www.caudete.org\/ayuntamiento\/wp-content\/uploads\/2025\/08\/Screenshot_20250828_201806_OneDrive-960x677.jpg 960w, https:\/\/www.caudete.org\/ayuntamiento\/wp-content\/uploads\/2025\/08\/Screenshot_20250828_201806_OneDrive-312x220.jpg 312w, https:\/\/www.caudete.org\/ayuntamiento\/wp-content\/uploads\/2025\/08\/Screenshot_20250828_201806_OneDrive-768x541.jpg 768w\" sizes=\"(max-width: 1000px) 100vw, 1000px\" \/><\/a><a href=\"https:\/\/www.caudete.org\/ayuntamiento\/wp-content\/uploads\/2025\/08\/Screenshot_20250828_200357_OneDrive.jpg\" rel='prettyPhoto'><img loading=\"lazy\" decoding=\"async\" class=\"wp-image-30487 size-full aligncenter\" src=\"https:\/\/www.caudete.org\/ayuntamiento\/wp-content\/uploads\/2025\/08\/Screenshot_20250828_200357_OneDrive.jpg\" alt=\"\" width=\"521\" height=\"1000\" srcset=\"https:\/\/www.caudete.org\/ayuntamiento\/wp-content\/uploads\/2025\/08\/Screenshot_20250828_200357_OneDrive.jpg 521w, https:\/\/www.caudete.org\/ayuntamiento\/wp-content\/uploads\/2025\/08\/Screenshot_20250828_200357_OneDrive-417x800.jpg 417w, https:\/\/www.caudete.org\/ayuntamiento\/wp-content\/uploads\/2025\/08\/Screenshot_20250828_200357_OneDrive-469x900.jpg 469w, https:\/\/www.caudete.org\/ayuntamiento\/wp-content\/uploads\/2025\/08\/Screenshot_20250828_200357_OneDrive-115x220.jpg 115w\" sizes=\"(max-width: 521px) 100vw, 521px\" \/><\/a><\/p>\n","protected":false},"excerpt":{"rendered":"<p>Desde la Concejal\u00eda de Movilidad, su responsable Mois\u00e9s L\u00f3pez informa a la ciudadan\u00eda de los cortes de calle y prohibiciones de estacionamiento que con motivo de las Fiestas Patronales afectar\u00e1n a diversas calles del municipio con inicio desde hoy, y durante d\u00edas pr\u00f3ximos, y hasta el 11 de Septiembre en su mayor\u00eda. Cabe destacar que &hellip;<\/p>\n","protected":false},"author":6,"featured_media":30495,"comment_status":"closed","ping_status":"open","sticky":false,"template":"","format":"standard","meta":{"ngg_post_thumbnail":0,"footnotes":""},"categories":[46],"tags":[],"class_list":["post-30483","post","type-post","status-publish","format-standard","has-post-thumbnail","hentry","category-movilidad-urbana"],"yoast_head":"<!-- This site is optimized with the Yoast SEO plugin v27.4 - https:\/\/yoast.com\/product\/yoast-seo-wordpress\/ -->\n<title>Cortes de tr\u00e1fico y prohibiciones de estacionamiento que dan comienzo hoy y d\u00edas pr\u00f3ximos - MI Ayuntamiento de Caudete<\/title>\n<meta name=\"description\" content=\"P\u00e1gina Oficial del Ayuntamiento de Caudete (Albacete)\" \/>\n<meta name=\"robots\" content=\"index, follow, max-snippet:-1, max-image-preview:large, max-video-preview:-1\" \/>\n<link rel=\"canonical\" href=\"https:\/\/www.caudete.org\/ayuntamiento\/cortes-de-trafico-y-prohibiciones-de-estacionamiento-que-dan-comienzo-hoy-y-dias-proximos\/\" \/>\n<meta property=\"og:locale\" content=\"es_ES\" \/>\n<meta property=\"og:type\" content=\"article\" \/>\n<meta property=\"og:title\" content=\"Cortes de tr\u00e1fico y prohibiciones de estacionamiento que dan comienzo hoy y d\u00edas pr\u00f3ximos - MI Ayuntamiento de Caudete\" \/>\n<meta property=\"og:description\" content=\"P\u00e1gina Oficial del Ayuntamiento de Caudete (Albacete)\" \/>\n<meta property=\"og:url\" content=\"https:\/\/www.caudete.org\/ayuntamiento\/cortes-de-trafico-y-prohibiciones-de-estacionamiento-que-dan-comienzo-hoy-y-dias-proximos\/\" \/>\n<meta property=\"og:site_name\" content=\"MI Ayuntamiento de Caudete\" \/>\n<meta property=\"article:publisher\" content=\"https:\/\/www.facebook.com\/ayuntamientocaudete\/\" \/>\n<meta property=\"article:published_time\" content=\"2025-08-29T06:05:15+00:00\" \/>\n<meta property=\"article:modified_time\" content=\"2025-08-29T08:06:23+00:00\" \/>\n<meta property=\"og:image\" content=\"https:\/\/www.caudete.org\/ayuntamiento\/wp-content\/uploads\/2025\/08\/MOVILIDAD-URBANA.jpg\" \/>\n\t<meta property=\"og:image:width\" content=\"864\" \/>\n\t<meta property=\"og:image:height\" content=\"380\" \/>\n\t<meta property=\"og:image:type\" content=\"image\/jpeg\" \/>\n<meta name=\"author\" content=\"informatica2\" \/>\n<meta name=\"twitter:card\" content=\"summary_large_image\" \/>\n<meta name=\"twitter:label1\" content=\"Escrito por\" \/>\n\t<meta name=\"twitter:data1\" content=\"informatica2\" \/>\n\t<meta name=\"twitter:label2\" content=\"Tiempo de lectura\" \/>\n\t<meta name=\"twitter:data2\" content=\"5 minutos\" \/>\n<script type=\"application\/ld+json\" class=\"yoast-schema-graph\">{\"@context\":\"https:\\\/\\\/schema.org\",\"@graph\":[{\"@type\":\"Article\",\"@id\":\"https:\\\/\\\/www.caudete.org\\\/ayuntamiento\\\/cortes-de-trafico-y-prohibiciones-de-estacionamiento-que-dan-comienzo-hoy-y-dias-proximos\\\/#article\",\"isPartOf\":{\"@id\":\"https:\\\/\\\/www.caudete.org\\\/ayuntamiento\\\/cortes-de-trafico-y-prohibiciones-de-estacionamiento-que-dan-comienzo-hoy-y-dias-proximos\\\/\"},\"author\":{\"name\":\"informatica2\",\"@id\":\"https:\\\/\\\/www.caudete.org\\\/ayuntamiento\\\/#\\\/schema\\\/person\\\/abfa5ffd5010a14e078c21e6e61b6291\"},\"headline\":\"Cortes de tr\u00e1fico y prohibiciones de estacionamiento que dan comienzo hoy y d\u00edas pr\u00f3ximos\",\"datePublished\":\"2025-08-29T06:05:15+00:00\",\"dateModified\":\"2025-08-29T08:06:23+00:00\",\"mainEntityOfPage\":{\"@id\":\"https:\\\/\\\/www.caudete.org\\\/ayuntamiento\\\/cortes-de-trafico-y-prohibiciones-de-estacionamiento-que-dan-comienzo-hoy-y-dias-proximos\\\/\"},\"wordCount\":683,\"publisher\":{\"@id\":\"https:\\\/\\\/www.caudete.org\\\/ayuntamiento\\\/#organization\"},\"image\":{\"@id\":\"https:\\\/\\\/www.caudete.org\\\/ayuntamiento\\\/cortes-de-trafico-y-prohibiciones-de-estacionamiento-que-dan-comienzo-hoy-y-dias-proximos\\\/#primaryimage\"},\"thumbnailUrl\":\"https:\\\/\\\/www.caudete.org\\\/ayuntamiento\\\/wp-content\\\/uploads\\\/2025\\\/08\\\/MOVILIDAD-URBANA.jpg\",\"articleSection\":[\"Movilidad Urbana\"],\"inLanguage\":\"es\"},{\"@type\":\"WebPage\",\"@id\":\"https:\\\/\\\/www.caudete.org\\\/ayuntamiento\\\/cortes-de-trafico-y-prohibiciones-de-estacionamiento-que-dan-comienzo-hoy-y-dias-proximos\\\/\",\"url\":\"https:\\\/\\\/www.caudete.org\\\/ayuntamiento\\\/cortes-de-trafico-y-prohibiciones-de-estacionamiento-que-dan-comienzo-hoy-y-dias-proximos\\\/\",\"name\":\"Cortes de tr\u00e1fico y prohibiciones de estacionamiento que dan comienzo hoy y d\u00edas pr\u00f3ximos - MI Ayuntamiento de Caudete\",\"isPartOf\":{\"@id\":\"https:\\\/\\\/www.caudete.org\\\/ayuntamiento\\\/#website\"},\"primaryImageOfPage\":{\"@id\":\"https:\\\/\\\/www.caudete.org\\\/ayuntamiento\\\/cortes-de-trafico-y-prohibiciones-de-estacionamiento-que-dan-comienzo-hoy-y-dias-proximos\\\/#primaryimage\"},\"image\":{\"@id\":\"https:\\\/\\\/www.caudete.org\\\/ayuntamiento\\\/cortes-de-trafico-y-prohibiciones-de-estacionamiento-que-dan-comienzo-hoy-y-dias-proximos\\\/#primaryimage\"},\"thumbnailUrl\":\"https:\\\/\\\/www.caudete.org\\\/ayuntamiento\\\/wp-content\\\/uploads\\\/2025\\\/08\\\/MOVILIDAD-URBANA.jpg\",\"datePublished\":\"2025-08-29T06:05:15+00:00\",\"dateModified\":\"2025-08-29T08:06:23+00:00\",\"description\":\"P\u00e1gina Oficial del Ayuntamiento de Caudete (Albacete)\",\"breadcrumb\":{\"@id\":\"https:\\\/\\\/www.caudete.org\\\/ayuntamiento\\\/cortes-de-trafico-y-prohibiciones-de-estacionamiento-que-dan-comienzo-hoy-y-dias-proximos\\\/#breadcrumb\"},\"inLanguage\":\"es\",\"potentialAction\":[{\"@type\":\"ReadAction\",\"target\":[\"https:\\\/\\\/www.caudete.org\\\/ayuntamiento\\\/cortes-de-trafico-y-prohibiciones-de-estacionamiento-que-dan-comienzo-hoy-y-dias-proximos\\\/\"]}]},{\"@type\":\"ImageObject\",\"inLanguage\":\"es\",\"@id\":\"https:\\\/\\\/www.caudete.org\\\/ayuntamiento\\\/cortes-de-trafico-y-prohibiciones-de-estacionamiento-que-dan-comienzo-hoy-y-dias-proximos\\\/#primaryimage\",\"url\":\"https:\\\/\\\/www.caudete.org\\\/ayuntamiento\\\/wp-content\\\/uploads\\\/2025\\\/08\\\/MOVILIDAD-URBANA.jpg\",\"contentUrl\":\"https:\\\/\\\/www.caudete.org\\\/ayuntamiento\\\/wp-content\\\/uploads\\\/2025\\\/08\\\/MOVILIDAD-URBANA.jpg\",\"width\":864,\"height\":380},{\"@type\":\"BreadcrumbList\",\"@id\":\"https:\\\/\\\/www.caudete.org\\\/ayuntamiento\\\/cortes-de-trafico-y-prohibiciones-de-estacionamiento-que-dan-comienzo-hoy-y-dias-proximos\\\/#breadcrumb\",\"itemListElement\":[{\"@type\":\"ListItem\",\"position\":1,\"name\":\"Inicio\",\"item\":\"https:\\\/\\\/www.caudete.org\\\/ayuntamiento\\\/\"},{\"@type\":\"ListItem\",\"position\":2,\"name\":\"Cortes de tr\u00e1fico y prohibiciones de estacionamiento que dan comienzo hoy y d\u00edas pr\u00f3ximos\"}]},{\"@type\":\"WebSite\",\"@id\":\"https:\\\/\\\/www.caudete.org\\\/ayuntamiento\\\/#website\",\"url\":\"https:\\\/\\\/www.caudete.org\\\/ayuntamiento\\\/\",\"name\":\"MI Ayuntamiento de Caudete\",\"description\":\"P\u00e1gina Oficial del MI Ayuntamiento de Caudete\",\"publisher\":{\"@id\":\"https:\\\/\\\/www.caudete.org\\\/ayuntamiento\\\/#organization\"},\"potentialAction\":[{\"@type\":\"SearchAction\",\"target\":{\"@type\":\"EntryPoint\",\"urlTemplate\":\"https:\\\/\\\/www.caudete.org\\\/ayuntamiento\\\/?s={search_term_string}\"},\"query-input\":{\"@type\":\"PropertyValueSpecification\",\"valueRequired\":true,\"valueName\":\"search_term_string\"}}],\"inLanguage\":\"es\"},{\"@type\":\"Organization\",\"@id\":\"https:\\\/\\\/www.caudete.org\\\/ayuntamiento\\\/#organization\",\"name\":\"Ayuntamiento de Caudete\",\"url\":\"https:\\\/\\\/www.caudete.org\\\/ayuntamiento\\\/\",\"logo\":{\"@type\":\"ImageObject\",\"inLanguage\":\"es\",\"@id\":\"https:\\\/\\\/www.caudete.org\\\/ayuntamiento\\\/#\\\/schema\\\/logo\\\/image\\\/\",\"url\":\"https:\\\/\\\/www.caudete.org\\\/ayuntamiento\\\/wp-content\\\/uploads\\\/2020\\\/11\\\/logo_ayuntamiento_caudete.jpg\",\"contentUrl\":\"https:\\\/\\\/www.caudete.org\\\/ayuntamiento\\\/wp-content\\\/uploads\\\/2020\\\/11\\\/logo_ayuntamiento_caudete.jpg\",\"width\":600,\"height\":150,\"caption\":\"Ayuntamiento de Caudete\"},\"image\":{\"@id\":\"https:\\\/\\\/www.caudete.org\\\/ayuntamiento\\\/#\\\/schema\\\/logo\\\/image\\\/\"},\"sameAs\":[\"https:\\\/\\\/www.facebook.com\\\/ayuntamientocaudete\\\/\",\"https:\\\/\\\/www.youtube.com\\\/channel\\\/UC6VztHaooNsGpw-tNoBEFnQ\"]},{\"@type\":\"Person\",\"@id\":\"https:\\\/\\\/www.caudete.org\\\/ayuntamiento\\\/#\\\/schema\\\/person\\\/abfa5ffd5010a14e078c21e6e61b6291\",\"name\":\"informatica2\",\"image\":{\"@type\":\"ImageObject\",\"inLanguage\":\"es\",\"@id\":\"https:\\\/\\\/secure.gravatar.com\\\/avatar\\\/b089890ff033a3e4d03eec00ecb5a14425217205c513f60ec32ebeaaeb5fa700?s=96&d=mm&r=g\",\"url\":\"https:\\\/\\\/secure.gravatar.com\\\/avatar\\\/b089890ff033a3e4d03eec00ecb5a14425217205c513f60ec32ebeaaeb5fa700?s=96&d=mm&r=g\",\"contentUrl\":\"https:\\\/\\\/secure.gravatar.com\\\/avatar\\\/b089890ff033a3e4d03eec00ecb5a14425217205c513f60ec32ebeaaeb5fa700?s=96&d=mm&r=g\",\"caption\":\"informatica2\"},\"url\":\"https:\\\/\\\/www.caudete.org\\\/ayuntamiento\\\/author\\\/informatica2\\\/\"}]}<\/script>\n<!-- \/ Yoast SEO plugin. -->","yoast_head_json":{"title":"Cortes de tr\u00e1fico y prohibiciones de estacionamiento que dan comienzo hoy y d\u00edas pr\u00f3ximos - MI Ayuntamiento de Caudete","description":"P\u00e1gina Oficial del Ayuntamiento de Caudete (Albacete)","robots":{"index":"index","follow":"follow","max-snippet":"max-snippet:-1","max-image-preview":"max-image-preview:large","max-video-preview":"max-video-preview:-1"},"canonical":"https:\/\/www.caudete.org\/ayuntamiento\/cortes-de-trafico-y-prohibiciones-de-estacionamiento-que-dan-comienzo-hoy-y-dias-proximos\/","og_locale":"es_ES","og_type":"article","og_title":"Cortes de tr\u00e1fico y prohibiciones de estacionamiento que dan comienzo hoy y d\u00edas pr\u00f3ximos - MI Ayuntamiento de Caudete","og_description":"P\u00e1gina Oficial del Ayuntamiento de Caudete (Albacete)","og_url":"https:\/\/www.caudete.org\/ayuntamiento\/cortes-de-trafico-y-prohibiciones-de-estacionamiento-que-dan-comienzo-hoy-y-dias-proximos\/","og_site_name":"MI Ayuntamiento de Caudete","article_publisher":"https:\/\/www.facebook.com\/ayuntamientocaudete\/","article_published_time":"2025-08-29T06:05:15+00:00","article_modified_time":"2025-08-29T08:06:23+00:00","og_image":[{"width":864,"height":380,"url":"https:\/\/www.caudete.org\/ayuntamiento\/wp-content\/uploads\/2025\/08\/MOVILIDAD-URBANA.jpg","type":"image\/jpeg"}],"author":"informatica2","twitter_card":"summary_large_image","twitter_misc":{"Escrito por":"informatica2","Tiempo de lectura":"5 minutos"},"schema":{"@context":"https:\/\/schema.org","@graph":[{"@type":"Article","@id":"https:\/\/www.caudete.org\/ayuntamiento\/cortes-de-trafico-y-prohibiciones-de-estacionamiento-que-dan-comienzo-hoy-y-dias-proximos\/#article","isPartOf":{"@id":"https:\/\/www.caudete.org\/ayuntamiento\/cortes-de-trafico-y-prohibiciones-de-estacionamiento-que-dan-comienzo-hoy-y-dias-proximos\/"},"author":{"name":"informatica2","@id":"https:\/\/www.caudete.org\/ayuntamiento\/#\/schema\/person\/abfa5ffd5010a14e078c21e6e61b6291"},"headline":"Cortes de tr\u00e1fico y prohibiciones de estacionamiento que dan comienzo hoy y d\u00edas pr\u00f3ximos","datePublished":"2025-08-29T06:05:15+00:00","dateModified":"2025-08-29T08:06:23+00:00","mainEntityOfPage":{"@id":"https:\/\/www.caudete.org\/ayuntamiento\/cortes-de-trafico-y-prohibiciones-de-estacionamiento-que-dan-comienzo-hoy-y-dias-proximos\/"},"wordCount":683,"publisher":{"@id":"https:\/\/www.caudete.org\/ayuntamiento\/#organization"},"image":{"@id":"https:\/\/www.caudete.org\/ayuntamiento\/cortes-de-trafico-y-prohibiciones-de-estacionamiento-que-dan-comienzo-hoy-y-dias-proximos\/#primaryimage"},"thumbnailUrl":"https:\/\/www.caudete.org\/ayuntamiento\/wp-content\/uploads\/2025\/08\/MOVILIDAD-URBANA.jpg","articleSection":["Movilidad Urbana"],"inLanguage":"es"},{"@type":"WebPage","@id":"https:\/\/www.caudete.org\/ayuntamiento\/cortes-de-trafico-y-prohibiciones-de-estacionamiento-que-dan-comienzo-hoy-y-dias-proximos\/","url":"https:\/\/www.caudete.org\/ayuntamiento\/cortes-de-trafico-y-prohibiciones-de-estacionamiento-que-dan-comienzo-hoy-y-dias-proximos\/","name":"Cortes de tr\u00e1fico y prohibiciones de estacionamiento que dan comienzo hoy y d\u00edas pr\u00f3ximos - MI Ayuntamiento de Caudete","isPartOf":{"@id":"https:\/\/www.caudete.org\/ayuntamiento\/#website"},"primaryImageOfPage":{"@id":"https:\/\/www.caudete.org\/ayuntamiento\/cortes-de-trafico-y-prohibiciones-de-estacionamiento-que-dan-comienzo-hoy-y-dias-proximos\/#primaryimage"},"image":{"@id":"https:\/\/www.caudete.org\/ayuntamiento\/cortes-de-trafico-y-prohibiciones-de-estacionamiento-que-dan-comienzo-hoy-y-dias-proximos\/#primaryimage"},"thumbnailUrl":"https:\/\/www.caudete.org\/ayuntamiento\/wp-content\/uploads\/2025\/08\/MOVILIDAD-URBANA.jpg","datePublished":"2025-08-29T06:05:15+00:00","dateModified":"2025-08-29T08:06:23+00:00","description":"P\u00e1gina Oficial del Ayuntamiento de Caudete (Albacete)","breadcrumb":{"@id":"https:\/\/www.caudete.org\/ayuntamiento\/cortes-de-trafico-y-prohibiciones-de-estacionamiento-que-dan-comienzo-hoy-y-dias-proximos\/#breadcrumb"},"inLanguage":"es","potentialAction":[{"@type":"ReadAction","target":["https:\/\/www.caudete.org\/ayuntamiento\/cortes-de-trafico-y-prohibiciones-de-estacionamiento-que-dan-comienzo-hoy-y-dias-proximos\/"]}]},{"@type":"ImageObject","inLanguage":"es","@id":"https:\/\/www.caudete.org\/ayuntamiento\/cortes-de-trafico-y-prohibiciones-de-estacionamiento-que-dan-comienzo-hoy-y-dias-proximos\/#primaryimage","url":"https:\/\/www.caudete.org\/ayuntamiento\/wp-content\/uploads\/2025\/08\/MOVILIDAD-URBANA.jpg","contentUrl":"https:\/\/www.caudete.org\/ayuntamiento\/wp-content\/uploads\/2025\/08\/MOVILIDAD-URBANA.jpg","width":864,"height":380},{"@type":"BreadcrumbList","@id":"https:\/\/www.caudete.org\/ayuntamiento\/cortes-de-trafico-y-prohibiciones-de-estacionamiento-que-dan-comienzo-hoy-y-dias-proximos\/#breadcrumb","itemListElement":[{"@type":"ListItem","position":1,"name":"Inicio","item":"https:\/\/www.caudete.org\/ayuntamiento\/"},{"@type":"ListItem","position":2,"name":"Cortes de tr\u00e1fico y prohibiciones de estacionamiento que dan comienzo hoy y d\u00edas pr\u00f3ximos"}]},{"@type":"WebSite","@id":"https:\/\/www.caudete.org\/ayuntamiento\/#website","url":"https:\/\/www.caudete.org\/ayuntamiento\/","name":"MI Ayuntamiento de Caudete","description":"P\u00e1gina Oficial del MI Ayuntamiento de Caudete","publisher":{"@id":"https:\/\/www.caudete.org\/ayuntamiento\/#organization"},"potentialAction":[{"@type":"SearchAction","target":{"@type":"EntryPoint","urlTemplate":"https:\/\/www.caudete.org\/ayuntamiento\/?s={search_term_string}"},"query-input":{"@type":"PropertyValueSpecification","valueRequired":true,"valueName":"search_term_string"}}],"inLanguage":"es"},{"@type":"Organization","@id":"https:\/\/www.caudete.org\/ayuntamiento\/#organization","name":"Ayuntamiento de Caudete","url":"https:\/\/www.caudete.org\/ayuntamiento\/","logo":{"@type":"ImageObject","inLanguage":"es","@id":"https:\/\/www.caudete.org\/ayuntamiento\/#\/schema\/logo\/image\/","url":"https:\/\/www.caudete.org\/ayuntamiento\/wp-content\/uploads\/2020\/11\/logo_ayuntamiento_caudete.jpg","contentUrl":"https:\/\/www.caudete.org\/ayuntamiento\/wp-content\/uploads\/2020\/11\/logo_ayuntamiento_caudete.jpg","width":600,"height":150,"caption":"Ayuntamiento de Caudete"},"image":{"@id":"https:\/\/www.caudete.org\/ayuntamiento\/#\/schema\/logo\/image\/"},"sameAs":["https:\/\/www.facebook.com\/ayuntamientocaudete\/","https:\/\/www.youtube.com\/channel\/UC6VztHaooNsGpw-tNoBEFnQ"]},{"@type":"Person","@id":"https:\/\/www.caudete.org\/ayuntamiento\/#\/schema\/person\/abfa5ffd5010a14e078c21e6e61b6291","name":"informatica2","image":{"@type":"ImageObject","inLanguage":"es","@id":"https:\/\/secure.gravatar.com\/avatar\/b089890ff033a3e4d03eec00ecb5a14425217205c513f60ec32ebeaaeb5fa700?s=96&d=mm&r=g","url":"https:\/\/secure.gravatar.com\/avatar\/b089890ff033a3e4d03eec00ecb5a14425217205c513f60ec32ebeaaeb5fa700?s=96&d=mm&r=g","contentUrl":"https:\/\/secure.gravatar.com\/avatar\/b089890ff033a3e4d03eec00ecb5a14425217205c513f60ec32ebeaaeb5fa700?s=96&d=mm&r=g","caption":"informatica2"},"url":"https:\/\/www.caudete.org\/ayuntamiento\/author\/informatica2\/"}]}},"_links":{"self":[{"href":"https:\/\/www.caudete.org\/ayuntamiento\/wp-json\/wp\/v2\/posts\/30483","targetHints":{"allow":["GET"]}}],"collection":[{"href":"https:\/\/www.caudete.org\/ayuntamiento\/wp-json\/wp\/v2\/posts"}],"about":[{"href":"https:\/\/www.caudete.org\/ayuntamiento\/wp-json\/wp\/v2\/types\/post"}],"author":[{"embeddable":true,"href":"https:\/\/www.caudete.org\/ayuntamiento\/wp-json\/wp\/v2\/users\/6"}],"replies":[{"embeddable":true,"href":"https:\/\/www.caudete.org\/ayuntamiento\/wp-json\/wp\/v2\/comments?post=30483"}],"version-history":[{"count":3,"href":"https:\/\/www.caudete.org\/ayuntamiento\/wp-json\/wp\/v2\/posts\/30483\/revisions"}],"predecessor-version":[{"id":30496,"href":"https:\/\/www.caudete.org\/ayuntamiento\/wp-json\/wp\/v2\/posts\/30483\/revisions\/30496"}],"wp:featuredmedia":[{"embeddable":true,"href":"https:\/\/www.caudete.org\/ayuntamiento\/wp-json\/wp\/v2\/media\/30495"}],"wp:attachment":[{"href":"https:\/\/www.caudete.org\/ayuntamiento\/wp-json\/wp\/v2\/media?parent=30483"}],"wp:term":[{"taxonomy":"category","embeddable":true,"href":"https:\/\/www.caudete.org\/ayuntamiento\/wp-json\/wp\/v2\/categories?post=30483"},{"taxonomy":"post_tag","embeddable":true,"href":"https:\/\/www.caudete.org\/ayuntamiento\/wp-json\/wp\/v2\/tags?post=30483"}],"curies":[{"name":"wp","href":"https:\/\/api.w.org\/{rel}","templated":true}]}}