{"id":30518,"date":"2025-08-29T15:10:21","date_gmt":"2025-08-29T13:10:21","guid":{"rendered":"https:\/\/www.caudete.org\/ayuntamiento\/?p=30518"},"modified":"2025-08-29T15:15:27","modified_gmt":"2025-08-29T13:15:27","slug":"horario-especial-del-ecoparque-municipal-durante-las-fiestas-de-caudete-2025","status":"publish","type":"post","link":"https:\/\/www.caudete.org\/ayuntamiento\/horario-especial-del-ecoparque-municipal-durante-las-fiestas-de-caudete-2025\/","title":{"rendered":"Horario especial del Ecoparque Municipal durante las Fiestas de Caudete 2025"},"content":{"rendered":"<p data-start=\"127\" data-end=\"325\">Con motivo de las Fiestas de Caudete 2025, el Ecoparque Municipal modificar\u00e1 temporalmente su horario de apertura para adaptarse a estas fechas se\u00f1aladas. Los nuevos horarios ser\u00e1n los siguientes:<\/p>\n<ul data-start=\"327\" data-end=\"623\">\n<li data-start=\"327\" data-end=\"443\">\n<p data-start=\"329\" data-end=\"443\"><strong data-start=\"329\" data-end=\"356\">S\u00e1bado 6 de septiembre:<\/strong> el Ecoparque permanecer\u00e1 abierto \u00fanicamente en horario de ma\u00f1ana, hasta las 12:30 h.<\/p>\n<\/li>\n<li data-start=\"444\" data-end=\"510\">\n<p data-start=\"446\" data-end=\"510\"><strong data-start=\"446\" data-end=\"474\">Domingo 7 de septiembre:<\/strong> el Ecoparque permanecer\u00e1 cerrado.<\/p>\n<\/li>\n<li data-start=\"511\" data-end=\"623\">\n<p data-start=\"513\" data-end=\"623\"><strong data-start=\"513\" data-end=\"555\">Martes 9 y mi\u00e9rcoles 10 de septiembre:<\/strong> apertura exclusivamente en horario de ma\u00f1ana, de 10:00 a 13:30 h.<\/p>\n<\/li>\n<\/ul>\n<p data-start=\"625\" data-end=\"888\">Estas medidas tienen como objetivo no interrumpir los servicios del Ecoparque durante las celebraciones, manteniendo un funcionamiento adecuado y seguro para todos los usuarios. Una vez finalizadas las fiestas, el Ecoparque volver\u00e1 a su horario habitual.<\/p>\n<p data-start=\"890\" data-end=\"1122\">Agradecemos la comprensi\u00f3n y colaboraci\u00f3n de todos los caudetanos durante estos d\u00edas de fiesta.<\/p>\n<p data-start=\"1124\" data-end=\"1188\"><strong data-start=\"1124\" data-end=\"1156\">Concejal\u00eda de Medio Ambiente<\/strong><br data-start=\"1156\" data-end=\"1159\" \/><strong data-start=\"1159\" data-end=\"1186\">Ayuntamiento de Caudete<\/strong><\/p>\n","protected":false},"excerpt":{"rendered":"<p>Con motivo de las Fiestas de Caudete 2025, el Ecoparque Municipal modificar\u00e1 temporalmente su horario de apertura para adaptarse a estas fechas se\u00f1aladas. Los nuevos horarios ser\u00e1n los siguientes: S\u00e1bado 6 de septiembre: el Ecoparque permanecer\u00e1 abierto \u00fanicamente en horario de ma\u00f1ana, hasta las 12:30 h. Domingo 7 de septiembre: el Ecoparque permanecer\u00e1 cerrado. Martes &hellip;<\/p>\n","protected":false},"author":7,"featured_media":30519,"comment_status":"closed","ping_status":"open","sticky":false,"template":"","format":"standard","meta":{"ngg_post_thumbnail":0,"footnotes":""},"categories":[29],"tags":[],"class_list":["post-30518","post","type-post","status-publish","format-standard","has-post-thumbnail","hentry","category-medio-ambiente"],"yoast_head":"<!-- This site is optimized with the Yoast SEO plugin v27.5 - https:\/\/yoast.com\/product\/yoast-seo-wordpress\/ -->\n<title>Horario especial del Ecoparque Municipal durante las Fiestas de Caudete 2025 - MI Ayuntamiento de Caudete<\/title>\n<meta name=\"description\" content=\"P\u00e1gina Oficial del Ayuntamiento de Caudete (Albacete)\" \/>\n<meta name=\"robots\" content=\"index, follow, max-snippet:-1, max-image-preview:large, max-video-preview:-1\" \/>\n<link rel=\"canonical\" href=\"https:\/\/www.caudete.org\/ayuntamiento\/horario-especial-del-ecoparque-municipal-durante-las-fiestas-de-caudete-2025\/\" \/>\n<meta property=\"og:locale\" content=\"es_ES\" \/>\n<meta property=\"og:type\" content=\"article\" \/>\n<meta property=\"og:title\" content=\"Horario especial del Ecoparque Municipal durante las Fiestas de Caudete 2025 - MI Ayuntamiento de Caudete\" \/>\n<meta property=\"og:description\" content=\"P\u00e1gina Oficial del Ayuntamiento de Caudete (Albacete)\" \/>\n<meta property=\"og:url\" content=\"https:\/\/www.caudete.org\/ayuntamiento\/horario-especial-del-ecoparque-municipal-durante-las-fiestas-de-caudete-2025\/\" \/>\n<meta property=\"og:site_name\" content=\"MI Ayuntamiento de Caudete\" \/>\n<meta property=\"article:publisher\" content=\"https:\/\/www.facebook.com\/ayuntamientocaudete\/\" \/>\n<meta property=\"article:published_time\" content=\"2025-08-29T13:10:21+00:00\" \/>\n<meta property=\"article:modified_time\" content=\"2025-08-29T13:15:27+00:00\" \/>\n<meta property=\"og:image\" content=\"https:\/\/www.caudete.org\/ayuntamiento\/wp-content\/uploads\/2025\/08\/foto-ecoparque.png\" \/>\n\t<meta property=\"og:image:width\" content=\"1163\" \/>\n\t<meta property=\"og:image:height\" content=\"761\" \/>\n\t<meta property=\"og:image:type\" content=\"image\/png\" \/>\n<meta name=\"author\" content=\"ConceMediosComunicacion\" \/>\n<meta name=\"twitter:card\" content=\"summary_large_image\" \/>\n<meta name=\"twitter:label1\" content=\"Escrito por\" \/>\n\t<meta name=\"twitter:data1\" content=\"ConceMediosComunicacion\" \/>\n\t<meta name=\"twitter:label2\" content=\"Tiempo de lectura\" \/>\n\t<meta name=\"twitter:data2\" content=\"1 minuto\" \/>\n<script type=\"application\/ld+json\" class=\"yoast-schema-graph\">{\"@context\":\"https:\\\/\\\/schema.org\",\"@graph\":[{\"@type\":\"Article\",\"@id\":\"https:\\\/\\\/www.caudete.org\\\/ayuntamiento\\\/horario-especial-del-ecoparque-municipal-durante-las-fiestas-de-caudete-2025\\\/#article\",\"isPartOf\":{\"@id\":\"https:\\\/\\\/www.caudete.org\\\/ayuntamiento\\\/horario-especial-del-ecoparque-municipal-durante-las-fiestas-de-caudete-2025\\\/\"},\"author\":{\"name\":\"ConceMediosComunicacion\",\"@id\":\"https:\\\/\\\/www.caudete.org\\\/ayuntamiento\\\/#\\\/schema\\\/person\\\/20dfe238fe5ee9d5f5e69267aa623e05\"},\"headline\":\"Horario especial del Ecoparque Municipal durante las Fiestas de Caudete 2025\",\"datePublished\":\"2025-08-29T13:10:21+00:00\",\"dateModified\":\"2025-08-29T13:15:27+00:00\",\"mainEntityOfPage\":{\"@id\":\"https:\\\/\\\/www.caudete.org\\\/ayuntamiento\\\/horario-especial-del-ecoparque-municipal-durante-las-fiestas-de-caudete-2025\\\/\"},\"wordCount\":141,\"image\":{\"@id\":\"https:\\\/\\\/www.caudete.org\\\/ayuntamiento\\\/horario-especial-del-ecoparque-municipal-durante-las-fiestas-de-caudete-2025\\\/#primaryimage\"},\"thumbnailUrl\":\"https:\\\/\\\/www.caudete.org\\\/ayuntamiento\\\/wp-content\\\/uploads\\\/2025\\\/08\\\/foto-ecoparque.png\",\"articleSection\":[\"Medio Ambiente\"],\"inLanguage\":\"es\"},{\"@type\":\"WebPage\",\"@id\":\"https:\\\/\\\/www.caudete.org\\\/ayuntamiento\\\/horario-especial-del-ecoparque-municipal-durante-las-fiestas-de-caudete-2025\\\/\",\"url\":\"https:\\\/\\\/www.caudete.org\\\/ayuntamiento\\\/horario-especial-del-ecoparque-municipal-durante-las-fiestas-de-caudete-2025\\\/\",\"name\":\"Horario especial del Ecoparque Municipal durante las Fiestas de Caudete 2025 - MI Ayuntamiento de Caudete\",\"isPartOf\":{\"@id\":\"https:\\\/\\\/www.caudete.org\\\/ayuntamiento\\\/#website\"},\"primaryImageOfPage\":{\"@id\":\"https:\\\/\\\/www.caudete.org\\\/ayuntamiento\\\/horario-especial-del-ecoparque-municipal-durante-las-fiestas-de-caudete-2025\\\/#primaryimage\"},\"image\":{\"@id\":\"https:\\\/\\\/www.caudete.org\\\/ayuntamiento\\\/horario-especial-del-ecoparque-municipal-durante-las-fiestas-de-caudete-2025\\\/#primaryimage\"},\"thumbnailUrl\":\"https:\\\/\\\/www.caudete.org\\\/ayuntamiento\\\/wp-content\\\/uploads\\\/2025\\\/08\\\/foto-ecoparque.png\",\"datePublished\":\"2025-08-29T13:10:21+00:00\",\"dateModified\":\"2025-08-29T13:15:27+00:00\",\"author\":{\"@id\":\"https:\\\/\\\/www.caudete.org\\\/ayuntamiento\\\/#\\\/schema\\\/person\\\/20dfe238fe5ee9d5f5e69267aa623e05\"},\"description\":\"P\u00e1gina Oficial del Ayuntamiento de Caudete (Albacete)\",\"breadcrumb\":{\"@id\":\"https:\\\/\\\/www.caudete.org\\\/ayuntamiento\\\/horario-especial-del-ecoparque-municipal-durante-las-fiestas-de-caudete-2025\\\/#breadcrumb\"},\"inLanguage\":\"es\",\"potentialAction\":[{\"@type\":\"ReadAction\",\"target\":[\"https:\\\/\\\/www.caudete.org\\\/ayuntamiento\\\/horario-especial-del-ecoparque-municipal-durante-las-fiestas-de-caudete-2025\\\/\"]}]},{\"@type\":\"ImageObject\",\"inLanguage\":\"es\",\"@id\":\"https:\\\/\\\/www.caudete.org\\\/ayuntamiento\\\/horario-especial-del-ecoparque-municipal-durante-las-fiestas-de-caudete-2025\\\/#primaryimage\",\"url\":\"https:\\\/\\\/www.caudete.org\\\/ayuntamiento\\\/wp-content\\\/uploads\\\/2025\\\/08\\\/foto-ecoparque.png\",\"contentUrl\":\"https:\\\/\\\/www.caudete.org\\\/ayuntamiento\\\/wp-content\\\/uploads\\\/2025\\\/08\\\/foto-ecoparque.png\",\"width\":1163,\"height\":761},{\"@type\":\"BreadcrumbList\",\"@id\":\"https:\\\/\\\/www.caudete.org\\\/ayuntamiento\\\/horario-especial-del-ecoparque-municipal-durante-las-fiestas-de-caudete-2025\\\/#breadcrumb\",\"itemListElement\":[{\"@type\":\"ListItem\",\"position\":1,\"name\":\"Inicio\",\"item\":\"https:\\\/\\\/www.caudete.org\\\/ayuntamiento\\\/\"},{\"@type\":\"ListItem\",\"position\":2,\"name\":\"Horario especial del Ecoparque Municipal durante las Fiestas de Caudete 2025\"}]},{\"@type\":\"WebSite\",\"@id\":\"https:\\\/\\\/www.caudete.org\\\/ayuntamiento\\\/#website\",\"url\":\"https:\\\/\\\/www.caudete.org\\\/ayuntamiento\\\/\",\"name\":\"MI Ayuntamiento de Caudete\",\"description\":\"P\u00e1gina Oficial del MI Ayuntamiento de Caudete\",\"potentialAction\":[{\"@type\":\"SearchAction\",\"target\":{\"@type\":\"EntryPoint\",\"urlTemplate\":\"https:\\\/\\\/www.caudete.org\\\/ayuntamiento\\\/?s={search_term_string}\"},\"query-input\":{\"@type\":\"PropertyValueSpecification\",\"valueRequired\":true,\"valueName\":\"search_term_string\"}}],\"inLanguage\":\"es\"},{\"@type\":\"Person\",\"@id\":\"https:\\\/\\\/www.caudete.org\\\/ayuntamiento\\\/#\\\/schema\\\/person\\\/20dfe238fe5ee9d5f5e69267aa623e05\",\"name\":\"ConceMediosComunicacion\",\"image\":{\"@type\":\"ImageObject\",\"inLanguage\":\"es\",\"@id\":\"https:\\\/\\\/secure.gravatar.com\\\/avatar\\\/9d162043ba1cd4ab14413e29fdb3655bfccde37e65ca99013604f8d2a19c636d?s=96&d=mm&r=g\",\"url\":\"https:\\\/\\\/secure.gravatar.com\\\/avatar\\\/9d162043ba1cd4ab14413e29fdb3655bfccde37e65ca99013604f8d2a19c636d?s=96&d=mm&r=g\",\"contentUrl\":\"https:\\\/\\\/secure.gravatar.com\\\/avatar\\\/9d162043ba1cd4ab14413e29fdb3655bfccde37e65ca99013604f8d2a19c636d?s=96&d=mm&r=g\",\"caption\":\"ConceMediosComunicacion\"},\"url\":\"https:\\\/\\\/www.caudete.org\\\/ayuntamiento\\\/author\\\/concemedioscomunicacion\\\/\"}]}<\/script>\n<!-- \/ Yoast SEO plugin. -->","yoast_head_json":{"title":"Horario especial del Ecoparque Municipal durante las Fiestas de Caudete 2025 - MI Ayuntamiento de Caudete","description":"P\u00e1gina Oficial del Ayuntamiento de Caudete (Albacete)","robots":{"index":"index","follow":"follow","max-snippet":"max-snippet:-1","max-image-preview":"max-image-preview:large","max-video-preview":"max-video-preview:-1"},"canonical":"https:\/\/www.caudete.org\/ayuntamiento\/horario-especial-del-ecoparque-municipal-durante-las-fiestas-de-caudete-2025\/","og_locale":"es_ES","og_type":"article","og_title":"Horario especial del Ecoparque Municipal durante las Fiestas de Caudete 2025 - MI Ayuntamiento de Caudete","og_description":"P\u00e1gina Oficial del Ayuntamiento de Caudete (Albacete)","og_url":"https:\/\/www.caudete.org\/ayuntamiento\/horario-especial-del-ecoparque-municipal-durante-las-fiestas-de-caudete-2025\/","og_site_name":"MI Ayuntamiento de Caudete","article_publisher":"https:\/\/www.facebook.com\/ayuntamientocaudete\/","article_published_time":"2025-08-29T13:10:21+00:00","article_modified_time":"2025-08-29T13:15:27+00:00","og_image":[{"width":1163,"height":761,"url":"https:\/\/www.caudete.org\/ayuntamiento\/wp-content\/uploads\/2025\/08\/foto-ecoparque.png","type":"image\/png"}],"author":"ConceMediosComunicacion","twitter_card":"summary_large_image","twitter_misc":{"Escrito por":"ConceMediosComunicacion","Tiempo de lectura":"1 minuto"},"schema":{"@context":"https:\/\/schema.org","@graph":[{"@type":"Article","@id":"https:\/\/www.caudete.org\/ayuntamiento\/horario-especial-del-ecoparque-municipal-durante-las-fiestas-de-caudete-2025\/#article","isPartOf":{"@id":"https:\/\/www.caudete.org\/ayuntamiento\/horario-especial-del-ecoparque-municipal-durante-las-fiestas-de-caudete-2025\/"},"author":{"name":"ConceMediosComunicacion","@id":"https:\/\/www.caudete.org\/ayuntamiento\/#\/schema\/person\/20dfe238fe5ee9d5f5e69267aa623e05"},"headline":"Horario especial del Ecoparque Municipal durante las Fiestas de Caudete 2025","datePublished":"2025-08-29T13:10:21+00:00","dateModified":"2025-08-29T13:15:27+00:00","mainEntityOfPage":{"@id":"https:\/\/www.caudete.org\/ayuntamiento\/horario-especial-del-ecoparque-municipal-durante-las-fiestas-de-caudete-2025\/"},"wordCount":141,"image":{"@id":"https:\/\/www.caudete.org\/ayuntamiento\/horario-especial-del-ecoparque-municipal-durante-las-fiestas-de-caudete-2025\/#primaryimage"},"thumbnailUrl":"https:\/\/www.caudete.org\/ayuntamiento\/wp-content\/uploads\/2025\/08\/foto-ecoparque.png","articleSection":["Medio Ambiente"],"inLanguage":"es"},{"@type":"WebPage","@id":"https:\/\/www.caudete.org\/ayuntamiento\/horario-especial-del-ecoparque-municipal-durante-las-fiestas-de-caudete-2025\/","url":"https:\/\/www.caudete.org\/ayuntamiento\/horario-especial-del-ecoparque-municipal-durante-las-fiestas-de-caudete-2025\/","name":"Horario especial del Ecoparque Municipal durante las Fiestas de Caudete 2025 - MI Ayuntamiento de Caudete","isPartOf":{"@id":"https:\/\/www.caudete.org\/ayuntamiento\/#website"},"primaryImageOfPage":{"@id":"https:\/\/www.caudete.org\/ayuntamiento\/horario-especial-del-ecoparque-municipal-durante-las-fiestas-de-caudete-2025\/#primaryimage"},"image":{"@id":"https:\/\/www.caudete.org\/ayuntamiento\/horario-especial-del-ecoparque-municipal-durante-las-fiestas-de-caudete-2025\/#primaryimage"},"thumbnailUrl":"https:\/\/www.caudete.org\/ayuntamiento\/wp-content\/uploads\/2025\/08\/foto-ecoparque.png","datePublished":"2025-08-29T13:10:21+00:00","dateModified":"2025-08-29T13:15:27+00:00","author":{"@id":"https:\/\/www.caudete.org\/ayuntamiento\/#\/schema\/person\/20dfe238fe5ee9d5f5e69267aa623e05"},"description":"P\u00e1gina Oficial del Ayuntamiento de Caudete (Albacete)","breadcrumb":{"@id":"https:\/\/www.caudete.org\/ayuntamiento\/horario-especial-del-ecoparque-municipal-durante-las-fiestas-de-caudete-2025\/#breadcrumb"},"inLanguage":"es","potentialAction":[{"@type":"ReadAction","target":["https:\/\/www.caudete.org\/ayuntamiento\/horario-especial-del-ecoparque-municipal-durante-las-fiestas-de-caudete-2025\/"]}]},{"@type":"ImageObject","inLanguage":"es","@id":"https:\/\/www.caudete.org\/ayuntamiento\/horario-especial-del-ecoparque-municipal-durante-las-fiestas-de-caudete-2025\/#primaryimage","url":"https:\/\/www.caudete.org\/ayuntamiento\/wp-content\/uploads\/2025\/08\/foto-ecoparque.png","contentUrl":"https:\/\/www.caudete.org\/ayuntamiento\/wp-content\/uploads\/2025\/08\/foto-ecoparque.png","width":1163,"height":761},{"@type":"BreadcrumbList","@id":"https:\/\/www.caudete.org\/ayuntamiento\/horario-especial-del-ecoparque-municipal-durante-las-fiestas-de-caudete-2025\/#breadcrumb","itemListElement":[{"@type":"ListItem","position":1,"name":"Inicio","item":"https:\/\/www.caudete.org\/ayuntamiento\/"},{"@type":"ListItem","position":2,"name":"Horario especial del Ecoparque Municipal durante las Fiestas de Caudete 2025"}]},{"@type":"WebSite","@id":"https:\/\/www.caudete.org\/ayuntamiento\/#website","url":"https:\/\/www.caudete.org\/ayuntamiento\/","name":"MI Ayuntamiento de Caudete","description":"P\u00e1gina Oficial del MI Ayuntamiento de Caudete","potentialAction":[{"@type":"SearchAction","target":{"@type":"EntryPoint","urlTemplate":"https:\/\/www.caudete.org\/ayuntamiento\/?s={search_term_string}"},"query-input":{"@type":"PropertyValueSpecification","valueRequired":true,"valueName":"search_term_string"}}],"inLanguage":"es"},{"@type":"Person","@id":"https:\/\/www.caudete.org\/ayuntamiento\/#\/schema\/person\/20dfe238fe5ee9d5f5e69267aa623e05","name":"ConceMediosComunicacion","image":{"@type":"ImageObject","inLanguage":"es","@id":"https:\/\/secure.gravatar.com\/avatar\/9d162043ba1cd4ab14413e29fdb3655bfccde37e65ca99013604f8d2a19c636d?s=96&d=mm&r=g","url":"https:\/\/secure.gravatar.com\/avatar\/9d162043ba1cd4ab14413e29fdb3655bfccde37e65ca99013604f8d2a19c636d?s=96&d=mm&r=g","contentUrl":"https:\/\/secure.gravatar.com\/avatar\/9d162043ba1cd4ab14413e29fdb3655bfccde37e65ca99013604f8d2a19c636d?s=96&d=mm&r=g","caption":"ConceMediosComunicacion"},"url":"https:\/\/www.caudete.org\/ayuntamiento\/author\/concemedioscomunicacion\/"}]}},"_links":{"self":[{"href":"https:\/\/www.caudete.org\/ayuntamiento\/wp-json\/wp\/v2\/posts\/30518","targetHints":{"allow":["GET"]}}],"collection":[{"href":"https:\/\/www.caudete.org\/ayuntamiento\/wp-json\/wp\/v2\/posts"}],"about":[{"href":"https:\/\/www.caudete.org\/ayuntamiento\/wp-json\/wp\/v2\/types\/post"}],"author":[{"embeddable":true,"href":"https:\/\/www.caudete.org\/ayuntamiento\/wp-json\/wp\/v2\/users\/7"}],"replies":[{"embeddable":true,"href":"https:\/\/www.caudete.org\/ayuntamiento\/wp-json\/wp\/v2\/comments?post=30518"}],"version-history":[{"count":3,"href":"https:\/\/www.caudete.org\/ayuntamiento\/wp-json\/wp\/v2\/posts\/30518\/revisions"}],"predecessor-version":[{"id":30521,"href":"https:\/\/www.caudete.org\/ayuntamiento\/wp-json\/wp\/v2\/posts\/30518\/revisions\/30521"}],"wp:featuredmedia":[{"embeddable":true,"href":"https:\/\/www.caudete.org\/ayuntamiento\/wp-json\/wp\/v2\/media\/30519"}],"wp:attachment":[{"href":"https:\/\/www.caudete.org\/ayuntamiento\/wp-json\/wp\/v2\/media?parent=30518"}],"wp:term":[{"taxonomy":"category","embeddable":true,"href":"https:\/\/www.caudete.org\/ayuntamiento\/wp-json\/wp\/v2\/categories?post=30518"},{"taxonomy":"post_tag","embeddable":true,"href":"https:\/\/www.caudete.org\/ayuntamiento\/wp-json\/wp\/v2\/tags?post=30518"}],"curies":[{"name":"wp","href":"https:\/\/api.w.org\/{rel}","templated":true}]}}