{"id":30523,"date":"2025-08-29T20:38:31","date_gmt":"2025-08-29T18:38:31","guid":{"rendered":"https:\/\/www.caudete.org\/ayuntamiento\/?p=30523"},"modified":"2025-08-30T02:02:46","modified_gmt":"2025-08-30T00:02:46","slug":"el-concejal-de-medio-ambiente-supervisa-la-ruta-de-recogida-de-residuos-para-evaluar-y-mejorar-el-servicio-en-caudete","status":"publish","type":"post","link":"https:\/\/www.caudete.org\/ayuntamiento\/el-concejal-de-medio-ambiente-supervisa-la-ruta-de-recogida-de-residuos-para-evaluar-y-mejorar-el-servicio-en-caudete\/","title":{"rendered":"El concejal de Medio Ambiente, Francisco Jos\u00e9 Castell\u00f3, supervisa sobre el terreno la recogida de residuos en Caudete"},"content":{"rendered":"<p data-start=\"474\" data-end=\"936\">La Concejal\u00eda de Medio Ambiente del M.I. Ayuntamiento de Caudete informa que, en la noche de ayer, el concejal delegado del \u00e1rea, <strong data-start=\"604\" data-end=\"631\">Francisco Jos\u00e9 Castell\u00f3<\/strong>, <strong data-start=\"633\" data-end=\"690\">subi\u00f3 personalmente al cami\u00f3n de recogida de residuos<\/strong>, acompa\u00f1ando al operario y a su ayudante durante\u00a0 la ruta. El objetivo fue <strong data-start=\"770\" data-end=\"824\">conocer de primera mano el desarrollo del servicio<\/strong>, comprobar las deficiencias existentes y valorar la eficacia de las medidas adoptadas en las \u00faltimas semanas.<\/p>\n<p data-start=\"938\" data-end=\"1332\">Esta supervisi\u00f3n se enmarca en el seguimiento especial que se viene realizando tras las incidencias ocasionadas en los \u00faltimos meses, motivadas tanto por la adaptaci\u00f3n de nuevos conductores a las rutas y tiempos establecidos, como por las aver\u00edas sufridas en camiones y maquinaria, que han requerido su puesta a punto o, en el caso del cami\u00f3n de RSU, la disposici\u00f3n de un veh\u00edculo de reserva.<\/p>\n<p data-start=\"1334\" data-end=\"1682\">Francisco Jos\u00e9 Castell\u00f3 ha querido <strong data-start=\"1369\" data-end=\"1488\">pedir disculpas a la ciudadan\u00eda por las molestias ocasionadas en este tiempo y agradecer la paciencia y comprensi\u00f3n<\/strong>. Record\u00f3 que se trata de una <strong data-start=\"1518\" data-end=\"1535\">empresa nueva<\/strong>, que se ha ido adaptando progresivamente a un municipio con las particularidades de Caudete, lo que requiere necesariamente un tiempo de ajuste.<\/p>\n<p data-start=\"1684\" data-end=\"1798\">Durante la inspecci\u00f3n, el concejal pudo constatar algunos aspectos a mejorar en lo que respecta al Ayuntamiento:<\/p>\n<ul data-start=\"1799\" data-end=\"2124\">\n<li data-start=\"1799\" data-end=\"1860\">\n<p data-start=\"1801\" data-end=\"1860\">Existen <strong data-start=\"1809\" data-end=\"1831\">contenedores rotos<\/strong> que requieren sustituci\u00f3n.<\/p>\n<\/li>\n<li data-start=\"1861\" data-end=\"1949\">\n<p data-start=\"1863\" data-end=\"1949\">En <strong data-start=\"1866\" data-end=\"1935\">algunas zonas los veh\u00edculos estacionados dificultan las maniobras<\/strong> del cami\u00f3n o directamente impiden el paso.<\/p>\n<\/li>\n<li data-start=\"1950\" data-end=\"2124\">\n<p data-start=\"1952\" data-end=\"2124\">En varios <strong data-start=\"1962\" data-end=\"2003\">contenedores soterrados y desiminados<\/strong> se detect\u00f3 un <strong data-start=\"2018\" data-end=\"2061\">uso inadecuado por parte de los vecinos<\/strong>, as\u00ed como algunos ganchos doblados que necesitan reparaci\u00f3n.<\/p>\n<\/li>\n<\/ul>\n<p data-start=\"2126\" data-end=\"2233\">Aun as\u00ed, la supervisi\u00f3n permiti\u00f3 comprobar un correcto funcionamiento general del servicio en la jornada:<\/p>\n<ul data-start=\"2234\" data-end=\"2603\">\n<li data-start=\"2234\" data-end=\"2376\">\n<p data-start=\"2236\" data-end=\"2376\">La <strong data-start=\"2239\" data-end=\"2279\">ruta tuvo una duraci\u00f3n de ocho horas<\/strong>, de 22:00h a 6:00en las cuales se vaciaron <strong data-start=\"2307\" data-end=\"2327\">172 contenedores<\/strong>\u00a0 (todo el casco urbano), incluidos soterrados y se realizo un viaje a la planta de Almansa para descargar a las 3:15 am<\/p>\n<\/li>\n<li data-start=\"2234\" data-end=\"2376\">Los puntos limpios tambi\u00e9n se realizaron la mitad dejando la otra mitad para la jornada siguiente, los que recogieron fueron camino\u00a0 Los Molinos, Vereda de Santa Ana, Club de tenis, Puente de la autov\u00eda,<\/li>\n<li data-start=\"2440\" data-end=\"2502\">\n<p data-start=\"2442\" data-end=\"2502\">La <strong data-start=\"2445\" data-end=\"2499\">media de vaciado por contenedor fue de 54 segundos\u00a0<\/strong><\/p>\n<\/li>\n<\/ul>\n<p data-start=\"2605\" data-end=\"3116\">Adem\u00e1s, en estos d\u00edas se ha detectado un <strong data-start=\"2646\" data-end=\"2684\">incremento del volumen de residuos<\/strong>, especialmente durante los fines de semana, debido al aumento de poblaci\u00f3n que generan las Fiestas. Este incremento afecta tanto a los <strong data-start=\"2820\" data-end=\"2843\">residuos dom\u00e9sticos<\/strong> como a los <strong data-start=\"2855\" data-end=\"2896\">procedentes de comercios y hosteler\u00eda<\/strong>. Por ello, Francisco Jos\u00e9 Castell\u00f3 recuerda a la ciudadan\u00eda la importancia de <strong data-start=\"2975\" data-end=\"3026\">no depositar la basura antes de las 18:00 horas<\/strong>, con el fin de <strong data-start=\"3042\" data-end=\"3113\">evitar desbordes en los contenedores y la aparici\u00f3n de malos olores<\/strong>.<\/p>\n<p data-start=\"3118\" data-end=\"3578\">En conclusi\u00f3n, el concejal de Medio Ambiente considera que las <strong data-start=\"3181\" data-end=\"3235\">medidas adoptadas est\u00e1n dando resultados positivos<\/strong>. Con la <strong data-start=\"3244\" data-end=\"3266\">ruta bien definida<\/strong>, el <strong data-start=\"3271\" data-end=\"3290\">cami\u00f3n reparado<\/strong> y un <strong data-start=\"3296\" data-end=\"3330\">veh\u00edculo de reserva disponible<\/strong>, el servicio puede completarse de forma adecuada, aunque con tiempos muy ajustados. Desde la Concejal\u00eda se seguir\u00e1 trabajando para que esta mejora se consolide y\u00a0 se preste\u00a0 con eficacia en beneficio de todos los caudetanos.<\/p>\n<p data-start=\"3580\" data-end=\"3641\">M.I. Ayuntamiento de Caudete<br data-start=\"3608\" data-end=\"3611\" \/>Concejal\u00eda de Medio Ambiente<\/p>\n<p data-start=\"3079\" data-end=\"3140\"><a href=\"https:\/\/www.caudete.org\/ayuntamiento\/wp-content\/uploads\/2025\/08\/ServicioBasuras1.jpg\" rel='prettyPhoto'><img fetchpriority=\"high\" decoding=\"async\" class=\"alignnone size-full wp-image-30529\" src=\"https:\/\/www.caudete.org\/ayuntamiento\/wp-content\/uploads\/2025\/08\/ServicioBasuras1.jpg\" alt=\"\" width=\"1000\" height=\"750\" srcset=\"https:\/\/www.caudete.org\/ayuntamiento\/wp-content\/uploads\/2025\/08\/ServicioBasuras1.jpg 1000w, https:\/\/www.caudete.org\/ayuntamiento\/wp-content\/uploads\/2025\/08\/ServicioBasuras1-960x720.jpg 960w, https:\/\/www.caudete.org\/ayuntamiento\/wp-content\/uploads\/2025\/08\/ServicioBasuras1-293x220.jpg 293w, https:\/\/www.caudete.org\/ayuntamiento\/wp-content\/uploads\/2025\/08\/ServicioBasuras1-768x576.jpg 768w\" sizes=\"(max-width: 1000px) 100vw, 1000px\" \/><\/a> <a href=\"https:\/\/www.caudete.org\/ayuntamiento\/wp-content\/uploads\/2025\/08\/ServicioBasuras2.jpg\" rel='prettyPhoto'><img decoding=\"async\" class=\"alignnone size-full wp-image-30528\" src=\"https:\/\/www.caudete.org\/ayuntamiento\/wp-content\/uploads\/2025\/08\/ServicioBasuras2.jpg\" alt=\"\" width=\"750\" height=\"1000\" srcset=\"https:\/\/www.caudete.org\/ayuntamiento\/wp-content\/uploads\/2025\/08\/ServicioBasuras2.jpg 750w, https:\/\/www.caudete.org\/ayuntamiento\/wp-content\/uploads\/2025\/08\/ServicioBasuras2-600x800.jpg 600w, https:\/\/www.caudete.org\/ayuntamiento\/wp-content\/uploads\/2025\/08\/ServicioBasuras2-675x900.jpg 675w, https:\/\/www.caudete.org\/ayuntamiento\/wp-content\/uploads\/2025\/08\/ServicioBasuras2-165x220.jpg 165w\" sizes=\"(max-width: 750px) 100vw, 750px\" \/><\/a><a href=\"https:\/\/www.caudete.org\/ayuntamiento\/wp-content\/uploads\/2025\/08\/ServicioBasuras4.jpg\" rel='prettyPhoto'><img decoding=\"async\" class=\"alignnone size-full wp-image-30532\" src=\"https:\/\/www.caudete.org\/ayuntamiento\/wp-content\/uploads\/2025\/08\/ServicioBasuras4.jpg\" alt=\"\" width=\"750\" height=\"1000\" srcset=\"https:\/\/www.caudete.org\/ayuntamiento\/wp-content\/uploads\/2025\/08\/ServicioBasuras4.jpg 750w, https:\/\/www.caudete.org\/ayuntamiento\/wp-content\/uploads\/2025\/08\/ServicioBasuras4-600x800.jpg 600w, https:\/\/www.caudete.org\/ayuntamiento\/wp-content\/uploads\/2025\/08\/ServicioBasuras4-675x900.jpg 675w, https:\/\/www.caudete.org\/ayuntamiento\/wp-content\/uploads\/2025\/08\/ServicioBasuras4-165x220.jpg 165w\" sizes=\"(max-width: 750px) 100vw, 750px\" \/><\/a><\/p>\n","protected":false},"excerpt":{"rendered":"<p>La Concejal\u00eda de Medio Ambiente del M.I. Ayuntamiento de Caudete informa que, en la noche de ayer, el concejal delegado del \u00e1rea, Francisco Jos\u00e9 Castell\u00f3, subi\u00f3 personalmente al cami\u00f3n de recogida de residuos, acompa\u00f1ando al operario y a su ayudante durante\u00a0 la ruta. El objetivo fue conocer de primera mano el desarrollo del servicio, comprobar &hellip;<\/p>\n","protected":false},"author":7,"featured_media":30524,"comment_status":"closed","ping_status":"open","sticky":false,"template":"","format":"standard","meta":{"ngg_post_thumbnail":0,"footnotes":""},"categories":[29],"tags":[],"class_list":["post-30523","post","type-post","status-publish","format-standard","has-post-thumbnail","hentry","category-medio-ambiente"],"yoast_head":"<!-- This site is optimized with the Yoast SEO plugin v27.5 - https:\/\/yoast.com\/product\/yoast-seo-wordpress\/ -->\n<title>El concejal de Medio Ambiente, Francisco Jos\u00e9 Castell\u00f3, supervisa sobre el terreno la recogida de residuos en Caudete - MI Ayuntamiento de Caudete<\/title>\n<meta name=\"description\" content=\"P\u00e1gina Oficial del Ayuntamiento de Caudete (Albacete)\" \/>\n<meta name=\"robots\" content=\"index, follow, max-snippet:-1, max-image-preview:large, max-video-preview:-1\" \/>\n<link rel=\"canonical\" href=\"https:\/\/www.caudete.org\/ayuntamiento\/el-concejal-de-medio-ambiente-supervisa-la-ruta-de-recogida-de-residuos-para-evaluar-y-mejorar-el-servicio-en-caudete\/\" \/>\n<meta property=\"og:locale\" content=\"es_ES\" \/>\n<meta property=\"og:type\" content=\"article\" \/>\n<meta property=\"og:title\" content=\"El concejal de Medio Ambiente, Francisco Jos\u00e9 Castell\u00f3, supervisa sobre el terreno la recogida de residuos en Caudete - MI Ayuntamiento de Caudete\" \/>\n<meta property=\"og:description\" content=\"P\u00e1gina Oficial del Ayuntamiento de Caudete (Albacete)\" \/>\n<meta property=\"og:url\" content=\"https:\/\/www.caudete.org\/ayuntamiento\/el-concejal-de-medio-ambiente-supervisa-la-ruta-de-recogida-de-residuos-para-evaluar-y-mejorar-el-servicio-en-caudete\/\" \/>\n<meta property=\"og:site_name\" content=\"MI Ayuntamiento de Caudete\" \/>\n<meta property=\"article:publisher\" content=\"https:\/\/www.facebook.com\/ayuntamientocaudete\/\" \/>\n<meta property=\"article:published_time\" content=\"2025-08-29T18:38:31+00:00\" \/>\n<meta property=\"article:modified_time\" content=\"2025-08-30T00:02:46+00:00\" \/>\n<meta property=\"og:image\" content=\"https:\/\/www.caudete.org\/ayuntamiento\/wp-content\/uploads\/2025\/08\/d3fd8479-7028-4a44-bd25-33d8aa4c4d19.jpg\" \/>\n\t<meta property=\"og:image:width\" content=\"2000\" \/>\n\t<meta property=\"og:image:height\" content=\"1500\" \/>\n\t<meta property=\"og:image:type\" content=\"image\/jpeg\" \/>\n<meta name=\"author\" content=\"ConceMediosComunicacion\" \/>\n<meta name=\"twitter:card\" content=\"summary_large_image\" \/>\n<meta name=\"twitter:label1\" content=\"Escrito por\" \/>\n\t<meta name=\"twitter:data1\" content=\"ConceMediosComunicacion\" \/>\n\t<meta name=\"twitter:label2\" content=\"Tiempo de lectura\" \/>\n\t<meta name=\"twitter:data2\" content=\"4 minutos\" \/>\n<script type=\"application\/ld+json\" class=\"yoast-schema-graph\">{\"@context\":\"https:\\\/\\\/schema.org\",\"@graph\":[{\"@type\":\"Article\",\"@id\":\"https:\\\/\\\/www.caudete.org\\\/ayuntamiento\\\/el-concejal-de-medio-ambiente-supervisa-la-ruta-de-recogida-de-residuos-para-evaluar-y-mejorar-el-servicio-en-caudete\\\/#article\",\"isPartOf\":{\"@id\":\"https:\\\/\\\/www.caudete.org\\\/ayuntamiento\\\/el-concejal-de-medio-ambiente-supervisa-la-ruta-de-recogida-de-residuos-para-evaluar-y-mejorar-el-servicio-en-caudete\\\/\"},\"author\":{\"name\":\"ConceMediosComunicacion\",\"@id\":\"https:\\\/\\\/www.caudete.org\\\/ayuntamiento\\\/#\\\/schema\\\/person\\\/20dfe238fe5ee9d5f5e69267aa623e05\"},\"headline\":\"El concejal de Medio Ambiente, Francisco Jos\u00e9 Castell\u00f3, supervisa sobre el terreno la recogida de residuos en Caudete\",\"datePublished\":\"2025-08-29T18:38:31+00:00\",\"dateModified\":\"2025-08-30T00:02:46+00:00\",\"mainEntityOfPage\":{\"@id\":\"https:\\\/\\\/www.caudete.org\\\/ayuntamiento\\\/el-concejal-de-medio-ambiente-supervisa-la-ruta-de-recogida-de-residuos-para-evaluar-y-mejorar-el-servicio-en-caudete\\\/\"},\"wordCount\":551,\"image\":{\"@id\":\"https:\\\/\\\/www.caudete.org\\\/ayuntamiento\\\/el-concejal-de-medio-ambiente-supervisa-la-ruta-de-recogida-de-residuos-para-evaluar-y-mejorar-el-servicio-en-caudete\\\/#primaryimage\"},\"thumbnailUrl\":\"https:\\\/\\\/www.caudete.org\\\/ayuntamiento\\\/wp-content\\\/uploads\\\/2025\\\/08\\\/d3fd8479-7028-4a44-bd25-33d8aa4c4d19.jpg\",\"articleSection\":[\"Medio Ambiente\"],\"inLanguage\":\"es\"},{\"@type\":\"WebPage\",\"@id\":\"https:\\\/\\\/www.caudete.org\\\/ayuntamiento\\\/el-concejal-de-medio-ambiente-supervisa-la-ruta-de-recogida-de-residuos-para-evaluar-y-mejorar-el-servicio-en-caudete\\\/\",\"url\":\"https:\\\/\\\/www.caudete.org\\\/ayuntamiento\\\/el-concejal-de-medio-ambiente-supervisa-la-ruta-de-recogida-de-residuos-para-evaluar-y-mejorar-el-servicio-en-caudete\\\/\",\"name\":\"El concejal de Medio Ambiente, Francisco Jos\u00e9 Castell\u00f3, supervisa sobre el terreno la recogida de residuos en Caudete - MI Ayuntamiento de Caudete\",\"isPartOf\":{\"@id\":\"https:\\\/\\\/www.caudete.org\\\/ayuntamiento\\\/#website\"},\"primaryImageOfPage\":{\"@id\":\"https:\\\/\\\/www.caudete.org\\\/ayuntamiento\\\/el-concejal-de-medio-ambiente-supervisa-la-ruta-de-recogida-de-residuos-para-evaluar-y-mejorar-el-servicio-en-caudete\\\/#primaryimage\"},\"image\":{\"@id\":\"https:\\\/\\\/www.caudete.org\\\/ayuntamiento\\\/el-concejal-de-medio-ambiente-supervisa-la-ruta-de-recogida-de-residuos-para-evaluar-y-mejorar-el-servicio-en-caudete\\\/#primaryimage\"},\"thumbnailUrl\":\"https:\\\/\\\/www.caudete.org\\\/ayuntamiento\\\/wp-content\\\/uploads\\\/2025\\\/08\\\/d3fd8479-7028-4a44-bd25-33d8aa4c4d19.jpg\",\"datePublished\":\"2025-08-29T18:38:31+00:00\",\"dateModified\":\"2025-08-30T00:02:46+00:00\",\"author\":{\"@id\":\"https:\\\/\\\/www.caudete.org\\\/ayuntamiento\\\/#\\\/schema\\\/person\\\/20dfe238fe5ee9d5f5e69267aa623e05\"},\"description\":\"P\u00e1gina Oficial del Ayuntamiento de Caudete (Albacete)\",\"breadcrumb\":{\"@id\":\"https:\\\/\\\/www.caudete.org\\\/ayuntamiento\\\/el-concejal-de-medio-ambiente-supervisa-la-ruta-de-recogida-de-residuos-para-evaluar-y-mejorar-el-servicio-en-caudete\\\/#breadcrumb\"},\"inLanguage\":\"es\",\"potentialAction\":[{\"@type\":\"ReadAction\",\"target\":[\"https:\\\/\\\/www.caudete.org\\\/ayuntamiento\\\/el-concejal-de-medio-ambiente-supervisa-la-ruta-de-recogida-de-residuos-para-evaluar-y-mejorar-el-servicio-en-caudete\\\/\"]}]},{\"@type\":\"ImageObject\",\"inLanguage\":\"es\",\"@id\":\"https:\\\/\\\/www.caudete.org\\\/ayuntamiento\\\/el-concejal-de-medio-ambiente-supervisa-la-ruta-de-recogida-de-residuos-para-evaluar-y-mejorar-el-servicio-en-caudete\\\/#primaryimage\",\"url\":\"https:\\\/\\\/www.caudete.org\\\/ayuntamiento\\\/wp-content\\\/uploads\\\/2025\\\/08\\\/d3fd8479-7028-4a44-bd25-33d8aa4c4d19.jpg\",\"contentUrl\":\"https:\\\/\\\/www.caudete.org\\\/ayuntamiento\\\/wp-content\\\/uploads\\\/2025\\\/08\\\/d3fd8479-7028-4a44-bd25-33d8aa4c4d19.jpg\",\"width\":2000,\"height\":1500},{\"@type\":\"BreadcrumbList\",\"@id\":\"https:\\\/\\\/www.caudete.org\\\/ayuntamiento\\\/el-concejal-de-medio-ambiente-supervisa-la-ruta-de-recogida-de-residuos-para-evaluar-y-mejorar-el-servicio-en-caudete\\\/#breadcrumb\",\"itemListElement\":[{\"@type\":\"ListItem\",\"position\":1,\"name\":\"Inicio\",\"item\":\"https:\\\/\\\/www.caudete.org\\\/ayuntamiento\\\/\"},{\"@type\":\"ListItem\",\"position\":2,\"name\":\"El concejal de Medio Ambiente, Francisco Jos\u00e9 Castell\u00f3, supervisa sobre el terreno la recogida de residuos en Caudete\"}]},{\"@type\":\"WebSite\",\"@id\":\"https:\\\/\\\/www.caudete.org\\\/ayuntamiento\\\/#website\",\"url\":\"https:\\\/\\\/www.caudete.org\\\/ayuntamiento\\\/\",\"name\":\"MI Ayuntamiento de Caudete\",\"description\":\"P\u00e1gina Oficial del MI Ayuntamiento de Caudete\",\"potentialAction\":[{\"@type\":\"SearchAction\",\"target\":{\"@type\":\"EntryPoint\",\"urlTemplate\":\"https:\\\/\\\/www.caudete.org\\\/ayuntamiento\\\/?s={search_term_string}\"},\"query-input\":{\"@type\":\"PropertyValueSpecification\",\"valueRequired\":true,\"valueName\":\"search_term_string\"}}],\"inLanguage\":\"es\"},{\"@type\":\"Person\",\"@id\":\"https:\\\/\\\/www.caudete.org\\\/ayuntamiento\\\/#\\\/schema\\\/person\\\/20dfe238fe5ee9d5f5e69267aa623e05\",\"name\":\"ConceMediosComunicacion\",\"image\":{\"@type\":\"ImageObject\",\"inLanguage\":\"es\",\"@id\":\"https:\\\/\\\/secure.gravatar.com\\\/avatar\\\/9d162043ba1cd4ab14413e29fdb3655bfccde37e65ca99013604f8d2a19c636d?s=96&d=mm&r=g\",\"url\":\"https:\\\/\\\/secure.gravatar.com\\\/avatar\\\/9d162043ba1cd4ab14413e29fdb3655bfccde37e65ca99013604f8d2a19c636d?s=96&d=mm&r=g\",\"contentUrl\":\"https:\\\/\\\/secure.gravatar.com\\\/avatar\\\/9d162043ba1cd4ab14413e29fdb3655bfccde37e65ca99013604f8d2a19c636d?s=96&d=mm&r=g\",\"caption\":\"ConceMediosComunicacion\"},\"url\":\"https:\\\/\\\/www.caudete.org\\\/ayuntamiento\\\/author\\\/concemedioscomunicacion\\\/\"}]}<\/script>\n<!-- \/ Yoast SEO plugin. -->","yoast_head_json":{"title":"El concejal de Medio Ambiente, Francisco Jos\u00e9 Castell\u00f3, supervisa sobre el terreno la recogida de residuos en Caudete - MI Ayuntamiento de Caudete","description":"P\u00e1gina Oficial del Ayuntamiento de Caudete (Albacete)","robots":{"index":"index","follow":"follow","max-snippet":"max-snippet:-1","max-image-preview":"max-image-preview:large","max-video-preview":"max-video-preview:-1"},"canonical":"https:\/\/www.caudete.org\/ayuntamiento\/el-concejal-de-medio-ambiente-supervisa-la-ruta-de-recogida-de-residuos-para-evaluar-y-mejorar-el-servicio-en-caudete\/","og_locale":"es_ES","og_type":"article","og_title":"El concejal de Medio Ambiente, Francisco Jos\u00e9 Castell\u00f3, supervisa sobre el terreno la recogida de residuos en Caudete - MI Ayuntamiento de Caudete","og_description":"P\u00e1gina Oficial del Ayuntamiento de Caudete (Albacete)","og_url":"https:\/\/www.caudete.org\/ayuntamiento\/el-concejal-de-medio-ambiente-supervisa-la-ruta-de-recogida-de-residuos-para-evaluar-y-mejorar-el-servicio-en-caudete\/","og_site_name":"MI Ayuntamiento de Caudete","article_publisher":"https:\/\/www.facebook.com\/ayuntamientocaudete\/","article_published_time":"2025-08-29T18:38:31+00:00","article_modified_time":"2025-08-30T00:02:46+00:00","og_image":[{"width":2000,"height":1500,"url":"https:\/\/www.caudete.org\/ayuntamiento\/wp-content\/uploads\/2025\/08\/d3fd8479-7028-4a44-bd25-33d8aa4c4d19.jpg","type":"image\/jpeg"}],"author":"ConceMediosComunicacion","twitter_card":"summary_large_image","twitter_misc":{"Escrito por":"ConceMediosComunicacion","Tiempo de lectura":"4 minutos"},"schema":{"@context":"https:\/\/schema.org","@graph":[{"@type":"Article","@id":"https:\/\/www.caudete.org\/ayuntamiento\/el-concejal-de-medio-ambiente-supervisa-la-ruta-de-recogida-de-residuos-para-evaluar-y-mejorar-el-servicio-en-caudete\/#article","isPartOf":{"@id":"https:\/\/www.caudete.org\/ayuntamiento\/el-concejal-de-medio-ambiente-supervisa-la-ruta-de-recogida-de-residuos-para-evaluar-y-mejorar-el-servicio-en-caudete\/"},"author":{"name":"ConceMediosComunicacion","@id":"https:\/\/www.caudete.org\/ayuntamiento\/#\/schema\/person\/20dfe238fe5ee9d5f5e69267aa623e05"},"headline":"El concejal de Medio Ambiente, Francisco Jos\u00e9 Castell\u00f3, supervisa sobre el terreno la recogida de residuos en Caudete","datePublished":"2025-08-29T18:38:31+00:00","dateModified":"2025-08-30T00:02:46+00:00","mainEntityOfPage":{"@id":"https:\/\/www.caudete.org\/ayuntamiento\/el-concejal-de-medio-ambiente-supervisa-la-ruta-de-recogida-de-residuos-para-evaluar-y-mejorar-el-servicio-en-caudete\/"},"wordCount":551,"image":{"@id":"https:\/\/www.caudete.org\/ayuntamiento\/el-concejal-de-medio-ambiente-supervisa-la-ruta-de-recogida-de-residuos-para-evaluar-y-mejorar-el-servicio-en-caudete\/#primaryimage"},"thumbnailUrl":"https:\/\/www.caudete.org\/ayuntamiento\/wp-content\/uploads\/2025\/08\/d3fd8479-7028-4a44-bd25-33d8aa4c4d19.jpg","articleSection":["Medio Ambiente"],"inLanguage":"es"},{"@type":"WebPage","@id":"https:\/\/www.caudete.org\/ayuntamiento\/el-concejal-de-medio-ambiente-supervisa-la-ruta-de-recogida-de-residuos-para-evaluar-y-mejorar-el-servicio-en-caudete\/","url":"https:\/\/www.caudete.org\/ayuntamiento\/el-concejal-de-medio-ambiente-supervisa-la-ruta-de-recogida-de-residuos-para-evaluar-y-mejorar-el-servicio-en-caudete\/","name":"El concejal de Medio Ambiente, Francisco Jos\u00e9 Castell\u00f3, supervisa sobre el terreno la recogida de residuos en Caudete - MI Ayuntamiento de Caudete","isPartOf":{"@id":"https:\/\/www.caudete.org\/ayuntamiento\/#website"},"primaryImageOfPage":{"@id":"https:\/\/www.caudete.org\/ayuntamiento\/el-concejal-de-medio-ambiente-supervisa-la-ruta-de-recogida-de-residuos-para-evaluar-y-mejorar-el-servicio-en-caudete\/#primaryimage"},"image":{"@id":"https:\/\/www.caudete.org\/ayuntamiento\/el-concejal-de-medio-ambiente-supervisa-la-ruta-de-recogida-de-residuos-para-evaluar-y-mejorar-el-servicio-en-caudete\/#primaryimage"},"thumbnailUrl":"https:\/\/www.caudete.org\/ayuntamiento\/wp-content\/uploads\/2025\/08\/d3fd8479-7028-4a44-bd25-33d8aa4c4d19.jpg","datePublished":"2025-08-29T18:38:31+00:00","dateModified":"2025-08-30T00:02:46+00:00","author":{"@id":"https:\/\/www.caudete.org\/ayuntamiento\/#\/schema\/person\/20dfe238fe5ee9d5f5e69267aa623e05"},"description":"P\u00e1gina Oficial del Ayuntamiento de Caudete (Albacete)","breadcrumb":{"@id":"https:\/\/www.caudete.org\/ayuntamiento\/el-concejal-de-medio-ambiente-supervisa-la-ruta-de-recogida-de-residuos-para-evaluar-y-mejorar-el-servicio-en-caudete\/#breadcrumb"},"inLanguage":"es","potentialAction":[{"@type":"ReadAction","target":["https:\/\/www.caudete.org\/ayuntamiento\/el-concejal-de-medio-ambiente-supervisa-la-ruta-de-recogida-de-residuos-para-evaluar-y-mejorar-el-servicio-en-caudete\/"]}]},{"@type":"ImageObject","inLanguage":"es","@id":"https:\/\/www.caudete.org\/ayuntamiento\/el-concejal-de-medio-ambiente-supervisa-la-ruta-de-recogida-de-residuos-para-evaluar-y-mejorar-el-servicio-en-caudete\/#primaryimage","url":"https:\/\/www.caudete.org\/ayuntamiento\/wp-content\/uploads\/2025\/08\/d3fd8479-7028-4a44-bd25-33d8aa4c4d19.jpg","contentUrl":"https:\/\/www.caudete.org\/ayuntamiento\/wp-content\/uploads\/2025\/08\/d3fd8479-7028-4a44-bd25-33d8aa4c4d19.jpg","width":2000,"height":1500},{"@type":"BreadcrumbList","@id":"https:\/\/www.caudete.org\/ayuntamiento\/el-concejal-de-medio-ambiente-supervisa-la-ruta-de-recogida-de-residuos-para-evaluar-y-mejorar-el-servicio-en-caudete\/#breadcrumb","itemListElement":[{"@type":"ListItem","position":1,"name":"Inicio","item":"https:\/\/www.caudete.org\/ayuntamiento\/"},{"@type":"ListItem","position":2,"name":"El concejal de Medio Ambiente, Francisco Jos\u00e9 Castell\u00f3, supervisa sobre el terreno la recogida de residuos en Caudete"}]},{"@type":"WebSite","@id":"https:\/\/www.caudete.org\/ayuntamiento\/#website","url":"https:\/\/www.caudete.org\/ayuntamiento\/","name":"MI Ayuntamiento de Caudete","description":"P\u00e1gina Oficial del MI Ayuntamiento de Caudete","potentialAction":[{"@type":"SearchAction","target":{"@type":"EntryPoint","urlTemplate":"https:\/\/www.caudete.org\/ayuntamiento\/?s={search_term_string}"},"query-input":{"@type":"PropertyValueSpecification","valueRequired":true,"valueName":"search_term_string"}}],"inLanguage":"es"},{"@type":"Person","@id":"https:\/\/www.caudete.org\/ayuntamiento\/#\/schema\/person\/20dfe238fe5ee9d5f5e69267aa623e05","name":"ConceMediosComunicacion","image":{"@type":"ImageObject","inLanguage":"es","@id":"https:\/\/secure.gravatar.com\/avatar\/9d162043ba1cd4ab14413e29fdb3655bfccde37e65ca99013604f8d2a19c636d?s=96&d=mm&r=g","url":"https:\/\/secure.gravatar.com\/avatar\/9d162043ba1cd4ab14413e29fdb3655bfccde37e65ca99013604f8d2a19c636d?s=96&d=mm&r=g","contentUrl":"https:\/\/secure.gravatar.com\/avatar\/9d162043ba1cd4ab14413e29fdb3655bfccde37e65ca99013604f8d2a19c636d?s=96&d=mm&r=g","caption":"ConceMediosComunicacion"},"url":"https:\/\/www.caudete.org\/ayuntamiento\/author\/concemedioscomunicacion\/"}]}},"_links":{"self":[{"href":"https:\/\/www.caudete.org\/ayuntamiento\/wp-json\/wp\/v2\/posts\/30523","targetHints":{"allow":["GET"]}}],"collection":[{"href":"https:\/\/www.caudete.org\/ayuntamiento\/wp-json\/wp\/v2\/posts"}],"about":[{"href":"https:\/\/www.caudete.org\/ayuntamiento\/wp-json\/wp\/v2\/types\/post"}],"author":[{"embeddable":true,"href":"https:\/\/www.caudete.org\/ayuntamiento\/wp-json\/wp\/v2\/users\/7"}],"replies":[{"embeddable":true,"href":"https:\/\/www.caudete.org\/ayuntamiento\/wp-json\/wp\/v2\/comments?post=30523"}],"version-history":[{"count":7,"href":"https:\/\/www.caudete.org\/ayuntamiento\/wp-json\/wp\/v2\/posts\/30523\/revisions"}],"predecessor-version":[{"id":30536,"href":"https:\/\/www.caudete.org\/ayuntamiento\/wp-json\/wp\/v2\/posts\/30523\/revisions\/30536"}],"wp:featuredmedia":[{"embeddable":true,"href":"https:\/\/www.caudete.org\/ayuntamiento\/wp-json\/wp\/v2\/media\/30524"}],"wp:attachment":[{"href":"https:\/\/www.caudete.org\/ayuntamiento\/wp-json\/wp\/v2\/media?parent=30523"}],"wp:term":[{"taxonomy":"category","embeddable":true,"href":"https:\/\/www.caudete.org\/ayuntamiento\/wp-json\/wp\/v2\/categories?post=30523"},{"taxonomy":"post_tag","embeddable":true,"href":"https:\/\/www.caudete.org\/ayuntamiento\/wp-json\/wp\/v2\/tags?post=30523"}],"curies":[{"name":"wp","href":"https:\/\/api.w.org\/{rel}","templated":true}]}}