{"id":30543,"date":"2025-09-01T15:02:04","date_gmt":"2025-09-01T13:02:04","guid":{"rendered":"https:\/\/www.caudete.org\/ayuntamiento\/?p=30543"},"modified":"2025-09-01T15:02:04","modified_gmt":"2025-09-01T13:02:04","slug":"las-clases-empezaran-el-11-de-septiembre-educacion-respalda-la-propuesta-municipal","status":"publish","type":"post","link":"https:\/\/www.caudete.org\/ayuntamiento\/las-clases-empezaran-el-11-de-septiembre-educacion-respalda-la-propuesta-municipal\/","title":{"rendered":"Las clases empezar\u00e1n el 11 de septiembre, Educaci\u00f3n respalda la propuesta municipal"},"content":{"rendered":"<p>La Concejal de Educaci\u00f3n, Manuela Gonz\u00e1lez, acaba de informar sobre la Resoluci\u00f3n de la Delegaci\u00f3n Provincial de Educaci\u00f3n por la que establece que el inicio del curso escolar en Caudete queda fijado para el 11 de Septiembre, la cual fue recibida en el Ayuntamiento.<\/p>\n<p>As\u00ed las cosas, la resoluci\u00f3n (literalmente) queda como sigue:<\/p>\n<p>\u2022 DECLARAR como no lectivos los d\u00edas 8 de septiembre de 2025 y 13 de abril de 2026 (Fiestas Locales).<br \/>\n\u2022 DECLARAR como no lectivos los d\u00edas 9 y 10 de septiembre de 2025, en sustituci\u00f3n de los d\u00edas 16 y 17 de febrero de 2026 (Carnaval).<\/p>\n<p><strong>\u00a1Comparte!<\/strong><\/p>\n<p>\u00bfQu\u00e9 otros d\u00edas no lectivos tendr\u00e1 el curso 2025-26?<\/p>\n<p>A ello cabr\u00eda sumar los festivos locales del 2026,(aprobados por el pleno), de los cuales solo le repercutir\u00eda el 13 de abril de 2026, Pascua de San Vicente, ya que el 8 de septiembre de 2026 queda fuera del calendario escolar 2025-26.<\/p>\n<p>Los Festivos Laborales, para el curso 2025\/2026 quedan como siguen:<\/p>\n<p>\u2022 12 de octubre, Fiesta Nacional de Espa\u00f1a.<br \/>\n\u2022 1 de noviembre, Todos los Santos.<br \/>\n\u2022 6 de diciembre, D\u00eda de la Constituci\u00f3n.<br \/>\n\u2022 8 de diciembre, Inmaculada Concepci\u00f3n.<br \/>\n\u2022 25 de diciembre, Navidad.<br \/>\n\u2022 1 de enero, A\u00f1o Nuevo.<br \/>\n\u2022 6 de enero, Epifan\u00eda del Se\u00f1or.<br \/>\n\u2022 2 de abril Jueves Santo.<br \/>\n\u2022 3 de abril, Viernes Santo.<br \/>\n\u2022 1 de mayo, D\u00eda del Trabajo.<br \/>\n\u2022 31 de mayo, D\u00eda de la Comunidad Aut\u00f3noma.<br \/>\n\u2022 4 de junio, Corpus Christi.<\/p>\n<p>Los periodos festivos con descanso lectivo corresponden a:<\/p>\n<p>\u2022 Descanso de Navidad, del 22 de Diciembre al 6de Enero.<br \/>\n\u2022 D\u00eda Ense\u00f1anza, 14 Noviembre.<br \/>\n\u2022 Descanso de Semana Santa, del 30 de Marzo al 6 de Abril.<\/p>\n<p>M.\u00aa MANUELA GONZ\u00c1LEZ SOLERA<br \/>\nCONCEJAL DE EDUCACI\u00d3N, CULTURA Y M\u00daSICA<\/p>\n","protected":false},"excerpt":{"rendered":"<p>La Concejal de Educaci\u00f3n, Manuela Gonz\u00e1lez, acaba de informar sobre la Resoluci\u00f3n de la Delegaci\u00f3n Provincial de Educaci\u00f3n por la que establece que el inicio del curso escolar en Caudete queda fijado para el 11 de Septiembre, la cual fue recibida en el Ayuntamiento. As\u00ed las cosas, la resoluci\u00f3n (literalmente) queda como sigue: \u2022 DECLARAR &hellip;<\/p>\n","protected":false},"author":5,"featured_media":30547,"comment_status":"closed","ping_status":"open","sticky":false,"template":"","format":"standard","meta":{"ngg_post_thumbnail":0,"footnotes":""},"categories":[25],"tags":[],"class_list":["post-30543","post","type-post","status-publish","format-standard","has-post-thumbnail","hentry","category-educacion"],"yoast_head":"<!-- This site is optimized with the Yoast SEO plugin v27.4 - https:\/\/yoast.com\/product\/yoast-seo-wordpress\/ -->\n<title>Las clases empezar\u00e1n el 11 de septiembre, Educaci\u00f3n respalda la propuesta municipal - MI Ayuntamiento de Caudete<\/title>\n<meta name=\"description\" content=\"P\u00e1gina Oficial del Ayuntamiento de Caudete (Albacete)\" \/>\n<meta name=\"robots\" content=\"index, follow, max-snippet:-1, max-image-preview:large, max-video-preview:-1\" \/>\n<link rel=\"canonical\" href=\"https:\/\/www.caudete.org\/ayuntamiento\/las-clases-empezaran-el-11-de-septiembre-educacion-respalda-la-propuesta-municipal\/\" \/>\n<meta property=\"og:locale\" content=\"es_ES\" \/>\n<meta property=\"og:type\" content=\"article\" \/>\n<meta property=\"og:title\" content=\"Las clases empezar\u00e1n el 11 de septiembre, Educaci\u00f3n respalda la propuesta municipal - MI Ayuntamiento de Caudete\" \/>\n<meta property=\"og:description\" content=\"P\u00e1gina Oficial del Ayuntamiento de Caudete (Albacete)\" \/>\n<meta property=\"og:url\" content=\"https:\/\/www.caudete.org\/ayuntamiento\/las-clases-empezaran-el-11-de-septiembre-educacion-respalda-la-propuesta-municipal\/\" \/>\n<meta property=\"og:site_name\" content=\"MI Ayuntamiento de Caudete\" \/>\n<meta property=\"article:publisher\" content=\"https:\/\/www.facebook.com\/ayuntamientocaudete\/\" \/>\n<meta property=\"article:published_time\" content=\"2025-09-01T13:02:04+00:00\" \/>\n<meta property=\"og:image\" content=\"https:\/\/www.caudete.org\/ayuntamiento\/wp-content\/uploads\/2025\/09\/Vuelta-al-cole.png\" \/>\n\t<meta property=\"og:image:width\" content=\"512\" \/>\n\t<meta property=\"og:image:height\" content=\"268\" \/>\n\t<meta property=\"og:image:type\" content=\"image\/png\" \/>\n<meta name=\"author\" content=\"Dpto Informatica MI Ayuntamiento de Caudete\" \/>\n<meta name=\"twitter:card\" content=\"summary_large_image\" \/>\n<meta name=\"twitter:label1\" content=\"Escrito por\" \/>\n\t<meta name=\"twitter:data1\" content=\"Dpto Informatica MI Ayuntamiento de Caudete\" \/>\n\t<meta name=\"twitter:label2\" content=\"Tiempo de lectura\" \/>\n\t<meta name=\"twitter:data2\" content=\"2 minutos\" \/>\n<script type=\"application\/ld+json\" class=\"yoast-schema-graph\">{\"@context\":\"https:\\\/\\\/schema.org\",\"@graph\":[{\"@type\":\"Article\",\"@id\":\"https:\\\/\\\/www.caudete.org\\\/ayuntamiento\\\/las-clases-empezaran-el-11-de-septiembre-educacion-respalda-la-propuesta-municipal\\\/#article\",\"isPartOf\":{\"@id\":\"https:\\\/\\\/www.caudete.org\\\/ayuntamiento\\\/las-clases-empezaran-el-11-de-septiembre-educacion-respalda-la-propuesta-municipal\\\/\"},\"author\":{\"name\":\"Dpto Informatica MI Ayuntamiento de Caudete\",\"@id\":\"https:\\\/\\\/www.caudete.org\\\/ayuntamiento\\\/#\\\/schema\\\/person\\\/4b9eab41761957db9b1bf9c418d1ef46\"},\"headline\":\"Las clases empezar\u00e1n el 11 de septiembre, Educaci\u00f3n respalda la propuesta municipal\",\"datePublished\":\"2025-09-01T13:02:04+00:00\",\"mainEntityOfPage\":{\"@id\":\"https:\\\/\\\/www.caudete.org\\\/ayuntamiento\\\/las-clases-empezaran-el-11-de-septiembre-educacion-respalda-la-propuesta-municipal\\\/\"},\"wordCount\":282,\"publisher\":{\"@id\":\"https:\\\/\\\/www.caudete.org\\\/ayuntamiento\\\/#organization\"},\"image\":{\"@id\":\"https:\\\/\\\/www.caudete.org\\\/ayuntamiento\\\/las-clases-empezaran-el-11-de-septiembre-educacion-respalda-la-propuesta-municipal\\\/#primaryimage\"},\"thumbnailUrl\":\"https:\\\/\\\/www.caudete.org\\\/ayuntamiento\\\/wp-content\\\/uploads\\\/2025\\\/09\\\/Vuelta-al-cole.png\",\"articleSection\":[\"Educaci\u00f3n\"],\"inLanguage\":\"es\"},{\"@type\":\"WebPage\",\"@id\":\"https:\\\/\\\/www.caudete.org\\\/ayuntamiento\\\/las-clases-empezaran-el-11-de-septiembre-educacion-respalda-la-propuesta-municipal\\\/\",\"url\":\"https:\\\/\\\/www.caudete.org\\\/ayuntamiento\\\/las-clases-empezaran-el-11-de-septiembre-educacion-respalda-la-propuesta-municipal\\\/\",\"name\":\"Las clases empezar\u00e1n el 11 de septiembre, Educaci\u00f3n respalda la propuesta municipal - MI Ayuntamiento de Caudete\",\"isPartOf\":{\"@id\":\"https:\\\/\\\/www.caudete.org\\\/ayuntamiento\\\/#website\"},\"primaryImageOfPage\":{\"@id\":\"https:\\\/\\\/www.caudete.org\\\/ayuntamiento\\\/las-clases-empezaran-el-11-de-septiembre-educacion-respalda-la-propuesta-municipal\\\/#primaryimage\"},\"image\":{\"@id\":\"https:\\\/\\\/www.caudete.org\\\/ayuntamiento\\\/las-clases-empezaran-el-11-de-septiembre-educacion-respalda-la-propuesta-municipal\\\/#primaryimage\"},\"thumbnailUrl\":\"https:\\\/\\\/www.caudete.org\\\/ayuntamiento\\\/wp-content\\\/uploads\\\/2025\\\/09\\\/Vuelta-al-cole.png\",\"datePublished\":\"2025-09-01T13:02:04+00:00\",\"description\":\"P\u00e1gina Oficial del Ayuntamiento de Caudete (Albacete)\",\"breadcrumb\":{\"@id\":\"https:\\\/\\\/www.caudete.org\\\/ayuntamiento\\\/las-clases-empezaran-el-11-de-septiembre-educacion-respalda-la-propuesta-municipal\\\/#breadcrumb\"},\"inLanguage\":\"es\",\"potentialAction\":[{\"@type\":\"ReadAction\",\"target\":[\"https:\\\/\\\/www.caudete.org\\\/ayuntamiento\\\/las-clases-empezaran-el-11-de-septiembre-educacion-respalda-la-propuesta-municipal\\\/\"]}]},{\"@type\":\"ImageObject\",\"inLanguage\":\"es\",\"@id\":\"https:\\\/\\\/www.caudete.org\\\/ayuntamiento\\\/las-clases-empezaran-el-11-de-septiembre-educacion-respalda-la-propuesta-municipal\\\/#primaryimage\",\"url\":\"https:\\\/\\\/www.caudete.org\\\/ayuntamiento\\\/wp-content\\\/uploads\\\/2025\\\/09\\\/Vuelta-al-cole.png\",\"contentUrl\":\"https:\\\/\\\/www.caudete.org\\\/ayuntamiento\\\/wp-content\\\/uploads\\\/2025\\\/09\\\/Vuelta-al-cole.png\",\"width\":512,\"height\":268},{\"@type\":\"BreadcrumbList\",\"@id\":\"https:\\\/\\\/www.caudete.org\\\/ayuntamiento\\\/las-clases-empezaran-el-11-de-septiembre-educacion-respalda-la-propuesta-municipal\\\/#breadcrumb\",\"itemListElement\":[{\"@type\":\"ListItem\",\"position\":1,\"name\":\"Inicio\",\"item\":\"https:\\\/\\\/www.caudete.org\\\/ayuntamiento\\\/\"},{\"@type\":\"ListItem\",\"position\":2,\"name\":\"Las clases empezar\u00e1n el 11 de septiembre, Educaci\u00f3n respalda la propuesta municipal\"}]},{\"@type\":\"WebSite\",\"@id\":\"https:\\\/\\\/www.caudete.org\\\/ayuntamiento\\\/#website\",\"url\":\"https:\\\/\\\/www.caudete.org\\\/ayuntamiento\\\/\",\"name\":\"MI Ayuntamiento de Caudete\",\"description\":\"P\u00e1gina Oficial del MI Ayuntamiento de Caudete\",\"publisher\":{\"@id\":\"https:\\\/\\\/www.caudete.org\\\/ayuntamiento\\\/#organization\"},\"potentialAction\":[{\"@type\":\"SearchAction\",\"target\":{\"@type\":\"EntryPoint\",\"urlTemplate\":\"https:\\\/\\\/www.caudete.org\\\/ayuntamiento\\\/?s={search_term_string}\"},\"query-input\":{\"@type\":\"PropertyValueSpecification\",\"valueRequired\":true,\"valueName\":\"search_term_string\"}}],\"inLanguage\":\"es\"},{\"@type\":\"Organization\",\"@id\":\"https:\\\/\\\/www.caudete.org\\\/ayuntamiento\\\/#organization\",\"name\":\"Ayuntamiento de Caudete\",\"url\":\"https:\\\/\\\/www.caudete.org\\\/ayuntamiento\\\/\",\"logo\":{\"@type\":\"ImageObject\",\"inLanguage\":\"es\",\"@id\":\"https:\\\/\\\/www.caudete.org\\\/ayuntamiento\\\/#\\\/schema\\\/logo\\\/image\\\/\",\"url\":\"https:\\\/\\\/www.caudete.org\\\/ayuntamiento\\\/wp-content\\\/uploads\\\/2020\\\/11\\\/logo_ayuntamiento_caudete.jpg\",\"contentUrl\":\"https:\\\/\\\/www.caudete.org\\\/ayuntamiento\\\/wp-content\\\/uploads\\\/2020\\\/11\\\/logo_ayuntamiento_caudete.jpg\",\"width\":600,\"height\":150,\"caption\":\"Ayuntamiento de Caudete\"},\"image\":{\"@id\":\"https:\\\/\\\/www.caudete.org\\\/ayuntamiento\\\/#\\\/schema\\\/logo\\\/image\\\/\"},\"sameAs\":[\"https:\\\/\\\/www.facebook.com\\\/ayuntamientocaudete\\\/\",\"https:\\\/\\\/www.youtube.com\\\/channel\\\/UC6VztHaooNsGpw-tNoBEFnQ\"]},{\"@type\":\"Person\",\"@id\":\"https:\\\/\\\/www.caudete.org\\\/ayuntamiento\\\/#\\\/schema\\\/person\\\/4b9eab41761957db9b1bf9c418d1ef46\",\"name\":\"Dpto Informatica MI Ayuntamiento de Caudete\",\"image\":{\"@type\":\"ImageObject\",\"inLanguage\":\"es\",\"@id\":\"https:\\\/\\\/secure.gravatar.com\\\/avatar\\\/ac0321ee4a0a83e82a253e7b2d348ef539e2c8fe16d06b600bde04de1b364fa7?s=96&d=mm&r=g\",\"url\":\"https:\\\/\\\/secure.gravatar.com\\\/avatar\\\/ac0321ee4a0a83e82a253e7b2d348ef539e2c8fe16d06b600bde04de1b364fa7?s=96&d=mm&r=g\",\"contentUrl\":\"https:\\\/\\\/secure.gravatar.com\\\/avatar\\\/ac0321ee4a0a83e82a253e7b2d348ef539e2c8fe16d06b600bde04de1b364fa7?s=96&d=mm&r=g\",\"caption\":\"Dpto Informatica MI Ayuntamiento de Caudete\"},\"url\":\"https:\\\/\\\/www.caudete.org\\\/ayuntamiento\\\/author\\\/informatica\\\/\"}]}<\/script>\n<!-- \/ Yoast SEO plugin. -->","yoast_head_json":{"title":"Las clases empezar\u00e1n el 11 de septiembre, Educaci\u00f3n respalda la propuesta municipal - MI Ayuntamiento de Caudete","description":"P\u00e1gina Oficial del Ayuntamiento de Caudete (Albacete)","robots":{"index":"index","follow":"follow","max-snippet":"max-snippet:-1","max-image-preview":"max-image-preview:large","max-video-preview":"max-video-preview:-1"},"canonical":"https:\/\/www.caudete.org\/ayuntamiento\/las-clases-empezaran-el-11-de-septiembre-educacion-respalda-la-propuesta-municipal\/","og_locale":"es_ES","og_type":"article","og_title":"Las clases empezar\u00e1n el 11 de septiembre, Educaci\u00f3n respalda la propuesta municipal - MI Ayuntamiento de Caudete","og_description":"P\u00e1gina Oficial del Ayuntamiento de Caudete (Albacete)","og_url":"https:\/\/www.caudete.org\/ayuntamiento\/las-clases-empezaran-el-11-de-septiembre-educacion-respalda-la-propuesta-municipal\/","og_site_name":"MI Ayuntamiento de Caudete","article_publisher":"https:\/\/www.facebook.com\/ayuntamientocaudete\/","article_published_time":"2025-09-01T13:02:04+00:00","og_image":[{"width":512,"height":268,"url":"https:\/\/www.caudete.org\/ayuntamiento\/wp-content\/uploads\/2025\/09\/Vuelta-al-cole.png","type":"image\/png"}],"author":"Dpto Informatica MI Ayuntamiento de Caudete","twitter_card":"summary_large_image","twitter_misc":{"Escrito por":"Dpto Informatica MI Ayuntamiento de Caudete","Tiempo de lectura":"2 minutos"},"schema":{"@context":"https:\/\/schema.org","@graph":[{"@type":"Article","@id":"https:\/\/www.caudete.org\/ayuntamiento\/las-clases-empezaran-el-11-de-septiembre-educacion-respalda-la-propuesta-municipal\/#article","isPartOf":{"@id":"https:\/\/www.caudete.org\/ayuntamiento\/las-clases-empezaran-el-11-de-septiembre-educacion-respalda-la-propuesta-municipal\/"},"author":{"name":"Dpto Informatica MI Ayuntamiento de Caudete","@id":"https:\/\/www.caudete.org\/ayuntamiento\/#\/schema\/person\/4b9eab41761957db9b1bf9c418d1ef46"},"headline":"Las clases empezar\u00e1n el 11 de septiembre, Educaci\u00f3n respalda la propuesta municipal","datePublished":"2025-09-01T13:02:04+00:00","mainEntityOfPage":{"@id":"https:\/\/www.caudete.org\/ayuntamiento\/las-clases-empezaran-el-11-de-septiembre-educacion-respalda-la-propuesta-municipal\/"},"wordCount":282,"publisher":{"@id":"https:\/\/www.caudete.org\/ayuntamiento\/#organization"},"image":{"@id":"https:\/\/www.caudete.org\/ayuntamiento\/las-clases-empezaran-el-11-de-septiembre-educacion-respalda-la-propuesta-municipal\/#primaryimage"},"thumbnailUrl":"https:\/\/www.caudete.org\/ayuntamiento\/wp-content\/uploads\/2025\/09\/Vuelta-al-cole.png","articleSection":["Educaci\u00f3n"],"inLanguage":"es"},{"@type":"WebPage","@id":"https:\/\/www.caudete.org\/ayuntamiento\/las-clases-empezaran-el-11-de-septiembre-educacion-respalda-la-propuesta-municipal\/","url":"https:\/\/www.caudete.org\/ayuntamiento\/las-clases-empezaran-el-11-de-septiembre-educacion-respalda-la-propuesta-municipal\/","name":"Las clases empezar\u00e1n el 11 de septiembre, Educaci\u00f3n respalda la propuesta municipal - MI Ayuntamiento de Caudete","isPartOf":{"@id":"https:\/\/www.caudete.org\/ayuntamiento\/#website"},"primaryImageOfPage":{"@id":"https:\/\/www.caudete.org\/ayuntamiento\/las-clases-empezaran-el-11-de-septiembre-educacion-respalda-la-propuesta-municipal\/#primaryimage"},"image":{"@id":"https:\/\/www.caudete.org\/ayuntamiento\/las-clases-empezaran-el-11-de-septiembre-educacion-respalda-la-propuesta-municipal\/#primaryimage"},"thumbnailUrl":"https:\/\/www.caudete.org\/ayuntamiento\/wp-content\/uploads\/2025\/09\/Vuelta-al-cole.png","datePublished":"2025-09-01T13:02:04+00:00","description":"P\u00e1gina Oficial del Ayuntamiento de Caudete (Albacete)","breadcrumb":{"@id":"https:\/\/www.caudete.org\/ayuntamiento\/las-clases-empezaran-el-11-de-septiembre-educacion-respalda-la-propuesta-municipal\/#breadcrumb"},"inLanguage":"es","potentialAction":[{"@type":"ReadAction","target":["https:\/\/www.caudete.org\/ayuntamiento\/las-clases-empezaran-el-11-de-septiembre-educacion-respalda-la-propuesta-municipal\/"]}]},{"@type":"ImageObject","inLanguage":"es","@id":"https:\/\/www.caudete.org\/ayuntamiento\/las-clases-empezaran-el-11-de-septiembre-educacion-respalda-la-propuesta-municipal\/#primaryimage","url":"https:\/\/www.caudete.org\/ayuntamiento\/wp-content\/uploads\/2025\/09\/Vuelta-al-cole.png","contentUrl":"https:\/\/www.caudete.org\/ayuntamiento\/wp-content\/uploads\/2025\/09\/Vuelta-al-cole.png","width":512,"height":268},{"@type":"BreadcrumbList","@id":"https:\/\/www.caudete.org\/ayuntamiento\/las-clases-empezaran-el-11-de-septiembre-educacion-respalda-la-propuesta-municipal\/#breadcrumb","itemListElement":[{"@type":"ListItem","position":1,"name":"Inicio","item":"https:\/\/www.caudete.org\/ayuntamiento\/"},{"@type":"ListItem","position":2,"name":"Las clases empezar\u00e1n el 11 de septiembre, Educaci\u00f3n respalda la propuesta municipal"}]},{"@type":"WebSite","@id":"https:\/\/www.caudete.org\/ayuntamiento\/#website","url":"https:\/\/www.caudete.org\/ayuntamiento\/","name":"MI Ayuntamiento de Caudete","description":"P\u00e1gina Oficial del MI Ayuntamiento de Caudete","publisher":{"@id":"https:\/\/www.caudete.org\/ayuntamiento\/#organization"},"potentialAction":[{"@type":"SearchAction","target":{"@type":"EntryPoint","urlTemplate":"https:\/\/www.caudete.org\/ayuntamiento\/?s={search_term_string}"},"query-input":{"@type":"PropertyValueSpecification","valueRequired":true,"valueName":"search_term_string"}}],"inLanguage":"es"},{"@type":"Organization","@id":"https:\/\/www.caudete.org\/ayuntamiento\/#organization","name":"Ayuntamiento de Caudete","url":"https:\/\/www.caudete.org\/ayuntamiento\/","logo":{"@type":"ImageObject","inLanguage":"es","@id":"https:\/\/www.caudete.org\/ayuntamiento\/#\/schema\/logo\/image\/","url":"https:\/\/www.caudete.org\/ayuntamiento\/wp-content\/uploads\/2020\/11\/logo_ayuntamiento_caudete.jpg","contentUrl":"https:\/\/www.caudete.org\/ayuntamiento\/wp-content\/uploads\/2020\/11\/logo_ayuntamiento_caudete.jpg","width":600,"height":150,"caption":"Ayuntamiento de Caudete"},"image":{"@id":"https:\/\/www.caudete.org\/ayuntamiento\/#\/schema\/logo\/image\/"},"sameAs":["https:\/\/www.facebook.com\/ayuntamientocaudete\/","https:\/\/www.youtube.com\/channel\/UC6VztHaooNsGpw-tNoBEFnQ"]},{"@type":"Person","@id":"https:\/\/www.caudete.org\/ayuntamiento\/#\/schema\/person\/4b9eab41761957db9b1bf9c418d1ef46","name":"Dpto Informatica MI Ayuntamiento de Caudete","image":{"@type":"ImageObject","inLanguage":"es","@id":"https:\/\/secure.gravatar.com\/avatar\/ac0321ee4a0a83e82a253e7b2d348ef539e2c8fe16d06b600bde04de1b364fa7?s=96&d=mm&r=g","url":"https:\/\/secure.gravatar.com\/avatar\/ac0321ee4a0a83e82a253e7b2d348ef539e2c8fe16d06b600bde04de1b364fa7?s=96&d=mm&r=g","contentUrl":"https:\/\/secure.gravatar.com\/avatar\/ac0321ee4a0a83e82a253e7b2d348ef539e2c8fe16d06b600bde04de1b364fa7?s=96&d=mm&r=g","caption":"Dpto Informatica MI Ayuntamiento de Caudete"},"url":"https:\/\/www.caudete.org\/ayuntamiento\/author\/informatica\/"}]}},"_links":{"self":[{"href":"https:\/\/www.caudete.org\/ayuntamiento\/wp-json\/wp\/v2\/posts\/30543","targetHints":{"allow":["GET"]}}],"collection":[{"href":"https:\/\/www.caudete.org\/ayuntamiento\/wp-json\/wp\/v2\/posts"}],"about":[{"href":"https:\/\/www.caudete.org\/ayuntamiento\/wp-json\/wp\/v2\/types\/post"}],"author":[{"embeddable":true,"href":"https:\/\/www.caudete.org\/ayuntamiento\/wp-json\/wp\/v2\/users\/5"}],"replies":[{"embeddable":true,"href":"https:\/\/www.caudete.org\/ayuntamiento\/wp-json\/wp\/v2\/comments?post=30543"}],"version-history":[{"count":5,"href":"https:\/\/www.caudete.org\/ayuntamiento\/wp-json\/wp\/v2\/posts\/30543\/revisions"}],"predecessor-version":[{"id":30549,"href":"https:\/\/www.caudete.org\/ayuntamiento\/wp-json\/wp\/v2\/posts\/30543\/revisions\/30549"}],"wp:featuredmedia":[{"embeddable":true,"href":"https:\/\/www.caudete.org\/ayuntamiento\/wp-json\/wp\/v2\/media\/30547"}],"wp:attachment":[{"href":"https:\/\/www.caudete.org\/ayuntamiento\/wp-json\/wp\/v2\/media?parent=30543"}],"wp:term":[{"taxonomy":"category","embeddable":true,"href":"https:\/\/www.caudete.org\/ayuntamiento\/wp-json\/wp\/v2\/categories?post=30543"},{"taxonomy":"post_tag","embeddable":true,"href":"https:\/\/www.caudete.org\/ayuntamiento\/wp-json\/wp\/v2\/tags?post=30543"}],"curies":[{"name":"wp","href":"https:\/\/api.w.org\/{rel}","templated":true}]}}