{"id":30563,"date":"2025-09-02T15:10:15","date_gmt":"2025-09-02T13:10:15","guid":{"rendered":"https:\/\/www.caudete.org\/ayuntamiento\/?p=30563"},"modified":"2025-09-02T15:17:52","modified_gmt":"2025-09-02T13:17:52","slug":"mallado-en-casa-de-cultura","status":"publish","type":"post","link":"https:\/\/www.caudete.org\/ayuntamiento\/mallado-en-casa-de-cultura\/","title":{"rendered":"Instalaci\u00f3n de mallado de seguridad en balcones de Casa de Cultura"},"content":{"rendered":"<p>En la jornada de ayer el Ayuntamiento llevaba a cabo, por medio de empresa externa, la colocaci\u00f3n de un mallado de seguridad sobre balcones y cornisas que presentaban riesgo de desprendimiento.<\/p>\n<p>Ello se realiza tras la \ud835\uddfd\ud835\uddf2\ud835\ude01\ud835\uddf6\ud835\uddf0\ud835\uddf6\ud835\uddfc\u0301\ud835\uddfb \ud835\uddf1\ud835\uddf2 \ud835\udddc\ud835\uddfb\ud835\uddf3\ud835\uddfc\ud835\uddff\ud835\uddfa\ud835\uddf2 \ud835\udde7\ud835\uddf2\u0301\ud835\uddf0\ud835\uddfb\ud835\uddf6\ud835\uddf0\ud835\uddfc \ud835\uddfd\ud835\uddfc\ud835\uddff \ud835\uddf2\ud835\uddf9 \ud835\uddd6\ud835\uddfc\ud835\uddfb\ud835\uddf0\ud835\uddf2\ud835\uddf7\ud835\uddee\ud835\uddf9 de \u00e1rea Mois\u00e9s L\u00f3pez, por la rescisi\u00f3n del contrato de obras de rehabilitaci\u00f3n, \ud835\uddfd\ud835\uddee\ud835\uddff\ud835\uddee \ud835\uddf4\ud835\uddee\ud835\uddff\ud835\uddee\ud835\uddfb\ud835\ude01\ud835\uddf6\ud835\ude07\ud835\uddee\ud835\uddff \ud835\uddf9\ud835\uddee \ud835\ude00\ud835\uddf2\ud835\uddf4\ud835\ude02\ud835\uddff\ud835\uddf6\ud835\uddf1\ud835\uddee\ud835\uddf1 \ud835\uddf1\ud835\uddf2 \ud835\ude03\ud835\uddf6\ud835\uddee\ud835\uddfb\ud835\uddf1\ud835\uddee\ud835\uddfb\ud835\ude01\ud835\uddf2\ud835\ude00 \ud835\ude06 \ud835\ude02\ud835\ude00\ud835\ude02\ud835\uddee\ud835\uddff\ud835\uddf6\ud835\uddfc\ud835\ude00, toda vez que adem\u00e1s del deber de conservaci\u00f3n que hemos de dar, transcurren gran parte de los principales actos de las fiestas, con multitud de ciudadanos, y con la presencia de p\u00f3lvora.<\/p>\n<p>\ud835\uddd8\ud835\uddf9 \ud835\udddc\ud835\uddfb\ud835\uddf3\ud835\uddfc\ud835\uddff\ud835\uddfa\ud835\uddf2 del Arquitecto en cuesti\u00f3n \ud835\uddfd\ud835\uddff\ud835\uddfc\ud835\uddfd\ud835\uddfc\ud835\uddfb\ud835\uddf6\u0301\ud835\uddee a la mayor celeridad la \ud835\uddee\ud835\uddf1\ud835\uddfc\ud835\uddfd\ud835\uddf0\ud835\uddf6\ud835\uddfc\u0301\ud835\uddfb \ud835\uddf1\ud835\uddf2 \ud835\uddf9\ud835\uddee\ud835\ude00 \ud835\uddfa\ud835\uddf2\ud835\uddf1\ud835\uddf6\ud835\uddf1\ud835\uddee\ud835\ude00 \ud835\ude00\ud835\ude02\ud835\uddf3\ud835\uddf6\ud835\uddf0\ud835\uddf6\ud835\uddf2\ud835\uddfb\ud835\ude01\ud835\uddf2\ud835\ude00, como lo eran el \ud835\uddfa\ud835\uddee\ud835\uddf9\ud835\uddf9\ud835\uddee\ud835\uddf1\ud835\uddfc \ud835\ude02\ud835\uddff\ud835\uddf4\ud835\uddf2\ud835\uddfb\ud835\ude01\ud835\uddf2 \ud835\uddf1\ud835\uddf2 \ud835\uddf9\ud835\uddfc\ud835\ude00 \ud835\uddf2\ud835\uddf9\ud835\uddf2\ud835\uddfa\ud835\uddf2\ud835\uddfb\ud835\ude01\ud835\uddfc\ud835\ude00 \ud835\uddf0\ud835\uddfc\ud835\uddfb \ud835\uddff\ud835\uddf6\ud835\uddf2\ud835\ude00\ud835\uddf4\ud835\uddfc \ud835\uddf1\ud835\uddf2 \ud835\uddf1\ud835\uddf2\ud835\ude00\ud835\uddfd\ud835\uddff\ud835\uddf2\ud835\uddfb\ud835\uddf1\ud835\uddf6\ud835\uddfa\ud835\uddf6\ud835\uddf2\ud835\uddfb\ud835\ude01\ud835\uddfc, as\u00ed como la \ud835\uddff\ud835\uddf2\ud835\uddf1\ud835\uddee\ud835\uddf0\ud835\uddf0\ud835\uddf6\ud835\uddfc\u0301\ud835\uddfb \ud835\uddf1\ud835\uddf2 \ud835\ude02\ud835\uddfb \ud835\uddfb\ud835\ude02\ud835\uddf2\ud835\ude03\ud835\uddfc \ud835\uddfd\ud835\uddff\ud835\uddfc\ud835\ude06\ud835\uddf2\ud835\uddf0\ud835\ude01\ud835\uddfc \ud835\uddf1\ud835\uddf2 \ud835\uddfc\ud835\uddef\ud835\uddff\ud835\uddee de rehabilitaci\u00f3n de la fachada y su posterior ejecuci\u00f3n.<\/p>\n<p>Cabe destacar que \ud835\uddf9\ud835\uddee \ud835\uddff\ud835\uddf2\ud835\ude00\ud835\uddf0\ud835\uddf6\ud835\ude00\ud835\uddf6\ud835\uddfc\u0301\ud835\uddfb \ud835\uddf1\ud835\uddf2\ud835\uddf9 \ud835\uddf0\ud835\uddfc\ud835\uddfb\ud835\ude01\ud835\uddff\ud835\uddee\ud835\ude01\ud835\uddfc \ud835\uddf1\ud835\uddf2 \ud835\uddfc\ud835\uddef\ud835\uddff\ud835\uddee\ud835\ude00 \ud835\uddfd\ud835\uddee\ud835\uddff\ud835\uddee \ud835\uddf9\ud835\uddee \ud835\uddff\ud835\uddf2\ud835\uddf5\ud835\uddee\ud835\uddef\ud835\uddf6\ud835\uddf9\ud835\uddf6\ud835\ude01\ud835\uddee\ud835\uddf0\ud835\uddf6\ud835\uddfc\u0301\ud835\uddfb de dicha fachada \ud835\ude00\ud835\uddf2 \ud835\uddff\ud835\uddf2\ud835\uddee\ud835\uddf9\ud835\uddf6\ud835\ude07\ud835\uddfc\u0301 \ud835\uddee \ud835\uddfd\ud835\uddff\ud835\uddf6\ud835\uddfb\ud835\uddf0\ud835\uddf6\ud835\uddfd\ud835\uddf6\ud835\uddfc\ud835\ude00 \ud835\uddf1\ud835\uddf2 \ud835\uddee\ud835\uddf4\ud835\uddfc\ud835\ude00\ud835\ude01\ud835\uddfc, al existir, entre otras, consideraciones t\u00e9cnicas y jur\u00eddicas que hac\u00edan m\u00e1s aconsejable impulsar un nuevo proyecto con las patolog\u00edas y actuaciones surgidas posteriormente a la adjudicaci\u00f3n de aquel.<\/p>\n<p>De hecho, \ud835\uddf9\ud835\uddee \ud835\uddee\ud835\uddf0\ud835\ude01\ud835\ude02\ud835\uddee\ud835\uddf0\ud835\uddf6\ud835\uddfc\u0301\ud835\uddfb llevada a cabo \ud835\uddf5\ud835\uddee \ud835\uddf1\ud835\uddee\ud835\uddf1\ud835\uddfc \ud835\uddf0\ud835\uddfc\ud835\uddfa\ud835\uddfc \ud835\uddff\ud835\uddf2\ud835\ude00\ud835\ude02\ud835\uddf9\ud835\ude01\ud835\uddee\ud835\uddf1\ud835\uddfc una \ud835\uddfa\ud835\uddee\ud835\ude06\ud835\uddfc\ud835\uddff \ud835\uddf4\ud835\uddee\ud835\uddff\ud835\uddee\ud835\uddfb\ud835\ude01\ud835\uddf6\u0301\ud835\uddee \ud835\uddf2\ud835\uddfb \ud835\uddfa\ud835\uddee\ud835\ude01\ud835\uddf2\ud835\uddff\ud835\uddf6\ud835\uddee \ud835\uddf1\ud835\uddf2 \ud835\ude00\ud835\uddf2\ud835\uddf4\ud835\ude02\ud835\uddff\ud835\uddf6\ud835\uddf1\ud835\uddee\ud835\uddf1, y haber eliminado tramos con riesgo inminente de ca\u00edda.<\/p>\n<p>Mois\u00e9s L\u00f3pez Mart\u00ednez<br \/>\nConcejal de Obras, Urbanismo, Movilidad, Accesibilidad y Cementerio<\/p>\n<p><a href=\"https:\/\/www.caudete.org\/ayuntamiento\/wp-content\/uploads\/2025\/09\/WhatsApp-Image-2025-09-01-at-12.10.31.jpg\" rel='prettyPhoto'><img fetchpriority=\"high\" decoding=\"async\" class=\"alignnone size-full wp-image-30565\" src=\"https:\/\/www.caudete.org\/ayuntamiento\/wp-content\/uploads\/2025\/09\/WhatsApp-Image-2025-09-01-at-12.10.31.jpg\" alt=\"\" width=\"1000\" height=\"1328\" srcset=\"https:\/\/www.caudete.org\/ayuntamiento\/wp-content\/uploads\/2025\/09\/WhatsApp-Image-2025-09-01-at-12.10.31.jpg 1000w, https:\/\/www.caudete.org\/ayuntamiento\/wp-content\/uploads\/2025\/09\/WhatsApp-Image-2025-09-01-at-12.10.31-602x800.jpg 602w, https:\/\/www.caudete.org\/ayuntamiento\/wp-content\/uploads\/2025\/09\/WhatsApp-Image-2025-09-01-at-12.10.31-678x900.jpg 678w, https:\/\/www.caudete.org\/ayuntamiento\/wp-content\/uploads\/2025\/09\/WhatsApp-Image-2025-09-01-at-12.10.31-166x220.jpg 166w, https:\/\/www.caudete.org\/ayuntamiento\/wp-content\/uploads\/2025\/09\/WhatsApp-Image-2025-09-01-at-12.10.31-768x1020.jpg 768w\" sizes=\"(max-width: 1000px) 100vw, 1000px\" \/><\/a> <a href=\"https:\/\/www.caudete.org\/ayuntamiento\/wp-content\/uploads\/2025\/09\/WhatsApp-Image-2025-09-01-at-12.40.12.jpg\" rel='prettyPhoto'><img decoding=\"async\" class=\"alignnone size-full wp-image-30566\" src=\"https:\/\/www.caudete.org\/ayuntamiento\/wp-content\/uploads\/2025\/09\/WhatsApp-Image-2025-09-01-at-12.40.12.jpg\" alt=\"\" width=\"1000\" height=\"563\" srcset=\"https:\/\/www.caudete.org\/ayuntamiento\/wp-content\/uploads\/2025\/09\/WhatsApp-Image-2025-09-01-at-12.40.12.jpg 1000w, https:\/\/www.caudete.org\/ayuntamiento\/wp-content\/uploads\/2025\/09\/WhatsApp-Image-2025-09-01-at-12.40.12-960x540.jpg 960w, https:\/\/www.caudete.org\/ayuntamiento\/wp-content\/uploads\/2025\/09\/WhatsApp-Image-2025-09-01-at-12.40.12-350x197.jpg 350w, https:\/\/www.caudete.org\/ayuntamiento\/wp-content\/uploads\/2025\/09\/WhatsApp-Image-2025-09-01-at-12.40.12-768x432.jpg 768w\" sizes=\"(max-width: 1000px) 100vw, 1000px\" \/><\/a> <a href=\"https:\/\/www.caudete.org\/ayuntamiento\/wp-content\/uploads\/2025\/09\/WhatsApp-Image-2025-09-02-at-14.13.26.jpg\" rel='prettyPhoto'><img decoding=\"async\" class=\"alignnone size-full wp-image-30567\" src=\"https:\/\/www.caudete.org\/ayuntamiento\/wp-content\/uploads\/2025\/09\/WhatsApp-Image-2025-09-02-at-14.13.26.jpg\" alt=\"\" width=\"659\" height=\"1500\" srcset=\"https:\/\/www.caudete.org\/ayuntamiento\/wp-content\/uploads\/2025\/09\/WhatsApp-Image-2025-09-02-at-14.13.26.jpg 659w, https:\/\/www.caudete.org\/ayuntamiento\/wp-content\/uploads\/2025\/09\/WhatsApp-Image-2025-09-02-at-14.13.26-351x800.jpg 351w, https:\/\/www.caudete.org\/ayuntamiento\/wp-content\/uploads\/2025\/09\/WhatsApp-Image-2025-09-02-at-14.13.26-395x900.jpg 395w, https:\/\/www.caudete.org\/ayuntamiento\/wp-content\/uploads\/2025\/09\/WhatsApp-Image-2025-09-02-at-14.13.26-97x220.jpg 97w\" sizes=\"(max-width: 659px) 100vw, 659px\" \/><\/a><\/p>\n","protected":false},"excerpt":{"rendered":"<p>En la jornada de ayer el Ayuntamiento llevaba a cabo, por medio de empresa externa, la colocaci\u00f3n de un mallado de seguridad sobre balcones y cornisas que presentaban riesgo de desprendimiento. Ello se realiza tras la \ud835\uddfd\ud835\uddf2\ud835\ude01\ud835\uddf6\ud835\uddf0\ud835\uddf6\ud835\uddfc\u0301\ud835\uddfb \ud835\uddf1\ud835\uddf2 \ud835\udddc\ud835\uddfb\ud835\uddf3\ud835\uddfc\ud835\uddff\ud835\uddfa\ud835\uddf2 \ud835\udde7\ud835\uddf2\u0301\ud835\uddf0\ud835\uddfb\ud835\uddf6\ud835\uddf0\ud835\uddfc \ud835\uddfd\ud835\uddfc\ud835\uddff \ud835\uddf2\ud835\uddf9 \ud835\uddd6\ud835\uddfc\ud835\uddfb\ud835\uddf0\ud835\uddf2\ud835\uddf7\ud835\uddee\ud835\uddf9 de \u00e1rea Mois\u00e9s L\u00f3pez, por la rescisi\u00f3n del contrato de obras de &hellip;<\/p>\n","protected":false},"author":5,"featured_media":30564,"comment_status":"closed","ping_status":"open","sticky":false,"template":"","format":"standard","meta":{"ngg_post_thumbnail":0,"footnotes":""},"categories":[675],"tags":[],"class_list":["post-30563","post","type-post","status-publish","format-standard","has-post-thumbnail","hentry","category-obras"],"yoast_head":"<!-- This site is optimized with the Yoast SEO plugin v27.5 - https:\/\/yoast.com\/product\/yoast-seo-wordpress\/ -->\n<title>Instalaci\u00f3n de mallado de seguridad en balcones de Casa de Cultura - MI Ayuntamiento de Caudete<\/title>\n<meta name=\"description\" content=\"P\u00e1gina Oficial del Ayuntamiento de Caudete (Albacete)\" \/>\n<meta name=\"robots\" content=\"index, follow, max-snippet:-1, max-image-preview:large, max-video-preview:-1\" \/>\n<link rel=\"canonical\" href=\"https:\/\/www.caudete.org\/ayuntamiento\/mallado-en-casa-de-cultura\/\" \/>\n<meta property=\"og:locale\" content=\"es_ES\" \/>\n<meta property=\"og:type\" content=\"article\" \/>\n<meta property=\"og:title\" content=\"Instalaci\u00f3n de mallado de seguridad en balcones de Casa de Cultura - MI Ayuntamiento de Caudete\" \/>\n<meta property=\"og:description\" content=\"P\u00e1gina Oficial del Ayuntamiento de Caudete (Albacete)\" \/>\n<meta property=\"og:url\" content=\"https:\/\/www.caudete.org\/ayuntamiento\/mallado-en-casa-de-cultura\/\" \/>\n<meta property=\"og:site_name\" content=\"MI Ayuntamiento de Caudete\" \/>\n<meta property=\"article:publisher\" content=\"https:\/\/www.facebook.com\/ayuntamientocaudete\/\" \/>\n<meta property=\"article:published_time\" content=\"2025-09-02T13:10:15+00:00\" \/>\n<meta property=\"article:modified_time\" content=\"2025-09-02T13:17:52+00:00\" \/>\n<meta property=\"og:image\" content=\"https:\/\/www.caudete.org\/ayuntamiento\/wp-content\/uploads\/2025\/09\/WhatsApp-Image-2025-09-01-at-12.09.30.jpg\" \/>\n\t<meta property=\"og:image:width\" content=\"1000\" \/>\n\t<meta property=\"og:image:height\" content=\"562\" \/>\n\t<meta property=\"og:image:type\" content=\"image\/jpeg\" \/>\n<meta name=\"author\" content=\"Dpto Informatica MI Ayuntamiento de Caudete\" \/>\n<meta name=\"twitter:card\" content=\"summary_large_image\" \/>\n<meta name=\"twitter:label1\" content=\"Escrito por\" \/>\n\t<meta name=\"twitter:data1\" content=\"Dpto Informatica MI Ayuntamiento de Caudete\" \/>\n\t<meta name=\"twitter:label2\" content=\"Tiempo de lectura\" \/>\n\t<meta name=\"twitter:data2\" content=\"2 minutos\" \/>\n<script type=\"application\/ld+json\" class=\"yoast-schema-graph\">{\"@context\":\"https:\\\/\\\/schema.org\",\"@graph\":[{\"@type\":\"Article\",\"@id\":\"https:\\\/\\\/www.caudete.org\\\/ayuntamiento\\\/mallado-en-casa-de-cultura\\\/#article\",\"isPartOf\":{\"@id\":\"https:\\\/\\\/www.caudete.org\\\/ayuntamiento\\\/mallado-en-casa-de-cultura\\\/\"},\"author\":{\"name\":\"Dpto Informatica MI Ayuntamiento de Caudete\",\"@id\":\"https:\\\/\\\/www.caudete.org\\\/ayuntamiento\\\/#\\\/schema\\\/person\\\/4b9eab41761957db9b1bf9c418d1ef46\"},\"headline\":\"Instalaci\u00f3n de mallado de seguridad en balcones de Casa de Cultura\",\"datePublished\":\"2025-09-02T13:10:15+00:00\",\"dateModified\":\"2025-09-02T13:17:52+00:00\",\"mainEntityOfPage\":{\"@id\":\"https:\\\/\\\/www.caudete.org\\\/ayuntamiento\\\/mallado-en-casa-de-cultura\\\/\"},\"wordCount\":199,\"image\":{\"@id\":\"https:\\\/\\\/www.caudete.org\\\/ayuntamiento\\\/mallado-en-casa-de-cultura\\\/#primaryimage\"},\"thumbnailUrl\":\"https:\\\/\\\/www.caudete.org\\\/ayuntamiento\\\/wp-content\\\/uploads\\\/2025\\\/09\\\/WhatsApp-Image-2025-09-01-at-12.09.30.jpg\",\"articleSection\":[\"Obras\"],\"inLanguage\":\"es\"},{\"@type\":\"WebPage\",\"@id\":\"https:\\\/\\\/www.caudete.org\\\/ayuntamiento\\\/mallado-en-casa-de-cultura\\\/\",\"url\":\"https:\\\/\\\/www.caudete.org\\\/ayuntamiento\\\/mallado-en-casa-de-cultura\\\/\",\"name\":\"Instalaci\u00f3n de mallado de seguridad en balcones de Casa de Cultura - MI Ayuntamiento de Caudete\",\"isPartOf\":{\"@id\":\"https:\\\/\\\/www.caudete.org\\\/ayuntamiento\\\/#website\"},\"primaryImageOfPage\":{\"@id\":\"https:\\\/\\\/www.caudete.org\\\/ayuntamiento\\\/mallado-en-casa-de-cultura\\\/#primaryimage\"},\"image\":{\"@id\":\"https:\\\/\\\/www.caudete.org\\\/ayuntamiento\\\/mallado-en-casa-de-cultura\\\/#primaryimage\"},\"thumbnailUrl\":\"https:\\\/\\\/www.caudete.org\\\/ayuntamiento\\\/wp-content\\\/uploads\\\/2025\\\/09\\\/WhatsApp-Image-2025-09-01-at-12.09.30.jpg\",\"datePublished\":\"2025-09-02T13:10:15+00:00\",\"dateModified\":\"2025-09-02T13:17:52+00:00\",\"author\":{\"@id\":\"https:\\\/\\\/www.caudete.org\\\/ayuntamiento\\\/#\\\/schema\\\/person\\\/4b9eab41761957db9b1bf9c418d1ef46\"},\"description\":\"P\u00e1gina Oficial del Ayuntamiento de Caudete (Albacete)\",\"breadcrumb\":{\"@id\":\"https:\\\/\\\/www.caudete.org\\\/ayuntamiento\\\/mallado-en-casa-de-cultura\\\/#breadcrumb\"},\"inLanguage\":\"es\",\"potentialAction\":[{\"@type\":\"ReadAction\",\"target\":[\"https:\\\/\\\/www.caudete.org\\\/ayuntamiento\\\/mallado-en-casa-de-cultura\\\/\"]}]},{\"@type\":\"ImageObject\",\"inLanguage\":\"es\",\"@id\":\"https:\\\/\\\/www.caudete.org\\\/ayuntamiento\\\/mallado-en-casa-de-cultura\\\/#primaryimage\",\"url\":\"https:\\\/\\\/www.caudete.org\\\/ayuntamiento\\\/wp-content\\\/uploads\\\/2025\\\/09\\\/WhatsApp-Image-2025-09-01-at-12.09.30.jpg\",\"contentUrl\":\"https:\\\/\\\/www.caudete.org\\\/ayuntamiento\\\/wp-content\\\/uploads\\\/2025\\\/09\\\/WhatsApp-Image-2025-09-01-at-12.09.30.jpg\",\"width\":1000,\"height\":562},{\"@type\":\"BreadcrumbList\",\"@id\":\"https:\\\/\\\/www.caudete.org\\\/ayuntamiento\\\/mallado-en-casa-de-cultura\\\/#breadcrumb\",\"itemListElement\":[{\"@type\":\"ListItem\",\"position\":1,\"name\":\"Inicio\",\"item\":\"https:\\\/\\\/www.caudete.org\\\/ayuntamiento\\\/\"},{\"@type\":\"ListItem\",\"position\":2,\"name\":\"Instalaci\u00f3n de mallado de seguridad en balcones de Casa de Cultura\"}]},{\"@type\":\"WebSite\",\"@id\":\"https:\\\/\\\/www.caudete.org\\\/ayuntamiento\\\/#website\",\"url\":\"https:\\\/\\\/www.caudete.org\\\/ayuntamiento\\\/\",\"name\":\"MI Ayuntamiento de Caudete\",\"description\":\"P\u00e1gina Oficial del MI Ayuntamiento de Caudete\",\"potentialAction\":[{\"@type\":\"SearchAction\",\"target\":{\"@type\":\"EntryPoint\",\"urlTemplate\":\"https:\\\/\\\/www.caudete.org\\\/ayuntamiento\\\/?s={search_term_string}\"},\"query-input\":{\"@type\":\"PropertyValueSpecification\",\"valueRequired\":true,\"valueName\":\"search_term_string\"}}],\"inLanguage\":\"es\"},{\"@type\":\"Person\",\"@id\":\"https:\\\/\\\/www.caudete.org\\\/ayuntamiento\\\/#\\\/schema\\\/person\\\/4b9eab41761957db9b1bf9c418d1ef46\",\"name\":\"Dpto Informatica MI Ayuntamiento de Caudete\",\"image\":{\"@type\":\"ImageObject\",\"inLanguage\":\"es\",\"@id\":\"https:\\\/\\\/secure.gravatar.com\\\/avatar\\\/ac0321ee4a0a83e82a253e7b2d348ef539e2c8fe16d06b600bde04de1b364fa7?s=96&d=mm&r=g\",\"url\":\"https:\\\/\\\/secure.gravatar.com\\\/avatar\\\/ac0321ee4a0a83e82a253e7b2d348ef539e2c8fe16d06b600bde04de1b364fa7?s=96&d=mm&r=g\",\"contentUrl\":\"https:\\\/\\\/secure.gravatar.com\\\/avatar\\\/ac0321ee4a0a83e82a253e7b2d348ef539e2c8fe16d06b600bde04de1b364fa7?s=96&d=mm&r=g\",\"caption\":\"Dpto Informatica MI Ayuntamiento de Caudete\"},\"url\":\"https:\\\/\\\/www.caudete.org\\\/ayuntamiento\\\/author\\\/informatica\\\/\"}]}<\/script>\n<!-- \/ Yoast SEO plugin. -->","yoast_head_json":{"title":"Instalaci\u00f3n de mallado de seguridad en balcones de Casa de Cultura - MI Ayuntamiento de Caudete","description":"P\u00e1gina Oficial del Ayuntamiento de Caudete (Albacete)","robots":{"index":"index","follow":"follow","max-snippet":"max-snippet:-1","max-image-preview":"max-image-preview:large","max-video-preview":"max-video-preview:-1"},"canonical":"https:\/\/www.caudete.org\/ayuntamiento\/mallado-en-casa-de-cultura\/","og_locale":"es_ES","og_type":"article","og_title":"Instalaci\u00f3n de mallado de seguridad en balcones de Casa de Cultura - MI Ayuntamiento de Caudete","og_description":"P\u00e1gina Oficial del Ayuntamiento de Caudete (Albacete)","og_url":"https:\/\/www.caudete.org\/ayuntamiento\/mallado-en-casa-de-cultura\/","og_site_name":"MI Ayuntamiento de Caudete","article_publisher":"https:\/\/www.facebook.com\/ayuntamientocaudete\/","article_published_time":"2025-09-02T13:10:15+00:00","article_modified_time":"2025-09-02T13:17:52+00:00","og_image":[{"width":1000,"height":562,"url":"https:\/\/www.caudete.org\/ayuntamiento\/wp-content\/uploads\/2025\/09\/WhatsApp-Image-2025-09-01-at-12.09.30.jpg","type":"image\/jpeg"}],"author":"Dpto Informatica MI Ayuntamiento de Caudete","twitter_card":"summary_large_image","twitter_misc":{"Escrito por":"Dpto Informatica MI Ayuntamiento de Caudete","Tiempo de lectura":"2 minutos"},"schema":{"@context":"https:\/\/schema.org","@graph":[{"@type":"Article","@id":"https:\/\/www.caudete.org\/ayuntamiento\/mallado-en-casa-de-cultura\/#article","isPartOf":{"@id":"https:\/\/www.caudete.org\/ayuntamiento\/mallado-en-casa-de-cultura\/"},"author":{"name":"Dpto Informatica MI Ayuntamiento de Caudete","@id":"https:\/\/www.caudete.org\/ayuntamiento\/#\/schema\/person\/4b9eab41761957db9b1bf9c418d1ef46"},"headline":"Instalaci\u00f3n de mallado de seguridad en balcones de Casa de Cultura","datePublished":"2025-09-02T13:10:15+00:00","dateModified":"2025-09-02T13:17:52+00:00","mainEntityOfPage":{"@id":"https:\/\/www.caudete.org\/ayuntamiento\/mallado-en-casa-de-cultura\/"},"wordCount":199,"image":{"@id":"https:\/\/www.caudete.org\/ayuntamiento\/mallado-en-casa-de-cultura\/#primaryimage"},"thumbnailUrl":"https:\/\/www.caudete.org\/ayuntamiento\/wp-content\/uploads\/2025\/09\/WhatsApp-Image-2025-09-01-at-12.09.30.jpg","articleSection":["Obras"],"inLanguage":"es"},{"@type":"WebPage","@id":"https:\/\/www.caudete.org\/ayuntamiento\/mallado-en-casa-de-cultura\/","url":"https:\/\/www.caudete.org\/ayuntamiento\/mallado-en-casa-de-cultura\/","name":"Instalaci\u00f3n de mallado de seguridad en balcones de Casa de Cultura - MI Ayuntamiento de Caudete","isPartOf":{"@id":"https:\/\/www.caudete.org\/ayuntamiento\/#website"},"primaryImageOfPage":{"@id":"https:\/\/www.caudete.org\/ayuntamiento\/mallado-en-casa-de-cultura\/#primaryimage"},"image":{"@id":"https:\/\/www.caudete.org\/ayuntamiento\/mallado-en-casa-de-cultura\/#primaryimage"},"thumbnailUrl":"https:\/\/www.caudete.org\/ayuntamiento\/wp-content\/uploads\/2025\/09\/WhatsApp-Image-2025-09-01-at-12.09.30.jpg","datePublished":"2025-09-02T13:10:15+00:00","dateModified":"2025-09-02T13:17:52+00:00","author":{"@id":"https:\/\/www.caudete.org\/ayuntamiento\/#\/schema\/person\/4b9eab41761957db9b1bf9c418d1ef46"},"description":"P\u00e1gina Oficial del Ayuntamiento de Caudete (Albacete)","breadcrumb":{"@id":"https:\/\/www.caudete.org\/ayuntamiento\/mallado-en-casa-de-cultura\/#breadcrumb"},"inLanguage":"es","potentialAction":[{"@type":"ReadAction","target":["https:\/\/www.caudete.org\/ayuntamiento\/mallado-en-casa-de-cultura\/"]}]},{"@type":"ImageObject","inLanguage":"es","@id":"https:\/\/www.caudete.org\/ayuntamiento\/mallado-en-casa-de-cultura\/#primaryimage","url":"https:\/\/www.caudete.org\/ayuntamiento\/wp-content\/uploads\/2025\/09\/WhatsApp-Image-2025-09-01-at-12.09.30.jpg","contentUrl":"https:\/\/www.caudete.org\/ayuntamiento\/wp-content\/uploads\/2025\/09\/WhatsApp-Image-2025-09-01-at-12.09.30.jpg","width":1000,"height":562},{"@type":"BreadcrumbList","@id":"https:\/\/www.caudete.org\/ayuntamiento\/mallado-en-casa-de-cultura\/#breadcrumb","itemListElement":[{"@type":"ListItem","position":1,"name":"Inicio","item":"https:\/\/www.caudete.org\/ayuntamiento\/"},{"@type":"ListItem","position":2,"name":"Instalaci\u00f3n de mallado de seguridad en balcones de Casa de Cultura"}]},{"@type":"WebSite","@id":"https:\/\/www.caudete.org\/ayuntamiento\/#website","url":"https:\/\/www.caudete.org\/ayuntamiento\/","name":"MI Ayuntamiento de Caudete","description":"P\u00e1gina Oficial del MI Ayuntamiento de Caudete","potentialAction":[{"@type":"SearchAction","target":{"@type":"EntryPoint","urlTemplate":"https:\/\/www.caudete.org\/ayuntamiento\/?s={search_term_string}"},"query-input":{"@type":"PropertyValueSpecification","valueRequired":true,"valueName":"search_term_string"}}],"inLanguage":"es"},{"@type":"Person","@id":"https:\/\/www.caudete.org\/ayuntamiento\/#\/schema\/person\/4b9eab41761957db9b1bf9c418d1ef46","name":"Dpto Informatica MI Ayuntamiento de Caudete","image":{"@type":"ImageObject","inLanguage":"es","@id":"https:\/\/secure.gravatar.com\/avatar\/ac0321ee4a0a83e82a253e7b2d348ef539e2c8fe16d06b600bde04de1b364fa7?s=96&d=mm&r=g","url":"https:\/\/secure.gravatar.com\/avatar\/ac0321ee4a0a83e82a253e7b2d348ef539e2c8fe16d06b600bde04de1b364fa7?s=96&d=mm&r=g","contentUrl":"https:\/\/secure.gravatar.com\/avatar\/ac0321ee4a0a83e82a253e7b2d348ef539e2c8fe16d06b600bde04de1b364fa7?s=96&d=mm&r=g","caption":"Dpto Informatica MI Ayuntamiento de Caudete"},"url":"https:\/\/www.caudete.org\/ayuntamiento\/author\/informatica\/"}]}},"_links":{"self":[{"href":"https:\/\/www.caudete.org\/ayuntamiento\/wp-json\/wp\/v2\/posts\/30563","targetHints":{"allow":["GET"]}}],"collection":[{"href":"https:\/\/www.caudete.org\/ayuntamiento\/wp-json\/wp\/v2\/posts"}],"about":[{"href":"https:\/\/www.caudete.org\/ayuntamiento\/wp-json\/wp\/v2\/types\/post"}],"author":[{"embeddable":true,"href":"https:\/\/www.caudete.org\/ayuntamiento\/wp-json\/wp\/v2\/users\/5"}],"replies":[{"embeddable":true,"href":"https:\/\/www.caudete.org\/ayuntamiento\/wp-json\/wp\/v2\/comments?post=30563"}],"version-history":[{"count":4,"href":"https:\/\/www.caudete.org\/ayuntamiento\/wp-json\/wp\/v2\/posts\/30563\/revisions"}],"predecessor-version":[{"id":30571,"href":"https:\/\/www.caudete.org\/ayuntamiento\/wp-json\/wp\/v2\/posts\/30563\/revisions\/30571"}],"wp:featuredmedia":[{"embeddable":true,"href":"https:\/\/www.caudete.org\/ayuntamiento\/wp-json\/wp\/v2\/media\/30564"}],"wp:attachment":[{"href":"https:\/\/www.caudete.org\/ayuntamiento\/wp-json\/wp\/v2\/media?parent=30563"}],"wp:term":[{"taxonomy":"category","embeddable":true,"href":"https:\/\/www.caudete.org\/ayuntamiento\/wp-json\/wp\/v2\/categories?post=30563"},{"taxonomy":"post_tag","embeddable":true,"href":"https:\/\/www.caudete.org\/ayuntamiento\/wp-json\/wp\/v2\/tags?post=30563"}],"curies":[{"name":"wp","href":"https:\/\/api.w.org\/{rel}","templated":true}]}}