{"id":30572,"date":"2025-09-03T09:26:18","date_gmt":"2025-09-03T07:26:18","guid":{"rendered":"https:\/\/www.caudete.org\/ayuntamiento\/?p=30572"},"modified":"2025-09-03T09:26:18","modified_gmt":"2025-09-03T07:26:18","slug":"realizado-el-reparto-de-feria-y-puestos-2025","status":"publish","type":"post","link":"https:\/\/www.caudete.org\/ayuntamiento\/realizado-el-reparto-de-feria-y-puestos-2025\/","title":{"rendered":"Realizado el reparto de feria y puestos 2025"},"content":{"rendered":"<p>Estos \u00faltimos d\u00edas, el Ayuntamiento ultima todos los detalles relativos a las Fiestas Patronales, a la vez que alterna sus actividades cotidianas.<\/p>\n<p>Desde la Concejal\u00eda de Urbanismo, el \u00e1rea de Actividades de la gesti\u00f3n de Feria, trabajando intensamente para que caudetanos y visitantes podamos disfrutar de Atracciones y Puestos de alimentaci\u00f3n, productos artesanales y otros.<\/p>\n<p>Una Feria 2025 similar a ediciones previas, que en t\u00e9rminos globales ocupar\u00e1 aproximadamente la misma superficie que en a\u00f1os anteriores, y que por tanto el n\u00famero de atracciones, casetas, quioscos y puestos ser\u00e1 similar al del pasado a\u00f1o, localiz\u00e1ndose en la misma ubicaci\u00f3n.<\/p>\n<p>Para las Atracciones y Casetas, queda localizada entre la Avenida Juan Carlos I en su intersecci\u00f3n con Garc\u00eda Lorca y Antonio Machado, ocupando la zona urbanizada de Plaza de los Caudetanos Ilustres, as\u00ed como el tramo contiguo de La Huerta.<\/p>\n<p>En el caso de Quioscos y Puestos de Venta, ocupar\u00e1 Garc\u00eda Lorca en el tramo comprendido entre Echegaray y Juan Carlos I. No obstante, se prev\u00e9 una posible ampliaci\u00f3n si se presentasen m\u00e1s solicitudes, llegando a ocupar parte de Miguel Hern\u00e1ndez en el tramo localizado frente a las &#8220;pistas verdes&#8221; (entre Garc\u00eda Lorca y La Huerta)<\/p>\n<p>Su Concejal, Mois\u00e9s L\u00f3pez, ha aprovechado para explicar c\u00f3mo funciona la gesti\u00f3n de Feria de forma resumida, las diferentes tareas entre los Departamentos Municipales intervinientes, facilitando adem\u00e1s un plano de ocupaci\u00f3n de la misma.<\/p>\n<p>1\ufe0f. La Brigada de Obras ha delimitado toda la zona a ocupar por Feria y Puestos, reforzada la iluminaci\u00f3n en zonas concretas y adecentado el entorno.<\/p>\n<p>2\ufe0f. El Departamento de Medio Ambiente y Servicios se encarga de la tramitaci\u00f3n de los CIEs, es decir, del suministro energ\u00e9tico eventual para la Feria.<\/p>\n<p>3\ufe0f. A nivel administrativo, el \u00e1rea de Actividades (dependiente del Departamento de Urbanismo), tramita la mayor parte del expediente y coordina todas las acciones necesarias de otros departamentos, adjudicando las ubicaciones junto a feriantes y vendedores.<\/p>\n<p>Son los propios feriantes y vendedores ambulantes los que durante el a\u00f1o tramitan la solicitud para instalar sus atracciones y\/o puestos durante los d\u00edas de Fiestas Patronales en Caudete, en funci\u00f3n de la celebraci\u00f3n de otras ferias vecinas (Almansa termina el 4 de Septiembre, y Yecla la celebra la semana siguiente a Caudete).<\/p>\n<p>4\ufe0f. Desde el Departamento de Recaudaci\u00f3n, se liquidan las tasas correspondientes en aplicaci\u00f3n a la Ordenanza Fiscal respectiva, en este caso de la n\u00ba13 reguladora de la Tasa por instalaci\u00f3n de Quioscos en la v\u00eda p\u00fablica (la cual data del a\u00f1o 2007), aplicable seg\u00fan los metros cuadrados que ocupan, y que oscilan entre los 0&#8217;33 \u20ac\/m2\/d\u00eda hasta un m\u00e1ximo de 4&#8217;40 \u20ac\/m2\/d\u00eda.<\/p>\n<p>As\u00ed pues, este a\u00f1o 2025 se prev\u00e9:<br \/>\n&#8211; 2.377 m2 ocupados.<br \/>\n&#8211; 14 Atracciones de Feria.<br \/>\n&#8211; 5 Casetas de tiro (o similares).<br \/>\n&#8211; 14 Puestos de venta.<br \/>\n&#8211; 2 Carros ambulantes.<br \/>\n&#8211; 5.700&#8217;00 \u20ac aprox. de recaudaci\u00f3n en aplicaci\u00f3n de tasas.<\/p>\n<p><a href=\"https:\/\/www.caudete.org\/ayuntamiento\/wp-content\/uploads\/2025\/09\/plano-feria-2025.jpg\" rel='prettyPhoto'><img fetchpriority=\"high\" decoding=\"async\" class=\"alignnone size-full wp-image-30574\" src=\"https:\/\/www.caudete.org\/ayuntamiento\/wp-content\/uploads\/2025\/09\/plano-feria-2025.jpg\" alt=\"\" width=\"1142\" height=\"788\" srcset=\"https:\/\/www.caudete.org\/ayuntamiento\/wp-content\/uploads\/2025\/09\/plano-feria-2025.jpg 1142w, https:\/\/www.caudete.org\/ayuntamiento\/wp-content\/uploads\/2025\/09\/plano-feria-2025-960x662.jpg 960w, https:\/\/www.caudete.org\/ayuntamiento\/wp-content\/uploads\/2025\/09\/plano-feria-2025-319x220.jpg 319w, https:\/\/www.caudete.org\/ayuntamiento\/wp-content\/uploads\/2025\/09\/plano-feria-2025-768x530.jpg 768w\" sizes=\"(max-width: 1142px) 100vw, 1142px\" \/><\/a><\/p>\n","protected":false},"excerpt":{"rendered":"<p>Estos \u00faltimos d\u00edas, el Ayuntamiento ultima todos los detalles relativos a las Fiestas Patronales, a la vez que alterna sus actividades cotidianas. Desde la Concejal\u00eda de Urbanismo, el \u00e1rea de Actividades de la gesti\u00f3n de Feria, trabajando intensamente para que caudetanos y visitantes podamos disfrutar de Atracciones y Puestos de alimentaci\u00f3n, productos artesanales y otros. &hellip;<\/p>\n","protected":false},"author":5,"featured_media":23532,"comment_status":"closed","ping_status":"open","sticky":false,"template":"","format":"standard","meta":{"ngg_post_thumbnail":0,"footnotes":""},"categories":[48],"tags":[],"class_list":["post-30572","post","type-post","status-publish","format-standard","has-post-thumbnail","hentry","category-urbanismo"],"yoast_head":"<!-- This site is optimized with the Yoast SEO plugin v27.5 - https:\/\/yoast.com\/product\/yoast-seo-wordpress\/ -->\n<title>Realizado el reparto de feria y puestos 2025 - MI Ayuntamiento de Caudete<\/title>\n<meta name=\"description\" content=\"P\u00e1gina Oficial del Ayuntamiento de Caudete (Albacete)\" \/>\n<meta name=\"robots\" content=\"index, follow, max-snippet:-1, max-image-preview:large, max-video-preview:-1\" \/>\n<link rel=\"canonical\" href=\"https:\/\/www.caudete.org\/ayuntamiento\/realizado-el-reparto-de-feria-y-puestos-2025\/\" \/>\n<meta property=\"og:locale\" content=\"es_ES\" \/>\n<meta property=\"og:type\" content=\"article\" \/>\n<meta property=\"og:title\" content=\"Realizado el reparto de feria y puestos 2025 - MI Ayuntamiento de Caudete\" \/>\n<meta property=\"og:description\" content=\"P\u00e1gina Oficial del Ayuntamiento de Caudete (Albacete)\" \/>\n<meta property=\"og:url\" content=\"https:\/\/www.caudete.org\/ayuntamiento\/realizado-el-reparto-de-feria-y-puestos-2025\/\" \/>\n<meta property=\"og:site_name\" content=\"MI Ayuntamiento de Caudete\" \/>\n<meta property=\"article:publisher\" content=\"https:\/\/www.facebook.com\/ayuntamientocaudete\/\" \/>\n<meta property=\"article:published_time\" content=\"2025-09-03T07:26:18+00:00\" \/>\n<meta property=\"og:image\" content=\"https:\/\/www.caudete.org\/ayuntamiento\/wp-content\/uploads\/2023\/10\/feria-1.jpg\" \/>\n\t<meta property=\"og:image:width\" content=\"600\" \/>\n\t<meta property=\"og:image:height\" content=\"338\" \/>\n\t<meta property=\"og:image:type\" content=\"image\/jpeg\" \/>\n<meta name=\"author\" content=\"Dpto Informatica MI Ayuntamiento de Caudete\" \/>\n<meta name=\"twitter:card\" content=\"summary_large_image\" \/>\n<meta name=\"twitter:label1\" content=\"Escrito por\" \/>\n\t<meta name=\"twitter:data1\" content=\"Dpto Informatica MI Ayuntamiento de Caudete\" \/>\n\t<meta name=\"twitter:label2\" content=\"Tiempo de lectura\" \/>\n\t<meta name=\"twitter:data2\" content=\"3 minutos\" \/>\n<script type=\"application\/ld+json\" class=\"yoast-schema-graph\">{\"@context\":\"https:\\\/\\\/schema.org\",\"@graph\":[{\"@type\":\"Article\",\"@id\":\"https:\\\/\\\/www.caudete.org\\\/ayuntamiento\\\/realizado-el-reparto-de-feria-y-puestos-2025\\\/#article\",\"isPartOf\":{\"@id\":\"https:\\\/\\\/www.caudete.org\\\/ayuntamiento\\\/realizado-el-reparto-de-feria-y-puestos-2025\\\/\"},\"author\":{\"name\":\"Dpto Informatica MI Ayuntamiento de Caudete\",\"@id\":\"https:\\\/\\\/www.caudete.org\\\/ayuntamiento\\\/#\\\/schema\\\/person\\\/4b9eab41761957db9b1bf9c418d1ef46\"},\"headline\":\"Realizado el reparto de feria y puestos 2025\",\"datePublished\":\"2025-09-03T07:26:18+00:00\",\"mainEntityOfPage\":{\"@id\":\"https:\\\/\\\/www.caudete.org\\\/ayuntamiento\\\/realizado-el-reparto-de-feria-y-puestos-2025\\\/\"},\"wordCount\":508,\"image\":{\"@id\":\"https:\\\/\\\/www.caudete.org\\\/ayuntamiento\\\/realizado-el-reparto-de-feria-y-puestos-2025\\\/#primaryimage\"},\"thumbnailUrl\":\"https:\\\/\\\/www.caudete.org\\\/ayuntamiento\\\/wp-content\\\/uploads\\\/2023\\\/10\\\/feria-1.jpg\",\"articleSection\":[\"Urbanismo\"],\"inLanguage\":\"es\"},{\"@type\":\"WebPage\",\"@id\":\"https:\\\/\\\/www.caudete.org\\\/ayuntamiento\\\/realizado-el-reparto-de-feria-y-puestos-2025\\\/\",\"url\":\"https:\\\/\\\/www.caudete.org\\\/ayuntamiento\\\/realizado-el-reparto-de-feria-y-puestos-2025\\\/\",\"name\":\"Realizado el reparto de feria y puestos 2025 - MI Ayuntamiento de Caudete\",\"isPartOf\":{\"@id\":\"https:\\\/\\\/www.caudete.org\\\/ayuntamiento\\\/#website\"},\"primaryImageOfPage\":{\"@id\":\"https:\\\/\\\/www.caudete.org\\\/ayuntamiento\\\/realizado-el-reparto-de-feria-y-puestos-2025\\\/#primaryimage\"},\"image\":{\"@id\":\"https:\\\/\\\/www.caudete.org\\\/ayuntamiento\\\/realizado-el-reparto-de-feria-y-puestos-2025\\\/#primaryimage\"},\"thumbnailUrl\":\"https:\\\/\\\/www.caudete.org\\\/ayuntamiento\\\/wp-content\\\/uploads\\\/2023\\\/10\\\/feria-1.jpg\",\"datePublished\":\"2025-09-03T07:26:18+00:00\",\"author\":{\"@id\":\"https:\\\/\\\/www.caudete.org\\\/ayuntamiento\\\/#\\\/schema\\\/person\\\/4b9eab41761957db9b1bf9c418d1ef46\"},\"description\":\"P\u00e1gina Oficial del Ayuntamiento de Caudete (Albacete)\",\"breadcrumb\":{\"@id\":\"https:\\\/\\\/www.caudete.org\\\/ayuntamiento\\\/realizado-el-reparto-de-feria-y-puestos-2025\\\/#breadcrumb\"},\"inLanguage\":\"es\",\"potentialAction\":[{\"@type\":\"ReadAction\",\"target\":[\"https:\\\/\\\/www.caudete.org\\\/ayuntamiento\\\/realizado-el-reparto-de-feria-y-puestos-2025\\\/\"]}]},{\"@type\":\"ImageObject\",\"inLanguage\":\"es\",\"@id\":\"https:\\\/\\\/www.caudete.org\\\/ayuntamiento\\\/realizado-el-reparto-de-feria-y-puestos-2025\\\/#primaryimage\",\"url\":\"https:\\\/\\\/www.caudete.org\\\/ayuntamiento\\\/wp-content\\\/uploads\\\/2023\\\/10\\\/feria-1.jpg\",\"contentUrl\":\"https:\\\/\\\/www.caudete.org\\\/ayuntamiento\\\/wp-content\\\/uploads\\\/2023\\\/10\\\/feria-1.jpg\",\"width\":600,\"height\":338},{\"@type\":\"BreadcrumbList\",\"@id\":\"https:\\\/\\\/www.caudete.org\\\/ayuntamiento\\\/realizado-el-reparto-de-feria-y-puestos-2025\\\/#breadcrumb\",\"itemListElement\":[{\"@type\":\"ListItem\",\"position\":1,\"name\":\"Inicio\",\"item\":\"https:\\\/\\\/www.caudete.org\\\/ayuntamiento\\\/\"},{\"@type\":\"ListItem\",\"position\":2,\"name\":\"Realizado el reparto de feria y puestos 2025\"}]},{\"@type\":\"WebSite\",\"@id\":\"https:\\\/\\\/www.caudete.org\\\/ayuntamiento\\\/#website\",\"url\":\"https:\\\/\\\/www.caudete.org\\\/ayuntamiento\\\/\",\"name\":\"MI Ayuntamiento de Caudete\",\"description\":\"P\u00e1gina Oficial del MI Ayuntamiento de Caudete\",\"potentialAction\":[{\"@type\":\"SearchAction\",\"target\":{\"@type\":\"EntryPoint\",\"urlTemplate\":\"https:\\\/\\\/www.caudete.org\\\/ayuntamiento\\\/?s={search_term_string}\"},\"query-input\":{\"@type\":\"PropertyValueSpecification\",\"valueRequired\":true,\"valueName\":\"search_term_string\"}}],\"inLanguage\":\"es\"},{\"@type\":\"Person\",\"@id\":\"https:\\\/\\\/www.caudete.org\\\/ayuntamiento\\\/#\\\/schema\\\/person\\\/4b9eab41761957db9b1bf9c418d1ef46\",\"name\":\"Dpto Informatica MI Ayuntamiento de Caudete\",\"image\":{\"@type\":\"ImageObject\",\"inLanguage\":\"es\",\"@id\":\"https:\\\/\\\/secure.gravatar.com\\\/avatar\\\/ac0321ee4a0a83e82a253e7b2d348ef539e2c8fe16d06b600bde04de1b364fa7?s=96&d=mm&r=g\",\"url\":\"https:\\\/\\\/secure.gravatar.com\\\/avatar\\\/ac0321ee4a0a83e82a253e7b2d348ef539e2c8fe16d06b600bde04de1b364fa7?s=96&d=mm&r=g\",\"contentUrl\":\"https:\\\/\\\/secure.gravatar.com\\\/avatar\\\/ac0321ee4a0a83e82a253e7b2d348ef539e2c8fe16d06b600bde04de1b364fa7?s=96&d=mm&r=g\",\"caption\":\"Dpto Informatica MI Ayuntamiento de Caudete\"},\"url\":\"https:\\\/\\\/www.caudete.org\\\/ayuntamiento\\\/author\\\/informatica\\\/\"}]}<\/script>\n<!-- \/ Yoast SEO plugin. -->","yoast_head_json":{"title":"Realizado el reparto de feria y puestos 2025 - MI Ayuntamiento de Caudete","description":"P\u00e1gina Oficial del Ayuntamiento de Caudete (Albacete)","robots":{"index":"index","follow":"follow","max-snippet":"max-snippet:-1","max-image-preview":"max-image-preview:large","max-video-preview":"max-video-preview:-1"},"canonical":"https:\/\/www.caudete.org\/ayuntamiento\/realizado-el-reparto-de-feria-y-puestos-2025\/","og_locale":"es_ES","og_type":"article","og_title":"Realizado el reparto de feria y puestos 2025 - MI Ayuntamiento de Caudete","og_description":"P\u00e1gina Oficial del Ayuntamiento de Caudete (Albacete)","og_url":"https:\/\/www.caudete.org\/ayuntamiento\/realizado-el-reparto-de-feria-y-puestos-2025\/","og_site_name":"MI Ayuntamiento de Caudete","article_publisher":"https:\/\/www.facebook.com\/ayuntamientocaudete\/","article_published_time":"2025-09-03T07:26:18+00:00","og_image":[{"width":600,"height":338,"url":"https:\/\/www.caudete.org\/ayuntamiento\/wp-content\/uploads\/2023\/10\/feria-1.jpg","type":"image\/jpeg"}],"author":"Dpto Informatica MI Ayuntamiento de Caudete","twitter_card":"summary_large_image","twitter_misc":{"Escrito por":"Dpto Informatica MI Ayuntamiento de Caudete","Tiempo de lectura":"3 minutos"},"schema":{"@context":"https:\/\/schema.org","@graph":[{"@type":"Article","@id":"https:\/\/www.caudete.org\/ayuntamiento\/realizado-el-reparto-de-feria-y-puestos-2025\/#article","isPartOf":{"@id":"https:\/\/www.caudete.org\/ayuntamiento\/realizado-el-reparto-de-feria-y-puestos-2025\/"},"author":{"name":"Dpto Informatica MI Ayuntamiento de Caudete","@id":"https:\/\/www.caudete.org\/ayuntamiento\/#\/schema\/person\/4b9eab41761957db9b1bf9c418d1ef46"},"headline":"Realizado el reparto de feria y puestos 2025","datePublished":"2025-09-03T07:26:18+00:00","mainEntityOfPage":{"@id":"https:\/\/www.caudete.org\/ayuntamiento\/realizado-el-reparto-de-feria-y-puestos-2025\/"},"wordCount":508,"image":{"@id":"https:\/\/www.caudete.org\/ayuntamiento\/realizado-el-reparto-de-feria-y-puestos-2025\/#primaryimage"},"thumbnailUrl":"https:\/\/www.caudete.org\/ayuntamiento\/wp-content\/uploads\/2023\/10\/feria-1.jpg","articleSection":["Urbanismo"],"inLanguage":"es"},{"@type":"WebPage","@id":"https:\/\/www.caudete.org\/ayuntamiento\/realizado-el-reparto-de-feria-y-puestos-2025\/","url":"https:\/\/www.caudete.org\/ayuntamiento\/realizado-el-reparto-de-feria-y-puestos-2025\/","name":"Realizado el reparto de feria y puestos 2025 - MI Ayuntamiento de Caudete","isPartOf":{"@id":"https:\/\/www.caudete.org\/ayuntamiento\/#website"},"primaryImageOfPage":{"@id":"https:\/\/www.caudete.org\/ayuntamiento\/realizado-el-reparto-de-feria-y-puestos-2025\/#primaryimage"},"image":{"@id":"https:\/\/www.caudete.org\/ayuntamiento\/realizado-el-reparto-de-feria-y-puestos-2025\/#primaryimage"},"thumbnailUrl":"https:\/\/www.caudete.org\/ayuntamiento\/wp-content\/uploads\/2023\/10\/feria-1.jpg","datePublished":"2025-09-03T07:26:18+00:00","author":{"@id":"https:\/\/www.caudete.org\/ayuntamiento\/#\/schema\/person\/4b9eab41761957db9b1bf9c418d1ef46"},"description":"P\u00e1gina Oficial del Ayuntamiento de Caudete (Albacete)","breadcrumb":{"@id":"https:\/\/www.caudete.org\/ayuntamiento\/realizado-el-reparto-de-feria-y-puestos-2025\/#breadcrumb"},"inLanguage":"es","potentialAction":[{"@type":"ReadAction","target":["https:\/\/www.caudete.org\/ayuntamiento\/realizado-el-reparto-de-feria-y-puestos-2025\/"]}]},{"@type":"ImageObject","inLanguage":"es","@id":"https:\/\/www.caudete.org\/ayuntamiento\/realizado-el-reparto-de-feria-y-puestos-2025\/#primaryimage","url":"https:\/\/www.caudete.org\/ayuntamiento\/wp-content\/uploads\/2023\/10\/feria-1.jpg","contentUrl":"https:\/\/www.caudete.org\/ayuntamiento\/wp-content\/uploads\/2023\/10\/feria-1.jpg","width":600,"height":338},{"@type":"BreadcrumbList","@id":"https:\/\/www.caudete.org\/ayuntamiento\/realizado-el-reparto-de-feria-y-puestos-2025\/#breadcrumb","itemListElement":[{"@type":"ListItem","position":1,"name":"Inicio","item":"https:\/\/www.caudete.org\/ayuntamiento\/"},{"@type":"ListItem","position":2,"name":"Realizado el reparto de feria y puestos 2025"}]},{"@type":"WebSite","@id":"https:\/\/www.caudete.org\/ayuntamiento\/#website","url":"https:\/\/www.caudete.org\/ayuntamiento\/","name":"MI Ayuntamiento de Caudete","description":"P\u00e1gina Oficial del MI Ayuntamiento de Caudete","potentialAction":[{"@type":"SearchAction","target":{"@type":"EntryPoint","urlTemplate":"https:\/\/www.caudete.org\/ayuntamiento\/?s={search_term_string}"},"query-input":{"@type":"PropertyValueSpecification","valueRequired":true,"valueName":"search_term_string"}}],"inLanguage":"es"},{"@type":"Person","@id":"https:\/\/www.caudete.org\/ayuntamiento\/#\/schema\/person\/4b9eab41761957db9b1bf9c418d1ef46","name":"Dpto Informatica MI Ayuntamiento de Caudete","image":{"@type":"ImageObject","inLanguage":"es","@id":"https:\/\/secure.gravatar.com\/avatar\/ac0321ee4a0a83e82a253e7b2d348ef539e2c8fe16d06b600bde04de1b364fa7?s=96&d=mm&r=g","url":"https:\/\/secure.gravatar.com\/avatar\/ac0321ee4a0a83e82a253e7b2d348ef539e2c8fe16d06b600bde04de1b364fa7?s=96&d=mm&r=g","contentUrl":"https:\/\/secure.gravatar.com\/avatar\/ac0321ee4a0a83e82a253e7b2d348ef539e2c8fe16d06b600bde04de1b364fa7?s=96&d=mm&r=g","caption":"Dpto Informatica MI Ayuntamiento de Caudete"},"url":"https:\/\/www.caudete.org\/ayuntamiento\/author\/informatica\/"}]}},"_links":{"self":[{"href":"https:\/\/www.caudete.org\/ayuntamiento\/wp-json\/wp\/v2\/posts\/30572","targetHints":{"allow":["GET"]}}],"collection":[{"href":"https:\/\/www.caudete.org\/ayuntamiento\/wp-json\/wp\/v2\/posts"}],"about":[{"href":"https:\/\/www.caudete.org\/ayuntamiento\/wp-json\/wp\/v2\/types\/post"}],"author":[{"embeddable":true,"href":"https:\/\/www.caudete.org\/ayuntamiento\/wp-json\/wp\/v2\/users\/5"}],"replies":[{"embeddable":true,"href":"https:\/\/www.caudete.org\/ayuntamiento\/wp-json\/wp\/v2\/comments?post=30572"}],"version-history":[{"count":2,"href":"https:\/\/www.caudete.org\/ayuntamiento\/wp-json\/wp\/v2\/posts\/30572\/revisions"}],"predecessor-version":[{"id":30575,"href":"https:\/\/www.caudete.org\/ayuntamiento\/wp-json\/wp\/v2\/posts\/30572\/revisions\/30575"}],"wp:featuredmedia":[{"embeddable":true,"href":"https:\/\/www.caudete.org\/ayuntamiento\/wp-json\/wp\/v2\/media\/23532"}],"wp:attachment":[{"href":"https:\/\/www.caudete.org\/ayuntamiento\/wp-json\/wp\/v2\/media?parent=30572"}],"wp:term":[{"taxonomy":"category","embeddable":true,"href":"https:\/\/www.caudete.org\/ayuntamiento\/wp-json\/wp\/v2\/categories?post=30572"},{"taxonomy":"post_tag","embeddable":true,"href":"https:\/\/www.caudete.org\/ayuntamiento\/wp-json\/wp\/v2\/tags?post=30572"}],"curies":[{"name":"wp","href":"https:\/\/api.w.org\/{rel}","templated":true}]}}