{"id":30577,"date":"2025-09-03T12:55:31","date_gmt":"2025-09-03T10:55:31","guid":{"rendered":"https:\/\/www.caudete.org\/ayuntamiento\/?p=30577"},"modified":"2025-09-11T12:55:38","modified_gmt":"2025-09-11T10:55:38","slug":"retransmisiones-televisivas-en-directo-de-las-fiestas-de-moros-y-cristianos","status":"publish","type":"post","link":"https:\/\/www.caudete.org\/ayuntamiento\/retransmisiones-televisivas-en-directo-de-las-fiestas-de-moros-y-cristianos\/","title":{"rendered":"Retransmisiones televisivas en DIRECTO de las Fiestas de Moros y Cristianos"},"content":{"rendered":"<div class=\"x14z9mp xat24cr x1lziwak x1vvkbs xtlvy1s x126k92a\">\n<div dir=\"auto\"><strong>D\u00cdA 5 DE SEPTIEMBRE<\/strong><\/div>\n<div dir=\"auto\">19:45 horas.- Salida desde el Ayuntamiento de las autoridades municipales y festeras, acompa\u00f1adas por la Banda Uni\u00f3n Musical \u00abSanta Cecilia\u00bb, hacia el domicilio de las distintas Capitan\u00edas, quienes recibir\u00e1n su felicitaci\u00f3n. Posteriormente, en la Plaza de la Iglesia, PREG\u00d3N, a cargo de Ricardo Moll\u00e1 Albero. Finalizado el Preg\u00f3n, interpretaci\u00f3n de \u00abEl Caudetano\u00bb por la Banda Uni\u00f3n Musical \u00abSanta Cecilia\u00bb<\/div>\n<\/div>\n<div class=\"x14z9mp xat24cr x1lziwak x1vvkbs xtlvy1s x126k92a\">\n<div dir=\"auto\"><strong>D\u00cdA 6 DE SEPTIEMBRE<\/strong><\/div>\n<div dir=\"auto\">11:15 horas.- \u00abPaseo de Volantes\u00bb. Los Volantes, junto al Sargento de la Comparsa y su banda de m\u00fasica, inician un recorrido por las calles de costumbre, hasta llegar a las puertas del Ayuntamiento, donde se izar\u00e1n las banderas a los acordes de la Marcha Real.<\/div>\n<div dir=\"auto\">11:45 Homenajes en el Ayuntamiento.<\/div>\n<div dir=\"auto\">13:00 horas.- Interpretaci\u00f3n por parte de la Banda Uni\u00f3n Musical \u00abSanta Cecilia\u00bb del \u00abHimno a las Colonias\u00bb, rezo del Ave Mar\u00eda y el \u00c1ngelus e izada de Banderas en el balc\u00f3n de la Sala de la Villa. Seguidamente, disparo de una traca y de una gran \u00abmasclet\u00e1\u00bb en el Paseo Luis Golf, a base de petardos, morteros y cohetes. Volteo general de campanas.<\/div>\n<\/div>\n<div class=\"x14z9mp xat24cr x1lziwak x1vvkbs xtlvy1s x126k92a\">\n<div dir=\"auto\">19:15 horas.- Gran \u00abEntrada\u00bb de Moros y Cristianos, con el siguiente orden de desfile:<\/div>\n<\/div>\n<div class=\"x14z9mp xat24cr x1lziwak x1vvkbs xtlvy1s x126k92a\">\n<div dir=\"auto\">Reina de Fiestas, junto a sus Damas y la Banda Municipal de Caudete<\/div>\n<ul>\n<li dir=\"auto\">Comparsa de Guerreros<\/li>\n<li dir=\"auto\">Comparsa de Mirenos<\/li>\n<li dir=\"auto\">Comparsa de Tarik<\/li>\n<li dir=\"auto\">Comparsa de Moros<\/li>\n<li dir=\"auto\">Comparsa de La Antigua<\/li>\n<\/ul>\n<\/div>\n<div class=\"x14z9mp xat24cr x1lziwak x1vvkbs xtlvy1s x126k92a\">\n<div dir=\"auto\"><strong>D\u00cdA 7 DE SEPTIEMBRE<\/strong><\/div>\n<div dir=\"auto\">Llegada de la Virgen de Gracia a Caudete, desde su Santuario, Villancicos y entrada a la Iglesia de Santa Catalina, finalizando con la celebraci\u00f3n de la Eucarist\u00eda.<\/div>\n<\/div>\n<div class=\"x14z9mp xat24cr x1lziwak x1vvkbs xtlvy1s x126k92a\">\n<div dir=\"auto\">22:30 horas.- \u00abOfrenda de Flores\u00bb.<\/div>\n<\/div>\n<div class=\"x14z9mp xat24cr x1lziwak x1vvkbs xtlvy1s x126k92a\">\n<div dir=\"auto\"><strong>D\u00cdA 8 DE SEPTIEMBRE<\/strong><\/div>\n<\/div>\n<div class=\"x14z9mp xat24cr x1lziwak x1vvkbs xtlvy1s x126k92a\">\n<div dir=\"auto\">10:00 horas.- Solemne Celebraci\u00f3n de la Eucarist\u00eda.<\/div>\n<\/div>\n<div class=\"x14z9mp xat24cr x1lziwak x1vvkbs xtlvy1s x126k92a\">\n<div dir=\"auto\"><strong>D\u00cdA 9 DE SEPTIEMBRE<\/strong><\/div>\n<div dir=\"auto\">09:30 horas.- Recibimiento al Obispo de la Di\u00f3cesis y celebraci\u00f3n por parte de \u00e9ste de la Eucarist\u00eda a las 10:00 horas.<\/div>\n<\/div>\n<div class=\"x14z9mp xat24cr x1lziwak x1vvkbs xtlvy1s x126k92a\">\n<div dir=\"auto\">21:00 horas.- Desfile de la \u00abEnhorabuena\u00bb. Grandioso desfile similar a la \u00abEntrada\u00bb. El orden de desfile ser\u00e1:<\/div>\n<\/div>\n<div class=\"x14z9mp xat24cr x1lziwak x1vvkbs xtlvy1s x126k92a\">\n<ul>\n<li dir=\"auto\">Comparsa de Tarik<\/li>\n<li dir=\"auto\">Comparsa de Moros<\/li>\n<li dir=\"auto\">Comparsa de Guerreros<\/li>\n<li dir=\"auto\">Comparsa de Mirenos<\/li>\n<li dir=\"auto\">Comparsa de La Antigua<\/li>\n<\/ul>\n<\/div>\n<div class=\"x14z9mp xat24cr x1lziwak x1vvkbs xtlvy1s x126k92a\">\n<div dir=\"auto\"><strong>D\u00cdA 10 DE SEPTIEMBRE<\/strong><\/div>\n<div dir=\"auto\">10:00 horas.- Eucarist\u00eda.<\/div>\n<\/div>\n<div class=\"x14z9mp xat24cr x1lziwak x1vvkbs xtlvy1s x126k92a\">\n<div dir=\"auto\">Los directos podr\u00e1n seguirlos tambi\u00e9n en Canal Imagen on line:<\/div>\n<div dir=\"auto\"><span class=\"html-span xdj266r x14z9mp xat24cr x1lziwak xexx8yu xyri2b x18d9i69 x1c1uobl x1hl2dhg x16tdsg8 x1vvkbs\"><a class=\"x1i10hfl xjbqb8w x1ejq31n x18oe1m7 x1sy0etr xstzfhl x972fbf x10w94by x1qhh985 x14e42zd x9f619 x1ypdohk xt0psk2 x3ct3a4 xdj266r x14z9mp xat24cr x1lziwak xexx8yu xyri2b x18d9i69 x1c1uobl x16tdsg8 x1hl2dhg xggy1nq x1a2a7pz xkrqix3 x1sur9pj x1fey0fg x1s688f\" tabindex=\"0\" role=\"link\" href=\"https:\/\/zonacliente.almatelecom.es\/videos\/canalimagen?fbclid=IwZXh0bgNhZW0CMTAAYnJpZBEwUDViOGFFWWVFNE5pdFUyawEegVOqi11Vm__Qx0fXcLrltVB-R3pQ9UUmYNvW1YfnYtTLjTMKrE-BJdYPc5E_aem_UrMEtbUS-saZBsudMq_KdQ\" target=\"_blank\" rel=\"nofollow noopener noreferrer\">https:\/\/zonacliente.almatelecom.es\/videos\/canalimagen<\/a><\/span><\/div>\n<\/div>\n<div class=\"x14z9mp xat24cr x1lziwak x1vvkbs xtlvy1s x126k92a\">\n<div dir=\"auto\">Adem\u00e1s podr\u00e1n seguir en TV Caudete HD en alta definici\u00f3n, tambi\u00e9n el resto de actos, tanto en Fiestas, c\u00f3mo en los res\u00famenes al finalizar las mismas. Y en Agile TV a la carta, \u00a1\u00a1En el horario que prefieras!!.<\/div>\n<\/div>\n<div class=\"x14z9mp xat24cr x1lziwak x1vvkbs xtlvy1s x126k92a\">\n<div dir=\"auto\">\u00a1\u00a1\u00a1Felices Fiestas!!!<\/div>\n<\/div>\n","protected":false},"excerpt":{"rendered":"<p>D\u00cdA 5 DE SEPTIEMBRE 19:45 horas.- Salida desde el Ayuntamiento de las autoridades municipales y festeras, acompa\u00f1adas por la Banda Uni\u00f3n Musical \u00abSanta Cecilia\u00bb, hacia el domicilio de las distintas Capitan\u00edas, quienes recibir\u00e1n su felicitaci\u00f3n. Posteriormente, en la Plaza de la Iglesia, PREG\u00d3N, a cargo de Ricardo Moll\u00e1 Albero. Finalizado el Preg\u00f3n, interpretaci\u00f3n de \u00abEl &hellip;<\/p>\n","protected":false},"author":5,"featured_media":30470,"comment_status":"closed","ping_status":"open","sticky":false,"template":"","format":"standard","meta":{"ngg_post_thumbnail":0,"footnotes":""},"categories":[31],"tags":[],"class_list":["post-30577","post","type-post","status-publish","format-standard","has-post-thumbnail","hentry","category-fiestas"],"yoast_head":"<!-- This site is optimized with the Yoast SEO plugin v27.5 - https:\/\/yoast.com\/product\/yoast-seo-wordpress\/ -->\n<title>Retransmisiones televisivas en DIRECTO de las Fiestas de Moros y Cristianos - MI Ayuntamiento de Caudete<\/title>\n<meta name=\"description\" content=\"P\u00e1gina Oficial del Ayuntamiento de Caudete (Albacete)\" \/>\n<meta name=\"robots\" content=\"index, follow, max-snippet:-1, max-image-preview:large, max-video-preview:-1\" \/>\n<link rel=\"canonical\" href=\"https:\/\/www.caudete.org\/ayuntamiento\/retransmisiones-televisivas-en-directo-de-las-fiestas-de-moros-y-cristianos\/\" \/>\n<meta property=\"og:locale\" content=\"es_ES\" \/>\n<meta property=\"og:type\" content=\"article\" \/>\n<meta property=\"og:title\" content=\"Retransmisiones televisivas en DIRECTO de las Fiestas de Moros y Cristianos - MI Ayuntamiento de Caudete\" \/>\n<meta property=\"og:description\" content=\"P\u00e1gina Oficial del Ayuntamiento de Caudete (Albacete)\" \/>\n<meta property=\"og:url\" content=\"https:\/\/www.caudete.org\/ayuntamiento\/retransmisiones-televisivas-en-directo-de-las-fiestas-de-moros-y-cristianos\/\" \/>\n<meta property=\"og:site_name\" content=\"MI Ayuntamiento de Caudete\" \/>\n<meta property=\"article:publisher\" content=\"https:\/\/www.facebook.com\/ayuntamientocaudete\/\" \/>\n<meta property=\"article:published_time\" content=\"2025-09-03T10:55:31+00:00\" \/>\n<meta property=\"article:modified_time\" content=\"2025-09-11T10:55:38+00:00\" \/>\n<meta property=\"og:image\" content=\"https:\/\/www.caudete.org\/ayuntamiento\/wp-content\/uploads\/2025\/08\/logo-fondos-europa-leader-port.jpg\" \/>\n\t<meta property=\"og:image:width\" content=\"864\" \/>\n\t<meta property=\"og:image:height\" content=\"380\" \/>\n\t<meta property=\"og:image:type\" content=\"image\/jpeg\" \/>\n<meta name=\"author\" content=\"Dpto Informatica MI Ayuntamiento de Caudete\" \/>\n<meta name=\"twitter:card\" content=\"summary_large_image\" \/>\n<meta name=\"twitter:label1\" content=\"Escrito por\" \/>\n\t<meta name=\"twitter:data1\" content=\"Dpto Informatica MI Ayuntamiento de Caudete\" \/>\n\t<meta name=\"twitter:label2\" content=\"Tiempo de lectura\" \/>\n\t<meta name=\"twitter:data2\" content=\"2 minutos\" \/>\n<script type=\"application\/ld+json\" class=\"yoast-schema-graph\">{\"@context\":\"https:\\\/\\\/schema.org\",\"@graph\":[{\"@type\":\"Article\",\"@id\":\"https:\\\/\\\/www.caudete.org\\\/ayuntamiento\\\/retransmisiones-televisivas-en-directo-de-las-fiestas-de-moros-y-cristianos\\\/#article\",\"isPartOf\":{\"@id\":\"https:\\\/\\\/www.caudete.org\\\/ayuntamiento\\\/retransmisiones-televisivas-en-directo-de-las-fiestas-de-moros-y-cristianos\\\/\"},\"author\":{\"name\":\"Dpto Informatica MI Ayuntamiento de Caudete\",\"@id\":\"https:\\\/\\\/www.caudete.org\\\/ayuntamiento\\\/#\\\/schema\\\/person\\\/4b9eab41761957db9b1bf9c418d1ef46\"},\"headline\":\"Retransmisiones televisivas en DIRECTO de las Fiestas de Moros y Cristianos\",\"datePublished\":\"2025-09-03T10:55:31+00:00\",\"dateModified\":\"2025-09-11T10:55:38+00:00\",\"mainEntityOfPage\":{\"@id\":\"https:\\\/\\\/www.caudete.org\\\/ayuntamiento\\\/retransmisiones-televisivas-en-directo-de-las-fiestas-de-moros-y-cristianos\\\/\"},\"wordCount\":431,\"image\":{\"@id\":\"https:\\\/\\\/www.caudete.org\\\/ayuntamiento\\\/retransmisiones-televisivas-en-directo-de-las-fiestas-de-moros-y-cristianos\\\/#primaryimage\"},\"thumbnailUrl\":\"https:\\\/\\\/www.caudete.org\\\/ayuntamiento\\\/wp-content\\\/uploads\\\/2025\\\/08\\\/logo-fondos-europa-leader-port.jpg\",\"articleSection\":[\"Fiestas\"],\"inLanguage\":\"es\"},{\"@type\":\"WebPage\",\"@id\":\"https:\\\/\\\/www.caudete.org\\\/ayuntamiento\\\/retransmisiones-televisivas-en-directo-de-las-fiestas-de-moros-y-cristianos\\\/\",\"url\":\"https:\\\/\\\/www.caudete.org\\\/ayuntamiento\\\/retransmisiones-televisivas-en-directo-de-las-fiestas-de-moros-y-cristianos\\\/\",\"name\":\"Retransmisiones televisivas en DIRECTO de las Fiestas de Moros y Cristianos - MI Ayuntamiento de Caudete\",\"isPartOf\":{\"@id\":\"https:\\\/\\\/www.caudete.org\\\/ayuntamiento\\\/#website\"},\"primaryImageOfPage\":{\"@id\":\"https:\\\/\\\/www.caudete.org\\\/ayuntamiento\\\/retransmisiones-televisivas-en-directo-de-las-fiestas-de-moros-y-cristianos\\\/#primaryimage\"},\"image\":{\"@id\":\"https:\\\/\\\/www.caudete.org\\\/ayuntamiento\\\/retransmisiones-televisivas-en-directo-de-las-fiestas-de-moros-y-cristianos\\\/#primaryimage\"},\"thumbnailUrl\":\"https:\\\/\\\/www.caudete.org\\\/ayuntamiento\\\/wp-content\\\/uploads\\\/2025\\\/08\\\/logo-fondos-europa-leader-port.jpg\",\"datePublished\":\"2025-09-03T10:55:31+00:00\",\"dateModified\":\"2025-09-11T10:55:38+00:00\",\"author\":{\"@id\":\"https:\\\/\\\/www.caudete.org\\\/ayuntamiento\\\/#\\\/schema\\\/person\\\/4b9eab41761957db9b1bf9c418d1ef46\"},\"description\":\"P\u00e1gina Oficial del Ayuntamiento de Caudete (Albacete)\",\"breadcrumb\":{\"@id\":\"https:\\\/\\\/www.caudete.org\\\/ayuntamiento\\\/retransmisiones-televisivas-en-directo-de-las-fiestas-de-moros-y-cristianos\\\/#breadcrumb\"},\"inLanguage\":\"es\",\"potentialAction\":[{\"@type\":\"ReadAction\",\"target\":[\"https:\\\/\\\/www.caudete.org\\\/ayuntamiento\\\/retransmisiones-televisivas-en-directo-de-las-fiestas-de-moros-y-cristianos\\\/\"]}]},{\"@type\":\"ImageObject\",\"inLanguage\":\"es\",\"@id\":\"https:\\\/\\\/www.caudete.org\\\/ayuntamiento\\\/retransmisiones-televisivas-en-directo-de-las-fiestas-de-moros-y-cristianos\\\/#primaryimage\",\"url\":\"https:\\\/\\\/www.caudete.org\\\/ayuntamiento\\\/wp-content\\\/uploads\\\/2025\\\/08\\\/logo-fondos-europa-leader-port.jpg\",\"contentUrl\":\"https:\\\/\\\/www.caudete.org\\\/ayuntamiento\\\/wp-content\\\/uploads\\\/2025\\\/08\\\/logo-fondos-europa-leader-port.jpg\",\"width\":864,\"height\":380},{\"@type\":\"BreadcrumbList\",\"@id\":\"https:\\\/\\\/www.caudete.org\\\/ayuntamiento\\\/retransmisiones-televisivas-en-directo-de-las-fiestas-de-moros-y-cristianos\\\/#breadcrumb\",\"itemListElement\":[{\"@type\":\"ListItem\",\"position\":1,\"name\":\"Inicio\",\"item\":\"https:\\\/\\\/www.caudete.org\\\/ayuntamiento\\\/\"},{\"@type\":\"ListItem\",\"position\":2,\"name\":\"Retransmisiones televisivas en DIRECTO de las Fiestas de Moros y Cristianos\"}]},{\"@type\":\"WebSite\",\"@id\":\"https:\\\/\\\/www.caudete.org\\\/ayuntamiento\\\/#website\",\"url\":\"https:\\\/\\\/www.caudete.org\\\/ayuntamiento\\\/\",\"name\":\"MI Ayuntamiento de Caudete\",\"description\":\"P\u00e1gina Oficial del MI Ayuntamiento de Caudete\",\"potentialAction\":[{\"@type\":\"SearchAction\",\"target\":{\"@type\":\"EntryPoint\",\"urlTemplate\":\"https:\\\/\\\/www.caudete.org\\\/ayuntamiento\\\/?s={search_term_string}\"},\"query-input\":{\"@type\":\"PropertyValueSpecification\",\"valueRequired\":true,\"valueName\":\"search_term_string\"}}],\"inLanguage\":\"es\"},{\"@type\":\"Person\",\"@id\":\"https:\\\/\\\/www.caudete.org\\\/ayuntamiento\\\/#\\\/schema\\\/person\\\/4b9eab41761957db9b1bf9c418d1ef46\",\"name\":\"Dpto Informatica MI Ayuntamiento de Caudete\",\"image\":{\"@type\":\"ImageObject\",\"inLanguage\":\"es\",\"@id\":\"https:\\\/\\\/secure.gravatar.com\\\/avatar\\\/ac0321ee4a0a83e82a253e7b2d348ef539e2c8fe16d06b600bde04de1b364fa7?s=96&d=mm&r=g\",\"url\":\"https:\\\/\\\/secure.gravatar.com\\\/avatar\\\/ac0321ee4a0a83e82a253e7b2d348ef539e2c8fe16d06b600bde04de1b364fa7?s=96&d=mm&r=g\",\"contentUrl\":\"https:\\\/\\\/secure.gravatar.com\\\/avatar\\\/ac0321ee4a0a83e82a253e7b2d348ef539e2c8fe16d06b600bde04de1b364fa7?s=96&d=mm&r=g\",\"caption\":\"Dpto Informatica MI Ayuntamiento de Caudete\"},\"url\":\"https:\\\/\\\/www.caudete.org\\\/ayuntamiento\\\/author\\\/informatica\\\/\"}]}<\/script>\n<!-- \/ Yoast SEO plugin. -->","yoast_head_json":{"title":"Retransmisiones televisivas en DIRECTO de las Fiestas de Moros y Cristianos - MI Ayuntamiento de Caudete","description":"P\u00e1gina Oficial del Ayuntamiento de Caudete (Albacete)","robots":{"index":"index","follow":"follow","max-snippet":"max-snippet:-1","max-image-preview":"max-image-preview:large","max-video-preview":"max-video-preview:-1"},"canonical":"https:\/\/www.caudete.org\/ayuntamiento\/retransmisiones-televisivas-en-directo-de-las-fiestas-de-moros-y-cristianos\/","og_locale":"es_ES","og_type":"article","og_title":"Retransmisiones televisivas en DIRECTO de las Fiestas de Moros y Cristianos - MI Ayuntamiento de Caudete","og_description":"P\u00e1gina Oficial del Ayuntamiento de Caudete (Albacete)","og_url":"https:\/\/www.caudete.org\/ayuntamiento\/retransmisiones-televisivas-en-directo-de-las-fiestas-de-moros-y-cristianos\/","og_site_name":"MI Ayuntamiento de Caudete","article_publisher":"https:\/\/www.facebook.com\/ayuntamientocaudete\/","article_published_time":"2025-09-03T10:55:31+00:00","article_modified_time":"2025-09-11T10:55:38+00:00","og_image":[{"width":864,"height":380,"url":"https:\/\/www.caudete.org\/ayuntamiento\/wp-content\/uploads\/2025\/08\/logo-fondos-europa-leader-port.jpg","type":"image\/jpeg"}],"author":"Dpto Informatica MI Ayuntamiento de Caudete","twitter_card":"summary_large_image","twitter_misc":{"Escrito por":"Dpto Informatica MI Ayuntamiento de Caudete","Tiempo de lectura":"2 minutos"},"schema":{"@context":"https:\/\/schema.org","@graph":[{"@type":"Article","@id":"https:\/\/www.caudete.org\/ayuntamiento\/retransmisiones-televisivas-en-directo-de-las-fiestas-de-moros-y-cristianos\/#article","isPartOf":{"@id":"https:\/\/www.caudete.org\/ayuntamiento\/retransmisiones-televisivas-en-directo-de-las-fiestas-de-moros-y-cristianos\/"},"author":{"name":"Dpto Informatica MI Ayuntamiento de Caudete","@id":"https:\/\/www.caudete.org\/ayuntamiento\/#\/schema\/person\/4b9eab41761957db9b1bf9c418d1ef46"},"headline":"Retransmisiones televisivas en DIRECTO de las Fiestas de Moros y Cristianos","datePublished":"2025-09-03T10:55:31+00:00","dateModified":"2025-09-11T10:55:38+00:00","mainEntityOfPage":{"@id":"https:\/\/www.caudete.org\/ayuntamiento\/retransmisiones-televisivas-en-directo-de-las-fiestas-de-moros-y-cristianos\/"},"wordCount":431,"image":{"@id":"https:\/\/www.caudete.org\/ayuntamiento\/retransmisiones-televisivas-en-directo-de-las-fiestas-de-moros-y-cristianos\/#primaryimage"},"thumbnailUrl":"https:\/\/www.caudete.org\/ayuntamiento\/wp-content\/uploads\/2025\/08\/logo-fondos-europa-leader-port.jpg","articleSection":["Fiestas"],"inLanguage":"es"},{"@type":"WebPage","@id":"https:\/\/www.caudete.org\/ayuntamiento\/retransmisiones-televisivas-en-directo-de-las-fiestas-de-moros-y-cristianos\/","url":"https:\/\/www.caudete.org\/ayuntamiento\/retransmisiones-televisivas-en-directo-de-las-fiestas-de-moros-y-cristianos\/","name":"Retransmisiones televisivas en DIRECTO de las Fiestas de Moros y Cristianos - MI Ayuntamiento de Caudete","isPartOf":{"@id":"https:\/\/www.caudete.org\/ayuntamiento\/#website"},"primaryImageOfPage":{"@id":"https:\/\/www.caudete.org\/ayuntamiento\/retransmisiones-televisivas-en-directo-de-las-fiestas-de-moros-y-cristianos\/#primaryimage"},"image":{"@id":"https:\/\/www.caudete.org\/ayuntamiento\/retransmisiones-televisivas-en-directo-de-las-fiestas-de-moros-y-cristianos\/#primaryimage"},"thumbnailUrl":"https:\/\/www.caudete.org\/ayuntamiento\/wp-content\/uploads\/2025\/08\/logo-fondos-europa-leader-port.jpg","datePublished":"2025-09-03T10:55:31+00:00","dateModified":"2025-09-11T10:55:38+00:00","author":{"@id":"https:\/\/www.caudete.org\/ayuntamiento\/#\/schema\/person\/4b9eab41761957db9b1bf9c418d1ef46"},"description":"P\u00e1gina Oficial del Ayuntamiento de Caudete (Albacete)","breadcrumb":{"@id":"https:\/\/www.caudete.org\/ayuntamiento\/retransmisiones-televisivas-en-directo-de-las-fiestas-de-moros-y-cristianos\/#breadcrumb"},"inLanguage":"es","potentialAction":[{"@type":"ReadAction","target":["https:\/\/www.caudete.org\/ayuntamiento\/retransmisiones-televisivas-en-directo-de-las-fiestas-de-moros-y-cristianos\/"]}]},{"@type":"ImageObject","inLanguage":"es","@id":"https:\/\/www.caudete.org\/ayuntamiento\/retransmisiones-televisivas-en-directo-de-las-fiestas-de-moros-y-cristianos\/#primaryimage","url":"https:\/\/www.caudete.org\/ayuntamiento\/wp-content\/uploads\/2025\/08\/logo-fondos-europa-leader-port.jpg","contentUrl":"https:\/\/www.caudete.org\/ayuntamiento\/wp-content\/uploads\/2025\/08\/logo-fondos-europa-leader-port.jpg","width":864,"height":380},{"@type":"BreadcrumbList","@id":"https:\/\/www.caudete.org\/ayuntamiento\/retransmisiones-televisivas-en-directo-de-las-fiestas-de-moros-y-cristianos\/#breadcrumb","itemListElement":[{"@type":"ListItem","position":1,"name":"Inicio","item":"https:\/\/www.caudete.org\/ayuntamiento\/"},{"@type":"ListItem","position":2,"name":"Retransmisiones televisivas en DIRECTO de las Fiestas de Moros y Cristianos"}]},{"@type":"WebSite","@id":"https:\/\/www.caudete.org\/ayuntamiento\/#website","url":"https:\/\/www.caudete.org\/ayuntamiento\/","name":"MI Ayuntamiento de Caudete","description":"P\u00e1gina Oficial del MI Ayuntamiento de Caudete","potentialAction":[{"@type":"SearchAction","target":{"@type":"EntryPoint","urlTemplate":"https:\/\/www.caudete.org\/ayuntamiento\/?s={search_term_string}"},"query-input":{"@type":"PropertyValueSpecification","valueRequired":true,"valueName":"search_term_string"}}],"inLanguage":"es"},{"@type":"Person","@id":"https:\/\/www.caudete.org\/ayuntamiento\/#\/schema\/person\/4b9eab41761957db9b1bf9c418d1ef46","name":"Dpto Informatica MI Ayuntamiento de Caudete","image":{"@type":"ImageObject","inLanguage":"es","@id":"https:\/\/secure.gravatar.com\/avatar\/ac0321ee4a0a83e82a253e7b2d348ef539e2c8fe16d06b600bde04de1b364fa7?s=96&d=mm&r=g","url":"https:\/\/secure.gravatar.com\/avatar\/ac0321ee4a0a83e82a253e7b2d348ef539e2c8fe16d06b600bde04de1b364fa7?s=96&d=mm&r=g","contentUrl":"https:\/\/secure.gravatar.com\/avatar\/ac0321ee4a0a83e82a253e7b2d348ef539e2c8fe16d06b600bde04de1b364fa7?s=96&d=mm&r=g","caption":"Dpto Informatica MI Ayuntamiento de Caudete"},"url":"https:\/\/www.caudete.org\/ayuntamiento\/author\/informatica\/"}]}},"_links":{"self":[{"href":"https:\/\/www.caudete.org\/ayuntamiento\/wp-json\/wp\/v2\/posts\/30577","targetHints":{"allow":["GET"]}}],"collection":[{"href":"https:\/\/www.caudete.org\/ayuntamiento\/wp-json\/wp\/v2\/posts"}],"about":[{"href":"https:\/\/www.caudete.org\/ayuntamiento\/wp-json\/wp\/v2\/types\/post"}],"author":[{"embeddable":true,"href":"https:\/\/www.caudete.org\/ayuntamiento\/wp-json\/wp\/v2\/users\/5"}],"replies":[{"embeddable":true,"href":"https:\/\/www.caudete.org\/ayuntamiento\/wp-json\/wp\/v2\/comments?post=30577"}],"version-history":[{"count":1,"href":"https:\/\/www.caudete.org\/ayuntamiento\/wp-json\/wp\/v2\/posts\/30577\/revisions"}],"predecessor-version":[{"id":30578,"href":"https:\/\/www.caudete.org\/ayuntamiento\/wp-json\/wp\/v2\/posts\/30577\/revisions\/30578"}],"wp:featuredmedia":[{"embeddable":true,"href":"https:\/\/www.caudete.org\/ayuntamiento\/wp-json\/wp\/v2\/media\/30470"}],"wp:attachment":[{"href":"https:\/\/www.caudete.org\/ayuntamiento\/wp-json\/wp\/v2\/media?parent=30577"}],"wp:term":[{"taxonomy":"category","embeddable":true,"href":"https:\/\/www.caudete.org\/ayuntamiento\/wp-json\/wp\/v2\/categories?post=30577"},{"taxonomy":"post_tag","embeddable":true,"href":"https:\/\/www.caudete.org\/ayuntamiento\/wp-json\/wp\/v2\/tags?post=30577"}],"curies":[{"name":"wp","href":"https:\/\/api.w.org\/{rel}","templated":true}]}}