{"id":30581,"date":"2025-09-04T08:25:27","date_gmt":"2025-09-04T06:25:27","guid":{"rendered":"https:\/\/www.caudete.org\/ayuntamiento\/?p=30581"},"modified":"2025-09-04T08:25:27","modified_gmt":"2025-09-04T06:25:27","slug":"guaridas-y-sedes-festeras-quedan-identificadas-con-una-placa-en-su-fachada","status":"publish","type":"post","link":"https:\/\/www.caudete.org\/ayuntamiento\/guaridas-y-sedes-festeras-quedan-identificadas-con-una-placa-en-su-fachada\/","title":{"rendered":"Guaridas y Sedes Festeras quedan identificadas con una placa en su fachada"},"content":{"rendered":"<p>Esta ma\u00f1ana la Brigada de Obras comenzaba con la instalaci\u00f3n de placas identificativas en las fachadas de Guaridas y Sedes Festeras, en aplicaci\u00f3n de sendas Ordenanzas Reguladoras que datan del a\u00f1o 2013.<\/p>\n<p>El Concejal de Urbanismo, Mois\u00e9s L\u00f3pez, quien gestiona el \u00e1rea de Actividades, ha explicado la medida, ya que entre sus competencias figura la tramitaci\u00f3n las autorizaciones de este tipo de locales tan propios, frecuentados y caracter\u00edsticos de nuestro municipio, y con mayor \u00edmpetu durante las Fiestas Patronales de Moros y Cristianos.<\/p>\n<p>Tal y como ha explicado L\u00f3pez, ambas Ordenanzas establecen que los locales autorizados (Guaridas y Sedes Festeras) han de tener en su fachada una placa identificativa que permita a los agentes de la autoridad su identificaci\u00f3n, localizaci\u00f3n y consulta de datos b\u00e1sicos.<\/p>\n<p>As\u00ed pues, durante todo el verano se ha estado trabajando en este proyecto junto al Departamento Inform\u00e1tico.<\/p>\n<p>Para ello, se ha ido recopilando y actualizando informaci\u00f3n facilitada por propios usuarios, tal y como marca la normativa vigente, lo que se deber\u00e1 que se record\u00f3 mediante Bando Municipal, y de posteriormente de forma personalizada para no dejar al menos fuera a aquellas registradas en a\u00f1os anteriores.<\/p>\n<p>Paralelamente, el Departamento Inform\u00e1tico ha creado un programa inform\u00e1tico espec\u00edfico a modo base de datos que contempla toda la informaci\u00f3n de manera precisa, y conecta con los expedientes generados en la plataforma municipal.<\/p>\n<p>El dise\u00f1o de unas placas identificativas en tama\u00f1o A5 (aproximado), se diferencian las Sedes Festeras (tanto tipo A como B), de las Guaridas Temporales y Permanentes, estableciendo para cada tipolog\u00eda un color diferente en su per\u00edmetro.<\/p>\n<p>Un n\u00famero identificativo las relaciona con la base de datos, al igual que un c\u00f3digo QR, al que \u00fanicamente pueden acceder los Agentes de Polic\u00eda, y donde se brinda la informaci\u00f3n y documentaci\u00f3n suficiente para identificar vigencia de la autorizaci\u00f3n, validez del seguro, certificado t\u00e9cnico, propietario, interesados, etc.<\/p>\n<p>Es una medida que:<br \/>\n&#8211; Facilita la identificaci\u00f3n ante cualquier circunstancia.<br \/>\n&#8211; Las diferencia respecto de aquellas que no tengan autorizaci\u00f3n municipal.<br \/>\n&#8211; Cumple el Ayuntamiento con sus obligaciones fijadas por normativa.<\/p>\n<p>Se preve que la totalidad de placas, cerca de 50, queden instaladas completamente al mediod\u00eda de ma\u00f1ana dia 4 de septiembre.<\/p>\n<p><a href=\"https:\/\/www.caudete.org\/ayuntamiento\/wp-content\/uploads\/2025\/09\/Puestaplacasguaridas.jpg\" rel='prettyPhoto'><img fetchpriority=\"high\" decoding=\"async\" class=\"alignnone size-full wp-image-30585\" src=\"https:\/\/www.caudete.org\/ayuntamiento\/wp-content\/uploads\/2025\/09\/Puestaplacasguaridas.jpg\" alt=\"\" width=\"1000\" height=\"901\" srcset=\"https:\/\/www.caudete.org\/ayuntamiento\/wp-content\/uploads\/2025\/09\/Puestaplacasguaridas.jpg 1000w, https:\/\/www.caudete.org\/ayuntamiento\/wp-content\/uploads\/2025\/09\/Puestaplacasguaridas-888x800.jpg 888w, https:\/\/www.caudete.org\/ayuntamiento\/wp-content\/uploads\/2025\/09\/Puestaplacasguaridas-244x220.jpg 244w, https:\/\/www.caudete.org\/ayuntamiento\/wp-content\/uploads\/2025\/09\/Puestaplacasguaridas-768x692.jpg 768w\" sizes=\"(max-width: 1000px) 100vw, 1000px\" \/><\/a><\/p>\n","protected":false},"excerpt":{"rendered":"<p>Esta ma\u00f1ana la Brigada de Obras comenzaba con la instalaci\u00f3n de placas identificativas en las fachadas de Guaridas y Sedes Festeras, en aplicaci\u00f3n de sendas Ordenanzas Reguladoras que datan del a\u00f1o 2013. El Concejal de Urbanismo, Mois\u00e9s L\u00f3pez, quien gestiona el \u00e1rea de Actividades, ha explicado la medida, ya que entre sus competencias figura la &hellip;<\/p>\n","protected":false},"author":5,"featured_media":30582,"comment_status":"closed","ping_status":"open","sticky":false,"template":"","format":"standard","meta":{"ngg_post_thumbnail":0,"footnotes":""},"categories":[48],"tags":[],"class_list":["post-30581","post","type-post","status-publish","format-standard","has-post-thumbnail","hentry","category-urbanismo"],"yoast_head":"<!-- This site is optimized with the Yoast SEO plugin v27.5 - https:\/\/yoast.com\/product\/yoast-seo-wordpress\/ -->\n<title>Guaridas y Sedes Festeras quedan identificadas con una placa en su fachada - MI Ayuntamiento de Caudete<\/title>\n<meta name=\"description\" content=\"P\u00e1gina Oficial del Ayuntamiento de Caudete (Albacete)\" \/>\n<meta name=\"robots\" content=\"index, follow, max-snippet:-1, max-image-preview:large, max-video-preview:-1\" \/>\n<link rel=\"canonical\" href=\"https:\/\/www.caudete.org\/ayuntamiento\/guaridas-y-sedes-festeras-quedan-identificadas-con-una-placa-en-su-fachada\/\" \/>\n<meta property=\"og:locale\" content=\"es_ES\" \/>\n<meta property=\"og:type\" content=\"article\" \/>\n<meta property=\"og:title\" content=\"Guaridas y Sedes Festeras quedan identificadas con una placa en su fachada - MI Ayuntamiento de Caudete\" \/>\n<meta property=\"og:description\" content=\"P\u00e1gina Oficial del Ayuntamiento de Caudete (Albacete)\" \/>\n<meta property=\"og:url\" content=\"https:\/\/www.caudete.org\/ayuntamiento\/guaridas-y-sedes-festeras-quedan-identificadas-con-una-placa-en-su-fachada\/\" \/>\n<meta property=\"og:site_name\" content=\"MI Ayuntamiento de Caudete\" \/>\n<meta property=\"article:publisher\" content=\"https:\/\/www.facebook.com\/ayuntamientocaudete\/\" \/>\n<meta property=\"article:published_time\" content=\"2025-09-04T06:25:27+00:00\" \/>\n<meta property=\"og:image\" content=\"https:\/\/www.caudete.org\/ayuntamiento\/wp-content\/uploads\/2025\/09\/PlacasGuaridas.jpg\" \/>\n\t<meta property=\"og:image:width\" content=\"1000\" \/>\n\t<meta property=\"og:image:height\" content=\"454\" \/>\n\t<meta property=\"og:image:type\" content=\"image\/jpeg\" \/>\n<meta name=\"author\" content=\"Dpto Informatica MI Ayuntamiento de Caudete\" \/>\n<meta name=\"twitter:card\" content=\"summary_large_image\" \/>\n<meta name=\"twitter:label1\" content=\"Escrito por\" \/>\n\t<meta name=\"twitter:data1\" content=\"Dpto Informatica MI Ayuntamiento de Caudete\" \/>\n\t<meta name=\"twitter:label2\" content=\"Tiempo de lectura\" \/>\n\t<meta name=\"twitter:data2\" content=\"3 minutos\" \/>\n<script type=\"application\/ld+json\" class=\"yoast-schema-graph\">{\"@context\":\"https:\\\/\\\/schema.org\",\"@graph\":[{\"@type\":\"Article\",\"@id\":\"https:\\\/\\\/www.caudete.org\\\/ayuntamiento\\\/guaridas-y-sedes-festeras-quedan-identificadas-con-una-placa-en-su-fachada\\\/#article\",\"isPartOf\":{\"@id\":\"https:\\\/\\\/www.caudete.org\\\/ayuntamiento\\\/guaridas-y-sedes-festeras-quedan-identificadas-con-una-placa-en-su-fachada\\\/\"},\"author\":{\"name\":\"Dpto Informatica MI Ayuntamiento de Caudete\",\"@id\":\"https:\\\/\\\/www.caudete.org\\\/ayuntamiento\\\/#\\\/schema\\\/person\\\/4b9eab41761957db9b1bf9c418d1ef46\"},\"headline\":\"Guaridas y Sedes Festeras quedan identificadas con una placa en su fachada\",\"datePublished\":\"2025-09-04T06:25:27+00:00\",\"mainEntityOfPage\":{\"@id\":\"https:\\\/\\\/www.caudete.org\\\/ayuntamiento\\\/guaridas-y-sedes-festeras-quedan-identificadas-con-una-placa-en-su-fachada\\\/\"},\"wordCount\":403,\"image\":{\"@id\":\"https:\\\/\\\/www.caudete.org\\\/ayuntamiento\\\/guaridas-y-sedes-festeras-quedan-identificadas-con-una-placa-en-su-fachada\\\/#primaryimage\"},\"thumbnailUrl\":\"https:\\\/\\\/www.caudete.org\\\/ayuntamiento\\\/wp-content\\\/uploads\\\/2025\\\/09\\\/PlacasGuaridas.jpg\",\"articleSection\":[\"Urbanismo\"],\"inLanguage\":\"es\"},{\"@type\":\"WebPage\",\"@id\":\"https:\\\/\\\/www.caudete.org\\\/ayuntamiento\\\/guaridas-y-sedes-festeras-quedan-identificadas-con-una-placa-en-su-fachada\\\/\",\"url\":\"https:\\\/\\\/www.caudete.org\\\/ayuntamiento\\\/guaridas-y-sedes-festeras-quedan-identificadas-con-una-placa-en-su-fachada\\\/\",\"name\":\"Guaridas y Sedes Festeras quedan identificadas con una placa en su fachada - MI Ayuntamiento de Caudete\",\"isPartOf\":{\"@id\":\"https:\\\/\\\/www.caudete.org\\\/ayuntamiento\\\/#website\"},\"primaryImageOfPage\":{\"@id\":\"https:\\\/\\\/www.caudete.org\\\/ayuntamiento\\\/guaridas-y-sedes-festeras-quedan-identificadas-con-una-placa-en-su-fachada\\\/#primaryimage\"},\"image\":{\"@id\":\"https:\\\/\\\/www.caudete.org\\\/ayuntamiento\\\/guaridas-y-sedes-festeras-quedan-identificadas-con-una-placa-en-su-fachada\\\/#primaryimage\"},\"thumbnailUrl\":\"https:\\\/\\\/www.caudete.org\\\/ayuntamiento\\\/wp-content\\\/uploads\\\/2025\\\/09\\\/PlacasGuaridas.jpg\",\"datePublished\":\"2025-09-04T06:25:27+00:00\",\"author\":{\"@id\":\"https:\\\/\\\/www.caudete.org\\\/ayuntamiento\\\/#\\\/schema\\\/person\\\/4b9eab41761957db9b1bf9c418d1ef46\"},\"description\":\"P\u00e1gina Oficial del Ayuntamiento de Caudete (Albacete)\",\"breadcrumb\":{\"@id\":\"https:\\\/\\\/www.caudete.org\\\/ayuntamiento\\\/guaridas-y-sedes-festeras-quedan-identificadas-con-una-placa-en-su-fachada\\\/#breadcrumb\"},\"inLanguage\":\"es\",\"potentialAction\":[{\"@type\":\"ReadAction\",\"target\":[\"https:\\\/\\\/www.caudete.org\\\/ayuntamiento\\\/guaridas-y-sedes-festeras-quedan-identificadas-con-una-placa-en-su-fachada\\\/\"]}]},{\"@type\":\"ImageObject\",\"inLanguage\":\"es\",\"@id\":\"https:\\\/\\\/www.caudete.org\\\/ayuntamiento\\\/guaridas-y-sedes-festeras-quedan-identificadas-con-una-placa-en-su-fachada\\\/#primaryimage\",\"url\":\"https:\\\/\\\/www.caudete.org\\\/ayuntamiento\\\/wp-content\\\/uploads\\\/2025\\\/09\\\/PlacasGuaridas.jpg\",\"contentUrl\":\"https:\\\/\\\/www.caudete.org\\\/ayuntamiento\\\/wp-content\\\/uploads\\\/2025\\\/09\\\/PlacasGuaridas.jpg\",\"width\":1000,\"height\":454},{\"@type\":\"BreadcrumbList\",\"@id\":\"https:\\\/\\\/www.caudete.org\\\/ayuntamiento\\\/guaridas-y-sedes-festeras-quedan-identificadas-con-una-placa-en-su-fachada\\\/#breadcrumb\",\"itemListElement\":[{\"@type\":\"ListItem\",\"position\":1,\"name\":\"Inicio\",\"item\":\"https:\\\/\\\/www.caudete.org\\\/ayuntamiento\\\/\"},{\"@type\":\"ListItem\",\"position\":2,\"name\":\"Guaridas y Sedes Festeras quedan identificadas con una placa en su fachada\"}]},{\"@type\":\"WebSite\",\"@id\":\"https:\\\/\\\/www.caudete.org\\\/ayuntamiento\\\/#website\",\"url\":\"https:\\\/\\\/www.caudete.org\\\/ayuntamiento\\\/\",\"name\":\"MI Ayuntamiento de Caudete\",\"description\":\"P\u00e1gina Oficial del MI Ayuntamiento de Caudete\",\"potentialAction\":[{\"@type\":\"SearchAction\",\"target\":{\"@type\":\"EntryPoint\",\"urlTemplate\":\"https:\\\/\\\/www.caudete.org\\\/ayuntamiento\\\/?s={search_term_string}\"},\"query-input\":{\"@type\":\"PropertyValueSpecification\",\"valueRequired\":true,\"valueName\":\"search_term_string\"}}],\"inLanguage\":\"es\"},{\"@type\":\"Person\",\"@id\":\"https:\\\/\\\/www.caudete.org\\\/ayuntamiento\\\/#\\\/schema\\\/person\\\/4b9eab41761957db9b1bf9c418d1ef46\",\"name\":\"Dpto Informatica MI Ayuntamiento de Caudete\",\"image\":{\"@type\":\"ImageObject\",\"inLanguage\":\"es\",\"@id\":\"https:\\\/\\\/secure.gravatar.com\\\/avatar\\\/ac0321ee4a0a83e82a253e7b2d348ef539e2c8fe16d06b600bde04de1b364fa7?s=96&d=mm&r=g\",\"url\":\"https:\\\/\\\/secure.gravatar.com\\\/avatar\\\/ac0321ee4a0a83e82a253e7b2d348ef539e2c8fe16d06b600bde04de1b364fa7?s=96&d=mm&r=g\",\"contentUrl\":\"https:\\\/\\\/secure.gravatar.com\\\/avatar\\\/ac0321ee4a0a83e82a253e7b2d348ef539e2c8fe16d06b600bde04de1b364fa7?s=96&d=mm&r=g\",\"caption\":\"Dpto Informatica MI Ayuntamiento de Caudete\"},\"url\":\"https:\\\/\\\/www.caudete.org\\\/ayuntamiento\\\/author\\\/informatica\\\/\"}]}<\/script>\n<!-- \/ Yoast SEO plugin. -->","yoast_head_json":{"title":"Guaridas y Sedes Festeras quedan identificadas con una placa en su fachada - MI Ayuntamiento de Caudete","description":"P\u00e1gina Oficial del Ayuntamiento de Caudete (Albacete)","robots":{"index":"index","follow":"follow","max-snippet":"max-snippet:-1","max-image-preview":"max-image-preview:large","max-video-preview":"max-video-preview:-1"},"canonical":"https:\/\/www.caudete.org\/ayuntamiento\/guaridas-y-sedes-festeras-quedan-identificadas-con-una-placa-en-su-fachada\/","og_locale":"es_ES","og_type":"article","og_title":"Guaridas y Sedes Festeras quedan identificadas con una placa en su fachada - MI Ayuntamiento de Caudete","og_description":"P\u00e1gina Oficial del Ayuntamiento de Caudete (Albacete)","og_url":"https:\/\/www.caudete.org\/ayuntamiento\/guaridas-y-sedes-festeras-quedan-identificadas-con-una-placa-en-su-fachada\/","og_site_name":"MI Ayuntamiento de Caudete","article_publisher":"https:\/\/www.facebook.com\/ayuntamientocaudete\/","article_published_time":"2025-09-04T06:25:27+00:00","og_image":[{"width":1000,"height":454,"url":"https:\/\/www.caudete.org\/ayuntamiento\/wp-content\/uploads\/2025\/09\/PlacasGuaridas.jpg","type":"image\/jpeg"}],"author":"Dpto Informatica MI Ayuntamiento de Caudete","twitter_card":"summary_large_image","twitter_misc":{"Escrito por":"Dpto Informatica MI Ayuntamiento de Caudete","Tiempo de lectura":"3 minutos"},"schema":{"@context":"https:\/\/schema.org","@graph":[{"@type":"Article","@id":"https:\/\/www.caudete.org\/ayuntamiento\/guaridas-y-sedes-festeras-quedan-identificadas-con-una-placa-en-su-fachada\/#article","isPartOf":{"@id":"https:\/\/www.caudete.org\/ayuntamiento\/guaridas-y-sedes-festeras-quedan-identificadas-con-una-placa-en-su-fachada\/"},"author":{"name":"Dpto Informatica MI Ayuntamiento de Caudete","@id":"https:\/\/www.caudete.org\/ayuntamiento\/#\/schema\/person\/4b9eab41761957db9b1bf9c418d1ef46"},"headline":"Guaridas y Sedes Festeras quedan identificadas con una placa en su fachada","datePublished":"2025-09-04T06:25:27+00:00","mainEntityOfPage":{"@id":"https:\/\/www.caudete.org\/ayuntamiento\/guaridas-y-sedes-festeras-quedan-identificadas-con-una-placa-en-su-fachada\/"},"wordCount":403,"image":{"@id":"https:\/\/www.caudete.org\/ayuntamiento\/guaridas-y-sedes-festeras-quedan-identificadas-con-una-placa-en-su-fachada\/#primaryimage"},"thumbnailUrl":"https:\/\/www.caudete.org\/ayuntamiento\/wp-content\/uploads\/2025\/09\/PlacasGuaridas.jpg","articleSection":["Urbanismo"],"inLanguage":"es"},{"@type":"WebPage","@id":"https:\/\/www.caudete.org\/ayuntamiento\/guaridas-y-sedes-festeras-quedan-identificadas-con-una-placa-en-su-fachada\/","url":"https:\/\/www.caudete.org\/ayuntamiento\/guaridas-y-sedes-festeras-quedan-identificadas-con-una-placa-en-su-fachada\/","name":"Guaridas y Sedes Festeras quedan identificadas con una placa en su fachada - MI Ayuntamiento de Caudete","isPartOf":{"@id":"https:\/\/www.caudete.org\/ayuntamiento\/#website"},"primaryImageOfPage":{"@id":"https:\/\/www.caudete.org\/ayuntamiento\/guaridas-y-sedes-festeras-quedan-identificadas-con-una-placa-en-su-fachada\/#primaryimage"},"image":{"@id":"https:\/\/www.caudete.org\/ayuntamiento\/guaridas-y-sedes-festeras-quedan-identificadas-con-una-placa-en-su-fachada\/#primaryimage"},"thumbnailUrl":"https:\/\/www.caudete.org\/ayuntamiento\/wp-content\/uploads\/2025\/09\/PlacasGuaridas.jpg","datePublished":"2025-09-04T06:25:27+00:00","author":{"@id":"https:\/\/www.caudete.org\/ayuntamiento\/#\/schema\/person\/4b9eab41761957db9b1bf9c418d1ef46"},"description":"P\u00e1gina Oficial del Ayuntamiento de Caudete (Albacete)","breadcrumb":{"@id":"https:\/\/www.caudete.org\/ayuntamiento\/guaridas-y-sedes-festeras-quedan-identificadas-con-una-placa-en-su-fachada\/#breadcrumb"},"inLanguage":"es","potentialAction":[{"@type":"ReadAction","target":["https:\/\/www.caudete.org\/ayuntamiento\/guaridas-y-sedes-festeras-quedan-identificadas-con-una-placa-en-su-fachada\/"]}]},{"@type":"ImageObject","inLanguage":"es","@id":"https:\/\/www.caudete.org\/ayuntamiento\/guaridas-y-sedes-festeras-quedan-identificadas-con-una-placa-en-su-fachada\/#primaryimage","url":"https:\/\/www.caudete.org\/ayuntamiento\/wp-content\/uploads\/2025\/09\/PlacasGuaridas.jpg","contentUrl":"https:\/\/www.caudete.org\/ayuntamiento\/wp-content\/uploads\/2025\/09\/PlacasGuaridas.jpg","width":1000,"height":454},{"@type":"BreadcrumbList","@id":"https:\/\/www.caudete.org\/ayuntamiento\/guaridas-y-sedes-festeras-quedan-identificadas-con-una-placa-en-su-fachada\/#breadcrumb","itemListElement":[{"@type":"ListItem","position":1,"name":"Inicio","item":"https:\/\/www.caudete.org\/ayuntamiento\/"},{"@type":"ListItem","position":2,"name":"Guaridas y Sedes Festeras quedan identificadas con una placa en su fachada"}]},{"@type":"WebSite","@id":"https:\/\/www.caudete.org\/ayuntamiento\/#website","url":"https:\/\/www.caudete.org\/ayuntamiento\/","name":"MI Ayuntamiento de Caudete","description":"P\u00e1gina Oficial del MI Ayuntamiento de Caudete","potentialAction":[{"@type":"SearchAction","target":{"@type":"EntryPoint","urlTemplate":"https:\/\/www.caudete.org\/ayuntamiento\/?s={search_term_string}"},"query-input":{"@type":"PropertyValueSpecification","valueRequired":true,"valueName":"search_term_string"}}],"inLanguage":"es"},{"@type":"Person","@id":"https:\/\/www.caudete.org\/ayuntamiento\/#\/schema\/person\/4b9eab41761957db9b1bf9c418d1ef46","name":"Dpto Informatica MI Ayuntamiento de Caudete","image":{"@type":"ImageObject","inLanguage":"es","@id":"https:\/\/secure.gravatar.com\/avatar\/ac0321ee4a0a83e82a253e7b2d348ef539e2c8fe16d06b600bde04de1b364fa7?s=96&d=mm&r=g","url":"https:\/\/secure.gravatar.com\/avatar\/ac0321ee4a0a83e82a253e7b2d348ef539e2c8fe16d06b600bde04de1b364fa7?s=96&d=mm&r=g","contentUrl":"https:\/\/secure.gravatar.com\/avatar\/ac0321ee4a0a83e82a253e7b2d348ef539e2c8fe16d06b600bde04de1b364fa7?s=96&d=mm&r=g","caption":"Dpto Informatica MI Ayuntamiento de Caudete"},"url":"https:\/\/www.caudete.org\/ayuntamiento\/author\/informatica\/"}]}},"_links":{"self":[{"href":"https:\/\/www.caudete.org\/ayuntamiento\/wp-json\/wp\/v2\/posts\/30581","targetHints":{"allow":["GET"]}}],"collection":[{"href":"https:\/\/www.caudete.org\/ayuntamiento\/wp-json\/wp\/v2\/posts"}],"about":[{"href":"https:\/\/www.caudete.org\/ayuntamiento\/wp-json\/wp\/v2\/types\/post"}],"author":[{"embeddable":true,"href":"https:\/\/www.caudete.org\/ayuntamiento\/wp-json\/wp\/v2\/users\/5"}],"replies":[{"embeddable":true,"href":"https:\/\/www.caudete.org\/ayuntamiento\/wp-json\/wp\/v2\/comments?post=30581"}],"version-history":[{"count":2,"href":"https:\/\/www.caudete.org\/ayuntamiento\/wp-json\/wp\/v2\/posts\/30581\/revisions"}],"predecessor-version":[{"id":30586,"href":"https:\/\/www.caudete.org\/ayuntamiento\/wp-json\/wp\/v2\/posts\/30581\/revisions\/30586"}],"wp:featuredmedia":[{"embeddable":true,"href":"https:\/\/www.caudete.org\/ayuntamiento\/wp-json\/wp\/v2\/media\/30582"}],"wp:attachment":[{"href":"https:\/\/www.caudete.org\/ayuntamiento\/wp-json\/wp\/v2\/media?parent=30581"}],"wp:term":[{"taxonomy":"category","embeddable":true,"href":"https:\/\/www.caudete.org\/ayuntamiento\/wp-json\/wp\/v2\/categories?post=30581"},{"taxonomy":"post_tag","embeddable":true,"href":"https:\/\/www.caudete.org\/ayuntamiento\/wp-json\/wp\/v2\/tags?post=30581"}],"curies":[{"name":"wp","href":"https:\/\/api.w.org\/{rel}","templated":true}]}}