{"id":30614,"date":"2025-09-16T07:58:04","date_gmt":"2025-09-16T05:58:04","guid":{"rendered":"https:\/\/www.caudete.org\/ayuntamiento\/?p=30614"},"modified":"2025-09-16T07:58:04","modified_gmt":"2025-09-16T05:58:04","slug":"agradecimientos-del-alcalde-por-las-fiestas-2025","status":"publish","type":"post","link":"https:\/\/www.caudete.org\/ayuntamiento\/agradecimientos-del-alcalde-por-las-fiestas-2025\/","title":{"rendered":"Agradecimientos del alcalde por las fiestas 2025"},"content":{"rendered":"<p>Para que unas Fiestas de Moros y Cristianos \u00a0de la envergadura de las que celebramos en Caudete cada a\u00f1o, para honrar a nuestra Patrona la Virgen de Gracia, puedan llevarse a cabo, es necesaria la participaci\u00f3n y coordinaci\u00f3n de mucha gente y entidades. Y, en mi modesta opini\u00f3n, como Alcalde de Caudete creo, que todas merecen un reconocimiento, m\u00e1s si cabe, cuando una parte muy importante lo hacen de forma altruista, incluso costeando una parte importante de gastos.<\/p>\n<p>Por todo ello quiero agradecer en mi nombre, el de mi Equipo de Gobierno y el de todos los caudetanos, el esfuerzo, dedicaci\u00f3n y empe\u00f1o llevados a cabo por los directivos de las Comparsas y por los de la\u00a0 Asociaci\u00f3n. Sin su trabajo durante todo el a\u00f1o, las fiestas no se podr\u00edan realizar con el orden y vistosidad que vemos en cada acto.<\/p>\n<p>Las Capitan\u00edas de todas y cada una de las Comparsas de nuestro pueblo, por ser las encargadas de sostener y trasladar, a\u00f1o tras a\u00f1o, la responsabilidad de mantener vivas nuestras tradiciones m\u00e1s profundas, adem\u00e1s de afrontar el mayor esfuerzo econ\u00f3mico y emotivo para que as\u00ed sea.<\/p>\n<p>El grupo de la Reina y Damas que con su juventud ponen un toque de belleza, alegr\u00eda y simpat\u00eda en cada acto en el que participan en nuestras Fiestas.<\/p>\n<p>Los festeros de cada Comparsa \u00bfqu\u00e9 ser\u00edan nuestras Fiestas sin ellos? Son el verdadero pilar sobre el que se sustenta todo este gran entramado festero; y dentro de los festeros, personalmente, siempre he valorado muy alto a aquellos que pagan su cuota y no participan. Lo hacen porque sienten los \u201ccolores\u201d. A todos, a los unos y a los otros, mil\u00a0 gracias por su impagable aportaci\u00f3n.<\/p>\n<p>Menci\u00f3n especial merece una figura que pasa muy desapercibida para la gente, pero que es de vital importancia dentro de la Fiesta: me refiero al Alcalde de Fiestas, \u00e9l es el encargado de que el Programa se lleve a cabo puntualmente. Muchas gracias Alcalde.<\/p>\n<p>Pero hay much\u00edsima m\u00e1s gente implicada para que podamos realizar unas Fiestas dignas y seguras en todos los aspectos. La Guardia Civil y Polic\u00eda Municipal que con su buen hacer han mantenido el pueblo ordenado y seguro dentro de lo que la ley les permite. Lo han dado todo para que los problemas, tanto de tr\u00e1fico como de seguridad no fueran mayores.<\/p>\n<p>Protecci\u00f3n civil, un grupo de personas que de forma voluntaria y sin esperar nada a cambio, dedican su tiempo a la seguridad de los dem\u00e1s \u00a1\u00a1grandes, muy grandes!!<\/p>\n<p>Bomberos y ambulancias, siempre pendientes y dispuestos a actuar con rapidez para que cualquier incidente o accidente no pase a mayores.<\/p>\n<p>Los t\u00e9cnicos Municipales de Seguridad, Medio Ambiente, Polic\u00eda y Obras que se han encargado de dise\u00f1ar cada uno de los operativos necesarios en cada momento.<\/p>\n<p>Los Equipos de Obras y Agua, sus fiestas las viven trabajando para que nosotros las disfrutemos, sin apenas darnos cuenta de la inmensa labor que realizan. Os aseguro que sin ellos ser\u00eda muy dif\u00edcil realizar las fiestas.<\/p>\n<p>Las personas que de forma desinteresada han colaborado con el Alcalde y sus compa\u00f1eros para que los invitados a la tribuna y al patio hayan estado debidamente atendidos. Han regalado su tiempo y ahorrado dinero a los caudetanos para que todos nos hayamos sentido m\u00e1s c\u00f3modos. Muchas gracias a todos.<\/p>\n<p>Y \u00bfpor qu\u00e9 no? Mis compa\u00f1eros los Concejales, que se encargan de prepararlo y coordinarlo todo para que el pueblo est\u00e9 limpio, la feria luzca cada a\u00f1o un poco mejor y cuidar cada detalle y que todo salga lo mejor posible.<\/p>\n<p>Ahora, terminadas las que considero unas muy buenas Fiestas de 2025, hay que ponernos manos a la obra para que las de 2026 sean un poco mejores.<\/p>\n<p>\u00a1\u00a1VAMOS CAUDETANOS!!<\/p>\n<p>P.D. El an\u00e1lisis de las fiestas 2025 lo publicaremos en breve.<\/p>\n","protected":false},"excerpt":{"rendered":"<p>Para que unas Fiestas de Moros y Cristianos \u00a0de la envergadura de las que celebramos en Caudete cada a\u00f1o, para honrar a nuestra Patrona la Virgen de Gracia, puedan llevarse a cabo, es necesaria la participaci\u00f3n y coordinaci\u00f3n de mucha gente y entidades. Y, en mi modesta opini\u00f3n, como Alcalde de Caudete creo, que todas &hellip;<\/p>\n","protected":false},"author":5,"featured_media":30616,"comment_status":"closed","ping_status":"open","sticky":false,"template":"","format":"standard","meta":{"ngg_post_thumbnail":0,"footnotes":""},"categories":[31],"tags":[],"class_list":["post-30614","post","type-post","status-publish","format-standard","has-post-thumbnail","hentry","category-fiestas"],"yoast_head":"<!-- This site is optimized with the Yoast SEO plugin v27.5 - https:\/\/yoast.com\/product\/yoast-seo-wordpress\/ -->\n<title>Agradecimientos del alcalde por las fiestas 2025 - MI Ayuntamiento de Caudete<\/title>\n<meta name=\"description\" content=\"P\u00e1gina Oficial del Ayuntamiento de Caudete (Albacete)\" \/>\n<meta name=\"robots\" content=\"index, follow, max-snippet:-1, max-image-preview:large, max-video-preview:-1\" \/>\n<link rel=\"canonical\" href=\"https:\/\/www.caudete.org\/ayuntamiento\/agradecimientos-del-alcalde-por-las-fiestas-2025\/\" \/>\n<meta property=\"og:locale\" content=\"es_ES\" \/>\n<meta property=\"og:type\" content=\"article\" \/>\n<meta property=\"og:title\" content=\"Agradecimientos del alcalde por las fiestas 2025 - MI Ayuntamiento de Caudete\" \/>\n<meta property=\"og:description\" content=\"P\u00e1gina Oficial del Ayuntamiento de Caudete (Albacete)\" \/>\n<meta property=\"og:url\" content=\"https:\/\/www.caudete.org\/ayuntamiento\/agradecimientos-del-alcalde-por-las-fiestas-2025\/\" \/>\n<meta property=\"og:site_name\" content=\"MI Ayuntamiento de Caudete\" \/>\n<meta property=\"article:publisher\" content=\"https:\/\/www.facebook.com\/ayuntamientocaudete\/\" \/>\n<meta property=\"article:published_time\" content=\"2025-09-16T05:58:04+00:00\" \/>\n<meta property=\"og:image\" content=\"https:\/\/www.caudete.org\/ayuntamiento\/wp-content\/uploads\/2025\/09\/VirgendeGracia-1.jpg\" \/>\n\t<meta property=\"og:image:width\" content=\"790\" \/>\n\t<meta property=\"og:image:height\" content=\"484\" \/>\n\t<meta property=\"og:image:type\" content=\"image\/jpeg\" \/>\n<meta name=\"author\" content=\"Dpto Informatica MI Ayuntamiento de Caudete\" \/>\n<meta name=\"twitter:card\" content=\"summary_large_image\" \/>\n<meta name=\"twitter:label1\" content=\"Escrito por\" \/>\n\t<meta name=\"twitter:data1\" content=\"Dpto Informatica MI Ayuntamiento de Caudete\" \/>\n\t<meta name=\"twitter:label2\" content=\"Tiempo de lectura\" \/>\n\t<meta name=\"twitter:data2\" content=\"4 minutos\" \/>\n<script type=\"application\/ld+json\" class=\"yoast-schema-graph\">{\"@context\":\"https:\\\/\\\/schema.org\",\"@graph\":[{\"@type\":\"Article\",\"@id\":\"https:\\\/\\\/www.caudete.org\\\/ayuntamiento\\\/agradecimientos-del-alcalde-por-las-fiestas-2025\\\/#article\",\"isPartOf\":{\"@id\":\"https:\\\/\\\/www.caudete.org\\\/ayuntamiento\\\/agradecimientos-del-alcalde-por-las-fiestas-2025\\\/\"},\"author\":{\"name\":\"Dpto Informatica MI Ayuntamiento de Caudete\",\"@id\":\"https:\\\/\\\/www.caudete.org\\\/ayuntamiento\\\/#\\\/schema\\\/person\\\/4b9eab41761957db9b1bf9c418d1ef46\"},\"headline\":\"Agradecimientos del alcalde por las fiestas 2025\",\"datePublished\":\"2025-09-16T05:58:04+00:00\",\"mainEntityOfPage\":{\"@id\":\"https:\\\/\\\/www.caudete.org\\\/ayuntamiento\\\/agradecimientos-del-alcalde-por-las-fiestas-2025\\\/\"},\"wordCount\":672,\"image\":{\"@id\":\"https:\\\/\\\/www.caudete.org\\\/ayuntamiento\\\/agradecimientos-del-alcalde-por-las-fiestas-2025\\\/#primaryimage\"},\"thumbnailUrl\":\"https:\\\/\\\/www.caudete.org\\\/ayuntamiento\\\/wp-content\\\/uploads\\\/2025\\\/09\\\/VirgendeGracia-1.jpg\",\"articleSection\":[\"Fiestas\"],\"inLanguage\":\"es\"},{\"@type\":\"WebPage\",\"@id\":\"https:\\\/\\\/www.caudete.org\\\/ayuntamiento\\\/agradecimientos-del-alcalde-por-las-fiestas-2025\\\/\",\"url\":\"https:\\\/\\\/www.caudete.org\\\/ayuntamiento\\\/agradecimientos-del-alcalde-por-las-fiestas-2025\\\/\",\"name\":\"Agradecimientos del alcalde por las fiestas 2025 - MI Ayuntamiento de Caudete\",\"isPartOf\":{\"@id\":\"https:\\\/\\\/www.caudete.org\\\/ayuntamiento\\\/#website\"},\"primaryImageOfPage\":{\"@id\":\"https:\\\/\\\/www.caudete.org\\\/ayuntamiento\\\/agradecimientos-del-alcalde-por-las-fiestas-2025\\\/#primaryimage\"},\"image\":{\"@id\":\"https:\\\/\\\/www.caudete.org\\\/ayuntamiento\\\/agradecimientos-del-alcalde-por-las-fiestas-2025\\\/#primaryimage\"},\"thumbnailUrl\":\"https:\\\/\\\/www.caudete.org\\\/ayuntamiento\\\/wp-content\\\/uploads\\\/2025\\\/09\\\/VirgendeGracia-1.jpg\",\"datePublished\":\"2025-09-16T05:58:04+00:00\",\"author\":{\"@id\":\"https:\\\/\\\/www.caudete.org\\\/ayuntamiento\\\/#\\\/schema\\\/person\\\/4b9eab41761957db9b1bf9c418d1ef46\"},\"description\":\"P\u00e1gina Oficial del Ayuntamiento de Caudete (Albacete)\",\"breadcrumb\":{\"@id\":\"https:\\\/\\\/www.caudete.org\\\/ayuntamiento\\\/agradecimientos-del-alcalde-por-las-fiestas-2025\\\/#breadcrumb\"},\"inLanguage\":\"es\",\"potentialAction\":[{\"@type\":\"ReadAction\",\"target\":[\"https:\\\/\\\/www.caudete.org\\\/ayuntamiento\\\/agradecimientos-del-alcalde-por-las-fiestas-2025\\\/\"]}]},{\"@type\":\"ImageObject\",\"inLanguage\":\"es\",\"@id\":\"https:\\\/\\\/www.caudete.org\\\/ayuntamiento\\\/agradecimientos-del-alcalde-por-las-fiestas-2025\\\/#primaryimage\",\"url\":\"https:\\\/\\\/www.caudete.org\\\/ayuntamiento\\\/wp-content\\\/uploads\\\/2025\\\/09\\\/VirgendeGracia-1.jpg\",\"contentUrl\":\"https:\\\/\\\/www.caudete.org\\\/ayuntamiento\\\/wp-content\\\/uploads\\\/2025\\\/09\\\/VirgendeGracia-1.jpg\",\"width\":790,\"height\":484},{\"@type\":\"BreadcrumbList\",\"@id\":\"https:\\\/\\\/www.caudete.org\\\/ayuntamiento\\\/agradecimientos-del-alcalde-por-las-fiestas-2025\\\/#breadcrumb\",\"itemListElement\":[{\"@type\":\"ListItem\",\"position\":1,\"name\":\"Inicio\",\"item\":\"https:\\\/\\\/www.caudete.org\\\/ayuntamiento\\\/\"},{\"@type\":\"ListItem\",\"position\":2,\"name\":\"Agradecimientos del alcalde por las fiestas 2025\"}]},{\"@type\":\"WebSite\",\"@id\":\"https:\\\/\\\/www.caudete.org\\\/ayuntamiento\\\/#website\",\"url\":\"https:\\\/\\\/www.caudete.org\\\/ayuntamiento\\\/\",\"name\":\"MI Ayuntamiento de Caudete\",\"description\":\"P\u00e1gina Oficial del MI Ayuntamiento de Caudete\",\"potentialAction\":[{\"@type\":\"SearchAction\",\"target\":{\"@type\":\"EntryPoint\",\"urlTemplate\":\"https:\\\/\\\/www.caudete.org\\\/ayuntamiento\\\/?s={search_term_string}\"},\"query-input\":{\"@type\":\"PropertyValueSpecification\",\"valueRequired\":true,\"valueName\":\"search_term_string\"}}],\"inLanguage\":\"es\"},{\"@type\":\"Person\",\"@id\":\"https:\\\/\\\/www.caudete.org\\\/ayuntamiento\\\/#\\\/schema\\\/person\\\/4b9eab41761957db9b1bf9c418d1ef46\",\"name\":\"Dpto Informatica MI Ayuntamiento de Caudete\",\"image\":{\"@type\":\"ImageObject\",\"inLanguage\":\"es\",\"@id\":\"https:\\\/\\\/secure.gravatar.com\\\/avatar\\\/ac0321ee4a0a83e82a253e7b2d348ef539e2c8fe16d06b600bde04de1b364fa7?s=96&d=mm&r=g\",\"url\":\"https:\\\/\\\/secure.gravatar.com\\\/avatar\\\/ac0321ee4a0a83e82a253e7b2d348ef539e2c8fe16d06b600bde04de1b364fa7?s=96&d=mm&r=g\",\"contentUrl\":\"https:\\\/\\\/secure.gravatar.com\\\/avatar\\\/ac0321ee4a0a83e82a253e7b2d348ef539e2c8fe16d06b600bde04de1b364fa7?s=96&d=mm&r=g\",\"caption\":\"Dpto Informatica MI Ayuntamiento de Caudete\"},\"url\":\"https:\\\/\\\/www.caudete.org\\\/ayuntamiento\\\/author\\\/informatica\\\/\"}]}<\/script>\n<!-- \/ Yoast SEO plugin. -->","yoast_head_json":{"title":"Agradecimientos del alcalde por las fiestas 2025 - MI Ayuntamiento de Caudete","description":"P\u00e1gina Oficial del Ayuntamiento de Caudete (Albacete)","robots":{"index":"index","follow":"follow","max-snippet":"max-snippet:-1","max-image-preview":"max-image-preview:large","max-video-preview":"max-video-preview:-1"},"canonical":"https:\/\/www.caudete.org\/ayuntamiento\/agradecimientos-del-alcalde-por-las-fiestas-2025\/","og_locale":"es_ES","og_type":"article","og_title":"Agradecimientos del alcalde por las fiestas 2025 - MI Ayuntamiento de Caudete","og_description":"P\u00e1gina Oficial del Ayuntamiento de Caudete (Albacete)","og_url":"https:\/\/www.caudete.org\/ayuntamiento\/agradecimientos-del-alcalde-por-las-fiestas-2025\/","og_site_name":"MI Ayuntamiento de Caudete","article_publisher":"https:\/\/www.facebook.com\/ayuntamientocaudete\/","article_published_time":"2025-09-16T05:58:04+00:00","og_image":[{"width":790,"height":484,"url":"https:\/\/www.caudete.org\/ayuntamiento\/wp-content\/uploads\/2025\/09\/VirgendeGracia-1.jpg","type":"image\/jpeg"}],"author":"Dpto Informatica MI Ayuntamiento de Caudete","twitter_card":"summary_large_image","twitter_misc":{"Escrito por":"Dpto Informatica MI Ayuntamiento de Caudete","Tiempo de lectura":"4 minutos"},"schema":{"@context":"https:\/\/schema.org","@graph":[{"@type":"Article","@id":"https:\/\/www.caudete.org\/ayuntamiento\/agradecimientos-del-alcalde-por-las-fiestas-2025\/#article","isPartOf":{"@id":"https:\/\/www.caudete.org\/ayuntamiento\/agradecimientos-del-alcalde-por-las-fiestas-2025\/"},"author":{"name":"Dpto Informatica MI Ayuntamiento de Caudete","@id":"https:\/\/www.caudete.org\/ayuntamiento\/#\/schema\/person\/4b9eab41761957db9b1bf9c418d1ef46"},"headline":"Agradecimientos del alcalde por las fiestas 2025","datePublished":"2025-09-16T05:58:04+00:00","mainEntityOfPage":{"@id":"https:\/\/www.caudete.org\/ayuntamiento\/agradecimientos-del-alcalde-por-las-fiestas-2025\/"},"wordCount":672,"image":{"@id":"https:\/\/www.caudete.org\/ayuntamiento\/agradecimientos-del-alcalde-por-las-fiestas-2025\/#primaryimage"},"thumbnailUrl":"https:\/\/www.caudete.org\/ayuntamiento\/wp-content\/uploads\/2025\/09\/VirgendeGracia-1.jpg","articleSection":["Fiestas"],"inLanguage":"es"},{"@type":"WebPage","@id":"https:\/\/www.caudete.org\/ayuntamiento\/agradecimientos-del-alcalde-por-las-fiestas-2025\/","url":"https:\/\/www.caudete.org\/ayuntamiento\/agradecimientos-del-alcalde-por-las-fiestas-2025\/","name":"Agradecimientos del alcalde por las fiestas 2025 - MI Ayuntamiento de Caudete","isPartOf":{"@id":"https:\/\/www.caudete.org\/ayuntamiento\/#website"},"primaryImageOfPage":{"@id":"https:\/\/www.caudete.org\/ayuntamiento\/agradecimientos-del-alcalde-por-las-fiestas-2025\/#primaryimage"},"image":{"@id":"https:\/\/www.caudete.org\/ayuntamiento\/agradecimientos-del-alcalde-por-las-fiestas-2025\/#primaryimage"},"thumbnailUrl":"https:\/\/www.caudete.org\/ayuntamiento\/wp-content\/uploads\/2025\/09\/VirgendeGracia-1.jpg","datePublished":"2025-09-16T05:58:04+00:00","author":{"@id":"https:\/\/www.caudete.org\/ayuntamiento\/#\/schema\/person\/4b9eab41761957db9b1bf9c418d1ef46"},"description":"P\u00e1gina Oficial del Ayuntamiento de Caudete (Albacete)","breadcrumb":{"@id":"https:\/\/www.caudete.org\/ayuntamiento\/agradecimientos-del-alcalde-por-las-fiestas-2025\/#breadcrumb"},"inLanguage":"es","potentialAction":[{"@type":"ReadAction","target":["https:\/\/www.caudete.org\/ayuntamiento\/agradecimientos-del-alcalde-por-las-fiestas-2025\/"]}]},{"@type":"ImageObject","inLanguage":"es","@id":"https:\/\/www.caudete.org\/ayuntamiento\/agradecimientos-del-alcalde-por-las-fiestas-2025\/#primaryimage","url":"https:\/\/www.caudete.org\/ayuntamiento\/wp-content\/uploads\/2025\/09\/VirgendeGracia-1.jpg","contentUrl":"https:\/\/www.caudete.org\/ayuntamiento\/wp-content\/uploads\/2025\/09\/VirgendeGracia-1.jpg","width":790,"height":484},{"@type":"BreadcrumbList","@id":"https:\/\/www.caudete.org\/ayuntamiento\/agradecimientos-del-alcalde-por-las-fiestas-2025\/#breadcrumb","itemListElement":[{"@type":"ListItem","position":1,"name":"Inicio","item":"https:\/\/www.caudete.org\/ayuntamiento\/"},{"@type":"ListItem","position":2,"name":"Agradecimientos del alcalde por las fiestas 2025"}]},{"@type":"WebSite","@id":"https:\/\/www.caudete.org\/ayuntamiento\/#website","url":"https:\/\/www.caudete.org\/ayuntamiento\/","name":"MI Ayuntamiento de Caudete","description":"P\u00e1gina Oficial del MI Ayuntamiento de Caudete","potentialAction":[{"@type":"SearchAction","target":{"@type":"EntryPoint","urlTemplate":"https:\/\/www.caudete.org\/ayuntamiento\/?s={search_term_string}"},"query-input":{"@type":"PropertyValueSpecification","valueRequired":true,"valueName":"search_term_string"}}],"inLanguage":"es"},{"@type":"Person","@id":"https:\/\/www.caudete.org\/ayuntamiento\/#\/schema\/person\/4b9eab41761957db9b1bf9c418d1ef46","name":"Dpto Informatica MI Ayuntamiento de Caudete","image":{"@type":"ImageObject","inLanguage":"es","@id":"https:\/\/secure.gravatar.com\/avatar\/ac0321ee4a0a83e82a253e7b2d348ef539e2c8fe16d06b600bde04de1b364fa7?s=96&d=mm&r=g","url":"https:\/\/secure.gravatar.com\/avatar\/ac0321ee4a0a83e82a253e7b2d348ef539e2c8fe16d06b600bde04de1b364fa7?s=96&d=mm&r=g","contentUrl":"https:\/\/secure.gravatar.com\/avatar\/ac0321ee4a0a83e82a253e7b2d348ef539e2c8fe16d06b600bde04de1b364fa7?s=96&d=mm&r=g","caption":"Dpto Informatica MI Ayuntamiento de Caudete"},"url":"https:\/\/www.caudete.org\/ayuntamiento\/author\/informatica\/"}]}},"_links":{"self":[{"href":"https:\/\/www.caudete.org\/ayuntamiento\/wp-json\/wp\/v2\/posts\/30614","targetHints":{"allow":["GET"]}}],"collection":[{"href":"https:\/\/www.caudete.org\/ayuntamiento\/wp-json\/wp\/v2\/posts"}],"about":[{"href":"https:\/\/www.caudete.org\/ayuntamiento\/wp-json\/wp\/v2\/types\/post"}],"author":[{"embeddable":true,"href":"https:\/\/www.caudete.org\/ayuntamiento\/wp-json\/wp\/v2\/users\/5"}],"replies":[{"embeddable":true,"href":"https:\/\/www.caudete.org\/ayuntamiento\/wp-json\/wp\/v2\/comments?post=30614"}],"version-history":[{"count":1,"href":"https:\/\/www.caudete.org\/ayuntamiento\/wp-json\/wp\/v2\/posts\/30614\/revisions"}],"predecessor-version":[{"id":30615,"href":"https:\/\/www.caudete.org\/ayuntamiento\/wp-json\/wp\/v2\/posts\/30614\/revisions\/30615"}],"wp:featuredmedia":[{"embeddable":true,"href":"https:\/\/www.caudete.org\/ayuntamiento\/wp-json\/wp\/v2\/media\/30616"}],"wp:attachment":[{"href":"https:\/\/www.caudete.org\/ayuntamiento\/wp-json\/wp\/v2\/media?parent=30614"}],"wp:term":[{"taxonomy":"category","embeddable":true,"href":"https:\/\/www.caudete.org\/ayuntamiento\/wp-json\/wp\/v2\/categories?post=30614"},{"taxonomy":"post_tag","embeddable":true,"href":"https:\/\/www.caudete.org\/ayuntamiento\/wp-json\/wp\/v2\/tags?post=30614"}],"curies":[{"name":"wp","href":"https:\/\/api.w.org\/{rel}","templated":true}]}}