{"id":30706,"date":"2025-09-23T14:57:00","date_gmt":"2025-09-23T12:57:00","guid":{"rendered":"https:\/\/www.caudete.org\/ayuntamiento\/?p=30706"},"modified":"2025-09-30T08:25:06","modified_gmt":"2025-09-30T06:25:06","slug":"un-autobus-conectara-caudete-con-el-v-festival-de-jazz-en-el-jardin-botanico-de-albacete","status":"publish","type":"post","link":"https:\/\/www.caudete.org\/ayuntamiento\/un-autobus-conectara-caudete-con-el-v-festival-de-jazz-en-el-jardin-botanico-de-albacete\/","title":{"rendered":"Un autob\u00fas conectar\u00e1 Caudete con el V Festival de Jazz en el Jard\u00edn Bot\u00e1nico de Albacete"},"content":{"rendered":"<p><span style=\"font-size: medium;\">La Concejal\u00eda de Cultura del Ayuntamiento de Caudete, con el apoyo de la Diputaci\u00f3n de Albacete, anuncia un servicio especial de autob\u00fas para facilitar la asistencia al <b>V Festival de Jazz en el Jard\u00edn Bot\u00e1nico de Albacete<\/b>. Esta iniciativa, que busca acercar la cultura a los ciudadanos de la provincia, forma parte de un festival organizado por la Diputaci\u00f3n de Albacete, en colaboraci\u00f3n con el Jard\u00edn Bot\u00e1nico de Castilla-La Mancha y la Asociaci\u00f3n de Amigos del Jazz de Albacete.<\/span><\/p>\n<p><span style=\"font-size: medium;\">La concejal de Cultura, Manuela Gonz\u00e1lez Solera, destaca la importancia de esta propuesta para que los vecinos de Caudete puedan disfrutar de una de las citas musicales m\u00e1s destacadas del a\u00f1o, que tendr\u00e1 lugar el pr\u00f3ximo <b>viernes, 26 de septiembre<\/b>.<\/span><\/p>\n<p><span style=\"font-size: medium;\">El concierto de apertura contar\u00e1 con la actuaci\u00f3n de la <b>Big Band del Real Conservatorio de la Diputaci\u00f3n de Albacete<\/b>, que compartir\u00e1 escenario con el aclamado trompetista <b>David Pastor<\/b>. Adem\u00e1s, la experiencia musical incluye una visita guiada gratuita al Jard\u00edn Bot\u00e1nico antes de la actuaci\u00f3n.<\/span><\/p>\n<p><span style=\"font-size: medium;\">Para garantizar la comodidad de los asistentes, se ha habilitado un servicio de transporte de ida y vuelta con un coste de <b>10 \u20ac por persona<\/b>, que incluye el viaje completo. Las plazas son limitadas y se asignar\u00e1n por estricto orden de inscripci\u00f3n.<\/span><\/p>\n<p><span style=\"font-size: medium;\">Las inscripciones se realizar\u00e1n en la <b>Casa de Cultura de Caudete<\/b>. Se invita a los interesados a asegurar su plaza con antelaci\u00f3n para no perderse esta excepcional velada musical en un entorno natural \u00fanico.<\/span><\/p>\n<p><a href=\"https:\/\/www.caudete.org\/ayuntamiento\/wp-content\/uploads\/2025\/09\/AB-26_09-Post-BB_DP.jpg\" rel='prettyPhoto'><img fetchpriority=\"high\" decoding=\"async\" class=\"alignnone wp-image-30708 size-full\" src=\"https:\/\/www.caudete.org\/ayuntamiento\/wp-content\/uploads\/2025\/09\/AB-26_09-Post-BB_DP.jpg\" alt=\"\" width=\"1000\" height=\"1250\" srcset=\"https:\/\/www.caudete.org\/ayuntamiento\/wp-content\/uploads\/2025\/09\/AB-26_09-Post-BB_DP.jpg 1000w, https:\/\/www.caudete.org\/ayuntamiento\/wp-content\/uploads\/2025\/09\/AB-26_09-Post-BB_DP-640x800.jpg 640w, https:\/\/www.caudete.org\/ayuntamiento\/wp-content\/uploads\/2025\/09\/AB-26_09-Post-BB_DP-720x900.jpg 720w, https:\/\/www.caudete.org\/ayuntamiento\/wp-content\/uploads\/2025\/09\/AB-26_09-Post-BB_DP-176x220.jpg 176w, https:\/\/www.caudete.org\/ayuntamiento\/wp-content\/uploads\/2025\/09\/AB-26_09-Post-BB_DP-768x960.jpg 768w\" sizes=\"(max-width: 1000px) 100vw, 1000px\" \/><\/a><\/p>\n","protected":false},"excerpt":{"rendered":"<p>La Concejal\u00eda de Cultura del Ayuntamiento de Caudete, con el apoyo de la Diputaci\u00f3n de Albacete, anuncia un servicio especial de autob\u00fas para facilitar la asistencia al V Festival de Jazz en el Jard\u00edn Bot\u00e1nico de Albacete. Esta iniciativa, que busca acercar la cultura a los ciudadanos de la provincia, forma parte de un festival &hellip;<\/p>\n","protected":false},"author":6,"featured_media":30707,"comment_status":"closed","ping_status":"open","sticky":false,"template":"","format":"standard","meta":{"ngg_post_thumbnail":0,"footnotes":""},"categories":[14],"tags":[],"class_list":["post-30706","post","type-post","status-publish","format-standard","has-post-thumbnail","hentry","category-cultura"],"yoast_head":"<!-- This site is optimized with the Yoast SEO plugin v27.5 - https:\/\/yoast.com\/product\/yoast-seo-wordpress\/ -->\n<title>Un autob\u00fas conectar\u00e1 Caudete con el V Festival de Jazz en el Jard\u00edn Bot\u00e1nico de Albacete - MI Ayuntamiento de Caudete<\/title>\n<meta name=\"description\" content=\"P\u00e1gina Oficial del Ayuntamiento de Caudete (Albacete)\" \/>\n<meta name=\"robots\" content=\"index, follow, max-snippet:-1, max-image-preview:large, max-video-preview:-1\" \/>\n<link rel=\"canonical\" href=\"https:\/\/www.caudete.org\/ayuntamiento\/un-autobus-conectara-caudete-con-el-v-festival-de-jazz-en-el-jardin-botanico-de-albacete\/\" \/>\n<meta property=\"og:locale\" content=\"es_ES\" \/>\n<meta property=\"og:type\" content=\"article\" \/>\n<meta property=\"og:title\" content=\"Un autob\u00fas conectar\u00e1 Caudete con el V Festival de Jazz en el Jard\u00edn Bot\u00e1nico de Albacete - MI Ayuntamiento de Caudete\" \/>\n<meta property=\"og:description\" content=\"P\u00e1gina Oficial del Ayuntamiento de Caudete (Albacete)\" \/>\n<meta property=\"og:url\" content=\"https:\/\/www.caudete.org\/ayuntamiento\/un-autobus-conectara-caudete-con-el-v-festival-de-jazz-en-el-jardin-botanico-de-albacete\/\" \/>\n<meta property=\"og:site_name\" content=\"MI Ayuntamiento de Caudete\" \/>\n<meta property=\"article:publisher\" content=\"https:\/\/www.facebook.com\/ayuntamientocaudete\/\" \/>\n<meta property=\"article:published_time\" content=\"2025-09-23T12:57:00+00:00\" \/>\n<meta property=\"article:modified_time\" content=\"2025-09-30T06:25:06+00:00\" \/>\n<meta property=\"og:image\" content=\"https:\/\/www.caudete.org\/ayuntamiento\/wp-content\/uploads\/2025\/09\/AB-26_09-Post-BB_DP-port.jpg\" \/>\n\t<meta property=\"og:image:width\" content=\"864\" \/>\n\t<meta property=\"og:image:height\" content=\"380\" \/>\n\t<meta property=\"og:image:type\" content=\"image\/jpeg\" \/>\n<meta name=\"author\" content=\"informatica2\" \/>\n<meta name=\"twitter:card\" content=\"summary_large_image\" \/>\n<meta name=\"twitter:label1\" content=\"Escrito por\" \/>\n\t<meta name=\"twitter:data1\" content=\"informatica2\" \/>\n\t<meta name=\"twitter:label2\" content=\"Tiempo de lectura\" \/>\n\t<meta name=\"twitter:data2\" content=\"2 minutos\" \/>\n<script type=\"application\/ld+json\" class=\"yoast-schema-graph\">{\"@context\":\"https:\\\/\\\/schema.org\",\"@graph\":[{\"@type\":\"Article\",\"@id\":\"https:\\\/\\\/www.caudete.org\\\/ayuntamiento\\\/un-autobus-conectara-caudete-con-el-v-festival-de-jazz-en-el-jardin-botanico-de-albacete\\\/#article\",\"isPartOf\":{\"@id\":\"https:\\\/\\\/www.caudete.org\\\/ayuntamiento\\\/un-autobus-conectara-caudete-con-el-v-festival-de-jazz-en-el-jardin-botanico-de-albacete\\\/\"},\"author\":{\"name\":\"informatica2\",\"@id\":\"https:\\\/\\\/www.caudete.org\\\/ayuntamiento\\\/#\\\/schema\\\/person\\\/abfa5ffd5010a14e078c21e6e61b6291\"},\"headline\":\"Un autob\u00fas conectar\u00e1 Caudete con el V Festival de Jazz en el Jard\u00edn Bot\u00e1nico de Albacete\",\"datePublished\":\"2025-09-23T12:57:00+00:00\",\"dateModified\":\"2025-09-30T06:25:06+00:00\",\"mainEntityOfPage\":{\"@id\":\"https:\\\/\\\/www.caudete.org\\\/ayuntamiento\\\/un-autobus-conectara-caudete-con-el-v-festival-de-jazz-en-el-jardin-botanico-de-albacete\\\/\"},\"wordCount\":281,\"image\":{\"@id\":\"https:\\\/\\\/www.caudete.org\\\/ayuntamiento\\\/un-autobus-conectara-caudete-con-el-v-festival-de-jazz-en-el-jardin-botanico-de-albacete\\\/#primaryimage\"},\"thumbnailUrl\":\"https:\\\/\\\/www.caudete.org\\\/ayuntamiento\\\/wp-content\\\/uploads\\\/2025\\\/09\\\/AB-26_09-Post-BB_DP-port.jpg\",\"articleSection\":[\"Cultura\"],\"inLanguage\":\"es\"},{\"@type\":\"WebPage\",\"@id\":\"https:\\\/\\\/www.caudete.org\\\/ayuntamiento\\\/un-autobus-conectara-caudete-con-el-v-festival-de-jazz-en-el-jardin-botanico-de-albacete\\\/\",\"url\":\"https:\\\/\\\/www.caudete.org\\\/ayuntamiento\\\/un-autobus-conectara-caudete-con-el-v-festival-de-jazz-en-el-jardin-botanico-de-albacete\\\/\",\"name\":\"Un autob\u00fas conectar\u00e1 Caudete con el V Festival de Jazz en el Jard\u00edn Bot\u00e1nico de Albacete - MI Ayuntamiento de Caudete\",\"isPartOf\":{\"@id\":\"https:\\\/\\\/www.caudete.org\\\/ayuntamiento\\\/#website\"},\"primaryImageOfPage\":{\"@id\":\"https:\\\/\\\/www.caudete.org\\\/ayuntamiento\\\/un-autobus-conectara-caudete-con-el-v-festival-de-jazz-en-el-jardin-botanico-de-albacete\\\/#primaryimage\"},\"image\":{\"@id\":\"https:\\\/\\\/www.caudete.org\\\/ayuntamiento\\\/un-autobus-conectara-caudete-con-el-v-festival-de-jazz-en-el-jardin-botanico-de-albacete\\\/#primaryimage\"},\"thumbnailUrl\":\"https:\\\/\\\/www.caudete.org\\\/ayuntamiento\\\/wp-content\\\/uploads\\\/2025\\\/09\\\/AB-26_09-Post-BB_DP-port.jpg\",\"datePublished\":\"2025-09-23T12:57:00+00:00\",\"dateModified\":\"2025-09-30T06:25:06+00:00\",\"author\":{\"@id\":\"https:\\\/\\\/www.caudete.org\\\/ayuntamiento\\\/#\\\/schema\\\/person\\\/abfa5ffd5010a14e078c21e6e61b6291\"},\"description\":\"P\u00e1gina Oficial del Ayuntamiento de Caudete (Albacete)\",\"breadcrumb\":{\"@id\":\"https:\\\/\\\/www.caudete.org\\\/ayuntamiento\\\/un-autobus-conectara-caudete-con-el-v-festival-de-jazz-en-el-jardin-botanico-de-albacete\\\/#breadcrumb\"},\"inLanguage\":\"es\",\"potentialAction\":[{\"@type\":\"ReadAction\",\"target\":[\"https:\\\/\\\/www.caudete.org\\\/ayuntamiento\\\/un-autobus-conectara-caudete-con-el-v-festival-de-jazz-en-el-jardin-botanico-de-albacete\\\/\"]}]},{\"@type\":\"ImageObject\",\"inLanguage\":\"es\",\"@id\":\"https:\\\/\\\/www.caudete.org\\\/ayuntamiento\\\/un-autobus-conectara-caudete-con-el-v-festival-de-jazz-en-el-jardin-botanico-de-albacete\\\/#primaryimage\",\"url\":\"https:\\\/\\\/www.caudete.org\\\/ayuntamiento\\\/wp-content\\\/uploads\\\/2025\\\/09\\\/AB-26_09-Post-BB_DP-port.jpg\",\"contentUrl\":\"https:\\\/\\\/www.caudete.org\\\/ayuntamiento\\\/wp-content\\\/uploads\\\/2025\\\/09\\\/AB-26_09-Post-BB_DP-port.jpg\",\"width\":864,\"height\":380},{\"@type\":\"BreadcrumbList\",\"@id\":\"https:\\\/\\\/www.caudete.org\\\/ayuntamiento\\\/un-autobus-conectara-caudete-con-el-v-festival-de-jazz-en-el-jardin-botanico-de-albacete\\\/#breadcrumb\",\"itemListElement\":[{\"@type\":\"ListItem\",\"position\":1,\"name\":\"Inicio\",\"item\":\"https:\\\/\\\/www.caudete.org\\\/ayuntamiento\\\/\"},{\"@type\":\"ListItem\",\"position\":2,\"name\":\"Un autob\u00fas conectar\u00e1 Caudete con el V Festival de Jazz en el Jard\u00edn Bot\u00e1nico de Albacete\"}]},{\"@type\":\"WebSite\",\"@id\":\"https:\\\/\\\/www.caudete.org\\\/ayuntamiento\\\/#website\",\"url\":\"https:\\\/\\\/www.caudete.org\\\/ayuntamiento\\\/\",\"name\":\"MI Ayuntamiento de Caudete\",\"description\":\"P\u00e1gina Oficial del MI Ayuntamiento de Caudete\",\"potentialAction\":[{\"@type\":\"SearchAction\",\"target\":{\"@type\":\"EntryPoint\",\"urlTemplate\":\"https:\\\/\\\/www.caudete.org\\\/ayuntamiento\\\/?s={search_term_string}\"},\"query-input\":{\"@type\":\"PropertyValueSpecification\",\"valueRequired\":true,\"valueName\":\"search_term_string\"}}],\"inLanguage\":\"es\"},{\"@type\":\"Person\",\"@id\":\"https:\\\/\\\/www.caudete.org\\\/ayuntamiento\\\/#\\\/schema\\\/person\\\/abfa5ffd5010a14e078c21e6e61b6291\",\"name\":\"informatica2\",\"image\":{\"@type\":\"ImageObject\",\"inLanguage\":\"es\",\"@id\":\"https:\\\/\\\/secure.gravatar.com\\\/avatar\\\/b089890ff033a3e4d03eec00ecb5a14425217205c513f60ec32ebeaaeb5fa700?s=96&d=mm&r=g\",\"url\":\"https:\\\/\\\/secure.gravatar.com\\\/avatar\\\/b089890ff033a3e4d03eec00ecb5a14425217205c513f60ec32ebeaaeb5fa700?s=96&d=mm&r=g\",\"contentUrl\":\"https:\\\/\\\/secure.gravatar.com\\\/avatar\\\/b089890ff033a3e4d03eec00ecb5a14425217205c513f60ec32ebeaaeb5fa700?s=96&d=mm&r=g\",\"caption\":\"informatica2\"},\"url\":\"https:\\\/\\\/www.caudete.org\\\/ayuntamiento\\\/author\\\/informatica2\\\/\"}]}<\/script>\n<!-- \/ Yoast SEO plugin. -->","yoast_head_json":{"title":"Un autob\u00fas conectar\u00e1 Caudete con el V Festival de Jazz en el Jard\u00edn Bot\u00e1nico de Albacete - MI Ayuntamiento de Caudete","description":"P\u00e1gina Oficial del Ayuntamiento de Caudete (Albacete)","robots":{"index":"index","follow":"follow","max-snippet":"max-snippet:-1","max-image-preview":"max-image-preview:large","max-video-preview":"max-video-preview:-1"},"canonical":"https:\/\/www.caudete.org\/ayuntamiento\/un-autobus-conectara-caudete-con-el-v-festival-de-jazz-en-el-jardin-botanico-de-albacete\/","og_locale":"es_ES","og_type":"article","og_title":"Un autob\u00fas conectar\u00e1 Caudete con el V Festival de Jazz en el Jard\u00edn Bot\u00e1nico de Albacete - MI Ayuntamiento de Caudete","og_description":"P\u00e1gina Oficial del Ayuntamiento de Caudete (Albacete)","og_url":"https:\/\/www.caudete.org\/ayuntamiento\/un-autobus-conectara-caudete-con-el-v-festival-de-jazz-en-el-jardin-botanico-de-albacete\/","og_site_name":"MI Ayuntamiento de Caudete","article_publisher":"https:\/\/www.facebook.com\/ayuntamientocaudete\/","article_published_time":"2025-09-23T12:57:00+00:00","article_modified_time":"2025-09-30T06:25:06+00:00","og_image":[{"width":864,"height":380,"url":"https:\/\/www.caudete.org\/ayuntamiento\/wp-content\/uploads\/2025\/09\/AB-26_09-Post-BB_DP-port.jpg","type":"image\/jpeg"}],"author":"informatica2","twitter_card":"summary_large_image","twitter_misc":{"Escrito por":"informatica2","Tiempo de lectura":"2 minutos"},"schema":{"@context":"https:\/\/schema.org","@graph":[{"@type":"Article","@id":"https:\/\/www.caudete.org\/ayuntamiento\/un-autobus-conectara-caudete-con-el-v-festival-de-jazz-en-el-jardin-botanico-de-albacete\/#article","isPartOf":{"@id":"https:\/\/www.caudete.org\/ayuntamiento\/un-autobus-conectara-caudete-con-el-v-festival-de-jazz-en-el-jardin-botanico-de-albacete\/"},"author":{"name":"informatica2","@id":"https:\/\/www.caudete.org\/ayuntamiento\/#\/schema\/person\/abfa5ffd5010a14e078c21e6e61b6291"},"headline":"Un autob\u00fas conectar\u00e1 Caudete con el V Festival de Jazz en el Jard\u00edn Bot\u00e1nico de Albacete","datePublished":"2025-09-23T12:57:00+00:00","dateModified":"2025-09-30T06:25:06+00:00","mainEntityOfPage":{"@id":"https:\/\/www.caudete.org\/ayuntamiento\/un-autobus-conectara-caudete-con-el-v-festival-de-jazz-en-el-jardin-botanico-de-albacete\/"},"wordCount":281,"image":{"@id":"https:\/\/www.caudete.org\/ayuntamiento\/un-autobus-conectara-caudete-con-el-v-festival-de-jazz-en-el-jardin-botanico-de-albacete\/#primaryimage"},"thumbnailUrl":"https:\/\/www.caudete.org\/ayuntamiento\/wp-content\/uploads\/2025\/09\/AB-26_09-Post-BB_DP-port.jpg","articleSection":["Cultura"],"inLanguage":"es"},{"@type":"WebPage","@id":"https:\/\/www.caudete.org\/ayuntamiento\/un-autobus-conectara-caudete-con-el-v-festival-de-jazz-en-el-jardin-botanico-de-albacete\/","url":"https:\/\/www.caudete.org\/ayuntamiento\/un-autobus-conectara-caudete-con-el-v-festival-de-jazz-en-el-jardin-botanico-de-albacete\/","name":"Un autob\u00fas conectar\u00e1 Caudete con el V Festival de Jazz en el Jard\u00edn Bot\u00e1nico de Albacete - MI Ayuntamiento de Caudete","isPartOf":{"@id":"https:\/\/www.caudete.org\/ayuntamiento\/#website"},"primaryImageOfPage":{"@id":"https:\/\/www.caudete.org\/ayuntamiento\/un-autobus-conectara-caudete-con-el-v-festival-de-jazz-en-el-jardin-botanico-de-albacete\/#primaryimage"},"image":{"@id":"https:\/\/www.caudete.org\/ayuntamiento\/un-autobus-conectara-caudete-con-el-v-festival-de-jazz-en-el-jardin-botanico-de-albacete\/#primaryimage"},"thumbnailUrl":"https:\/\/www.caudete.org\/ayuntamiento\/wp-content\/uploads\/2025\/09\/AB-26_09-Post-BB_DP-port.jpg","datePublished":"2025-09-23T12:57:00+00:00","dateModified":"2025-09-30T06:25:06+00:00","author":{"@id":"https:\/\/www.caudete.org\/ayuntamiento\/#\/schema\/person\/abfa5ffd5010a14e078c21e6e61b6291"},"description":"P\u00e1gina Oficial del Ayuntamiento de Caudete (Albacete)","breadcrumb":{"@id":"https:\/\/www.caudete.org\/ayuntamiento\/un-autobus-conectara-caudete-con-el-v-festival-de-jazz-en-el-jardin-botanico-de-albacete\/#breadcrumb"},"inLanguage":"es","potentialAction":[{"@type":"ReadAction","target":["https:\/\/www.caudete.org\/ayuntamiento\/un-autobus-conectara-caudete-con-el-v-festival-de-jazz-en-el-jardin-botanico-de-albacete\/"]}]},{"@type":"ImageObject","inLanguage":"es","@id":"https:\/\/www.caudete.org\/ayuntamiento\/un-autobus-conectara-caudete-con-el-v-festival-de-jazz-en-el-jardin-botanico-de-albacete\/#primaryimage","url":"https:\/\/www.caudete.org\/ayuntamiento\/wp-content\/uploads\/2025\/09\/AB-26_09-Post-BB_DP-port.jpg","contentUrl":"https:\/\/www.caudete.org\/ayuntamiento\/wp-content\/uploads\/2025\/09\/AB-26_09-Post-BB_DP-port.jpg","width":864,"height":380},{"@type":"BreadcrumbList","@id":"https:\/\/www.caudete.org\/ayuntamiento\/un-autobus-conectara-caudete-con-el-v-festival-de-jazz-en-el-jardin-botanico-de-albacete\/#breadcrumb","itemListElement":[{"@type":"ListItem","position":1,"name":"Inicio","item":"https:\/\/www.caudete.org\/ayuntamiento\/"},{"@type":"ListItem","position":2,"name":"Un autob\u00fas conectar\u00e1 Caudete con el V Festival de Jazz en el Jard\u00edn Bot\u00e1nico de Albacete"}]},{"@type":"WebSite","@id":"https:\/\/www.caudete.org\/ayuntamiento\/#website","url":"https:\/\/www.caudete.org\/ayuntamiento\/","name":"MI Ayuntamiento de Caudete","description":"P\u00e1gina Oficial del MI Ayuntamiento de Caudete","potentialAction":[{"@type":"SearchAction","target":{"@type":"EntryPoint","urlTemplate":"https:\/\/www.caudete.org\/ayuntamiento\/?s={search_term_string}"},"query-input":{"@type":"PropertyValueSpecification","valueRequired":true,"valueName":"search_term_string"}}],"inLanguage":"es"},{"@type":"Person","@id":"https:\/\/www.caudete.org\/ayuntamiento\/#\/schema\/person\/abfa5ffd5010a14e078c21e6e61b6291","name":"informatica2","image":{"@type":"ImageObject","inLanguage":"es","@id":"https:\/\/secure.gravatar.com\/avatar\/b089890ff033a3e4d03eec00ecb5a14425217205c513f60ec32ebeaaeb5fa700?s=96&d=mm&r=g","url":"https:\/\/secure.gravatar.com\/avatar\/b089890ff033a3e4d03eec00ecb5a14425217205c513f60ec32ebeaaeb5fa700?s=96&d=mm&r=g","contentUrl":"https:\/\/secure.gravatar.com\/avatar\/b089890ff033a3e4d03eec00ecb5a14425217205c513f60ec32ebeaaeb5fa700?s=96&d=mm&r=g","caption":"informatica2"},"url":"https:\/\/www.caudete.org\/ayuntamiento\/author\/informatica2\/"}]}},"_links":{"self":[{"href":"https:\/\/www.caudete.org\/ayuntamiento\/wp-json\/wp\/v2\/posts\/30706","targetHints":{"allow":["GET"]}}],"collection":[{"href":"https:\/\/www.caudete.org\/ayuntamiento\/wp-json\/wp\/v2\/posts"}],"about":[{"href":"https:\/\/www.caudete.org\/ayuntamiento\/wp-json\/wp\/v2\/types\/post"}],"author":[{"embeddable":true,"href":"https:\/\/www.caudete.org\/ayuntamiento\/wp-json\/wp\/v2\/users\/6"}],"replies":[{"embeddable":true,"href":"https:\/\/www.caudete.org\/ayuntamiento\/wp-json\/wp\/v2\/comments?post=30706"}],"version-history":[{"count":1,"href":"https:\/\/www.caudete.org\/ayuntamiento\/wp-json\/wp\/v2\/posts\/30706\/revisions"}],"predecessor-version":[{"id":30709,"href":"https:\/\/www.caudete.org\/ayuntamiento\/wp-json\/wp\/v2\/posts\/30706\/revisions\/30709"}],"wp:featuredmedia":[{"embeddable":true,"href":"https:\/\/www.caudete.org\/ayuntamiento\/wp-json\/wp\/v2\/media\/30707"}],"wp:attachment":[{"href":"https:\/\/www.caudete.org\/ayuntamiento\/wp-json\/wp\/v2\/media?parent=30706"}],"wp:term":[{"taxonomy":"category","embeddable":true,"href":"https:\/\/www.caudete.org\/ayuntamiento\/wp-json\/wp\/v2\/categories?post=30706"},{"taxonomy":"post_tag","embeddable":true,"href":"https:\/\/www.caudete.org\/ayuntamiento\/wp-json\/wp\/v2\/tags?post=30706"}],"curies":[{"name":"wp","href":"https:\/\/api.w.org\/{rel}","templated":true}]}}