{"id":30726,"date":"2025-09-25T14:45:58","date_gmt":"2025-09-25T12:45:58","guid":{"rendered":"https:\/\/www.caudete.org\/ayuntamiento\/?p=30726"},"modified":"2025-09-25T18:44:49","modified_gmt":"2025-09-25T16:44:49","slug":"el-concejal-de-urbanismo-moises-lopez-ha-trasladado-esta-manana-la-apertura-del-proceso-de-consulta-publica-para-la-modificacion-de-las-existentes-ordenanzas-de-sedes-festeras-y-guaridas","status":"publish","type":"post","link":"https:\/\/www.caudete.org\/ayuntamiento\/el-concejal-de-urbanismo-moises-lopez-ha-trasladado-esta-manana-la-apertura-del-proceso-de-consulta-publica-para-la-modificacion-de-las-existentes-ordenanzas-de-sedes-festeras-y-guaridas\/","title":{"rendered":"Se impulsa la modificaci\u00f3n de las Ordenanzas de Sedes Festeras y Guaridas"},"content":{"rendered":"<p style=\"text-align: justify;\">El Concejal de Urbanismo Mois\u00e9s L\u00f3pez ha trasladado esta ma\u00f1ana la apertura del proceso de consulta p\u00fablica para la modificaci\u00f3n de las existentes Ordenanzas de Sedes Festeras y Guaridas.<\/p>\n<p style=\"text-align: justify;\">El impulso a la modificaci\u00f3n viene atendiendo tanto a la parte municipal por adaptar el texto a la nueva normativa, como para facilitar la tramitaci\u00f3n de solicitudes a interesados; as\u00ed como por las peticiones de usuarios, de t\u00e9cnicos ajenos al Ayuntamiento intervinientes en el proceso a instancia de los interesados, como de los vecinos que tienen pr\u00f3ximos a sus viviendas las diferentes tipolog\u00edas de autorizaciones objeto de las Ordenanzas.<\/p>\n<p style=\"text-align: justify;\">De esta forma, todo ciudadano tendr\u00e1 el plazo de 10 d\u00edas h\u00e1biles a contar desde la publicaci\u00f3n del edicto en el Tabl\u00f3n de Anuncios Municipal, en el que poder formular propuestas a tener en cuenta a la modificaci\u00f3n del texto. Adem\u00e1s, se convocar\u00e1 presencialmente una reuni\u00f3n en el Consistorio para que todos los interesados en este asunto puedan trasladar sus propuestas.<\/p>\n<p style=\"text-align: justify;\">De forma paralela, se abrir\u00e1 una encuesta ciudadana para que an\u00f3nimamente todo el que lo desee pueda participar en este proceso, con el objetivo de enriquecer la participaci\u00f3n en el mismo.<\/p>\n<p style=\"text-align: justify;\">Mois\u00e9s L\u00f3pez remarcaba que \u201cse abre as\u00ed un proceso que pretende mejorar la participaci\u00f3n de los ciudadanos en el procedimiento de elaboraci\u00f3n de las normas municipales, donde su opini\u00f3n es importante para conseguir una norma que aporte diferentes puntos de vista, que sea dise\u00f1ada por todos, y que sea por tanto participativa\u201c.<\/p>\n<p style=\"text-align: justify;\">Mois\u00e9s L\u00f3pez Mart\u00ednez<\/p>\n<p style=\"text-align: justify;\">1\u00ba Teniente de Alcalde y Concejal Delegado de Obras, Urbanismo, Movilidad, Accesibilidad y Cementerio<\/p>\n<hr \/>\n<p>&nbsp;<\/p>\n<p><a href=\"https:\/\/caudete.sedipualba.es\/firma\/documento.aspx?csv=A9AAALQUDD7H4F2HEC7E&amp;modo=abrir\" target=\"_blank\" rel=\"nofollow\"><img decoding=\"async\" class=\"wp-image-29655 aligncenter\" src=\"https:\/\/www.caudete.org\/ayuntamiento\/wp-content\/uploads\/2025\/07\/descargar-pdf.png\" rel='prettyPhoto' alt=\"\" width=\"53\" height=\"53\" srcset=\"https:\/\/www.caudete.org\/ayuntamiento\/wp-content\/uploads\/2025\/07\/descargar-pdf.png 512w, https:\/\/www.caudete.org\/ayuntamiento\/wp-content\/uploads\/2025\/07\/descargar-pdf-220x220.png 220w, https:\/\/www.caudete.org\/ayuntamiento\/wp-content\/uploads\/2025\/07\/descargar-pdf-60x60.png 60w\" sizes=\"(max-width: 53px) 100vw, 53px\" \/><\/a>\u00a0<a href=\"https:\/\/caudete.sedipualba.es\/firma\/documento.aspx?csv=A9AAALQUDD7H4F2HEC7E&amp;modo=abrir\" target=\"_blank\" rel=\"nofollow\">Consulta p\u00fablica sobre modificaci\u00f3n de las Ordenanzas Reguladores de Sedes Festeras y de Guaridas<\/a><\/p>\n","protected":false},"excerpt":{"rendered":"<p>El Concejal de Urbanismo Mois\u00e9s L\u00f3pez ha trasladado esta ma\u00f1ana la apertura del proceso de consulta p\u00fablica para la modificaci\u00f3n de las existentes Ordenanzas de Sedes Festeras y Guaridas. El impulso a la modificaci\u00f3n viene atendiendo tanto a la parte municipal por adaptar el texto a la nueva normativa, como para facilitar la tramitaci\u00f3n de &hellip;<\/p>\n","protected":false},"author":6,"featured_media":30582,"comment_status":"closed","ping_status":"open","sticky":false,"template":"","format":"standard","meta":{"ngg_post_thumbnail":0,"footnotes":""},"categories":[48],"tags":[],"class_list":["post-30726","post","type-post","status-publish","format-standard","has-post-thumbnail","hentry","category-urbanismo"],"yoast_head":"<!-- This site is optimized with the Yoast SEO plugin v27.5 - https:\/\/yoast.com\/product\/yoast-seo-wordpress\/ -->\n<title>Se impulsa la modificaci\u00f3n de las Ordenanzas de Sedes Festeras y Guaridas - MI Ayuntamiento de Caudete<\/title>\n<meta name=\"description\" content=\"P\u00e1gina Oficial del Ayuntamiento de Caudete (Albacete)\" \/>\n<meta name=\"robots\" content=\"index, follow, max-snippet:-1, max-image-preview:large, max-video-preview:-1\" \/>\n<link rel=\"canonical\" href=\"https:\/\/www.caudete.org\/ayuntamiento\/el-concejal-de-urbanismo-moises-lopez-ha-trasladado-esta-manana-la-apertura-del-proceso-de-consulta-publica-para-la-modificacion-de-las-existentes-ordenanzas-de-sedes-festeras-y-guaridas\/\" \/>\n<meta property=\"og:locale\" content=\"es_ES\" \/>\n<meta property=\"og:type\" content=\"article\" \/>\n<meta property=\"og:title\" content=\"Se impulsa la modificaci\u00f3n de las Ordenanzas de Sedes Festeras y Guaridas - MI Ayuntamiento de Caudete\" \/>\n<meta property=\"og:description\" content=\"P\u00e1gina Oficial del Ayuntamiento de Caudete (Albacete)\" \/>\n<meta property=\"og:url\" content=\"https:\/\/www.caudete.org\/ayuntamiento\/el-concejal-de-urbanismo-moises-lopez-ha-trasladado-esta-manana-la-apertura-del-proceso-de-consulta-publica-para-la-modificacion-de-las-existentes-ordenanzas-de-sedes-festeras-y-guaridas\/\" \/>\n<meta property=\"og:site_name\" content=\"MI Ayuntamiento de Caudete\" \/>\n<meta property=\"article:publisher\" content=\"https:\/\/www.facebook.com\/ayuntamientocaudete\/\" \/>\n<meta property=\"article:published_time\" content=\"2025-09-25T12:45:58+00:00\" \/>\n<meta property=\"article:modified_time\" content=\"2025-09-25T16:44:49+00:00\" \/>\n<meta property=\"og:image\" content=\"https:\/\/www.caudete.org\/ayuntamiento\/wp-content\/uploads\/2025\/09\/PlacasGuaridas.jpg\" \/>\n\t<meta property=\"og:image:width\" content=\"1000\" \/>\n\t<meta property=\"og:image:height\" content=\"454\" \/>\n\t<meta property=\"og:image:type\" content=\"image\/jpeg\" \/>\n<meta name=\"author\" content=\"informatica2\" \/>\n<meta name=\"twitter:card\" content=\"summary_large_image\" \/>\n<meta name=\"twitter:label1\" content=\"Escrito por\" \/>\n\t<meta name=\"twitter:data1\" content=\"informatica2\" \/>\n\t<meta name=\"twitter:label2\" content=\"Tiempo de lectura\" \/>\n\t<meta name=\"twitter:data2\" content=\"2 minutos\" \/>\n<script type=\"application\/ld+json\" class=\"yoast-schema-graph\">{\"@context\":\"https:\\\/\\\/schema.org\",\"@graph\":[{\"@type\":\"Article\",\"@id\":\"https:\\\/\\\/www.caudete.org\\\/ayuntamiento\\\/el-concejal-de-urbanismo-moises-lopez-ha-trasladado-esta-manana-la-apertura-del-proceso-de-consulta-publica-para-la-modificacion-de-las-existentes-ordenanzas-de-sedes-festeras-y-guaridas\\\/#article\",\"isPartOf\":{\"@id\":\"https:\\\/\\\/www.caudete.org\\\/ayuntamiento\\\/el-concejal-de-urbanismo-moises-lopez-ha-trasladado-esta-manana-la-apertura-del-proceso-de-consulta-publica-para-la-modificacion-de-las-existentes-ordenanzas-de-sedes-festeras-y-guaridas\\\/\"},\"author\":{\"name\":\"informatica2\",\"@id\":\"https:\\\/\\\/www.caudete.org\\\/ayuntamiento\\\/#\\\/schema\\\/person\\\/abfa5ffd5010a14e078c21e6e61b6291\"},\"headline\":\"Se impulsa la modificaci\u00f3n de las Ordenanzas de Sedes Festeras y Guaridas\",\"datePublished\":\"2025-09-25T12:45:58+00:00\",\"dateModified\":\"2025-09-25T16:44:49+00:00\",\"mainEntityOfPage\":{\"@id\":\"https:\\\/\\\/www.caudete.org\\\/ayuntamiento\\\/el-concejal-de-urbanismo-moises-lopez-ha-trasladado-esta-manana-la-apertura-del-proceso-de-consulta-publica-para-la-modificacion-de-las-existentes-ordenanzas-de-sedes-festeras-y-guaridas\\\/\"},\"wordCount\":315,\"image\":{\"@id\":\"https:\\\/\\\/www.caudete.org\\\/ayuntamiento\\\/el-concejal-de-urbanismo-moises-lopez-ha-trasladado-esta-manana-la-apertura-del-proceso-de-consulta-publica-para-la-modificacion-de-las-existentes-ordenanzas-de-sedes-festeras-y-guaridas\\\/#primaryimage\"},\"thumbnailUrl\":\"https:\\\/\\\/www.caudete.org\\\/ayuntamiento\\\/wp-content\\\/uploads\\\/2025\\\/09\\\/PlacasGuaridas.jpg\",\"articleSection\":[\"Urbanismo\"],\"inLanguage\":\"es\"},{\"@type\":\"WebPage\",\"@id\":\"https:\\\/\\\/www.caudete.org\\\/ayuntamiento\\\/el-concejal-de-urbanismo-moises-lopez-ha-trasladado-esta-manana-la-apertura-del-proceso-de-consulta-publica-para-la-modificacion-de-las-existentes-ordenanzas-de-sedes-festeras-y-guaridas\\\/\",\"url\":\"https:\\\/\\\/www.caudete.org\\\/ayuntamiento\\\/el-concejal-de-urbanismo-moises-lopez-ha-trasladado-esta-manana-la-apertura-del-proceso-de-consulta-publica-para-la-modificacion-de-las-existentes-ordenanzas-de-sedes-festeras-y-guaridas\\\/\",\"name\":\"Se impulsa la modificaci\u00f3n de las Ordenanzas de Sedes Festeras y Guaridas - MI Ayuntamiento de Caudete\",\"isPartOf\":{\"@id\":\"https:\\\/\\\/www.caudete.org\\\/ayuntamiento\\\/#website\"},\"primaryImageOfPage\":{\"@id\":\"https:\\\/\\\/www.caudete.org\\\/ayuntamiento\\\/el-concejal-de-urbanismo-moises-lopez-ha-trasladado-esta-manana-la-apertura-del-proceso-de-consulta-publica-para-la-modificacion-de-las-existentes-ordenanzas-de-sedes-festeras-y-guaridas\\\/#primaryimage\"},\"image\":{\"@id\":\"https:\\\/\\\/www.caudete.org\\\/ayuntamiento\\\/el-concejal-de-urbanismo-moises-lopez-ha-trasladado-esta-manana-la-apertura-del-proceso-de-consulta-publica-para-la-modificacion-de-las-existentes-ordenanzas-de-sedes-festeras-y-guaridas\\\/#primaryimage\"},\"thumbnailUrl\":\"https:\\\/\\\/www.caudete.org\\\/ayuntamiento\\\/wp-content\\\/uploads\\\/2025\\\/09\\\/PlacasGuaridas.jpg\",\"datePublished\":\"2025-09-25T12:45:58+00:00\",\"dateModified\":\"2025-09-25T16:44:49+00:00\",\"author\":{\"@id\":\"https:\\\/\\\/www.caudete.org\\\/ayuntamiento\\\/#\\\/schema\\\/person\\\/abfa5ffd5010a14e078c21e6e61b6291\"},\"description\":\"P\u00e1gina Oficial del Ayuntamiento de Caudete (Albacete)\",\"breadcrumb\":{\"@id\":\"https:\\\/\\\/www.caudete.org\\\/ayuntamiento\\\/el-concejal-de-urbanismo-moises-lopez-ha-trasladado-esta-manana-la-apertura-del-proceso-de-consulta-publica-para-la-modificacion-de-las-existentes-ordenanzas-de-sedes-festeras-y-guaridas\\\/#breadcrumb\"},\"inLanguage\":\"es\",\"potentialAction\":[{\"@type\":\"ReadAction\",\"target\":[\"https:\\\/\\\/www.caudete.org\\\/ayuntamiento\\\/el-concejal-de-urbanismo-moises-lopez-ha-trasladado-esta-manana-la-apertura-del-proceso-de-consulta-publica-para-la-modificacion-de-las-existentes-ordenanzas-de-sedes-festeras-y-guaridas\\\/\"]}]},{\"@type\":\"ImageObject\",\"inLanguage\":\"es\",\"@id\":\"https:\\\/\\\/www.caudete.org\\\/ayuntamiento\\\/el-concejal-de-urbanismo-moises-lopez-ha-trasladado-esta-manana-la-apertura-del-proceso-de-consulta-publica-para-la-modificacion-de-las-existentes-ordenanzas-de-sedes-festeras-y-guaridas\\\/#primaryimage\",\"url\":\"https:\\\/\\\/www.caudete.org\\\/ayuntamiento\\\/wp-content\\\/uploads\\\/2025\\\/09\\\/PlacasGuaridas.jpg\",\"contentUrl\":\"https:\\\/\\\/www.caudete.org\\\/ayuntamiento\\\/wp-content\\\/uploads\\\/2025\\\/09\\\/PlacasGuaridas.jpg\",\"width\":1000,\"height\":454},{\"@type\":\"BreadcrumbList\",\"@id\":\"https:\\\/\\\/www.caudete.org\\\/ayuntamiento\\\/el-concejal-de-urbanismo-moises-lopez-ha-trasladado-esta-manana-la-apertura-del-proceso-de-consulta-publica-para-la-modificacion-de-las-existentes-ordenanzas-de-sedes-festeras-y-guaridas\\\/#breadcrumb\",\"itemListElement\":[{\"@type\":\"ListItem\",\"position\":1,\"name\":\"Inicio\",\"item\":\"https:\\\/\\\/www.caudete.org\\\/ayuntamiento\\\/\"},{\"@type\":\"ListItem\",\"position\":2,\"name\":\"Se impulsa la modificaci\u00f3n de las Ordenanzas de Sedes Festeras y Guaridas\"}]},{\"@type\":\"WebSite\",\"@id\":\"https:\\\/\\\/www.caudete.org\\\/ayuntamiento\\\/#website\",\"url\":\"https:\\\/\\\/www.caudete.org\\\/ayuntamiento\\\/\",\"name\":\"MI Ayuntamiento de Caudete\",\"description\":\"P\u00e1gina Oficial del MI Ayuntamiento de Caudete\",\"potentialAction\":[{\"@type\":\"SearchAction\",\"target\":{\"@type\":\"EntryPoint\",\"urlTemplate\":\"https:\\\/\\\/www.caudete.org\\\/ayuntamiento\\\/?s={search_term_string}\"},\"query-input\":{\"@type\":\"PropertyValueSpecification\",\"valueRequired\":true,\"valueName\":\"search_term_string\"}}],\"inLanguage\":\"es\"},{\"@type\":\"Person\",\"@id\":\"https:\\\/\\\/www.caudete.org\\\/ayuntamiento\\\/#\\\/schema\\\/person\\\/abfa5ffd5010a14e078c21e6e61b6291\",\"name\":\"informatica2\",\"image\":{\"@type\":\"ImageObject\",\"inLanguage\":\"es\",\"@id\":\"https:\\\/\\\/secure.gravatar.com\\\/avatar\\\/b089890ff033a3e4d03eec00ecb5a14425217205c513f60ec32ebeaaeb5fa700?s=96&d=mm&r=g\",\"url\":\"https:\\\/\\\/secure.gravatar.com\\\/avatar\\\/b089890ff033a3e4d03eec00ecb5a14425217205c513f60ec32ebeaaeb5fa700?s=96&d=mm&r=g\",\"contentUrl\":\"https:\\\/\\\/secure.gravatar.com\\\/avatar\\\/b089890ff033a3e4d03eec00ecb5a14425217205c513f60ec32ebeaaeb5fa700?s=96&d=mm&r=g\",\"caption\":\"informatica2\"},\"url\":\"https:\\\/\\\/www.caudete.org\\\/ayuntamiento\\\/author\\\/informatica2\\\/\"}]}<\/script>\n<!-- \/ Yoast SEO plugin. -->","yoast_head_json":{"title":"Se impulsa la modificaci\u00f3n de las Ordenanzas de Sedes Festeras y Guaridas - MI Ayuntamiento de Caudete","description":"P\u00e1gina Oficial del Ayuntamiento de Caudete (Albacete)","robots":{"index":"index","follow":"follow","max-snippet":"max-snippet:-1","max-image-preview":"max-image-preview:large","max-video-preview":"max-video-preview:-1"},"canonical":"https:\/\/www.caudete.org\/ayuntamiento\/el-concejal-de-urbanismo-moises-lopez-ha-trasladado-esta-manana-la-apertura-del-proceso-de-consulta-publica-para-la-modificacion-de-las-existentes-ordenanzas-de-sedes-festeras-y-guaridas\/","og_locale":"es_ES","og_type":"article","og_title":"Se impulsa la modificaci\u00f3n de las Ordenanzas de Sedes Festeras y Guaridas - MI Ayuntamiento de Caudete","og_description":"P\u00e1gina Oficial del Ayuntamiento de Caudete (Albacete)","og_url":"https:\/\/www.caudete.org\/ayuntamiento\/el-concejal-de-urbanismo-moises-lopez-ha-trasladado-esta-manana-la-apertura-del-proceso-de-consulta-publica-para-la-modificacion-de-las-existentes-ordenanzas-de-sedes-festeras-y-guaridas\/","og_site_name":"MI Ayuntamiento de Caudete","article_publisher":"https:\/\/www.facebook.com\/ayuntamientocaudete\/","article_published_time":"2025-09-25T12:45:58+00:00","article_modified_time":"2025-09-25T16:44:49+00:00","og_image":[{"width":1000,"height":454,"url":"https:\/\/www.caudete.org\/ayuntamiento\/wp-content\/uploads\/2025\/09\/PlacasGuaridas.jpg","type":"image\/jpeg"}],"author":"informatica2","twitter_card":"summary_large_image","twitter_misc":{"Escrito por":"informatica2","Tiempo de lectura":"2 minutos"},"schema":{"@context":"https:\/\/schema.org","@graph":[{"@type":"Article","@id":"https:\/\/www.caudete.org\/ayuntamiento\/el-concejal-de-urbanismo-moises-lopez-ha-trasladado-esta-manana-la-apertura-del-proceso-de-consulta-publica-para-la-modificacion-de-las-existentes-ordenanzas-de-sedes-festeras-y-guaridas\/#article","isPartOf":{"@id":"https:\/\/www.caudete.org\/ayuntamiento\/el-concejal-de-urbanismo-moises-lopez-ha-trasladado-esta-manana-la-apertura-del-proceso-de-consulta-publica-para-la-modificacion-de-las-existentes-ordenanzas-de-sedes-festeras-y-guaridas\/"},"author":{"name":"informatica2","@id":"https:\/\/www.caudete.org\/ayuntamiento\/#\/schema\/person\/abfa5ffd5010a14e078c21e6e61b6291"},"headline":"Se impulsa la modificaci\u00f3n de las Ordenanzas de Sedes Festeras y Guaridas","datePublished":"2025-09-25T12:45:58+00:00","dateModified":"2025-09-25T16:44:49+00:00","mainEntityOfPage":{"@id":"https:\/\/www.caudete.org\/ayuntamiento\/el-concejal-de-urbanismo-moises-lopez-ha-trasladado-esta-manana-la-apertura-del-proceso-de-consulta-publica-para-la-modificacion-de-las-existentes-ordenanzas-de-sedes-festeras-y-guaridas\/"},"wordCount":315,"image":{"@id":"https:\/\/www.caudete.org\/ayuntamiento\/el-concejal-de-urbanismo-moises-lopez-ha-trasladado-esta-manana-la-apertura-del-proceso-de-consulta-publica-para-la-modificacion-de-las-existentes-ordenanzas-de-sedes-festeras-y-guaridas\/#primaryimage"},"thumbnailUrl":"https:\/\/www.caudete.org\/ayuntamiento\/wp-content\/uploads\/2025\/09\/PlacasGuaridas.jpg","articleSection":["Urbanismo"],"inLanguage":"es"},{"@type":"WebPage","@id":"https:\/\/www.caudete.org\/ayuntamiento\/el-concejal-de-urbanismo-moises-lopez-ha-trasladado-esta-manana-la-apertura-del-proceso-de-consulta-publica-para-la-modificacion-de-las-existentes-ordenanzas-de-sedes-festeras-y-guaridas\/","url":"https:\/\/www.caudete.org\/ayuntamiento\/el-concejal-de-urbanismo-moises-lopez-ha-trasladado-esta-manana-la-apertura-del-proceso-de-consulta-publica-para-la-modificacion-de-las-existentes-ordenanzas-de-sedes-festeras-y-guaridas\/","name":"Se impulsa la modificaci\u00f3n de las Ordenanzas de Sedes Festeras y Guaridas - MI Ayuntamiento de Caudete","isPartOf":{"@id":"https:\/\/www.caudete.org\/ayuntamiento\/#website"},"primaryImageOfPage":{"@id":"https:\/\/www.caudete.org\/ayuntamiento\/el-concejal-de-urbanismo-moises-lopez-ha-trasladado-esta-manana-la-apertura-del-proceso-de-consulta-publica-para-la-modificacion-de-las-existentes-ordenanzas-de-sedes-festeras-y-guaridas\/#primaryimage"},"image":{"@id":"https:\/\/www.caudete.org\/ayuntamiento\/el-concejal-de-urbanismo-moises-lopez-ha-trasladado-esta-manana-la-apertura-del-proceso-de-consulta-publica-para-la-modificacion-de-las-existentes-ordenanzas-de-sedes-festeras-y-guaridas\/#primaryimage"},"thumbnailUrl":"https:\/\/www.caudete.org\/ayuntamiento\/wp-content\/uploads\/2025\/09\/PlacasGuaridas.jpg","datePublished":"2025-09-25T12:45:58+00:00","dateModified":"2025-09-25T16:44:49+00:00","author":{"@id":"https:\/\/www.caudete.org\/ayuntamiento\/#\/schema\/person\/abfa5ffd5010a14e078c21e6e61b6291"},"description":"P\u00e1gina Oficial del Ayuntamiento de Caudete (Albacete)","breadcrumb":{"@id":"https:\/\/www.caudete.org\/ayuntamiento\/el-concejal-de-urbanismo-moises-lopez-ha-trasladado-esta-manana-la-apertura-del-proceso-de-consulta-publica-para-la-modificacion-de-las-existentes-ordenanzas-de-sedes-festeras-y-guaridas\/#breadcrumb"},"inLanguage":"es","potentialAction":[{"@type":"ReadAction","target":["https:\/\/www.caudete.org\/ayuntamiento\/el-concejal-de-urbanismo-moises-lopez-ha-trasladado-esta-manana-la-apertura-del-proceso-de-consulta-publica-para-la-modificacion-de-las-existentes-ordenanzas-de-sedes-festeras-y-guaridas\/"]}]},{"@type":"ImageObject","inLanguage":"es","@id":"https:\/\/www.caudete.org\/ayuntamiento\/el-concejal-de-urbanismo-moises-lopez-ha-trasladado-esta-manana-la-apertura-del-proceso-de-consulta-publica-para-la-modificacion-de-las-existentes-ordenanzas-de-sedes-festeras-y-guaridas\/#primaryimage","url":"https:\/\/www.caudete.org\/ayuntamiento\/wp-content\/uploads\/2025\/09\/PlacasGuaridas.jpg","contentUrl":"https:\/\/www.caudete.org\/ayuntamiento\/wp-content\/uploads\/2025\/09\/PlacasGuaridas.jpg","width":1000,"height":454},{"@type":"BreadcrumbList","@id":"https:\/\/www.caudete.org\/ayuntamiento\/el-concejal-de-urbanismo-moises-lopez-ha-trasladado-esta-manana-la-apertura-del-proceso-de-consulta-publica-para-la-modificacion-de-las-existentes-ordenanzas-de-sedes-festeras-y-guaridas\/#breadcrumb","itemListElement":[{"@type":"ListItem","position":1,"name":"Inicio","item":"https:\/\/www.caudete.org\/ayuntamiento\/"},{"@type":"ListItem","position":2,"name":"Se impulsa la modificaci\u00f3n de las Ordenanzas de Sedes Festeras y Guaridas"}]},{"@type":"WebSite","@id":"https:\/\/www.caudete.org\/ayuntamiento\/#website","url":"https:\/\/www.caudete.org\/ayuntamiento\/","name":"MI Ayuntamiento de Caudete","description":"P\u00e1gina Oficial del MI Ayuntamiento de Caudete","potentialAction":[{"@type":"SearchAction","target":{"@type":"EntryPoint","urlTemplate":"https:\/\/www.caudete.org\/ayuntamiento\/?s={search_term_string}"},"query-input":{"@type":"PropertyValueSpecification","valueRequired":true,"valueName":"search_term_string"}}],"inLanguage":"es"},{"@type":"Person","@id":"https:\/\/www.caudete.org\/ayuntamiento\/#\/schema\/person\/abfa5ffd5010a14e078c21e6e61b6291","name":"informatica2","image":{"@type":"ImageObject","inLanguage":"es","@id":"https:\/\/secure.gravatar.com\/avatar\/b089890ff033a3e4d03eec00ecb5a14425217205c513f60ec32ebeaaeb5fa700?s=96&d=mm&r=g","url":"https:\/\/secure.gravatar.com\/avatar\/b089890ff033a3e4d03eec00ecb5a14425217205c513f60ec32ebeaaeb5fa700?s=96&d=mm&r=g","contentUrl":"https:\/\/secure.gravatar.com\/avatar\/b089890ff033a3e4d03eec00ecb5a14425217205c513f60ec32ebeaaeb5fa700?s=96&d=mm&r=g","caption":"informatica2"},"url":"https:\/\/www.caudete.org\/ayuntamiento\/author\/informatica2\/"}]}},"_links":{"self":[{"href":"https:\/\/www.caudete.org\/ayuntamiento\/wp-json\/wp\/v2\/posts\/30726","targetHints":{"allow":["GET"]}}],"collection":[{"href":"https:\/\/www.caudete.org\/ayuntamiento\/wp-json\/wp\/v2\/posts"}],"about":[{"href":"https:\/\/www.caudete.org\/ayuntamiento\/wp-json\/wp\/v2\/types\/post"}],"author":[{"embeddable":true,"href":"https:\/\/www.caudete.org\/ayuntamiento\/wp-json\/wp\/v2\/users\/6"}],"replies":[{"embeddable":true,"href":"https:\/\/www.caudete.org\/ayuntamiento\/wp-json\/wp\/v2\/comments?post=30726"}],"version-history":[{"count":10,"href":"https:\/\/www.caudete.org\/ayuntamiento\/wp-json\/wp\/v2\/posts\/30726\/revisions"}],"predecessor-version":[{"id":30739,"href":"https:\/\/www.caudete.org\/ayuntamiento\/wp-json\/wp\/v2\/posts\/30726\/revisions\/30739"}],"wp:featuredmedia":[{"embeddable":true,"href":"https:\/\/www.caudete.org\/ayuntamiento\/wp-json\/wp\/v2\/media\/30582"}],"wp:attachment":[{"href":"https:\/\/www.caudete.org\/ayuntamiento\/wp-json\/wp\/v2\/media?parent=30726"}],"wp:term":[{"taxonomy":"category","embeddable":true,"href":"https:\/\/www.caudete.org\/ayuntamiento\/wp-json\/wp\/v2\/categories?post=30726"},{"taxonomy":"post_tag","embeddable":true,"href":"https:\/\/www.caudete.org\/ayuntamiento\/wp-json\/wp\/v2\/tags?post=30726"}],"curies":[{"name":"wp","href":"https:\/\/api.w.org\/{rel}","templated":true}]}}