{"id":30761,"date":"2025-09-26T13:30:25","date_gmt":"2025-09-26T11:30:25","guid":{"rendered":"https:\/\/www.caudete.org\/ayuntamiento\/?p=30761"},"modified":"2025-09-26T16:38:04","modified_gmt":"2025-09-26T14:38:04","slug":"ayuntamiento-y-zincaman-impulsa-la-constitucion-de-la-comunidad-energetica-caudete-genera","status":"publish","type":"post","link":"https:\/\/www.caudete.org\/ayuntamiento\/ayuntamiento-y-zincaman-impulsa-la-constitucion-de-la-comunidad-energetica-caudete-genera\/","title":{"rendered":"Ayuntamiento y Zincaman impulsa la constituci\u00f3n de la Comunidad Energ\u00e9tica &#8220;CAUDETE GENERA&#8221;"},"content":{"rendered":"<p style=\"text-align: justify;\">Nuestro municipio da un paso m\u00e1s en materia de sostenibilidad y eficiencia energ\u00e9tica al hacer realidad la comunidad energ\u00e9tica &#8220;CAUDETE GENERA&#8221;, una asociaci\u00f3n que ha nacido gracias a la apuesta firme y decidida de m\u00e1s de 10 empresarios locales, bajo el tutelaje y apoyo de la Concejal\u00eda de Promoci\u00f3n y Desarrollo Econ\u00f3mico, y de ZINCAMAN. Masinteligencia es el socio tecnol\u00f3gico que asiste a la Oficina de Transformaci\u00f3n Comunitaria, OTC ZINCAMAN en este proyecto.<\/p>\n<p style=\"text-align: justify;\">Con este primer paso se inicia la andadura de un mercado local de la energ\u00eda, en el cual se va a desarrollar un proyecto inicial de potencia 10GW al que se ir\u00e1n a\u00f1adiendo posteriormente m\u00e1s industrias y empresas de la localidad, as\u00ed como la incorporaci\u00f3n de viviendas particulares, como tambi\u00e9n lo har\u00e1 el Ayuntamiento.<\/p>\n<p style=\"text-align: justify;\">MDolores ha trasladado su satisfacci\u00f3n por hacer realidad un proyecto en el que se est\u00e1 trabajando desde hace dos a\u00f1os, que forma parte de la hoja de ruta de la Concejal\u00eda, del Plan de Accion Local aprobado recientemente por el Consistorio en el marco de la Agenda 2030, y que supondr\u00e1 sin dudas grandes ventajas para los caudetanos as\u00ed como para el medioambiente.<\/p>\n<p style=\"text-align: justify;\">Igualmente, ha querido agradecer a los empresarios asociados a CAUDETE GENERA su apuesta e implicaci\u00f3n, as\u00ed como su visi\u00f3n de futuro y defensa medioambiental que con esta acci\u00f3n, positiva para el conjunto de la sociedad, se consigue.<\/p>\n<p>&nbsp;<\/p>\n","protected":false},"excerpt":{"rendered":"<p>Nuestro municipio da un paso m\u00e1s en materia de sostenibilidad y eficiencia energ\u00e9tica al hacer realidad la comunidad energ\u00e9tica &#8220;CAUDETE GENERA&#8221;, una asociaci\u00f3n que ha nacido gracias a la apuesta firme y decidida de m\u00e1s de 10 empresarios locales, bajo el tutelaje y apoyo de la Concejal\u00eda de Promoci\u00f3n y Desarrollo Econ\u00f3mico, y de ZINCAMAN. &hellip;<\/p>\n","protected":false},"author":6,"featured_media":30762,"comment_status":"closed","ping_status":"open","sticky":false,"template":"","format":"standard","meta":{"ngg_post_thumbnail":0,"footnotes":""},"categories":[851],"tags":[],"class_list":["post-30761","post","type-post","status-publish","format-standard","has-post-thumbnail","hentry","category-promocion-y-desarrollo-economico"],"yoast_head":"<!-- This site is optimized with the Yoast SEO plugin v27.4 - https:\/\/yoast.com\/product\/yoast-seo-wordpress\/ -->\n<title>Ayuntamiento y Zincaman impulsa la constituci\u00f3n de la Comunidad Energ\u00e9tica &quot;CAUDETE GENERA&quot; - MI Ayuntamiento de Caudete<\/title>\n<meta name=\"description\" content=\"P\u00e1gina Oficial del Ayuntamiento de Caudete (Albacete)\" \/>\n<meta name=\"robots\" content=\"index, follow, max-snippet:-1, max-image-preview:large, max-video-preview:-1\" \/>\n<link rel=\"canonical\" href=\"https:\/\/www.caudete.org\/ayuntamiento\/ayuntamiento-y-zincaman-impulsa-la-constitucion-de-la-comunidad-energetica-caudete-genera\/\" \/>\n<meta property=\"og:locale\" content=\"es_ES\" \/>\n<meta property=\"og:type\" content=\"article\" \/>\n<meta property=\"og:title\" content=\"Ayuntamiento y Zincaman impulsa la constituci\u00f3n de la Comunidad Energ\u00e9tica &quot;CAUDETE GENERA&quot; - MI Ayuntamiento de Caudete\" \/>\n<meta property=\"og:description\" content=\"P\u00e1gina Oficial del Ayuntamiento de Caudete (Albacete)\" \/>\n<meta property=\"og:url\" content=\"https:\/\/www.caudete.org\/ayuntamiento\/ayuntamiento-y-zincaman-impulsa-la-constitucion-de-la-comunidad-energetica-caudete-genera\/\" \/>\n<meta property=\"og:site_name\" content=\"MI Ayuntamiento de Caudete\" \/>\n<meta property=\"article:publisher\" content=\"https:\/\/www.facebook.com\/ayuntamientocaudete\/\" \/>\n<meta property=\"article:published_time\" content=\"2025-09-26T11:30:25+00:00\" \/>\n<meta property=\"article:modified_time\" content=\"2025-09-26T14:38:04+00:00\" \/>\n<meta property=\"og:image\" content=\"https:\/\/www.caudete.org\/ayuntamiento\/wp-content\/uploads\/2025\/09\/CAUDETE-GENERA-e1758886271391.jpg\" \/>\n\t<meta property=\"og:image:width\" content=\"1000\" \/>\n\t<meta property=\"og:image:height\" content=\"552\" \/>\n\t<meta property=\"og:image:type\" content=\"image\/jpeg\" \/>\n<meta name=\"author\" content=\"informatica2\" \/>\n<meta name=\"twitter:card\" content=\"summary_large_image\" \/>\n<meta name=\"twitter:label1\" content=\"Escrito por\" \/>\n\t<meta name=\"twitter:data1\" content=\"informatica2\" \/>\n\t<meta name=\"twitter:label2\" content=\"Tiempo de lectura\" \/>\n\t<meta name=\"twitter:data2\" content=\"2 minutos\" \/>\n<script type=\"application\/ld+json\" class=\"yoast-schema-graph\">{\"@context\":\"https:\\\/\\\/schema.org\",\"@graph\":[{\"@type\":\"Article\",\"@id\":\"https:\\\/\\\/www.caudete.org\\\/ayuntamiento\\\/ayuntamiento-y-zincaman-impulsa-la-constitucion-de-la-comunidad-energetica-caudete-genera\\\/#article\",\"isPartOf\":{\"@id\":\"https:\\\/\\\/www.caudete.org\\\/ayuntamiento\\\/ayuntamiento-y-zincaman-impulsa-la-constitucion-de-la-comunidad-energetica-caudete-genera\\\/\"},\"author\":{\"name\":\"informatica2\",\"@id\":\"https:\\\/\\\/www.caudete.org\\\/ayuntamiento\\\/#\\\/schema\\\/person\\\/abfa5ffd5010a14e078c21e6e61b6291\"},\"headline\":\"Ayuntamiento y Zincaman impulsa la constituci\u00f3n de la Comunidad Energ\u00e9tica &#8220;CAUDETE GENERA&#8221;\",\"datePublished\":\"2025-09-26T11:30:25+00:00\",\"dateModified\":\"2025-09-26T14:38:04+00:00\",\"mainEntityOfPage\":{\"@id\":\"https:\\\/\\\/www.caudete.org\\\/ayuntamiento\\\/ayuntamiento-y-zincaman-impulsa-la-constitucion-de-la-comunidad-energetica-caudete-genera\\\/\"},\"wordCount\":262,\"publisher\":{\"@id\":\"https:\\\/\\\/www.caudete.org\\\/ayuntamiento\\\/#organization\"},\"image\":{\"@id\":\"https:\\\/\\\/www.caudete.org\\\/ayuntamiento\\\/ayuntamiento-y-zincaman-impulsa-la-constitucion-de-la-comunidad-energetica-caudete-genera\\\/#primaryimage\"},\"thumbnailUrl\":\"https:\\\/\\\/www.caudete.org\\\/ayuntamiento\\\/wp-content\\\/uploads\\\/2025\\\/09\\\/CAUDETE-GENERA-e1758886271391.jpg\",\"articleSection\":[\"Promoci\u00f3n y Desarrollo Econ\u00f3mico\"],\"inLanguage\":\"es\"},{\"@type\":\"WebPage\",\"@id\":\"https:\\\/\\\/www.caudete.org\\\/ayuntamiento\\\/ayuntamiento-y-zincaman-impulsa-la-constitucion-de-la-comunidad-energetica-caudete-genera\\\/\",\"url\":\"https:\\\/\\\/www.caudete.org\\\/ayuntamiento\\\/ayuntamiento-y-zincaman-impulsa-la-constitucion-de-la-comunidad-energetica-caudete-genera\\\/\",\"name\":\"Ayuntamiento y Zincaman impulsa la constituci\u00f3n de la Comunidad Energ\u00e9tica \\\"CAUDETE GENERA\\\" - MI Ayuntamiento de Caudete\",\"isPartOf\":{\"@id\":\"https:\\\/\\\/www.caudete.org\\\/ayuntamiento\\\/#website\"},\"primaryImageOfPage\":{\"@id\":\"https:\\\/\\\/www.caudete.org\\\/ayuntamiento\\\/ayuntamiento-y-zincaman-impulsa-la-constitucion-de-la-comunidad-energetica-caudete-genera\\\/#primaryimage\"},\"image\":{\"@id\":\"https:\\\/\\\/www.caudete.org\\\/ayuntamiento\\\/ayuntamiento-y-zincaman-impulsa-la-constitucion-de-la-comunidad-energetica-caudete-genera\\\/#primaryimage\"},\"thumbnailUrl\":\"https:\\\/\\\/www.caudete.org\\\/ayuntamiento\\\/wp-content\\\/uploads\\\/2025\\\/09\\\/CAUDETE-GENERA-e1758886271391.jpg\",\"datePublished\":\"2025-09-26T11:30:25+00:00\",\"dateModified\":\"2025-09-26T14:38:04+00:00\",\"description\":\"P\u00e1gina Oficial del Ayuntamiento de Caudete (Albacete)\",\"breadcrumb\":{\"@id\":\"https:\\\/\\\/www.caudete.org\\\/ayuntamiento\\\/ayuntamiento-y-zincaman-impulsa-la-constitucion-de-la-comunidad-energetica-caudete-genera\\\/#breadcrumb\"},\"inLanguage\":\"es\",\"potentialAction\":[{\"@type\":\"ReadAction\",\"target\":[\"https:\\\/\\\/www.caudete.org\\\/ayuntamiento\\\/ayuntamiento-y-zincaman-impulsa-la-constitucion-de-la-comunidad-energetica-caudete-genera\\\/\"]}]},{\"@type\":\"ImageObject\",\"inLanguage\":\"es\",\"@id\":\"https:\\\/\\\/www.caudete.org\\\/ayuntamiento\\\/ayuntamiento-y-zincaman-impulsa-la-constitucion-de-la-comunidad-energetica-caudete-genera\\\/#primaryimage\",\"url\":\"https:\\\/\\\/www.caudete.org\\\/ayuntamiento\\\/wp-content\\\/uploads\\\/2025\\\/09\\\/CAUDETE-GENERA-e1758886271391.jpg\",\"contentUrl\":\"https:\\\/\\\/www.caudete.org\\\/ayuntamiento\\\/wp-content\\\/uploads\\\/2025\\\/09\\\/CAUDETE-GENERA-e1758886271391.jpg\",\"width\":1000,\"height\":552},{\"@type\":\"BreadcrumbList\",\"@id\":\"https:\\\/\\\/www.caudete.org\\\/ayuntamiento\\\/ayuntamiento-y-zincaman-impulsa-la-constitucion-de-la-comunidad-energetica-caudete-genera\\\/#breadcrumb\",\"itemListElement\":[{\"@type\":\"ListItem\",\"position\":1,\"name\":\"Inicio\",\"item\":\"https:\\\/\\\/www.caudete.org\\\/ayuntamiento\\\/\"},{\"@type\":\"ListItem\",\"position\":2,\"name\":\"Ayuntamiento y Zincaman impulsa la constituci\u00f3n de la Comunidad Energ\u00e9tica &#8220;CAUDETE GENERA&#8221;\"}]},{\"@type\":\"WebSite\",\"@id\":\"https:\\\/\\\/www.caudete.org\\\/ayuntamiento\\\/#website\",\"url\":\"https:\\\/\\\/www.caudete.org\\\/ayuntamiento\\\/\",\"name\":\"MI Ayuntamiento de Caudete\",\"description\":\"P\u00e1gina Oficial del MI Ayuntamiento de Caudete\",\"publisher\":{\"@id\":\"https:\\\/\\\/www.caudete.org\\\/ayuntamiento\\\/#organization\"},\"potentialAction\":[{\"@type\":\"SearchAction\",\"target\":{\"@type\":\"EntryPoint\",\"urlTemplate\":\"https:\\\/\\\/www.caudete.org\\\/ayuntamiento\\\/?s={search_term_string}\"},\"query-input\":{\"@type\":\"PropertyValueSpecification\",\"valueRequired\":true,\"valueName\":\"search_term_string\"}}],\"inLanguage\":\"es\"},{\"@type\":\"Organization\",\"@id\":\"https:\\\/\\\/www.caudete.org\\\/ayuntamiento\\\/#organization\",\"name\":\"Ayuntamiento de Caudete\",\"url\":\"https:\\\/\\\/www.caudete.org\\\/ayuntamiento\\\/\",\"logo\":{\"@type\":\"ImageObject\",\"inLanguage\":\"es\",\"@id\":\"https:\\\/\\\/www.caudete.org\\\/ayuntamiento\\\/#\\\/schema\\\/logo\\\/image\\\/\",\"url\":\"https:\\\/\\\/www.caudete.org\\\/ayuntamiento\\\/wp-content\\\/uploads\\\/2020\\\/11\\\/logo_ayuntamiento_caudete.jpg\",\"contentUrl\":\"https:\\\/\\\/www.caudete.org\\\/ayuntamiento\\\/wp-content\\\/uploads\\\/2020\\\/11\\\/logo_ayuntamiento_caudete.jpg\",\"width\":600,\"height\":150,\"caption\":\"Ayuntamiento de Caudete\"},\"image\":{\"@id\":\"https:\\\/\\\/www.caudete.org\\\/ayuntamiento\\\/#\\\/schema\\\/logo\\\/image\\\/\"},\"sameAs\":[\"https:\\\/\\\/www.facebook.com\\\/ayuntamientocaudete\\\/\",\"https:\\\/\\\/www.youtube.com\\\/channel\\\/UC6VztHaooNsGpw-tNoBEFnQ\"]},{\"@type\":\"Person\",\"@id\":\"https:\\\/\\\/www.caudete.org\\\/ayuntamiento\\\/#\\\/schema\\\/person\\\/abfa5ffd5010a14e078c21e6e61b6291\",\"name\":\"informatica2\",\"image\":{\"@type\":\"ImageObject\",\"inLanguage\":\"es\",\"@id\":\"https:\\\/\\\/secure.gravatar.com\\\/avatar\\\/b089890ff033a3e4d03eec00ecb5a14425217205c513f60ec32ebeaaeb5fa700?s=96&d=mm&r=g\",\"url\":\"https:\\\/\\\/secure.gravatar.com\\\/avatar\\\/b089890ff033a3e4d03eec00ecb5a14425217205c513f60ec32ebeaaeb5fa700?s=96&d=mm&r=g\",\"contentUrl\":\"https:\\\/\\\/secure.gravatar.com\\\/avatar\\\/b089890ff033a3e4d03eec00ecb5a14425217205c513f60ec32ebeaaeb5fa700?s=96&d=mm&r=g\",\"caption\":\"informatica2\"},\"url\":\"https:\\\/\\\/www.caudete.org\\\/ayuntamiento\\\/author\\\/informatica2\\\/\"}]}<\/script>\n<!-- \/ Yoast SEO plugin. -->","yoast_head_json":{"title":"Ayuntamiento y Zincaman impulsa la constituci\u00f3n de la Comunidad Energ\u00e9tica \"CAUDETE GENERA\" - MI Ayuntamiento de Caudete","description":"P\u00e1gina Oficial del Ayuntamiento de Caudete (Albacete)","robots":{"index":"index","follow":"follow","max-snippet":"max-snippet:-1","max-image-preview":"max-image-preview:large","max-video-preview":"max-video-preview:-1"},"canonical":"https:\/\/www.caudete.org\/ayuntamiento\/ayuntamiento-y-zincaman-impulsa-la-constitucion-de-la-comunidad-energetica-caudete-genera\/","og_locale":"es_ES","og_type":"article","og_title":"Ayuntamiento y Zincaman impulsa la constituci\u00f3n de la Comunidad Energ\u00e9tica \"CAUDETE GENERA\" - MI Ayuntamiento de Caudete","og_description":"P\u00e1gina Oficial del Ayuntamiento de Caudete (Albacete)","og_url":"https:\/\/www.caudete.org\/ayuntamiento\/ayuntamiento-y-zincaman-impulsa-la-constitucion-de-la-comunidad-energetica-caudete-genera\/","og_site_name":"MI Ayuntamiento de Caudete","article_publisher":"https:\/\/www.facebook.com\/ayuntamientocaudete\/","article_published_time":"2025-09-26T11:30:25+00:00","article_modified_time":"2025-09-26T14:38:04+00:00","og_image":[{"width":1000,"height":552,"url":"https:\/\/www.caudete.org\/ayuntamiento\/wp-content\/uploads\/2025\/09\/CAUDETE-GENERA-e1758886271391.jpg","type":"image\/jpeg"}],"author":"informatica2","twitter_card":"summary_large_image","twitter_misc":{"Escrito por":"informatica2","Tiempo de lectura":"2 minutos"},"schema":{"@context":"https:\/\/schema.org","@graph":[{"@type":"Article","@id":"https:\/\/www.caudete.org\/ayuntamiento\/ayuntamiento-y-zincaman-impulsa-la-constitucion-de-la-comunidad-energetica-caudete-genera\/#article","isPartOf":{"@id":"https:\/\/www.caudete.org\/ayuntamiento\/ayuntamiento-y-zincaman-impulsa-la-constitucion-de-la-comunidad-energetica-caudete-genera\/"},"author":{"name":"informatica2","@id":"https:\/\/www.caudete.org\/ayuntamiento\/#\/schema\/person\/abfa5ffd5010a14e078c21e6e61b6291"},"headline":"Ayuntamiento y Zincaman impulsa la constituci\u00f3n de la Comunidad Energ\u00e9tica &#8220;CAUDETE GENERA&#8221;","datePublished":"2025-09-26T11:30:25+00:00","dateModified":"2025-09-26T14:38:04+00:00","mainEntityOfPage":{"@id":"https:\/\/www.caudete.org\/ayuntamiento\/ayuntamiento-y-zincaman-impulsa-la-constitucion-de-la-comunidad-energetica-caudete-genera\/"},"wordCount":262,"publisher":{"@id":"https:\/\/www.caudete.org\/ayuntamiento\/#organization"},"image":{"@id":"https:\/\/www.caudete.org\/ayuntamiento\/ayuntamiento-y-zincaman-impulsa-la-constitucion-de-la-comunidad-energetica-caudete-genera\/#primaryimage"},"thumbnailUrl":"https:\/\/www.caudete.org\/ayuntamiento\/wp-content\/uploads\/2025\/09\/CAUDETE-GENERA-e1758886271391.jpg","articleSection":["Promoci\u00f3n y Desarrollo Econ\u00f3mico"],"inLanguage":"es"},{"@type":"WebPage","@id":"https:\/\/www.caudete.org\/ayuntamiento\/ayuntamiento-y-zincaman-impulsa-la-constitucion-de-la-comunidad-energetica-caudete-genera\/","url":"https:\/\/www.caudete.org\/ayuntamiento\/ayuntamiento-y-zincaman-impulsa-la-constitucion-de-la-comunidad-energetica-caudete-genera\/","name":"Ayuntamiento y Zincaman impulsa la constituci\u00f3n de la Comunidad Energ\u00e9tica \"CAUDETE GENERA\" - MI Ayuntamiento de Caudete","isPartOf":{"@id":"https:\/\/www.caudete.org\/ayuntamiento\/#website"},"primaryImageOfPage":{"@id":"https:\/\/www.caudete.org\/ayuntamiento\/ayuntamiento-y-zincaman-impulsa-la-constitucion-de-la-comunidad-energetica-caudete-genera\/#primaryimage"},"image":{"@id":"https:\/\/www.caudete.org\/ayuntamiento\/ayuntamiento-y-zincaman-impulsa-la-constitucion-de-la-comunidad-energetica-caudete-genera\/#primaryimage"},"thumbnailUrl":"https:\/\/www.caudete.org\/ayuntamiento\/wp-content\/uploads\/2025\/09\/CAUDETE-GENERA-e1758886271391.jpg","datePublished":"2025-09-26T11:30:25+00:00","dateModified":"2025-09-26T14:38:04+00:00","description":"P\u00e1gina Oficial del Ayuntamiento de Caudete (Albacete)","breadcrumb":{"@id":"https:\/\/www.caudete.org\/ayuntamiento\/ayuntamiento-y-zincaman-impulsa-la-constitucion-de-la-comunidad-energetica-caudete-genera\/#breadcrumb"},"inLanguage":"es","potentialAction":[{"@type":"ReadAction","target":["https:\/\/www.caudete.org\/ayuntamiento\/ayuntamiento-y-zincaman-impulsa-la-constitucion-de-la-comunidad-energetica-caudete-genera\/"]}]},{"@type":"ImageObject","inLanguage":"es","@id":"https:\/\/www.caudete.org\/ayuntamiento\/ayuntamiento-y-zincaman-impulsa-la-constitucion-de-la-comunidad-energetica-caudete-genera\/#primaryimage","url":"https:\/\/www.caudete.org\/ayuntamiento\/wp-content\/uploads\/2025\/09\/CAUDETE-GENERA-e1758886271391.jpg","contentUrl":"https:\/\/www.caudete.org\/ayuntamiento\/wp-content\/uploads\/2025\/09\/CAUDETE-GENERA-e1758886271391.jpg","width":1000,"height":552},{"@type":"BreadcrumbList","@id":"https:\/\/www.caudete.org\/ayuntamiento\/ayuntamiento-y-zincaman-impulsa-la-constitucion-de-la-comunidad-energetica-caudete-genera\/#breadcrumb","itemListElement":[{"@type":"ListItem","position":1,"name":"Inicio","item":"https:\/\/www.caudete.org\/ayuntamiento\/"},{"@type":"ListItem","position":2,"name":"Ayuntamiento y Zincaman impulsa la constituci\u00f3n de la Comunidad Energ\u00e9tica &#8220;CAUDETE GENERA&#8221;"}]},{"@type":"WebSite","@id":"https:\/\/www.caudete.org\/ayuntamiento\/#website","url":"https:\/\/www.caudete.org\/ayuntamiento\/","name":"MI Ayuntamiento de Caudete","description":"P\u00e1gina Oficial del MI Ayuntamiento de Caudete","publisher":{"@id":"https:\/\/www.caudete.org\/ayuntamiento\/#organization"},"potentialAction":[{"@type":"SearchAction","target":{"@type":"EntryPoint","urlTemplate":"https:\/\/www.caudete.org\/ayuntamiento\/?s={search_term_string}"},"query-input":{"@type":"PropertyValueSpecification","valueRequired":true,"valueName":"search_term_string"}}],"inLanguage":"es"},{"@type":"Organization","@id":"https:\/\/www.caudete.org\/ayuntamiento\/#organization","name":"Ayuntamiento de Caudete","url":"https:\/\/www.caudete.org\/ayuntamiento\/","logo":{"@type":"ImageObject","inLanguage":"es","@id":"https:\/\/www.caudete.org\/ayuntamiento\/#\/schema\/logo\/image\/","url":"https:\/\/www.caudete.org\/ayuntamiento\/wp-content\/uploads\/2020\/11\/logo_ayuntamiento_caudete.jpg","contentUrl":"https:\/\/www.caudete.org\/ayuntamiento\/wp-content\/uploads\/2020\/11\/logo_ayuntamiento_caudete.jpg","width":600,"height":150,"caption":"Ayuntamiento de Caudete"},"image":{"@id":"https:\/\/www.caudete.org\/ayuntamiento\/#\/schema\/logo\/image\/"},"sameAs":["https:\/\/www.facebook.com\/ayuntamientocaudete\/","https:\/\/www.youtube.com\/channel\/UC6VztHaooNsGpw-tNoBEFnQ"]},{"@type":"Person","@id":"https:\/\/www.caudete.org\/ayuntamiento\/#\/schema\/person\/abfa5ffd5010a14e078c21e6e61b6291","name":"informatica2","image":{"@type":"ImageObject","inLanguage":"es","@id":"https:\/\/secure.gravatar.com\/avatar\/b089890ff033a3e4d03eec00ecb5a14425217205c513f60ec32ebeaaeb5fa700?s=96&d=mm&r=g","url":"https:\/\/secure.gravatar.com\/avatar\/b089890ff033a3e4d03eec00ecb5a14425217205c513f60ec32ebeaaeb5fa700?s=96&d=mm&r=g","contentUrl":"https:\/\/secure.gravatar.com\/avatar\/b089890ff033a3e4d03eec00ecb5a14425217205c513f60ec32ebeaaeb5fa700?s=96&d=mm&r=g","caption":"informatica2"},"url":"https:\/\/www.caudete.org\/ayuntamiento\/author\/informatica2\/"}]}},"_links":{"self":[{"href":"https:\/\/www.caudete.org\/ayuntamiento\/wp-json\/wp\/v2\/posts\/30761","targetHints":{"allow":["GET"]}}],"collection":[{"href":"https:\/\/www.caudete.org\/ayuntamiento\/wp-json\/wp\/v2\/posts"}],"about":[{"href":"https:\/\/www.caudete.org\/ayuntamiento\/wp-json\/wp\/v2\/types\/post"}],"author":[{"embeddable":true,"href":"https:\/\/www.caudete.org\/ayuntamiento\/wp-json\/wp\/v2\/users\/6"}],"replies":[{"embeddable":true,"href":"https:\/\/www.caudete.org\/ayuntamiento\/wp-json\/wp\/v2\/comments?post=30761"}],"version-history":[{"count":2,"href":"https:\/\/www.caudete.org\/ayuntamiento\/wp-json\/wp\/v2\/posts\/30761\/revisions"}],"predecessor-version":[{"id":30764,"href":"https:\/\/www.caudete.org\/ayuntamiento\/wp-json\/wp\/v2\/posts\/30761\/revisions\/30764"}],"wp:featuredmedia":[{"embeddable":true,"href":"https:\/\/www.caudete.org\/ayuntamiento\/wp-json\/wp\/v2\/media\/30762"}],"wp:attachment":[{"href":"https:\/\/www.caudete.org\/ayuntamiento\/wp-json\/wp\/v2\/media?parent=30761"}],"wp:term":[{"taxonomy":"category","embeddable":true,"href":"https:\/\/www.caudete.org\/ayuntamiento\/wp-json\/wp\/v2\/categories?post=30761"},{"taxonomy":"post_tag","embeddable":true,"href":"https:\/\/www.caudete.org\/ayuntamiento\/wp-json\/wp\/v2\/tags?post=30761"}],"curies":[{"name":"wp","href":"https:\/\/api.w.org\/{rel}","templated":true}]}}