{"id":30782,"date":"2025-09-30T08:54:02","date_gmt":"2025-09-30T06:54:02","guid":{"rendered":"https:\/\/www.caudete.org\/ayuntamiento\/?p=30782"},"modified":"2025-09-30T09:21:05","modified_gmt":"2025-09-30T07:21:05","slug":"caudete-acogera-las-v-jornadas-sobre-las-hablas-orientales-de-base-castellanomurciana-y-castellanoaragonesa","status":"publish","type":"post","link":"https:\/\/www.caudete.org\/ayuntamiento\/caudete-acogera-las-v-jornadas-sobre-las-hablas-orientales-de-base-castellanomurciana-y-castellanoaragonesa\/","title":{"rendered":"Caudete acoger\u00e1 las V Jornadas sobre las Hablas Orientales de base castellanomurciana y castellanoaragonesa"},"content":{"rendered":"<p>La Concejala de Cultura, Manuela Gonz\u00e1lez Solera, se complace en anunciar la celebraci\u00f3n de las V Jornadas sobre las Hablas Orientales de base castellanomurciana y castellanoaragonesa, un evento \u00fanico que profundizar\u00e1 en la riqueza y diversidad ling\u00fc\u00edstica de nuestro territorio. Las jornadas se llevar\u00e1n a cabo los d\u00edas 3 y 4 de octubre de 2025 en la Casa de Cultura de Caudete.<\/p>\n<p>Este evento, coorganizado por el Ayuntamiento de Caudete junto al Ayuntamiento de Sax y varias universidades y departamentos de filolog\u00eda, es una oportunidad excepcional para conocer de cerca las hablas de frontera, el castellano oriental de la Pen\u00ednsula y otros temas de gran inter\u00e9s como el l\u00e9xico, la literatura, la onom\u00e1stica, la toponimia y la documentaci\u00f3n hist\u00f3rica del territorio.<\/p>\n<p>Las jornadas contar\u00e1n con la participaci\u00f3n de destacados ponentes acad\u00e9micos y diversas actividades enriquecedoras. El programa en Caudete dar\u00e1 inicio el viernes 3 de octubre con una visita guiada (art\u00edstica y topon\u00edmica) por la ma\u00f1ana. Por la tarde, la Casa de Cultura ser\u00e1 el escenario de diversas ponencias y una presentaci\u00f3n de libros, a cargo de expertos como Jos\u00e9 Fernando Domene Verd\u00fa, Alberto-Jes\u00fas Mart\u00ednez Bedmar, Adria Castells y Miguel Requena, entre otros.<\/p>\n<p>El s\u00e1bado 4 de octubre, la programaci\u00f3n continuar\u00e1 con un intenso programa de conferencias a lo largo de todo el d\u00eda, abordando temas desde la toponimia de Caudete y la frontera con Valencia hasta el vocabulario de Bugarra o los apodos de Bolbaite. Las jornadas culminar\u00e1n por la tarde con un acto de clausura.<\/p>\n<p>No pierda la oportunidad de asistir a estas jornadas para descubrir la riqueza ling\u00fc\u00edstica de nuestra regi\u00f3n. Entrada libre e inscripci\u00f3n gratuita, a trav\u00e9s del QR que aparece en la imagen o a trav\u00e9s del siguiente enlace.<\/p>\n<hr \/>\n<p><a href=\"https:\/\/forms.gle\/3MBoiL73VGYf6Nyy8\" target=\"_blank\" rel=\"nofollow\">https:\/\/forms.gle\/3MBoiL73VGYf6Nyy8<\/a><\/p>\n<p><a href=\"https:\/\/www.caudete.org\/ayuntamiento\/wp-content\/uploads\/2025\/09\/PROGRAMA-horaris-v17.pdf\" class=\"mtli_attachment mtli_pdf\">PROGRAMA horaris v17<\/a><\/p>\n","protected":false},"excerpt":{"rendered":"<p>La Concejala de Cultura, Manuela Gonz\u00e1lez Solera, se complace en anunciar la celebraci\u00f3n de las V Jornadas sobre las Hablas Orientales de base castellanomurciana y castellanoaragonesa, un evento \u00fanico que profundizar\u00e1 en la riqueza y diversidad ling\u00fc\u00edstica de nuestro territorio. Las jornadas se llevar\u00e1n a cabo los d\u00edas 3 y 4 de octubre de 2025 &hellip;<\/p>\n","protected":false},"author":6,"featured_media":30784,"comment_status":"closed","ping_status":"open","sticky":false,"template":"","format":"standard","meta":{"ngg_post_thumbnail":0,"footnotes":""},"categories":[14],"tags":[],"class_list":["post-30782","post","type-post","status-publish","format-standard","has-post-thumbnail","hentry","category-cultura"],"yoast_head":"<!-- This site is optimized with the Yoast SEO plugin v27.5 - https:\/\/yoast.com\/product\/yoast-seo-wordpress\/ -->\n<title>Caudete acoger\u00e1 las V Jornadas sobre las Hablas Orientales de base castellanomurciana y castellanoaragonesa - MI Ayuntamiento de Caudete<\/title>\n<meta name=\"description\" content=\"P\u00e1gina Oficial del Ayuntamiento de Caudete (Albacete)\" \/>\n<meta name=\"robots\" content=\"index, follow, max-snippet:-1, max-image-preview:large, max-video-preview:-1\" \/>\n<link rel=\"canonical\" href=\"https:\/\/www.caudete.org\/ayuntamiento\/caudete-acogera-las-v-jornadas-sobre-las-hablas-orientales-de-base-castellanomurciana-y-castellanoaragonesa\/\" \/>\n<meta property=\"og:locale\" content=\"es_ES\" \/>\n<meta property=\"og:type\" content=\"article\" \/>\n<meta property=\"og:title\" content=\"Caudete acoger\u00e1 las V Jornadas sobre las Hablas Orientales de base castellanomurciana y castellanoaragonesa - MI Ayuntamiento de Caudete\" \/>\n<meta property=\"og:description\" content=\"P\u00e1gina Oficial del Ayuntamiento de Caudete (Albacete)\" \/>\n<meta property=\"og:url\" content=\"https:\/\/www.caudete.org\/ayuntamiento\/caudete-acogera-las-v-jornadas-sobre-las-hablas-orientales-de-base-castellanomurciana-y-castellanoaragonesa\/\" \/>\n<meta property=\"og:site_name\" content=\"MI Ayuntamiento de Caudete\" \/>\n<meta property=\"article:publisher\" content=\"https:\/\/www.facebook.com\/ayuntamientocaudete\/\" \/>\n<meta property=\"article:published_time\" content=\"2025-09-30T06:54:02+00:00\" \/>\n<meta property=\"article:modified_time\" content=\"2025-09-30T07:21:05+00:00\" \/>\n<meta property=\"og:image\" content=\"https:\/\/www.caudete.org\/ayuntamiento\/wp-content\/uploads\/2025\/09\/V-Jornadas-parlars.jpg\" \/>\n\t<meta property=\"og:image:width\" content=\"1516\" \/>\n\t<meta property=\"og:image:height\" content=\"657\" \/>\n\t<meta property=\"og:image:type\" content=\"image\/jpeg\" \/>\n<meta name=\"author\" content=\"informatica2\" \/>\n<meta name=\"twitter:card\" content=\"summary_large_image\" \/>\n<meta name=\"twitter:label1\" content=\"Escrito por\" \/>\n\t<meta name=\"twitter:data1\" content=\"informatica2\" \/>\n\t<meta name=\"twitter:label2\" content=\"Tiempo de lectura\" \/>\n\t<meta name=\"twitter:data2\" content=\"2 minutos\" \/>\n<script type=\"application\/ld+json\" class=\"yoast-schema-graph\">{\"@context\":\"https:\\\/\\\/schema.org\",\"@graph\":[{\"@type\":\"Article\",\"@id\":\"https:\\\/\\\/www.caudete.org\\\/ayuntamiento\\\/caudete-acogera-las-v-jornadas-sobre-las-hablas-orientales-de-base-castellanomurciana-y-castellanoaragonesa\\\/#article\",\"isPartOf\":{\"@id\":\"https:\\\/\\\/www.caudete.org\\\/ayuntamiento\\\/caudete-acogera-las-v-jornadas-sobre-las-hablas-orientales-de-base-castellanomurciana-y-castellanoaragonesa\\\/\"},\"author\":{\"name\":\"informatica2\",\"@id\":\"https:\\\/\\\/www.caudete.org\\\/ayuntamiento\\\/#\\\/schema\\\/person\\\/abfa5ffd5010a14e078c21e6e61b6291\"},\"headline\":\"Caudete acoger\u00e1 las V Jornadas sobre las Hablas Orientales de base castellanomurciana y castellanoaragonesa\",\"datePublished\":\"2025-09-30T06:54:02+00:00\",\"dateModified\":\"2025-09-30T07:21:05+00:00\",\"mainEntityOfPage\":{\"@id\":\"https:\\\/\\\/www.caudete.org\\\/ayuntamiento\\\/caudete-acogera-las-v-jornadas-sobre-las-hablas-orientales-de-base-castellanomurciana-y-castellanoaragonesa\\\/\"},\"wordCount\":332,\"image\":{\"@id\":\"https:\\\/\\\/www.caudete.org\\\/ayuntamiento\\\/caudete-acogera-las-v-jornadas-sobre-las-hablas-orientales-de-base-castellanomurciana-y-castellanoaragonesa\\\/#primaryimage\"},\"thumbnailUrl\":\"https:\\\/\\\/www.caudete.org\\\/ayuntamiento\\\/wp-content\\\/uploads\\\/2025\\\/09\\\/V-Jornadas-parlars.jpg\",\"articleSection\":[\"Cultura\"],\"inLanguage\":\"es\"},{\"@type\":\"WebPage\",\"@id\":\"https:\\\/\\\/www.caudete.org\\\/ayuntamiento\\\/caudete-acogera-las-v-jornadas-sobre-las-hablas-orientales-de-base-castellanomurciana-y-castellanoaragonesa\\\/\",\"url\":\"https:\\\/\\\/www.caudete.org\\\/ayuntamiento\\\/caudete-acogera-las-v-jornadas-sobre-las-hablas-orientales-de-base-castellanomurciana-y-castellanoaragonesa\\\/\",\"name\":\"Caudete acoger\u00e1 las V Jornadas sobre las Hablas Orientales de base castellanomurciana y castellanoaragonesa - MI Ayuntamiento de Caudete\",\"isPartOf\":{\"@id\":\"https:\\\/\\\/www.caudete.org\\\/ayuntamiento\\\/#website\"},\"primaryImageOfPage\":{\"@id\":\"https:\\\/\\\/www.caudete.org\\\/ayuntamiento\\\/caudete-acogera-las-v-jornadas-sobre-las-hablas-orientales-de-base-castellanomurciana-y-castellanoaragonesa\\\/#primaryimage\"},\"image\":{\"@id\":\"https:\\\/\\\/www.caudete.org\\\/ayuntamiento\\\/caudete-acogera-las-v-jornadas-sobre-las-hablas-orientales-de-base-castellanomurciana-y-castellanoaragonesa\\\/#primaryimage\"},\"thumbnailUrl\":\"https:\\\/\\\/www.caudete.org\\\/ayuntamiento\\\/wp-content\\\/uploads\\\/2025\\\/09\\\/V-Jornadas-parlars.jpg\",\"datePublished\":\"2025-09-30T06:54:02+00:00\",\"dateModified\":\"2025-09-30T07:21:05+00:00\",\"author\":{\"@id\":\"https:\\\/\\\/www.caudete.org\\\/ayuntamiento\\\/#\\\/schema\\\/person\\\/abfa5ffd5010a14e078c21e6e61b6291\"},\"description\":\"P\u00e1gina Oficial del Ayuntamiento de Caudete (Albacete)\",\"breadcrumb\":{\"@id\":\"https:\\\/\\\/www.caudete.org\\\/ayuntamiento\\\/caudete-acogera-las-v-jornadas-sobre-las-hablas-orientales-de-base-castellanomurciana-y-castellanoaragonesa\\\/#breadcrumb\"},\"inLanguage\":\"es\",\"potentialAction\":[{\"@type\":\"ReadAction\",\"target\":[\"https:\\\/\\\/www.caudete.org\\\/ayuntamiento\\\/caudete-acogera-las-v-jornadas-sobre-las-hablas-orientales-de-base-castellanomurciana-y-castellanoaragonesa\\\/\"]}]},{\"@type\":\"ImageObject\",\"inLanguage\":\"es\",\"@id\":\"https:\\\/\\\/www.caudete.org\\\/ayuntamiento\\\/caudete-acogera-las-v-jornadas-sobre-las-hablas-orientales-de-base-castellanomurciana-y-castellanoaragonesa\\\/#primaryimage\",\"url\":\"https:\\\/\\\/www.caudete.org\\\/ayuntamiento\\\/wp-content\\\/uploads\\\/2025\\\/09\\\/V-Jornadas-parlars.jpg\",\"contentUrl\":\"https:\\\/\\\/www.caudete.org\\\/ayuntamiento\\\/wp-content\\\/uploads\\\/2025\\\/09\\\/V-Jornadas-parlars.jpg\",\"width\":1516,\"height\":657},{\"@type\":\"BreadcrumbList\",\"@id\":\"https:\\\/\\\/www.caudete.org\\\/ayuntamiento\\\/caudete-acogera-las-v-jornadas-sobre-las-hablas-orientales-de-base-castellanomurciana-y-castellanoaragonesa\\\/#breadcrumb\",\"itemListElement\":[{\"@type\":\"ListItem\",\"position\":1,\"name\":\"Inicio\",\"item\":\"https:\\\/\\\/www.caudete.org\\\/ayuntamiento\\\/\"},{\"@type\":\"ListItem\",\"position\":2,\"name\":\"Caudete acoger\u00e1 las V Jornadas sobre las Hablas Orientales de base castellanomurciana y castellanoaragonesa\"}]},{\"@type\":\"WebSite\",\"@id\":\"https:\\\/\\\/www.caudete.org\\\/ayuntamiento\\\/#website\",\"url\":\"https:\\\/\\\/www.caudete.org\\\/ayuntamiento\\\/\",\"name\":\"MI Ayuntamiento de Caudete\",\"description\":\"P\u00e1gina Oficial del MI Ayuntamiento de Caudete\",\"potentialAction\":[{\"@type\":\"SearchAction\",\"target\":{\"@type\":\"EntryPoint\",\"urlTemplate\":\"https:\\\/\\\/www.caudete.org\\\/ayuntamiento\\\/?s={search_term_string}\"},\"query-input\":{\"@type\":\"PropertyValueSpecification\",\"valueRequired\":true,\"valueName\":\"search_term_string\"}}],\"inLanguage\":\"es\"},{\"@type\":\"Person\",\"@id\":\"https:\\\/\\\/www.caudete.org\\\/ayuntamiento\\\/#\\\/schema\\\/person\\\/abfa5ffd5010a14e078c21e6e61b6291\",\"name\":\"informatica2\",\"image\":{\"@type\":\"ImageObject\",\"inLanguage\":\"es\",\"@id\":\"https:\\\/\\\/secure.gravatar.com\\\/avatar\\\/b089890ff033a3e4d03eec00ecb5a14425217205c513f60ec32ebeaaeb5fa700?s=96&d=mm&r=g\",\"url\":\"https:\\\/\\\/secure.gravatar.com\\\/avatar\\\/b089890ff033a3e4d03eec00ecb5a14425217205c513f60ec32ebeaaeb5fa700?s=96&d=mm&r=g\",\"contentUrl\":\"https:\\\/\\\/secure.gravatar.com\\\/avatar\\\/b089890ff033a3e4d03eec00ecb5a14425217205c513f60ec32ebeaaeb5fa700?s=96&d=mm&r=g\",\"caption\":\"informatica2\"},\"url\":\"https:\\\/\\\/www.caudete.org\\\/ayuntamiento\\\/author\\\/informatica2\\\/\"}]}<\/script>\n<!-- \/ Yoast SEO plugin. -->","yoast_head_json":{"title":"Caudete acoger\u00e1 las V Jornadas sobre las Hablas Orientales de base castellanomurciana y castellanoaragonesa - MI Ayuntamiento de Caudete","description":"P\u00e1gina Oficial del Ayuntamiento de Caudete (Albacete)","robots":{"index":"index","follow":"follow","max-snippet":"max-snippet:-1","max-image-preview":"max-image-preview:large","max-video-preview":"max-video-preview:-1"},"canonical":"https:\/\/www.caudete.org\/ayuntamiento\/caudete-acogera-las-v-jornadas-sobre-las-hablas-orientales-de-base-castellanomurciana-y-castellanoaragonesa\/","og_locale":"es_ES","og_type":"article","og_title":"Caudete acoger\u00e1 las V Jornadas sobre las Hablas Orientales de base castellanomurciana y castellanoaragonesa - MI Ayuntamiento de Caudete","og_description":"P\u00e1gina Oficial del Ayuntamiento de Caudete (Albacete)","og_url":"https:\/\/www.caudete.org\/ayuntamiento\/caudete-acogera-las-v-jornadas-sobre-las-hablas-orientales-de-base-castellanomurciana-y-castellanoaragonesa\/","og_site_name":"MI Ayuntamiento de Caudete","article_publisher":"https:\/\/www.facebook.com\/ayuntamientocaudete\/","article_published_time":"2025-09-30T06:54:02+00:00","article_modified_time":"2025-09-30T07:21:05+00:00","og_image":[{"width":1516,"height":657,"url":"https:\/\/www.caudete.org\/ayuntamiento\/wp-content\/uploads\/2025\/09\/V-Jornadas-parlars.jpg","type":"image\/jpeg"}],"author":"informatica2","twitter_card":"summary_large_image","twitter_misc":{"Escrito por":"informatica2","Tiempo de lectura":"2 minutos"},"schema":{"@context":"https:\/\/schema.org","@graph":[{"@type":"Article","@id":"https:\/\/www.caudete.org\/ayuntamiento\/caudete-acogera-las-v-jornadas-sobre-las-hablas-orientales-de-base-castellanomurciana-y-castellanoaragonesa\/#article","isPartOf":{"@id":"https:\/\/www.caudete.org\/ayuntamiento\/caudete-acogera-las-v-jornadas-sobre-las-hablas-orientales-de-base-castellanomurciana-y-castellanoaragonesa\/"},"author":{"name":"informatica2","@id":"https:\/\/www.caudete.org\/ayuntamiento\/#\/schema\/person\/abfa5ffd5010a14e078c21e6e61b6291"},"headline":"Caudete acoger\u00e1 las V Jornadas sobre las Hablas Orientales de base castellanomurciana y castellanoaragonesa","datePublished":"2025-09-30T06:54:02+00:00","dateModified":"2025-09-30T07:21:05+00:00","mainEntityOfPage":{"@id":"https:\/\/www.caudete.org\/ayuntamiento\/caudete-acogera-las-v-jornadas-sobre-las-hablas-orientales-de-base-castellanomurciana-y-castellanoaragonesa\/"},"wordCount":332,"image":{"@id":"https:\/\/www.caudete.org\/ayuntamiento\/caudete-acogera-las-v-jornadas-sobre-las-hablas-orientales-de-base-castellanomurciana-y-castellanoaragonesa\/#primaryimage"},"thumbnailUrl":"https:\/\/www.caudete.org\/ayuntamiento\/wp-content\/uploads\/2025\/09\/V-Jornadas-parlars.jpg","articleSection":["Cultura"],"inLanguage":"es"},{"@type":"WebPage","@id":"https:\/\/www.caudete.org\/ayuntamiento\/caudete-acogera-las-v-jornadas-sobre-las-hablas-orientales-de-base-castellanomurciana-y-castellanoaragonesa\/","url":"https:\/\/www.caudete.org\/ayuntamiento\/caudete-acogera-las-v-jornadas-sobre-las-hablas-orientales-de-base-castellanomurciana-y-castellanoaragonesa\/","name":"Caudete acoger\u00e1 las V Jornadas sobre las Hablas Orientales de base castellanomurciana y castellanoaragonesa - MI Ayuntamiento de Caudete","isPartOf":{"@id":"https:\/\/www.caudete.org\/ayuntamiento\/#website"},"primaryImageOfPage":{"@id":"https:\/\/www.caudete.org\/ayuntamiento\/caudete-acogera-las-v-jornadas-sobre-las-hablas-orientales-de-base-castellanomurciana-y-castellanoaragonesa\/#primaryimage"},"image":{"@id":"https:\/\/www.caudete.org\/ayuntamiento\/caudete-acogera-las-v-jornadas-sobre-las-hablas-orientales-de-base-castellanomurciana-y-castellanoaragonesa\/#primaryimage"},"thumbnailUrl":"https:\/\/www.caudete.org\/ayuntamiento\/wp-content\/uploads\/2025\/09\/V-Jornadas-parlars.jpg","datePublished":"2025-09-30T06:54:02+00:00","dateModified":"2025-09-30T07:21:05+00:00","author":{"@id":"https:\/\/www.caudete.org\/ayuntamiento\/#\/schema\/person\/abfa5ffd5010a14e078c21e6e61b6291"},"description":"P\u00e1gina Oficial del Ayuntamiento de Caudete (Albacete)","breadcrumb":{"@id":"https:\/\/www.caudete.org\/ayuntamiento\/caudete-acogera-las-v-jornadas-sobre-las-hablas-orientales-de-base-castellanomurciana-y-castellanoaragonesa\/#breadcrumb"},"inLanguage":"es","potentialAction":[{"@type":"ReadAction","target":["https:\/\/www.caudete.org\/ayuntamiento\/caudete-acogera-las-v-jornadas-sobre-las-hablas-orientales-de-base-castellanomurciana-y-castellanoaragonesa\/"]}]},{"@type":"ImageObject","inLanguage":"es","@id":"https:\/\/www.caudete.org\/ayuntamiento\/caudete-acogera-las-v-jornadas-sobre-las-hablas-orientales-de-base-castellanomurciana-y-castellanoaragonesa\/#primaryimage","url":"https:\/\/www.caudete.org\/ayuntamiento\/wp-content\/uploads\/2025\/09\/V-Jornadas-parlars.jpg","contentUrl":"https:\/\/www.caudete.org\/ayuntamiento\/wp-content\/uploads\/2025\/09\/V-Jornadas-parlars.jpg","width":1516,"height":657},{"@type":"BreadcrumbList","@id":"https:\/\/www.caudete.org\/ayuntamiento\/caudete-acogera-las-v-jornadas-sobre-las-hablas-orientales-de-base-castellanomurciana-y-castellanoaragonesa\/#breadcrumb","itemListElement":[{"@type":"ListItem","position":1,"name":"Inicio","item":"https:\/\/www.caudete.org\/ayuntamiento\/"},{"@type":"ListItem","position":2,"name":"Caudete acoger\u00e1 las V Jornadas sobre las Hablas Orientales de base castellanomurciana y castellanoaragonesa"}]},{"@type":"WebSite","@id":"https:\/\/www.caudete.org\/ayuntamiento\/#website","url":"https:\/\/www.caudete.org\/ayuntamiento\/","name":"MI Ayuntamiento de Caudete","description":"P\u00e1gina Oficial del MI Ayuntamiento de Caudete","potentialAction":[{"@type":"SearchAction","target":{"@type":"EntryPoint","urlTemplate":"https:\/\/www.caudete.org\/ayuntamiento\/?s={search_term_string}"},"query-input":{"@type":"PropertyValueSpecification","valueRequired":true,"valueName":"search_term_string"}}],"inLanguage":"es"},{"@type":"Person","@id":"https:\/\/www.caudete.org\/ayuntamiento\/#\/schema\/person\/abfa5ffd5010a14e078c21e6e61b6291","name":"informatica2","image":{"@type":"ImageObject","inLanguage":"es","@id":"https:\/\/secure.gravatar.com\/avatar\/b089890ff033a3e4d03eec00ecb5a14425217205c513f60ec32ebeaaeb5fa700?s=96&d=mm&r=g","url":"https:\/\/secure.gravatar.com\/avatar\/b089890ff033a3e4d03eec00ecb5a14425217205c513f60ec32ebeaaeb5fa700?s=96&d=mm&r=g","contentUrl":"https:\/\/secure.gravatar.com\/avatar\/b089890ff033a3e4d03eec00ecb5a14425217205c513f60ec32ebeaaeb5fa700?s=96&d=mm&r=g","caption":"informatica2"},"url":"https:\/\/www.caudete.org\/ayuntamiento\/author\/informatica2\/"}]}},"_links":{"self":[{"href":"https:\/\/www.caudete.org\/ayuntamiento\/wp-json\/wp\/v2\/posts\/30782","targetHints":{"allow":["GET"]}}],"collection":[{"href":"https:\/\/www.caudete.org\/ayuntamiento\/wp-json\/wp\/v2\/posts"}],"about":[{"href":"https:\/\/www.caudete.org\/ayuntamiento\/wp-json\/wp\/v2\/types\/post"}],"author":[{"embeddable":true,"href":"https:\/\/www.caudete.org\/ayuntamiento\/wp-json\/wp\/v2\/users\/6"}],"replies":[{"embeddable":true,"href":"https:\/\/www.caudete.org\/ayuntamiento\/wp-json\/wp\/v2\/comments?post=30782"}],"version-history":[{"count":1,"href":"https:\/\/www.caudete.org\/ayuntamiento\/wp-json\/wp\/v2\/posts\/30782\/revisions"}],"predecessor-version":[{"id":30785,"href":"https:\/\/www.caudete.org\/ayuntamiento\/wp-json\/wp\/v2\/posts\/30782\/revisions\/30785"}],"wp:featuredmedia":[{"embeddable":true,"href":"https:\/\/www.caudete.org\/ayuntamiento\/wp-json\/wp\/v2\/media\/30784"}],"wp:attachment":[{"href":"https:\/\/www.caudete.org\/ayuntamiento\/wp-json\/wp\/v2\/media?parent=30782"}],"wp:term":[{"taxonomy":"category","embeddable":true,"href":"https:\/\/www.caudete.org\/ayuntamiento\/wp-json\/wp\/v2\/categories?post=30782"},{"taxonomy":"post_tag","embeddable":true,"href":"https:\/\/www.caudete.org\/ayuntamiento\/wp-json\/wp\/v2\/tags?post=30782"}],"curies":[{"name":"wp","href":"https:\/\/api.w.org\/{rel}","templated":true}]}}