{"id":30814,"date":"2025-10-01T09:34:00","date_gmt":"2025-10-01T07:34:00","guid":{"rendered":"https:\/\/www.caudete.org\/ayuntamiento\/?p=30814"},"modified":"2025-10-01T09:34:00","modified_gmt":"2025-10-01T07:34:00","slug":"recuperacion-y-jornada-de-liberacion-de-aves-recuperadas","status":"publish","type":"post","link":"https:\/\/www.caudete.org\/ayuntamiento\/recuperacion-y-jornada-de-liberacion-de-aves-recuperadas\/","title":{"rendered":"Recuperaci\u00f3n y jornada de liberaci\u00f3n de aves recuperadas"},"content":{"rendered":"<p style=\"text-align: justify;\">El Ayuntamiento de Caudete, a trav\u00e9s de su Concejal\u00eda de Medio Ambiente, comprometido con la conservaci\u00f3n de la fauna y el entorno natural<\/p>\n<p style=\"text-align: justify;\">El pasado mes, gracias a la colaboraci\u00f3n ciudadana, se rescat\u00f3 en Caudete un ejemplar de c\u00e1rabo com\u00fan. Este hecho ha puesto de manifiesto la importancia de la implicaci\u00f3n de todos en la protecci\u00f3n de nuestra fauna silvestre y en la conservaci\u00f3n del entorno natural que compartimos.<\/p>\n<p style=\"text-align: justify;\">Con este motivo, el pr\u00f3ximo viernes 3 de octubre, la asociaci\u00f3n Discite Natura y la Plataforma Caudete Ecol\u00f3gica, con la colaboraci\u00f3n del M.I. Ayuntamiento de Caudete, a trav\u00e9s de su Concejal\u00eda de Medio Ambiente, han organizado una actividad muy especial: la liberaci\u00f3n de aves recuperadas en el Centro de Recuperaci\u00f3n de Fauna Silvestre tras sufrir diferentes accidentes.<\/p>\n<p style=\"text-align: justify;\">Adem\u00e1s, como parte de las acciones de sensibilizaci\u00f3n y educaci\u00f3n ambiental, durante los d\u00edas mi\u00e9rcoles 1 y jueves 2 de octubre, el Agente Medioambiental de Caudete, junto con el coordinador de zona Arnau Cerd\u00e1n, ofrecer\u00e1n charlas en los colegios interesados. Estas charlas servir\u00e1n para informar a los escolares sobre el evento, la importancia de cuidar nuestro medio ambiente y el valor de conservar la flora y fauna local.<\/p>\n<p style=\"text-align: justify;\">Durante la jornada del viernes, los asistentes podr\u00e1n:<\/p>\n<p style=\"text-align: justify;\">Conocer la importancia de las aves rapaces nocturnas en el equilibrio natural y la biodiversidad, de la mano de Discite Natura.<\/p>\n<p style=\"text-align: justify;\">Aprender los protocolos b\u00e1sicos a seguir al encontrar un animal herido, fomentando la participaci\u00f3n ciudadana en la protecci\u00f3n de la fauna silvestre, con la orientaci\u00f3n de los Agentes Medioambientales.<\/p>\n<p style=\"text-align: justify;\">Descubrir el trabajo diario del Centro de Recuperaci\u00f3n de Fauna Silvestre y de los Agentes Medioambientales en favor de la conservaci\u00f3n y bienestar de la fauna aut\u00f3ctona.<\/p>\n<p style=\"text-align: justify;\">Este evento est\u00e1 abierto a todos los p\u00fablicos y supone una excelente oportunidad para sensibilizar y concienciar sobre la necesidad de respetar y cuidar nuestro patrimonio natural. La liberaci\u00f3n de estas aves simboliza no solo la recuperaci\u00f3n de los animales, sino tambi\u00e9n el compromiso colectivo con el medio ambiente, en el que la Concejal\u00eda de Medio Ambiente del Ayuntamiento de Caudete trabaja activamente para garantizar la protecci\u00f3n de la biodiversidad y del medio natural del municipio.<\/p>\n<p style=\"text-align: justify;\">\ud83d\udccd Lugar: Aparcamiento junto al cementerio de Caudete<br \/>\n\ud83d\udcc5 Fecha: Viernes, 3 de octubre<br \/>\n\u23f0 Hora: 18:00 h<br \/>\n\ud83d\udc68\u200d\ud83d\udc69\u200d\ud83d\udc67\u200d\ud83d\udc66 Actividad para todos los p\u00fablicos<\/p>\n<p style=\"text-align: justify;\">Organizan: Discite Natura y Plataforma Caudete Ecol\u00f3gica<br \/>\nColaboran: Junta de Comunidades de Castilla-La Mancha, M.I. Ayuntamiento de Caudete \u2013 Concejal\u00eda de Medio Ambiente, Agentes Medioambientales<\/p>\n","protected":false},"excerpt":{"rendered":"<p>El Ayuntamiento de Caudete, a trav\u00e9s de su Concejal\u00eda de Medio Ambiente, comprometido con la conservaci\u00f3n de la fauna y el entorno natural El pasado mes, gracias a la colaboraci\u00f3n ciudadana, se rescat\u00f3 en Caudete un ejemplar de c\u00e1rabo com\u00fan. Este hecho ha puesto de manifiesto la importancia de la implicaci\u00f3n de todos en la &hellip;<\/p>\n","protected":false},"author":6,"featured_media":30816,"comment_status":"closed","ping_status":"open","sticky":false,"template":"","format":"standard","meta":{"ngg_post_thumbnail":0,"footnotes":""},"categories":[29],"tags":[],"class_list":["post-30814","post","type-post","status-publish","format-standard","has-post-thumbnail","hentry","category-medio-ambiente"],"yoast_head":"<!-- This site is optimized with the Yoast SEO plugin v27.5 - https:\/\/yoast.com\/product\/yoast-seo-wordpress\/ -->\n<title>Recuperaci\u00f3n y jornada de liberaci\u00f3n de aves recuperadas - MI Ayuntamiento de Caudete<\/title>\n<meta name=\"description\" content=\"P\u00e1gina Oficial del Ayuntamiento de Caudete (Albacete)\" \/>\n<meta name=\"robots\" content=\"index, follow, max-snippet:-1, max-image-preview:large, max-video-preview:-1\" \/>\n<link rel=\"canonical\" href=\"https:\/\/www.caudete.org\/ayuntamiento\/recuperacion-y-jornada-de-liberacion-de-aves-recuperadas\/\" \/>\n<meta property=\"og:locale\" content=\"es_ES\" \/>\n<meta property=\"og:type\" content=\"article\" \/>\n<meta property=\"og:title\" content=\"Recuperaci\u00f3n y jornada de liberaci\u00f3n de aves recuperadas - MI Ayuntamiento de Caudete\" \/>\n<meta property=\"og:description\" content=\"P\u00e1gina Oficial del Ayuntamiento de Caudete (Albacete)\" \/>\n<meta property=\"og:url\" content=\"https:\/\/www.caudete.org\/ayuntamiento\/recuperacion-y-jornada-de-liberacion-de-aves-recuperadas\/\" \/>\n<meta property=\"og:site_name\" content=\"MI Ayuntamiento de Caudete\" \/>\n<meta property=\"article:publisher\" content=\"https:\/\/www.facebook.com\/ayuntamientocaudete\/\" \/>\n<meta property=\"article:published_time\" content=\"2025-10-01T07:34:00+00:00\" \/>\n<meta property=\"og:image\" content=\"https:\/\/www.caudete.org\/ayuntamiento\/wp-content\/uploads\/2025\/10\/carabo_comun.jpg\" \/>\n\t<meta property=\"og:image:width\" content=\"1600\" \/>\n\t<meta property=\"og:image:height\" content=\"834\" \/>\n\t<meta property=\"og:image:type\" content=\"image\/jpeg\" \/>\n<meta name=\"author\" content=\"informatica2\" \/>\n<meta name=\"twitter:card\" content=\"summary_large_image\" \/>\n<meta name=\"twitter:label1\" content=\"Escrito por\" \/>\n\t<meta name=\"twitter:data1\" content=\"informatica2\" \/>\n\t<meta name=\"twitter:label2\" content=\"Tiempo de lectura\" \/>\n\t<meta name=\"twitter:data2\" content=\"3 minutos\" \/>\n<script type=\"application\/ld+json\" class=\"yoast-schema-graph\">{\"@context\":\"https:\\\/\\\/schema.org\",\"@graph\":[{\"@type\":\"Article\",\"@id\":\"https:\\\/\\\/www.caudete.org\\\/ayuntamiento\\\/recuperacion-y-jornada-de-liberacion-de-aves-recuperadas\\\/#article\",\"isPartOf\":{\"@id\":\"https:\\\/\\\/www.caudete.org\\\/ayuntamiento\\\/recuperacion-y-jornada-de-liberacion-de-aves-recuperadas\\\/\"},\"author\":{\"name\":\"informatica2\",\"@id\":\"https:\\\/\\\/www.caudete.org\\\/ayuntamiento\\\/#\\\/schema\\\/person\\\/abfa5ffd5010a14e078c21e6e61b6291\"},\"headline\":\"Recuperaci\u00f3n y jornada de liberaci\u00f3n de aves recuperadas\",\"datePublished\":\"2025-10-01T07:34:00+00:00\",\"mainEntityOfPage\":{\"@id\":\"https:\\\/\\\/www.caudete.org\\\/ayuntamiento\\\/recuperacion-y-jornada-de-liberacion-de-aves-recuperadas\\\/\"},\"wordCount\":448,\"image\":{\"@id\":\"https:\\\/\\\/www.caudete.org\\\/ayuntamiento\\\/recuperacion-y-jornada-de-liberacion-de-aves-recuperadas\\\/#primaryimage\"},\"thumbnailUrl\":\"https:\\\/\\\/www.caudete.org\\\/ayuntamiento\\\/wp-content\\\/uploads\\\/2025\\\/10\\\/carabo_comun.jpg\",\"articleSection\":[\"Medio Ambiente\"],\"inLanguage\":\"es\"},{\"@type\":\"WebPage\",\"@id\":\"https:\\\/\\\/www.caudete.org\\\/ayuntamiento\\\/recuperacion-y-jornada-de-liberacion-de-aves-recuperadas\\\/\",\"url\":\"https:\\\/\\\/www.caudete.org\\\/ayuntamiento\\\/recuperacion-y-jornada-de-liberacion-de-aves-recuperadas\\\/\",\"name\":\"Recuperaci\u00f3n y jornada de liberaci\u00f3n de aves recuperadas - MI Ayuntamiento de Caudete\",\"isPartOf\":{\"@id\":\"https:\\\/\\\/www.caudete.org\\\/ayuntamiento\\\/#website\"},\"primaryImageOfPage\":{\"@id\":\"https:\\\/\\\/www.caudete.org\\\/ayuntamiento\\\/recuperacion-y-jornada-de-liberacion-de-aves-recuperadas\\\/#primaryimage\"},\"image\":{\"@id\":\"https:\\\/\\\/www.caudete.org\\\/ayuntamiento\\\/recuperacion-y-jornada-de-liberacion-de-aves-recuperadas\\\/#primaryimage\"},\"thumbnailUrl\":\"https:\\\/\\\/www.caudete.org\\\/ayuntamiento\\\/wp-content\\\/uploads\\\/2025\\\/10\\\/carabo_comun.jpg\",\"datePublished\":\"2025-10-01T07:34:00+00:00\",\"author\":{\"@id\":\"https:\\\/\\\/www.caudete.org\\\/ayuntamiento\\\/#\\\/schema\\\/person\\\/abfa5ffd5010a14e078c21e6e61b6291\"},\"description\":\"P\u00e1gina Oficial del Ayuntamiento de Caudete (Albacete)\",\"breadcrumb\":{\"@id\":\"https:\\\/\\\/www.caudete.org\\\/ayuntamiento\\\/recuperacion-y-jornada-de-liberacion-de-aves-recuperadas\\\/#breadcrumb\"},\"inLanguage\":\"es\",\"potentialAction\":[{\"@type\":\"ReadAction\",\"target\":[\"https:\\\/\\\/www.caudete.org\\\/ayuntamiento\\\/recuperacion-y-jornada-de-liberacion-de-aves-recuperadas\\\/\"]}]},{\"@type\":\"ImageObject\",\"inLanguage\":\"es\",\"@id\":\"https:\\\/\\\/www.caudete.org\\\/ayuntamiento\\\/recuperacion-y-jornada-de-liberacion-de-aves-recuperadas\\\/#primaryimage\",\"url\":\"https:\\\/\\\/www.caudete.org\\\/ayuntamiento\\\/wp-content\\\/uploads\\\/2025\\\/10\\\/carabo_comun.jpg\",\"contentUrl\":\"https:\\\/\\\/www.caudete.org\\\/ayuntamiento\\\/wp-content\\\/uploads\\\/2025\\\/10\\\/carabo_comun.jpg\",\"width\":1600,\"height\":834},{\"@type\":\"BreadcrumbList\",\"@id\":\"https:\\\/\\\/www.caudete.org\\\/ayuntamiento\\\/recuperacion-y-jornada-de-liberacion-de-aves-recuperadas\\\/#breadcrumb\",\"itemListElement\":[{\"@type\":\"ListItem\",\"position\":1,\"name\":\"Inicio\",\"item\":\"https:\\\/\\\/www.caudete.org\\\/ayuntamiento\\\/\"},{\"@type\":\"ListItem\",\"position\":2,\"name\":\"Recuperaci\u00f3n y jornada de liberaci\u00f3n de aves recuperadas\"}]},{\"@type\":\"WebSite\",\"@id\":\"https:\\\/\\\/www.caudete.org\\\/ayuntamiento\\\/#website\",\"url\":\"https:\\\/\\\/www.caudete.org\\\/ayuntamiento\\\/\",\"name\":\"MI Ayuntamiento de Caudete\",\"description\":\"P\u00e1gina Oficial del MI Ayuntamiento de Caudete\",\"potentialAction\":[{\"@type\":\"SearchAction\",\"target\":{\"@type\":\"EntryPoint\",\"urlTemplate\":\"https:\\\/\\\/www.caudete.org\\\/ayuntamiento\\\/?s={search_term_string}\"},\"query-input\":{\"@type\":\"PropertyValueSpecification\",\"valueRequired\":true,\"valueName\":\"search_term_string\"}}],\"inLanguage\":\"es\"},{\"@type\":\"Person\",\"@id\":\"https:\\\/\\\/www.caudete.org\\\/ayuntamiento\\\/#\\\/schema\\\/person\\\/abfa5ffd5010a14e078c21e6e61b6291\",\"name\":\"informatica2\",\"image\":{\"@type\":\"ImageObject\",\"inLanguage\":\"es\",\"@id\":\"https:\\\/\\\/secure.gravatar.com\\\/avatar\\\/b089890ff033a3e4d03eec00ecb5a14425217205c513f60ec32ebeaaeb5fa700?s=96&d=mm&r=g\",\"url\":\"https:\\\/\\\/secure.gravatar.com\\\/avatar\\\/b089890ff033a3e4d03eec00ecb5a14425217205c513f60ec32ebeaaeb5fa700?s=96&d=mm&r=g\",\"contentUrl\":\"https:\\\/\\\/secure.gravatar.com\\\/avatar\\\/b089890ff033a3e4d03eec00ecb5a14425217205c513f60ec32ebeaaeb5fa700?s=96&d=mm&r=g\",\"caption\":\"informatica2\"},\"url\":\"https:\\\/\\\/www.caudete.org\\\/ayuntamiento\\\/author\\\/informatica2\\\/\"}]}<\/script>\n<!-- \/ Yoast SEO plugin. -->","yoast_head_json":{"title":"Recuperaci\u00f3n y jornada de liberaci\u00f3n de aves recuperadas - MI Ayuntamiento de Caudete","description":"P\u00e1gina Oficial del Ayuntamiento de Caudete (Albacete)","robots":{"index":"index","follow":"follow","max-snippet":"max-snippet:-1","max-image-preview":"max-image-preview:large","max-video-preview":"max-video-preview:-1"},"canonical":"https:\/\/www.caudete.org\/ayuntamiento\/recuperacion-y-jornada-de-liberacion-de-aves-recuperadas\/","og_locale":"es_ES","og_type":"article","og_title":"Recuperaci\u00f3n y jornada de liberaci\u00f3n de aves recuperadas - MI Ayuntamiento de Caudete","og_description":"P\u00e1gina Oficial del Ayuntamiento de Caudete (Albacete)","og_url":"https:\/\/www.caudete.org\/ayuntamiento\/recuperacion-y-jornada-de-liberacion-de-aves-recuperadas\/","og_site_name":"MI Ayuntamiento de Caudete","article_publisher":"https:\/\/www.facebook.com\/ayuntamientocaudete\/","article_published_time":"2025-10-01T07:34:00+00:00","og_image":[{"width":1600,"height":834,"url":"https:\/\/www.caudete.org\/ayuntamiento\/wp-content\/uploads\/2025\/10\/carabo_comun.jpg","type":"image\/jpeg"}],"author":"informatica2","twitter_card":"summary_large_image","twitter_misc":{"Escrito por":"informatica2","Tiempo de lectura":"3 minutos"},"schema":{"@context":"https:\/\/schema.org","@graph":[{"@type":"Article","@id":"https:\/\/www.caudete.org\/ayuntamiento\/recuperacion-y-jornada-de-liberacion-de-aves-recuperadas\/#article","isPartOf":{"@id":"https:\/\/www.caudete.org\/ayuntamiento\/recuperacion-y-jornada-de-liberacion-de-aves-recuperadas\/"},"author":{"name":"informatica2","@id":"https:\/\/www.caudete.org\/ayuntamiento\/#\/schema\/person\/abfa5ffd5010a14e078c21e6e61b6291"},"headline":"Recuperaci\u00f3n y jornada de liberaci\u00f3n de aves recuperadas","datePublished":"2025-10-01T07:34:00+00:00","mainEntityOfPage":{"@id":"https:\/\/www.caudete.org\/ayuntamiento\/recuperacion-y-jornada-de-liberacion-de-aves-recuperadas\/"},"wordCount":448,"image":{"@id":"https:\/\/www.caudete.org\/ayuntamiento\/recuperacion-y-jornada-de-liberacion-de-aves-recuperadas\/#primaryimage"},"thumbnailUrl":"https:\/\/www.caudete.org\/ayuntamiento\/wp-content\/uploads\/2025\/10\/carabo_comun.jpg","articleSection":["Medio Ambiente"],"inLanguage":"es"},{"@type":"WebPage","@id":"https:\/\/www.caudete.org\/ayuntamiento\/recuperacion-y-jornada-de-liberacion-de-aves-recuperadas\/","url":"https:\/\/www.caudete.org\/ayuntamiento\/recuperacion-y-jornada-de-liberacion-de-aves-recuperadas\/","name":"Recuperaci\u00f3n y jornada de liberaci\u00f3n de aves recuperadas - MI Ayuntamiento de Caudete","isPartOf":{"@id":"https:\/\/www.caudete.org\/ayuntamiento\/#website"},"primaryImageOfPage":{"@id":"https:\/\/www.caudete.org\/ayuntamiento\/recuperacion-y-jornada-de-liberacion-de-aves-recuperadas\/#primaryimage"},"image":{"@id":"https:\/\/www.caudete.org\/ayuntamiento\/recuperacion-y-jornada-de-liberacion-de-aves-recuperadas\/#primaryimage"},"thumbnailUrl":"https:\/\/www.caudete.org\/ayuntamiento\/wp-content\/uploads\/2025\/10\/carabo_comun.jpg","datePublished":"2025-10-01T07:34:00+00:00","author":{"@id":"https:\/\/www.caudete.org\/ayuntamiento\/#\/schema\/person\/abfa5ffd5010a14e078c21e6e61b6291"},"description":"P\u00e1gina Oficial del Ayuntamiento de Caudete (Albacete)","breadcrumb":{"@id":"https:\/\/www.caudete.org\/ayuntamiento\/recuperacion-y-jornada-de-liberacion-de-aves-recuperadas\/#breadcrumb"},"inLanguage":"es","potentialAction":[{"@type":"ReadAction","target":["https:\/\/www.caudete.org\/ayuntamiento\/recuperacion-y-jornada-de-liberacion-de-aves-recuperadas\/"]}]},{"@type":"ImageObject","inLanguage":"es","@id":"https:\/\/www.caudete.org\/ayuntamiento\/recuperacion-y-jornada-de-liberacion-de-aves-recuperadas\/#primaryimage","url":"https:\/\/www.caudete.org\/ayuntamiento\/wp-content\/uploads\/2025\/10\/carabo_comun.jpg","contentUrl":"https:\/\/www.caudete.org\/ayuntamiento\/wp-content\/uploads\/2025\/10\/carabo_comun.jpg","width":1600,"height":834},{"@type":"BreadcrumbList","@id":"https:\/\/www.caudete.org\/ayuntamiento\/recuperacion-y-jornada-de-liberacion-de-aves-recuperadas\/#breadcrumb","itemListElement":[{"@type":"ListItem","position":1,"name":"Inicio","item":"https:\/\/www.caudete.org\/ayuntamiento\/"},{"@type":"ListItem","position":2,"name":"Recuperaci\u00f3n y jornada de liberaci\u00f3n de aves recuperadas"}]},{"@type":"WebSite","@id":"https:\/\/www.caudete.org\/ayuntamiento\/#website","url":"https:\/\/www.caudete.org\/ayuntamiento\/","name":"MI Ayuntamiento de Caudete","description":"P\u00e1gina Oficial del MI Ayuntamiento de Caudete","potentialAction":[{"@type":"SearchAction","target":{"@type":"EntryPoint","urlTemplate":"https:\/\/www.caudete.org\/ayuntamiento\/?s={search_term_string}"},"query-input":{"@type":"PropertyValueSpecification","valueRequired":true,"valueName":"search_term_string"}}],"inLanguage":"es"},{"@type":"Person","@id":"https:\/\/www.caudete.org\/ayuntamiento\/#\/schema\/person\/abfa5ffd5010a14e078c21e6e61b6291","name":"informatica2","image":{"@type":"ImageObject","inLanguage":"es","@id":"https:\/\/secure.gravatar.com\/avatar\/b089890ff033a3e4d03eec00ecb5a14425217205c513f60ec32ebeaaeb5fa700?s=96&d=mm&r=g","url":"https:\/\/secure.gravatar.com\/avatar\/b089890ff033a3e4d03eec00ecb5a14425217205c513f60ec32ebeaaeb5fa700?s=96&d=mm&r=g","contentUrl":"https:\/\/secure.gravatar.com\/avatar\/b089890ff033a3e4d03eec00ecb5a14425217205c513f60ec32ebeaaeb5fa700?s=96&d=mm&r=g","caption":"informatica2"},"url":"https:\/\/www.caudete.org\/ayuntamiento\/author\/informatica2\/"}]}},"_links":{"self":[{"href":"https:\/\/www.caudete.org\/ayuntamiento\/wp-json\/wp\/v2\/posts\/30814","targetHints":{"allow":["GET"]}}],"collection":[{"href":"https:\/\/www.caudete.org\/ayuntamiento\/wp-json\/wp\/v2\/posts"}],"about":[{"href":"https:\/\/www.caudete.org\/ayuntamiento\/wp-json\/wp\/v2\/types\/post"}],"author":[{"embeddable":true,"href":"https:\/\/www.caudete.org\/ayuntamiento\/wp-json\/wp\/v2\/users\/6"}],"replies":[{"embeddable":true,"href":"https:\/\/www.caudete.org\/ayuntamiento\/wp-json\/wp\/v2\/comments?post=30814"}],"version-history":[{"count":1,"href":"https:\/\/www.caudete.org\/ayuntamiento\/wp-json\/wp\/v2\/posts\/30814\/revisions"}],"predecessor-version":[{"id":30817,"href":"https:\/\/www.caudete.org\/ayuntamiento\/wp-json\/wp\/v2\/posts\/30814\/revisions\/30817"}],"wp:featuredmedia":[{"embeddable":true,"href":"https:\/\/www.caudete.org\/ayuntamiento\/wp-json\/wp\/v2\/media\/30816"}],"wp:attachment":[{"href":"https:\/\/www.caudete.org\/ayuntamiento\/wp-json\/wp\/v2\/media?parent=30814"}],"wp:term":[{"taxonomy":"category","embeddable":true,"href":"https:\/\/www.caudete.org\/ayuntamiento\/wp-json\/wp\/v2\/categories?post=30814"},{"taxonomy":"post_tag","embeddable":true,"href":"https:\/\/www.caudete.org\/ayuntamiento\/wp-json\/wp\/v2\/tags?post=30814"}],"curies":[{"name":"wp","href":"https:\/\/api.w.org\/{rel}","templated":true}]}}