{"id":30890,"date":"2025-10-06T11:58:25","date_gmt":"2025-10-06T09:58:25","guid":{"rendered":"https:\/\/www.caudete.org\/ayuntamiento\/?p=30890"},"modified":"2025-10-06T12:11:46","modified_gmt":"2025-10-06T10:11:46","slug":"caudete-presente-en-las-jornadas-regionales-de-equipos-eti-en-toledo","status":"publish","type":"post","link":"https:\/\/www.caudete.org\/ayuntamiento\/caudete-presente-en-las-jornadas-regionales-de-equipos-eti-en-toledo\/","title":{"rendered":"Caudete presente en las jornadas regionales de equipos ETI en Toledo"},"content":{"rendered":"<p style=\"text-align: justify;\"><span style=\"color: #000000; font-family: georgia, palatino, serif; font-size: 12pt;\">Desde la Concejal\u00eda de Bienestar Social se informa que en representaci\u00f3n de Caudete un miembro del Equipo ETI (Psic\u00f3logo de Servicios Sociales) particip\u00f3 en las Jornadas Regionales de los Equipos T\u00e9cnicos de Inclusi\u00f3n (ETI) de Castilla la Mancha, el 18 de septiembre. Este recurso, del cual disfrutamos en nuestro Ayuntamiento, est\u00e1 financiado por el Fondo Social Europeo Plus y ha permitido atender a m\u00e1s de 35.000 personas en la regi\u00f3n. <\/span><\/p>\n<p style=\"text-align: justify;\"><span style=\"color: #000000; font-family: georgia, palatino, serif; font-size: 12pt;\">Los Equipos ETI forman parte de los Equipo de Servicios Sociales de Atenci\u00f3n Primaria. En el caso de Caudete, conformado por una Trabajadora Social y un Psic\u00f3logo. Un equipo interdisciplinar, que junto al apoyo de otros profesionales, atienden perfiles muy vulnerables. Personas excluidas o en riesgo de exclusi\u00f3n social, con problemas globales a nivel de funcionamiento social, mental y de salud. Los perfiles habituales, son usuarias\/os con desempleos cronificados o infraempleos, problema de salud, en algunos casos adicciones, con problemas habitacionales, con frecuencia con escasas redes de apoyo familiar o social, y en riesgo de pobreza. Perfiles que precisan de un abordaje integral, desde distintas \u00e1reas, y acompa\u00f1ando durante periodos de tiempo prolongados, dada la existencia de muchos factores relacionados. Desde el equipo de Caudete ETI atendemos a cientos de personas al a\u00f1o, dando informaci\u00f3n, favoreciendo formaciones de inter\u00e9s, realizando gestiones dif\u00edciles, tramitando prestaciones, acompa\u00f1ando a nivel psicol\u00f3gico, orientando sobre aspectos de salud y familiares, ayudando a resolver conflictos, ampliando la red de apoyos formales e informales. <\/span><\/p>\n<p style=\"text-align: justify;\"><span style=\"color: #000000; font-family: georgia, palatino, serif; font-size: 12pt;\">Recordar que el Fondo Social Europeo financia con 170 millones de \u20ac a estos equipos y sus programas, v\u00eda Convenio 2021-2027. Un plan al que Caudete est\u00e1 adherido junto a 90 municipios. Siendo 142 profesionales quien prestan esta atenci\u00f3n especializada, tanto a nivel individual como comunitario. En las jornadas, se expusieron experiencias de buenas pr\u00e1cticas de Illescas, Alc\u00e1zar y Albacete, y se trazaron las l\u00edneas de trabajo del nuevo plan, que se desarrollar\u00e1 de 2028 a 2034.<\/span><\/p>\n<p style=\"text-align: justify;\"><span style=\"color: #000000; font-family: georgia, palatino, serif; font-size: 12pt;\">Concejal\u00eda de Bienestar Social<br \/>\n<\/span><span style=\"font-family: georgia, palatino, serif;\"><span style=\"font-size: medium;\">Mar\u00eda Mart\u00ednez Garc\u00eda<\/span><\/span><\/p>\n<p style=\"text-align: justify;\"><span style=\"color: #000000; font-family: georgia, palatino, serif; font-size: 12pt;\">\u00a0<\/span><\/p>\n<p><img fetchpriority=\"high\" decoding=\"async\" class=\"alignnone wp-image-30892 size-full\" src=\"https:\/\/www.caudete.org\/ayuntamiento\/wp-content\/uploads\/2025\/10\/JORNADAS-ETI.jpg\" alt=\"\" width=\"1000\" height=\"750\" srcset=\"https:\/\/www.caudete.org\/ayuntamiento\/wp-content\/uploads\/2025\/10\/JORNADAS-ETI.jpg 1000w, https:\/\/www.caudete.org\/ayuntamiento\/wp-content\/uploads\/2025\/10\/JORNADAS-ETI-960x720.jpg 960w, https:\/\/www.caudete.org\/ayuntamiento\/wp-content\/uploads\/2025\/10\/JORNADAS-ETI-293x220.jpg 293w, https:\/\/www.caudete.org\/ayuntamiento\/wp-content\/uploads\/2025\/10\/JORNADAS-ETI-768x576.jpg 768w\" sizes=\"(max-width: 1000px) 100vw, 1000px\" \/><\/p>\n","protected":false},"excerpt":{"rendered":"<p>Desde la Concejal\u00eda de Bienestar Social se informa que en representaci\u00f3n de Caudete un miembro del Equipo ETI (Psic\u00f3logo de Servicios Sociales) particip\u00f3 en las Jornadas Regionales de los Equipos T\u00e9cnicos de Inclusi\u00f3n (ETI) de Castilla la Mancha, el 18 de septiembre. Este recurso, del cual disfrutamos en nuestro Ayuntamiento, est\u00e1 financiado por el Fondo &hellip;<\/p>\n","protected":false},"author":6,"featured_media":30891,"comment_status":"closed","ping_status":"open","sticky":false,"template":"","format":"standard","meta":{"ngg_post_thumbnail":0,"footnotes":""},"categories":[51],"tags":[],"class_list":["post-30890","post","type-post","status-publish","format-standard","has-post-thumbnail","hentry","category-bienestar-social"],"yoast_head":"<!-- This site is optimized with the Yoast SEO plugin v27.5 - https:\/\/yoast.com\/product\/yoast-seo-wordpress\/ -->\n<title>Caudete presente en las jornadas regionales de equipos ETI en Toledo - MI Ayuntamiento de Caudete<\/title>\n<meta name=\"description\" content=\"P\u00e1gina Oficial del Ayuntamiento de Caudete (Albacete)\" \/>\n<meta name=\"robots\" content=\"index, follow, max-snippet:-1, max-image-preview:large, max-video-preview:-1\" \/>\n<link rel=\"canonical\" href=\"https:\/\/www.caudete.org\/ayuntamiento\/caudete-presente-en-las-jornadas-regionales-de-equipos-eti-en-toledo\/\" \/>\n<meta property=\"og:locale\" content=\"es_ES\" \/>\n<meta property=\"og:type\" content=\"article\" \/>\n<meta property=\"og:title\" content=\"Caudete presente en las jornadas regionales de equipos ETI en Toledo - MI Ayuntamiento de Caudete\" \/>\n<meta property=\"og:description\" content=\"P\u00e1gina Oficial del Ayuntamiento de Caudete (Albacete)\" \/>\n<meta property=\"og:url\" content=\"https:\/\/www.caudete.org\/ayuntamiento\/caudete-presente-en-las-jornadas-regionales-de-equipos-eti-en-toledo\/\" \/>\n<meta property=\"og:site_name\" content=\"MI Ayuntamiento de Caudete\" \/>\n<meta property=\"article:publisher\" content=\"https:\/\/www.facebook.com\/ayuntamientocaudete\/\" \/>\n<meta property=\"article:published_time\" content=\"2025-10-06T09:58:25+00:00\" \/>\n<meta property=\"article:modified_time\" content=\"2025-10-06T10:11:46+00:00\" \/>\n<meta property=\"og:image\" content=\"https:\/\/www.caudete.org\/ayuntamiento\/wp-content\/uploads\/2025\/10\/JORNADAS-ETI-port.jpg\" \/>\n\t<meta property=\"og:image:width\" content=\"864\" \/>\n\t<meta property=\"og:image:height\" content=\"380\" \/>\n\t<meta property=\"og:image:type\" content=\"image\/jpeg\" \/>\n<meta name=\"author\" content=\"informatica2\" \/>\n<meta name=\"twitter:card\" content=\"summary_large_image\" \/>\n<meta name=\"twitter:label1\" content=\"Escrito por\" \/>\n\t<meta name=\"twitter:data1\" content=\"informatica2\" \/>\n\t<meta name=\"twitter:label2\" content=\"Tiempo de lectura\" \/>\n\t<meta name=\"twitter:data2\" content=\"2 minutos\" \/>\n<script type=\"application\/ld+json\" class=\"yoast-schema-graph\">{\"@context\":\"https:\\\/\\\/schema.org\",\"@graph\":[{\"@type\":\"Article\",\"@id\":\"https:\\\/\\\/www.caudete.org\\\/ayuntamiento\\\/caudete-presente-en-las-jornadas-regionales-de-equipos-eti-en-toledo\\\/#article\",\"isPartOf\":{\"@id\":\"https:\\\/\\\/www.caudete.org\\\/ayuntamiento\\\/caudete-presente-en-las-jornadas-regionales-de-equipos-eti-en-toledo\\\/\"},\"author\":{\"name\":\"informatica2\",\"@id\":\"https:\\\/\\\/www.caudete.org\\\/ayuntamiento\\\/#\\\/schema\\\/person\\\/abfa5ffd5010a14e078c21e6e61b6291\"},\"headline\":\"Caudete presente en las jornadas regionales de equipos ETI en Toledo\",\"datePublished\":\"2025-10-06T09:58:25+00:00\",\"dateModified\":\"2025-10-06T10:11:46+00:00\",\"mainEntityOfPage\":{\"@id\":\"https:\\\/\\\/www.caudete.org\\\/ayuntamiento\\\/caudete-presente-en-las-jornadas-regionales-de-equipos-eti-en-toledo\\\/\"},\"wordCount\":351,\"image\":{\"@id\":\"https:\\\/\\\/www.caudete.org\\\/ayuntamiento\\\/caudete-presente-en-las-jornadas-regionales-de-equipos-eti-en-toledo\\\/#primaryimage\"},\"thumbnailUrl\":\"https:\\\/\\\/www.caudete.org\\\/ayuntamiento\\\/wp-content\\\/uploads\\\/2025\\\/10\\\/JORNADAS-ETI-port.jpg\",\"articleSection\":[\"Bienestar Social\"],\"inLanguage\":\"es\"},{\"@type\":\"WebPage\",\"@id\":\"https:\\\/\\\/www.caudete.org\\\/ayuntamiento\\\/caudete-presente-en-las-jornadas-regionales-de-equipos-eti-en-toledo\\\/\",\"url\":\"https:\\\/\\\/www.caudete.org\\\/ayuntamiento\\\/caudete-presente-en-las-jornadas-regionales-de-equipos-eti-en-toledo\\\/\",\"name\":\"Caudete presente en las jornadas regionales de equipos ETI en Toledo - MI Ayuntamiento de Caudete\",\"isPartOf\":{\"@id\":\"https:\\\/\\\/www.caudete.org\\\/ayuntamiento\\\/#website\"},\"primaryImageOfPage\":{\"@id\":\"https:\\\/\\\/www.caudete.org\\\/ayuntamiento\\\/caudete-presente-en-las-jornadas-regionales-de-equipos-eti-en-toledo\\\/#primaryimage\"},\"image\":{\"@id\":\"https:\\\/\\\/www.caudete.org\\\/ayuntamiento\\\/caudete-presente-en-las-jornadas-regionales-de-equipos-eti-en-toledo\\\/#primaryimage\"},\"thumbnailUrl\":\"https:\\\/\\\/www.caudete.org\\\/ayuntamiento\\\/wp-content\\\/uploads\\\/2025\\\/10\\\/JORNADAS-ETI-port.jpg\",\"datePublished\":\"2025-10-06T09:58:25+00:00\",\"dateModified\":\"2025-10-06T10:11:46+00:00\",\"author\":{\"@id\":\"https:\\\/\\\/www.caudete.org\\\/ayuntamiento\\\/#\\\/schema\\\/person\\\/abfa5ffd5010a14e078c21e6e61b6291\"},\"description\":\"P\u00e1gina Oficial del Ayuntamiento de Caudete (Albacete)\",\"breadcrumb\":{\"@id\":\"https:\\\/\\\/www.caudete.org\\\/ayuntamiento\\\/caudete-presente-en-las-jornadas-regionales-de-equipos-eti-en-toledo\\\/#breadcrumb\"},\"inLanguage\":\"es\",\"potentialAction\":[{\"@type\":\"ReadAction\",\"target\":[\"https:\\\/\\\/www.caudete.org\\\/ayuntamiento\\\/caudete-presente-en-las-jornadas-regionales-de-equipos-eti-en-toledo\\\/\"]}]},{\"@type\":\"ImageObject\",\"inLanguage\":\"es\",\"@id\":\"https:\\\/\\\/www.caudete.org\\\/ayuntamiento\\\/caudete-presente-en-las-jornadas-regionales-de-equipos-eti-en-toledo\\\/#primaryimage\",\"url\":\"https:\\\/\\\/www.caudete.org\\\/ayuntamiento\\\/wp-content\\\/uploads\\\/2025\\\/10\\\/JORNADAS-ETI-port.jpg\",\"contentUrl\":\"https:\\\/\\\/www.caudete.org\\\/ayuntamiento\\\/wp-content\\\/uploads\\\/2025\\\/10\\\/JORNADAS-ETI-port.jpg\",\"width\":864,\"height\":380},{\"@type\":\"BreadcrumbList\",\"@id\":\"https:\\\/\\\/www.caudete.org\\\/ayuntamiento\\\/caudete-presente-en-las-jornadas-regionales-de-equipos-eti-en-toledo\\\/#breadcrumb\",\"itemListElement\":[{\"@type\":\"ListItem\",\"position\":1,\"name\":\"Inicio\",\"item\":\"https:\\\/\\\/www.caudete.org\\\/ayuntamiento\\\/\"},{\"@type\":\"ListItem\",\"position\":2,\"name\":\"Caudete presente en las jornadas regionales de equipos ETI en Toledo\"}]},{\"@type\":\"WebSite\",\"@id\":\"https:\\\/\\\/www.caudete.org\\\/ayuntamiento\\\/#website\",\"url\":\"https:\\\/\\\/www.caudete.org\\\/ayuntamiento\\\/\",\"name\":\"MI Ayuntamiento de Caudete\",\"description\":\"P\u00e1gina Oficial del MI Ayuntamiento de Caudete\",\"potentialAction\":[{\"@type\":\"SearchAction\",\"target\":{\"@type\":\"EntryPoint\",\"urlTemplate\":\"https:\\\/\\\/www.caudete.org\\\/ayuntamiento\\\/?s={search_term_string}\"},\"query-input\":{\"@type\":\"PropertyValueSpecification\",\"valueRequired\":true,\"valueName\":\"search_term_string\"}}],\"inLanguage\":\"es\"},{\"@type\":\"Person\",\"@id\":\"https:\\\/\\\/www.caudete.org\\\/ayuntamiento\\\/#\\\/schema\\\/person\\\/abfa5ffd5010a14e078c21e6e61b6291\",\"name\":\"informatica2\",\"image\":{\"@type\":\"ImageObject\",\"inLanguage\":\"es\",\"@id\":\"https:\\\/\\\/secure.gravatar.com\\\/avatar\\\/b089890ff033a3e4d03eec00ecb5a14425217205c513f60ec32ebeaaeb5fa700?s=96&d=mm&r=g\",\"url\":\"https:\\\/\\\/secure.gravatar.com\\\/avatar\\\/b089890ff033a3e4d03eec00ecb5a14425217205c513f60ec32ebeaaeb5fa700?s=96&d=mm&r=g\",\"contentUrl\":\"https:\\\/\\\/secure.gravatar.com\\\/avatar\\\/b089890ff033a3e4d03eec00ecb5a14425217205c513f60ec32ebeaaeb5fa700?s=96&d=mm&r=g\",\"caption\":\"informatica2\"},\"url\":\"https:\\\/\\\/www.caudete.org\\\/ayuntamiento\\\/author\\\/informatica2\\\/\"}]}<\/script>\n<!-- \/ Yoast SEO plugin. -->","yoast_head_json":{"title":"Caudete presente en las jornadas regionales de equipos ETI en Toledo - MI Ayuntamiento de Caudete","description":"P\u00e1gina Oficial del Ayuntamiento de Caudete (Albacete)","robots":{"index":"index","follow":"follow","max-snippet":"max-snippet:-1","max-image-preview":"max-image-preview:large","max-video-preview":"max-video-preview:-1"},"canonical":"https:\/\/www.caudete.org\/ayuntamiento\/caudete-presente-en-las-jornadas-regionales-de-equipos-eti-en-toledo\/","og_locale":"es_ES","og_type":"article","og_title":"Caudete presente en las jornadas regionales de equipos ETI en Toledo - MI Ayuntamiento de Caudete","og_description":"P\u00e1gina Oficial del Ayuntamiento de Caudete (Albacete)","og_url":"https:\/\/www.caudete.org\/ayuntamiento\/caudete-presente-en-las-jornadas-regionales-de-equipos-eti-en-toledo\/","og_site_name":"MI Ayuntamiento de Caudete","article_publisher":"https:\/\/www.facebook.com\/ayuntamientocaudete\/","article_published_time":"2025-10-06T09:58:25+00:00","article_modified_time":"2025-10-06T10:11:46+00:00","og_image":[{"width":864,"height":380,"url":"https:\/\/www.caudete.org\/ayuntamiento\/wp-content\/uploads\/2025\/10\/JORNADAS-ETI-port.jpg","type":"image\/jpeg"}],"author":"informatica2","twitter_card":"summary_large_image","twitter_misc":{"Escrito por":"informatica2","Tiempo de lectura":"2 minutos"},"schema":{"@context":"https:\/\/schema.org","@graph":[{"@type":"Article","@id":"https:\/\/www.caudete.org\/ayuntamiento\/caudete-presente-en-las-jornadas-regionales-de-equipos-eti-en-toledo\/#article","isPartOf":{"@id":"https:\/\/www.caudete.org\/ayuntamiento\/caudete-presente-en-las-jornadas-regionales-de-equipos-eti-en-toledo\/"},"author":{"name":"informatica2","@id":"https:\/\/www.caudete.org\/ayuntamiento\/#\/schema\/person\/abfa5ffd5010a14e078c21e6e61b6291"},"headline":"Caudete presente en las jornadas regionales de equipos ETI en Toledo","datePublished":"2025-10-06T09:58:25+00:00","dateModified":"2025-10-06T10:11:46+00:00","mainEntityOfPage":{"@id":"https:\/\/www.caudete.org\/ayuntamiento\/caudete-presente-en-las-jornadas-regionales-de-equipos-eti-en-toledo\/"},"wordCount":351,"image":{"@id":"https:\/\/www.caudete.org\/ayuntamiento\/caudete-presente-en-las-jornadas-regionales-de-equipos-eti-en-toledo\/#primaryimage"},"thumbnailUrl":"https:\/\/www.caudete.org\/ayuntamiento\/wp-content\/uploads\/2025\/10\/JORNADAS-ETI-port.jpg","articleSection":["Bienestar Social"],"inLanguage":"es"},{"@type":"WebPage","@id":"https:\/\/www.caudete.org\/ayuntamiento\/caudete-presente-en-las-jornadas-regionales-de-equipos-eti-en-toledo\/","url":"https:\/\/www.caudete.org\/ayuntamiento\/caudete-presente-en-las-jornadas-regionales-de-equipos-eti-en-toledo\/","name":"Caudete presente en las jornadas regionales de equipos ETI en Toledo - MI Ayuntamiento de Caudete","isPartOf":{"@id":"https:\/\/www.caudete.org\/ayuntamiento\/#website"},"primaryImageOfPage":{"@id":"https:\/\/www.caudete.org\/ayuntamiento\/caudete-presente-en-las-jornadas-regionales-de-equipos-eti-en-toledo\/#primaryimage"},"image":{"@id":"https:\/\/www.caudete.org\/ayuntamiento\/caudete-presente-en-las-jornadas-regionales-de-equipos-eti-en-toledo\/#primaryimage"},"thumbnailUrl":"https:\/\/www.caudete.org\/ayuntamiento\/wp-content\/uploads\/2025\/10\/JORNADAS-ETI-port.jpg","datePublished":"2025-10-06T09:58:25+00:00","dateModified":"2025-10-06T10:11:46+00:00","author":{"@id":"https:\/\/www.caudete.org\/ayuntamiento\/#\/schema\/person\/abfa5ffd5010a14e078c21e6e61b6291"},"description":"P\u00e1gina Oficial del Ayuntamiento de Caudete (Albacete)","breadcrumb":{"@id":"https:\/\/www.caudete.org\/ayuntamiento\/caudete-presente-en-las-jornadas-regionales-de-equipos-eti-en-toledo\/#breadcrumb"},"inLanguage":"es","potentialAction":[{"@type":"ReadAction","target":["https:\/\/www.caudete.org\/ayuntamiento\/caudete-presente-en-las-jornadas-regionales-de-equipos-eti-en-toledo\/"]}]},{"@type":"ImageObject","inLanguage":"es","@id":"https:\/\/www.caudete.org\/ayuntamiento\/caudete-presente-en-las-jornadas-regionales-de-equipos-eti-en-toledo\/#primaryimage","url":"https:\/\/www.caudete.org\/ayuntamiento\/wp-content\/uploads\/2025\/10\/JORNADAS-ETI-port.jpg","contentUrl":"https:\/\/www.caudete.org\/ayuntamiento\/wp-content\/uploads\/2025\/10\/JORNADAS-ETI-port.jpg","width":864,"height":380},{"@type":"BreadcrumbList","@id":"https:\/\/www.caudete.org\/ayuntamiento\/caudete-presente-en-las-jornadas-regionales-de-equipos-eti-en-toledo\/#breadcrumb","itemListElement":[{"@type":"ListItem","position":1,"name":"Inicio","item":"https:\/\/www.caudete.org\/ayuntamiento\/"},{"@type":"ListItem","position":2,"name":"Caudete presente en las jornadas regionales de equipos ETI en Toledo"}]},{"@type":"WebSite","@id":"https:\/\/www.caudete.org\/ayuntamiento\/#website","url":"https:\/\/www.caudete.org\/ayuntamiento\/","name":"MI Ayuntamiento de Caudete","description":"P\u00e1gina Oficial del MI Ayuntamiento de Caudete","potentialAction":[{"@type":"SearchAction","target":{"@type":"EntryPoint","urlTemplate":"https:\/\/www.caudete.org\/ayuntamiento\/?s={search_term_string}"},"query-input":{"@type":"PropertyValueSpecification","valueRequired":true,"valueName":"search_term_string"}}],"inLanguage":"es"},{"@type":"Person","@id":"https:\/\/www.caudete.org\/ayuntamiento\/#\/schema\/person\/abfa5ffd5010a14e078c21e6e61b6291","name":"informatica2","image":{"@type":"ImageObject","inLanguage":"es","@id":"https:\/\/secure.gravatar.com\/avatar\/b089890ff033a3e4d03eec00ecb5a14425217205c513f60ec32ebeaaeb5fa700?s=96&d=mm&r=g","url":"https:\/\/secure.gravatar.com\/avatar\/b089890ff033a3e4d03eec00ecb5a14425217205c513f60ec32ebeaaeb5fa700?s=96&d=mm&r=g","contentUrl":"https:\/\/secure.gravatar.com\/avatar\/b089890ff033a3e4d03eec00ecb5a14425217205c513f60ec32ebeaaeb5fa700?s=96&d=mm&r=g","caption":"informatica2"},"url":"https:\/\/www.caudete.org\/ayuntamiento\/author\/informatica2\/"}]}},"_links":{"self":[{"href":"https:\/\/www.caudete.org\/ayuntamiento\/wp-json\/wp\/v2\/posts\/30890","targetHints":{"allow":["GET"]}}],"collection":[{"href":"https:\/\/www.caudete.org\/ayuntamiento\/wp-json\/wp\/v2\/posts"}],"about":[{"href":"https:\/\/www.caudete.org\/ayuntamiento\/wp-json\/wp\/v2\/types\/post"}],"author":[{"embeddable":true,"href":"https:\/\/www.caudete.org\/ayuntamiento\/wp-json\/wp\/v2\/users\/6"}],"replies":[{"embeddable":true,"href":"https:\/\/www.caudete.org\/ayuntamiento\/wp-json\/wp\/v2\/comments?post=30890"}],"version-history":[{"count":3,"href":"https:\/\/www.caudete.org\/ayuntamiento\/wp-json\/wp\/v2\/posts\/30890\/revisions"}],"predecessor-version":[{"id":30895,"href":"https:\/\/www.caudete.org\/ayuntamiento\/wp-json\/wp\/v2\/posts\/30890\/revisions\/30895"}],"wp:featuredmedia":[{"embeddable":true,"href":"https:\/\/www.caudete.org\/ayuntamiento\/wp-json\/wp\/v2\/media\/30891"}],"wp:attachment":[{"href":"https:\/\/www.caudete.org\/ayuntamiento\/wp-json\/wp\/v2\/media?parent=30890"}],"wp:term":[{"taxonomy":"category","embeddable":true,"href":"https:\/\/www.caudete.org\/ayuntamiento\/wp-json\/wp\/v2\/categories?post=30890"},{"taxonomy":"post_tag","embeddable":true,"href":"https:\/\/www.caudete.org\/ayuntamiento\/wp-json\/wp\/v2\/tags?post=30890"}],"curies":[{"name":"wp","href":"https:\/\/api.w.org\/{rel}","templated":true}]}}