{"id":30896,"date":"2025-10-06T12:15:23","date_gmt":"2025-10-06T10:15:23","guid":{"rendered":"https:\/\/www.caudete.org\/ayuntamiento\/?p=30896"},"modified":"2025-10-13T08:02:25","modified_gmt":"2025-10-13T06:02:25","slug":"sabado-11-de-octubre-inauguracion-del-xviii-certamen-nacional-de-acuarela-villa-de-caudete-2025","status":"publish","type":"post","link":"https:\/\/www.caudete.org\/ayuntamiento\/sabado-11-de-octubre-inauguracion-del-xviii-certamen-nacional-de-acuarela-villa-de-caudete-2025\/","title":{"rendered":"S\u00e1bado 11 de octubre Inauguraci\u00f3n del XVIII Certamen Nacional de Acuarela \u201cVilla de Caudete\u201d 2025."},"content":{"rendered":"<p style=\"text-align: justify;\" align=\"left\"><span style=\"font-family: georgia, palatino, serif; font-size: 12pt;\">La Concejala de Cultura, Manuela Gonz\u00e1lez Solera, anuncia la Inauguraci\u00f3n del XVIII Certamen Nacional de Acuarela \u201cVilla de Caudete\u201d. Este evento, que atrae a talentosos acuarelistas de todo el mundo, se inaugura el s\u00e1bado 11 de octubre a las 19:00 horas en la Sala de Exposiciones Jos\u00e9 P\u00e9rezgil de la Casa de Cultura.<\/span><\/p>\n<p style=\"text-align: justify;\" align=\"justify\"><span style=\"font-family: georgia, palatino, serif; font-size: 12pt;\">El Certamen de este a\u00f1o adquiere un significado especial tras el reciente reconocimiento de Caudete como &#8220;Ciudad de la Acuarela&#8221; el pasado 25 de junio. Este nombramiento es la culminaci\u00f3n de un largo e intenso recorrido que ha valorado el desarrollo de la t\u00e9cnica, la presencia de maestros referentes mundiales y la repercusi\u00f3n de nuestras actividades a nivel nacional e internacional. Como el agua que se desliza libre sobre el papel dejando huella de color, la historia de Caudete ha trazado su propio paisaje art\u00edstico, proyect\u00e1ndose m\u00e1s all\u00e1 de nuestras fronteras y demostrando que, cuando el arte brota del alma de un pueblo, no hay distancia que lo limite.<\/span><\/p>\n<p style=\"text-align: justify;\" align=\"justify\"><span style=\"font-family: georgia, palatino, serif; font-size: 12pt;\">La exposici\u00f3n presentar\u00e1 una selecci\u00f3n de las mejores obras presentadas a concurso, elegidas por un jurado experto que ha tenido la ardua tarea de seleccionar las piezas que demuestran mayor virtuosismo y creatividad. La calidad de las obras refleja no solo el alto nivel de la acuarela contempor\u00e1nea, sino tambi\u00e9n la importancia del arte en la sociedad, ya que promueve el di\u00e1logo intercultural y contribuye al desarrollo personal y emocional de las personas. Durante la inauguraci\u00f3n se anunciar\u00e1n los ganadores de los distintos premios y menciones de honor otorgados en esta edici\u00f3n. Los premios fijados son los siguientes:<\/span><\/p>\n<p><b>PRIMER PREMIO: 3.000 euros.<\/b><\/p>\n<p style=\"text-align: justify;\" align=\"justify\"><span style=\"font-family: georgia, palatino, serif; font-size: 12pt;\">Aportado por la Concejal\u00eda de Cultura del M. I. Ayuntamiento de Caudete.<\/span><\/p>\n<p style=\"text-align: justify;\" align=\"justify\"><span style=\"font-family: georgia, palatino, serif; font-size: 12pt;\">Diploma del M. I. Ayuntamiento de Caudete.<\/span><\/p>\n<p style=\"text-align: justify;\" align=\"justify\"><span style=\"font-family: georgia, palatino, serif; font-size: 12pt;\"><b>SEGUNDO PREMIO: 2.500 euros.<\/b><\/span><\/p>\n<p style=\"text-align: justify;\" align=\"justify\"><span style=\"font-family: georgia, palatino, serif; font-size: 12pt;\">Donado por Fundaci\u00f3n Caja Rural Albacete Globalcaja.<\/span><\/p>\n<p style=\"text-align: justify;\" align=\"justify\"><span style=\"font-family: georgia, palatino, serif; font-size: 12pt;\">Diploma del M. I. Ayuntamiento de Caudete.<\/span><\/p>\n<p style=\"text-align: justify;\" align=\"justify\"><span style=\"font-family: georgia, palatino, serif; font-size: 12pt;\"><b>TERCER PREMIO: 2.000 euros<\/b>.<\/span><\/p>\n<p style=\"text-align: justify;\" align=\"justify\"><span style=\"font-family: georgia, palatino, serif; font-size: 12pt;\">Donado por M\u00e1rmoles Bolmax.<\/span><\/p>\n<p style=\"text-align: justify;\" align=\"justify\"><span style=\"font-family: georgia, palatino, serif; font-size: 12pt;\">Diploma del M. I. Ayuntamiento de Caudete<\/span><\/p>\n<p style=\"text-align: justify;\" align=\"justify\"><span style=\"font-family: georgia, palatino, serif; font-size: 12pt;\"><b>CUARTO PREMIO: 1.000 euros.<\/b><\/span><\/p>\n<p style=\"text-align: justify;\" align=\"justify\"><span style=\"font-family: georgia, palatino, serif; font-size: 12pt;\">Donado por Camacho Recycling .<\/span><\/p>\n<p style=\"text-align: justify;\" align=\"justify\"><span style=\"font-family: georgia, palatino, serif; font-size: 12pt;\">Diploma del M. I. Ayuntamiento de Caudete.<\/span><\/p>\n<p style=\"text-align: justify;\" align=\"justify\"><span style=\"font-family: georgia, palatino, serif; font-size: 12pt;\"><b>QUINTO PREMIO: 800 euros.<\/b><\/span><\/p>\n<p style=\"text-align: justify;\" align=\"justify\"><span style=\"font-family: georgia, palatino, serif; font-size: 12pt;\">Donado por Kaudex.<\/span><\/p>\n<p style=\"text-align: justify;\" align=\"justify\"><span style=\"font-family: georgia, palatino, serif; font-size: 12pt;\">Diploma del M. I. Ayuntamiento de Caudete.<\/span><\/p>\n<p style=\"text-align: justify;\" align=\"justify\"><span style=\"font-family: georgia, palatino, serif; font-size: 12pt;\">Esperamos con ilusi\u00f3n que asistan a esta celebraci\u00f3n del color, la t\u00e9cnica y el talento. La exposici\u00f3n estar\u00e1 abierta al p\u00fablico del 11 de octubre al 8 de noviembre en la Sala Jos\u00e9 P\u00e9rezgil. El horario de visita es de lunes a viernes, de 10:00 a 13:30 horas y de 18:00 a 21:00 horas.<\/span><\/p>\n<p align=\"justify\"><a href=\"https:\/\/www.caudete.org\/ayuntamiento\/wp-content\/uploads\/2025\/10\/Cartel-certamen.png\" rel='prettyPhoto'><img fetchpriority=\"high\" decoding=\"async\" class=\"alignnone wp-image-30899 size-full\" src=\"https:\/\/www.caudete.org\/ayuntamiento\/wp-content\/uploads\/2025\/10\/Cartel-certamen.png\" alt=\"\" width=\"1000\" height=\"1415\" srcset=\"https:\/\/www.caudete.org\/ayuntamiento\/wp-content\/uploads\/2025\/10\/Cartel-certamen.png 1000w, https:\/\/www.caudete.org\/ayuntamiento\/wp-content\/uploads\/2025\/10\/Cartel-certamen-565x800.png 565w, https:\/\/www.caudete.org\/ayuntamiento\/wp-content\/uploads\/2025\/10\/Cartel-certamen-636x900.png 636w, https:\/\/www.caudete.org\/ayuntamiento\/wp-content\/uploads\/2025\/10\/Cartel-certamen-155x220.png 155w, https:\/\/www.caudete.org\/ayuntamiento\/wp-content\/uploads\/2025\/10\/Cartel-certamen-768x1087.png 768w\" sizes=\"(max-width: 1000px) 100vw, 1000px\" \/><\/a><\/p>\n","protected":false},"excerpt":{"rendered":"<p>La Concejala de Cultura, Manuela Gonz\u00e1lez Solera, anuncia la Inauguraci\u00f3n del XVIII Certamen Nacional de Acuarela \u201cVilla de Caudete\u201d. Este evento, que atrae a talentosos acuarelistas de todo el mundo, se inaugura el s\u00e1bado 11 de octubre a las 19:00 horas en la Sala de Exposiciones Jos\u00e9 P\u00e9rezgil de la Casa de Cultura. El Certamen &hellip;<\/p>\n","protected":false},"author":6,"featured_media":30898,"comment_status":"closed","ping_status":"open","sticky":false,"template":"","format":"standard","meta":{"ngg_post_thumbnail":0,"footnotes":""},"categories":[14],"tags":[],"class_list":["post-30896","post","type-post","status-publish","format-standard","has-post-thumbnail","hentry","category-cultura"],"yoast_head":"<!-- This site is optimized with the Yoast SEO plugin v27.5 - https:\/\/yoast.com\/product\/yoast-seo-wordpress\/ -->\n<title>S\u00e1bado 11 de octubre Inauguraci\u00f3n del XVIII Certamen Nacional de Acuarela \u201cVilla de Caudete\u201d 2025. - MI Ayuntamiento de Caudete<\/title>\n<meta name=\"description\" content=\"P\u00e1gina Oficial del Ayuntamiento de Caudete (Albacete)\" \/>\n<meta name=\"robots\" content=\"index, follow, max-snippet:-1, max-image-preview:large, max-video-preview:-1\" \/>\n<link rel=\"canonical\" href=\"https:\/\/www.caudete.org\/ayuntamiento\/sabado-11-de-octubre-inauguracion-del-xviii-certamen-nacional-de-acuarela-villa-de-caudete-2025\/\" \/>\n<meta property=\"og:locale\" content=\"es_ES\" \/>\n<meta property=\"og:type\" content=\"article\" \/>\n<meta property=\"og:title\" content=\"S\u00e1bado 11 de octubre Inauguraci\u00f3n del XVIII Certamen Nacional de Acuarela \u201cVilla de Caudete\u201d 2025. - MI Ayuntamiento de Caudete\" \/>\n<meta property=\"og:description\" content=\"P\u00e1gina Oficial del Ayuntamiento de Caudete (Albacete)\" \/>\n<meta property=\"og:url\" content=\"https:\/\/www.caudete.org\/ayuntamiento\/sabado-11-de-octubre-inauguracion-del-xviii-certamen-nacional-de-acuarela-villa-de-caudete-2025\/\" \/>\n<meta property=\"og:site_name\" content=\"MI Ayuntamiento de Caudete\" \/>\n<meta property=\"article:publisher\" content=\"https:\/\/www.facebook.com\/ayuntamientocaudete\/\" \/>\n<meta property=\"article:published_time\" content=\"2025-10-06T10:15:23+00:00\" \/>\n<meta property=\"article:modified_time\" content=\"2025-10-13T06:02:25+00:00\" \/>\n<meta property=\"og:image\" content=\"https:\/\/www.caudete.org\/ayuntamiento\/wp-content\/uploads\/2025\/10\/Cartel-certamen-port.png\" \/>\n\t<meta property=\"og:image:width\" content=\"1000\" \/>\n\t<meta property=\"og:image:height\" content=\"534\" \/>\n\t<meta property=\"og:image:type\" content=\"image\/png\" \/>\n<meta name=\"author\" content=\"informatica2\" \/>\n<meta name=\"twitter:card\" content=\"summary_large_image\" \/>\n<meta name=\"twitter:label1\" content=\"Escrito por\" \/>\n\t<meta name=\"twitter:data1\" content=\"informatica2\" \/>\n\t<meta name=\"twitter:label2\" content=\"Tiempo de lectura\" \/>\n\t<meta name=\"twitter:data2\" content=\"3 minutos\" \/>\n<script type=\"application\/ld+json\" class=\"yoast-schema-graph\">{\"@context\":\"https:\\\/\\\/schema.org\",\"@graph\":[{\"@type\":\"Article\",\"@id\":\"https:\\\/\\\/www.caudete.org\\\/ayuntamiento\\\/sabado-11-de-octubre-inauguracion-del-xviii-certamen-nacional-de-acuarela-villa-de-caudete-2025\\\/#article\",\"isPartOf\":{\"@id\":\"https:\\\/\\\/www.caudete.org\\\/ayuntamiento\\\/sabado-11-de-octubre-inauguracion-del-xviii-certamen-nacional-de-acuarela-villa-de-caudete-2025\\\/\"},\"author\":{\"name\":\"informatica2\",\"@id\":\"https:\\\/\\\/www.caudete.org\\\/ayuntamiento\\\/#\\\/schema\\\/person\\\/abfa5ffd5010a14e078c21e6e61b6291\"},\"headline\":\"S\u00e1bado 11 de octubre Inauguraci\u00f3n del XVIII Certamen Nacional de Acuarela \u201cVilla de Caudete\u201d 2025.\",\"datePublished\":\"2025-10-06T10:15:23+00:00\",\"dateModified\":\"2025-10-13T06:02:25+00:00\",\"mainEntityOfPage\":{\"@id\":\"https:\\\/\\\/www.caudete.org\\\/ayuntamiento\\\/sabado-11-de-octubre-inauguracion-del-xviii-certamen-nacional-de-acuarela-villa-de-caudete-2025\\\/\"},\"wordCount\":428,\"image\":{\"@id\":\"https:\\\/\\\/www.caudete.org\\\/ayuntamiento\\\/sabado-11-de-octubre-inauguracion-del-xviii-certamen-nacional-de-acuarela-villa-de-caudete-2025\\\/#primaryimage\"},\"thumbnailUrl\":\"https:\\\/\\\/www.caudete.org\\\/ayuntamiento\\\/wp-content\\\/uploads\\\/2025\\\/10\\\/Cartel-certamen-port.png\",\"articleSection\":[\"Cultura\"],\"inLanguage\":\"es\"},{\"@type\":\"WebPage\",\"@id\":\"https:\\\/\\\/www.caudete.org\\\/ayuntamiento\\\/sabado-11-de-octubre-inauguracion-del-xviii-certamen-nacional-de-acuarela-villa-de-caudete-2025\\\/\",\"url\":\"https:\\\/\\\/www.caudete.org\\\/ayuntamiento\\\/sabado-11-de-octubre-inauguracion-del-xviii-certamen-nacional-de-acuarela-villa-de-caudete-2025\\\/\",\"name\":\"S\u00e1bado 11 de octubre Inauguraci\u00f3n del XVIII Certamen Nacional de Acuarela \u201cVilla de Caudete\u201d 2025. - MI Ayuntamiento de Caudete\",\"isPartOf\":{\"@id\":\"https:\\\/\\\/www.caudete.org\\\/ayuntamiento\\\/#website\"},\"primaryImageOfPage\":{\"@id\":\"https:\\\/\\\/www.caudete.org\\\/ayuntamiento\\\/sabado-11-de-octubre-inauguracion-del-xviii-certamen-nacional-de-acuarela-villa-de-caudete-2025\\\/#primaryimage\"},\"image\":{\"@id\":\"https:\\\/\\\/www.caudete.org\\\/ayuntamiento\\\/sabado-11-de-octubre-inauguracion-del-xviii-certamen-nacional-de-acuarela-villa-de-caudete-2025\\\/#primaryimage\"},\"thumbnailUrl\":\"https:\\\/\\\/www.caudete.org\\\/ayuntamiento\\\/wp-content\\\/uploads\\\/2025\\\/10\\\/Cartel-certamen-port.png\",\"datePublished\":\"2025-10-06T10:15:23+00:00\",\"dateModified\":\"2025-10-13T06:02:25+00:00\",\"author\":{\"@id\":\"https:\\\/\\\/www.caudete.org\\\/ayuntamiento\\\/#\\\/schema\\\/person\\\/abfa5ffd5010a14e078c21e6e61b6291\"},\"description\":\"P\u00e1gina Oficial del Ayuntamiento de Caudete (Albacete)\",\"breadcrumb\":{\"@id\":\"https:\\\/\\\/www.caudete.org\\\/ayuntamiento\\\/sabado-11-de-octubre-inauguracion-del-xviii-certamen-nacional-de-acuarela-villa-de-caudete-2025\\\/#breadcrumb\"},\"inLanguage\":\"es\",\"potentialAction\":[{\"@type\":\"ReadAction\",\"target\":[\"https:\\\/\\\/www.caudete.org\\\/ayuntamiento\\\/sabado-11-de-octubre-inauguracion-del-xviii-certamen-nacional-de-acuarela-villa-de-caudete-2025\\\/\"]}]},{\"@type\":\"ImageObject\",\"inLanguage\":\"es\",\"@id\":\"https:\\\/\\\/www.caudete.org\\\/ayuntamiento\\\/sabado-11-de-octubre-inauguracion-del-xviii-certamen-nacional-de-acuarela-villa-de-caudete-2025\\\/#primaryimage\",\"url\":\"https:\\\/\\\/www.caudete.org\\\/ayuntamiento\\\/wp-content\\\/uploads\\\/2025\\\/10\\\/Cartel-certamen-port.png\",\"contentUrl\":\"https:\\\/\\\/www.caudete.org\\\/ayuntamiento\\\/wp-content\\\/uploads\\\/2025\\\/10\\\/Cartel-certamen-port.png\",\"width\":1000,\"height\":534},{\"@type\":\"BreadcrumbList\",\"@id\":\"https:\\\/\\\/www.caudete.org\\\/ayuntamiento\\\/sabado-11-de-octubre-inauguracion-del-xviii-certamen-nacional-de-acuarela-villa-de-caudete-2025\\\/#breadcrumb\",\"itemListElement\":[{\"@type\":\"ListItem\",\"position\":1,\"name\":\"Inicio\",\"item\":\"https:\\\/\\\/www.caudete.org\\\/ayuntamiento\\\/\"},{\"@type\":\"ListItem\",\"position\":2,\"name\":\"S\u00e1bado 11 de octubre Inauguraci\u00f3n del XVIII Certamen Nacional de Acuarela \u201cVilla de Caudete\u201d 2025.\"}]},{\"@type\":\"WebSite\",\"@id\":\"https:\\\/\\\/www.caudete.org\\\/ayuntamiento\\\/#website\",\"url\":\"https:\\\/\\\/www.caudete.org\\\/ayuntamiento\\\/\",\"name\":\"MI Ayuntamiento de Caudete\",\"description\":\"P\u00e1gina Oficial del MI Ayuntamiento de Caudete\",\"potentialAction\":[{\"@type\":\"SearchAction\",\"target\":{\"@type\":\"EntryPoint\",\"urlTemplate\":\"https:\\\/\\\/www.caudete.org\\\/ayuntamiento\\\/?s={search_term_string}\"},\"query-input\":{\"@type\":\"PropertyValueSpecification\",\"valueRequired\":true,\"valueName\":\"search_term_string\"}}],\"inLanguage\":\"es\"},{\"@type\":\"Person\",\"@id\":\"https:\\\/\\\/www.caudete.org\\\/ayuntamiento\\\/#\\\/schema\\\/person\\\/abfa5ffd5010a14e078c21e6e61b6291\",\"name\":\"informatica2\",\"image\":{\"@type\":\"ImageObject\",\"inLanguage\":\"es\",\"@id\":\"https:\\\/\\\/secure.gravatar.com\\\/avatar\\\/b089890ff033a3e4d03eec00ecb5a14425217205c513f60ec32ebeaaeb5fa700?s=96&d=mm&r=g\",\"url\":\"https:\\\/\\\/secure.gravatar.com\\\/avatar\\\/b089890ff033a3e4d03eec00ecb5a14425217205c513f60ec32ebeaaeb5fa700?s=96&d=mm&r=g\",\"contentUrl\":\"https:\\\/\\\/secure.gravatar.com\\\/avatar\\\/b089890ff033a3e4d03eec00ecb5a14425217205c513f60ec32ebeaaeb5fa700?s=96&d=mm&r=g\",\"caption\":\"informatica2\"},\"url\":\"https:\\\/\\\/www.caudete.org\\\/ayuntamiento\\\/author\\\/informatica2\\\/\"}]}<\/script>\n<!-- \/ Yoast SEO plugin. -->","yoast_head_json":{"title":"S\u00e1bado 11 de octubre Inauguraci\u00f3n del XVIII Certamen Nacional de Acuarela \u201cVilla de Caudete\u201d 2025. - MI Ayuntamiento de Caudete","description":"P\u00e1gina Oficial del Ayuntamiento de Caudete (Albacete)","robots":{"index":"index","follow":"follow","max-snippet":"max-snippet:-1","max-image-preview":"max-image-preview:large","max-video-preview":"max-video-preview:-1"},"canonical":"https:\/\/www.caudete.org\/ayuntamiento\/sabado-11-de-octubre-inauguracion-del-xviii-certamen-nacional-de-acuarela-villa-de-caudete-2025\/","og_locale":"es_ES","og_type":"article","og_title":"S\u00e1bado 11 de octubre Inauguraci\u00f3n del XVIII Certamen Nacional de Acuarela \u201cVilla de Caudete\u201d 2025. - MI Ayuntamiento de Caudete","og_description":"P\u00e1gina Oficial del Ayuntamiento de Caudete (Albacete)","og_url":"https:\/\/www.caudete.org\/ayuntamiento\/sabado-11-de-octubre-inauguracion-del-xviii-certamen-nacional-de-acuarela-villa-de-caudete-2025\/","og_site_name":"MI Ayuntamiento de Caudete","article_publisher":"https:\/\/www.facebook.com\/ayuntamientocaudete\/","article_published_time":"2025-10-06T10:15:23+00:00","article_modified_time":"2025-10-13T06:02:25+00:00","og_image":[{"width":1000,"height":534,"url":"https:\/\/www.caudete.org\/ayuntamiento\/wp-content\/uploads\/2025\/10\/Cartel-certamen-port.png","type":"image\/png"}],"author":"informatica2","twitter_card":"summary_large_image","twitter_misc":{"Escrito por":"informatica2","Tiempo de lectura":"3 minutos"},"schema":{"@context":"https:\/\/schema.org","@graph":[{"@type":"Article","@id":"https:\/\/www.caudete.org\/ayuntamiento\/sabado-11-de-octubre-inauguracion-del-xviii-certamen-nacional-de-acuarela-villa-de-caudete-2025\/#article","isPartOf":{"@id":"https:\/\/www.caudete.org\/ayuntamiento\/sabado-11-de-octubre-inauguracion-del-xviii-certamen-nacional-de-acuarela-villa-de-caudete-2025\/"},"author":{"name":"informatica2","@id":"https:\/\/www.caudete.org\/ayuntamiento\/#\/schema\/person\/abfa5ffd5010a14e078c21e6e61b6291"},"headline":"S\u00e1bado 11 de octubre Inauguraci\u00f3n del XVIII Certamen Nacional de Acuarela \u201cVilla de Caudete\u201d 2025.","datePublished":"2025-10-06T10:15:23+00:00","dateModified":"2025-10-13T06:02:25+00:00","mainEntityOfPage":{"@id":"https:\/\/www.caudete.org\/ayuntamiento\/sabado-11-de-octubre-inauguracion-del-xviii-certamen-nacional-de-acuarela-villa-de-caudete-2025\/"},"wordCount":428,"image":{"@id":"https:\/\/www.caudete.org\/ayuntamiento\/sabado-11-de-octubre-inauguracion-del-xviii-certamen-nacional-de-acuarela-villa-de-caudete-2025\/#primaryimage"},"thumbnailUrl":"https:\/\/www.caudete.org\/ayuntamiento\/wp-content\/uploads\/2025\/10\/Cartel-certamen-port.png","articleSection":["Cultura"],"inLanguage":"es"},{"@type":"WebPage","@id":"https:\/\/www.caudete.org\/ayuntamiento\/sabado-11-de-octubre-inauguracion-del-xviii-certamen-nacional-de-acuarela-villa-de-caudete-2025\/","url":"https:\/\/www.caudete.org\/ayuntamiento\/sabado-11-de-octubre-inauguracion-del-xviii-certamen-nacional-de-acuarela-villa-de-caudete-2025\/","name":"S\u00e1bado 11 de octubre Inauguraci\u00f3n del XVIII Certamen Nacional de Acuarela \u201cVilla de Caudete\u201d 2025. - MI Ayuntamiento de Caudete","isPartOf":{"@id":"https:\/\/www.caudete.org\/ayuntamiento\/#website"},"primaryImageOfPage":{"@id":"https:\/\/www.caudete.org\/ayuntamiento\/sabado-11-de-octubre-inauguracion-del-xviii-certamen-nacional-de-acuarela-villa-de-caudete-2025\/#primaryimage"},"image":{"@id":"https:\/\/www.caudete.org\/ayuntamiento\/sabado-11-de-octubre-inauguracion-del-xviii-certamen-nacional-de-acuarela-villa-de-caudete-2025\/#primaryimage"},"thumbnailUrl":"https:\/\/www.caudete.org\/ayuntamiento\/wp-content\/uploads\/2025\/10\/Cartel-certamen-port.png","datePublished":"2025-10-06T10:15:23+00:00","dateModified":"2025-10-13T06:02:25+00:00","author":{"@id":"https:\/\/www.caudete.org\/ayuntamiento\/#\/schema\/person\/abfa5ffd5010a14e078c21e6e61b6291"},"description":"P\u00e1gina Oficial del Ayuntamiento de Caudete (Albacete)","breadcrumb":{"@id":"https:\/\/www.caudete.org\/ayuntamiento\/sabado-11-de-octubre-inauguracion-del-xviii-certamen-nacional-de-acuarela-villa-de-caudete-2025\/#breadcrumb"},"inLanguage":"es","potentialAction":[{"@type":"ReadAction","target":["https:\/\/www.caudete.org\/ayuntamiento\/sabado-11-de-octubre-inauguracion-del-xviii-certamen-nacional-de-acuarela-villa-de-caudete-2025\/"]}]},{"@type":"ImageObject","inLanguage":"es","@id":"https:\/\/www.caudete.org\/ayuntamiento\/sabado-11-de-octubre-inauguracion-del-xviii-certamen-nacional-de-acuarela-villa-de-caudete-2025\/#primaryimage","url":"https:\/\/www.caudete.org\/ayuntamiento\/wp-content\/uploads\/2025\/10\/Cartel-certamen-port.png","contentUrl":"https:\/\/www.caudete.org\/ayuntamiento\/wp-content\/uploads\/2025\/10\/Cartel-certamen-port.png","width":1000,"height":534},{"@type":"BreadcrumbList","@id":"https:\/\/www.caudete.org\/ayuntamiento\/sabado-11-de-octubre-inauguracion-del-xviii-certamen-nacional-de-acuarela-villa-de-caudete-2025\/#breadcrumb","itemListElement":[{"@type":"ListItem","position":1,"name":"Inicio","item":"https:\/\/www.caudete.org\/ayuntamiento\/"},{"@type":"ListItem","position":2,"name":"S\u00e1bado 11 de octubre Inauguraci\u00f3n del XVIII Certamen Nacional de Acuarela \u201cVilla de Caudete\u201d 2025."}]},{"@type":"WebSite","@id":"https:\/\/www.caudete.org\/ayuntamiento\/#website","url":"https:\/\/www.caudete.org\/ayuntamiento\/","name":"MI Ayuntamiento de Caudete","description":"P\u00e1gina Oficial del MI Ayuntamiento de Caudete","potentialAction":[{"@type":"SearchAction","target":{"@type":"EntryPoint","urlTemplate":"https:\/\/www.caudete.org\/ayuntamiento\/?s={search_term_string}"},"query-input":{"@type":"PropertyValueSpecification","valueRequired":true,"valueName":"search_term_string"}}],"inLanguage":"es"},{"@type":"Person","@id":"https:\/\/www.caudete.org\/ayuntamiento\/#\/schema\/person\/abfa5ffd5010a14e078c21e6e61b6291","name":"informatica2","image":{"@type":"ImageObject","inLanguage":"es","@id":"https:\/\/secure.gravatar.com\/avatar\/b089890ff033a3e4d03eec00ecb5a14425217205c513f60ec32ebeaaeb5fa700?s=96&d=mm&r=g","url":"https:\/\/secure.gravatar.com\/avatar\/b089890ff033a3e4d03eec00ecb5a14425217205c513f60ec32ebeaaeb5fa700?s=96&d=mm&r=g","contentUrl":"https:\/\/secure.gravatar.com\/avatar\/b089890ff033a3e4d03eec00ecb5a14425217205c513f60ec32ebeaaeb5fa700?s=96&d=mm&r=g","caption":"informatica2"},"url":"https:\/\/www.caudete.org\/ayuntamiento\/author\/informatica2\/"}]}},"_links":{"self":[{"href":"https:\/\/www.caudete.org\/ayuntamiento\/wp-json\/wp\/v2\/posts\/30896","targetHints":{"allow":["GET"]}}],"collection":[{"href":"https:\/\/www.caudete.org\/ayuntamiento\/wp-json\/wp\/v2\/posts"}],"about":[{"href":"https:\/\/www.caudete.org\/ayuntamiento\/wp-json\/wp\/v2\/types\/post"}],"author":[{"embeddable":true,"href":"https:\/\/www.caudete.org\/ayuntamiento\/wp-json\/wp\/v2\/users\/6"}],"replies":[{"embeddable":true,"href":"https:\/\/www.caudete.org\/ayuntamiento\/wp-json\/wp\/v2\/comments?post=30896"}],"version-history":[{"count":2,"href":"https:\/\/www.caudete.org\/ayuntamiento\/wp-json\/wp\/v2\/posts\/30896\/revisions"}],"predecessor-version":[{"id":30905,"href":"https:\/\/www.caudete.org\/ayuntamiento\/wp-json\/wp\/v2\/posts\/30896\/revisions\/30905"}],"wp:featuredmedia":[{"embeddable":true,"href":"https:\/\/www.caudete.org\/ayuntamiento\/wp-json\/wp\/v2\/media\/30898"}],"wp:attachment":[{"href":"https:\/\/www.caudete.org\/ayuntamiento\/wp-json\/wp\/v2\/media?parent=30896"}],"wp:term":[{"taxonomy":"category","embeddable":true,"href":"https:\/\/www.caudete.org\/ayuntamiento\/wp-json\/wp\/v2\/categories?post=30896"},{"taxonomy":"post_tag","embeddable":true,"href":"https:\/\/www.caudete.org\/ayuntamiento\/wp-json\/wp\/v2\/tags?post=30896"}],"curies":[{"name":"wp","href":"https:\/\/api.w.org\/{rel}","templated":true}]}}