{"id":30913,"date":"2025-10-07T12:38:40","date_gmt":"2025-10-07T10:38:40","guid":{"rendered":"https:\/\/www.caudete.org\/ayuntamiento\/?p=30913"},"modified":"2025-10-20T09:12:10","modified_gmt":"2025-10-20T07:12:10","slug":"caudete-vivira-el-mercado-del-siglo-de-oro-del-17-al-19-de-octubre","status":"publish","type":"post","link":"https:\/\/www.caudete.org\/ayuntamiento\/caudete-vivira-el-mercado-del-siglo-de-oro-del-17-al-19-de-octubre\/","title":{"rendered":"Caudete vivir\u00e1 el mercado del &#8220;Siglo de Oro&#8221; del 17 al 19 de Octubre"},"content":{"rendered":"<p data-start=\"356\" data-end=\"647\">La Concejal\u00eda de Turismo del Ayuntamiento de Caudete anuncia la llegada de una de las citas m\u00e1s esperadas del calendario cultural y festivo: el <strong data-start=\"500\" data-end=\"528\">Mercado del Siglo de Oro<\/strong>, que tendr\u00e1 lugar del <strong data-start=\"551\" data-end=\"582\">17 al 19 de octubre de 2025<\/strong> en la <strong data-start=\"589\" data-end=\"644\">Plaza del Carmen, Plaza de la Iglesia y Calle Mayor<\/strong>.<\/p>\n<p data-start=\"649\" data-end=\"980\">Este a\u00f1o, el tradicional <strong data-start=\"674\" data-end=\"699\">Mercado de San Miguel<\/strong> se transformar\u00e1 en un aut\u00e9ntico viaje al pasado, recreando la atm\u00f3sfera del Siglo de Oro. Contaremos con la colaboraci\u00f3n de la empresa <strong data-start=\"835\" data-end=\"859\">La Fragua de Vulcano<\/strong>, que se estrena en la organizaci\u00f3n de este evento para llenar las calles de historia, m\u00fasica, espect\u00e1culo y tradici\u00f3n.<\/p>\n<p data-start=\"982\" data-end=\"1502\">M\u00e1s de <strong data-start=\"989\" data-end=\"1013\">50 puestos artesanos<\/strong> se dar\u00e1n cita en Caudete para ofrecer una amplia variedad de productos, desde artesan\u00eda local hasta elaboraciones gastron\u00f3micas, dulces t\u00edpicos y propuestas de restauraci\u00f3n que permitir\u00e1n disfrutar de la feria hasta la noche, ya que las tabernas y espacios de comida permanecer\u00e1n abiertas hasta las <strong data-start=\"1313\" data-end=\"1328\">23:00 horas<\/strong>. La ambientaci\u00f3n se completar\u00e1 con atracciones y actividades pensadas tanto para los m\u00e1s peque\u00f1os como para los adultos, garantizando diversi\u00f3n y sorpresas en cada rinc\u00f3n.<\/p>\n<p data-start=\"1504\" data-end=\"1763\">Dentro del propio mercado, participar\u00e1n tambi\u00e9n <strong data-start=\"1552\" data-end=\"1585\">artesanos y comercios locales<\/strong>, que se sumar\u00e1n a la celebraci\u00f3n mostrando su trabajo, productos y creatividad, contribuyendo a poner en valor el talento caudetano y el tejido comercial de nuestro municipio.<\/p>\n<p data-start=\"1765\" data-end=\"2118\">Una de las novedades de esta edici\u00f3n es la colaboraci\u00f3n de la <strong data-start=\"1827\" data-end=\"1853\">Concejal\u00eda de Juventud<\/strong>, que a trav\u00e9s del Centro Joven pondr\u00e1 en marcha una <strong data-start=\"1906\" data-end=\"1926\">ludoteca estable<\/strong> en los Arcos de la Lonja, con horario de <strong data-start=\"1968\" data-end=\"1991\">11:30 a 13:30 horas<\/strong> y de <strong data-start=\"1997\" data-end=\"2020\">17:30 a 19:30 horas<\/strong>, ofreciendo un espacio de juegos y entretenimiento seguro para los ni\u00f1os durante toda la feria.<\/p>\n<p data-start=\"2120\" data-end=\"2710\">Como en a\u00f1os anteriores, en la <strong data-start=\"2151\" data-end=\"2172\">Calle del Mercado<\/strong> se ubicar\u00e1 la <strong data-start=\"2187\" data-end=\"2214\">Feria de la Solidaridad<\/strong>, formada por diferentes <strong data-start=\"2239\" data-end=\"2266\">asociaciones caudetanas<\/strong>, que compartir\u00e1n su labor con el p\u00fablico mediante informaci\u00f3n, venta de loter\u00eda, art\u00edculos elaborados por ellas mismas o donados, y m\u00faltiples actividades organizadas a lo largo del fin de semana. Tambi\u00e9n participar\u00e1 el <strong data-start=\"2486\" data-end=\"2516\">Club de Ajedrez de Caudete<\/strong>, ofreciendo propuestas l\u00fadicas y demostraciones abiertas. Comprando en estos puestos, los visitantes contribuir\u00e1n directamente al apoyo de las asociaciones locales y sus proyectos solidarios.<\/p>\n<p data-start=\"2712\" data-end=\"2925\">La <strong data-start=\"2715\" data-end=\"2739\">inauguraci\u00f3n oficial<\/strong> tendr\u00e1 lugar el <strong data-start=\"2756\" data-end=\"2799\">viernes 17 de octubre a las 19:30 horas<\/strong>, y a partir de ese momento Caudete vivir\u00e1 un intenso fin de semana en el que la tradici\u00f3n y la cultura ser\u00e1n protagonistas.<\/p>\n<p data-start=\"2927\" data-end=\"2956\">\ud83d\udcc5 <strong data-start=\"2930\" data-end=\"2953\">Horario del mercado<\/strong>:<\/p>\n<ul data-start=\"2957\" data-end=\"3082\">\n<li data-start=\"2957\" data-end=\"2997\">Inauguraci\u00f3n: <b>viernes 17 de octubre 19:30 horas<\/b><\/li>\n<li data-start=\"2957\" data-end=\"2997\">\n<p data-start=\"2959\" data-end=\"2997\">Ma\u00f1anas: de <strong data-start=\"2971\" data-end=\"2994\">11:00 a 14:00 horas<\/strong>.<\/p>\n<\/li>\n<li data-start=\"2998\" data-end=\"3037\">\n<p data-start=\"3000\" data-end=\"3037\">Tardes: de <strong data-start=\"3011\" data-end=\"3034\">18:00 a 21:00 horas<\/strong>.<\/p>\n<\/li>\n<li data-start=\"3038\" data-end=\"3082\">\n<p data-start=\"3040\" data-end=\"3082\">Restauraci\u00f3n: hasta las <strong data-start=\"3064\" data-end=\"3079\">23:00 horas<\/strong>.<\/p>\n<\/li>\n<\/ul>\n<p data-start=\"3084\" data-end=\"3385\">La Concejal\u00eda de Turismo invita a todos los vecinos y visitantes a sumarse a esta gran fiesta, en la que adem\u00e1s de la calidad y variedad de los participantes, se podr\u00e1 disfrutar de la presencia de <strong data-start=\"3281\" data-end=\"3327\">artesanos y comercios de nuestra localidad<\/strong>, que contribuir\u00e1n a hacer a\u00fan m\u00e1s especial este evento.<\/p>\n<p data-start=\"3387\" data-end=\"3506\"><strong data-start=\"3387\" data-end=\"3504\">Caudete os espera para vivir juntos un Mercado del Siglo de Oro lleno de vida, historia, solidaridad y tradici\u00f3n.<\/strong><\/p>\n<p><img fetchpriority=\"high\" decoding=\"async\" class=\"alignnone wp-image-30915 size-full\" src=\"https:\/\/www.caudete.org\/ayuntamiento\/wp-content\/uploads\/2025\/10\/IMG-20251003-WA0020.jpg\" alt=\"\" width=\"1000\" height=\"1415\" srcset=\"https:\/\/www.caudete.org\/ayuntamiento\/wp-content\/uploads\/2025\/10\/IMG-20251003-WA0020.jpg 1000w, https:\/\/www.caudete.org\/ayuntamiento\/wp-content\/uploads\/2025\/10\/IMG-20251003-WA0020-565x800.jpg 565w, https:\/\/www.caudete.org\/ayuntamiento\/wp-content\/uploads\/2025\/10\/IMG-20251003-WA0020-636x900.jpg 636w, https:\/\/www.caudete.org\/ayuntamiento\/wp-content\/uploads\/2025\/10\/IMG-20251003-WA0020-155x220.jpg 155w, https:\/\/www.caudete.org\/ayuntamiento\/wp-content\/uploads\/2025\/10\/IMG-20251003-WA0020-768x1087.jpg 768w\" sizes=\"(max-width: 1000px) 100vw, 1000px\" \/><\/p>\n","protected":false},"excerpt":{"rendered":"<p>La Concejal\u00eda de Turismo del Ayuntamiento de Caudete anuncia la llegada de una de las citas m\u00e1s esperadas del calendario cultural y festivo: el Mercado del Siglo de Oro, que tendr\u00e1 lugar del 17 al 19 de octubre de 2025 en la Plaza del Carmen, Plaza de la Iglesia y Calle Mayor. Este a\u00f1o, el &hellip;<\/p>\n","protected":false},"author":6,"featured_media":30921,"comment_status":"closed","ping_status":"open","sticky":false,"template":"","format":"standard","meta":{"ngg_post_thumbnail":0,"footnotes":""},"categories":[43],"tags":[],"class_list":["post-30913","post","type-post","status-publish","format-standard","has-post-thumbnail","hentry","category-turismo"],"yoast_head":"<!-- This site is optimized with the Yoast SEO plugin v27.5 - https:\/\/yoast.com\/product\/yoast-seo-wordpress\/ -->\n<title>Caudete vivir\u00e1 el mercado del &quot;Siglo de Oro&quot; del 17 al 19 de Octubre - MI Ayuntamiento de Caudete<\/title>\n<meta name=\"description\" content=\"P\u00e1gina Oficial del Ayuntamiento de Caudete (Albacete)\" \/>\n<meta name=\"robots\" content=\"index, follow, max-snippet:-1, max-image-preview:large, max-video-preview:-1\" \/>\n<link rel=\"canonical\" href=\"https:\/\/www.caudete.org\/ayuntamiento\/caudete-vivira-el-mercado-del-siglo-de-oro-del-17-al-19-de-octubre\/\" \/>\n<meta property=\"og:locale\" content=\"es_ES\" \/>\n<meta property=\"og:type\" content=\"article\" \/>\n<meta property=\"og:title\" content=\"Caudete vivir\u00e1 el mercado del &quot;Siglo de Oro&quot; del 17 al 19 de Octubre - MI Ayuntamiento de Caudete\" \/>\n<meta property=\"og:description\" content=\"P\u00e1gina Oficial del Ayuntamiento de Caudete (Albacete)\" \/>\n<meta property=\"og:url\" content=\"https:\/\/www.caudete.org\/ayuntamiento\/caudete-vivira-el-mercado-del-siglo-de-oro-del-17-al-19-de-octubre\/\" \/>\n<meta property=\"og:site_name\" content=\"MI Ayuntamiento de Caudete\" \/>\n<meta property=\"article:publisher\" content=\"https:\/\/www.facebook.com\/ayuntamientocaudete\/\" \/>\n<meta property=\"article:published_time\" content=\"2025-10-07T10:38:40+00:00\" \/>\n<meta property=\"article:modified_time\" content=\"2025-10-20T07:12:10+00:00\" \/>\n<meta property=\"og:image\" content=\"https:\/\/www.caudete.org\/ayuntamiento\/wp-content\/uploads\/2025\/10\/IMG-20251003-WA0020-port.jpg\" \/>\n\t<meta property=\"og:image:width\" content=\"864\" \/>\n\t<meta property=\"og:image:height\" content=\"380\" \/>\n\t<meta property=\"og:image:type\" content=\"image\/jpeg\" \/>\n<meta name=\"author\" content=\"informatica2\" \/>\n<meta name=\"twitter:card\" content=\"summary_large_image\" \/>\n<meta name=\"twitter:label1\" content=\"Escrito por\" \/>\n\t<meta name=\"twitter:data1\" content=\"informatica2\" \/>\n\t<meta name=\"twitter:label2\" content=\"Tiempo de lectura\" \/>\n\t<meta name=\"twitter:data2\" content=\"3 minutos\" \/>\n<script type=\"application\/ld+json\" class=\"yoast-schema-graph\">{\"@context\":\"https:\\\/\\\/schema.org\",\"@graph\":[{\"@type\":\"Article\",\"@id\":\"https:\\\/\\\/www.caudete.org\\\/ayuntamiento\\\/caudete-vivira-el-mercado-del-siglo-de-oro-del-17-al-19-de-octubre\\\/#article\",\"isPartOf\":{\"@id\":\"https:\\\/\\\/www.caudete.org\\\/ayuntamiento\\\/caudete-vivira-el-mercado-del-siglo-de-oro-del-17-al-19-de-octubre\\\/\"},\"author\":{\"name\":\"informatica2\",\"@id\":\"https:\\\/\\\/www.caudete.org\\\/ayuntamiento\\\/#\\\/schema\\\/person\\\/abfa5ffd5010a14e078c21e6e61b6291\"},\"headline\":\"Caudete vivir\u00e1 el mercado del &#8220;Siglo de Oro&#8221; del 17 al 19 de Octubre\",\"datePublished\":\"2025-10-07T10:38:40+00:00\",\"dateModified\":\"2025-10-20T07:12:10+00:00\",\"mainEntityOfPage\":{\"@id\":\"https:\\\/\\\/www.caudete.org\\\/ayuntamiento\\\/caudete-vivira-el-mercado-del-siglo-de-oro-del-17-al-19-de-octubre\\\/\"},\"wordCount\":545,\"image\":{\"@id\":\"https:\\\/\\\/www.caudete.org\\\/ayuntamiento\\\/caudete-vivira-el-mercado-del-siglo-de-oro-del-17-al-19-de-octubre\\\/#primaryimage\"},\"thumbnailUrl\":\"https:\\\/\\\/www.caudete.org\\\/ayuntamiento\\\/wp-content\\\/uploads\\\/2025\\\/10\\\/IMG-20251003-WA0020-port.jpg\",\"articleSection\":[\"Turismo\"],\"inLanguage\":\"es\"},{\"@type\":\"WebPage\",\"@id\":\"https:\\\/\\\/www.caudete.org\\\/ayuntamiento\\\/caudete-vivira-el-mercado-del-siglo-de-oro-del-17-al-19-de-octubre\\\/\",\"url\":\"https:\\\/\\\/www.caudete.org\\\/ayuntamiento\\\/caudete-vivira-el-mercado-del-siglo-de-oro-del-17-al-19-de-octubre\\\/\",\"name\":\"Caudete vivir\u00e1 el mercado del \\\"Siglo de Oro\\\" del 17 al 19 de Octubre - MI Ayuntamiento de Caudete\",\"isPartOf\":{\"@id\":\"https:\\\/\\\/www.caudete.org\\\/ayuntamiento\\\/#website\"},\"primaryImageOfPage\":{\"@id\":\"https:\\\/\\\/www.caudete.org\\\/ayuntamiento\\\/caudete-vivira-el-mercado-del-siglo-de-oro-del-17-al-19-de-octubre\\\/#primaryimage\"},\"image\":{\"@id\":\"https:\\\/\\\/www.caudete.org\\\/ayuntamiento\\\/caudete-vivira-el-mercado-del-siglo-de-oro-del-17-al-19-de-octubre\\\/#primaryimage\"},\"thumbnailUrl\":\"https:\\\/\\\/www.caudete.org\\\/ayuntamiento\\\/wp-content\\\/uploads\\\/2025\\\/10\\\/IMG-20251003-WA0020-port.jpg\",\"datePublished\":\"2025-10-07T10:38:40+00:00\",\"dateModified\":\"2025-10-20T07:12:10+00:00\",\"author\":{\"@id\":\"https:\\\/\\\/www.caudete.org\\\/ayuntamiento\\\/#\\\/schema\\\/person\\\/abfa5ffd5010a14e078c21e6e61b6291\"},\"description\":\"P\u00e1gina Oficial del Ayuntamiento de Caudete (Albacete)\",\"breadcrumb\":{\"@id\":\"https:\\\/\\\/www.caudete.org\\\/ayuntamiento\\\/caudete-vivira-el-mercado-del-siglo-de-oro-del-17-al-19-de-octubre\\\/#breadcrumb\"},\"inLanguage\":\"es\",\"potentialAction\":[{\"@type\":\"ReadAction\",\"target\":[\"https:\\\/\\\/www.caudete.org\\\/ayuntamiento\\\/caudete-vivira-el-mercado-del-siglo-de-oro-del-17-al-19-de-octubre\\\/\"]}]},{\"@type\":\"ImageObject\",\"inLanguage\":\"es\",\"@id\":\"https:\\\/\\\/www.caudete.org\\\/ayuntamiento\\\/caudete-vivira-el-mercado-del-siglo-de-oro-del-17-al-19-de-octubre\\\/#primaryimage\",\"url\":\"https:\\\/\\\/www.caudete.org\\\/ayuntamiento\\\/wp-content\\\/uploads\\\/2025\\\/10\\\/IMG-20251003-WA0020-port.jpg\",\"contentUrl\":\"https:\\\/\\\/www.caudete.org\\\/ayuntamiento\\\/wp-content\\\/uploads\\\/2025\\\/10\\\/IMG-20251003-WA0020-port.jpg\",\"width\":864,\"height\":380},{\"@type\":\"BreadcrumbList\",\"@id\":\"https:\\\/\\\/www.caudete.org\\\/ayuntamiento\\\/caudete-vivira-el-mercado-del-siglo-de-oro-del-17-al-19-de-octubre\\\/#breadcrumb\",\"itemListElement\":[{\"@type\":\"ListItem\",\"position\":1,\"name\":\"Inicio\",\"item\":\"https:\\\/\\\/www.caudete.org\\\/ayuntamiento\\\/\"},{\"@type\":\"ListItem\",\"position\":2,\"name\":\"Caudete vivir\u00e1 el mercado del &#8220;Siglo de Oro&#8221; del 17 al 19 de Octubre\"}]},{\"@type\":\"WebSite\",\"@id\":\"https:\\\/\\\/www.caudete.org\\\/ayuntamiento\\\/#website\",\"url\":\"https:\\\/\\\/www.caudete.org\\\/ayuntamiento\\\/\",\"name\":\"MI Ayuntamiento de Caudete\",\"description\":\"P\u00e1gina Oficial del MI Ayuntamiento de Caudete\",\"potentialAction\":[{\"@type\":\"SearchAction\",\"target\":{\"@type\":\"EntryPoint\",\"urlTemplate\":\"https:\\\/\\\/www.caudete.org\\\/ayuntamiento\\\/?s={search_term_string}\"},\"query-input\":{\"@type\":\"PropertyValueSpecification\",\"valueRequired\":true,\"valueName\":\"search_term_string\"}}],\"inLanguage\":\"es\"},{\"@type\":\"Person\",\"@id\":\"https:\\\/\\\/www.caudete.org\\\/ayuntamiento\\\/#\\\/schema\\\/person\\\/abfa5ffd5010a14e078c21e6e61b6291\",\"name\":\"informatica2\",\"image\":{\"@type\":\"ImageObject\",\"inLanguage\":\"es\",\"@id\":\"https:\\\/\\\/secure.gravatar.com\\\/avatar\\\/b089890ff033a3e4d03eec00ecb5a14425217205c513f60ec32ebeaaeb5fa700?s=96&d=mm&r=g\",\"url\":\"https:\\\/\\\/secure.gravatar.com\\\/avatar\\\/b089890ff033a3e4d03eec00ecb5a14425217205c513f60ec32ebeaaeb5fa700?s=96&d=mm&r=g\",\"contentUrl\":\"https:\\\/\\\/secure.gravatar.com\\\/avatar\\\/b089890ff033a3e4d03eec00ecb5a14425217205c513f60ec32ebeaaeb5fa700?s=96&d=mm&r=g\",\"caption\":\"informatica2\"},\"url\":\"https:\\\/\\\/www.caudete.org\\\/ayuntamiento\\\/author\\\/informatica2\\\/\"}]}<\/script>\n<!-- \/ Yoast SEO plugin. -->","yoast_head_json":{"title":"Caudete vivir\u00e1 el mercado del \"Siglo de Oro\" del 17 al 19 de Octubre - MI Ayuntamiento de Caudete","description":"P\u00e1gina Oficial del Ayuntamiento de Caudete (Albacete)","robots":{"index":"index","follow":"follow","max-snippet":"max-snippet:-1","max-image-preview":"max-image-preview:large","max-video-preview":"max-video-preview:-1"},"canonical":"https:\/\/www.caudete.org\/ayuntamiento\/caudete-vivira-el-mercado-del-siglo-de-oro-del-17-al-19-de-octubre\/","og_locale":"es_ES","og_type":"article","og_title":"Caudete vivir\u00e1 el mercado del \"Siglo de Oro\" del 17 al 19 de Octubre - MI Ayuntamiento de Caudete","og_description":"P\u00e1gina Oficial del Ayuntamiento de Caudete (Albacete)","og_url":"https:\/\/www.caudete.org\/ayuntamiento\/caudete-vivira-el-mercado-del-siglo-de-oro-del-17-al-19-de-octubre\/","og_site_name":"MI Ayuntamiento de Caudete","article_publisher":"https:\/\/www.facebook.com\/ayuntamientocaudete\/","article_published_time":"2025-10-07T10:38:40+00:00","article_modified_time":"2025-10-20T07:12:10+00:00","og_image":[{"width":864,"height":380,"url":"https:\/\/www.caudete.org\/ayuntamiento\/wp-content\/uploads\/2025\/10\/IMG-20251003-WA0020-port.jpg","type":"image\/jpeg"}],"author":"informatica2","twitter_card":"summary_large_image","twitter_misc":{"Escrito por":"informatica2","Tiempo de lectura":"3 minutos"},"schema":{"@context":"https:\/\/schema.org","@graph":[{"@type":"Article","@id":"https:\/\/www.caudete.org\/ayuntamiento\/caudete-vivira-el-mercado-del-siglo-de-oro-del-17-al-19-de-octubre\/#article","isPartOf":{"@id":"https:\/\/www.caudete.org\/ayuntamiento\/caudete-vivira-el-mercado-del-siglo-de-oro-del-17-al-19-de-octubre\/"},"author":{"name":"informatica2","@id":"https:\/\/www.caudete.org\/ayuntamiento\/#\/schema\/person\/abfa5ffd5010a14e078c21e6e61b6291"},"headline":"Caudete vivir\u00e1 el mercado del &#8220;Siglo de Oro&#8221; del 17 al 19 de Octubre","datePublished":"2025-10-07T10:38:40+00:00","dateModified":"2025-10-20T07:12:10+00:00","mainEntityOfPage":{"@id":"https:\/\/www.caudete.org\/ayuntamiento\/caudete-vivira-el-mercado-del-siglo-de-oro-del-17-al-19-de-octubre\/"},"wordCount":545,"image":{"@id":"https:\/\/www.caudete.org\/ayuntamiento\/caudete-vivira-el-mercado-del-siglo-de-oro-del-17-al-19-de-octubre\/#primaryimage"},"thumbnailUrl":"https:\/\/www.caudete.org\/ayuntamiento\/wp-content\/uploads\/2025\/10\/IMG-20251003-WA0020-port.jpg","articleSection":["Turismo"],"inLanguage":"es"},{"@type":"WebPage","@id":"https:\/\/www.caudete.org\/ayuntamiento\/caudete-vivira-el-mercado-del-siglo-de-oro-del-17-al-19-de-octubre\/","url":"https:\/\/www.caudete.org\/ayuntamiento\/caudete-vivira-el-mercado-del-siglo-de-oro-del-17-al-19-de-octubre\/","name":"Caudete vivir\u00e1 el mercado del \"Siglo de Oro\" del 17 al 19 de Octubre - MI Ayuntamiento de Caudete","isPartOf":{"@id":"https:\/\/www.caudete.org\/ayuntamiento\/#website"},"primaryImageOfPage":{"@id":"https:\/\/www.caudete.org\/ayuntamiento\/caudete-vivira-el-mercado-del-siglo-de-oro-del-17-al-19-de-octubre\/#primaryimage"},"image":{"@id":"https:\/\/www.caudete.org\/ayuntamiento\/caudete-vivira-el-mercado-del-siglo-de-oro-del-17-al-19-de-octubre\/#primaryimage"},"thumbnailUrl":"https:\/\/www.caudete.org\/ayuntamiento\/wp-content\/uploads\/2025\/10\/IMG-20251003-WA0020-port.jpg","datePublished":"2025-10-07T10:38:40+00:00","dateModified":"2025-10-20T07:12:10+00:00","author":{"@id":"https:\/\/www.caudete.org\/ayuntamiento\/#\/schema\/person\/abfa5ffd5010a14e078c21e6e61b6291"},"description":"P\u00e1gina Oficial del Ayuntamiento de Caudete (Albacete)","breadcrumb":{"@id":"https:\/\/www.caudete.org\/ayuntamiento\/caudete-vivira-el-mercado-del-siglo-de-oro-del-17-al-19-de-octubre\/#breadcrumb"},"inLanguage":"es","potentialAction":[{"@type":"ReadAction","target":["https:\/\/www.caudete.org\/ayuntamiento\/caudete-vivira-el-mercado-del-siglo-de-oro-del-17-al-19-de-octubre\/"]}]},{"@type":"ImageObject","inLanguage":"es","@id":"https:\/\/www.caudete.org\/ayuntamiento\/caudete-vivira-el-mercado-del-siglo-de-oro-del-17-al-19-de-octubre\/#primaryimage","url":"https:\/\/www.caudete.org\/ayuntamiento\/wp-content\/uploads\/2025\/10\/IMG-20251003-WA0020-port.jpg","contentUrl":"https:\/\/www.caudete.org\/ayuntamiento\/wp-content\/uploads\/2025\/10\/IMG-20251003-WA0020-port.jpg","width":864,"height":380},{"@type":"BreadcrumbList","@id":"https:\/\/www.caudete.org\/ayuntamiento\/caudete-vivira-el-mercado-del-siglo-de-oro-del-17-al-19-de-octubre\/#breadcrumb","itemListElement":[{"@type":"ListItem","position":1,"name":"Inicio","item":"https:\/\/www.caudete.org\/ayuntamiento\/"},{"@type":"ListItem","position":2,"name":"Caudete vivir\u00e1 el mercado del &#8220;Siglo de Oro&#8221; del 17 al 19 de Octubre"}]},{"@type":"WebSite","@id":"https:\/\/www.caudete.org\/ayuntamiento\/#website","url":"https:\/\/www.caudete.org\/ayuntamiento\/","name":"MI Ayuntamiento de Caudete","description":"P\u00e1gina Oficial del MI Ayuntamiento de Caudete","potentialAction":[{"@type":"SearchAction","target":{"@type":"EntryPoint","urlTemplate":"https:\/\/www.caudete.org\/ayuntamiento\/?s={search_term_string}"},"query-input":{"@type":"PropertyValueSpecification","valueRequired":true,"valueName":"search_term_string"}}],"inLanguage":"es"},{"@type":"Person","@id":"https:\/\/www.caudete.org\/ayuntamiento\/#\/schema\/person\/abfa5ffd5010a14e078c21e6e61b6291","name":"informatica2","image":{"@type":"ImageObject","inLanguage":"es","@id":"https:\/\/secure.gravatar.com\/avatar\/b089890ff033a3e4d03eec00ecb5a14425217205c513f60ec32ebeaaeb5fa700?s=96&d=mm&r=g","url":"https:\/\/secure.gravatar.com\/avatar\/b089890ff033a3e4d03eec00ecb5a14425217205c513f60ec32ebeaaeb5fa700?s=96&d=mm&r=g","contentUrl":"https:\/\/secure.gravatar.com\/avatar\/b089890ff033a3e4d03eec00ecb5a14425217205c513f60ec32ebeaaeb5fa700?s=96&d=mm&r=g","caption":"informatica2"},"url":"https:\/\/www.caudete.org\/ayuntamiento\/author\/informatica2\/"}]}},"_links":{"self":[{"href":"https:\/\/www.caudete.org\/ayuntamiento\/wp-json\/wp\/v2\/posts\/30913","targetHints":{"allow":["GET"]}}],"collection":[{"href":"https:\/\/www.caudete.org\/ayuntamiento\/wp-json\/wp\/v2\/posts"}],"about":[{"href":"https:\/\/www.caudete.org\/ayuntamiento\/wp-json\/wp\/v2\/types\/post"}],"author":[{"embeddable":true,"href":"https:\/\/www.caudete.org\/ayuntamiento\/wp-json\/wp\/v2\/users\/6"}],"replies":[{"embeddable":true,"href":"https:\/\/www.caudete.org\/ayuntamiento\/wp-json\/wp\/v2\/comments?post=30913"}],"version-history":[{"count":3,"href":"https:\/\/www.caudete.org\/ayuntamiento\/wp-json\/wp\/v2\/posts\/30913\/revisions"}],"predecessor-version":[{"id":30920,"href":"https:\/\/www.caudete.org\/ayuntamiento\/wp-json\/wp\/v2\/posts\/30913\/revisions\/30920"}],"wp:featuredmedia":[{"embeddable":true,"href":"https:\/\/www.caudete.org\/ayuntamiento\/wp-json\/wp\/v2\/media\/30921"}],"wp:attachment":[{"href":"https:\/\/www.caudete.org\/ayuntamiento\/wp-json\/wp\/v2\/media?parent=30913"}],"wp:term":[{"taxonomy":"category","embeddable":true,"href":"https:\/\/www.caudete.org\/ayuntamiento\/wp-json\/wp\/v2\/categories?post=30913"},{"taxonomy":"post_tag","embeddable":true,"href":"https:\/\/www.caudete.org\/ayuntamiento\/wp-json\/wp\/v2\/tags?post=30913"}],"curies":[{"name":"wp","href":"https:\/\/api.w.org\/{rel}","templated":true}]}}