{"id":30923,"date":"2025-10-07T14:21:37","date_gmt":"2025-10-07T12:21:37","guid":{"rendered":"https:\/\/www.caudete.org\/ayuntamiento\/?p=30923"},"modified":"2025-10-07T16:34:56","modified_gmt":"2025-10-07T14:34:56","slug":"la-concejalia-de-mayores-ha-iniciado-en-el-mes-de-octubre-los-cursos-y-talleres-que-se-imparten-en-el-centro-de-mayores","status":"publish","type":"post","link":"https:\/\/www.caudete.org\/ayuntamiento\/la-concejalia-de-mayores-ha-iniciado-en-el-mes-de-octubre-los-cursos-y-talleres-que-se-imparten-en-el-centro-de-mayores\/","title":{"rendered":"La Concejal\u00eda de Mayores ha iniciado en el mes de octubre los cursos y talleres que se imparten en el centro de mayores"},"content":{"rendered":"<p style=\"text-align: justify;\"><span style=\"font-family: georgia, palatino, serif; font-size: 12pt;\">El Ayuntamiento de Caudete, a trav\u00e9s de la Concejal\u00eda de Mayores, pone en marcha, un a\u00f1o m\u00e1s, el programa de actividades para personas mayores con una amplia oferta de propuestas l\u00fadicas, deportivas, sociosanitarias y formativas, todas ellas encaminadas a facilitar un envejecimiento activo y saludable. En este nuevo curso 2025-2026 participan m\u00e1s de 450 personas mayores.<\/span><\/p>\n<p style=\"text-align: justify;\"><span style=\"font-family: georgia, palatino, serif; font-size: 12pt;\"><u><b>Taller de Memoria<\/b><\/u>, el objetivo principal es la prevenci\u00f3n de un deterioro temprano del cerebro, manteniendo la mente activa y despierta. Se trabajar\u00e1n aquellos trucos y estrategias para evitar despistes, se ejercitar\u00e1n las funciones cognitivas estrechamente ligadas a la memoria, como son la percepci\u00f3n, la atenci\u00f3n, la concentraci\u00f3n, etc.<\/span><\/p>\n<p style=\"text-align: justify;\" align=\"justify\"><span style=\"font-family: georgia, palatino, serif; font-size: 12pt;\"><u><b>Curso de Gerontogimnasia<\/b><\/u> <span style=\"color: #000000;\">est\u00e1 dirigido a aquellas personas mayores, que gozan de autonom\u00eda suficiente para desplazarse el Centro de Mayores pero que por su edad y su condici\u00f3n f\u00edsica no pueden realizar otro tipo de gimnasia m\u00e1s din\u00e1mica, <\/span><span style=\"color: #000000;\">ayud\u00e1ndolas<\/span><span style=\"color: #000000;\"> a mantener un estilo de vida independiente y aut\u00f3nomo.<\/span><\/span><\/p>\n<p style=\"text-align: justify;\" align=\"left\"><span style=\"color: #000000; font-family: georgia, palatino, serif; font-size: 12pt;\"><u><b>Baile de Sal\u00f3n<\/b><\/u> tiene como objetivo el ofertar una actividad l\u00fadica a la vez que se adquiere un m\u00ednimo de t\u00e9cnica para comprender, interpretar y disfrutar de los diferentes tipos de baile.<\/span><\/p>\n<p style=\"text-align: justify;\" align=\"left\"><span style=\"font-family: georgia, palatino, serif; font-size: 12pt;\"><u><b>Actividad F\u00edsica y Deporte<\/b><\/u> tiene como finalidad promover la pr\u00e1ctica deportiva, conseguir que la actividad f\u00edsica entre a formar parte de los h\u00e1bitos diarios de las personas mayores.<\/span><\/p>\n<p style=\"text-align: justify;\" align=\"left\"><span style=\"font-family: georgia, palatino, serif; font-size: 12pt;\"><span style=\"color: #000000;\"><u><b>Curso de Tai Chi<\/b><\/u><\/span><span style=\"color: #000000;\"> tiene como objetivos r<\/span>elajar el cuerpo y la mente, comprender c\u00f3mo y con que respiramos, alinear la estructura corporal, desbloquear las articulaciones y entrar en un estado de calma mental.<\/span><\/p>\n<p style=\"text-align: justify;\" align=\"left\"><span style=\"font-family: georgia, palatino, serif; font-size: 12pt;\"><span lang=\"es-ES\"><u><b>Curso de Yoga<\/b><\/u><\/span> disciplina en la que se combinan las posturas o asanas con la respiraci\u00f3n para<\/span><\/p>\n<p style=\"text-align: justify;\" align=\"left\"><span style=\"font-family: georgia, palatino, serif; font-size: 12pt;\">mantener el cuerpo y la mente fuertes, siendo especialmente recomendado para las personas<\/span><\/p>\n<p style=\"text-align: justify;\" align=\"left\"><span style=\"font-family: georgia, palatino, serif; font-size: 12pt;\">mayores, dada la perdida de flexibilidad y movilidad propia de la edad.<\/span><\/p>\n<p style=\"text-align: justify;\"><span style=\"font-family: georgia, palatino, serif; font-size: 12pt;\">Adem\u00e1s, <b>el d\u00eda 13 de octubre<\/b> dar\u00e1 comienzo un curso breve: <b>\u201cDATE UN RESPIRO\u201d<\/b>, en donde se tratar\u00e1 la gesti\u00f3n del estr\u00e9s familiar con m\u00e9todos amigables y pr\u00e1cticos, adem\u00e1s del uso de nuevas tecnolog\u00edas para el ejercicio mental.<\/span><\/p>\n<p style=\"text-align: justify;\"><span style=\"font-family: georgia, palatino, serif; font-size: 12pt;\">Tiene una duraci\u00f3n de 4 sesiones, los lunes <b>a partir del 13 de octubre, de 17:00 a 19:00 horas <\/b>en el Centro de Mayores. Est\u00e1 organizado por la UDP (Uni\u00f3n Democr\u00e1tica de Pensionistas) con la colaboraci\u00f3n de la Concejal\u00eda de Mayores.<\/span><\/p>\n<p><a href=\"https:\/\/www.caudete.org\/ayuntamiento\/wp-content\/uploads\/2025\/10\/Date-un-respiro.jpg\" rel='prettyPhoto'><img fetchpriority=\"high\" decoding=\"async\" class=\"alignnone wp-image-30925 size-full\" src=\"https:\/\/www.caudete.org\/ayuntamiento\/wp-content\/uploads\/2025\/10\/Date-un-respiro-e1759839734858.jpg\" alt=\"\" width=\"1000\" height=\"1397\" srcset=\"https:\/\/www.caudete.org\/ayuntamiento\/wp-content\/uploads\/2025\/10\/Date-un-respiro-e1759839734858.jpg 1000w, https:\/\/www.caudete.org\/ayuntamiento\/wp-content\/uploads\/2025\/10\/Date-un-respiro-e1759839734858-573x800.jpg 573w, https:\/\/www.caudete.org\/ayuntamiento\/wp-content\/uploads\/2025\/10\/Date-un-respiro-e1759839734858-644x900.jpg 644w, https:\/\/www.caudete.org\/ayuntamiento\/wp-content\/uploads\/2025\/10\/Date-un-respiro-e1759839734858-157x220.jpg 157w, https:\/\/www.caudete.org\/ayuntamiento\/wp-content\/uploads\/2025\/10\/Date-un-respiro-e1759839734858-768x1073.jpg 768w\" sizes=\"(max-width: 1000px) 100vw, 1000px\" \/><\/a> <img decoding=\"async\" class=\"alignnone wp-image-30926 size-full\" src=\"https:\/\/www.caudete.org\/ayuntamiento\/wp-content\/uploads\/2025\/10\/Esquina-Centro-de-Mayores-e1759839686178.jpg\" alt=\"\" width=\"1000\" height=\"887\" srcset=\"https:\/\/www.caudete.org\/ayuntamiento\/wp-content\/uploads\/2025\/10\/Esquina-Centro-de-Mayores-e1759839686178.jpg 1000w, https:\/\/www.caudete.org\/ayuntamiento\/wp-content\/uploads\/2025\/10\/Esquina-Centro-de-Mayores-e1759839686178-902x800.jpg 902w, https:\/\/www.caudete.org\/ayuntamiento\/wp-content\/uploads\/2025\/10\/Esquina-Centro-de-Mayores-e1759839686178-248x220.jpg 248w, https:\/\/www.caudete.org\/ayuntamiento\/wp-content\/uploads\/2025\/10\/Esquina-Centro-de-Mayores-e1759839686178-768x681.jpg 768w\" sizes=\"(max-width: 1000px) 100vw, 1000px\" \/><\/p>\n","protected":false},"excerpt":{"rendered":"<p>El Ayuntamiento de Caudete, a trav\u00e9s de la Concejal\u00eda de Mayores, pone en marcha, un a\u00f1o m\u00e1s, el programa de actividades para personas mayores con una amplia oferta de propuestas l\u00fadicas, deportivas, sociosanitarias y formativas, todas ellas encaminadas a facilitar un envejecimiento activo y saludable. En este nuevo curso 2025-2026 participan m\u00e1s de 450 personas &hellip;<\/p>\n","protected":false},"author":6,"featured_media":30924,"comment_status":"closed","ping_status":"open","sticky":false,"template":"","format":"standard","meta":{"ngg_post_thumbnail":0,"footnotes":""},"categories":[39],"tags":[],"class_list":["post-30923","post","type-post","status-publish","format-standard","has-post-thumbnail","hentry","category-mayores"],"yoast_head":"<!-- This site is optimized with the Yoast SEO plugin v27.5 - https:\/\/yoast.com\/product\/yoast-seo-wordpress\/ -->\n<title>La Concejal\u00eda de Mayores ha iniciado en el mes de octubre los cursos y talleres que se imparten en el centro de mayores - MI Ayuntamiento de Caudete<\/title>\n<meta name=\"description\" content=\"P\u00e1gina Oficial del Ayuntamiento de Caudete (Albacete)\" \/>\n<meta name=\"robots\" content=\"index, follow, max-snippet:-1, max-image-preview:large, max-video-preview:-1\" \/>\n<link rel=\"canonical\" href=\"https:\/\/www.caudete.org\/ayuntamiento\/la-concejalia-de-mayores-ha-iniciado-en-el-mes-de-octubre-los-cursos-y-talleres-que-se-imparten-en-el-centro-de-mayores\/\" \/>\n<meta property=\"og:locale\" content=\"es_ES\" \/>\n<meta property=\"og:type\" content=\"article\" \/>\n<meta property=\"og:title\" content=\"La Concejal\u00eda de Mayores ha iniciado en el mes de octubre los cursos y talleres que se imparten en el centro de mayores - MI Ayuntamiento de Caudete\" \/>\n<meta property=\"og:description\" content=\"P\u00e1gina Oficial del Ayuntamiento de Caudete (Albacete)\" \/>\n<meta property=\"og:url\" content=\"https:\/\/www.caudete.org\/ayuntamiento\/la-concejalia-de-mayores-ha-iniciado-en-el-mes-de-octubre-los-cursos-y-talleres-que-se-imparten-en-el-centro-de-mayores\/\" \/>\n<meta property=\"og:site_name\" content=\"MI Ayuntamiento de Caudete\" \/>\n<meta property=\"article:publisher\" content=\"https:\/\/www.facebook.com\/ayuntamientocaudete\/\" \/>\n<meta property=\"article:published_time\" content=\"2025-10-07T12:21:37+00:00\" \/>\n<meta property=\"article:modified_time\" content=\"2025-10-07T14:34:56+00:00\" \/>\n<meta property=\"og:image\" content=\"https:\/\/www.caudete.org\/ayuntamiento\/wp-content\/uploads\/2025\/10\/Date-un-respiro-port.jpg\" \/>\n\t<meta property=\"og:image:width\" content=\"864\" \/>\n\t<meta property=\"og:image:height\" content=\"380\" \/>\n\t<meta property=\"og:image:type\" content=\"image\/jpeg\" \/>\n<meta name=\"author\" content=\"informatica2\" \/>\n<meta name=\"twitter:card\" content=\"summary_large_image\" \/>\n<meta name=\"twitter:label1\" content=\"Escrito por\" \/>\n\t<meta name=\"twitter:data1\" content=\"informatica2\" \/>\n\t<meta name=\"twitter:label2\" content=\"Tiempo de lectura\" \/>\n\t<meta name=\"twitter:data2\" content=\"3 minutos\" \/>\n<script type=\"application\/ld+json\" class=\"yoast-schema-graph\">{\"@context\":\"https:\\\/\\\/schema.org\",\"@graph\":[{\"@type\":\"Article\",\"@id\":\"https:\\\/\\\/www.caudete.org\\\/ayuntamiento\\\/la-concejalia-de-mayores-ha-iniciado-en-el-mes-de-octubre-los-cursos-y-talleres-que-se-imparten-en-el-centro-de-mayores\\\/#article\",\"isPartOf\":{\"@id\":\"https:\\\/\\\/www.caudete.org\\\/ayuntamiento\\\/la-concejalia-de-mayores-ha-iniciado-en-el-mes-de-octubre-los-cursos-y-talleres-que-se-imparten-en-el-centro-de-mayores\\\/\"},\"author\":{\"name\":\"informatica2\",\"@id\":\"https:\\\/\\\/www.caudete.org\\\/ayuntamiento\\\/#\\\/schema\\\/person\\\/abfa5ffd5010a14e078c21e6e61b6291\"},\"headline\":\"La Concejal\u00eda de Mayores ha iniciado en el mes de octubre los cursos y talleres que se imparten en el centro de mayores\",\"datePublished\":\"2025-10-07T12:21:37+00:00\",\"dateModified\":\"2025-10-07T14:34:56+00:00\",\"mainEntityOfPage\":{\"@id\":\"https:\\\/\\\/www.caudete.org\\\/ayuntamiento\\\/la-concejalia-de-mayores-ha-iniciado-en-el-mes-de-octubre-los-cursos-y-talleres-que-se-imparten-en-el-centro-de-mayores\\\/\"},\"wordCount\":428,\"publisher\":{\"@id\":\"https:\\\/\\\/www.caudete.org\\\/ayuntamiento\\\/#organization\"},\"image\":{\"@id\":\"https:\\\/\\\/www.caudete.org\\\/ayuntamiento\\\/la-concejalia-de-mayores-ha-iniciado-en-el-mes-de-octubre-los-cursos-y-talleres-que-se-imparten-en-el-centro-de-mayores\\\/#primaryimage\"},\"thumbnailUrl\":\"https:\\\/\\\/www.caudete.org\\\/ayuntamiento\\\/wp-content\\\/uploads\\\/2025\\\/10\\\/Date-un-respiro-port.jpg\",\"articleSection\":[\"Mayores\"],\"inLanguage\":\"es\"},{\"@type\":\"WebPage\",\"@id\":\"https:\\\/\\\/www.caudete.org\\\/ayuntamiento\\\/la-concejalia-de-mayores-ha-iniciado-en-el-mes-de-octubre-los-cursos-y-talleres-que-se-imparten-en-el-centro-de-mayores\\\/\",\"url\":\"https:\\\/\\\/www.caudete.org\\\/ayuntamiento\\\/la-concejalia-de-mayores-ha-iniciado-en-el-mes-de-octubre-los-cursos-y-talleres-que-se-imparten-en-el-centro-de-mayores\\\/\",\"name\":\"La Concejal\u00eda de Mayores ha iniciado en el mes de octubre los cursos y talleres que se imparten en el centro de mayores - MI Ayuntamiento de Caudete\",\"isPartOf\":{\"@id\":\"https:\\\/\\\/www.caudete.org\\\/ayuntamiento\\\/#website\"},\"primaryImageOfPage\":{\"@id\":\"https:\\\/\\\/www.caudete.org\\\/ayuntamiento\\\/la-concejalia-de-mayores-ha-iniciado-en-el-mes-de-octubre-los-cursos-y-talleres-que-se-imparten-en-el-centro-de-mayores\\\/#primaryimage\"},\"image\":{\"@id\":\"https:\\\/\\\/www.caudete.org\\\/ayuntamiento\\\/la-concejalia-de-mayores-ha-iniciado-en-el-mes-de-octubre-los-cursos-y-talleres-que-se-imparten-en-el-centro-de-mayores\\\/#primaryimage\"},\"thumbnailUrl\":\"https:\\\/\\\/www.caudete.org\\\/ayuntamiento\\\/wp-content\\\/uploads\\\/2025\\\/10\\\/Date-un-respiro-port.jpg\",\"datePublished\":\"2025-10-07T12:21:37+00:00\",\"dateModified\":\"2025-10-07T14:34:56+00:00\",\"description\":\"P\u00e1gina Oficial del Ayuntamiento de Caudete (Albacete)\",\"breadcrumb\":{\"@id\":\"https:\\\/\\\/www.caudete.org\\\/ayuntamiento\\\/la-concejalia-de-mayores-ha-iniciado-en-el-mes-de-octubre-los-cursos-y-talleres-que-se-imparten-en-el-centro-de-mayores\\\/#breadcrumb\"},\"inLanguage\":\"es\",\"potentialAction\":[{\"@type\":\"ReadAction\",\"target\":[\"https:\\\/\\\/www.caudete.org\\\/ayuntamiento\\\/la-concejalia-de-mayores-ha-iniciado-en-el-mes-de-octubre-los-cursos-y-talleres-que-se-imparten-en-el-centro-de-mayores\\\/\"]}]},{\"@type\":\"ImageObject\",\"inLanguage\":\"es\",\"@id\":\"https:\\\/\\\/www.caudete.org\\\/ayuntamiento\\\/la-concejalia-de-mayores-ha-iniciado-en-el-mes-de-octubre-los-cursos-y-talleres-que-se-imparten-en-el-centro-de-mayores\\\/#primaryimage\",\"url\":\"https:\\\/\\\/www.caudete.org\\\/ayuntamiento\\\/wp-content\\\/uploads\\\/2025\\\/10\\\/Date-un-respiro-port.jpg\",\"contentUrl\":\"https:\\\/\\\/www.caudete.org\\\/ayuntamiento\\\/wp-content\\\/uploads\\\/2025\\\/10\\\/Date-un-respiro-port.jpg\",\"width\":864,\"height\":380},{\"@type\":\"BreadcrumbList\",\"@id\":\"https:\\\/\\\/www.caudete.org\\\/ayuntamiento\\\/la-concejalia-de-mayores-ha-iniciado-en-el-mes-de-octubre-los-cursos-y-talleres-que-se-imparten-en-el-centro-de-mayores\\\/#breadcrumb\",\"itemListElement\":[{\"@type\":\"ListItem\",\"position\":1,\"name\":\"Inicio\",\"item\":\"https:\\\/\\\/www.caudete.org\\\/ayuntamiento\\\/\"},{\"@type\":\"ListItem\",\"position\":2,\"name\":\"La Concejal\u00eda de Mayores ha iniciado en el mes de octubre los cursos y talleres que se imparten en el centro de mayores\"}]},{\"@type\":\"WebSite\",\"@id\":\"https:\\\/\\\/www.caudete.org\\\/ayuntamiento\\\/#website\",\"url\":\"https:\\\/\\\/www.caudete.org\\\/ayuntamiento\\\/\",\"name\":\"MI Ayuntamiento de Caudete\",\"description\":\"P\u00e1gina Oficial del MI Ayuntamiento de Caudete\",\"publisher\":{\"@id\":\"https:\\\/\\\/www.caudete.org\\\/ayuntamiento\\\/#organization\"},\"potentialAction\":[{\"@type\":\"SearchAction\",\"target\":{\"@type\":\"EntryPoint\",\"urlTemplate\":\"https:\\\/\\\/www.caudete.org\\\/ayuntamiento\\\/?s={search_term_string}\"},\"query-input\":{\"@type\":\"PropertyValueSpecification\",\"valueRequired\":true,\"valueName\":\"search_term_string\"}}],\"inLanguage\":\"es\"},{\"@type\":\"Organization\",\"@id\":\"https:\\\/\\\/www.caudete.org\\\/ayuntamiento\\\/#organization\",\"name\":\"Ayuntamiento de Caudete\",\"url\":\"https:\\\/\\\/www.caudete.org\\\/ayuntamiento\\\/\",\"logo\":{\"@type\":\"ImageObject\",\"inLanguage\":\"es\",\"@id\":\"https:\\\/\\\/www.caudete.org\\\/ayuntamiento\\\/#\\\/schema\\\/logo\\\/image\\\/\",\"url\":\"https:\\\/\\\/www.caudete.org\\\/ayuntamiento\\\/wp-content\\\/uploads\\\/2020\\\/11\\\/logo_ayuntamiento_caudete.jpg\",\"contentUrl\":\"https:\\\/\\\/www.caudete.org\\\/ayuntamiento\\\/wp-content\\\/uploads\\\/2020\\\/11\\\/logo_ayuntamiento_caudete.jpg\",\"width\":600,\"height\":150,\"caption\":\"Ayuntamiento de Caudete\"},\"image\":{\"@id\":\"https:\\\/\\\/www.caudete.org\\\/ayuntamiento\\\/#\\\/schema\\\/logo\\\/image\\\/\"},\"sameAs\":[\"https:\\\/\\\/www.facebook.com\\\/ayuntamientocaudete\\\/\",\"https:\\\/\\\/www.youtube.com\\\/channel\\\/UC6VztHaooNsGpw-tNoBEFnQ\"]},{\"@type\":\"Person\",\"@id\":\"https:\\\/\\\/www.caudete.org\\\/ayuntamiento\\\/#\\\/schema\\\/person\\\/abfa5ffd5010a14e078c21e6e61b6291\",\"name\":\"informatica2\",\"image\":{\"@type\":\"ImageObject\",\"inLanguage\":\"es\",\"@id\":\"https:\\\/\\\/secure.gravatar.com\\\/avatar\\\/b089890ff033a3e4d03eec00ecb5a14425217205c513f60ec32ebeaaeb5fa700?s=96&d=mm&r=g\",\"url\":\"https:\\\/\\\/secure.gravatar.com\\\/avatar\\\/b089890ff033a3e4d03eec00ecb5a14425217205c513f60ec32ebeaaeb5fa700?s=96&d=mm&r=g\",\"contentUrl\":\"https:\\\/\\\/secure.gravatar.com\\\/avatar\\\/b089890ff033a3e4d03eec00ecb5a14425217205c513f60ec32ebeaaeb5fa700?s=96&d=mm&r=g\",\"caption\":\"informatica2\"},\"url\":\"https:\\\/\\\/www.caudete.org\\\/ayuntamiento\\\/author\\\/informatica2\\\/\"}]}<\/script>\n<!-- \/ Yoast SEO plugin. -->","yoast_head_json":{"title":"La Concejal\u00eda de Mayores ha iniciado en el mes de octubre los cursos y talleres que se imparten en el centro de mayores - MI Ayuntamiento de Caudete","description":"P\u00e1gina Oficial del Ayuntamiento de Caudete (Albacete)","robots":{"index":"index","follow":"follow","max-snippet":"max-snippet:-1","max-image-preview":"max-image-preview:large","max-video-preview":"max-video-preview:-1"},"canonical":"https:\/\/www.caudete.org\/ayuntamiento\/la-concejalia-de-mayores-ha-iniciado-en-el-mes-de-octubre-los-cursos-y-talleres-que-se-imparten-en-el-centro-de-mayores\/","og_locale":"es_ES","og_type":"article","og_title":"La Concejal\u00eda de Mayores ha iniciado en el mes de octubre los cursos y talleres que se imparten en el centro de mayores - MI Ayuntamiento de Caudete","og_description":"P\u00e1gina Oficial del Ayuntamiento de Caudete (Albacete)","og_url":"https:\/\/www.caudete.org\/ayuntamiento\/la-concejalia-de-mayores-ha-iniciado-en-el-mes-de-octubre-los-cursos-y-talleres-que-se-imparten-en-el-centro-de-mayores\/","og_site_name":"MI Ayuntamiento de Caudete","article_publisher":"https:\/\/www.facebook.com\/ayuntamientocaudete\/","article_published_time":"2025-10-07T12:21:37+00:00","article_modified_time":"2025-10-07T14:34:56+00:00","og_image":[{"width":864,"height":380,"url":"https:\/\/www.caudete.org\/ayuntamiento\/wp-content\/uploads\/2025\/10\/Date-un-respiro-port.jpg","type":"image\/jpeg"}],"author":"informatica2","twitter_card":"summary_large_image","twitter_misc":{"Escrito por":"informatica2","Tiempo de lectura":"3 minutos"},"schema":{"@context":"https:\/\/schema.org","@graph":[{"@type":"Article","@id":"https:\/\/www.caudete.org\/ayuntamiento\/la-concejalia-de-mayores-ha-iniciado-en-el-mes-de-octubre-los-cursos-y-talleres-que-se-imparten-en-el-centro-de-mayores\/#article","isPartOf":{"@id":"https:\/\/www.caudete.org\/ayuntamiento\/la-concejalia-de-mayores-ha-iniciado-en-el-mes-de-octubre-los-cursos-y-talleres-que-se-imparten-en-el-centro-de-mayores\/"},"author":{"name":"informatica2","@id":"https:\/\/www.caudete.org\/ayuntamiento\/#\/schema\/person\/abfa5ffd5010a14e078c21e6e61b6291"},"headline":"La Concejal\u00eda de Mayores ha iniciado en el mes de octubre los cursos y talleres que se imparten en el centro de mayores","datePublished":"2025-10-07T12:21:37+00:00","dateModified":"2025-10-07T14:34:56+00:00","mainEntityOfPage":{"@id":"https:\/\/www.caudete.org\/ayuntamiento\/la-concejalia-de-mayores-ha-iniciado-en-el-mes-de-octubre-los-cursos-y-talleres-que-se-imparten-en-el-centro-de-mayores\/"},"wordCount":428,"publisher":{"@id":"https:\/\/www.caudete.org\/ayuntamiento\/#organization"},"image":{"@id":"https:\/\/www.caudete.org\/ayuntamiento\/la-concejalia-de-mayores-ha-iniciado-en-el-mes-de-octubre-los-cursos-y-talleres-que-se-imparten-en-el-centro-de-mayores\/#primaryimage"},"thumbnailUrl":"https:\/\/www.caudete.org\/ayuntamiento\/wp-content\/uploads\/2025\/10\/Date-un-respiro-port.jpg","articleSection":["Mayores"],"inLanguage":"es"},{"@type":"WebPage","@id":"https:\/\/www.caudete.org\/ayuntamiento\/la-concejalia-de-mayores-ha-iniciado-en-el-mes-de-octubre-los-cursos-y-talleres-que-se-imparten-en-el-centro-de-mayores\/","url":"https:\/\/www.caudete.org\/ayuntamiento\/la-concejalia-de-mayores-ha-iniciado-en-el-mes-de-octubre-los-cursos-y-talleres-que-se-imparten-en-el-centro-de-mayores\/","name":"La Concejal\u00eda de Mayores ha iniciado en el mes de octubre los cursos y talleres que se imparten en el centro de mayores - MI Ayuntamiento de Caudete","isPartOf":{"@id":"https:\/\/www.caudete.org\/ayuntamiento\/#website"},"primaryImageOfPage":{"@id":"https:\/\/www.caudete.org\/ayuntamiento\/la-concejalia-de-mayores-ha-iniciado-en-el-mes-de-octubre-los-cursos-y-talleres-que-se-imparten-en-el-centro-de-mayores\/#primaryimage"},"image":{"@id":"https:\/\/www.caudete.org\/ayuntamiento\/la-concejalia-de-mayores-ha-iniciado-en-el-mes-de-octubre-los-cursos-y-talleres-que-se-imparten-en-el-centro-de-mayores\/#primaryimage"},"thumbnailUrl":"https:\/\/www.caudete.org\/ayuntamiento\/wp-content\/uploads\/2025\/10\/Date-un-respiro-port.jpg","datePublished":"2025-10-07T12:21:37+00:00","dateModified":"2025-10-07T14:34:56+00:00","description":"P\u00e1gina Oficial del Ayuntamiento de Caudete (Albacete)","breadcrumb":{"@id":"https:\/\/www.caudete.org\/ayuntamiento\/la-concejalia-de-mayores-ha-iniciado-en-el-mes-de-octubre-los-cursos-y-talleres-que-se-imparten-en-el-centro-de-mayores\/#breadcrumb"},"inLanguage":"es","potentialAction":[{"@type":"ReadAction","target":["https:\/\/www.caudete.org\/ayuntamiento\/la-concejalia-de-mayores-ha-iniciado-en-el-mes-de-octubre-los-cursos-y-talleres-que-se-imparten-en-el-centro-de-mayores\/"]}]},{"@type":"ImageObject","inLanguage":"es","@id":"https:\/\/www.caudete.org\/ayuntamiento\/la-concejalia-de-mayores-ha-iniciado-en-el-mes-de-octubre-los-cursos-y-talleres-que-se-imparten-en-el-centro-de-mayores\/#primaryimage","url":"https:\/\/www.caudete.org\/ayuntamiento\/wp-content\/uploads\/2025\/10\/Date-un-respiro-port.jpg","contentUrl":"https:\/\/www.caudete.org\/ayuntamiento\/wp-content\/uploads\/2025\/10\/Date-un-respiro-port.jpg","width":864,"height":380},{"@type":"BreadcrumbList","@id":"https:\/\/www.caudete.org\/ayuntamiento\/la-concejalia-de-mayores-ha-iniciado-en-el-mes-de-octubre-los-cursos-y-talleres-que-se-imparten-en-el-centro-de-mayores\/#breadcrumb","itemListElement":[{"@type":"ListItem","position":1,"name":"Inicio","item":"https:\/\/www.caudete.org\/ayuntamiento\/"},{"@type":"ListItem","position":2,"name":"La Concejal\u00eda de Mayores ha iniciado en el mes de octubre los cursos y talleres que se imparten en el centro de mayores"}]},{"@type":"WebSite","@id":"https:\/\/www.caudete.org\/ayuntamiento\/#website","url":"https:\/\/www.caudete.org\/ayuntamiento\/","name":"MI Ayuntamiento de Caudete","description":"P\u00e1gina Oficial del MI Ayuntamiento de Caudete","publisher":{"@id":"https:\/\/www.caudete.org\/ayuntamiento\/#organization"},"potentialAction":[{"@type":"SearchAction","target":{"@type":"EntryPoint","urlTemplate":"https:\/\/www.caudete.org\/ayuntamiento\/?s={search_term_string}"},"query-input":{"@type":"PropertyValueSpecification","valueRequired":true,"valueName":"search_term_string"}}],"inLanguage":"es"},{"@type":"Organization","@id":"https:\/\/www.caudete.org\/ayuntamiento\/#organization","name":"Ayuntamiento de Caudete","url":"https:\/\/www.caudete.org\/ayuntamiento\/","logo":{"@type":"ImageObject","inLanguage":"es","@id":"https:\/\/www.caudete.org\/ayuntamiento\/#\/schema\/logo\/image\/","url":"https:\/\/www.caudete.org\/ayuntamiento\/wp-content\/uploads\/2020\/11\/logo_ayuntamiento_caudete.jpg","contentUrl":"https:\/\/www.caudete.org\/ayuntamiento\/wp-content\/uploads\/2020\/11\/logo_ayuntamiento_caudete.jpg","width":600,"height":150,"caption":"Ayuntamiento de Caudete"},"image":{"@id":"https:\/\/www.caudete.org\/ayuntamiento\/#\/schema\/logo\/image\/"},"sameAs":["https:\/\/www.facebook.com\/ayuntamientocaudete\/","https:\/\/www.youtube.com\/channel\/UC6VztHaooNsGpw-tNoBEFnQ"]},{"@type":"Person","@id":"https:\/\/www.caudete.org\/ayuntamiento\/#\/schema\/person\/abfa5ffd5010a14e078c21e6e61b6291","name":"informatica2","image":{"@type":"ImageObject","inLanguage":"es","@id":"https:\/\/secure.gravatar.com\/avatar\/b089890ff033a3e4d03eec00ecb5a14425217205c513f60ec32ebeaaeb5fa700?s=96&d=mm&r=g","url":"https:\/\/secure.gravatar.com\/avatar\/b089890ff033a3e4d03eec00ecb5a14425217205c513f60ec32ebeaaeb5fa700?s=96&d=mm&r=g","contentUrl":"https:\/\/secure.gravatar.com\/avatar\/b089890ff033a3e4d03eec00ecb5a14425217205c513f60ec32ebeaaeb5fa700?s=96&d=mm&r=g","caption":"informatica2"},"url":"https:\/\/www.caudete.org\/ayuntamiento\/author\/informatica2\/"}]}},"_links":{"self":[{"href":"https:\/\/www.caudete.org\/ayuntamiento\/wp-json\/wp\/v2\/posts\/30923","targetHints":{"allow":["GET"]}}],"collection":[{"href":"https:\/\/www.caudete.org\/ayuntamiento\/wp-json\/wp\/v2\/posts"}],"about":[{"href":"https:\/\/www.caudete.org\/ayuntamiento\/wp-json\/wp\/v2\/types\/post"}],"author":[{"embeddable":true,"href":"https:\/\/www.caudete.org\/ayuntamiento\/wp-json\/wp\/v2\/users\/6"}],"replies":[{"embeddable":true,"href":"https:\/\/www.caudete.org\/ayuntamiento\/wp-json\/wp\/v2\/comments?post=30923"}],"version-history":[{"count":3,"href":"https:\/\/www.caudete.org\/ayuntamiento\/wp-json\/wp\/v2\/posts\/30923\/revisions"}],"predecessor-version":[{"id":30929,"href":"https:\/\/www.caudete.org\/ayuntamiento\/wp-json\/wp\/v2\/posts\/30923\/revisions\/30929"}],"wp:featuredmedia":[{"embeddable":true,"href":"https:\/\/www.caudete.org\/ayuntamiento\/wp-json\/wp\/v2\/media\/30924"}],"wp:attachment":[{"href":"https:\/\/www.caudete.org\/ayuntamiento\/wp-json\/wp\/v2\/media?parent=30923"}],"wp:term":[{"taxonomy":"category","embeddable":true,"href":"https:\/\/www.caudete.org\/ayuntamiento\/wp-json\/wp\/v2\/categories?post=30923"},{"taxonomy":"post_tag","embeddable":true,"href":"https:\/\/www.caudete.org\/ayuntamiento\/wp-json\/wp\/v2\/tags?post=30923"}],"curies":[{"name":"wp","href":"https:\/\/api.w.org\/{rel}","templated":true}]}}