{"id":30930,"date":"2025-10-07T16:49:23","date_gmt":"2025-10-07T14:49:23","guid":{"rendered":"https:\/\/www.caudete.org\/ayuntamiento\/?p=30930"},"modified":"2025-10-08T08:05:35","modified_gmt":"2025-10-08T06:05:35","slug":"%f0%9f%8c%bf-caudete-adjudica-el-nuevo-contrato-de-mantenimiento-de-jardines-y-zonas-verdes","status":"publish","type":"post","link":"https:\/\/www.caudete.org\/ayuntamiento\/%f0%9f%8c%bf-caudete-adjudica-el-nuevo-contrato-de-mantenimiento-de-jardines-y-zonas-verdes\/","title":{"rendered":"\ud83c\udf3f Caudete adjudica el nuevo contrato de mantenimiento de jardines y zonas verdes"},"content":{"rendered":"<p style=\"text-align: justify;\"><span style=\"font-size: 12pt;\"><strong>Un pliego m\u00e1s eficaz, con todos los contratos integrados y respaldo un\u00e1nime de todos los grupos pol\u00edticos<\/strong><\/span><\/p>\n<p style=\"text-align: justify;\"><span style=\"font-size: 12pt;\">El <strong>concejal de Medio Ambiente del Muy Ilustre Ayuntamiento de Caudete, Francisco Jos\u00e9 Castell\u00f3<\/strong>, informa que se ha adjudicado el <strong>nuevo contrato para el mantenimiento de jardines y zonas verdes del municipio<\/strong>, con una duraci\u00f3n de <strong>dos a\u00f1os m\u00e1s uno prorrogable<\/strong> y un <strong>importe anual de 447.070,84 euros<\/strong>.<\/span><\/p>\n<p style=\"text-align: justify;\"><span style=\"font-size: 12pt;\">Este contrato representa un <strong>paso adelante en la gesti\u00f3n medioambiental de Caudete<\/strong>, ya que <strong>integra en un \u00fanico pliego todos los contratos menores<\/strong> que hasta ahora se tramitaban de forma independiente. Gracias a esta medida, se <strong>agilizar\u00e1n los procedimientos<\/strong>, se <strong>eliminar\u00e1n cargas administrativas<\/strong> y se <strong>liberar\u00e1 trabajo<\/strong> en los departamentos de <strong>Medio Ambiente, Intervenci\u00f3n y Secretar\u00eda<\/strong>, optimizando as\u00ed la gesti\u00f3n municipal.<\/span><\/p>\n<p style=\"text-align: justify;\"><span style=\"font-size: 12pt;\">El nuevo pliego ha sido <strong>aprobado por unanimidad de todos los grupos pol\u00edticos<\/strong>, reflejando el consenso y la valoraci\u00f3n positiva hacia esta forma m\u00e1s eficaz y responsable de gesti\u00f3n.<\/span><\/p>\n<p style=\"text-align: justify;\"><span style=\"font-size: 12pt;\">Durante el proceso de licitaci\u00f3n <strong>solo se presentaron dos empresas<\/strong>, lo que evidencia que se trata de un contrato <strong>muy ajustado econ\u00f3micamente<\/strong>, pero que <strong>cumple con todos los requisitos t\u00e9cnicos y legales<\/strong> necesarios para garantizar un servicio completo y de calidad.<\/span><\/p>\n<p style=\"text-align: justify;\"><span style=\"font-size: 12pt;\">Adem\u00e1s, se garantiza la <strong>subrogaci\u00f3n del personal actual<\/strong>, formado por <strong>14 trabajadores \u201410 de ellos con diversidad funcional\u2014<\/strong>, lo que supone una <strong>apuesta clara por la estabilidad laboral y la inclusi\u00f3n social<\/strong>.<br \/>\nEl nuevo contrato permite que estos profesionales, que llevan a\u00f1os trabajando en el mantenimiento de las zonas verdes del municipio, <strong>contin\u00faen desarrollando su labor con las mismas garant\u00edas y condiciones<\/strong>, aprovechando su <strong>experiencia, conocimiento del terreno y compromiso con Caudete<\/strong>.<br \/>\nGracias a esta continuidad, el servicio no solo <strong>mantiene su calidad<\/strong>, sino que se <strong>refuerza con la seguridad de contar con un equipo que conoce a la perfecci\u00f3n cada parque, jard\u00edn y espacio verde<\/strong> del municipio.<br \/>\nEsta medida reafirma el compromiso del Ayuntamiento con un modelo de gesti\u00f3n que combina <strong>eficacia, responsabilidad social y estabilidad laboral<\/strong>, reconociendo la importancia del capital humano que hay detr\u00e1s del mantenimiento diario de nuestras zonas verdes.<\/span><\/p>\n<p style=\"text-align: justify;\"><span style=\"font-size: 12pt;\">El nuevo contrato incorpora tambi\u00e9n una serie de <strong>servicios extraordinarios<\/strong> que mejorar\u00e1n la respuesta ante trabajos espec\u00edficos y necesidades puntuales, entre los que destacan:<\/span><\/p>\n<ul style=\"text-align: justify;\">\n<li><span style=\"font-size: 12pt;\">Cuba de pulverizaci\u00f3n 600\/800 litros con tractor para tratar la procesionaria.<\/span><\/li>\n<li><span style=\"font-size: 12pt;\">Servicio manual de desbroce y escarda en el casco urbano.<\/span><\/li>\n<li><span style=\"font-size: 12pt;\">Trituraci\u00f3n de restos vegetales y clatror generados por la empresa y que se apivcaran como cubierta vegetal en parques, jardines y zonas con arboleda.<\/span><\/li>\n<li><span style=\"font-size: 12pt;\">Desbroce de cunetas y solares.<\/span><\/li>\n<li><span style=\"font-size: 12pt;\">Servicio de retroexcavadora mixta con cazo.<\/span><\/li>\n<li><span style=\"font-size: 12pt;\">Tratamiento de legionela en fuentes.<\/span><\/li>\n<li><span style=\"font-size: 12pt;\">Actuaciones sobre elementos no vegetales.<\/span><\/li>\n<li><span style=\"font-size: 12pt;\"><strong>Aumento de horas de la plataforma elevadora<\/strong> para facilitar el mantenimiento del arbolado y actuaciones en altura.<\/span><\/li>\n<\/ul>\n<p style=\"text-align: justify;\"><span style=\"font-size: 12pt;\">El <strong>concejal Francisco Jos\u00e9 Castell\u00f3<\/strong> ha subrayado que <em>\u201ceste contrato est\u00e1 a la altura de lo que Caudete necesita: un servicio \u00e1gil, eficaz y adaptado a las exigencias actuales. Garantizamos la continuidad de los trabajadores, mejoramos la coordinaci\u00f3n administrativa y reforzamos el compromiso con un municipio verde y cuidado\u201d<\/em>.<\/span><\/p>\n<p style=\"text-align: justify;\"><span style=\"font-size: 12pt;\">Con este nuevo contrato, el Muy Ilustre Ayuntamiento de Caudete garantiza los medios necesarios para <strong>mantener en perfectas condiciones los m\u00e1s de 254.000 metros cuadrados de zonas verdes municipales<\/strong>, lo que equivale a <strong>25,4 m\u00b2 por habitante<\/strong>, una cifra <strong>muy superior a la recomendada por la Organizaci\u00f3n Mundial de la Salud<\/strong>, que establece un m\u00ednimo de 9 m\u00b2.<br \/>\nEsto significa que <strong>Caudete disfruta de un nivel de zonas verdes propio de las ciudades europeas con mejor calidad de vida<\/strong>, situ\u00e1ndose entre los municipios m\u00e1s equilibrados y sostenibles de su entorno.<br \/>\nUn patrimonio natural que, con este contrato, seguir\u00e1 cuid\u00e1ndose con rigor, continuidad y compromiso por parte del <strong>Muy Ilustre Ayuntamiento de Caudete<\/strong><\/span><span style=\"font-size: xx-large;\"><span style=\"font-size: 12pt;\">.<\/span> <\/span><\/p>\n","protected":false},"excerpt":{"rendered":"<p>Un pliego m\u00e1s eficaz, con todos los contratos integrados y respaldo un\u00e1nime de todos los grupos pol\u00edticos El concejal de Medio Ambiente del Muy Ilustre Ayuntamiento de Caudete, Francisco Jos\u00e9 Castell\u00f3, informa que se ha adjudicado el nuevo contrato para el mantenimiento de jardines y zonas verdes del municipio, con una duraci\u00f3n de dos a\u00f1os &hellip;<\/p>\n","protected":false},"author":7,"featured_media":30931,"comment_status":"closed","ping_status":"open","sticky":false,"template":"","format":"standard","meta":{"ngg_post_thumbnail":0,"footnotes":""},"categories":[29],"tags":[],"class_list":["post-30930","post","type-post","status-publish","format-standard","has-post-thumbnail","hentry","category-medio-ambiente"],"yoast_head":"<!-- This site is optimized with the Yoast SEO plugin v27.5 - https:\/\/yoast.com\/product\/yoast-seo-wordpress\/ -->\n<title>\ud83c\udf3f Caudete adjudica el nuevo contrato de mantenimiento de jardines y zonas verdes - MI Ayuntamiento de Caudete<\/title>\n<meta name=\"description\" content=\"P\u00e1gina Oficial del Ayuntamiento de Caudete (Albacete)\" \/>\n<meta name=\"robots\" content=\"index, follow, max-snippet:-1, max-image-preview:large, max-video-preview:-1\" \/>\n<link rel=\"canonical\" href=\"https:\/\/www.caudete.org\/ayuntamiento\/\ud83c\udf3f-caudete-adjudica-el-nuevo-contrato-de-mantenimiento-de-jardines-y-zonas-verdes\/\" \/>\n<meta property=\"og:locale\" content=\"es_ES\" \/>\n<meta property=\"og:type\" content=\"article\" \/>\n<meta property=\"og:title\" content=\"\ud83c\udf3f Caudete adjudica el nuevo contrato de mantenimiento de jardines y zonas verdes - MI Ayuntamiento de Caudete\" \/>\n<meta property=\"og:description\" content=\"P\u00e1gina Oficial del Ayuntamiento de Caudete (Albacete)\" \/>\n<meta property=\"og:url\" content=\"https:\/\/www.caudete.org\/ayuntamiento\/\ud83c\udf3f-caudete-adjudica-el-nuevo-contrato-de-mantenimiento-de-jardines-y-zonas-verdes\/\" \/>\n<meta property=\"og:site_name\" content=\"MI Ayuntamiento de Caudete\" \/>\n<meta property=\"article:publisher\" content=\"https:\/\/www.facebook.com\/ayuntamientocaudete\/\" \/>\n<meta property=\"article:published_time\" content=\"2025-10-07T14:49:23+00:00\" \/>\n<meta property=\"article:modified_time\" content=\"2025-10-08T06:05:35+00:00\" \/>\n<meta property=\"og:image\" content=\"https:\/\/www.caudete.org\/ayuntamiento\/wp-content\/uploads\/2025\/10\/foto-comunicados.png\" \/>\n\t<meta property=\"og:image:width\" content=\"508\" \/>\n\t<meta property=\"og:image:height\" content=\"260\" \/>\n\t<meta property=\"og:image:type\" content=\"image\/png\" \/>\n<meta name=\"author\" content=\"ConceMediosComunicacion\" \/>\n<meta name=\"twitter:card\" content=\"summary_large_image\" \/>\n<meta name=\"twitter:label1\" content=\"Escrito por\" \/>\n\t<meta name=\"twitter:data1\" content=\"ConceMediosComunicacion\" \/>\n\t<meta name=\"twitter:label2\" content=\"Tiempo de lectura\" \/>\n\t<meta name=\"twitter:data2\" content=\"3 minutos\" \/>\n<script type=\"application\/ld+json\" class=\"yoast-schema-graph\">{\"@context\":\"https:\\\/\\\/schema.org\",\"@graph\":[{\"@type\":\"Article\",\"@id\":\"https:\\\/\\\/www.caudete.org\\\/ayuntamiento\\\/%f0%9f%8c%bf-caudete-adjudica-el-nuevo-contrato-de-mantenimiento-de-jardines-y-zonas-verdes\\\/#article\",\"isPartOf\":{\"@id\":\"https:\\\/\\\/www.caudete.org\\\/ayuntamiento\\\/%f0%9f%8c%bf-caudete-adjudica-el-nuevo-contrato-de-mantenimiento-de-jardines-y-zonas-verdes\\\/\"},\"author\":{\"name\":\"ConceMediosComunicacion\",\"@id\":\"https:\\\/\\\/www.caudete.org\\\/ayuntamiento\\\/#\\\/schema\\\/person\\\/20dfe238fe5ee9d5f5e69267aa623e05\"},\"headline\":\"\ud83c\udf3f Caudete adjudica el nuevo contrato de mantenimiento de jardines y zonas verdes\",\"datePublished\":\"2025-10-07T14:49:23+00:00\",\"dateModified\":\"2025-10-08T06:05:35+00:00\",\"mainEntityOfPage\":{\"@id\":\"https:\\\/\\\/www.caudete.org\\\/ayuntamiento\\\/%f0%9f%8c%bf-caudete-adjudica-el-nuevo-contrato-de-mantenimiento-de-jardines-y-zonas-verdes\\\/\"},\"wordCount\":654,\"image\":{\"@id\":\"https:\\\/\\\/www.caudete.org\\\/ayuntamiento\\\/%f0%9f%8c%bf-caudete-adjudica-el-nuevo-contrato-de-mantenimiento-de-jardines-y-zonas-verdes\\\/#primaryimage\"},\"thumbnailUrl\":\"https:\\\/\\\/www.caudete.org\\\/ayuntamiento\\\/wp-content\\\/uploads\\\/2025\\\/10\\\/foto-comunicados.png\",\"articleSection\":[\"Medio Ambiente\"],\"inLanguage\":\"es\"},{\"@type\":\"WebPage\",\"@id\":\"https:\\\/\\\/www.caudete.org\\\/ayuntamiento\\\/%f0%9f%8c%bf-caudete-adjudica-el-nuevo-contrato-de-mantenimiento-de-jardines-y-zonas-verdes\\\/\",\"url\":\"https:\\\/\\\/www.caudete.org\\\/ayuntamiento\\\/%f0%9f%8c%bf-caudete-adjudica-el-nuevo-contrato-de-mantenimiento-de-jardines-y-zonas-verdes\\\/\",\"name\":\"\ud83c\udf3f Caudete adjudica el nuevo contrato de mantenimiento de jardines y zonas verdes - MI Ayuntamiento de Caudete\",\"isPartOf\":{\"@id\":\"https:\\\/\\\/www.caudete.org\\\/ayuntamiento\\\/#website\"},\"primaryImageOfPage\":{\"@id\":\"https:\\\/\\\/www.caudete.org\\\/ayuntamiento\\\/%f0%9f%8c%bf-caudete-adjudica-el-nuevo-contrato-de-mantenimiento-de-jardines-y-zonas-verdes\\\/#primaryimage\"},\"image\":{\"@id\":\"https:\\\/\\\/www.caudete.org\\\/ayuntamiento\\\/%f0%9f%8c%bf-caudete-adjudica-el-nuevo-contrato-de-mantenimiento-de-jardines-y-zonas-verdes\\\/#primaryimage\"},\"thumbnailUrl\":\"https:\\\/\\\/www.caudete.org\\\/ayuntamiento\\\/wp-content\\\/uploads\\\/2025\\\/10\\\/foto-comunicados.png\",\"datePublished\":\"2025-10-07T14:49:23+00:00\",\"dateModified\":\"2025-10-08T06:05:35+00:00\",\"author\":{\"@id\":\"https:\\\/\\\/www.caudete.org\\\/ayuntamiento\\\/#\\\/schema\\\/person\\\/20dfe238fe5ee9d5f5e69267aa623e05\"},\"description\":\"P\u00e1gina Oficial del Ayuntamiento de Caudete (Albacete)\",\"breadcrumb\":{\"@id\":\"https:\\\/\\\/www.caudete.org\\\/ayuntamiento\\\/%f0%9f%8c%bf-caudete-adjudica-el-nuevo-contrato-de-mantenimiento-de-jardines-y-zonas-verdes\\\/#breadcrumb\"},\"inLanguage\":\"es\",\"potentialAction\":[{\"@type\":\"ReadAction\",\"target\":[\"https:\\\/\\\/www.caudete.org\\\/ayuntamiento\\\/%f0%9f%8c%bf-caudete-adjudica-el-nuevo-contrato-de-mantenimiento-de-jardines-y-zonas-verdes\\\/\"]}]},{\"@type\":\"ImageObject\",\"inLanguage\":\"es\",\"@id\":\"https:\\\/\\\/www.caudete.org\\\/ayuntamiento\\\/%f0%9f%8c%bf-caudete-adjudica-el-nuevo-contrato-de-mantenimiento-de-jardines-y-zonas-verdes\\\/#primaryimage\",\"url\":\"https:\\\/\\\/www.caudete.org\\\/ayuntamiento\\\/wp-content\\\/uploads\\\/2025\\\/10\\\/foto-comunicados.png\",\"contentUrl\":\"https:\\\/\\\/www.caudete.org\\\/ayuntamiento\\\/wp-content\\\/uploads\\\/2025\\\/10\\\/foto-comunicados.png\",\"width\":508,\"height\":260},{\"@type\":\"BreadcrumbList\",\"@id\":\"https:\\\/\\\/www.caudete.org\\\/ayuntamiento\\\/%f0%9f%8c%bf-caudete-adjudica-el-nuevo-contrato-de-mantenimiento-de-jardines-y-zonas-verdes\\\/#breadcrumb\",\"itemListElement\":[{\"@type\":\"ListItem\",\"position\":1,\"name\":\"Inicio\",\"item\":\"https:\\\/\\\/www.caudete.org\\\/ayuntamiento\\\/\"},{\"@type\":\"ListItem\",\"position\":2,\"name\":\"\ud83c\udf3f Caudete adjudica el nuevo contrato de mantenimiento de jardines y zonas verdes\"}]},{\"@type\":\"WebSite\",\"@id\":\"https:\\\/\\\/www.caudete.org\\\/ayuntamiento\\\/#website\",\"url\":\"https:\\\/\\\/www.caudete.org\\\/ayuntamiento\\\/\",\"name\":\"MI Ayuntamiento de Caudete\",\"description\":\"P\u00e1gina Oficial del MI Ayuntamiento de Caudete\",\"potentialAction\":[{\"@type\":\"SearchAction\",\"target\":{\"@type\":\"EntryPoint\",\"urlTemplate\":\"https:\\\/\\\/www.caudete.org\\\/ayuntamiento\\\/?s={search_term_string}\"},\"query-input\":{\"@type\":\"PropertyValueSpecification\",\"valueRequired\":true,\"valueName\":\"search_term_string\"}}],\"inLanguage\":\"es\"},{\"@type\":\"Person\",\"@id\":\"https:\\\/\\\/www.caudete.org\\\/ayuntamiento\\\/#\\\/schema\\\/person\\\/20dfe238fe5ee9d5f5e69267aa623e05\",\"name\":\"ConceMediosComunicacion\",\"image\":{\"@type\":\"ImageObject\",\"inLanguage\":\"es\",\"@id\":\"https:\\\/\\\/secure.gravatar.com\\\/avatar\\\/9d162043ba1cd4ab14413e29fdb3655bfccde37e65ca99013604f8d2a19c636d?s=96&d=mm&r=g\",\"url\":\"https:\\\/\\\/secure.gravatar.com\\\/avatar\\\/9d162043ba1cd4ab14413e29fdb3655bfccde37e65ca99013604f8d2a19c636d?s=96&d=mm&r=g\",\"contentUrl\":\"https:\\\/\\\/secure.gravatar.com\\\/avatar\\\/9d162043ba1cd4ab14413e29fdb3655bfccde37e65ca99013604f8d2a19c636d?s=96&d=mm&r=g\",\"caption\":\"ConceMediosComunicacion\"},\"url\":\"https:\\\/\\\/www.caudete.org\\\/ayuntamiento\\\/author\\\/concemedioscomunicacion\\\/\"}]}<\/script>\n<!-- \/ Yoast SEO plugin. -->","yoast_head_json":{"title":"\ud83c\udf3f Caudete adjudica el nuevo contrato de mantenimiento de jardines y zonas verdes - MI Ayuntamiento de Caudete","description":"P\u00e1gina Oficial del Ayuntamiento de Caudete (Albacete)","robots":{"index":"index","follow":"follow","max-snippet":"max-snippet:-1","max-image-preview":"max-image-preview:large","max-video-preview":"max-video-preview:-1"},"canonical":"https:\/\/www.caudete.org\/ayuntamiento\/\ud83c\udf3f-caudete-adjudica-el-nuevo-contrato-de-mantenimiento-de-jardines-y-zonas-verdes\/","og_locale":"es_ES","og_type":"article","og_title":"\ud83c\udf3f Caudete adjudica el nuevo contrato de mantenimiento de jardines y zonas verdes - MI Ayuntamiento de Caudete","og_description":"P\u00e1gina Oficial del Ayuntamiento de Caudete (Albacete)","og_url":"https:\/\/www.caudete.org\/ayuntamiento\/\ud83c\udf3f-caudete-adjudica-el-nuevo-contrato-de-mantenimiento-de-jardines-y-zonas-verdes\/","og_site_name":"MI Ayuntamiento de Caudete","article_publisher":"https:\/\/www.facebook.com\/ayuntamientocaudete\/","article_published_time":"2025-10-07T14:49:23+00:00","article_modified_time":"2025-10-08T06:05:35+00:00","og_image":[{"width":508,"height":260,"url":"https:\/\/www.caudete.org\/ayuntamiento\/wp-content\/uploads\/2025\/10\/foto-comunicados.png","type":"image\/png"}],"author":"ConceMediosComunicacion","twitter_card":"summary_large_image","twitter_misc":{"Escrito por":"ConceMediosComunicacion","Tiempo de lectura":"3 minutos"},"schema":{"@context":"https:\/\/schema.org","@graph":[{"@type":"Article","@id":"https:\/\/www.caudete.org\/ayuntamiento\/%f0%9f%8c%bf-caudete-adjudica-el-nuevo-contrato-de-mantenimiento-de-jardines-y-zonas-verdes\/#article","isPartOf":{"@id":"https:\/\/www.caudete.org\/ayuntamiento\/%f0%9f%8c%bf-caudete-adjudica-el-nuevo-contrato-de-mantenimiento-de-jardines-y-zonas-verdes\/"},"author":{"name":"ConceMediosComunicacion","@id":"https:\/\/www.caudete.org\/ayuntamiento\/#\/schema\/person\/20dfe238fe5ee9d5f5e69267aa623e05"},"headline":"\ud83c\udf3f Caudete adjudica el nuevo contrato de mantenimiento de jardines y zonas verdes","datePublished":"2025-10-07T14:49:23+00:00","dateModified":"2025-10-08T06:05:35+00:00","mainEntityOfPage":{"@id":"https:\/\/www.caudete.org\/ayuntamiento\/%f0%9f%8c%bf-caudete-adjudica-el-nuevo-contrato-de-mantenimiento-de-jardines-y-zonas-verdes\/"},"wordCount":654,"image":{"@id":"https:\/\/www.caudete.org\/ayuntamiento\/%f0%9f%8c%bf-caudete-adjudica-el-nuevo-contrato-de-mantenimiento-de-jardines-y-zonas-verdes\/#primaryimage"},"thumbnailUrl":"https:\/\/www.caudete.org\/ayuntamiento\/wp-content\/uploads\/2025\/10\/foto-comunicados.png","articleSection":["Medio Ambiente"],"inLanguage":"es"},{"@type":"WebPage","@id":"https:\/\/www.caudete.org\/ayuntamiento\/%f0%9f%8c%bf-caudete-adjudica-el-nuevo-contrato-de-mantenimiento-de-jardines-y-zonas-verdes\/","url":"https:\/\/www.caudete.org\/ayuntamiento\/%f0%9f%8c%bf-caudete-adjudica-el-nuevo-contrato-de-mantenimiento-de-jardines-y-zonas-verdes\/","name":"\ud83c\udf3f Caudete adjudica el nuevo contrato de mantenimiento de jardines y zonas verdes - MI Ayuntamiento de Caudete","isPartOf":{"@id":"https:\/\/www.caudete.org\/ayuntamiento\/#website"},"primaryImageOfPage":{"@id":"https:\/\/www.caudete.org\/ayuntamiento\/%f0%9f%8c%bf-caudete-adjudica-el-nuevo-contrato-de-mantenimiento-de-jardines-y-zonas-verdes\/#primaryimage"},"image":{"@id":"https:\/\/www.caudete.org\/ayuntamiento\/%f0%9f%8c%bf-caudete-adjudica-el-nuevo-contrato-de-mantenimiento-de-jardines-y-zonas-verdes\/#primaryimage"},"thumbnailUrl":"https:\/\/www.caudete.org\/ayuntamiento\/wp-content\/uploads\/2025\/10\/foto-comunicados.png","datePublished":"2025-10-07T14:49:23+00:00","dateModified":"2025-10-08T06:05:35+00:00","author":{"@id":"https:\/\/www.caudete.org\/ayuntamiento\/#\/schema\/person\/20dfe238fe5ee9d5f5e69267aa623e05"},"description":"P\u00e1gina Oficial del Ayuntamiento de Caudete (Albacete)","breadcrumb":{"@id":"https:\/\/www.caudete.org\/ayuntamiento\/%f0%9f%8c%bf-caudete-adjudica-el-nuevo-contrato-de-mantenimiento-de-jardines-y-zonas-verdes\/#breadcrumb"},"inLanguage":"es","potentialAction":[{"@type":"ReadAction","target":["https:\/\/www.caudete.org\/ayuntamiento\/%f0%9f%8c%bf-caudete-adjudica-el-nuevo-contrato-de-mantenimiento-de-jardines-y-zonas-verdes\/"]}]},{"@type":"ImageObject","inLanguage":"es","@id":"https:\/\/www.caudete.org\/ayuntamiento\/%f0%9f%8c%bf-caudete-adjudica-el-nuevo-contrato-de-mantenimiento-de-jardines-y-zonas-verdes\/#primaryimage","url":"https:\/\/www.caudete.org\/ayuntamiento\/wp-content\/uploads\/2025\/10\/foto-comunicados.png","contentUrl":"https:\/\/www.caudete.org\/ayuntamiento\/wp-content\/uploads\/2025\/10\/foto-comunicados.png","width":508,"height":260},{"@type":"BreadcrumbList","@id":"https:\/\/www.caudete.org\/ayuntamiento\/%f0%9f%8c%bf-caudete-adjudica-el-nuevo-contrato-de-mantenimiento-de-jardines-y-zonas-verdes\/#breadcrumb","itemListElement":[{"@type":"ListItem","position":1,"name":"Inicio","item":"https:\/\/www.caudete.org\/ayuntamiento\/"},{"@type":"ListItem","position":2,"name":"\ud83c\udf3f Caudete adjudica el nuevo contrato de mantenimiento de jardines y zonas verdes"}]},{"@type":"WebSite","@id":"https:\/\/www.caudete.org\/ayuntamiento\/#website","url":"https:\/\/www.caudete.org\/ayuntamiento\/","name":"MI Ayuntamiento de Caudete","description":"P\u00e1gina Oficial del MI Ayuntamiento de Caudete","potentialAction":[{"@type":"SearchAction","target":{"@type":"EntryPoint","urlTemplate":"https:\/\/www.caudete.org\/ayuntamiento\/?s={search_term_string}"},"query-input":{"@type":"PropertyValueSpecification","valueRequired":true,"valueName":"search_term_string"}}],"inLanguage":"es"},{"@type":"Person","@id":"https:\/\/www.caudete.org\/ayuntamiento\/#\/schema\/person\/20dfe238fe5ee9d5f5e69267aa623e05","name":"ConceMediosComunicacion","image":{"@type":"ImageObject","inLanguage":"es","@id":"https:\/\/secure.gravatar.com\/avatar\/9d162043ba1cd4ab14413e29fdb3655bfccde37e65ca99013604f8d2a19c636d?s=96&d=mm&r=g","url":"https:\/\/secure.gravatar.com\/avatar\/9d162043ba1cd4ab14413e29fdb3655bfccde37e65ca99013604f8d2a19c636d?s=96&d=mm&r=g","contentUrl":"https:\/\/secure.gravatar.com\/avatar\/9d162043ba1cd4ab14413e29fdb3655bfccde37e65ca99013604f8d2a19c636d?s=96&d=mm&r=g","caption":"ConceMediosComunicacion"},"url":"https:\/\/www.caudete.org\/ayuntamiento\/author\/concemedioscomunicacion\/"}]}},"_links":{"self":[{"href":"https:\/\/www.caudete.org\/ayuntamiento\/wp-json\/wp\/v2\/posts\/30930","targetHints":{"allow":["GET"]}}],"collection":[{"href":"https:\/\/www.caudete.org\/ayuntamiento\/wp-json\/wp\/v2\/posts"}],"about":[{"href":"https:\/\/www.caudete.org\/ayuntamiento\/wp-json\/wp\/v2\/types\/post"}],"author":[{"embeddable":true,"href":"https:\/\/www.caudete.org\/ayuntamiento\/wp-json\/wp\/v2\/users\/7"}],"replies":[{"embeddable":true,"href":"https:\/\/www.caudete.org\/ayuntamiento\/wp-json\/wp\/v2\/comments?post=30930"}],"version-history":[{"count":2,"href":"https:\/\/www.caudete.org\/ayuntamiento\/wp-json\/wp\/v2\/posts\/30930\/revisions"}],"predecessor-version":[{"id":30935,"href":"https:\/\/www.caudete.org\/ayuntamiento\/wp-json\/wp\/v2\/posts\/30930\/revisions\/30935"}],"wp:featuredmedia":[{"embeddable":true,"href":"https:\/\/www.caudete.org\/ayuntamiento\/wp-json\/wp\/v2\/media\/30931"}],"wp:attachment":[{"href":"https:\/\/www.caudete.org\/ayuntamiento\/wp-json\/wp\/v2\/media?parent=30930"}],"wp:term":[{"taxonomy":"category","embeddable":true,"href":"https:\/\/www.caudete.org\/ayuntamiento\/wp-json\/wp\/v2\/categories?post=30930"},{"taxonomy":"post_tag","embeddable":true,"href":"https:\/\/www.caudete.org\/ayuntamiento\/wp-json\/wp\/v2\/tags?post=30930"}],"curies":[{"name":"wp","href":"https:\/\/api.w.org\/{rel}","templated":true}]}}