{"id":30936,"date":"2025-10-09T08:00:51","date_gmt":"2025-10-09T06:00:51","guid":{"rendered":"https:\/\/www.caudete.org\/ayuntamiento\/?p=30936"},"modified":"2025-10-09T11:29:27","modified_gmt":"2025-10-09T09:29:27","slug":"la-feria-de-la-solidaridad-se-suma-al-siglo-de-oro-por-la-feria-de-san-miguel-para-dar-voz-y-visibilidad-a-las-asociaciones-de-caudete","status":"publish","type":"post","link":"https:\/\/www.caudete.org\/ayuntamiento\/la-feria-de-la-solidaridad-se-suma-al-siglo-de-oro-por-la-feria-de-san-miguel-para-dar-voz-y-visibilidad-a-las-asociaciones-de-caudete\/","title":{"rendered":"La Feria de la Solidaridad se suma al \u201cSiglo de Oro\u201d por la Feria de San Miguel para dar voz, y visibilidad a las asociaciones de Caudete"},"content":{"rendered":"<p style=\"text-align: justify;\"><span style=\"font-family: georgia, palatino, serif; font-size: 12pt;\"><b>17, 18 y 19 de octubre, en el marco del \u201cSiglo de Oro\u201d<\/b><\/span><\/p>\n<p style=\"text-align: justify;\"><span style=\"font-family: georgia, palatino, serif; font-size: 12pt;\">El pr\u00f3ximo <b>fin de semana del 17 al 19 de octubre<\/b>, Caudete celebrar\u00e1 su <b>tradicional Feria de San Miguel<\/b>, que este a\u00f1o se enmarca en el ambiente hist\u00f3rico del <b>\u201cSiglo de Oro\u201d<\/b>.<br \/>\nUna cita muy esperada por vecinos y visitantes que, adem\u00e1s, contar\u00e1 con un espacio muy especial: la <b>Feria de la Solidaridad<\/b>, impulsada desde la <b>Concejal\u00eda de Familia, Bienestar e Igualdad Social<\/b> del <b>Muy Ilustre Ayuntamiento de Caudete<\/b>.<\/span><\/p>\n<p style=\"text-align: justify;\"><span style=\"font-family: georgia, palatino, serif; font-size: 12pt;\">La concejal <b>Mar\u00eda Mart\u00ednez Garc\u00eda<\/b> explica que esta feria se enmarca dentro de la programaci\u00f3n general para que <b>ninguna asociaci\u00f3n se quede al margen<\/b> y todas tengan la oportunidad de <b>mostrar su labor, compartir su experiencia y acercar su trabajo a la ciudadan\u00eda<\/b>.<br \/>\nEl objetivo es <b>dar visibilidad al tejido asociativo local<\/b>, motivar la participaci\u00f3n y reconocer la importante aportaci\u00f3n social que realizan en Caudete.<\/span><\/p>\n<p style=\"text-align: justify;\"><span style=\"font-family: georgia, palatino, serif; font-size: 12pt;\">Adem\u00e1s, este a\u00f1o la feria contar\u00e1 con <b>un trenecillo tur\u00edstico<\/b> y la colaboraci\u00f3n de la <b>Concejal\u00eda de Juventud<\/b>, dirigida por <b>Mar\u00eda Dolores Requena<\/b>, que ofrecer\u00e1 actividades para los m\u00e1s peque\u00f1os con el apoyo de las <b>monitoras del Centro Joven<\/b>, creando un entorno donde <b>familias, asociaciones y visitantes puedan disfrutar juntos<\/b> de la restauraci\u00f3n, la creatividad y el ambiente festivo.<\/span><\/p>\n<p style=\"text-align: justify;\"><span style=\"font-family: georgia, palatino, serif; font-size: 12pt;\">Los concejales del equipo de Gobierno recuerdan que <b>Caudete es un pueblo pr\u00f3spero, solidario, comprometido y seguro<\/b>, que <b>rechaza cualquier forma de violencia y promueve el respeto y la convivencia<\/b> entre todos los vecinos.<\/span><\/p>\n<p style=\"text-align: justify;\"><span style=\"font-family: georgia, palatino, serif; font-size: 12pt;\">\ud83d\udc49 <b>Y recuerda:<\/b> si ves o notas algo que no toca, <b>denuncia<\/b>.<br \/>\n\ud83d\udcde <b>Llama al 016<\/b>, tel\u00e9fono gratuito, confidencial y disponible las 24 horas.<br \/>\nTu denuncia <b>te protege y nos protege a todos<\/b>.<\/span><\/p>\n","protected":false},"excerpt":{"rendered":"<p>17, 18 y 19 de octubre, en el marco del \u201cSiglo de Oro\u201d El pr\u00f3ximo fin de semana del 17 al 19 de octubre, Caudete celebrar\u00e1 su tradicional Feria de San Miguel, que este a\u00f1o se enmarca en el ambiente hist\u00f3rico del \u201cSiglo de Oro\u201d. Una cita muy esperada por vecinos y visitantes que, adem\u00e1s, &hellip;<\/p>\n","protected":false},"author":6,"featured_media":30937,"comment_status":"closed","ping_status":"open","sticky":false,"template":"","format":"standard","meta":{"ngg_post_thumbnail":0,"footnotes":""},"categories":[898],"tags":[],"class_list":["post-30936","post","type-post","status-publish","format-standard","has-post-thumbnail","hentry","category-bienestar-e-igualdad-social"],"yoast_head":"<!-- This site is optimized with the Yoast SEO plugin v27.5 - https:\/\/yoast.com\/product\/yoast-seo-wordpress\/ -->\n<title>La Feria de la Solidaridad se suma al \u201cSiglo de Oro\u201d por la Feria de San Miguel para dar voz, y visibilidad a las asociaciones de Caudete - MI Ayuntamiento de Caudete<\/title>\n<meta name=\"description\" content=\"P\u00e1gina Oficial del Ayuntamiento de Caudete (Albacete)\" \/>\n<meta name=\"robots\" content=\"index, follow, max-snippet:-1, max-image-preview:large, max-video-preview:-1\" \/>\n<link rel=\"canonical\" href=\"https:\/\/www.caudete.org\/ayuntamiento\/la-feria-de-la-solidaridad-se-suma-al-siglo-de-oro-por-la-feria-de-san-miguel-para-dar-voz-y-visibilidad-a-las-asociaciones-de-caudete\/\" \/>\n<meta property=\"og:locale\" content=\"es_ES\" \/>\n<meta property=\"og:type\" content=\"article\" \/>\n<meta property=\"og:title\" content=\"La Feria de la Solidaridad se suma al \u201cSiglo de Oro\u201d por la Feria de San Miguel para dar voz, y visibilidad a las asociaciones de Caudete - MI Ayuntamiento de Caudete\" \/>\n<meta property=\"og:description\" content=\"P\u00e1gina Oficial del Ayuntamiento de Caudete (Albacete)\" \/>\n<meta property=\"og:url\" content=\"https:\/\/www.caudete.org\/ayuntamiento\/la-feria-de-la-solidaridad-se-suma-al-siglo-de-oro-por-la-feria-de-san-miguel-para-dar-voz-y-visibilidad-a-las-asociaciones-de-caudete\/\" \/>\n<meta property=\"og:site_name\" content=\"MI Ayuntamiento de Caudete\" \/>\n<meta property=\"article:publisher\" content=\"https:\/\/www.facebook.com\/ayuntamientocaudete\/\" \/>\n<meta property=\"article:published_time\" content=\"2025-10-09T06:00:51+00:00\" \/>\n<meta property=\"article:modified_time\" content=\"2025-10-09T09:29:27+00:00\" \/>\n<meta property=\"og:image\" content=\"https:\/\/www.caudete.org\/ayuntamiento\/wp-content\/uploads\/2025\/10\/Feria-de-la-Solidaridad-en-Caudete.jpg\" \/>\n\t<meta property=\"og:image:width\" content=\"1429\" \/>\n\t<meta property=\"og:image:height\" content=\"734\" \/>\n\t<meta property=\"og:image:type\" content=\"image\/jpeg\" \/>\n<meta name=\"author\" content=\"informatica2\" \/>\n<meta name=\"twitter:card\" content=\"summary_large_image\" \/>\n<meta name=\"twitter:label1\" content=\"Escrito por\" \/>\n\t<meta name=\"twitter:data1\" content=\"informatica2\" \/>\n\t<meta name=\"twitter:label2\" content=\"Tiempo de lectura\" \/>\n\t<meta name=\"twitter:data2\" content=\"2 minutos\" \/>\n<script type=\"application\/ld+json\" class=\"yoast-schema-graph\">{\"@context\":\"https:\\\/\\\/schema.org\",\"@graph\":[{\"@type\":\"Article\",\"@id\":\"https:\\\/\\\/www.caudete.org\\\/ayuntamiento\\\/la-feria-de-la-solidaridad-se-suma-al-siglo-de-oro-por-la-feria-de-san-miguel-para-dar-voz-y-visibilidad-a-las-asociaciones-de-caudete\\\/#article\",\"isPartOf\":{\"@id\":\"https:\\\/\\\/www.caudete.org\\\/ayuntamiento\\\/la-feria-de-la-solidaridad-se-suma-al-siglo-de-oro-por-la-feria-de-san-miguel-para-dar-voz-y-visibilidad-a-las-asociaciones-de-caudete\\\/\"},\"author\":{\"name\":\"informatica2\",\"@id\":\"https:\\\/\\\/www.caudete.org\\\/ayuntamiento\\\/#\\\/schema\\\/person\\\/abfa5ffd5010a14e078c21e6e61b6291\"},\"headline\":\"La Feria de la Solidaridad se suma al \u201cSiglo de Oro\u201d por la Feria de San Miguel para dar voz, y visibilidad a las asociaciones de Caudete\",\"datePublished\":\"2025-10-09T06:00:51+00:00\",\"dateModified\":\"2025-10-09T09:29:27+00:00\",\"mainEntityOfPage\":{\"@id\":\"https:\\\/\\\/www.caudete.org\\\/ayuntamiento\\\/la-feria-de-la-solidaridad-se-suma-al-siglo-de-oro-por-la-feria-de-san-miguel-para-dar-voz-y-visibilidad-a-las-asociaciones-de-caudete\\\/\"},\"wordCount\":315,\"image\":{\"@id\":\"https:\\\/\\\/www.caudete.org\\\/ayuntamiento\\\/la-feria-de-la-solidaridad-se-suma-al-siglo-de-oro-por-la-feria-de-san-miguel-para-dar-voz-y-visibilidad-a-las-asociaciones-de-caudete\\\/#primaryimage\"},\"thumbnailUrl\":\"https:\\\/\\\/www.caudete.org\\\/ayuntamiento\\\/wp-content\\\/uploads\\\/2025\\\/10\\\/Feria-de-la-Solidaridad-en-Caudete.jpg\",\"articleSection\":[\"Bienestar e Igualdad Social\"],\"inLanguage\":\"es\"},{\"@type\":\"WebPage\",\"@id\":\"https:\\\/\\\/www.caudete.org\\\/ayuntamiento\\\/la-feria-de-la-solidaridad-se-suma-al-siglo-de-oro-por-la-feria-de-san-miguel-para-dar-voz-y-visibilidad-a-las-asociaciones-de-caudete\\\/\",\"url\":\"https:\\\/\\\/www.caudete.org\\\/ayuntamiento\\\/la-feria-de-la-solidaridad-se-suma-al-siglo-de-oro-por-la-feria-de-san-miguel-para-dar-voz-y-visibilidad-a-las-asociaciones-de-caudete\\\/\",\"name\":\"La Feria de la Solidaridad se suma al \u201cSiglo de Oro\u201d por la Feria de San Miguel para dar voz, y visibilidad a las asociaciones de Caudete - MI Ayuntamiento de Caudete\",\"isPartOf\":{\"@id\":\"https:\\\/\\\/www.caudete.org\\\/ayuntamiento\\\/#website\"},\"primaryImageOfPage\":{\"@id\":\"https:\\\/\\\/www.caudete.org\\\/ayuntamiento\\\/la-feria-de-la-solidaridad-se-suma-al-siglo-de-oro-por-la-feria-de-san-miguel-para-dar-voz-y-visibilidad-a-las-asociaciones-de-caudete\\\/#primaryimage\"},\"image\":{\"@id\":\"https:\\\/\\\/www.caudete.org\\\/ayuntamiento\\\/la-feria-de-la-solidaridad-se-suma-al-siglo-de-oro-por-la-feria-de-san-miguel-para-dar-voz-y-visibilidad-a-las-asociaciones-de-caudete\\\/#primaryimage\"},\"thumbnailUrl\":\"https:\\\/\\\/www.caudete.org\\\/ayuntamiento\\\/wp-content\\\/uploads\\\/2025\\\/10\\\/Feria-de-la-Solidaridad-en-Caudete.jpg\",\"datePublished\":\"2025-10-09T06:00:51+00:00\",\"dateModified\":\"2025-10-09T09:29:27+00:00\",\"author\":{\"@id\":\"https:\\\/\\\/www.caudete.org\\\/ayuntamiento\\\/#\\\/schema\\\/person\\\/abfa5ffd5010a14e078c21e6e61b6291\"},\"description\":\"P\u00e1gina Oficial del Ayuntamiento de Caudete (Albacete)\",\"breadcrumb\":{\"@id\":\"https:\\\/\\\/www.caudete.org\\\/ayuntamiento\\\/la-feria-de-la-solidaridad-se-suma-al-siglo-de-oro-por-la-feria-de-san-miguel-para-dar-voz-y-visibilidad-a-las-asociaciones-de-caudete\\\/#breadcrumb\"},\"inLanguage\":\"es\",\"potentialAction\":[{\"@type\":\"ReadAction\",\"target\":[\"https:\\\/\\\/www.caudete.org\\\/ayuntamiento\\\/la-feria-de-la-solidaridad-se-suma-al-siglo-de-oro-por-la-feria-de-san-miguel-para-dar-voz-y-visibilidad-a-las-asociaciones-de-caudete\\\/\"]}]},{\"@type\":\"ImageObject\",\"inLanguage\":\"es\",\"@id\":\"https:\\\/\\\/www.caudete.org\\\/ayuntamiento\\\/la-feria-de-la-solidaridad-se-suma-al-siglo-de-oro-por-la-feria-de-san-miguel-para-dar-voz-y-visibilidad-a-las-asociaciones-de-caudete\\\/#primaryimage\",\"url\":\"https:\\\/\\\/www.caudete.org\\\/ayuntamiento\\\/wp-content\\\/uploads\\\/2025\\\/10\\\/Feria-de-la-Solidaridad-en-Caudete.jpg\",\"contentUrl\":\"https:\\\/\\\/www.caudete.org\\\/ayuntamiento\\\/wp-content\\\/uploads\\\/2025\\\/10\\\/Feria-de-la-Solidaridad-en-Caudete.jpg\",\"width\":1429,\"height\":734},{\"@type\":\"BreadcrumbList\",\"@id\":\"https:\\\/\\\/www.caudete.org\\\/ayuntamiento\\\/la-feria-de-la-solidaridad-se-suma-al-siglo-de-oro-por-la-feria-de-san-miguel-para-dar-voz-y-visibilidad-a-las-asociaciones-de-caudete\\\/#breadcrumb\",\"itemListElement\":[{\"@type\":\"ListItem\",\"position\":1,\"name\":\"Inicio\",\"item\":\"https:\\\/\\\/www.caudete.org\\\/ayuntamiento\\\/\"},{\"@type\":\"ListItem\",\"position\":2,\"name\":\"La Feria de la Solidaridad se suma al \u201cSiglo de Oro\u201d por la Feria de San Miguel para dar voz, y visibilidad a las asociaciones de Caudete\"}]},{\"@type\":\"WebSite\",\"@id\":\"https:\\\/\\\/www.caudete.org\\\/ayuntamiento\\\/#website\",\"url\":\"https:\\\/\\\/www.caudete.org\\\/ayuntamiento\\\/\",\"name\":\"MI Ayuntamiento de Caudete\",\"description\":\"P\u00e1gina Oficial del MI Ayuntamiento de Caudete\",\"potentialAction\":[{\"@type\":\"SearchAction\",\"target\":{\"@type\":\"EntryPoint\",\"urlTemplate\":\"https:\\\/\\\/www.caudete.org\\\/ayuntamiento\\\/?s={search_term_string}\"},\"query-input\":{\"@type\":\"PropertyValueSpecification\",\"valueRequired\":true,\"valueName\":\"search_term_string\"}}],\"inLanguage\":\"es\"},{\"@type\":\"Person\",\"@id\":\"https:\\\/\\\/www.caudete.org\\\/ayuntamiento\\\/#\\\/schema\\\/person\\\/abfa5ffd5010a14e078c21e6e61b6291\",\"name\":\"informatica2\",\"image\":{\"@type\":\"ImageObject\",\"inLanguage\":\"es\",\"@id\":\"https:\\\/\\\/secure.gravatar.com\\\/avatar\\\/b089890ff033a3e4d03eec00ecb5a14425217205c513f60ec32ebeaaeb5fa700?s=96&d=mm&r=g\",\"url\":\"https:\\\/\\\/secure.gravatar.com\\\/avatar\\\/b089890ff033a3e4d03eec00ecb5a14425217205c513f60ec32ebeaaeb5fa700?s=96&d=mm&r=g\",\"contentUrl\":\"https:\\\/\\\/secure.gravatar.com\\\/avatar\\\/b089890ff033a3e4d03eec00ecb5a14425217205c513f60ec32ebeaaeb5fa700?s=96&d=mm&r=g\",\"caption\":\"informatica2\"},\"url\":\"https:\\\/\\\/www.caudete.org\\\/ayuntamiento\\\/author\\\/informatica2\\\/\"}]}<\/script>\n<!-- \/ Yoast SEO plugin. -->","yoast_head_json":{"title":"La Feria de la Solidaridad se suma al \u201cSiglo de Oro\u201d por la Feria de San Miguel para dar voz, y visibilidad a las asociaciones de Caudete - MI Ayuntamiento de Caudete","description":"P\u00e1gina Oficial del Ayuntamiento de Caudete (Albacete)","robots":{"index":"index","follow":"follow","max-snippet":"max-snippet:-1","max-image-preview":"max-image-preview:large","max-video-preview":"max-video-preview:-1"},"canonical":"https:\/\/www.caudete.org\/ayuntamiento\/la-feria-de-la-solidaridad-se-suma-al-siglo-de-oro-por-la-feria-de-san-miguel-para-dar-voz-y-visibilidad-a-las-asociaciones-de-caudete\/","og_locale":"es_ES","og_type":"article","og_title":"La Feria de la Solidaridad se suma al \u201cSiglo de Oro\u201d por la Feria de San Miguel para dar voz, y visibilidad a las asociaciones de Caudete - MI Ayuntamiento de Caudete","og_description":"P\u00e1gina Oficial del Ayuntamiento de Caudete (Albacete)","og_url":"https:\/\/www.caudete.org\/ayuntamiento\/la-feria-de-la-solidaridad-se-suma-al-siglo-de-oro-por-la-feria-de-san-miguel-para-dar-voz-y-visibilidad-a-las-asociaciones-de-caudete\/","og_site_name":"MI Ayuntamiento de Caudete","article_publisher":"https:\/\/www.facebook.com\/ayuntamientocaudete\/","article_published_time":"2025-10-09T06:00:51+00:00","article_modified_time":"2025-10-09T09:29:27+00:00","og_image":[{"width":1429,"height":734,"url":"https:\/\/www.caudete.org\/ayuntamiento\/wp-content\/uploads\/2025\/10\/Feria-de-la-Solidaridad-en-Caudete.jpg","type":"image\/jpeg"}],"author":"informatica2","twitter_card":"summary_large_image","twitter_misc":{"Escrito por":"informatica2","Tiempo de lectura":"2 minutos"},"schema":{"@context":"https:\/\/schema.org","@graph":[{"@type":"Article","@id":"https:\/\/www.caudete.org\/ayuntamiento\/la-feria-de-la-solidaridad-se-suma-al-siglo-de-oro-por-la-feria-de-san-miguel-para-dar-voz-y-visibilidad-a-las-asociaciones-de-caudete\/#article","isPartOf":{"@id":"https:\/\/www.caudete.org\/ayuntamiento\/la-feria-de-la-solidaridad-se-suma-al-siglo-de-oro-por-la-feria-de-san-miguel-para-dar-voz-y-visibilidad-a-las-asociaciones-de-caudete\/"},"author":{"name":"informatica2","@id":"https:\/\/www.caudete.org\/ayuntamiento\/#\/schema\/person\/abfa5ffd5010a14e078c21e6e61b6291"},"headline":"La Feria de la Solidaridad se suma al \u201cSiglo de Oro\u201d por la Feria de San Miguel para dar voz, y visibilidad a las asociaciones de Caudete","datePublished":"2025-10-09T06:00:51+00:00","dateModified":"2025-10-09T09:29:27+00:00","mainEntityOfPage":{"@id":"https:\/\/www.caudete.org\/ayuntamiento\/la-feria-de-la-solidaridad-se-suma-al-siglo-de-oro-por-la-feria-de-san-miguel-para-dar-voz-y-visibilidad-a-las-asociaciones-de-caudete\/"},"wordCount":315,"image":{"@id":"https:\/\/www.caudete.org\/ayuntamiento\/la-feria-de-la-solidaridad-se-suma-al-siglo-de-oro-por-la-feria-de-san-miguel-para-dar-voz-y-visibilidad-a-las-asociaciones-de-caudete\/#primaryimage"},"thumbnailUrl":"https:\/\/www.caudete.org\/ayuntamiento\/wp-content\/uploads\/2025\/10\/Feria-de-la-Solidaridad-en-Caudete.jpg","articleSection":["Bienestar e Igualdad Social"],"inLanguage":"es"},{"@type":"WebPage","@id":"https:\/\/www.caudete.org\/ayuntamiento\/la-feria-de-la-solidaridad-se-suma-al-siglo-de-oro-por-la-feria-de-san-miguel-para-dar-voz-y-visibilidad-a-las-asociaciones-de-caudete\/","url":"https:\/\/www.caudete.org\/ayuntamiento\/la-feria-de-la-solidaridad-se-suma-al-siglo-de-oro-por-la-feria-de-san-miguel-para-dar-voz-y-visibilidad-a-las-asociaciones-de-caudete\/","name":"La Feria de la Solidaridad se suma al \u201cSiglo de Oro\u201d por la Feria de San Miguel para dar voz, y visibilidad a las asociaciones de Caudete - MI Ayuntamiento de Caudete","isPartOf":{"@id":"https:\/\/www.caudete.org\/ayuntamiento\/#website"},"primaryImageOfPage":{"@id":"https:\/\/www.caudete.org\/ayuntamiento\/la-feria-de-la-solidaridad-se-suma-al-siglo-de-oro-por-la-feria-de-san-miguel-para-dar-voz-y-visibilidad-a-las-asociaciones-de-caudete\/#primaryimage"},"image":{"@id":"https:\/\/www.caudete.org\/ayuntamiento\/la-feria-de-la-solidaridad-se-suma-al-siglo-de-oro-por-la-feria-de-san-miguel-para-dar-voz-y-visibilidad-a-las-asociaciones-de-caudete\/#primaryimage"},"thumbnailUrl":"https:\/\/www.caudete.org\/ayuntamiento\/wp-content\/uploads\/2025\/10\/Feria-de-la-Solidaridad-en-Caudete.jpg","datePublished":"2025-10-09T06:00:51+00:00","dateModified":"2025-10-09T09:29:27+00:00","author":{"@id":"https:\/\/www.caudete.org\/ayuntamiento\/#\/schema\/person\/abfa5ffd5010a14e078c21e6e61b6291"},"description":"P\u00e1gina Oficial del Ayuntamiento de Caudete (Albacete)","breadcrumb":{"@id":"https:\/\/www.caudete.org\/ayuntamiento\/la-feria-de-la-solidaridad-se-suma-al-siglo-de-oro-por-la-feria-de-san-miguel-para-dar-voz-y-visibilidad-a-las-asociaciones-de-caudete\/#breadcrumb"},"inLanguage":"es","potentialAction":[{"@type":"ReadAction","target":["https:\/\/www.caudete.org\/ayuntamiento\/la-feria-de-la-solidaridad-se-suma-al-siglo-de-oro-por-la-feria-de-san-miguel-para-dar-voz-y-visibilidad-a-las-asociaciones-de-caudete\/"]}]},{"@type":"ImageObject","inLanguage":"es","@id":"https:\/\/www.caudete.org\/ayuntamiento\/la-feria-de-la-solidaridad-se-suma-al-siglo-de-oro-por-la-feria-de-san-miguel-para-dar-voz-y-visibilidad-a-las-asociaciones-de-caudete\/#primaryimage","url":"https:\/\/www.caudete.org\/ayuntamiento\/wp-content\/uploads\/2025\/10\/Feria-de-la-Solidaridad-en-Caudete.jpg","contentUrl":"https:\/\/www.caudete.org\/ayuntamiento\/wp-content\/uploads\/2025\/10\/Feria-de-la-Solidaridad-en-Caudete.jpg","width":1429,"height":734},{"@type":"BreadcrumbList","@id":"https:\/\/www.caudete.org\/ayuntamiento\/la-feria-de-la-solidaridad-se-suma-al-siglo-de-oro-por-la-feria-de-san-miguel-para-dar-voz-y-visibilidad-a-las-asociaciones-de-caudete\/#breadcrumb","itemListElement":[{"@type":"ListItem","position":1,"name":"Inicio","item":"https:\/\/www.caudete.org\/ayuntamiento\/"},{"@type":"ListItem","position":2,"name":"La Feria de la Solidaridad se suma al \u201cSiglo de Oro\u201d por la Feria de San Miguel para dar voz, y visibilidad a las asociaciones de Caudete"}]},{"@type":"WebSite","@id":"https:\/\/www.caudete.org\/ayuntamiento\/#website","url":"https:\/\/www.caudete.org\/ayuntamiento\/","name":"MI Ayuntamiento de Caudete","description":"P\u00e1gina Oficial del MI Ayuntamiento de Caudete","potentialAction":[{"@type":"SearchAction","target":{"@type":"EntryPoint","urlTemplate":"https:\/\/www.caudete.org\/ayuntamiento\/?s={search_term_string}"},"query-input":{"@type":"PropertyValueSpecification","valueRequired":true,"valueName":"search_term_string"}}],"inLanguage":"es"},{"@type":"Person","@id":"https:\/\/www.caudete.org\/ayuntamiento\/#\/schema\/person\/abfa5ffd5010a14e078c21e6e61b6291","name":"informatica2","image":{"@type":"ImageObject","inLanguage":"es","@id":"https:\/\/secure.gravatar.com\/avatar\/b089890ff033a3e4d03eec00ecb5a14425217205c513f60ec32ebeaaeb5fa700?s=96&d=mm&r=g","url":"https:\/\/secure.gravatar.com\/avatar\/b089890ff033a3e4d03eec00ecb5a14425217205c513f60ec32ebeaaeb5fa700?s=96&d=mm&r=g","contentUrl":"https:\/\/secure.gravatar.com\/avatar\/b089890ff033a3e4d03eec00ecb5a14425217205c513f60ec32ebeaaeb5fa700?s=96&d=mm&r=g","caption":"informatica2"},"url":"https:\/\/www.caudete.org\/ayuntamiento\/author\/informatica2\/"}]}},"_links":{"self":[{"href":"https:\/\/www.caudete.org\/ayuntamiento\/wp-json\/wp\/v2\/posts\/30936","targetHints":{"allow":["GET"]}}],"collection":[{"href":"https:\/\/www.caudete.org\/ayuntamiento\/wp-json\/wp\/v2\/posts"}],"about":[{"href":"https:\/\/www.caudete.org\/ayuntamiento\/wp-json\/wp\/v2\/types\/post"}],"author":[{"embeddable":true,"href":"https:\/\/www.caudete.org\/ayuntamiento\/wp-json\/wp\/v2\/users\/6"}],"replies":[{"embeddable":true,"href":"https:\/\/www.caudete.org\/ayuntamiento\/wp-json\/wp\/v2\/comments?post=30936"}],"version-history":[{"count":1,"href":"https:\/\/www.caudete.org\/ayuntamiento\/wp-json\/wp\/v2\/posts\/30936\/revisions"}],"predecessor-version":[{"id":30938,"href":"https:\/\/www.caudete.org\/ayuntamiento\/wp-json\/wp\/v2\/posts\/30936\/revisions\/30938"}],"wp:featuredmedia":[{"embeddable":true,"href":"https:\/\/www.caudete.org\/ayuntamiento\/wp-json\/wp\/v2\/media\/30937"}],"wp:attachment":[{"href":"https:\/\/www.caudete.org\/ayuntamiento\/wp-json\/wp\/v2\/media?parent=30936"}],"wp:term":[{"taxonomy":"category","embeddable":true,"href":"https:\/\/www.caudete.org\/ayuntamiento\/wp-json\/wp\/v2\/categories?post=30936"},{"taxonomy":"post_tag","embeddable":true,"href":"https:\/\/www.caudete.org\/ayuntamiento\/wp-json\/wp\/v2\/tags?post=30936"}],"curies":[{"name":"wp","href":"https:\/\/api.w.org\/{rel}","templated":true}]}}