{"id":30966,"date":"2025-10-09T11:38:23","date_gmt":"2025-10-09T09:38:23","guid":{"rendered":"https:\/\/www.caudete.org\/ayuntamiento\/?p=30966"},"modified":"2025-10-09T14:21:51","modified_gmt":"2025-10-09T12:21:51","slug":"policia-local-de-caudete-lleva-a-cabo-campana-de-control-y-vigilancia-de-distracciones-al-volante","status":"publish","type":"post","link":"https:\/\/www.caudete.org\/ayuntamiento\/policia-local-de-caudete-lleva-a-cabo-campana-de-control-y-vigilancia-de-distracciones-al-volante\/","title":{"rendered":"Polic\u00eda Local de Caudete lleva a cabo campa\u00f1a de control y vigilancia de distracciones al volante"},"content":{"rendered":"<p style=\"text-align: justify;\" align=\"justify\"><span style=\"font-family: georgia, palatino, serif; font-size: 12pt;\">La Polic\u00eda Local de Caudete se ha sumado a la campa\u00f1a especial de control y vigilancia sobre distracciones al volante promovida por la Direcci\u00f3n General de Tr\u00e1fico en toda Espa\u00f1a. <\/span><\/p>\n<p style=\"text-align: justify;\" align=\"justify\"><span style=\"font-family: georgia, palatino, serif; font-size: 12pt;\">Con esta acci\u00f3n, que se est\u00e1 desarrollando<b> desde el d\u00eda 6 al d\u00eda 12 del presente mes,<\/b> se pretende concienciar y tratar de prevenir posibles accidentes de tr\u00e1fico asociados a este factor de riesgo.<\/span><\/p>\n<p style=\"text-align: justify;\" align=\"justify\"><span style=\"font-family: georgia, palatino, serif; font-size: 12pt;\">\u00a0La campa\u00f1a se est\u00e1 desarrollando en diferentes puntos en el casco urbano y sus accesos a diferentes tramos horarios tanto de forma est\u00e1tica en controles como din\u00e1mica a trav\u00e9s de patrullas.<\/span><\/p>\n<p style=\"text-align: justify;\" align=\"justify\"><span style=\"font-size: 12pt; font-family: georgia, palatino, serif;\">Con esta\u00a0iniciativa se hace una especial vigilancia del uso del tel\u00e9fono m\u00f3vil mientras se conduce, se advierte de los peligros de las distracciones por escribir mensajes, utilizar en marcha el GPS o dispositivos de radio, encender cigarros, etc., ya que aumentan el riesgo al apartar la vista y la atenci\u00f3n de la circulaci\u00f3n.\u00a0Estas peque\u00f1as distracciones, pese a su corta duraci\u00f3n, son actos que exigen la combinaci\u00f3n de capacidades complejas, lo que afecta gravemente a la atenci\u00f3n del conductor y, como resultado, el riesgo de sufrir un siniestro de tr\u00e1fico aumenta de forma significativa.<\/span><\/p>\n<p style=\"text-align: justify;\" align=\"justify\"><span style=\"font-family: georgia, palatino, serif; font-size: 12pt;\">Seg\u00fan estudios al respecto, las distracciones est\u00e1n presentes en mas de un 30% de los accidentes de tr\u00e1fico, siendo el factor concurrente m\u00e1s habitual en los siniestros de tr\u00e1fico mortales.<\/span><\/p>\n","protected":false},"excerpt":{"rendered":"<p>La Polic\u00eda Local de Caudete se ha sumado a la campa\u00f1a especial de control y vigilancia sobre distracciones al volante promovida por la Direcci\u00f3n General de Tr\u00e1fico en toda Espa\u00f1a. Con esta acci\u00f3n, que se est\u00e1 desarrollando desde el d\u00eda 6 al d\u00eda 12 del presente mes, se pretende concienciar y tratar de prevenir posibles &hellip;<\/p>\n","protected":false},"author":6,"featured_media":30967,"comment_status":"closed","ping_status":"open","sticky":false,"template":"","format":"standard","meta":{"ngg_post_thumbnail":0,"footnotes":""},"categories":[35],"tags":[],"class_list":["post-30966","post","type-post","status-publish","format-standard","has-post-thumbnail","hentry","category-policia-local"],"yoast_head":"<!-- This site is optimized with the Yoast SEO plugin v27.5 - https:\/\/yoast.com\/product\/yoast-seo-wordpress\/ -->\n<title>Polic\u00eda Local de Caudete lleva a cabo campa\u00f1a de control y vigilancia de distracciones al volante - MI Ayuntamiento de Caudete<\/title>\n<meta name=\"description\" content=\"P\u00e1gina Oficial del Ayuntamiento de Caudete (Albacete)\" \/>\n<meta name=\"robots\" content=\"index, follow, max-snippet:-1, max-image-preview:large, max-video-preview:-1\" \/>\n<link rel=\"canonical\" href=\"https:\/\/www.caudete.org\/ayuntamiento\/policia-local-de-caudete-lleva-a-cabo-campana-de-control-y-vigilancia-de-distracciones-al-volante\/\" \/>\n<meta property=\"og:locale\" content=\"es_ES\" \/>\n<meta property=\"og:type\" content=\"article\" \/>\n<meta property=\"og:title\" content=\"Polic\u00eda Local de Caudete lleva a cabo campa\u00f1a de control y vigilancia de distracciones al volante - MI Ayuntamiento de Caudete\" \/>\n<meta property=\"og:description\" content=\"P\u00e1gina Oficial del Ayuntamiento de Caudete (Albacete)\" \/>\n<meta property=\"og:url\" content=\"https:\/\/www.caudete.org\/ayuntamiento\/policia-local-de-caudete-lleva-a-cabo-campana-de-control-y-vigilancia-de-distracciones-al-volante\/\" \/>\n<meta property=\"og:site_name\" content=\"MI Ayuntamiento de Caudete\" \/>\n<meta property=\"article:publisher\" content=\"https:\/\/www.facebook.com\/ayuntamientocaudete\/\" \/>\n<meta property=\"article:published_time\" content=\"2025-10-09T09:38:23+00:00\" \/>\n<meta property=\"article:modified_time\" content=\"2025-10-09T12:21:51+00:00\" \/>\n<meta property=\"og:image\" content=\"https:\/\/www.caudete.org\/ayuntamiento\/wp-content\/uploads\/2025\/10\/Controlpolicial.jpg\" \/>\n\t<meta property=\"og:image:width\" content=\"1024\" \/>\n\t<meta property=\"og:image:height\" content=\"768\" \/>\n\t<meta property=\"og:image:type\" content=\"image\/jpeg\" \/>\n<meta name=\"author\" content=\"informatica2\" \/>\n<meta name=\"twitter:card\" content=\"summary_large_image\" \/>\n<meta name=\"twitter:label1\" content=\"Escrito por\" \/>\n\t<meta name=\"twitter:data1\" content=\"informatica2\" \/>\n\t<meta name=\"twitter:label2\" content=\"Tiempo de lectura\" \/>\n\t<meta name=\"twitter:data2\" content=\"2 minutos\" \/>\n<script type=\"application\/ld+json\" class=\"yoast-schema-graph\">{\"@context\":\"https:\\\/\\\/schema.org\",\"@graph\":[{\"@type\":\"Article\",\"@id\":\"https:\\\/\\\/www.caudete.org\\\/ayuntamiento\\\/policia-local-de-caudete-lleva-a-cabo-campana-de-control-y-vigilancia-de-distracciones-al-volante\\\/#article\",\"isPartOf\":{\"@id\":\"https:\\\/\\\/www.caudete.org\\\/ayuntamiento\\\/policia-local-de-caudete-lleva-a-cabo-campana-de-control-y-vigilancia-de-distracciones-al-volante\\\/\"},\"author\":{\"name\":\"informatica2\",\"@id\":\"https:\\\/\\\/www.caudete.org\\\/ayuntamiento\\\/#\\\/schema\\\/person\\\/abfa5ffd5010a14e078c21e6e61b6291\"},\"headline\":\"Polic\u00eda Local de Caudete lleva a cabo campa\u00f1a de control y vigilancia de distracciones al volante\",\"datePublished\":\"2025-10-09T09:38:23+00:00\",\"dateModified\":\"2025-10-09T12:21:51+00:00\",\"mainEntityOfPage\":{\"@id\":\"https:\\\/\\\/www.caudete.org\\\/ayuntamiento\\\/policia-local-de-caudete-lleva-a-cabo-campana-de-control-y-vigilancia-de-distracciones-al-volante\\\/\"},\"wordCount\":262,\"image\":{\"@id\":\"https:\\\/\\\/www.caudete.org\\\/ayuntamiento\\\/policia-local-de-caudete-lleva-a-cabo-campana-de-control-y-vigilancia-de-distracciones-al-volante\\\/#primaryimage\"},\"thumbnailUrl\":\"https:\\\/\\\/www.caudete.org\\\/ayuntamiento\\\/wp-content\\\/uploads\\\/2025\\\/10\\\/Controlpolicial.jpg\",\"articleSection\":[\"Polic\u00eda Local\"],\"inLanguage\":\"es\"},{\"@type\":\"WebPage\",\"@id\":\"https:\\\/\\\/www.caudete.org\\\/ayuntamiento\\\/policia-local-de-caudete-lleva-a-cabo-campana-de-control-y-vigilancia-de-distracciones-al-volante\\\/\",\"url\":\"https:\\\/\\\/www.caudete.org\\\/ayuntamiento\\\/policia-local-de-caudete-lleva-a-cabo-campana-de-control-y-vigilancia-de-distracciones-al-volante\\\/\",\"name\":\"Polic\u00eda Local de Caudete lleva a cabo campa\u00f1a de control y vigilancia de distracciones al volante - MI Ayuntamiento de Caudete\",\"isPartOf\":{\"@id\":\"https:\\\/\\\/www.caudete.org\\\/ayuntamiento\\\/#website\"},\"primaryImageOfPage\":{\"@id\":\"https:\\\/\\\/www.caudete.org\\\/ayuntamiento\\\/policia-local-de-caudete-lleva-a-cabo-campana-de-control-y-vigilancia-de-distracciones-al-volante\\\/#primaryimage\"},\"image\":{\"@id\":\"https:\\\/\\\/www.caudete.org\\\/ayuntamiento\\\/policia-local-de-caudete-lleva-a-cabo-campana-de-control-y-vigilancia-de-distracciones-al-volante\\\/#primaryimage\"},\"thumbnailUrl\":\"https:\\\/\\\/www.caudete.org\\\/ayuntamiento\\\/wp-content\\\/uploads\\\/2025\\\/10\\\/Controlpolicial.jpg\",\"datePublished\":\"2025-10-09T09:38:23+00:00\",\"dateModified\":\"2025-10-09T12:21:51+00:00\",\"author\":{\"@id\":\"https:\\\/\\\/www.caudete.org\\\/ayuntamiento\\\/#\\\/schema\\\/person\\\/abfa5ffd5010a14e078c21e6e61b6291\"},\"description\":\"P\u00e1gina Oficial del Ayuntamiento de Caudete (Albacete)\",\"breadcrumb\":{\"@id\":\"https:\\\/\\\/www.caudete.org\\\/ayuntamiento\\\/policia-local-de-caudete-lleva-a-cabo-campana-de-control-y-vigilancia-de-distracciones-al-volante\\\/#breadcrumb\"},\"inLanguage\":\"es\",\"potentialAction\":[{\"@type\":\"ReadAction\",\"target\":[\"https:\\\/\\\/www.caudete.org\\\/ayuntamiento\\\/policia-local-de-caudete-lleva-a-cabo-campana-de-control-y-vigilancia-de-distracciones-al-volante\\\/\"]}]},{\"@type\":\"ImageObject\",\"inLanguage\":\"es\",\"@id\":\"https:\\\/\\\/www.caudete.org\\\/ayuntamiento\\\/policia-local-de-caudete-lleva-a-cabo-campana-de-control-y-vigilancia-de-distracciones-al-volante\\\/#primaryimage\",\"url\":\"https:\\\/\\\/www.caudete.org\\\/ayuntamiento\\\/wp-content\\\/uploads\\\/2025\\\/10\\\/Controlpolicial.jpg\",\"contentUrl\":\"https:\\\/\\\/www.caudete.org\\\/ayuntamiento\\\/wp-content\\\/uploads\\\/2025\\\/10\\\/Controlpolicial.jpg\",\"width\":1024,\"height\":768},{\"@type\":\"BreadcrumbList\",\"@id\":\"https:\\\/\\\/www.caudete.org\\\/ayuntamiento\\\/policia-local-de-caudete-lleva-a-cabo-campana-de-control-y-vigilancia-de-distracciones-al-volante\\\/#breadcrumb\",\"itemListElement\":[{\"@type\":\"ListItem\",\"position\":1,\"name\":\"Inicio\",\"item\":\"https:\\\/\\\/www.caudete.org\\\/ayuntamiento\\\/\"},{\"@type\":\"ListItem\",\"position\":2,\"name\":\"Polic\u00eda Local de Caudete lleva a cabo campa\u00f1a de control y vigilancia de distracciones al volante\"}]},{\"@type\":\"WebSite\",\"@id\":\"https:\\\/\\\/www.caudete.org\\\/ayuntamiento\\\/#website\",\"url\":\"https:\\\/\\\/www.caudete.org\\\/ayuntamiento\\\/\",\"name\":\"MI Ayuntamiento de Caudete\",\"description\":\"P\u00e1gina Oficial del MI Ayuntamiento de Caudete\",\"potentialAction\":[{\"@type\":\"SearchAction\",\"target\":{\"@type\":\"EntryPoint\",\"urlTemplate\":\"https:\\\/\\\/www.caudete.org\\\/ayuntamiento\\\/?s={search_term_string}\"},\"query-input\":{\"@type\":\"PropertyValueSpecification\",\"valueRequired\":true,\"valueName\":\"search_term_string\"}}],\"inLanguage\":\"es\"},{\"@type\":\"Person\",\"@id\":\"https:\\\/\\\/www.caudete.org\\\/ayuntamiento\\\/#\\\/schema\\\/person\\\/abfa5ffd5010a14e078c21e6e61b6291\",\"name\":\"informatica2\",\"image\":{\"@type\":\"ImageObject\",\"inLanguage\":\"es\",\"@id\":\"https:\\\/\\\/secure.gravatar.com\\\/avatar\\\/b089890ff033a3e4d03eec00ecb5a14425217205c513f60ec32ebeaaeb5fa700?s=96&d=mm&r=g\",\"url\":\"https:\\\/\\\/secure.gravatar.com\\\/avatar\\\/b089890ff033a3e4d03eec00ecb5a14425217205c513f60ec32ebeaaeb5fa700?s=96&d=mm&r=g\",\"contentUrl\":\"https:\\\/\\\/secure.gravatar.com\\\/avatar\\\/b089890ff033a3e4d03eec00ecb5a14425217205c513f60ec32ebeaaeb5fa700?s=96&d=mm&r=g\",\"caption\":\"informatica2\"},\"url\":\"https:\\\/\\\/www.caudete.org\\\/ayuntamiento\\\/author\\\/informatica2\\\/\"}]}<\/script>\n<!-- \/ Yoast SEO plugin. -->","yoast_head_json":{"title":"Polic\u00eda Local de Caudete lleva a cabo campa\u00f1a de control y vigilancia de distracciones al volante - MI Ayuntamiento de Caudete","description":"P\u00e1gina Oficial del Ayuntamiento de Caudete (Albacete)","robots":{"index":"index","follow":"follow","max-snippet":"max-snippet:-1","max-image-preview":"max-image-preview:large","max-video-preview":"max-video-preview:-1"},"canonical":"https:\/\/www.caudete.org\/ayuntamiento\/policia-local-de-caudete-lleva-a-cabo-campana-de-control-y-vigilancia-de-distracciones-al-volante\/","og_locale":"es_ES","og_type":"article","og_title":"Polic\u00eda Local de Caudete lleva a cabo campa\u00f1a de control y vigilancia de distracciones al volante - MI Ayuntamiento de Caudete","og_description":"P\u00e1gina Oficial del Ayuntamiento de Caudete (Albacete)","og_url":"https:\/\/www.caudete.org\/ayuntamiento\/policia-local-de-caudete-lleva-a-cabo-campana-de-control-y-vigilancia-de-distracciones-al-volante\/","og_site_name":"MI Ayuntamiento de Caudete","article_publisher":"https:\/\/www.facebook.com\/ayuntamientocaudete\/","article_published_time":"2025-10-09T09:38:23+00:00","article_modified_time":"2025-10-09T12:21:51+00:00","og_image":[{"width":1024,"height":768,"url":"https:\/\/www.caudete.org\/ayuntamiento\/wp-content\/uploads\/2025\/10\/Controlpolicial.jpg","type":"image\/jpeg"}],"author":"informatica2","twitter_card":"summary_large_image","twitter_misc":{"Escrito por":"informatica2","Tiempo de lectura":"2 minutos"},"schema":{"@context":"https:\/\/schema.org","@graph":[{"@type":"Article","@id":"https:\/\/www.caudete.org\/ayuntamiento\/policia-local-de-caudete-lleva-a-cabo-campana-de-control-y-vigilancia-de-distracciones-al-volante\/#article","isPartOf":{"@id":"https:\/\/www.caudete.org\/ayuntamiento\/policia-local-de-caudete-lleva-a-cabo-campana-de-control-y-vigilancia-de-distracciones-al-volante\/"},"author":{"name":"informatica2","@id":"https:\/\/www.caudete.org\/ayuntamiento\/#\/schema\/person\/abfa5ffd5010a14e078c21e6e61b6291"},"headline":"Polic\u00eda Local de Caudete lleva a cabo campa\u00f1a de control y vigilancia de distracciones al volante","datePublished":"2025-10-09T09:38:23+00:00","dateModified":"2025-10-09T12:21:51+00:00","mainEntityOfPage":{"@id":"https:\/\/www.caudete.org\/ayuntamiento\/policia-local-de-caudete-lleva-a-cabo-campana-de-control-y-vigilancia-de-distracciones-al-volante\/"},"wordCount":262,"image":{"@id":"https:\/\/www.caudete.org\/ayuntamiento\/policia-local-de-caudete-lleva-a-cabo-campana-de-control-y-vigilancia-de-distracciones-al-volante\/#primaryimage"},"thumbnailUrl":"https:\/\/www.caudete.org\/ayuntamiento\/wp-content\/uploads\/2025\/10\/Controlpolicial.jpg","articleSection":["Polic\u00eda Local"],"inLanguage":"es"},{"@type":"WebPage","@id":"https:\/\/www.caudete.org\/ayuntamiento\/policia-local-de-caudete-lleva-a-cabo-campana-de-control-y-vigilancia-de-distracciones-al-volante\/","url":"https:\/\/www.caudete.org\/ayuntamiento\/policia-local-de-caudete-lleva-a-cabo-campana-de-control-y-vigilancia-de-distracciones-al-volante\/","name":"Polic\u00eda Local de Caudete lleva a cabo campa\u00f1a de control y vigilancia de distracciones al volante - MI Ayuntamiento de Caudete","isPartOf":{"@id":"https:\/\/www.caudete.org\/ayuntamiento\/#website"},"primaryImageOfPage":{"@id":"https:\/\/www.caudete.org\/ayuntamiento\/policia-local-de-caudete-lleva-a-cabo-campana-de-control-y-vigilancia-de-distracciones-al-volante\/#primaryimage"},"image":{"@id":"https:\/\/www.caudete.org\/ayuntamiento\/policia-local-de-caudete-lleva-a-cabo-campana-de-control-y-vigilancia-de-distracciones-al-volante\/#primaryimage"},"thumbnailUrl":"https:\/\/www.caudete.org\/ayuntamiento\/wp-content\/uploads\/2025\/10\/Controlpolicial.jpg","datePublished":"2025-10-09T09:38:23+00:00","dateModified":"2025-10-09T12:21:51+00:00","author":{"@id":"https:\/\/www.caudete.org\/ayuntamiento\/#\/schema\/person\/abfa5ffd5010a14e078c21e6e61b6291"},"description":"P\u00e1gina Oficial del Ayuntamiento de Caudete (Albacete)","breadcrumb":{"@id":"https:\/\/www.caudete.org\/ayuntamiento\/policia-local-de-caudete-lleva-a-cabo-campana-de-control-y-vigilancia-de-distracciones-al-volante\/#breadcrumb"},"inLanguage":"es","potentialAction":[{"@type":"ReadAction","target":["https:\/\/www.caudete.org\/ayuntamiento\/policia-local-de-caudete-lleva-a-cabo-campana-de-control-y-vigilancia-de-distracciones-al-volante\/"]}]},{"@type":"ImageObject","inLanguage":"es","@id":"https:\/\/www.caudete.org\/ayuntamiento\/policia-local-de-caudete-lleva-a-cabo-campana-de-control-y-vigilancia-de-distracciones-al-volante\/#primaryimage","url":"https:\/\/www.caudete.org\/ayuntamiento\/wp-content\/uploads\/2025\/10\/Controlpolicial.jpg","contentUrl":"https:\/\/www.caudete.org\/ayuntamiento\/wp-content\/uploads\/2025\/10\/Controlpolicial.jpg","width":1024,"height":768},{"@type":"BreadcrumbList","@id":"https:\/\/www.caudete.org\/ayuntamiento\/policia-local-de-caudete-lleva-a-cabo-campana-de-control-y-vigilancia-de-distracciones-al-volante\/#breadcrumb","itemListElement":[{"@type":"ListItem","position":1,"name":"Inicio","item":"https:\/\/www.caudete.org\/ayuntamiento\/"},{"@type":"ListItem","position":2,"name":"Polic\u00eda Local de Caudete lleva a cabo campa\u00f1a de control y vigilancia de distracciones al volante"}]},{"@type":"WebSite","@id":"https:\/\/www.caudete.org\/ayuntamiento\/#website","url":"https:\/\/www.caudete.org\/ayuntamiento\/","name":"MI Ayuntamiento de Caudete","description":"P\u00e1gina Oficial del MI Ayuntamiento de Caudete","potentialAction":[{"@type":"SearchAction","target":{"@type":"EntryPoint","urlTemplate":"https:\/\/www.caudete.org\/ayuntamiento\/?s={search_term_string}"},"query-input":{"@type":"PropertyValueSpecification","valueRequired":true,"valueName":"search_term_string"}}],"inLanguage":"es"},{"@type":"Person","@id":"https:\/\/www.caudete.org\/ayuntamiento\/#\/schema\/person\/abfa5ffd5010a14e078c21e6e61b6291","name":"informatica2","image":{"@type":"ImageObject","inLanguage":"es","@id":"https:\/\/secure.gravatar.com\/avatar\/b089890ff033a3e4d03eec00ecb5a14425217205c513f60ec32ebeaaeb5fa700?s=96&d=mm&r=g","url":"https:\/\/secure.gravatar.com\/avatar\/b089890ff033a3e4d03eec00ecb5a14425217205c513f60ec32ebeaaeb5fa700?s=96&d=mm&r=g","contentUrl":"https:\/\/secure.gravatar.com\/avatar\/b089890ff033a3e4d03eec00ecb5a14425217205c513f60ec32ebeaaeb5fa700?s=96&d=mm&r=g","caption":"informatica2"},"url":"https:\/\/www.caudete.org\/ayuntamiento\/author\/informatica2\/"}]}},"_links":{"self":[{"href":"https:\/\/www.caudete.org\/ayuntamiento\/wp-json\/wp\/v2\/posts\/30966","targetHints":{"allow":["GET"]}}],"collection":[{"href":"https:\/\/www.caudete.org\/ayuntamiento\/wp-json\/wp\/v2\/posts"}],"about":[{"href":"https:\/\/www.caudete.org\/ayuntamiento\/wp-json\/wp\/v2\/types\/post"}],"author":[{"embeddable":true,"href":"https:\/\/www.caudete.org\/ayuntamiento\/wp-json\/wp\/v2\/users\/6"}],"replies":[{"embeddable":true,"href":"https:\/\/www.caudete.org\/ayuntamiento\/wp-json\/wp\/v2\/comments?post=30966"}],"version-history":[{"count":2,"href":"https:\/\/www.caudete.org\/ayuntamiento\/wp-json\/wp\/v2\/posts\/30966\/revisions"}],"predecessor-version":[{"id":30970,"href":"https:\/\/www.caudete.org\/ayuntamiento\/wp-json\/wp\/v2\/posts\/30966\/revisions\/30970"}],"wp:featuredmedia":[{"embeddable":true,"href":"https:\/\/www.caudete.org\/ayuntamiento\/wp-json\/wp\/v2\/media\/30967"}],"wp:attachment":[{"href":"https:\/\/www.caudete.org\/ayuntamiento\/wp-json\/wp\/v2\/media?parent=30966"}],"wp:term":[{"taxonomy":"category","embeddable":true,"href":"https:\/\/www.caudete.org\/ayuntamiento\/wp-json\/wp\/v2\/categories?post=30966"},{"taxonomy":"post_tag","embeddable":true,"href":"https:\/\/www.caudete.org\/ayuntamiento\/wp-json\/wp\/v2\/tags?post=30966"}],"curies":[{"name":"wp","href":"https:\/\/api.w.org\/{rel}","templated":true}]}}