{"id":30971,"date":"2025-10-10T12:00:36","date_gmt":"2025-10-10T10:00:36","guid":{"rendered":"https:\/\/www.caudete.org\/ayuntamiento\/?p=30971"},"modified":"2025-10-10T12:06:29","modified_gmt":"2025-10-10T10:06:29","slug":"jornada-erasmusdays-2025-celebrando-el-aprendizaje-y-la-participacion-ciudadana-con-erasmusdays","status":"publish","type":"post","link":"https:\/\/www.caudete.org\/ayuntamiento\/jornada-erasmusdays-2025-celebrando-el-aprendizaje-y-la-participacion-ciudadana-con-erasmusdays\/","title":{"rendered":"Jornada ErasmusDays 2025  \u201cCelebrando el aprendizaje y la participaci\u00f3n ciudadana con ErasmusDays\u201d"},"content":{"rendered":"<p align=\"justify\">El Ayuntamiento de Caudete informa de la celebraci\u00f3n de sus Jornadas ErasmusDays 2025, el pr\u00f3ximo d\u00eda mi\u00e9rcoles, 15 de octubre, de 10.00 a 14.30 horas, en el Museo de la Acuarela Pintor Rafael Requena de la localidad.<\/p>\n<p align=\"justify\">ErasmusDays es una campa\u00f1a de celebraci\u00f3n que pone en valor los beneficios de la movilidad europea mediante la difusi\u00f3n de los proyectos del programa Erasmus+, implicando a la comunidad educativa y a la ciudadan\u00eda en general, y que este a\u00f1o se celebra en toda Europa entre los d\u00edas 13 y 18 de octubre.<\/p>\n<p align=\"justify\">La iniciativa est\u00e1 enfocada en 2025 a los valores comunes europeos y la capacidad de Erasmus+ para unir a personas de diferentes pa\u00edses en torno a los mismos, as\u00ed como a las prioridades del programa para el periodo 2021-2027, como son la inclusi\u00f3n y diversidad, la transformaci\u00f3n digital, el medio ambiente y la lucha contra el cambio clim\u00e1tico, y la participaci\u00f3n de la ciudadan\u00eda.<\/p>\n<p align=\"justify\">Durante la jornada, alumnado y personal participante en las actividades de movilidad en Europa, tanto del sector de Educaci\u00f3n de Personas Adultas como de Formaci\u00f3n Profesional, de las entidades implicadas en los proyectos coordinados por el Ayuntamiento de Caudete compartir\u00e1 sus experiencias y aprendizajes con el p\u00fablico asistente.<\/p>\n<p align=\"justify\">Asimismo, contaremos en la intervenci\u00f3n de Gregorio Ca\u00f1avate Cruzado, director de Skills Divers, consultora de proyectos europeos y tecnolog\u00eda para la educaci\u00f3n, que nos presentar\u00e1 los resultados de uno de sus proyectos y sus implicaciones para el aprendizaje y la inclusi\u00f3n laboral de personas del espectro autista.<\/p>\n<p>&nbsp;<\/p>\n<p><img fetchpriority=\"high\" decoding=\"async\" class=\"alignnone wp-image-31009 size-full\" src=\"https:\/\/www.caudete.org\/ayuntamiento\/wp-content\/uploads\/2025\/10\/Logos_erasmus-2.jpg\" alt=\"\" width=\"1000\" height=\"356\" srcset=\"https:\/\/www.caudete.org\/ayuntamiento\/wp-content\/uploads\/2025\/10\/Logos_erasmus-2.jpg 1000w, https:\/\/www.caudete.org\/ayuntamiento\/wp-content\/uploads\/2025\/10\/Logos_erasmus-2-350x125.jpg 350w, https:\/\/www.caudete.org\/ayuntamiento\/wp-content\/uploads\/2025\/10\/Logos_erasmus-2-768x273.jpg 768w\" sizes=\"(max-width: 1000px) 100vw, 1000px\" \/><\/p>\n<p style=\"text-align: justify;\"><span style=\"color: #191919; font-size: 12pt; font-family: georgia, palatino, serif;\"><i><b>Programa<\/b><\/i><\/span><\/p>\n<p style=\"text-align: justify;\"><span style=\"color: #191919; font-size: 12pt; font-family: georgia, palatino, serif;\"><i><b>10:00 -10:15. &#8211; Apertura jornadas <\/b><\/i><\/span><\/p>\n<p style=\"text-align: justify;\"><span style=\"font-size: 12pt; font-family: georgia, palatino, serif;\"><span style=\"color: #4c4c4c;\"><i> Jos\u00e9 Miguel Moll\u00e1 Nieto<\/i><\/span><span style=\"color: #000000;\"><i>, alcalde Ayuntamiento de Caudete<\/i><\/span><\/span><\/p>\n<p style=\"text-align: justify;\"><span style=\"color: #000000; font-size: 12pt; font-family: georgia, palatino, serif;\"><i> M.\u00aa Dolores Requena Azor\u00edn, concejal de Juventud, Promoci\u00f3n y Desarrollo <\/i><\/span><\/p>\n<p style=\"text-align: justify;\"><span style=\"color: #000000; font-size: 12pt; font-family: georgia, palatino, serif;\"><i> Mar\u00eda Elia Lac\u00e1rcel Meg\u00edas, agente de desarrollo local. Coordinadora Erasmus<\/i><\/span><\/p>\n<p style=\"text-align: justify;\"><span style=\"color: #191919; font-size: 12pt; font-family: georgia, palatino, serif;\"><i><b>10:15-10.50.- Actuaci\u00f3n musical alumnas adultas de Canto y Violonchelo de la Escuela Municipal de M\u00fasica y Danza (EMMD) de Caudete<\/b><\/i><\/span><\/p>\n<p style=\"text-align: justify;\"><span style=\"font-size: 12pt; font-family: georgia, palatino, serif;\"><i><b> <\/b><\/i><span style=\"color: #191919;\"><i>M\u00f3nica Calabuig Belda<\/i><\/span><\/span><\/p>\n<p style=\"text-align: justify;\"><span style=\"color: #191919; font-size: 12pt; font-family: georgia, palatino, serif;\"><i> Salvadora Mart\u00ednez S\u00e1nchez<\/i><\/span><\/p>\n<p style=\"text-align: justify;\"><span style=\"color: #191919; font-size: 12pt; font-family: georgia, palatino, serif;\"><i> Fina Albertos Mart\u00ednez<\/i><\/span><\/p>\n<p style=\"text-align: justify;\"><span style=\"color: #191919; font-size: 12pt; font-family: georgia, palatino, serif;\"><i> Sara Soler Senent<\/i><\/span><\/p>\n<p style=\"text-align: justify;\"><span style=\"color: #191919; font-size: 12pt; font-family: georgia, palatino, serif;\"><i> Silvia Ba\u00f1\u00f3n Graci\u00e1<\/i><\/span><\/p>\n<p style=\"text-align: justify;\"><span style=\"color: #000000; font-size: 12pt; font-family: georgia, palatino, serif;\"><i><b> Experiencias de aprendizaje en Music Halle, Toulouse (Francia)<\/b><\/i><\/span><\/p>\n<p style=\"text-align: justify;\"><span style=\"color: #000000; font-size: 12pt; font-family: georgia, palatino, serif;\"><i> Eva Mar\u00eda Tecles Ostolaz, profesora de Canto<\/i><\/span><\/p>\n<p style=\"text-align: justify;\"><span style=\"color: #000000; font-size: 12pt; font-family: georgia, palatino, serif;\"><i> Salvadora Mart\u00ednez S\u00e1nchez, alumna de Canto participante<\/i><\/span><\/p>\n<p style=\"text-align: justify;\"><span style=\"color: #000000; font-size: 12pt; font-family: georgia, palatino, serif;\"><i> Silvia Ba\u00f1\u00f3n Graci\u00e1, alumna de Violonchelo participante<\/i><\/span><\/p>\n<p style=\"text-align: justify;\"><span style=\"color: #000000; font-size: 12pt; font-family: georgia, palatino, serif;\"><i><b> Acogida de expertos invitados David Dutech e Isabel M.\u00aa Morey Suau<\/b><\/i><\/span><\/p>\n<p style=\"text-align: justify;\"><span style=\"color: #000000; font-size: 12pt; font-family: georgia, palatino, serif;\"><i> Raquel Mart\u00ednez L\u00f3pez, profesora de Piano y Directora de la EMMD <\/i><\/span><\/p>\n<p style=\"text-align: justify;\"><span style=\"color: #000000; font-size: 12pt; font-family: georgia, palatino, serif;\"><i> M\u00f3nica Calabuig Belda, profesora de Danza y Jefa de Estudios de la EMMD<\/i><\/span><\/p>\n<p style=\"text-align: justify;\"><span style=\"color: #000000; font-size: 12pt; font-family: georgia, palatino, serif;\"><i><b>10.50-11.05 Reconocimiento a la Calidad Erasmus+ 2024 otorgado a Salvadora Garc\u00eda Algarra por la Agencia Nacional Erasmus+ Educaci\u00f3n Formaci\u00f3n de Espa\u00f1a. Teatro Real Madrid, diciembre 2024.<\/b><\/i><\/span><\/p>\n<p style=\"text-align: justify;\"><span style=\"font-size: 12pt; font-family: georgia, palatino, serif;\"><span style=\"color: #000000;\"><i> Salvadora Garc\u00eda Algarra. Participante de Club de Lectura<\/i><\/span><span style=\"color: #000000;\"><i> Biblioteca Ana Mar\u00eda Matute<\/i><\/span><\/span><\/p>\n<p class=\"western\" style=\"text-align: justify;\"><span style=\"color: #000000; font-size: 12pt; font-family: georgia, palatino, serif;\"><i> Mar\u00eda Elia Lac\u00e1rcel Meg\u00edas. Coordinadora Erasmus<\/i><\/span><\/p>\n<p style=\"text-align: justify;\"><span style=\"color: #000000; font-size: 12pt; font-family: georgia, palatino, serif;\"><i> Mar\u00eda Jos\u00e9 Moreno Fern\u00e1ndez. Directora Biblioteca Ana Mar\u00eda Matute<\/i><\/span><\/p>\n<p style=\"text-align: justify;\"><span style=\"color: #191919; font-size: 12pt; font-family: georgia, palatino, serif;\"><i><b>11.05-11:30.- Experiencias en Castleblayney Community Enterprise, Castleblayney (Irlanda)<\/b><\/i><\/span><\/p>\n<ul style=\"text-align: justify;\">\n<li>\n<p align=\"left\"><span style=\"font-size: 12pt; font-family: georgia, palatino, serif;\"><span style=\"color: #191919;\"><i><b>Cursos de Acuarela de la Universidad Popular<\/b><\/i><\/span><span style=\"color: #191919;\"><i> de Caudete. Asunci\u00f3n Franc\u00e9s Mart\u00ed. Alumna participante.<\/i><\/span><\/span><\/p>\n<\/li>\n<\/ul>\n<ul style=\"text-align: justify;\">\n<li>\n<p align=\"left\"><span style=\"font-size: 12pt; font-family: georgia, palatino, serif;\"><span style=\"color: #191919;\"><i><b>Club de Lectura de Ingl\u00e9s Biblioteca Ana Mar\u00eda Matute.<\/b><\/i><\/span><span style=\"color: #191919;\"><i> Sergio Moll\u00e1 Solera, monitor Club de Lectura. Juan Antonio Berenguer Fuster, alumno participante.<\/i><\/span><\/span><\/p>\n<\/li>\n<\/ul>\n<p style=\"text-align: justify;\" align=\"left\"><span style=\"color: #191919; font-size: 12pt; font-family: georgia, palatino, serif;\"><i><b>11.30-11.45 Experiencia con Ayuntamiento de Fabriano (Italia).<\/b><\/i><\/span><\/p>\n<ul style=\"text-align: justify;\">\n<li>\n<p align=\"left\"><span style=\"font-size: 12pt; font-family: georgia, palatino, serif;\"><span style=\"color: #191919;\"><i><b>Taller Caf\u00e9 en Italiano Parlare d\u2019Arte. Universidad Popular de Caudete<\/b><\/i><\/span><span style=\"color: #191919;\"><i>. Candelaria Gracia Fausto Mar\u00edn y Rosabel Quinquer Agut. Alumnas participantes<\/i><\/span><\/span><\/p>\n<\/li>\n<\/ul>\n<p style=\"text-align: justify;\" align=\"left\"><span style=\"font-size: 12pt; font-family: georgia, palatino, serif;\"><span style=\"color: #191919;\"><i><b>11:45-12:00<\/b><\/i><\/span><i> <\/i><span style=\"color: #191919;\"><i><b>Conociendo bibliotecas en Rep\u00fablica Checa. Biblioteca Municipal de Praga.<\/b><\/i><\/span><\/span><\/p>\n<p style=\"text-align: justify;\" align=\"left\"><span style=\"font-size: 12pt; font-family: georgia, palatino, serif;\"><i><b> <\/b><\/i><span style=\"color: #191919;\"><i> Mar\u00eda Jos\u00e9 Moreno Fern\u00e1ndez. Directora de la Biblioteca Ana Mar\u00eda Matute <\/i><\/span><\/span><\/p>\n<p style=\"text-align: justify;\" align=\"left\"><span style=\"font-family: georgia, palatino, serif; font-size: 12pt;\"><i><b>12.00-12:30 Pausa Caf\u00e9<\/b><\/i><\/span><\/p>\n<p style=\"text-align: justify;\"><span style=\"color: #191919; font-size: 12pt; font-family: georgia, palatino, serif;\"><i><b>12:30-13.00.- Co-creaci\u00f3n de entornos de aprendizaje con realidad extendida para la inclusi\u00f3n laboral de personas del espectro autista. <\/b><\/i><\/span><\/p>\n<p style=\"text-align: justify;\"><span style=\"font-size: 12pt; font-family: georgia, palatino, serif;\"><i><b> <\/b><\/i><span style=\"color: #191919;\"><i>Gregorio Ca\u00f1avate Cruzado. Director de Skills Divers. Consultor de proyectos europeos y tecnolog\u00eda para la educaci\u00f3n. <\/i><\/span><\/span><\/p>\n<p style=\"text-align: justify;\"><span style=\"font-size: 12pt; font-family: georgia, palatino, serif;\"><span style=\"color: #191919;\"><i><b>13:00-13:30.- Experiencias en Formaci\u00f3n Profesional del IES Pintor Rafael Requena en Monaghan (Irlanda) en la entidad <\/b><\/i><\/span><span style=\"color: #1c1c1c;\"><i><b>Cavan and Monaghan Education &amp; Training Board \u00a0 <\/b><\/i><\/span><\/span><\/p>\n<p style=\"text-align: justify;\" align=\"left\"><span style=\"color: #191919; font-size: 12pt; font-family: georgia, palatino, serif;\"><i>Manuela Serrano S\u00e1nchez, profesora de Formaci\u00f3n Profesional B\u00e1sica de Administraci\u00f3n.<\/i><\/span><\/p>\n<p style=\"text-align: justify;\"><span style=\"color: #191919; font-size: 12pt; font-family: georgia, palatino, serif;\"><i><b>13.30-14.30- Mesa redonda experiencias participantes.<\/b><\/i><\/span><\/p>\n<ul style=\"text-align: justify;\">\n<li><span style=\"font-size: 12pt; font-family: georgia, palatino, serif;\"><span style=\"color: #191919;\"><i><b>Experiencia en Instituciones Europeas en Bruselas (B\u00e9lgica) con Fundaci\u00f3n Finnova<\/b><\/i><\/span><span style=\"color: #191919;\"><i>: Mar\u00eda Lourdes Pozo Saor\u00edn y Thayra Roc\u00edo Moreno Trujillo, monitora y alumna de Cursos de Bordado Universidad Popular.<\/i><\/span><\/span><\/li>\n<li><span style=\"font-size: 12pt; font-family: georgia, palatino, serif;\"><span style=\"color: #191919;\"><i><b>Experiencia en Estrasburgo (Francia) con ELE USAL<\/b><\/i><\/span><span style=\"color: #191919;\"><i>: Mar\u00eda de la Paz Cremades Ba\u00f1\u00f3n,<\/i><\/span><i><b> <\/b><\/i><span style=\"color: #191919;\"><i>participante en Club de Lectura de Franc\u00e9s de la Biblioteca Ana Mar\u00eda Matute de Caudete.<\/i><\/span><\/span><\/li>\n<li><span style=\"font-size: 12pt; font-family: georgia, palatino, serif;\"><span style=\"color: #191919;\"><i><b>Experiencia en Matera (Italia) con Asociaci\u00f3n Materahub: <\/b><\/i><\/span><span style=\"color: #191919;\"><i>Manuela Gonz\u00e1lez Solera, Concejal de Cultura,<\/i><\/span><i><b> <\/b><\/i><span style=\"color: #191919;\"><i>personal acompa\u00f1ante en movilidad de grupo de alumnado adulto de los Cursos de Cata de Vino de la Universidad Popular<\/i><\/span><\/span><\/li>\n<\/ul>\n<p style=\"text-align: justify;\"><span style=\"color: #191919; font-size: 12pt; font-family: georgia, palatino, serif;\"><i> Moderan: Leonor Mac\u00eda, Cope Villena MQR <\/i><\/span><\/p>\n<p style=\"text-align: justify;\"><span style=\"color: #191919; font-size: 12pt; font-family: georgia, palatino, serif;\"><i> Mar\u00eda S\u00e1nchez L\u00f3pez, directora Casa de Cultura de Caudete<\/i><\/span><\/p>\n<p style=\"text-align: justify;\"><span style=\"color: #191919; font-size: 12pt; font-family: georgia, palatino, serif;\"><i>14:30.- Clausura.<\/i><\/span><\/p>\n<p><a href=\"https:\/\/www.caudete.org\/ayuntamiento\/wp-content\/uploads\/2025\/10\/Programa-Erasmus-Days-2025.pdf\" class=\"mtli_attachment mtli_pdf\">Programa Erasmus Days 2025<\/a><\/p>\n<p><a href=\"https:\/\/www.caudete.org\/ayuntamiento\/wp-content\/uploads\/2025\/10\/Programa-Erasmus-Days-2025.pdf\" class=\"mtli_attachment mtli_pdf\"><img decoding=\"async\" class=\"wp-image-30974 size-full aligncenter\" src=\"https:\/\/www.caudete.org\/ayuntamiento\/wp-content\/uploads\/2025\/10\/image004.jpg\" rel='prettyPhoto' alt=\"\" width=\"483\" height=\"822\" srcset=\"https:\/\/www.caudete.org\/ayuntamiento\/wp-content\/uploads\/2025\/10\/image004.jpg 483w, https:\/\/www.caudete.org\/ayuntamiento\/wp-content\/uploads\/2025\/10\/image004-470x800.jpg 470w, https:\/\/www.caudete.org\/ayuntamiento\/wp-content\/uploads\/2025\/10\/image004-129x220.jpg 129w\" sizes=\"(max-width: 483px) 100vw, 483px\" \/><\/a><\/p>\n","protected":false},"excerpt":{"rendered":"<p>El Ayuntamiento de Caudete informa de la celebraci\u00f3n de sus Jornadas ErasmusDays 2025, el pr\u00f3ximo d\u00eda mi\u00e9rcoles, 15 de octubre, de 10.00 a 14.30 horas, en el Museo de la Acuarela Pintor Rafael Requena de la localidad. ErasmusDays es una campa\u00f1a de celebraci\u00f3n que pone en valor los beneficios de la movilidad europea mediante la &hellip;<\/p>\n","protected":false},"author":6,"featured_media":30972,"comment_status":"closed","ping_status":"open","sticky":false,"template":"","format":"standard","meta":{"ngg_post_thumbnail":0,"footnotes":""},"categories":[87],"tags":[],"class_list":["post-30971","post","type-post","status-publish","format-standard","has-post-thumbnail","hentry","category-desarrollo-local"],"yoast_head":"<!-- This site is optimized with the Yoast SEO plugin v27.4 - https:\/\/yoast.com\/product\/yoast-seo-wordpress\/ -->\n<title>Jornada ErasmusDays 2025 \u201cCelebrando el aprendizaje y la participaci\u00f3n ciudadana con ErasmusDays\u201d - MI Ayuntamiento de Caudete<\/title>\n<meta name=\"description\" content=\"P\u00e1gina Oficial del Ayuntamiento de Caudete (Albacete)\" \/>\n<meta name=\"robots\" content=\"index, follow, max-snippet:-1, max-image-preview:large, max-video-preview:-1\" \/>\n<link rel=\"canonical\" href=\"https:\/\/www.caudete.org\/ayuntamiento\/jornada-erasmusdays-2025-celebrando-el-aprendizaje-y-la-participacion-ciudadana-con-erasmusdays\/\" \/>\n<meta property=\"og:locale\" content=\"es_ES\" \/>\n<meta property=\"og:type\" content=\"article\" \/>\n<meta property=\"og:title\" content=\"Jornada ErasmusDays 2025 \u201cCelebrando el aprendizaje y la participaci\u00f3n ciudadana con ErasmusDays\u201d - MI Ayuntamiento de Caudete\" \/>\n<meta property=\"og:description\" content=\"P\u00e1gina Oficial del Ayuntamiento de Caudete (Albacete)\" \/>\n<meta property=\"og:url\" content=\"https:\/\/www.caudete.org\/ayuntamiento\/jornada-erasmusdays-2025-celebrando-el-aprendizaje-y-la-participacion-ciudadana-con-erasmusdays\/\" \/>\n<meta property=\"og:site_name\" content=\"MI Ayuntamiento de Caudete\" \/>\n<meta property=\"article:publisher\" content=\"https:\/\/www.facebook.com\/ayuntamientocaudete\/\" \/>\n<meta property=\"article:published_time\" content=\"2025-10-10T10:00:36+00:00\" \/>\n<meta property=\"article:modified_time\" content=\"2025-10-10T10:06:29+00:00\" \/>\n<meta property=\"og:image\" content=\"https:\/\/www.caudete.org\/ayuntamiento\/wp-content\/uploads\/2025\/10\/image004-port-e1760013015430.png\" \/>\n\t<meta property=\"og:image:width\" content=\"474\" \/>\n\t<meta property=\"og:image:height\" content=\"229\" \/>\n\t<meta property=\"og:image:type\" content=\"image\/png\" \/>\n<meta name=\"author\" content=\"informatica2\" \/>\n<meta name=\"twitter:card\" content=\"summary_large_image\" \/>\n<meta name=\"twitter:label1\" content=\"Escrito por\" \/>\n\t<meta name=\"twitter:data1\" content=\"informatica2\" \/>\n\t<meta name=\"twitter:label2\" content=\"Tiempo de lectura\" \/>\n\t<meta name=\"twitter:data2\" content=\"4 minutos\" \/>\n<script type=\"application\/ld+json\" class=\"yoast-schema-graph\">{\"@context\":\"https:\\\/\\\/schema.org\",\"@graph\":[{\"@type\":\"Article\",\"@id\":\"https:\\\/\\\/www.caudete.org\\\/ayuntamiento\\\/jornada-erasmusdays-2025-celebrando-el-aprendizaje-y-la-participacion-ciudadana-con-erasmusdays\\\/#article\",\"isPartOf\":{\"@id\":\"https:\\\/\\\/www.caudete.org\\\/ayuntamiento\\\/jornada-erasmusdays-2025-celebrando-el-aprendizaje-y-la-participacion-ciudadana-con-erasmusdays\\\/\"},\"author\":{\"name\":\"informatica2\",\"@id\":\"https:\\\/\\\/www.caudete.org\\\/ayuntamiento\\\/#\\\/schema\\\/person\\\/abfa5ffd5010a14e078c21e6e61b6291\"},\"headline\":\"Jornada ErasmusDays 2025 \u201cCelebrando el aprendizaje y la participaci\u00f3n ciudadana con ErasmusDays\u201d\",\"datePublished\":\"2025-10-10T10:00:36+00:00\",\"dateModified\":\"2025-10-10T10:06:29+00:00\",\"mainEntityOfPage\":{\"@id\":\"https:\\\/\\\/www.caudete.org\\\/ayuntamiento\\\/jornada-erasmusdays-2025-celebrando-el-aprendizaje-y-la-participacion-ciudadana-con-erasmusdays\\\/\"},\"wordCount\":810,\"publisher\":{\"@id\":\"https:\\\/\\\/www.caudete.org\\\/ayuntamiento\\\/#organization\"},\"image\":{\"@id\":\"https:\\\/\\\/www.caudete.org\\\/ayuntamiento\\\/jornada-erasmusdays-2025-celebrando-el-aprendizaje-y-la-participacion-ciudadana-con-erasmusdays\\\/#primaryimage\"},\"thumbnailUrl\":\"https:\\\/\\\/www.caudete.org\\\/ayuntamiento\\\/wp-content\\\/uploads\\\/2025\\\/10\\\/image004-port-e1760013015430.png\",\"articleSection\":[\"Desarrollo Local\"],\"inLanguage\":\"es\"},{\"@type\":\"WebPage\",\"@id\":\"https:\\\/\\\/www.caudete.org\\\/ayuntamiento\\\/jornada-erasmusdays-2025-celebrando-el-aprendizaje-y-la-participacion-ciudadana-con-erasmusdays\\\/\",\"url\":\"https:\\\/\\\/www.caudete.org\\\/ayuntamiento\\\/jornada-erasmusdays-2025-celebrando-el-aprendizaje-y-la-participacion-ciudadana-con-erasmusdays\\\/\",\"name\":\"Jornada ErasmusDays 2025 \u201cCelebrando el aprendizaje y la participaci\u00f3n ciudadana con ErasmusDays\u201d - MI Ayuntamiento de Caudete\",\"isPartOf\":{\"@id\":\"https:\\\/\\\/www.caudete.org\\\/ayuntamiento\\\/#website\"},\"primaryImageOfPage\":{\"@id\":\"https:\\\/\\\/www.caudete.org\\\/ayuntamiento\\\/jornada-erasmusdays-2025-celebrando-el-aprendizaje-y-la-participacion-ciudadana-con-erasmusdays\\\/#primaryimage\"},\"image\":{\"@id\":\"https:\\\/\\\/www.caudete.org\\\/ayuntamiento\\\/jornada-erasmusdays-2025-celebrando-el-aprendizaje-y-la-participacion-ciudadana-con-erasmusdays\\\/#primaryimage\"},\"thumbnailUrl\":\"https:\\\/\\\/www.caudete.org\\\/ayuntamiento\\\/wp-content\\\/uploads\\\/2025\\\/10\\\/image004-port-e1760013015430.png\",\"datePublished\":\"2025-10-10T10:00:36+00:00\",\"dateModified\":\"2025-10-10T10:06:29+00:00\",\"description\":\"P\u00e1gina Oficial del Ayuntamiento de Caudete (Albacete)\",\"breadcrumb\":{\"@id\":\"https:\\\/\\\/www.caudete.org\\\/ayuntamiento\\\/jornada-erasmusdays-2025-celebrando-el-aprendizaje-y-la-participacion-ciudadana-con-erasmusdays\\\/#breadcrumb\"},\"inLanguage\":\"es\",\"potentialAction\":[{\"@type\":\"ReadAction\",\"target\":[\"https:\\\/\\\/www.caudete.org\\\/ayuntamiento\\\/jornada-erasmusdays-2025-celebrando-el-aprendizaje-y-la-participacion-ciudadana-con-erasmusdays\\\/\"]}]},{\"@type\":\"ImageObject\",\"inLanguage\":\"es\",\"@id\":\"https:\\\/\\\/www.caudete.org\\\/ayuntamiento\\\/jornada-erasmusdays-2025-celebrando-el-aprendizaje-y-la-participacion-ciudadana-con-erasmusdays\\\/#primaryimage\",\"url\":\"https:\\\/\\\/www.caudete.org\\\/ayuntamiento\\\/wp-content\\\/uploads\\\/2025\\\/10\\\/image004-port-e1760013015430.png\",\"contentUrl\":\"https:\\\/\\\/www.caudete.org\\\/ayuntamiento\\\/wp-content\\\/uploads\\\/2025\\\/10\\\/image004-port-e1760013015430.png\",\"width\":474,\"height\":229},{\"@type\":\"BreadcrumbList\",\"@id\":\"https:\\\/\\\/www.caudete.org\\\/ayuntamiento\\\/jornada-erasmusdays-2025-celebrando-el-aprendizaje-y-la-participacion-ciudadana-con-erasmusdays\\\/#breadcrumb\",\"itemListElement\":[{\"@type\":\"ListItem\",\"position\":1,\"name\":\"Inicio\",\"item\":\"https:\\\/\\\/www.caudete.org\\\/ayuntamiento\\\/\"},{\"@type\":\"ListItem\",\"position\":2,\"name\":\"Jornada ErasmusDays 2025 \u201cCelebrando el aprendizaje y la participaci\u00f3n ciudadana con ErasmusDays\u201d\"}]},{\"@type\":\"WebSite\",\"@id\":\"https:\\\/\\\/www.caudete.org\\\/ayuntamiento\\\/#website\",\"url\":\"https:\\\/\\\/www.caudete.org\\\/ayuntamiento\\\/\",\"name\":\"MI Ayuntamiento de Caudete\",\"description\":\"P\u00e1gina Oficial del MI Ayuntamiento de Caudete\",\"publisher\":{\"@id\":\"https:\\\/\\\/www.caudete.org\\\/ayuntamiento\\\/#organization\"},\"potentialAction\":[{\"@type\":\"SearchAction\",\"target\":{\"@type\":\"EntryPoint\",\"urlTemplate\":\"https:\\\/\\\/www.caudete.org\\\/ayuntamiento\\\/?s={search_term_string}\"},\"query-input\":{\"@type\":\"PropertyValueSpecification\",\"valueRequired\":true,\"valueName\":\"search_term_string\"}}],\"inLanguage\":\"es\"},{\"@type\":\"Organization\",\"@id\":\"https:\\\/\\\/www.caudete.org\\\/ayuntamiento\\\/#organization\",\"name\":\"Ayuntamiento de Caudete\",\"url\":\"https:\\\/\\\/www.caudete.org\\\/ayuntamiento\\\/\",\"logo\":{\"@type\":\"ImageObject\",\"inLanguage\":\"es\",\"@id\":\"https:\\\/\\\/www.caudete.org\\\/ayuntamiento\\\/#\\\/schema\\\/logo\\\/image\\\/\",\"url\":\"https:\\\/\\\/www.caudete.org\\\/ayuntamiento\\\/wp-content\\\/uploads\\\/2020\\\/11\\\/logo_ayuntamiento_caudete.jpg\",\"contentUrl\":\"https:\\\/\\\/www.caudete.org\\\/ayuntamiento\\\/wp-content\\\/uploads\\\/2020\\\/11\\\/logo_ayuntamiento_caudete.jpg\",\"width\":600,\"height\":150,\"caption\":\"Ayuntamiento de Caudete\"},\"image\":{\"@id\":\"https:\\\/\\\/www.caudete.org\\\/ayuntamiento\\\/#\\\/schema\\\/logo\\\/image\\\/\"},\"sameAs\":[\"https:\\\/\\\/www.facebook.com\\\/ayuntamientocaudete\\\/\",\"https:\\\/\\\/www.youtube.com\\\/channel\\\/UC6VztHaooNsGpw-tNoBEFnQ\"]},{\"@type\":\"Person\",\"@id\":\"https:\\\/\\\/www.caudete.org\\\/ayuntamiento\\\/#\\\/schema\\\/person\\\/abfa5ffd5010a14e078c21e6e61b6291\",\"name\":\"informatica2\",\"image\":{\"@type\":\"ImageObject\",\"inLanguage\":\"es\",\"@id\":\"https:\\\/\\\/secure.gravatar.com\\\/avatar\\\/b089890ff033a3e4d03eec00ecb5a14425217205c513f60ec32ebeaaeb5fa700?s=96&d=mm&r=g\",\"url\":\"https:\\\/\\\/secure.gravatar.com\\\/avatar\\\/b089890ff033a3e4d03eec00ecb5a14425217205c513f60ec32ebeaaeb5fa700?s=96&d=mm&r=g\",\"contentUrl\":\"https:\\\/\\\/secure.gravatar.com\\\/avatar\\\/b089890ff033a3e4d03eec00ecb5a14425217205c513f60ec32ebeaaeb5fa700?s=96&d=mm&r=g\",\"caption\":\"informatica2\"},\"url\":\"https:\\\/\\\/www.caudete.org\\\/ayuntamiento\\\/author\\\/informatica2\\\/\"}]}<\/script>\n<!-- \/ Yoast SEO plugin. -->","yoast_head_json":{"title":"Jornada ErasmusDays 2025 \u201cCelebrando el aprendizaje y la participaci\u00f3n ciudadana con ErasmusDays\u201d - MI Ayuntamiento de Caudete","description":"P\u00e1gina Oficial del Ayuntamiento de Caudete (Albacete)","robots":{"index":"index","follow":"follow","max-snippet":"max-snippet:-1","max-image-preview":"max-image-preview:large","max-video-preview":"max-video-preview:-1"},"canonical":"https:\/\/www.caudete.org\/ayuntamiento\/jornada-erasmusdays-2025-celebrando-el-aprendizaje-y-la-participacion-ciudadana-con-erasmusdays\/","og_locale":"es_ES","og_type":"article","og_title":"Jornada ErasmusDays 2025 \u201cCelebrando el aprendizaje y la participaci\u00f3n ciudadana con ErasmusDays\u201d - MI Ayuntamiento de Caudete","og_description":"P\u00e1gina Oficial del Ayuntamiento de Caudete (Albacete)","og_url":"https:\/\/www.caudete.org\/ayuntamiento\/jornada-erasmusdays-2025-celebrando-el-aprendizaje-y-la-participacion-ciudadana-con-erasmusdays\/","og_site_name":"MI Ayuntamiento de Caudete","article_publisher":"https:\/\/www.facebook.com\/ayuntamientocaudete\/","article_published_time":"2025-10-10T10:00:36+00:00","article_modified_time":"2025-10-10T10:06:29+00:00","og_image":[{"width":474,"height":229,"url":"https:\/\/www.caudete.org\/ayuntamiento\/wp-content\/uploads\/2025\/10\/image004-port-e1760013015430.png","type":"image\/png"}],"author":"informatica2","twitter_card":"summary_large_image","twitter_misc":{"Escrito por":"informatica2","Tiempo de lectura":"4 minutos"},"schema":{"@context":"https:\/\/schema.org","@graph":[{"@type":"Article","@id":"https:\/\/www.caudete.org\/ayuntamiento\/jornada-erasmusdays-2025-celebrando-el-aprendizaje-y-la-participacion-ciudadana-con-erasmusdays\/#article","isPartOf":{"@id":"https:\/\/www.caudete.org\/ayuntamiento\/jornada-erasmusdays-2025-celebrando-el-aprendizaje-y-la-participacion-ciudadana-con-erasmusdays\/"},"author":{"name":"informatica2","@id":"https:\/\/www.caudete.org\/ayuntamiento\/#\/schema\/person\/abfa5ffd5010a14e078c21e6e61b6291"},"headline":"Jornada ErasmusDays 2025 \u201cCelebrando el aprendizaje y la participaci\u00f3n ciudadana con ErasmusDays\u201d","datePublished":"2025-10-10T10:00:36+00:00","dateModified":"2025-10-10T10:06:29+00:00","mainEntityOfPage":{"@id":"https:\/\/www.caudete.org\/ayuntamiento\/jornada-erasmusdays-2025-celebrando-el-aprendizaje-y-la-participacion-ciudadana-con-erasmusdays\/"},"wordCount":810,"publisher":{"@id":"https:\/\/www.caudete.org\/ayuntamiento\/#organization"},"image":{"@id":"https:\/\/www.caudete.org\/ayuntamiento\/jornada-erasmusdays-2025-celebrando-el-aprendizaje-y-la-participacion-ciudadana-con-erasmusdays\/#primaryimage"},"thumbnailUrl":"https:\/\/www.caudete.org\/ayuntamiento\/wp-content\/uploads\/2025\/10\/image004-port-e1760013015430.png","articleSection":["Desarrollo Local"],"inLanguage":"es"},{"@type":"WebPage","@id":"https:\/\/www.caudete.org\/ayuntamiento\/jornada-erasmusdays-2025-celebrando-el-aprendizaje-y-la-participacion-ciudadana-con-erasmusdays\/","url":"https:\/\/www.caudete.org\/ayuntamiento\/jornada-erasmusdays-2025-celebrando-el-aprendizaje-y-la-participacion-ciudadana-con-erasmusdays\/","name":"Jornada ErasmusDays 2025 \u201cCelebrando el aprendizaje y la participaci\u00f3n ciudadana con ErasmusDays\u201d - MI Ayuntamiento de Caudete","isPartOf":{"@id":"https:\/\/www.caudete.org\/ayuntamiento\/#website"},"primaryImageOfPage":{"@id":"https:\/\/www.caudete.org\/ayuntamiento\/jornada-erasmusdays-2025-celebrando-el-aprendizaje-y-la-participacion-ciudadana-con-erasmusdays\/#primaryimage"},"image":{"@id":"https:\/\/www.caudete.org\/ayuntamiento\/jornada-erasmusdays-2025-celebrando-el-aprendizaje-y-la-participacion-ciudadana-con-erasmusdays\/#primaryimage"},"thumbnailUrl":"https:\/\/www.caudete.org\/ayuntamiento\/wp-content\/uploads\/2025\/10\/image004-port-e1760013015430.png","datePublished":"2025-10-10T10:00:36+00:00","dateModified":"2025-10-10T10:06:29+00:00","description":"P\u00e1gina Oficial del Ayuntamiento de Caudete (Albacete)","breadcrumb":{"@id":"https:\/\/www.caudete.org\/ayuntamiento\/jornada-erasmusdays-2025-celebrando-el-aprendizaje-y-la-participacion-ciudadana-con-erasmusdays\/#breadcrumb"},"inLanguage":"es","potentialAction":[{"@type":"ReadAction","target":["https:\/\/www.caudete.org\/ayuntamiento\/jornada-erasmusdays-2025-celebrando-el-aprendizaje-y-la-participacion-ciudadana-con-erasmusdays\/"]}]},{"@type":"ImageObject","inLanguage":"es","@id":"https:\/\/www.caudete.org\/ayuntamiento\/jornada-erasmusdays-2025-celebrando-el-aprendizaje-y-la-participacion-ciudadana-con-erasmusdays\/#primaryimage","url":"https:\/\/www.caudete.org\/ayuntamiento\/wp-content\/uploads\/2025\/10\/image004-port-e1760013015430.png","contentUrl":"https:\/\/www.caudete.org\/ayuntamiento\/wp-content\/uploads\/2025\/10\/image004-port-e1760013015430.png","width":474,"height":229},{"@type":"BreadcrumbList","@id":"https:\/\/www.caudete.org\/ayuntamiento\/jornada-erasmusdays-2025-celebrando-el-aprendizaje-y-la-participacion-ciudadana-con-erasmusdays\/#breadcrumb","itemListElement":[{"@type":"ListItem","position":1,"name":"Inicio","item":"https:\/\/www.caudete.org\/ayuntamiento\/"},{"@type":"ListItem","position":2,"name":"Jornada ErasmusDays 2025 \u201cCelebrando el aprendizaje y la participaci\u00f3n ciudadana con ErasmusDays\u201d"}]},{"@type":"WebSite","@id":"https:\/\/www.caudete.org\/ayuntamiento\/#website","url":"https:\/\/www.caudete.org\/ayuntamiento\/","name":"MI Ayuntamiento de Caudete","description":"P\u00e1gina Oficial del MI Ayuntamiento de Caudete","publisher":{"@id":"https:\/\/www.caudete.org\/ayuntamiento\/#organization"},"potentialAction":[{"@type":"SearchAction","target":{"@type":"EntryPoint","urlTemplate":"https:\/\/www.caudete.org\/ayuntamiento\/?s={search_term_string}"},"query-input":{"@type":"PropertyValueSpecification","valueRequired":true,"valueName":"search_term_string"}}],"inLanguage":"es"},{"@type":"Organization","@id":"https:\/\/www.caudete.org\/ayuntamiento\/#organization","name":"Ayuntamiento de Caudete","url":"https:\/\/www.caudete.org\/ayuntamiento\/","logo":{"@type":"ImageObject","inLanguage":"es","@id":"https:\/\/www.caudete.org\/ayuntamiento\/#\/schema\/logo\/image\/","url":"https:\/\/www.caudete.org\/ayuntamiento\/wp-content\/uploads\/2020\/11\/logo_ayuntamiento_caudete.jpg","contentUrl":"https:\/\/www.caudete.org\/ayuntamiento\/wp-content\/uploads\/2020\/11\/logo_ayuntamiento_caudete.jpg","width":600,"height":150,"caption":"Ayuntamiento de Caudete"},"image":{"@id":"https:\/\/www.caudete.org\/ayuntamiento\/#\/schema\/logo\/image\/"},"sameAs":["https:\/\/www.facebook.com\/ayuntamientocaudete\/","https:\/\/www.youtube.com\/channel\/UC6VztHaooNsGpw-tNoBEFnQ"]},{"@type":"Person","@id":"https:\/\/www.caudete.org\/ayuntamiento\/#\/schema\/person\/abfa5ffd5010a14e078c21e6e61b6291","name":"informatica2","image":{"@type":"ImageObject","inLanguage":"es","@id":"https:\/\/secure.gravatar.com\/avatar\/b089890ff033a3e4d03eec00ecb5a14425217205c513f60ec32ebeaaeb5fa700?s=96&d=mm&r=g","url":"https:\/\/secure.gravatar.com\/avatar\/b089890ff033a3e4d03eec00ecb5a14425217205c513f60ec32ebeaaeb5fa700?s=96&d=mm&r=g","contentUrl":"https:\/\/secure.gravatar.com\/avatar\/b089890ff033a3e4d03eec00ecb5a14425217205c513f60ec32ebeaaeb5fa700?s=96&d=mm&r=g","caption":"informatica2"},"url":"https:\/\/www.caudete.org\/ayuntamiento\/author\/informatica2\/"}]}},"_links":{"self":[{"href":"https:\/\/www.caudete.org\/ayuntamiento\/wp-json\/wp\/v2\/posts\/30971","targetHints":{"allow":["GET"]}}],"collection":[{"href":"https:\/\/www.caudete.org\/ayuntamiento\/wp-json\/wp\/v2\/posts"}],"about":[{"href":"https:\/\/www.caudete.org\/ayuntamiento\/wp-json\/wp\/v2\/types\/post"}],"author":[{"embeddable":true,"href":"https:\/\/www.caudete.org\/ayuntamiento\/wp-json\/wp\/v2\/users\/6"}],"replies":[{"embeddable":true,"href":"https:\/\/www.caudete.org\/ayuntamiento\/wp-json\/wp\/v2\/comments?post=30971"}],"version-history":[{"count":6,"href":"https:\/\/www.caudete.org\/ayuntamiento\/wp-json\/wp\/v2\/posts\/30971\/revisions"}],"predecessor-version":[{"id":31010,"href":"https:\/\/www.caudete.org\/ayuntamiento\/wp-json\/wp\/v2\/posts\/30971\/revisions\/31010"}],"wp:featuredmedia":[{"embeddable":true,"href":"https:\/\/www.caudete.org\/ayuntamiento\/wp-json\/wp\/v2\/media\/30972"}],"wp:attachment":[{"href":"https:\/\/www.caudete.org\/ayuntamiento\/wp-json\/wp\/v2\/media?parent=30971"}],"wp:term":[{"taxonomy":"category","embeddable":true,"href":"https:\/\/www.caudete.org\/ayuntamiento\/wp-json\/wp\/v2\/categories?post=30971"},{"taxonomy":"post_tag","embeddable":true,"href":"https:\/\/www.caudete.org\/ayuntamiento\/wp-json\/wp\/v2\/tags?post=30971"}],"curies":[{"name":"wp","href":"https:\/\/api.w.org\/{rel}","templated":true}]}}