{"id":30981,"date":"2025-10-09T16:19:19","date_gmt":"2025-10-09T14:19:19","guid":{"rendered":"https:\/\/www.caudete.org\/ayuntamiento\/?p=30981"},"modified":"2025-10-10T10:35:15","modified_gmt":"2025-10-10T08:35:15","slug":"comunicado-de-la-concejalia-de-medio-ambiente-posposicion-del-tratamiento-contra-la-procesionaria","status":"publish","type":"post","link":"https:\/\/www.caudete.org\/ayuntamiento\/comunicado-de-la-concejalia-de-medio-ambiente-posposicion-del-tratamiento-contra-la-procesionaria\/","title":{"rendered":"Posposici\u00f3n del tratamiento contra la procesionaria"},"content":{"rendered":"<p data-start=\"280\" data-end=\"581\">El Muy Ilustre Ayuntamiento de Caudete, a trav\u00e9s de la Concejal\u00eda de Medio Ambiente y de su concejal Francisco Jos\u00e9 Castell\u00f3, informa que los trabajos de tratamiento contra la procesionaria, que estaban pendientes de acometerse esta semana, se posponen temporalmente debido al riesgo de lluvias.<\/p>\n<p data-start=\"583\" data-end=\"778\">Este tratamiento se realiza pulverizando las copas de los \u00e1rboles, y la lluvia podr\u00eda reducir significativamente su eficacia al diluir el producto y dificultar su correcta adhesi\u00f3n a las hojas.<\/p>\n<p data-start=\"780\" data-end=\"1273\">El concejal <strong data-start=\"792\" data-end=\"819\">Francisco Jos\u00e9 Castell\u00f3<\/strong> recuerda que el tratamiento se realiza en estas fechas porque es el momento m\u00e1s efectivo para controlar la plaga. En octubre, las orugas de la procesionaria se encuentran en sus primeras fases larvarias, antes de formar los bolsones de seda que las protegen durante el invierno. Actuar ahora permite eliminar gran parte de la poblaci\u00f3n y evitar su descenso al suelo en los meses fr\u00edos, reduciendo riesgos para las personas, las mascotas y el arbolado.<\/p>\n<p data-start=\"1275\" data-end=\"1322\">Adem\u00e1s, tratar la procesionaria en esta fase:<\/p>\n<ul data-start=\"1323\" data-end=\"1586\">\n<li data-start=\"1323\" data-end=\"1433\">\n<p data-start=\"1325\" data-end=\"1433\">Permite actuar de forma preventiva antes de que las orugas bajen al suelo, evitando riesgos para la salud.<\/p>\n<\/li>\n<li data-start=\"1434\" data-end=\"1500\">\n<p data-start=\"1436\" data-end=\"1500\">Minimiza el da\u00f1o sobre los pinos y zonas verdes del municipio.<\/p>\n<\/li>\n<li data-start=\"1501\" data-end=\"1586\">\n<p data-start=\"1503\" data-end=\"1586\">Garantiza una mayor eficacia, al aplicarse cuando las orugas son m\u00e1s vulnerables.<\/p>\n<\/li>\n<\/ul>\n<p data-start=\"1588\" data-end=\"1837\">Desde la Concejal\u00eda de Medio Ambiente, <strong data-start=\"1627\" data-end=\"1654\">Francisco Jos\u00e9 Castell\u00f3<\/strong> asegura que los trabajos se reprogramar\u00e1n en cuanto las condiciones meteorol\u00f3gicas sean adecuadas, garantizando un control seguro y eficaz de la procesionaria en todo el municipio.<\/p>\n<p data-start=\"1839\" data-end=\"2004\">Agradecemos la comprensi\u00f3n de los vecinos y vecinas de Caudete y recordamos la importancia de mantener nuestras zonas verdes en buen estado y libres de esta plaga.<\/p>\n<p data-start=\"2006\" data-end=\"2078\"><strong data-start=\"2006\" data-end=\"2076\">Concejal\u00eda de Medio Ambiente \u2013 Muy Ilustre Ayuntamiento de Caudete<\/strong><\/p>\n","protected":false},"excerpt":{"rendered":"<p>El Muy Ilustre Ayuntamiento de Caudete, a trav\u00e9s de la Concejal\u00eda de Medio Ambiente y de su concejal Francisco Jos\u00e9 Castell\u00f3, informa que los trabajos de tratamiento contra la procesionaria, que estaban pendientes de acometerse esta semana, se posponen temporalmente debido al riesgo de lluvias. Este tratamiento se realiza pulverizando las copas de los \u00e1rboles, &hellip;<\/p>\n","protected":false},"author":7,"featured_media":30982,"comment_status":"closed","ping_status":"open","sticky":false,"template":"","format":"standard","meta":{"ngg_post_thumbnail":0,"footnotes":""},"categories":[29],"tags":[],"class_list":["post-30981","post","type-post","status-publish","format-standard","has-post-thumbnail","hentry","category-medio-ambiente"],"yoast_head":"<!-- This site is optimized with the Yoast SEO plugin v27.5 - https:\/\/yoast.com\/product\/yoast-seo-wordpress\/ -->\n<title>Posposici\u00f3n del tratamiento contra la procesionaria - MI Ayuntamiento de Caudete<\/title>\n<meta name=\"description\" content=\"P\u00e1gina Oficial del Ayuntamiento de Caudete (Albacete)\" \/>\n<meta name=\"robots\" content=\"index, follow, max-snippet:-1, max-image-preview:large, max-video-preview:-1\" \/>\n<link rel=\"canonical\" href=\"https:\/\/www.caudete.org\/ayuntamiento\/comunicado-de-la-concejalia-de-medio-ambiente-posposicion-del-tratamiento-contra-la-procesionaria\/\" \/>\n<meta property=\"og:locale\" content=\"es_ES\" \/>\n<meta property=\"og:type\" content=\"article\" \/>\n<meta property=\"og:title\" content=\"Posposici\u00f3n del tratamiento contra la procesionaria - MI Ayuntamiento de Caudete\" \/>\n<meta property=\"og:description\" content=\"P\u00e1gina Oficial del Ayuntamiento de Caudete (Albacete)\" \/>\n<meta property=\"og:url\" content=\"https:\/\/www.caudete.org\/ayuntamiento\/comunicado-de-la-concejalia-de-medio-ambiente-posposicion-del-tratamiento-contra-la-procesionaria\/\" \/>\n<meta property=\"og:site_name\" content=\"MI Ayuntamiento de Caudete\" \/>\n<meta property=\"article:publisher\" content=\"https:\/\/www.facebook.com\/ayuntamientocaudete\/\" \/>\n<meta property=\"article:published_time\" content=\"2025-10-09T14:19:19+00:00\" \/>\n<meta property=\"article:modified_time\" content=\"2025-10-10T08:35:15+00:00\" \/>\n<meta property=\"og:image\" content=\"https:\/\/www.caudete.org\/ayuntamiento\/wp-content\/uploads\/2025\/10\/procesionaria-1.jpg\" \/>\n\t<meta property=\"og:image:width\" content=\"640\" \/>\n\t<meta property=\"og:image:height\" content=\"479\" \/>\n\t<meta property=\"og:image:type\" content=\"image\/jpeg\" \/>\n<meta name=\"author\" content=\"ConceMediosComunicacion\" \/>\n<meta name=\"twitter:card\" content=\"summary_large_image\" \/>\n<meta name=\"twitter:label1\" content=\"Escrito por\" \/>\n\t<meta name=\"twitter:data1\" content=\"ConceMediosComunicacion\" \/>\n\t<meta name=\"twitter:label2\" content=\"Tiempo de lectura\" \/>\n\t<meta name=\"twitter:data2\" content=\"2 minutos\" \/>\n<script type=\"application\/ld+json\" class=\"yoast-schema-graph\">{\"@context\":\"https:\\\/\\\/schema.org\",\"@graph\":[{\"@type\":\"Article\",\"@id\":\"https:\\\/\\\/www.caudete.org\\\/ayuntamiento\\\/comunicado-de-la-concejalia-de-medio-ambiente-posposicion-del-tratamiento-contra-la-procesionaria\\\/#article\",\"isPartOf\":{\"@id\":\"https:\\\/\\\/www.caudete.org\\\/ayuntamiento\\\/comunicado-de-la-concejalia-de-medio-ambiente-posposicion-del-tratamiento-contra-la-procesionaria\\\/\"},\"author\":{\"name\":\"ConceMediosComunicacion\",\"@id\":\"https:\\\/\\\/www.caudete.org\\\/ayuntamiento\\\/#\\\/schema\\\/person\\\/20dfe238fe5ee9d5f5e69267aa623e05\"},\"headline\":\"Posposici\u00f3n del tratamiento contra la procesionaria\",\"datePublished\":\"2025-10-09T14:19:19+00:00\",\"dateModified\":\"2025-10-10T08:35:15+00:00\",\"mainEntityOfPage\":{\"@id\":\"https:\\\/\\\/www.caudete.org\\\/ayuntamiento\\\/comunicado-de-la-concejalia-de-medio-ambiente-posposicion-del-tratamiento-contra-la-procesionaria\\\/\"},\"wordCount\":296,\"image\":{\"@id\":\"https:\\\/\\\/www.caudete.org\\\/ayuntamiento\\\/comunicado-de-la-concejalia-de-medio-ambiente-posposicion-del-tratamiento-contra-la-procesionaria\\\/#primaryimage\"},\"thumbnailUrl\":\"https:\\\/\\\/www.caudete.org\\\/ayuntamiento\\\/wp-content\\\/uploads\\\/2025\\\/10\\\/procesionaria-1.jpg\",\"articleSection\":[\"Medio Ambiente\"],\"inLanguage\":\"es\"},{\"@type\":\"WebPage\",\"@id\":\"https:\\\/\\\/www.caudete.org\\\/ayuntamiento\\\/comunicado-de-la-concejalia-de-medio-ambiente-posposicion-del-tratamiento-contra-la-procesionaria\\\/\",\"url\":\"https:\\\/\\\/www.caudete.org\\\/ayuntamiento\\\/comunicado-de-la-concejalia-de-medio-ambiente-posposicion-del-tratamiento-contra-la-procesionaria\\\/\",\"name\":\"Posposici\u00f3n del tratamiento contra la procesionaria - MI Ayuntamiento de Caudete\",\"isPartOf\":{\"@id\":\"https:\\\/\\\/www.caudete.org\\\/ayuntamiento\\\/#website\"},\"primaryImageOfPage\":{\"@id\":\"https:\\\/\\\/www.caudete.org\\\/ayuntamiento\\\/comunicado-de-la-concejalia-de-medio-ambiente-posposicion-del-tratamiento-contra-la-procesionaria\\\/#primaryimage\"},\"image\":{\"@id\":\"https:\\\/\\\/www.caudete.org\\\/ayuntamiento\\\/comunicado-de-la-concejalia-de-medio-ambiente-posposicion-del-tratamiento-contra-la-procesionaria\\\/#primaryimage\"},\"thumbnailUrl\":\"https:\\\/\\\/www.caudete.org\\\/ayuntamiento\\\/wp-content\\\/uploads\\\/2025\\\/10\\\/procesionaria-1.jpg\",\"datePublished\":\"2025-10-09T14:19:19+00:00\",\"dateModified\":\"2025-10-10T08:35:15+00:00\",\"author\":{\"@id\":\"https:\\\/\\\/www.caudete.org\\\/ayuntamiento\\\/#\\\/schema\\\/person\\\/20dfe238fe5ee9d5f5e69267aa623e05\"},\"description\":\"P\u00e1gina Oficial del Ayuntamiento de Caudete (Albacete)\",\"breadcrumb\":{\"@id\":\"https:\\\/\\\/www.caudete.org\\\/ayuntamiento\\\/comunicado-de-la-concejalia-de-medio-ambiente-posposicion-del-tratamiento-contra-la-procesionaria\\\/#breadcrumb\"},\"inLanguage\":\"es\",\"potentialAction\":[{\"@type\":\"ReadAction\",\"target\":[\"https:\\\/\\\/www.caudete.org\\\/ayuntamiento\\\/comunicado-de-la-concejalia-de-medio-ambiente-posposicion-del-tratamiento-contra-la-procesionaria\\\/\"]}]},{\"@type\":\"ImageObject\",\"inLanguage\":\"es\",\"@id\":\"https:\\\/\\\/www.caudete.org\\\/ayuntamiento\\\/comunicado-de-la-concejalia-de-medio-ambiente-posposicion-del-tratamiento-contra-la-procesionaria\\\/#primaryimage\",\"url\":\"https:\\\/\\\/www.caudete.org\\\/ayuntamiento\\\/wp-content\\\/uploads\\\/2025\\\/10\\\/procesionaria-1.jpg\",\"contentUrl\":\"https:\\\/\\\/www.caudete.org\\\/ayuntamiento\\\/wp-content\\\/uploads\\\/2025\\\/10\\\/procesionaria-1.jpg\",\"width\":640,\"height\":479},{\"@type\":\"BreadcrumbList\",\"@id\":\"https:\\\/\\\/www.caudete.org\\\/ayuntamiento\\\/comunicado-de-la-concejalia-de-medio-ambiente-posposicion-del-tratamiento-contra-la-procesionaria\\\/#breadcrumb\",\"itemListElement\":[{\"@type\":\"ListItem\",\"position\":1,\"name\":\"Inicio\",\"item\":\"https:\\\/\\\/www.caudete.org\\\/ayuntamiento\\\/\"},{\"@type\":\"ListItem\",\"position\":2,\"name\":\"Posposici\u00f3n del tratamiento contra la procesionaria\"}]},{\"@type\":\"WebSite\",\"@id\":\"https:\\\/\\\/www.caudete.org\\\/ayuntamiento\\\/#website\",\"url\":\"https:\\\/\\\/www.caudete.org\\\/ayuntamiento\\\/\",\"name\":\"MI Ayuntamiento de Caudete\",\"description\":\"P\u00e1gina Oficial del MI Ayuntamiento de Caudete\",\"potentialAction\":[{\"@type\":\"SearchAction\",\"target\":{\"@type\":\"EntryPoint\",\"urlTemplate\":\"https:\\\/\\\/www.caudete.org\\\/ayuntamiento\\\/?s={search_term_string}\"},\"query-input\":{\"@type\":\"PropertyValueSpecification\",\"valueRequired\":true,\"valueName\":\"search_term_string\"}}],\"inLanguage\":\"es\"},{\"@type\":\"Person\",\"@id\":\"https:\\\/\\\/www.caudete.org\\\/ayuntamiento\\\/#\\\/schema\\\/person\\\/20dfe238fe5ee9d5f5e69267aa623e05\",\"name\":\"ConceMediosComunicacion\",\"image\":{\"@type\":\"ImageObject\",\"inLanguage\":\"es\",\"@id\":\"https:\\\/\\\/secure.gravatar.com\\\/avatar\\\/9d162043ba1cd4ab14413e29fdb3655bfccde37e65ca99013604f8d2a19c636d?s=96&d=mm&r=g\",\"url\":\"https:\\\/\\\/secure.gravatar.com\\\/avatar\\\/9d162043ba1cd4ab14413e29fdb3655bfccde37e65ca99013604f8d2a19c636d?s=96&d=mm&r=g\",\"contentUrl\":\"https:\\\/\\\/secure.gravatar.com\\\/avatar\\\/9d162043ba1cd4ab14413e29fdb3655bfccde37e65ca99013604f8d2a19c636d?s=96&d=mm&r=g\",\"caption\":\"ConceMediosComunicacion\"},\"url\":\"https:\\\/\\\/www.caudete.org\\\/ayuntamiento\\\/author\\\/concemedioscomunicacion\\\/\"}]}<\/script>\n<!-- \/ Yoast SEO plugin. -->","yoast_head_json":{"title":"Posposici\u00f3n del tratamiento contra la procesionaria - MI Ayuntamiento de Caudete","description":"P\u00e1gina Oficial del Ayuntamiento de Caudete (Albacete)","robots":{"index":"index","follow":"follow","max-snippet":"max-snippet:-1","max-image-preview":"max-image-preview:large","max-video-preview":"max-video-preview:-1"},"canonical":"https:\/\/www.caudete.org\/ayuntamiento\/comunicado-de-la-concejalia-de-medio-ambiente-posposicion-del-tratamiento-contra-la-procesionaria\/","og_locale":"es_ES","og_type":"article","og_title":"Posposici\u00f3n del tratamiento contra la procesionaria - MI Ayuntamiento de Caudete","og_description":"P\u00e1gina Oficial del Ayuntamiento de Caudete (Albacete)","og_url":"https:\/\/www.caudete.org\/ayuntamiento\/comunicado-de-la-concejalia-de-medio-ambiente-posposicion-del-tratamiento-contra-la-procesionaria\/","og_site_name":"MI Ayuntamiento de Caudete","article_publisher":"https:\/\/www.facebook.com\/ayuntamientocaudete\/","article_published_time":"2025-10-09T14:19:19+00:00","article_modified_time":"2025-10-10T08:35:15+00:00","og_image":[{"width":640,"height":479,"url":"https:\/\/www.caudete.org\/ayuntamiento\/wp-content\/uploads\/2025\/10\/procesionaria-1.jpg","type":"image\/jpeg"}],"author":"ConceMediosComunicacion","twitter_card":"summary_large_image","twitter_misc":{"Escrito por":"ConceMediosComunicacion","Tiempo de lectura":"2 minutos"},"schema":{"@context":"https:\/\/schema.org","@graph":[{"@type":"Article","@id":"https:\/\/www.caudete.org\/ayuntamiento\/comunicado-de-la-concejalia-de-medio-ambiente-posposicion-del-tratamiento-contra-la-procesionaria\/#article","isPartOf":{"@id":"https:\/\/www.caudete.org\/ayuntamiento\/comunicado-de-la-concejalia-de-medio-ambiente-posposicion-del-tratamiento-contra-la-procesionaria\/"},"author":{"name":"ConceMediosComunicacion","@id":"https:\/\/www.caudete.org\/ayuntamiento\/#\/schema\/person\/20dfe238fe5ee9d5f5e69267aa623e05"},"headline":"Posposici\u00f3n del tratamiento contra la procesionaria","datePublished":"2025-10-09T14:19:19+00:00","dateModified":"2025-10-10T08:35:15+00:00","mainEntityOfPage":{"@id":"https:\/\/www.caudete.org\/ayuntamiento\/comunicado-de-la-concejalia-de-medio-ambiente-posposicion-del-tratamiento-contra-la-procesionaria\/"},"wordCount":296,"image":{"@id":"https:\/\/www.caudete.org\/ayuntamiento\/comunicado-de-la-concejalia-de-medio-ambiente-posposicion-del-tratamiento-contra-la-procesionaria\/#primaryimage"},"thumbnailUrl":"https:\/\/www.caudete.org\/ayuntamiento\/wp-content\/uploads\/2025\/10\/procesionaria-1.jpg","articleSection":["Medio Ambiente"],"inLanguage":"es"},{"@type":"WebPage","@id":"https:\/\/www.caudete.org\/ayuntamiento\/comunicado-de-la-concejalia-de-medio-ambiente-posposicion-del-tratamiento-contra-la-procesionaria\/","url":"https:\/\/www.caudete.org\/ayuntamiento\/comunicado-de-la-concejalia-de-medio-ambiente-posposicion-del-tratamiento-contra-la-procesionaria\/","name":"Posposici\u00f3n del tratamiento contra la procesionaria - MI Ayuntamiento de Caudete","isPartOf":{"@id":"https:\/\/www.caudete.org\/ayuntamiento\/#website"},"primaryImageOfPage":{"@id":"https:\/\/www.caudete.org\/ayuntamiento\/comunicado-de-la-concejalia-de-medio-ambiente-posposicion-del-tratamiento-contra-la-procesionaria\/#primaryimage"},"image":{"@id":"https:\/\/www.caudete.org\/ayuntamiento\/comunicado-de-la-concejalia-de-medio-ambiente-posposicion-del-tratamiento-contra-la-procesionaria\/#primaryimage"},"thumbnailUrl":"https:\/\/www.caudete.org\/ayuntamiento\/wp-content\/uploads\/2025\/10\/procesionaria-1.jpg","datePublished":"2025-10-09T14:19:19+00:00","dateModified":"2025-10-10T08:35:15+00:00","author":{"@id":"https:\/\/www.caudete.org\/ayuntamiento\/#\/schema\/person\/20dfe238fe5ee9d5f5e69267aa623e05"},"description":"P\u00e1gina Oficial del Ayuntamiento de Caudete (Albacete)","breadcrumb":{"@id":"https:\/\/www.caudete.org\/ayuntamiento\/comunicado-de-la-concejalia-de-medio-ambiente-posposicion-del-tratamiento-contra-la-procesionaria\/#breadcrumb"},"inLanguage":"es","potentialAction":[{"@type":"ReadAction","target":["https:\/\/www.caudete.org\/ayuntamiento\/comunicado-de-la-concejalia-de-medio-ambiente-posposicion-del-tratamiento-contra-la-procesionaria\/"]}]},{"@type":"ImageObject","inLanguage":"es","@id":"https:\/\/www.caudete.org\/ayuntamiento\/comunicado-de-la-concejalia-de-medio-ambiente-posposicion-del-tratamiento-contra-la-procesionaria\/#primaryimage","url":"https:\/\/www.caudete.org\/ayuntamiento\/wp-content\/uploads\/2025\/10\/procesionaria-1.jpg","contentUrl":"https:\/\/www.caudete.org\/ayuntamiento\/wp-content\/uploads\/2025\/10\/procesionaria-1.jpg","width":640,"height":479},{"@type":"BreadcrumbList","@id":"https:\/\/www.caudete.org\/ayuntamiento\/comunicado-de-la-concejalia-de-medio-ambiente-posposicion-del-tratamiento-contra-la-procesionaria\/#breadcrumb","itemListElement":[{"@type":"ListItem","position":1,"name":"Inicio","item":"https:\/\/www.caudete.org\/ayuntamiento\/"},{"@type":"ListItem","position":2,"name":"Posposici\u00f3n del tratamiento contra la procesionaria"}]},{"@type":"WebSite","@id":"https:\/\/www.caudete.org\/ayuntamiento\/#website","url":"https:\/\/www.caudete.org\/ayuntamiento\/","name":"MI Ayuntamiento de Caudete","description":"P\u00e1gina Oficial del MI Ayuntamiento de Caudete","potentialAction":[{"@type":"SearchAction","target":{"@type":"EntryPoint","urlTemplate":"https:\/\/www.caudete.org\/ayuntamiento\/?s={search_term_string}"},"query-input":{"@type":"PropertyValueSpecification","valueRequired":true,"valueName":"search_term_string"}}],"inLanguage":"es"},{"@type":"Person","@id":"https:\/\/www.caudete.org\/ayuntamiento\/#\/schema\/person\/20dfe238fe5ee9d5f5e69267aa623e05","name":"ConceMediosComunicacion","image":{"@type":"ImageObject","inLanguage":"es","@id":"https:\/\/secure.gravatar.com\/avatar\/9d162043ba1cd4ab14413e29fdb3655bfccde37e65ca99013604f8d2a19c636d?s=96&d=mm&r=g","url":"https:\/\/secure.gravatar.com\/avatar\/9d162043ba1cd4ab14413e29fdb3655bfccde37e65ca99013604f8d2a19c636d?s=96&d=mm&r=g","contentUrl":"https:\/\/secure.gravatar.com\/avatar\/9d162043ba1cd4ab14413e29fdb3655bfccde37e65ca99013604f8d2a19c636d?s=96&d=mm&r=g","caption":"ConceMediosComunicacion"},"url":"https:\/\/www.caudete.org\/ayuntamiento\/author\/concemedioscomunicacion\/"}]}},"_links":{"self":[{"href":"https:\/\/www.caudete.org\/ayuntamiento\/wp-json\/wp\/v2\/posts\/30981","targetHints":{"allow":["GET"]}}],"collection":[{"href":"https:\/\/www.caudete.org\/ayuntamiento\/wp-json\/wp\/v2\/posts"}],"about":[{"href":"https:\/\/www.caudete.org\/ayuntamiento\/wp-json\/wp\/v2\/types\/post"}],"author":[{"embeddable":true,"href":"https:\/\/www.caudete.org\/ayuntamiento\/wp-json\/wp\/v2\/users\/7"}],"replies":[{"embeddable":true,"href":"https:\/\/www.caudete.org\/ayuntamiento\/wp-json\/wp\/v2\/comments?post=30981"}],"version-history":[{"count":2,"href":"https:\/\/www.caudete.org\/ayuntamiento\/wp-json\/wp\/v2\/posts\/30981\/revisions"}],"predecessor-version":[{"id":31011,"href":"https:\/\/www.caudete.org\/ayuntamiento\/wp-json\/wp\/v2\/posts\/30981\/revisions\/31011"}],"wp:featuredmedia":[{"embeddable":true,"href":"https:\/\/www.caudete.org\/ayuntamiento\/wp-json\/wp\/v2\/media\/30982"}],"wp:attachment":[{"href":"https:\/\/www.caudete.org\/ayuntamiento\/wp-json\/wp\/v2\/media?parent=30981"}],"wp:term":[{"taxonomy":"category","embeddable":true,"href":"https:\/\/www.caudete.org\/ayuntamiento\/wp-json\/wp\/v2\/categories?post=30981"},{"taxonomy":"post_tag","embeddable":true,"href":"https:\/\/www.caudete.org\/ayuntamiento\/wp-json\/wp\/v2\/tags?post=30981"}],"curies":[{"name":"wp","href":"https:\/\/api.w.org\/{rel}","templated":true}]}}