{"id":30984,"date":"2025-10-09T17:31:30","date_gmt":"2025-10-09T15:31:30","guid":{"rendered":"https:\/\/www.caudete.org\/ayuntamiento\/?p=30984"},"modified":"2025-10-10T10:34:54","modified_gmt":"2025-10-10T08:34:54","slug":"aprobado-el-prestamo-que-permitira-implantar-el-nuevo-sistema-de-recogida-de-residuos-un-hito-historico-para-caudete","status":"publish","type":"post","link":"https:\/\/www.caudete.org\/ayuntamiento\/aprobado-el-prestamo-que-permitira-implantar-el-nuevo-sistema-de-recogida-de-residuos-un-hito-historico-para-caudete\/","title":{"rendered":"Aprobado el pr\u00e9stamo que permitir\u00e1 implantar el nuevo sistema de recogida de residuos: un hito hist\u00f3rico para Caudete"},"content":{"rendered":"<h2 class=\"western\">\ud83d\udfe2 <strong>Comunicado oficial del Muy Ilustre Ayuntamiento de Caudete <\/strong><strong>(1 parte)<\/strong><\/h2>\n<h3 class=\"western\"><strong>Aprobado el pr\u00e9stamo que permitir\u00e1 implantar el nuevo sistema de recogida de residuos: un hito hist\u00f3rico para Caudete<\/strong><\/h3>\n<p><strong>Caudete, 9 de octubre de 2025.<\/strong> \u2013 El <strong>Pleno del Muy Ilustre Ayuntamiento de Caudete<\/strong> aprob\u00f3 con los votos a favor de VOX y la abstencion del PP y el PSOE la <strong>solicitud de un pr\u00e9stamo municipal<\/strong> que permitir\u00e1 ejecutar el <strong>proyecto de modernizaci\u00f3n de contenedores e implantaci\u00f3n del sistema de pago por generaci\u00f3n de residuos<\/strong>, cumpliendo la <strong>Ley de Residuos y Suelos Contaminados<\/strong> del Gobierno central, <b>que todas las localidades espa\u00f1olas deben ejecutar<\/b>.<\/p>\n<p>Aunque este punto pas\u00f3 casi desapercibido durante la sesi\u00f3n plenaria, lo cierto es que se trata de una <strong>decisi\u00f3n trascendental<\/strong>, ya que <strong>sin esta aprobaci\u00f3n se habr\u00eda tenido que devolver la subvenci\u00f3n europea<\/strong> \u2014con intereses superiores a <strong>20.000 \u20ac<\/strong>\u2014 y los caudetanos habr\u00edan tenido que asumir <strong>en el futuro el 100 % <\/strong><strong>d<\/strong><strong>el proyecto <\/strong><strong>de pago por generaci\u00f3n<\/strong>.<\/p>\n<p>El concejal de Medio Ambiente, <strong>Francisco Jos\u00e9 Castell\u00f3 Castell\u00f3<\/strong>, ha subrayado que se trata de un <strong>hito hist\u00f3rico para Caudete<\/strong>, ya que permitir\u00e1 <strong>modernizar el sistema de recogida de residuos, cumplir la normativa europea y aplicar un modelo justo y sostenible para todos los vecinos<\/strong>.<\/p>\n<hr \/>\n<h3 class=\"western\">\ud83d\udd39 Antecedentes del proyecto<\/h3>\n<p>Este proyecto tiene sus <strong>or\u00edgenes en 2022<\/strong>, cuando se solicit\u00f3 una <strong>subvenci\u00f3n europea<\/strong> junto con otra para un cami\u00f3n el\u00e9ctrico:<\/p>\n<ul>\n<li>No se tuvo en cuenta la <strong>aportaci\u00f3n municipal del 10 % m\u00e1s IVA<\/strong>.<\/li>\n<\/ul>\n<p>Por este motivo, este nuevo equipo de gobierno decidi\u00f3 <strong>concentrar los recursos en salvar la subvenci\u00f3n de los contenedores<\/strong>, ya que su ejecuci\u00f3n era <strong>obligatoria por ley<\/strong>. De no haberse luchado y aprobado el pr\u00e9stamo, los vecinos habr\u00edan tenido que asumir <strong>el 100 % del coste en el futuro para implantar la recogida que dicta la ley de residuos y suelos contaminados<\/strong>, adem\u00e1s de la devoluci\u00f3n de la subvenci\u00f3n con intereses, que superar\u00eda los <strong>20.000 \u20ac<\/strong>.<\/p>\n<hr \/>\n<h3 class=\"western\">\ud83d\udd39 Datos clave del proyecto<\/h3>\n<ul>\n<li><strong>Presupuesto total:<\/strong> 699.375,00 \u20ac m\u00e1s IVA (<strong>846.181,25 \u20ac<\/strong>)<\/li>\n<li><strong>Aportaci\u00f3n municipal:<\/strong> 10 % m\u00e1s IVA (<strong>216.806,25 \u20ac<\/strong>)<\/li>\n<li><strong>Coste estimado por vivienda:<\/strong> inferior a 7 \u20ac al a\u00f1o (con la posibilidad de reducciones en el canon del consorcio pudiendo ser incluso mas de 7 euros de descuento teniendo en cuenta que pagamos sobre 15\u20ac por Habitante una reducci\u00f3n de solamente un 20% serian 3\u20ac por vecino en un domicilio de 3 personas el ahorro seria de 9\u20ac\u00a0 ) y continuar\u00edamos teniendo la tasa mas econ\u00f3mica\u00a0 de los alrededores.<\/li>\n<li><strong>Financiaci\u00f3n europea:<\/strong> 90 %<\/li>\n<li><strong>Canon actual al Consorcio Provincial de Residuos:<\/strong> 150.000 \u20ac anuales<\/li>\n<\/ul>\n<blockquote><p>Este sistema permitir\u00e1 que <strong>quien m\u00e1s recicle pague menos<\/strong>, incentivando la reducci\u00f3n de residuos tipo resto y fomentando h\u00e1bitos sostenibles entre los vecinos.<\/p><\/blockquote>\n<hr \/>\n<h3 class=\"western\">\ud83d\udd39 Por qu\u00e9 se eligi\u00f3 este sistema frente al puerta a puerta<\/h3>\n<p>La Ley obliga a todos los municipios a implantar uno de los siguientes sistemas:<\/p>\n<ol>\n<li><strong>Puerta a puerta<\/strong>: requiere horarios estrictos y mayor coste de personal y veh\u00edculos.<\/li>\n<li><strong>Contenedores inteligentes con identificaci\u00f3n de usuario<\/strong>: permite depositar residuos en cualquier momento, con tarjeta identificativa y sensores que registran cantidad y tipo de residuo.<\/li>\n<\/ol>\n<p><strong>Ventajas de los contenedores inteligentes frente al puerta a puerta:<\/strong><\/p>\n<ul>\n<li>Mayor comodidad para el ciudadano<\/li>\n<li>Menor coste de gesti\u00f3n<\/li>\n<li>Menor impacto visual y reducci\u00f3n de olores<\/li>\n<li>Datos precisos sobre generaci\u00f3n de residuos para aplicar el <strong>pago por generaci\u00f3n<\/strong><\/li>\n<\/ul>\n<hr \/>\n<h3 class=\"western\">\ud83d\udd39 Generaci\u00f3n de residuos en Caudete<\/h3>\n<ul>\n<li><strong>Primer semestre 2025:<\/strong> 790-890 g\/habitante\/d\u00eda<\/li>\n<li><strong>Media nacional:<\/strong> 1.300 g\/habitante\/d\u00eda<\/li>\n<li><strong>Biorresiduos recogidos <\/strong><strong>semestre 2025<\/strong><strong>:<\/strong> 24.090 kg con una pureza del 81%<\/li>\n<\/ul>\n<blockquote><p>Caudete genera menos residuos que la media nacional, consolidando h\u00e1bitos responsables de reciclaje.<\/p><\/blockquote>\n<hr \/>\n<h3 class=\"western\">\ud83d\udd39 Comparativa de tasas en los alrededores<\/h3>\n<table width=\"466\" cellspacing=\"0\" cellpadding=\"2\">\n<thead>\n<tr>\n<th width=\"93\">Municipio<\/th>\n<th width=\"213\">Tasa media por vivienda<\/th>\n<th width=\"148\">D\u00edas de recogida<\/th>\n<\/tr>\n<\/thead>\n<tbody>\n<tr>\n<td width=\"93\"><strong><span style=\"color: #00a933;\">Caudete<\/span><\/strong><\/td>\n<td width=\"213\"><span style=\"color: #00a933;\">65 \u20ac<\/span><\/td>\n<td width=\"148\"><span style=\"color: #00a933;\">7 d\u00edas\/semana<\/span><\/td>\n<\/tr>\n<tr>\n<td width=\"93\"><strong><span style=\"color: #ff8000;\">Villena<\/span><\/strong><\/td>\n<td width=\"213\"><span style=\"color: #ff8000;\">97 \u20ac<\/span><\/td>\n<td width=\"148\"><span style=\"color: #ff8000;\">6 d\u00edas\/semana<\/span><\/td>\n<\/tr>\n<tr>\n<td width=\"93\"><strong><span style=\"color: #ff5429;\">Almansa<\/span><\/strong><\/td>\n<td width=\"213\"><span style=\"color: #ff5429;\">107,80 \u20ac<\/span><\/td>\n<td width=\"148\"><span style=\"color: #ff5429;\">6 d\u00edas\/semana<\/span><\/td>\n<\/tr>\n<\/tbody>\n<\/table>\n<blockquote><p>Caudete ofrece m\u00e1s servicios, m\u00e1s d\u00edas de recogida y una tasa <b>hasta 40\u20ac<\/b><b> m\u00e1s baja<\/b>, demostrando buena gesti\u00f3n eficiencia y compromiso con la ciudadan\u00eda.<\/p><\/blockquote>\n<hr \/>\n<h3 class=\"western\">\ud83d\udd39 Beneficios del proyecto<\/h3>\n<ol>\n<li><strong>Cumplimiento legal y protecci\u00f3n de la subvenci\u00f3n europea<\/strong><\/li>\n<li><strong>Reducci\u00f3n de costes y canon del consorcio<\/strong><\/li>\n<li><strong>Amortizaci\u00f3n r\u00e1pida de la inversi\u00f3n<\/strong><\/li>\n<li><strong>Entorno urbano m\u00e1s limpio y ordenado<\/strong><\/li>\n<li><strong>Sistema justo y motivador<\/strong>, pudiendo hacer posible descuentos en las tasas por el canon del consorcio en el que se paga 15 \u20ac por habitante<\/li>\n<\/ol>\n<hr \/>\n<h3 class=\"western\">\ud83d\udd39 Conclusi\u00f3n<\/h3>\n<p>El concejal de Medio Ambiente, <strong>Francisco Jos\u00e9 Castell\u00f3 Castell\u00f3<\/strong>, ha destacado que este proyecto es <strong>un paso hist\u00f3rico para Caudete<\/strong>, que permitir\u00e1:<\/p>\n<ul>\n<li>Cumplir la ley y aprovechar los fondos europeos<\/li>\n<li>Mantener una de las tasas de basura m\u00e1s bajas de la comarca<\/li>\n<li>Consolidar la posici\u00f3n de Caudete como <strong>municipio verde, limpio y sostenible<\/strong><\/li>\n<li>Incentivar la <strong>responsabilidad ambiental de todos los vecinos<\/strong><\/li>\n<\/ul>\n<p>\ud83d\udc9a <strong>Caudete <\/strong><strong>es verde y <\/strong><strong>avanza hacia un futuro m\u00e1s justo, limpio y sostenible. Cada gesto cuenta, cada residuo depositado correctamente hace la diferencia.<\/strong><\/p>\n","protected":false},"excerpt":{"rendered":"<p>\ud83d\udfe2 Comunicado oficial del Muy Ilustre Ayuntamiento de Caudete (1 parte) Aprobado el pr\u00e9stamo que permitir\u00e1 implantar el nuevo sistema de recogida de residuos: un hito hist\u00f3rico para Caudete Caudete, 9 de octubre de 2025. \u2013 El Pleno del Muy Ilustre Ayuntamiento de Caudete aprob\u00f3 con los votos a favor de VOX y la abstencion &hellip;<\/p>\n","protected":false},"author":7,"featured_media":31002,"comment_status":"closed","ping_status":"open","sticky":false,"template":"","format":"standard","meta":{"ngg_post_thumbnail":0,"footnotes":""},"categories":[29],"tags":[],"class_list":["post-30984","post","type-post","status-publish","format-standard","has-post-thumbnail","hentry","category-medio-ambiente"],"yoast_head":"<!-- This site is optimized with the Yoast SEO plugin v27.5 - https:\/\/yoast.com\/product\/yoast-seo-wordpress\/ -->\n<title>Aprobado el pr\u00e9stamo que permitir\u00e1 implantar el nuevo sistema de recogida de residuos: un hito hist\u00f3rico para Caudete - MI Ayuntamiento de Caudete<\/title>\n<meta name=\"description\" content=\"P\u00e1gina Oficial del Ayuntamiento de Caudete (Albacete)\" \/>\n<meta name=\"robots\" content=\"index, follow, max-snippet:-1, max-image-preview:large, max-video-preview:-1\" \/>\n<link rel=\"canonical\" href=\"https:\/\/www.caudete.org\/ayuntamiento\/aprobado-el-prestamo-que-permitira-implantar-el-nuevo-sistema-de-recogida-de-residuos-un-hito-historico-para-caudete\/\" \/>\n<meta property=\"og:locale\" content=\"es_ES\" \/>\n<meta property=\"og:type\" content=\"article\" \/>\n<meta property=\"og:title\" content=\"Aprobado el pr\u00e9stamo que permitir\u00e1 implantar el nuevo sistema de recogida de residuos: un hito hist\u00f3rico para Caudete - MI Ayuntamiento de Caudete\" \/>\n<meta property=\"og:description\" content=\"P\u00e1gina Oficial del Ayuntamiento de Caudete (Albacete)\" \/>\n<meta property=\"og:url\" content=\"https:\/\/www.caudete.org\/ayuntamiento\/aprobado-el-prestamo-que-permitira-implantar-el-nuevo-sistema-de-recogida-de-residuos-un-hito-historico-para-caudete\/\" \/>\n<meta property=\"og:site_name\" content=\"MI Ayuntamiento de Caudete\" \/>\n<meta property=\"article:publisher\" content=\"https:\/\/www.facebook.com\/ayuntamientocaudete\/\" \/>\n<meta property=\"article:published_time\" content=\"2025-10-09T15:31:30+00:00\" \/>\n<meta property=\"article:modified_time\" content=\"2025-10-10T08:34:54+00:00\" \/>\n<meta property=\"og:image\" content=\"https:\/\/www.caudete.org\/ayuntamiento\/wp-content\/uploads\/2025\/10\/f5313a9b-9a39-4116-ac37-e8ce94dbf70f.jpg\" \/>\n\t<meta property=\"og:image:width\" content=\"1024\" \/>\n\t<meta property=\"og:image:height\" content=\"490\" \/>\n\t<meta property=\"og:image:type\" content=\"image\/jpeg\" \/>\n<meta name=\"author\" content=\"ConceMediosComunicacion\" \/>\n<meta name=\"twitter:card\" content=\"summary_large_image\" \/>\n<meta name=\"twitter:label1\" content=\"Escrito por\" \/>\n\t<meta name=\"twitter:data1\" content=\"ConceMediosComunicacion\" \/>\n\t<meta name=\"twitter:label2\" content=\"Tiempo de lectura\" \/>\n\t<meta name=\"twitter:data2\" content=\"4 minutos\" \/>\n<script type=\"application\/ld+json\" class=\"yoast-schema-graph\">{\"@context\":\"https:\\\/\\\/schema.org\",\"@graph\":[{\"@type\":\"Article\",\"@id\":\"https:\\\/\\\/www.caudete.org\\\/ayuntamiento\\\/aprobado-el-prestamo-que-permitira-implantar-el-nuevo-sistema-de-recogida-de-residuos-un-hito-historico-para-caudete\\\/#article\",\"isPartOf\":{\"@id\":\"https:\\\/\\\/www.caudete.org\\\/ayuntamiento\\\/aprobado-el-prestamo-que-permitira-implantar-el-nuevo-sistema-de-recogida-de-residuos-un-hito-historico-para-caudete\\\/\"},\"author\":{\"name\":\"ConceMediosComunicacion\",\"@id\":\"https:\\\/\\\/www.caudete.org\\\/ayuntamiento\\\/#\\\/schema\\\/person\\\/20dfe238fe5ee9d5f5e69267aa623e05\"},\"headline\":\"Aprobado el pr\u00e9stamo que permitir\u00e1 implantar el nuevo sistema de recogida de residuos: un hito hist\u00f3rico para Caudete\",\"datePublished\":\"2025-10-09T15:31:30+00:00\",\"dateModified\":\"2025-10-10T08:34:54+00:00\",\"mainEntityOfPage\":{\"@id\":\"https:\\\/\\\/www.caudete.org\\\/ayuntamiento\\\/aprobado-el-prestamo-que-permitira-implantar-el-nuevo-sistema-de-recogida-de-residuos-un-hito-historico-para-caudete\\\/\"},\"wordCount\":821,\"image\":{\"@id\":\"https:\\\/\\\/www.caudete.org\\\/ayuntamiento\\\/aprobado-el-prestamo-que-permitira-implantar-el-nuevo-sistema-de-recogida-de-residuos-un-hito-historico-para-caudete\\\/#primaryimage\"},\"thumbnailUrl\":\"https:\\\/\\\/www.caudete.org\\\/ayuntamiento\\\/wp-content\\\/uploads\\\/2025\\\/10\\\/f5313a9b-9a39-4116-ac37-e8ce94dbf70f.jpg\",\"articleSection\":[\"Medio Ambiente\"],\"inLanguage\":\"es\"},{\"@type\":\"WebPage\",\"@id\":\"https:\\\/\\\/www.caudete.org\\\/ayuntamiento\\\/aprobado-el-prestamo-que-permitira-implantar-el-nuevo-sistema-de-recogida-de-residuos-un-hito-historico-para-caudete\\\/\",\"url\":\"https:\\\/\\\/www.caudete.org\\\/ayuntamiento\\\/aprobado-el-prestamo-que-permitira-implantar-el-nuevo-sistema-de-recogida-de-residuos-un-hito-historico-para-caudete\\\/\",\"name\":\"Aprobado el pr\u00e9stamo que permitir\u00e1 implantar el nuevo sistema de recogida de residuos: un hito hist\u00f3rico para Caudete - MI Ayuntamiento de Caudete\",\"isPartOf\":{\"@id\":\"https:\\\/\\\/www.caudete.org\\\/ayuntamiento\\\/#website\"},\"primaryImageOfPage\":{\"@id\":\"https:\\\/\\\/www.caudete.org\\\/ayuntamiento\\\/aprobado-el-prestamo-que-permitira-implantar-el-nuevo-sistema-de-recogida-de-residuos-un-hito-historico-para-caudete\\\/#primaryimage\"},\"image\":{\"@id\":\"https:\\\/\\\/www.caudete.org\\\/ayuntamiento\\\/aprobado-el-prestamo-que-permitira-implantar-el-nuevo-sistema-de-recogida-de-residuos-un-hito-historico-para-caudete\\\/#primaryimage\"},\"thumbnailUrl\":\"https:\\\/\\\/www.caudete.org\\\/ayuntamiento\\\/wp-content\\\/uploads\\\/2025\\\/10\\\/f5313a9b-9a39-4116-ac37-e8ce94dbf70f.jpg\",\"datePublished\":\"2025-10-09T15:31:30+00:00\",\"dateModified\":\"2025-10-10T08:34:54+00:00\",\"author\":{\"@id\":\"https:\\\/\\\/www.caudete.org\\\/ayuntamiento\\\/#\\\/schema\\\/person\\\/20dfe238fe5ee9d5f5e69267aa623e05\"},\"description\":\"P\u00e1gina Oficial del Ayuntamiento de Caudete (Albacete)\",\"breadcrumb\":{\"@id\":\"https:\\\/\\\/www.caudete.org\\\/ayuntamiento\\\/aprobado-el-prestamo-que-permitira-implantar-el-nuevo-sistema-de-recogida-de-residuos-un-hito-historico-para-caudete\\\/#breadcrumb\"},\"inLanguage\":\"es\",\"potentialAction\":[{\"@type\":\"ReadAction\",\"target\":[\"https:\\\/\\\/www.caudete.org\\\/ayuntamiento\\\/aprobado-el-prestamo-que-permitira-implantar-el-nuevo-sistema-de-recogida-de-residuos-un-hito-historico-para-caudete\\\/\"]}]},{\"@type\":\"ImageObject\",\"inLanguage\":\"es\",\"@id\":\"https:\\\/\\\/www.caudete.org\\\/ayuntamiento\\\/aprobado-el-prestamo-que-permitira-implantar-el-nuevo-sistema-de-recogida-de-residuos-un-hito-historico-para-caudete\\\/#primaryimage\",\"url\":\"https:\\\/\\\/www.caudete.org\\\/ayuntamiento\\\/wp-content\\\/uploads\\\/2025\\\/10\\\/f5313a9b-9a39-4116-ac37-e8ce94dbf70f.jpg\",\"contentUrl\":\"https:\\\/\\\/www.caudete.org\\\/ayuntamiento\\\/wp-content\\\/uploads\\\/2025\\\/10\\\/f5313a9b-9a39-4116-ac37-e8ce94dbf70f.jpg\",\"width\":1024,\"height\":490},{\"@type\":\"BreadcrumbList\",\"@id\":\"https:\\\/\\\/www.caudete.org\\\/ayuntamiento\\\/aprobado-el-prestamo-que-permitira-implantar-el-nuevo-sistema-de-recogida-de-residuos-un-hito-historico-para-caudete\\\/#breadcrumb\",\"itemListElement\":[{\"@type\":\"ListItem\",\"position\":1,\"name\":\"Inicio\",\"item\":\"https:\\\/\\\/www.caudete.org\\\/ayuntamiento\\\/\"},{\"@type\":\"ListItem\",\"position\":2,\"name\":\"Aprobado el pr\u00e9stamo que permitir\u00e1 implantar el nuevo sistema de recogida de residuos: un hito hist\u00f3rico para Caudete\"}]},{\"@type\":\"WebSite\",\"@id\":\"https:\\\/\\\/www.caudete.org\\\/ayuntamiento\\\/#website\",\"url\":\"https:\\\/\\\/www.caudete.org\\\/ayuntamiento\\\/\",\"name\":\"MI Ayuntamiento de Caudete\",\"description\":\"P\u00e1gina Oficial del MI Ayuntamiento de Caudete\",\"potentialAction\":[{\"@type\":\"SearchAction\",\"target\":{\"@type\":\"EntryPoint\",\"urlTemplate\":\"https:\\\/\\\/www.caudete.org\\\/ayuntamiento\\\/?s={search_term_string}\"},\"query-input\":{\"@type\":\"PropertyValueSpecification\",\"valueRequired\":true,\"valueName\":\"search_term_string\"}}],\"inLanguage\":\"es\"},{\"@type\":\"Person\",\"@id\":\"https:\\\/\\\/www.caudete.org\\\/ayuntamiento\\\/#\\\/schema\\\/person\\\/20dfe238fe5ee9d5f5e69267aa623e05\",\"name\":\"ConceMediosComunicacion\",\"image\":{\"@type\":\"ImageObject\",\"inLanguage\":\"es\",\"@id\":\"https:\\\/\\\/secure.gravatar.com\\\/avatar\\\/9d162043ba1cd4ab14413e29fdb3655bfccde37e65ca99013604f8d2a19c636d?s=96&d=mm&r=g\",\"url\":\"https:\\\/\\\/secure.gravatar.com\\\/avatar\\\/9d162043ba1cd4ab14413e29fdb3655bfccde37e65ca99013604f8d2a19c636d?s=96&d=mm&r=g\",\"contentUrl\":\"https:\\\/\\\/secure.gravatar.com\\\/avatar\\\/9d162043ba1cd4ab14413e29fdb3655bfccde37e65ca99013604f8d2a19c636d?s=96&d=mm&r=g\",\"caption\":\"ConceMediosComunicacion\"},\"url\":\"https:\\\/\\\/www.caudete.org\\\/ayuntamiento\\\/author\\\/concemedioscomunicacion\\\/\"}]}<\/script>\n<!-- \/ Yoast SEO plugin. -->","yoast_head_json":{"title":"Aprobado el pr\u00e9stamo que permitir\u00e1 implantar el nuevo sistema de recogida de residuos: un hito hist\u00f3rico para Caudete - MI Ayuntamiento de Caudete","description":"P\u00e1gina Oficial del Ayuntamiento de Caudete (Albacete)","robots":{"index":"index","follow":"follow","max-snippet":"max-snippet:-1","max-image-preview":"max-image-preview:large","max-video-preview":"max-video-preview:-1"},"canonical":"https:\/\/www.caudete.org\/ayuntamiento\/aprobado-el-prestamo-que-permitira-implantar-el-nuevo-sistema-de-recogida-de-residuos-un-hito-historico-para-caudete\/","og_locale":"es_ES","og_type":"article","og_title":"Aprobado el pr\u00e9stamo que permitir\u00e1 implantar el nuevo sistema de recogida de residuos: un hito hist\u00f3rico para Caudete - MI Ayuntamiento de Caudete","og_description":"P\u00e1gina Oficial del Ayuntamiento de Caudete (Albacete)","og_url":"https:\/\/www.caudete.org\/ayuntamiento\/aprobado-el-prestamo-que-permitira-implantar-el-nuevo-sistema-de-recogida-de-residuos-un-hito-historico-para-caudete\/","og_site_name":"MI Ayuntamiento de Caudete","article_publisher":"https:\/\/www.facebook.com\/ayuntamientocaudete\/","article_published_time":"2025-10-09T15:31:30+00:00","article_modified_time":"2025-10-10T08:34:54+00:00","og_image":[{"width":1024,"height":490,"url":"https:\/\/www.caudete.org\/ayuntamiento\/wp-content\/uploads\/2025\/10\/f5313a9b-9a39-4116-ac37-e8ce94dbf70f.jpg","type":"image\/jpeg"}],"author":"ConceMediosComunicacion","twitter_card":"summary_large_image","twitter_misc":{"Escrito por":"ConceMediosComunicacion","Tiempo de lectura":"4 minutos"},"schema":{"@context":"https:\/\/schema.org","@graph":[{"@type":"Article","@id":"https:\/\/www.caudete.org\/ayuntamiento\/aprobado-el-prestamo-que-permitira-implantar-el-nuevo-sistema-de-recogida-de-residuos-un-hito-historico-para-caudete\/#article","isPartOf":{"@id":"https:\/\/www.caudete.org\/ayuntamiento\/aprobado-el-prestamo-que-permitira-implantar-el-nuevo-sistema-de-recogida-de-residuos-un-hito-historico-para-caudete\/"},"author":{"name":"ConceMediosComunicacion","@id":"https:\/\/www.caudete.org\/ayuntamiento\/#\/schema\/person\/20dfe238fe5ee9d5f5e69267aa623e05"},"headline":"Aprobado el pr\u00e9stamo que permitir\u00e1 implantar el nuevo sistema de recogida de residuos: un hito hist\u00f3rico para Caudete","datePublished":"2025-10-09T15:31:30+00:00","dateModified":"2025-10-10T08:34:54+00:00","mainEntityOfPage":{"@id":"https:\/\/www.caudete.org\/ayuntamiento\/aprobado-el-prestamo-que-permitira-implantar-el-nuevo-sistema-de-recogida-de-residuos-un-hito-historico-para-caudete\/"},"wordCount":821,"image":{"@id":"https:\/\/www.caudete.org\/ayuntamiento\/aprobado-el-prestamo-que-permitira-implantar-el-nuevo-sistema-de-recogida-de-residuos-un-hito-historico-para-caudete\/#primaryimage"},"thumbnailUrl":"https:\/\/www.caudete.org\/ayuntamiento\/wp-content\/uploads\/2025\/10\/f5313a9b-9a39-4116-ac37-e8ce94dbf70f.jpg","articleSection":["Medio Ambiente"],"inLanguage":"es"},{"@type":"WebPage","@id":"https:\/\/www.caudete.org\/ayuntamiento\/aprobado-el-prestamo-que-permitira-implantar-el-nuevo-sistema-de-recogida-de-residuos-un-hito-historico-para-caudete\/","url":"https:\/\/www.caudete.org\/ayuntamiento\/aprobado-el-prestamo-que-permitira-implantar-el-nuevo-sistema-de-recogida-de-residuos-un-hito-historico-para-caudete\/","name":"Aprobado el pr\u00e9stamo que permitir\u00e1 implantar el nuevo sistema de recogida de residuos: un hito hist\u00f3rico para Caudete - MI Ayuntamiento de Caudete","isPartOf":{"@id":"https:\/\/www.caudete.org\/ayuntamiento\/#website"},"primaryImageOfPage":{"@id":"https:\/\/www.caudete.org\/ayuntamiento\/aprobado-el-prestamo-que-permitira-implantar-el-nuevo-sistema-de-recogida-de-residuos-un-hito-historico-para-caudete\/#primaryimage"},"image":{"@id":"https:\/\/www.caudete.org\/ayuntamiento\/aprobado-el-prestamo-que-permitira-implantar-el-nuevo-sistema-de-recogida-de-residuos-un-hito-historico-para-caudete\/#primaryimage"},"thumbnailUrl":"https:\/\/www.caudete.org\/ayuntamiento\/wp-content\/uploads\/2025\/10\/f5313a9b-9a39-4116-ac37-e8ce94dbf70f.jpg","datePublished":"2025-10-09T15:31:30+00:00","dateModified":"2025-10-10T08:34:54+00:00","author":{"@id":"https:\/\/www.caudete.org\/ayuntamiento\/#\/schema\/person\/20dfe238fe5ee9d5f5e69267aa623e05"},"description":"P\u00e1gina Oficial del Ayuntamiento de Caudete (Albacete)","breadcrumb":{"@id":"https:\/\/www.caudete.org\/ayuntamiento\/aprobado-el-prestamo-que-permitira-implantar-el-nuevo-sistema-de-recogida-de-residuos-un-hito-historico-para-caudete\/#breadcrumb"},"inLanguage":"es","potentialAction":[{"@type":"ReadAction","target":["https:\/\/www.caudete.org\/ayuntamiento\/aprobado-el-prestamo-que-permitira-implantar-el-nuevo-sistema-de-recogida-de-residuos-un-hito-historico-para-caudete\/"]}]},{"@type":"ImageObject","inLanguage":"es","@id":"https:\/\/www.caudete.org\/ayuntamiento\/aprobado-el-prestamo-que-permitira-implantar-el-nuevo-sistema-de-recogida-de-residuos-un-hito-historico-para-caudete\/#primaryimage","url":"https:\/\/www.caudete.org\/ayuntamiento\/wp-content\/uploads\/2025\/10\/f5313a9b-9a39-4116-ac37-e8ce94dbf70f.jpg","contentUrl":"https:\/\/www.caudete.org\/ayuntamiento\/wp-content\/uploads\/2025\/10\/f5313a9b-9a39-4116-ac37-e8ce94dbf70f.jpg","width":1024,"height":490},{"@type":"BreadcrumbList","@id":"https:\/\/www.caudete.org\/ayuntamiento\/aprobado-el-prestamo-que-permitira-implantar-el-nuevo-sistema-de-recogida-de-residuos-un-hito-historico-para-caudete\/#breadcrumb","itemListElement":[{"@type":"ListItem","position":1,"name":"Inicio","item":"https:\/\/www.caudete.org\/ayuntamiento\/"},{"@type":"ListItem","position":2,"name":"Aprobado el pr\u00e9stamo que permitir\u00e1 implantar el nuevo sistema de recogida de residuos: un hito hist\u00f3rico para Caudete"}]},{"@type":"WebSite","@id":"https:\/\/www.caudete.org\/ayuntamiento\/#website","url":"https:\/\/www.caudete.org\/ayuntamiento\/","name":"MI Ayuntamiento de Caudete","description":"P\u00e1gina Oficial del MI Ayuntamiento de Caudete","potentialAction":[{"@type":"SearchAction","target":{"@type":"EntryPoint","urlTemplate":"https:\/\/www.caudete.org\/ayuntamiento\/?s={search_term_string}"},"query-input":{"@type":"PropertyValueSpecification","valueRequired":true,"valueName":"search_term_string"}}],"inLanguage":"es"},{"@type":"Person","@id":"https:\/\/www.caudete.org\/ayuntamiento\/#\/schema\/person\/20dfe238fe5ee9d5f5e69267aa623e05","name":"ConceMediosComunicacion","image":{"@type":"ImageObject","inLanguage":"es","@id":"https:\/\/secure.gravatar.com\/avatar\/9d162043ba1cd4ab14413e29fdb3655bfccde37e65ca99013604f8d2a19c636d?s=96&d=mm&r=g","url":"https:\/\/secure.gravatar.com\/avatar\/9d162043ba1cd4ab14413e29fdb3655bfccde37e65ca99013604f8d2a19c636d?s=96&d=mm&r=g","contentUrl":"https:\/\/secure.gravatar.com\/avatar\/9d162043ba1cd4ab14413e29fdb3655bfccde37e65ca99013604f8d2a19c636d?s=96&d=mm&r=g","caption":"ConceMediosComunicacion"},"url":"https:\/\/www.caudete.org\/ayuntamiento\/author\/concemedioscomunicacion\/"}]}},"_links":{"self":[{"href":"https:\/\/www.caudete.org\/ayuntamiento\/wp-json\/wp\/v2\/posts\/30984","targetHints":{"allow":["GET"]}}],"collection":[{"href":"https:\/\/www.caudete.org\/ayuntamiento\/wp-json\/wp\/v2\/posts"}],"about":[{"href":"https:\/\/www.caudete.org\/ayuntamiento\/wp-json\/wp\/v2\/types\/post"}],"author":[{"embeddable":true,"href":"https:\/\/www.caudete.org\/ayuntamiento\/wp-json\/wp\/v2\/users\/7"}],"replies":[{"embeddable":true,"href":"https:\/\/www.caudete.org\/ayuntamiento\/wp-json\/wp\/v2\/comments?post=30984"}],"version-history":[{"count":6,"href":"https:\/\/www.caudete.org\/ayuntamiento\/wp-json\/wp\/v2\/posts\/30984\/revisions"}],"predecessor-version":[{"id":30989,"href":"https:\/\/www.caudete.org\/ayuntamiento\/wp-json\/wp\/v2\/posts\/30984\/revisions\/30989"}],"wp:featuredmedia":[{"embeddable":true,"href":"https:\/\/www.caudete.org\/ayuntamiento\/wp-json\/wp\/v2\/media\/31002"}],"wp:attachment":[{"href":"https:\/\/www.caudete.org\/ayuntamiento\/wp-json\/wp\/v2\/media?parent=30984"}],"wp:term":[{"taxonomy":"category","embeddable":true,"href":"https:\/\/www.caudete.org\/ayuntamiento\/wp-json\/wp\/v2\/categories?post=30984"},{"taxonomy":"post_tag","embeddable":true,"href":"https:\/\/www.caudete.org\/ayuntamiento\/wp-json\/wp\/v2\/tags?post=30984"}],"curies":[{"name":"wp","href":"https:\/\/api.w.org\/{rel}","templated":true}]}}