{"id":31006,"date":"2025-10-10T09:45:33","date_gmt":"2025-10-10T07:45:33","guid":{"rendered":"https:\/\/www.caudete.org\/ayuntamiento\/?p=31006"},"modified":"2025-10-10T09:45:46","modified_gmt":"2025-10-10T07:45:46","slug":"desinfeccion-periodica-del-alcantarillado-municipal","status":"publish","type":"post","link":"https:\/\/www.caudete.org\/ayuntamiento\/desinfeccion-periodica-del-alcantarillado-municipal\/","title":{"rendered":"Desinfecci\u00f3n peri\u00f3dica del alcantarillado municipal"},"content":{"rendered":"<h3 data-start=\"162\" data-end=\"216\">\ud83d\udd39 COMUNICADO DE LA CONCEJAL\u00cdA DE MEDIO AMBIENTE<\/h3>\n<p data-start=\"217\" data-end=\"272\"><strong data-start=\"217\" data-end=\"272\">Desinfecci\u00f3n peri\u00f3dica del alcantarillado municipal<\/strong><\/p>\n<p data-start=\"274\" data-end=\"585\">Durante la jornada de ayer, <strong data-start=\"302\" data-end=\"325\">jueves 9 de octubre<\/strong>, se llevaron a cabo las labores de <strong data-start=\"361\" data-end=\"450\">desinfecci\u00f3n y control de plagas en la red de alcantarillado del municipio de Caudete<\/strong>, dentro del plan de mantenimiento peri\u00f3dico que se realiza <strong data-start=\"510\" data-end=\"526\">mensualmente<\/strong> para el tratamiento de insectos, especialmente cucarachas.<\/p>\n<p data-start=\"587\" data-end=\"776\">Es posible que, durante los pr\u00f3ximos d\u00edas, <strong data-start=\"630\" data-end=\"677\">se observe la presencia de algunos insectos<\/strong>, debido a que el tratamiento provoca que estos salgan al exterior huyendo del producto aplicado.<\/p>\n<p data-start=\"778\" data-end=\"1059\">El especialista encargado del servicio ha se\u00f1alado que <strong data-start=\"833\" data-end=\"905\">Caudete no presenta actualmente ning\u00fan problema en las alcantarillas<\/strong>, si bien se est\u00e1 detectando que <strong data-start=\"938\" data-end=\"998\">parte de estos insectos buscan refugio en zonas privadas<\/strong>, como <strong data-start=\"1005\" data-end=\"1056\">cocheras, bajos cerrados o huecos de ascensores<\/strong>.<\/p>\n<p data-start=\"1061\" data-end=\"1285\">Por este motivo, <strong data-start=\"1078\" data-end=\"1155\">algunas comunidades de vecinos ya est\u00e1n adoptando medidas complementarias<\/strong>, realizando sus propias desinfecciones en \u00e1reas interiores para <strong data-start=\"1220\" data-end=\"1249\">prevenir la proliferaci\u00f3n<\/strong> y mantener un control m\u00e1s eficaz.<\/p>\n<p data-start=\"1287\" data-end=\"1513\">Desde la <strong data-start=\"1296\" data-end=\"1328\">Concejal\u00eda de Medio Ambiente<\/strong> se recuerda la importancia de <strong data-start=\"1359\" data-end=\"1436\">realizar tratamientos peri\u00f3dicos<\/strong> .<\/p>\n<p data-start=\"1515\" data-end=\"1644\"><strong data-start=\"1515\" data-end=\"1538\">Caudete es verde \ud83c\udf3f<\/strong><br data-start=\"1538\" data-end=\"1541\" \/>Francisco Jos\u00e9 Castell\u00f3 Castell\u00f3<br data-start=\"1573\" data-end=\"1576\" \/>Concejal de Medio Ambiente<br data-start=\"1602\" data-end=\"1605\" \/><strong data-start=\"1605\" data-end=\"1644\">Muy Ilustre Ayuntamiento de Caudete<\/strong><\/p>\n","protected":false},"excerpt":{"rendered":"<p>\ud83d\udd39 COMUNICADO DE LA CONCEJAL\u00cdA DE MEDIO AMBIENTE Desinfecci\u00f3n peri\u00f3dica del alcantarillado municipal Durante la jornada de ayer, jueves 9 de octubre, se llevaron a cabo las labores de desinfecci\u00f3n y control de plagas en la red de alcantarillado del municipio de Caudete, dentro del plan de mantenimiento peri\u00f3dico que se realiza mensualmente para el &hellip;<\/p>\n","protected":false},"author":7,"featured_media":31007,"comment_status":"closed","ping_status":"open","sticky":false,"template":"","format":"standard","meta":{"ngg_post_thumbnail":0,"footnotes":""},"categories":[29],"tags":[],"class_list":["post-31006","post","type-post","status-publish","format-standard","has-post-thumbnail","hentry","category-medio-ambiente"],"yoast_head":"<!-- This site is optimized with the Yoast SEO plugin v27.5 - https:\/\/yoast.com\/product\/yoast-seo-wordpress\/ -->\n<title>Desinfecci\u00f3n peri\u00f3dica del alcantarillado municipal - MI Ayuntamiento de Caudete<\/title>\n<meta name=\"description\" content=\"P\u00e1gina Oficial del Ayuntamiento de Caudete (Albacete)\" \/>\n<meta name=\"robots\" content=\"index, follow, max-snippet:-1, max-image-preview:large, max-video-preview:-1\" \/>\n<link rel=\"canonical\" href=\"https:\/\/www.caudete.org\/ayuntamiento\/desinfeccion-periodica-del-alcantarillado-municipal\/\" \/>\n<meta property=\"og:locale\" content=\"es_ES\" \/>\n<meta property=\"og:type\" content=\"article\" \/>\n<meta property=\"og:title\" content=\"Desinfecci\u00f3n peri\u00f3dica del alcantarillado municipal - MI Ayuntamiento de Caudete\" \/>\n<meta property=\"og:description\" content=\"P\u00e1gina Oficial del Ayuntamiento de Caudete (Albacete)\" \/>\n<meta property=\"og:url\" content=\"https:\/\/www.caudete.org\/ayuntamiento\/desinfeccion-periodica-del-alcantarillado-municipal\/\" \/>\n<meta property=\"og:site_name\" content=\"MI Ayuntamiento de Caudete\" \/>\n<meta property=\"article:publisher\" content=\"https:\/\/www.facebook.com\/ayuntamientocaudete\/\" \/>\n<meta property=\"article:published_time\" content=\"2025-10-10T07:45:33+00:00\" \/>\n<meta property=\"article:modified_time\" content=\"2025-10-10T07:45:46+00:00\" \/>\n<meta property=\"og:image\" content=\"https:\/\/www.caudete.org\/ayuntamiento\/wp-content\/uploads\/2025\/10\/foto-desinfreccion.jpg\" \/>\n\t<meta property=\"og:image:width\" content=\"864\" \/>\n\t<meta property=\"og:image:height\" content=\"380\" \/>\n\t<meta property=\"og:image:type\" content=\"image\/jpeg\" \/>\n<meta name=\"author\" content=\"ConceMediosComunicacion\" \/>\n<meta name=\"twitter:card\" content=\"summary_large_image\" \/>\n<meta name=\"twitter:label1\" content=\"Escrito por\" \/>\n\t<meta name=\"twitter:data1\" content=\"ConceMediosComunicacion\" \/>\n\t<meta name=\"twitter:label2\" content=\"Tiempo de lectura\" \/>\n\t<meta name=\"twitter:data2\" content=\"2 minutos\" \/>\n<script type=\"application\/ld+json\" class=\"yoast-schema-graph\">{\"@context\":\"https:\\\/\\\/schema.org\",\"@graph\":[{\"@type\":\"Article\",\"@id\":\"https:\\\/\\\/www.caudete.org\\\/ayuntamiento\\\/desinfeccion-periodica-del-alcantarillado-municipal\\\/#article\",\"isPartOf\":{\"@id\":\"https:\\\/\\\/www.caudete.org\\\/ayuntamiento\\\/desinfeccion-periodica-del-alcantarillado-municipal\\\/\"},\"author\":{\"name\":\"ConceMediosComunicacion\",\"@id\":\"https:\\\/\\\/www.caudete.org\\\/ayuntamiento\\\/#\\\/schema\\\/person\\\/20dfe238fe5ee9d5f5e69267aa623e05\"},\"headline\":\"Desinfecci\u00f3n peri\u00f3dica del alcantarillado municipal\",\"datePublished\":\"2025-10-10T07:45:33+00:00\",\"dateModified\":\"2025-10-10T07:45:46+00:00\",\"mainEntityOfPage\":{\"@id\":\"https:\\\/\\\/www.caudete.org\\\/ayuntamiento\\\/desinfeccion-periodica-del-alcantarillado-municipal\\\/\"},\"wordCount\":207,\"image\":{\"@id\":\"https:\\\/\\\/www.caudete.org\\\/ayuntamiento\\\/desinfeccion-periodica-del-alcantarillado-municipal\\\/#primaryimage\"},\"thumbnailUrl\":\"https:\\\/\\\/www.caudete.org\\\/ayuntamiento\\\/wp-content\\\/uploads\\\/2025\\\/10\\\/foto-desinfreccion.jpg\",\"articleSection\":[\"Medio Ambiente\"],\"inLanguage\":\"es\"},{\"@type\":\"WebPage\",\"@id\":\"https:\\\/\\\/www.caudete.org\\\/ayuntamiento\\\/desinfeccion-periodica-del-alcantarillado-municipal\\\/\",\"url\":\"https:\\\/\\\/www.caudete.org\\\/ayuntamiento\\\/desinfeccion-periodica-del-alcantarillado-municipal\\\/\",\"name\":\"Desinfecci\u00f3n peri\u00f3dica del alcantarillado municipal - MI Ayuntamiento de Caudete\",\"isPartOf\":{\"@id\":\"https:\\\/\\\/www.caudete.org\\\/ayuntamiento\\\/#website\"},\"primaryImageOfPage\":{\"@id\":\"https:\\\/\\\/www.caudete.org\\\/ayuntamiento\\\/desinfeccion-periodica-del-alcantarillado-municipal\\\/#primaryimage\"},\"image\":{\"@id\":\"https:\\\/\\\/www.caudete.org\\\/ayuntamiento\\\/desinfeccion-periodica-del-alcantarillado-municipal\\\/#primaryimage\"},\"thumbnailUrl\":\"https:\\\/\\\/www.caudete.org\\\/ayuntamiento\\\/wp-content\\\/uploads\\\/2025\\\/10\\\/foto-desinfreccion.jpg\",\"datePublished\":\"2025-10-10T07:45:33+00:00\",\"dateModified\":\"2025-10-10T07:45:46+00:00\",\"author\":{\"@id\":\"https:\\\/\\\/www.caudete.org\\\/ayuntamiento\\\/#\\\/schema\\\/person\\\/20dfe238fe5ee9d5f5e69267aa623e05\"},\"description\":\"P\u00e1gina Oficial del Ayuntamiento de Caudete (Albacete)\",\"breadcrumb\":{\"@id\":\"https:\\\/\\\/www.caudete.org\\\/ayuntamiento\\\/desinfeccion-periodica-del-alcantarillado-municipal\\\/#breadcrumb\"},\"inLanguage\":\"es\",\"potentialAction\":[{\"@type\":\"ReadAction\",\"target\":[\"https:\\\/\\\/www.caudete.org\\\/ayuntamiento\\\/desinfeccion-periodica-del-alcantarillado-municipal\\\/\"]}]},{\"@type\":\"ImageObject\",\"inLanguage\":\"es\",\"@id\":\"https:\\\/\\\/www.caudete.org\\\/ayuntamiento\\\/desinfeccion-periodica-del-alcantarillado-municipal\\\/#primaryimage\",\"url\":\"https:\\\/\\\/www.caudete.org\\\/ayuntamiento\\\/wp-content\\\/uploads\\\/2025\\\/10\\\/foto-desinfreccion.jpg\",\"contentUrl\":\"https:\\\/\\\/www.caudete.org\\\/ayuntamiento\\\/wp-content\\\/uploads\\\/2025\\\/10\\\/foto-desinfreccion.jpg\",\"width\":864,\"height\":380},{\"@type\":\"BreadcrumbList\",\"@id\":\"https:\\\/\\\/www.caudete.org\\\/ayuntamiento\\\/desinfeccion-periodica-del-alcantarillado-municipal\\\/#breadcrumb\",\"itemListElement\":[{\"@type\":\"ListItem\",\"position\":1,\"name\":\"Inicio\",\"item\":\"https:\\\/\\\/www.caudete.org\\\/ayuntamiento\\\/\"},{\"@type\":\"ListItem\",\"position\":2,\"name\":\"Desinfecci\u00f3n peri\u00f3dica del alcantarillado municipal\"}]},{\"@type\":\"WebSite\",\"@id\":\"https:\\\/\\\/www.caudete.org\\\/ayuntamiento\\\/#website\",\"url\":\"https:\\\/\\\/www.caudete.org\\\/ayuntamiento\\\/\",\"name\":\"MI Ayuntamiento de Caudete\",\"description\":\"P\u00e1gina Oficial del MI Ayuntamiento de Caudete\",\"potentialAction\":[{\"@type\":\"SearchAction\",\"target\":{\"@type\":\"EntryPoint\",\"urlTemplate\":\"https:\\\/\\\/www.caudete.org\\\/ayuntamiento\\\/?s={search_term_string}\"},\"query-input\":{\"@type\":\"PropertyValueSpecification\",\"valueRequired\":true,\"valueName\":\"search_term_string\"}}],\"inLanguage\":\"es\"},{\"@type\":\"Person\",\"@id\":\"https:\\\/\\\/www.caudete.org\\\/ayuntamiento\\\/#\\\/schema\\\/person\\\/20dfe238fe5ee9d5f5e69267aa623e05\",\"name\":\"ConceMediosComunicacion\",\"image\":{\"@type\":\"ImageObject\",\"inLanguage\":\"es\",\"@id\":\"https:\\\/\\\/secure.gravatar.com\\\/avatar\\\/9d162043ba1cd4ab14413e29fdb3655bfccde37e65ca99013604f8d2a19c636d?s=96&d=mm&r=g\",\"url\":\"https:\\\/\\\/secure.gravatar.com\\\/avatar\\\/9d162043ba1cd4ab14413e29fdb3655bfccde37e65ca99013604f8d2a19c636d?s=96&d=mm&r=g\",\"contentUrl\":\"https:\\\/\\\/secure.gravatar.com\\\/avatar\\\/9d162043ba1cd4ab14413e29fdb3655bfccde37e65ca99013604f8d2a19c636d?s=96&d=mm&r=g\",\"caption\":\"ConceMediosComunicacion\"},\"url\":\"https:\\\/\\\/www.caudete.org\\\/ayuntamiento\\\/author\\\/concemedioscomunicacion\\\/\"}]}<\/script>\n<!-- \/ Yoast SEO plugin. -->","yoast_head_json":{"title":"Desinfecci\u00f3n peri\u00f3dica del alcantarillado municipal - MI Ayuntamiento de Caudete","description":"P\u00e1gina Oficial del Ayuntamiento de Caudete (Albacete)","robots":{"index":"index","follow":"follow","max-snippet":"max-snippet:-1","max-image-preview":"max-image-preview:large","max-video-preview":"max-video-preview:-1"},"canonical":"https:\/\/www.caudete.org\/ayuntamiento\/desinfeccion-periodica-del-alcantarillado-municipal\/","og_locale":"es_ES","og_type":"article","og_title":"Desinfecci\u00f3n peri\u00f3dica del alcantarillado municipal - MI Ayuntamiento de Caudete","og_description":"P\u00e1gina Oficial del Ayuntamiento de Caudete (Albacete)","og_url":"https:\/\/www.caudete.org\/ayuntamiento\/desinfeccion-periodica-del-alcantarillado-municipal\/","og_site_name":"MI Ayuntamiento de Caudete","article_publisher":"https:\/\/www.facebook.com\/ayuntamientocaudete\/","article_published_time":"2025-10-10T07:45:33+00:00","article_modified_time":"2025-10-10T07:45:46+00:00","og_image":[{"width":864,"height":380,"url":"https:\/\/www.caudete.org\/ayuntamiento\/wp-content\/uploads\/2025\/10\/foto-desinfreccion.jpg","type":"image\/jpeg"}],"author":"ConceMediosComunicacion","twitter_card":"summary_large_image","twitter_misc":{"Escrito por":"ConceMediosComunicacion","Tiempo de lectura":"2 minutos"},"schema":{"@context":"https:\/\/schema.org","@graph":[{"@type":"Article","@id":"https:\/\/www.caudete.org\/ayuntamiento\/desinfeccion-periodica-del-alcantarillado-municipal\/#article","isPartOf":{"@id":"https:\/\/www.caudete.org\/ayuntamiento\/desinfeccion-periodica-del-alcantarillado-municipal\/"},"author":{"name":"ConceMediosComunicacion","@id":"https:\/\/www.caudete.org\/ayuntamiento\/#\/schema\/person\/20dfe238fe5ee9d5f5e69267aa623e05"},"headline":"Desinfecci\u00f3n peri\u00f3dica del alcantarillado municipal","datePublished":"2025-10-10T07:45:33+00:00","dateModified":"2025-10-10T07:45:46+00:00","mainEntityOfPage":{"@id":"https:\/\/www.caudete.org\/ayuntamiento\/desinfeccion-periodica-del-alcantarillado-municipal\/"},"wordCount":207,"image":{"@id":"https:\/\/www.caudete.org\/ayuntamiento\/desinfeccion-periodica-del-alcantarillado-municipal\/#primaryimage"},"thumbnailUrl":"https:\/\/www.caudete.org\/ayuntamiento\/wp-content\/uploads\/2025\/10\/foto-desinfreccion.jpg","articleSection":["Medio Ambiente"],"inLanguage":"es"},{"@type":"WebPage","@id":"https:\/\/www.caudete.org\/ayuntamiento\/desinfeccion-periodica-del-alcantarillado-municipal\/","url":"https:\/\/www.caudete.org\/ayuntamiento\/desinfeccion-periodica-del-alcantarillado-municipal\/","name":"Desinfecci\u00f3n peri\u00f3dica del alcantarillado municipal - MI Ayuntamiento de Caudete","isPartOf":{"@id":"https:\/\/www.caudete.org\/ayuntamiento\/#website"},"primaryImageOfPage":{"@id":"https:\/\/www.caudete.org\/ayuntamiento\/desinfeccion-periodica-del-alcantarillado-municipal\/#primaryimage"},"image":{"@id":"https:\/\/www.caudete.org\/ayuntamiento\/desinfeccion-periodica-del-alcantarillado-municipal\/#primaryimage"},"thumbnailUrl":"https:\/\/www.caudete.org\/ayuntamiento\/wp-content\/uploads\/2025\/10\/foto-desinfreccion.jpg","datePublished":"2025-10-10T07:45:33+00:00","dateModified":"2025-10-10T07:45:46+00:00","author":{"@id":"https:\/\/www.caudete.org\/ayuntamiento\/#\/schema\/person\/20dfe238fe5ee9d5f5e69267aa623e05"},"description":"P\u00e1gina Oficial del Ayuntamiento de Caudete (Albacete)","breadcrumb":{"@id":"https:\/\/www.caudete.org\/ayuntamiento\/desinfeccion-periodica-del-alcantarillado-municipal\/#breadcrumb"},"inLanguage":"es","potentialAction":[{"@type":"ReadAction","target":["https:\/\/www.caudete.org\/ayuntamiento\/desinfeccion-periodica-del-alcantarillado-municipal\/"]}]},{"@type":"ImageObject","inLanguage":"es","@id":"https:\/\/www.caudete.org\/ayuntamiento\/desinfeccion-periodica-del-alcantarillado-municipal\/#primaryimage","url":"https:\/\/www.caudete.org\/ayuntamiento\/wp-content\/uploads\/2025\/10\/foto-desinfreccion.jpg","contentUrl":"https:\/\/www.caudete.org\/ayuntamiento\/wp-content\/uploads\/2025\/10\/foto-desinfreccion.jpg","width":864,"height":380},{"@type":"BreadcrumbList","@id":"https:\/\/www.caudete.org\/ayuntamiento\/desinfeccion-periodica-del-alcantarillado-municipal\/#breadcrumb","itemListElement":[{"@type":"ListItem","position":1,"name":"Inicio","item":"https:\/\/www.caudete.org\/ayuntamiento\/"},{"@type":"ListItem","position":2,"name":"Desinfecci\u00f3n peri\u00f3dica del alcantarillado municipal"}]},{"@type":"WebSite","@id":"https:\/\/www.caudete.org\/ayuntamiento\/#website","url":"https:\/\/www.caudete.org\/ayuntamiento\/","name":"MI Ayuntamiento de Caudete","description":"P\u00e1gina Oficial del MI Ayuntamiento de Caudete","potentialAction":[{"@type":"SearchAction","target":{"@type":"EntryPoint","urlTemplate":"https:\/\/www.caudete.org\/ayuntamiento\/?s={search_term_string}"},"query-input":{"@type":"PropertyValueSpecification","valueRequired":true,"valueName":"search_term_string"}}],"inLanguage":"es"},{"@type":"Person","@id":"https:\/\/www.caudete.org\/ayuntamiento\/#\/schema\/person\/20dfe238fe5ee9d5f5e69267aa623e05","name":"ConceMediosComunicacion","image":{"@type":"ImageObject","inLanguage":"es","@id":"https:\/\/secure.gravatar.com\/avatar\/9d162043ba1cd4ab14413e29fdb3655bfccde37e65ca99013604f8d2a19c636d?s=96&d=mm&r=g","url":"https:\/\/secure.gravatar.com\/avatar\/9d162043ba1cd4ab14413e29fdb3655bfccde37e65ca99013604f8d2a19c636d?s=96&d=mm&r=g","contentUrl":"https:\/\/secure.gravatar.com\/avatar\/9d162043ba1cd4ab14413e29fdb3655bfccde37e65ca99013604f8d2a19c636d?s=96&d=mm&r=g","caption":"ConceMediosComunicacion"},"url":"https:\/\/www.caudete.org\/ayuntamiento\/author\/concemedioscomunicacion\/"}]}},"_links":{"self":[{"href":"https:\/\/www.caudete.org\/ayuntamiento\/wp-json\/wp\/v2\/posts\/31006","targetHints":{"allow":["GET"]}}],"collection":[{"href":"https:\/\/www.caudete.org\/ayuntamiento\/wp-json\/wp\/v2\/posts"}],"about":[{"href":"https:\/\/www.caudete.org\/ayuntamiento\/wp-json\/wp\/v2\/types\/post"}],"author":[{"embeddable":true,"href":"https:\/\/www.caudete.org\/ayuntamiento\/wp-json\/wp\/v2\/users\/7"}],"replies":[{"embeddable":true,"href":"https:\/\/www.caudete.org\/ayuntamiento\/wp-json\/wp\/v2\/comments?post=31006"}],"version-history":[{"count":1,"href":"https:\/\/www.caudete.org\/ayuntamiento\/wp-json\/wp\/v2\/posts\/31006\/revisions"}],"predecessor-version":[{"id":31008,"href":"https:\/\/www.caudete.org\/ayuntamiento\/wp-json\/wp\/v2\/posts\/31006\/revisions\/31008"}],"wp:featuredmedia":[{"embeddable":true,"href":"https:\/\/www.caudete.org\/ayuntamiento\/wp-json\/wp\/v2\/media\/31007"}],"wp:attachment":[{"href":"https:\/\/www.caudete.org\/ayuntamiento\/wp-json\/wp\/v2\/media?parent=31006"}],"wp:term":[{"taxonomy":"category","embeddable":true,"href":"https:\/\/www.caudete.org\/ayuntamiento\/wp-json\/wp\/v2\/categories?post=31006"},{"taxonomy":"post_tag","embeddable":true,"href":"https:\/\/www.caudete.org\/ayuntamiento\/wp-json\/wp\/v2\/tags?post=31006"}],"curies":[{"name":"wp","href":"https:\/\/api.w.org\/{rel}","templated":true}]}}