{"id":31020,"date":"2025-10-11T00:41:05","date_gmt":"2025-10-10T22:41:05","guid":{"rendered":"https:\/\/www.caudete.org\/ayuntamiento\/?p=31020"},"modified":"2025-10-11T00:41:05","modified_gmt":"2025-10-10T22:41:05","slug":"caudete-avanza-hacia-un-modelo-de-residuos-mas-justo-y-sostenible","status":"publish","type":"post","link":"https:\/\/www.caudete.org\/ayuntamiento\/caudete-avanza-hacia-un-modelo-de-residuos-mas-justo-y-sostenible\/","title":{"rendered":"Caudete avanza hacia un modelo de residuos m\u00e1s justo y sostenible"},"content":{"rendered":"<h2 class=\"western\">\ud83d\udfe9 SEGUNDO COMUNICADO<\/h2>\n<h3 class=\"western\">Caudete da el siguiente paso hacia un modelo de gesti\u00f3n de residuos m\u00e1s justo, moderno, sostenible y ajustado a la legislaci\u00f3n vigente.<\/h3>\n<p>En continuidad con el comunicado publicado ayer sobre la aprobaci\u00f3n del pr\u00e9stamo para la modernizaci\u00f3n del sistema de recogida de residuos, el <strong>Muy Ilustre Ayuntamiento de Caudete<\/strong>, a trav\u00e9s de la <strong>Concejal\u00eda de Medio Ambiente<\/strong>, informa a los vecinos sobre la <strong>segunda fase de este proyecto<\/strong>: la <strong>implantaci\u00f3n <\/strong><strong>obligatoria<\/strong> <strong>de la tasa vinculada al Pago por Generaci\u00f3n (PxG)<\/strong> y la <strong>puesta en marcha del nuevo modelo de recogida mediante contenedores inteligentes <\/strong><strong>subvencionados al 90% <\/strong><strong>por Europa<\/strong>.<\/p>\n<p>&nbsp;<\/p>\n<h3 class=\"western\">\u2696\ufe0f La ley nos obliga a implantar una tasa por generaci\u00f3n de residuos<\/h3>\n<p>La <strong>Ley 7\/2022 de Residuos y Suelos Contaminados<\/strong> obliga a todos los Ayuntamientos de Espa\u00f1a a implantar, una <strong>tasa vinculada al Pago por Generaci\u00f3n (PxG)<\/strong>, aplicando el principio de <em>\u201cquien contamina paga\u201d<\/em>.<\/p>\n<p>&nbsp;<\/p>\n<h3 class=\"western\">\ud83d\udcb6 Composici\u00f3n de la tasa y canon del Consorcio<\/h3>\n<p>La tasa de residuos se divide en dos partes:<\/p>\n<ol>\n<li><strong>Coste del servicio municipal:<\/strong> operarios, veh\u00edculos, combustible, materiales y mantenimiento.<\/li>\n<li><strong>Canon del Consorcio Provincial de Medio Ambiente de Albacete (CPMAA):<\/strong> coste por el tratamiento final de los residuos, actualmente <strong>31,23 \u20ac\/tonelada<\/strong>, lo que supone <strong>150.000 \u20ac al a\u00f1o<\/strong> para Caudete.<\/li>\n<\/ol>\n<p>Comparativa con otros Consorcios cercanos:<\/p>\n<ul>\n<li><strong>Consorcio Terra:<\/strong> 54,70 \u20ac\/t. (Villena)<\/li>\n<li><strong>Consorcio (COREM): <\/strong><strong>88,53 \u20ac\/t <\/strong>(Murcia)<\/li>\n<\/ul>\n<p>&nbsp;<\/p>\n<p><strong>El canon tiende a subir<\/strong>, y si no adelantamos la modernizaci\u00f3n, <strong>los vecinos seguir\u00edan pagando una cantidad <\/strong><strong>cada vez mas <\/strong><strong>creciente al Consorcio<\/strong>, mientras si reducimos<strong> el volumen de residuos enviados al vertedero <\/strong><strong>el dinero se queda en el bolsillo de los vecinos<\/strong>.<\/p>\n<p>Existen varias formas de calcular esta tasa, pero <b>solo una, el pago por generaci\u00f3n<\/b><strong> refleja con precisi\u00f3n la generaci\u00f3n real de residuos de cada vecino<\/strong>:<\/p>\n<p>&nbsp;<\/p>\n<ul>\n<li><strong>C<\/strong><strong>obrar con arreglo al <\/strong><strong>c<\/strong><strong>onsumo de agua \ud83d\udca7:<\/strong> no refleja la basura realmente generada.<\/li>\n<li><strong>C<\/strong><strong>obrar con arreglo al<\/strong> <strong>n<\/strong><strong>\u00famero de empadronados \ud83d\udc68\u200d\ud83d\udc69\u200d\ud83d\udc67\u200d\ud83d\udc66:<\/strong> m\u00e1s habitantes no siempre generan m\u00e1s residuos.<\/li>\n<li><strong>C<\/strong><strong>obrar con arreglo al<\/strong> <strong>v<\/strong><strong>alor catastral o superficie \ud83c\udfe0:<\/strong> no guarda relaci\u00f3n con h\u00e1bitos de reciclaje.<\/li>\n<li><strong>C<\/strong><strong>obrar con arreglo al<\/strong> <strong>t<\/strong><strong>ipo de vivienda o zona \ud83d\udccd:<\/strong> ajusta costes, pero no incentiva comportamientos sostenibles.<\/li>\n<\/ul>\n<p>Por ley hay que elegir un modelo entre todos, pero solo el <strong>Pago por Generaci\u00f3n (PxG)<\/strong> permite premiar a los vecinos responsables y ajustar la tasa seg\u00fan la cantidad y calidad de residuos que depositan.<\/p>\n<p>Por ello, la <strong>Concejal\u00eda de Medio Ambiente<\/strong>, dirigida por <strong>Francisco Jos\u00e9 Castell\u00f3 Castell\u00f3<\/strong>, ha decidido implantar <strong>contenedores inteligentes<\/strong>, la <strong>mejor alternativa para Caudete<\/strong>, que permite contabilizar los residuos de forma individual <strong>sin alterar la rutina de los vecinos<\/strong>, fomentando la reducci\u00f3n de residuos y premiando el reciclaje.<\/p>\n<p>&nbsp;<\/p>\n<h3 class=\"western\">\u267b\ufe0f C\u00f3mo funciona el Pago por Generaci\u00f3n<\/h3>\n<p>El <strong>PxG<\/strong> permite que cada vecino <strong>pague en funci\u00f3n de sus residuos<\/strong>:<\/p>\n<ul>\n<li><strong>Identificaci\u00f3n del usuario:<\/strong> mediante tarjetas en contenedores inteligentes.<\/li>\n<li><strong>Medici\u00f3n de residuos:<\/strong> por volumen o peso de las fracciones depositadas.<\/li>\n<li><strong>Premio al reciclaje:<\/strong> los vecinos que separen correctamente pagan menos.\n<p>&nbsp;<\/li>\n<\/ul>\n<p>La otra f\u00f3rmula legal para la recogida de los residuos es, <b>la denominada recogida puerta a puerta<\/b>, este m\u00e9todo nos permite controlar igualmente la cantidad de residuos que depositamos mediante un c\u00f3digo de barras o QR, pero presenta muchos inconvenientes de cara al usuario:<\/p>\n<p>* Cada ciudadano deber\u00eda estar pendiente del d\u00eda y la hora en la que pasar\u00eda el cami\u00f3n a recoger la basura.<\/p>\n<p>* Deber\u00edan ir los trabajadores a pie leyendo el c\u00f3digo y echando la basura al cami\u00f3n (esto ya se hac\u00eda hace a\u00f1os en Caudete \u00bflo record\u00e1is? \u00bfqueremos volver a aquello?<\/p>\n<p>Todo esto supondr\u00eda encarecer el servicio y retroceder bastantes a\u00f1os.<\/p>\n<h3 class=\"western\"><\/h3>\n<h3 class=\"western\">\ud83c\udf31 Beneficios para Caudete<\/h3>\n<ul>\n<li>Modernizaci\u00f3n del sistema de recogida.<\/li>\n<li>Reducci\u00f3n de costes a medio y largo plazo.<\/li>\n<li>Premios para los vecinos responsables.<\/li>\n<li>Menos residuos enviados al vertedero.<\/li>\n<li>Servicio c\u00f3modo, sin cambios en la rutina diaria.<\/li>\n<li>Caudete se proyecta como municipio <strong>referente en gesti\u00f3n sostenible de residuos<\/strong>.<\/li>\n<\/ul>\n<p>Como ha se\u00f1alado el concejal de Medio Ambiente, <strong>Francisco Jos\u00e9 Castell\u00f3 Castell\u00f3<\/strong>:<\/p>\n<blockquote><p>\u201cEste paso marca un hito hist\u00f3rico para Caudete. Con el modelo de contenedores inteligentes, hacemos un uso m\u00e1s justo y responsable de los recursos, fomentamos el reciclaje y conseguimos un ahorro econ\u00f3mico directo para las familias.\u201d<\/p><\/blockquote>\n<p>&nbsp;<\/p>\n<h3 class=\"western\">\ud83c\udf3f Caudete, un municipio verde y preparado<\/h3>\n<p>Caudete cuenta con <strong>m\u00e1s de 254.000 m\u00b2 de zonas verdes municipales<\/strong>, lo que supone <strong>25,4 m\u00b2 por habitante<\/strong>, una cifra que <strong>supera ampliamente las recomendaciones de la OMS<\/strong> (m\u00ednimo 9 m\u00b2 por habitante) y se encuentra por encima de la media de muchas ciudades europeas y espa\u00f1olas, donde los valores suelen oscilar entre <strong>15 y 20 m\u00b2 por habitante<\/strong>. Esto refleja el <strong>compromiso ambiental de nuestro municipio<\/strong> y la importancia que damos a la <strong>calidad de vida de los vecinos<\/strong>.<\/p>\n<p>Adem\u00e1s, los caudetanos generamos <strong>820 gramos de residuos por persona y d\u00eda<\/strong>, frente a la <strong>media nacional de 1.300 gramos<\/strong>, demostrando que <strong>Caudete ya est\u00e1 por delante en responsabilidad y conciencia medioambiental<\/strong>.<\/p>\n<p>Con estos datos, el municipio est\u00e1 <strong>preparado para avanzar hacia un sistema m\u00e1s justo, eficiente y sostenible<\/strong>, acorde con las exigencias europeas y nacionales.<\/p>\n<p>&nbsp;<\/p>\n<p>\ud83d\udc9a <strong>Caudete avanza hacia un modelo de gesti\u00f3n de residuos m\u00e1s limpio, justo y sostenible.<\/strong><br \/>\n<strong>Cuidar del medio ambiente tambi\u00e9n significa proteger la econom\u00eda de las familias caudetanas y fortalecer nuestro municipio como referente verde y moderno.<\/strong><\/p>\n<p>&nbsp;<\/p>\n<p>&nbsp;<\/p>\n","protected":false},"excerpt":{"rendered":"<p>\ud83d\udfe9 SEGUNDO COMUNICADO Caudete da el siguiente paso hacia un modelo de gesti\u00f3n de residuos m\u00e1s justo, moderno, sostenible y ajustado a la legislaci\u00f3n vigente. En continuidad con el comunicado publicado ayer sobre la aprobaci\u00f3n del pr\u00e9stamo para la modernizaci\u00f3n del sistema de recogida de residuos, el Muy Ilustre Ayuntamiento de Caudete, a trav\u00e9s de &hellip;<\/p>\n","protected":false},"author":7,"featured_media":31023,"comment_status":"closed","ping_status":"open","sticky":false,"template":"","format":"standard","meta":{"ngg_post_thumbnail":0,"footnotes":""},"categories":[29],"tags":[],"class_list":["post-31020","post","type-post","status-publish","format-standard","has-post-thumbnail","hentry","category-medio-ambiente"],"yoast_head":"<!-- This site is optimized with the Yoast SEO plugin v27.5 - https:\/\/yoast.com\/product\/yoast-seo-wordpress\/ -->\n<title>Caudete avanza hacia un modelo de residuos m\u00e1s justo y sostenible - MI Ayuntamiento de Caudete<\/title>\n<meta name=\"description\" content=\"P\u00e1gina Oficial del Ayuntamiento de Caudete (Albacete)\" \/>\n<meta name=\"robots\" content=\"index, follow, max-snippet:-1, max-image-preview:large, max-video-preview:-1\" \/>\n<link rel=\"canonical\" href=\"https:\/\/www.caudete.org\/ayuntamiento\/caudete-avanza-hacia-un-modelo-de-residuos-mas-justo-y-sostenible\/\" \/>\n<meta property=\"og:locale\" content=\"es_ES\" \/>\n<meta property=\"og:type\" content=\"article\" \/>\n<meta property=\"og:title\" content=\"Caudete avanza hacia un modelo de residuos m\u00e1s justo y sostenible - MI Ayuntamiento de Caudete\" \/>\n<meta property=\"og:description\" content=\"P\u00e1gina Oficial del Ayuntamiento de Caudete (Albacete)\" \/>\n<meta property=\"og:url\" content=\"https:\/\/www.caudete.org\/ayuntamiento\/caudete-avanza-hacia-un-modelo-de-residuos-mas-justo-y-sostenible\/\" \/>\n<meta property=\"og:site_name\" content=\"MI Ayuntamiento de Caudete\" \/>\n<meta property=\"article:publisher\" content=\"https:\/\/www.facebook.com\/ayuntamientocaudete\/\" \/>\n<meta property=\"article:published_time\" content=\"2025-10-10T22:41:05+00:00\" \/>\n<meta property=\"og:image\" content=\"https:\/\/www.caudete.org\/ayuntamiento\/wp-content\/uploads\/2025\/10\/e1e2dd98-1bdb-46a7-a8d1-3d5a326bfd0a.jpg\" \/>\n\t<meta property=\"og:image:width\" content=\"1184\" \/>\n\t<meta property=\"og:image:height\" content=\"864\" \/>\n\t<meta property=\"og:image:type\" content=\"image\/jpeg\" \/>\n<meta name=\"author\" content=\"ConceMediosComunicacion\" \/>\n<meta name=\"twitter:card\" content=\"summary_large_image\" \/>\n<meta name=\"twitter:label1\" content=\"Escrito por\" \/>\n\t<meta name=\"twitter:data1\" content=\"ConceMediosComunicacion\" \/>\n\t<meta name=\"twitter:label2\" content=\"Tiempo de lectura\" \/>\n\t<meta name=\"twitter:data2\" content=\"5 minutos\" \/>\n<script type=\"application\/ld+json\" class=\"yoast-schema-graph\">{\"@context\":\"https:\\\/\\\/schema.org\",\"@graph\":[{\"@type\":\"Article\",\"@id\":\"https:\\\/\\\/www.caudete.org\\\/ayuntamiento\\\/caudete-avanza-hacia-un-modelo-de-residuos-mas-justo-y-sostenible\\\/#article\",\"isPartOf\":{\"@id\":\"https:\\\/\\\/www.caudete.org\\\/ayuntamiento\\\/caudete-avanza-hacia-un-modelo-de-residuos-mas-justo-y-sostenible\\\/\"},\"author\":{\"name\":\"ConceMediosComunicacion\",\"@id\":\"https:\\\/\\\/www.caudete.org\\\/ayuntamiento\\\/#\\\/schema\\\/person\\\/20dfe238fe5ee9d5f5e69267aa623e05\"},\"headline\":\"Caudete avanza hacia un modelo de residuos m\u00e1s justo y sostenible\",\"datePublished\":\"2025-10-10T22:41:05+00:00\",\"mainEntityOfPage\":{\"@id\":\"https:\\\/\\\/www.caudete.org\\\/ayuntamiento\\\/caudete-avanza-hacia-un-modelo-de-residuos-mas-justo-y-sostenible\\\/\"},\"wordCount\":928,\"image\":{\"@id\":\"https:\\\/\\\/www.caudete.org\\\/ayuntamiento\\\/caudete-avanza-hacia-un-modelo-de-residuos-mas-justo-y-sostenible\\\/#primaryimage\"},\"thumbnailUrl\":\"https:\\\/\\\/www.caudete.org\\\/ayuntamiento\\\/wp-content\\\/uploads\\\/2025\\\/10\\\/e1e2dd98-1bdb-46a7-a8d1-3d5a326bfd0a.jpg\",\"articleSection\":[\"Medio Ambiente\"],\"inLanguage\":\"es\"},{\"@type\":\"WebPage\",\"@id\":\"https:\\\/\\\/www.caudete.org\\\/ayuntamiento\\\/caudete-avanza-hacia-un-modelo-de-residuos-mas-justo-y-sostenible\\\/\",\"url\":\"https:\\\/\\\/www.caudete.org\\\/ayuntamiento\\\/caudete-avanza-hacia-un-modelo-de-residuos-mas-justo-y-sostenible\\\/\",\"name\":\"Caudete avanza hacia un modelo de residuos m\u00e1s justo y sostenible - MI Ayuntamiento de Caudete\",\"isPartOf\":{\"@id\":\"https:\\\/\\\/www.caudete.org\\\/ayuntamiento\\\/#website\"},\"primaryImageOfPage\":{\"@id\":\"https:\\\/\\\/www.caudete.org\\\/ayuntamiento\\\/caudete-avanza-hacia-un-modelo-de-residuos-mas-justo-y-sostenible\\\/#primaryimage\"},\"image\":{\"@id\":\"https:\\\/\\\/www.caudete.org\\\/ayuntamiento\\\/caudete-avanza-hacia-un-modelo-de-residuos-mas-justo-y-sostenible\\\/#primaryimage\"},\"thumbnailUrl\":\"https:\\\/\\\/www.caudete.org\\\/ayuntamiento\\\/wp-content\\\/uploads\\\/2025\\\/10\\\/e1e2dd98-1bdb-46a7-a8d1-3d5a326bfd0a.jpg\",\"datePublished\":\"2025-10-10T22:41:05+00:00\",\"author\":{\"@id\":\"https:\\\/\\\/www.caudete.org\\\/ayuntamiento\\\/#\\\/schema\\\/person\\\/20dfe238fe5ee9d5f5e69267aa623e05\"},\"description\":\"P\u00e1gina Oficial del Ayuntamiento de Caudete (Albacete)\",\"breadcrumb\":{\"@id\":\"https:\\\/\\\/www.caudete.org\\\/ayuntamiento\\\/caudete-avanza-hacia-un-modelo-de-residuos-mas-justo-y-sostenible\\\/#breadcrumb\"},\"inLanguage\":\"es\",\"potentialAction\":[{\"@type\":\"ReadAction\",\"target\":[\"https:\\\/\\\/www.caudete.org\\\/ayuntamiento\\\/caudete-avanza-hacia-un-modelo-de-residuos-mas-justo-y-sostenible\\\/\"]}]},{\"@type\":\"ImageObject\",\"inLanguage\":\"es\",\"@id\":\"https:\\\/\\\/www.caudete.org\\\/ayuntamiento\\\/caudete-avanza-hacia-un-modelo-de-residuos-mas-justo-y-sostenible\\\/#primaryimage\",\"url\":\"https:\\\/\\\/www.caudete.org\\\/ayuntamiento\\\/wp-content\\\/uploads\\\/2025\\\/10\\\/e1e2dd98-1bdb-46a7-a8d1-3d5a326bfd0a.jpg\",\"contentUrl\":\"https:\\\/\\\/www.caudete.org\\\/ayuntamiento\\\/wp-content\\\/uploads\\\/2025\\\/10\\\/e1e2dd98-1bdb-46a7-a8d1-3d5a326bfd0a.jpg\",\"width\":1184,\"height\":864},{\"@type\":\"BreadcrumbList\",\"@id\":\"https:\\\/\\\/www.caudete.org\\\/ayuntamiento\\\/caudete-avanza-hacia-un-modelo-de-residuos-mas-justo-y-sostenible\\\/#breadcrumb\",\"itemListElement\":[{\"@type\":\"ListItem\",\"position\":1,\"name\":\"Inicio\",\"item\":\"https:\\\/\\\/www.caudete.org\\\/ayuntamiento\\\/\"},{\"@type\":\"ListItem\",\"position\":2,\"name\":\"Caudete avanza hacia un modelo de residuos m\u00e1s justo y sostenible\"}]},{\"@type\":\"WebSite\",\"@id\":\"https:\\\/\\\/www.caudete.org\\\/ayuntamiento\\\/#website\",\"url\":\"https:\\\/\\\/www.caudete.org\\\/ayuntamiento\\\/\",\"name\":\"MI Ayuntamiento de Caudete\",\"description\":\"P\u00e1gina Oficial del MI Ayuntamiento de Caudete\",\"potentialAction\":[{\"@type\":\"SearchAction\",\"target\":{\"@type\":\"EntryPoint\",\"urlTemplate\":\"https:\\\/\\\/www.caudete.org\\\/ayuntamiento\\\/?s={search_term_string}\"},\"query-input\":{\"@type\":\"PropertyValueSpecification\",\"valueRequired\":true,\"valueName\":\"search_term_string\"}}],\"inLanguage\":\"es\"},{\"@type\":\"Person\",\"@id\":\"https:\\\/\\\/www.caudete.org\\\/ayuntamiento\\\/#\\\/schema\\\/person\\\/20dfe238fe5ee9d5f5e69267aa623e05\",\"name\":\"ConceMediosComunicacion\",\"image\":{\"@type\":\"ImageObject\",\"inLanguage\":\"es\",\"@id\":\"https:\\\/\\\/secure.gravatar.com\\\/avatar\\\/9d162043ba1cd4ab14413e29fdb3655bfccde37e65ca99013604f8d2a19c636d?s=96&d=mm&r=g\",\"url\":\"https:\\\/\\\/secure.gravatar.com\\\/avatar\\\/9d162043ba1cd4ab14413e29fdb3655bfccde37e65ca99013604f8d2a19c636d?s=96&d=mm&r=g\",\"contentUrl\":\"https:\\\/\\\/secure.gravatar.com\\\/avatar\\\/9d162043ba1cd4ab14413e29fdb3655bfccde37e65ca99013604f8d2a19c636d?s=96&d=mm&r=g\",\"caption\":\"ConceMediosComunicacion\"},\"url\":\"https:\\\/\\\/www.caudete.org\\\/ayuntamiento\\\/author\\\/concemedioscomunicacion\\\/\"}]}<\/script>\n<!-- \/ Yoast SEO plugin. -->","yoast_head_json":{"title":"Caudete avanza hacia un modelo de residuos m\u00e1s justo y sostenible - MI Ayuntamiento de Caudete","description":"P\u00e1gina Oficial del Ayuntamiento de Caudete (Albacete)","robots":{"index":"index","follow":"follow","max-snippet":"max-snippet:-1","max-image-preview":"max-image-preview:large","max-video-preview":"max-video-preview:-1"},"canonical":"https:\/\/www.caudete.org\/ayuntamiento\/caudete-avanza-hacia-un-modelo-de-residuos-mas-justo-y-sostenible\/","og_locale":"es_ES","og_type":"article","og_title":"Caudete avanza hacia un modelo de residuos m\u00e1s justo y sostenible - MI Ayuntamiento de Caudete","og_description":"P\u00e1gina Oficial del Ayuntamiento de Caudete (Albacete)","og_url":"https:\/\/www.caudete.org\/ayuntamiento\/caudete-avanza-hacia-un-modelo-de-residuos-mas-justo-y-sostenible\/","og_site_name":"MI Ayuntamiento de Caudete","article_publisher":"https:\/\/www.facebook.com\/ayuntamientocaudete\/","article_published_time":"2025-10-10T22:41:05+00:00","og_image":[{"width":1184,"height":864,"url":"https:\/\/www.caudete.org\/ayuntamiento\/wp-content\/uploads\/2025\/10\/e1e2dd98-1bdb-46a7-a8d1-3d5a326bfd0a.jpg","type":"image\/jpeg"}],"author":"ConceMediosComunicacion","twitter_card":"summary_large_image","twitter_misc":{"Escrito por":"ConceMediosComunicacion","Tiempo de lectura":"5 minutos"},"schema":{"@context":"https:\/\/schema.org","@graph":[{"@type":"Article","@id":"https:\/\/www.caudete.org\/ayuntamiento\/caudete-avanza-hacia-un-modelo-de-residuos-mas-justo-y-sostenible\/#article","isPartOf":{"@id":"https:\/\/www.caudete.org\/ayuntamiento\/caudete-avanza-hacia-un-modelo-de-residuos-mas-justo-y-sostenible\/"},"author":{"name":"ConceMediosComunicacion","@id":"https:\/\/www.caudete.org\/ayuntamiento\/#\/schema\/person\/20dfe238fe5ee9d5f5e69267aa623e05"},"headline":"Caudete avanza hacia un modelo de residuos m\u00e1s justo y sostenible","datePublished":"2025-10-10T22:41:05+00:00","mainEntityOfPage":{"@id":"https:\/\/www.caudete.org\/ayuntamiento\/caudete-avanza-hacia-un-modelo-de-residuos-mas-justo-y-sostenible\/"},"wordCount":928,"image":{"@id":"https:\/\/www.caudete.org\/ayuntamiento\/caudete-avanza-hacia-un-modelo-de-residuos-mas-justo-y-sostenible\/#primaryimage"},"thumbnailUrl":"https:\/\/www.caudete.org\/ayuntamiento\/wp-content\/uploads\/2025\/10\/e1e2dd98-1bdb-46a7-a8d1-3d5a326bfd0a.jpg","articleSection":["Medio Ambiente"],"inLanguage":"es"},{"@type":"WebPage","@id":"https:\/\/www.caudete.org\/ayuntamiento\/caudete-avanza-hacia-un-modelo-de-residuos-mas-justo-y-sostenible\/","url":"https:\/\/www.caudete.org\/ayuntamiento\/caudete-avanza-hacia-un-modelo-de-residuos-mas-justo-y-sostenible\/","name":"Caudete avanza hacia un modelo de residuos m\u00e1s justo y sostenible - MI Ayuntamiento de Caudete","isPartOf":{"@id":"https:\/\/www.caudete.org\/ayuntamiento\/#website"},"primaryImageOfPage":{"@id":"https:\/\/www.caudete.org\/ayuntamiento\/caudete-avanza-hacia-un-modelo-de-residuos-mas-justo-y-sostenible\/#primaryimage"},"image":{"@id":"https:\/\/www.caudete.org\/ayuntamiento\/caudete-avanza-hacia-un-modelo-de-residuos-mas-justo-y-sostenible\/#primaryimage"},"thumbnailUrl":"https:\/\/www.caudete.org\/ayuntamiento\/wp-content\/uploads\/2025\/10\/e1e2dd98-1bdb-46a7-a8d1-3d5a326bfd0a.jpg","datePublished":"2025-10-10T22:41:05+00:00","author":{"@id":"https:\/\/www.caudete.org\/ayuntamiento\/#\/schema\/person\/20dfe238fe5ee9d5f5e69267aa623e05"},"description":"P\u00e1gina Oficial del Ayuntamiento de Caudete (Albacete)","breadcrumb":{"@id":"https:\/\/www.caudete.org\/ayuntamiento\/caudete-avanza-hacia-un-modelo-de-residuos-mas-justo-y-sostenible\/#breadcrumb"},"inLanguage":"es","potentialAction":[{"@type":"ReadAction","target":["https:\/\/www.caudete.org\/ayuntamiento\/caudete-avanza-hacia-un-modelo-de-residuos-mas-justo-y-sostenible\/"]}]},{"@type":"ImageObject","inLanguage":"es","@id":"https:\/\/www.caudete.org\/ayuntamiento\/caudete-avanza-hacia-un-modelo-de-residuos-mas-justo-y-sostenible\/#primaryimage","url":"https:\/\/www.caudete.org\/ayuntamiento\/wp-content\/uploads\/2025\/10\/e1e2dd98-1bdb-46a7-a8d1-3d5a326bfd0a.jpg","contentUrl":"https:\/\/www.caudete.org\/ayuntamiento\/wp-content\/uploads\/2025\/10\/e1e2dd98-1bdb-46a7-a8d1-3d5a326bfd0a.jpg","width":1184,"height":864},{"@type":"BreadcrumbList","@id":"https:\/\/www.caudete.org\/ayuntamiento\/caudete-avanza-hacia-un-modelo-de-residuos-mas-justo-y-sostenible\/#breadcrumb","itemListElement":[{"@type":"ListItem","position":1,"name":"Inicio","item":"https:\/\/www.caudete.org\/ayuntamiento\/"},{"@type":"ListItem","position":2,"name":"Caudete avanza hacia un modelo de residuos m\u00e1s justo y sostenible"}]},{"@type":"WebSite","@id":"https:\/\/www.caudete.org\/ayuntamiento\/#website","url":"https:\/\/www.caudete.org\/ayuntamiento\/","name":"MI Ayuntamiento de Caudete","description":"P\u00e1gina Oficial del MI Ayuntamiento de Caudete","potentialAction":[{"@type":"SearchAction","target":{"@type":"EntryPoint","urlTemplate":"https:\/\/www.caudete.org\/ayuntamiento\/?s={search_term_string}"},"query-input":{"@type":"PropertyValueSpecification","valueRequired":true,"valueName":"search_term_string"}}],"inLanguage":"es"},{"@type":"Person","@id":"https:\/\/www.caudete.org\/ayuntamiento\/#\/schema\/person\/20dfe238fe5ee9d5f5e69267aa623e05","name":"ConceMediosComunicacion","image":{"@type":"ImageObject","inLanguage":"es","@id":"https:\/\/secure.gravatar.com\/avatar\/9d162043ba1cd4ab14413e29fdb3655bfccde37e65ca99013604f8d2a19c636d?s=96&d=mm&r=g","url":"https:\/\/secure.gravatar.com\/avatar\/9d162043ba1cd4ab14413e29fdb3655bfccde37e65ca99013604f8d2a19c636d?s=96&d=mm&r=g","contentUrl":"https:\/\/secure.gravatar.com\/avatar\/9d162043ba1cd4ab14413e29fdb3655bfccde37e65ca99013604f8d2a19c636d?s=96&d=mm&r=g","caption":"ConceMediosComunicacion"},"url":"https:\/\/www.caudete.org\/ayuntamiento\/author\/concemedioscomunicacion\/"}]}},"_links":{"self":[{"href":"https:\/\/www.caudete.org\/ayuntamiento\/wp-json\/wp\/v2\/posts\/31020","targetHints":{"allow":["GET"]}}],"collection":[{"href":"https:\/\/www.caudete.org\/ayuntamiento\/wp-json\/wp\/v2\/posts"}],"about":[{"href":"https:\/\/www.caudete.org\/ayuntamiento\/wp-json\/wp\/v2\/types\/post"}],"author":[{"embeddable":true,"href":"https:\/\/www.caudete.org\/ayuntamiento\/wp-json\/wp\/v2\/users\/7"}],"replies":[{"embeddable":true,"href":"https:\/\/www.caudete.org\/ayuntamiento\/wp-json\/wp\/v2\/comments?post=31020"}],"version-history":[{"count":2,"href":"https:\/\/www.caudete.org\/ayuntamiento\/wp-json\/wp\/v2\/posts\/31020\/revisions"}],"predecessor-version":[{"id":31024,"href":"https:\/\/www.caudete.org\/ayuntamiento\/wp-json\/wp\/v2\/posts\/31020\/revisions\/31024"}],"wp:featuredmedia":[{"embeddable":true,"href":"https:\/\/www.caudete.org\/ayuntamiento\/wp-json\/wp\/v2\/media\/31023"}],"wp:attachment":[{"href":"https:\/\/www.caudete.org\/ayuntamiento\/wp-json\/wp\/v2\/media?parent=31020"}],"wp:term":[{"taxonomy":"category","embeddable":true,"href":"https:\/\/www.caudete.org\/ayuntamiento\/wp-json\/wp\/v2\/categories?post=31020"},{"taxonomy":"post_tag","embeddable":true,"href":"https:\/\/www.caudete.org\/ayuntamiento\/wp-json\/wp\/v2\/tags?post=31020"}],"curies":[{"name":"wp","href":"https:\/\/api.w.org\/{rel}","templated":true}]}}