{"id":31037,"date":"2025-10-14T12:05:24","date_gmt":"2025-10-14T10:05:24","guid":{"rendered":"https:\/\/www.caudete.org\/ayuntamiento\/?p=31037"},"modified":"2025-10-14T12:35:18","modified_gmt":"2025-10-14T10:35:18","slug":"la-biblioteca-publica-ana-maria-matute-de-caudete-vuelve-a-ser-premiada-en-la-campana-maria-moliner-rozando-de-nuevo-el-premio-gordo","status":"publish","type":"post","link":"https:\/\/www.caudete.org\/ayuntamiento\/la-biblioteca-publica-ana-maria-matute-de-caudete-vuelve-a-ser-premiada-en-la-campana-maria-moliner-rozando-de-nuevo-el-premio-gordo\/","title":{"rendered":"La Biblioteca P\u00fablica Ana Mar\u00eda Matute de Caudete vuelve a ser premiada en la Campa\u00f1a Mar\u00eda Moliner, rozando de nuevo el premio gordo"},"content":{"rendered":"<p style=\"text-align: justify;\">La <strong>Biblioteca P\u00fablica Municipal Ana Mar\u00eda Matute de Caudete<\/strong> ha vuelto a ser premiada en la <b>XXV<\/b><b> <\/b><strong><b>C<\/b><\/strong><strong>ampa\u00f1a de Animaci\u00f3n a la Lectura \u201cMar\u00eda Moliner\u201d<\/strong>, convocada por el <strong>Ministerio de Cultura<\/strong>, un reconocimiento que distingue los mejores proyectos de fomento lector en bibliotecas de toda Espa\u00f1a.<\/p>\n<p style=\"text-align: justify;\">El proyecto presentado este a\u00f1o, titulado <em>\u201cDe Matute a peluches: todo vive en nuestra biblioteca\u201d<\/em>, ha sido valorado por su creatividad, su enfoque inclusivo y su capacidad para implicar a toda la comunidad. Entre sus actividades m\u00e1s destacadas se encuentran la <strong>fiesta de pijamas de peluches<\/strong>, la conmemoraci\u00f3n del <strong>centenario del nacimiento de Ana Mar\u00eda Matute<\/strong>, exposiciones, encuentros de lectura, cuentacuentos y otras propuestas que han llenado de vida y emoci\u00f3n la biblioteca durante todo el a\u00f1o.<\/p>\n<p style=\"text-align: justify;\">Adem\u00e1s, la <strong>puntuaci\u00f3n obtenida por la Biblioteca de Caudete vuelve a situarse muy cerca del premio gordo<\/strong>, un logro que reafirma su posici\u00f3n entre los proyectos mejor valorados a nivel nacional. Ya en el a\u00f1o 2021 obtuvo este reconocimiento y esperamos volver a repetirlo en pr\u00f3ximas ediciones.<\/p>\n<p style=\"text-align: justify;\">Con este nuevo reconocimiento, la Biblioteca suma ya <strong>20 ediciones consecutivas<\/strong> siendo premiada en el programa \u201cMar\u00eda Moliner\u201d, un hecho que pone de relieve su <strong>trayectoria ejemplar, su compromiso con la lectura y su dedicaci\u00f3n al servicio p\u00fablico y cultural<\/strong>.<\/p>\n<p style=\"text-align: justify;\">El galard\u00f3n est\u00e1 dotado con <strong>2.777,77 euros<\/strong>, cantidad que se destinar\u00e1 \u00edntegramente a la <strong>adquisici\u00f3n de nuevos libros para todos los usuarios y usuarias<\/strong>, ampliando as\u00ed la oferta lectora y fomentando el acceso a la cultura para todas las edades.<\/p>\n<p style=\"text-align: justify;\">Desde la <strong>Concejal\u00eda de Cultura del Ayuntamiento de Caudete<\/strong> se felicita al equipo de la Biblioteca Ana Mar\u00eda Matute por su excelente labor y se agradece especialmente la colaboraci\u00f3n y el entusiasmo de <strong>todos los usuarios y usuarias<\/strong>, cuyo apoyo y participaci\u00f3n hacen posible que la biblioteca siga creciendo y cosechando \u00e9xitos.<\/p>\n<p style=\"text-align: justify;\">\ud83d\udcda <em>\u201cCada edici\u00f3n del Mar\u00eda Moliner es una recompensa al esfuerzo, la ilusi\u00f3n y el trabajo bien hecho. Nuestra biblioteca demuestra, a\u00f1o tras a\u00f1o, que la lectura es una herramienta viva que une, educa y emociona\u201d<\/em>, ha se\u00f1alado la Concejal\u00eda.<\/p>\n<h3><span style=\"font-size: 12pt;\">Mar\u00eda Manuela Gonz\u00e1lez Solera<br \/>\n<strong>Concejal\u00eda de Cultura<\/strong><\/span><\/h3>\n<p><img fetchpriority=\"high\" decoding=\"async\" class=\"alignnone wp-image-31038 size-full\" src=\"https:\/\/www.caudete.org\/ayuntamiento\/wp-content\/uploads\/2025\/10\/Sin-titulo-2.jpg\" alt=\"\" width=\"794\" height=\"1123\" srcset=\"https:\/\/www.caudete.org\/ayuntamiento\/wp-content\/uploads\/2025\/10\/Sin-titulo-2.jpg 794w, https:\/\/www.caudete.org\/ayuntamiento\/wp-content\/uploads\/2025\/10\/Sin-titulo-2-566x800.jpg 566w, https:\/\/www.caudete.org\/ayuntamiento\/wp-content\/uploads\/2025\/10\/Sin-titulo-2-636x900.jpg 636w, https:\/\/www.caudete.org\/ayuntamiento\/wp-content\/uploads\/2025\/10\/Sin-titulo-2-156x220.jpg 156w, https:\/\/www.caudete.org\/ayuntamiento\/wp-content\/uploads\/2025\/10\/Sin-titulo-2-768x1086.jpg 768w\" sizes=\"(max-width: 794px) 100vw, 794px\" \/><\/p>\n","protected":false},"excerpt":{"rendered":"<p>La Biblioteca P\u00fablica Municipal Ana Mar\u00eda Matute de Caudete ha vuelto a ser premiada en la XXV Campa\u00f1a de Animaci\u00f3n a la Lectura \u201cMar\u00eda Moliner\u201d, convocada por el Ministerio de Cultura, un reconocimiento que distingue los mejores proyectos de fomento lector en bibliotecas de toda Espa\u00f1a. El proyecto presentado este a\u00f1o, titulado \u201cDe Matute a &hellip;<\/p>\n","protected":false},"author":6,"featured_media":31039,"comment_status":"closed","ping_status":"open","sticky":false,"template":"","format":"standard","meta":{"ngg_post_thumbnail":0,"footnotes":""},"categories":[14],"tags":[],"class_list":["post-31037","post","type-post","status-publish","format-standard","has-post-thumbnail","hentry","category-cultura"],"yoast_head":"<!-- This site is optimized with the Yoast SEO plugin v27.5 - https:\/\/yoast.com\/product\/yoast-seo-wordpress\/ -->\n<title>La Biblioteca P\u00fablica Ana Mar\u00eda Matute de Caudete vuelve a ser premiada en la Campa\u00f1a Mar\u00eda Moliner, rozando de nuevo el premio gordo - MI Ayuntamiento de Caudete<\/title>\n<meta name=\"description\" content=\"P\u00e1gina Oficial del Ayuntamiento de Caudete (Albacete)\" \/>\n<meta name=\"robots\" content=\"index, follow, max-snippet:-1, max-image-preview:large, max-video-preview:-1\" \/>\n<link rel=\"canonical\" href=\"https:\/\/www.caudete.org\/ayuntamiento\/la-biblioteca-publica-ana-maria-matute-de-caudete-vuelve-a-ser-premiada-en-la-campana-maria-moliner-rozando-de-nuevo-el-premio-gordo\/\" \/>\n<meta property=\"og:locale\" content=\"es_ES\" \/>\n<meta property=\"og:type\" content=\"article\" \/>\n<meta property=\"og:title\" content=\"La Biblioteca P\u00fablica Ana Mar\u00eda Matute de Caudete vuelve a ser premiada en la Campa\u00f1a Mar\u00eda Moliner, rozando de nuevo el premio gordo - MI Ayuntamiento de Caudete\" \/>\n<meta property=\"og:description\" content=\"P\u00e1gina Oficial del Ayuntamiento de Caudete (Albacete)\" \/>\n<meta property=\"og:url\" content=\"https:\/\/www.caudete.org\/ayuntamiento\/la-biblioteca-publica-ana-maria-matute-de-caudete-vuelve-a-ser-premiada-en-la-campana-maria-moliner-rozando-de-nuevo-el-premio-gordo\/\" \/>\n<meta property=\"og:site_name\" content=\"MI Ayuntamiento de Caudete\" \/>\n<meta property=\"article:publisher\" content=\"https:\/\/www.facebook.com\/ayuntamientocaudete\/\" \/>\n<meta property=\"article:published_time\" content=\"2025-10-14T10:05:24+00:00\" \/>\n<meta property=\"article:modified_time\" content=\"2025-10-14T10:35:18+00:00\" \/>\n<meta property=\"og:image\" content=\"https:\/\/www.caudete.org\/ayuntamiento\/wp-content\/uploads\/2025\/10\/Sin-titulo-2-port.jpg\" \/>\n\t<meta property=\"og:image:width\" content=\"794\" \/>\n\t<meta property=\"og:image:height\" content=\"413\" \/>\n\t<meta property=\"og:image:type\" content=\"image\/jpeg\" \/>\n<meta name=\"author\" content=\"informatica2\" \/>\n<meta name=\"twitter:card\" content=\"summary_large_image\" \/>\n<meta name=\"twitter:label1\" content=\"Escrito por\" \/>\n\t<meta name=\"twitter:data1\" content=\"informatica2\" \/>\n\t<meta name=\"twitter:label2\" content=\"Tiempo de lectura\" \/>\n\t<meta name=\"twitter:data2\" content=\"3 minutos\" \/>\n<script type=\"application\/ld+json\" class=\"yoast-schema-graph\">{\"@context\":\"https:\\\/\\\/schema.org\",\"@graph\":[{\"@type\":\"Article\",\"@id\":\"https:\\\/\\\/www.caudete.org\\\/ayuntamiento\\\/la-biblioteca-publica-ana-maria-matute-de-caudete-vuelve-a-ser-premiada-en-la-campana-maria-moliner-rozando-de-nuevo-el-premio-gordo\\\/#article\",\"isPartOf\":{\"@id\":\"https:\\\/\\\/www.caudete.org\\\/ayuntamiento\\\/la-biblioteca-publica-ana-maria-matute-de-caudete-vuelve-a-ser-premiada-en-la-campana-maria-moliner-rozando-de-nuevo-el-premio-gordo\\\/\"},\"author\":{\"name\":\"informatica2\",\"@id\":\"https:\\\/\\\/www.caudete.org\\\/ayuntamiento\\\/#\\\/schema\\\/person\\\/abfa5ffd5010a14e078c21e6e61b6291\"},\"headline\":\"La Biblioteca P\u00fablica Ana Mar\u00eda Matute de Caudete vuelve a ser premiada en la Campa\u00f1a Mar\u00eda Moliner, rozando de nuevo el premio gordo\",\"datePublished\":\"2025-10-14T10:05:24+00:00\",\"dateModified\":\"2025-10-14T10:35:18+00:00\",\"mainEntityOfPage\":{\"@id\":\"https:\\\/\\\/www.caudete.org\\\/ayuntamiento\\\/la-biblioteca-publica-ana-maria-matute-de-caudete-vuelve-a-ser-premiada-en-la-campana-maria-moliner-rozando-de-nuevo-el-premio-gordo\\\/\"},\"wordCount\":409,\"image\":{\"@id\":\"https:\\\/\\\/www.caudete.org\\\/ayuntamiento\\\/la-biblioteca-publica-ana-maria-matute-de-caudete-vuelve-a-ser-premiada-en-la-campana-maria-moliner-rozando-de-nuevo-el-premio-gordo\\\/#primaryimage\"},\"thumbnailUrl\":\"https:\\\/\\\/www.caudete.org\\\/ayuntamiento\\\/wp-content\\\/uploads\\\/2025\\\/10\\\/Sin-titulo-2-port.jpg\",\"articleSection\":[\"Cultura\"],\"inLanguage\":\"es\"},{\"@type\":\"WebPage\",\"@id\":\"https:\\\/\\\/www.caudete.org\\\/ayuntamiento\\\/la-biblioteca-publica-ana-maria-matute-de-caudete-vuelve-a-ser-premiada-en-la-campana-maria-moliner-rozando-de-nuevo-el-premio-gordo\\\/\",\"url\":\"https:\\\/\\\/www.caudete.org\\\/ayuntamiento\\\/la-biblioteca-publica-ana-maria-matute-de-caudete-vuelve-a-ser-premiada-en-la-campana-maria-moliner-rozando-de-nuevo-el-premio-gordo\\\/\",\"name\":\"La Biblioteca P\u00fablica Ana Mar\u00eda Matute de Caudete vuelve a ser premiada en la Campa\u00f1a Mar\u00eda Moliner, rozando de nuevo el premio gordo - MI Ayuntamiento de Caudete\",\"isPartOf\":{\"@id\":\"https:\\\/\\\/www.caudete.org\\\/ayuntamiento\\\/#website\"},\"primaryImageOfPage\":{\"@id\":\"https:\\\/\\\/www.caudete.org\\\/ayuntamiento\\\/la-biblioteca-publica-ana-maria-matute-de-caudete-vuelve-a-ser-premiada-en-la-campana-maria-moliner-rozando-de-nuevo-el-premio-gordo\\\/#primaryimage\"},\"image\":{\"@id\":\"https:\\\/\\\/www.caudete.org\\\/ayuntamiento\\\/la-biblioteca-publica-ana-maria-matute-de-caudete-vuelve-a-ser-premiada-en-la-campana-maria-moliner-rozando-de-nuevo-el-premio-gordo\\\/#primaryimage\"},\"thumbnailUrl\":\"https:\\\/\\\/www.caudete.org\\\/ayuntamiento\\\/wp-content\\\/uploads\\\/2025\\\/10\\\/Sin-titulo-2-port.jpg\",\"datePublished\":\"2025-10-14T10:05:24+00:00\",\"dateModified\":\"2025-10-14T10:35:18+00:00\",\"author\":{\"@id\":\"https:\\\/\\\/www.caudete.org\\\/ayuntamiento\\\/#\\\/schema\\\/person\\\/abfa5ffd5010a14e078c21e6e61b6291\"},\"description\":\"P\u00e1gina Oficial del Ayuntamiento de Caudete (Albacete)\",\"breadcrumb\":{\"@id\":\"https:\\\/\\\/www.caudete.org\\\/ayuntamiento\\\/la-biblioteca-publica-ana-maria-matute-de-caudete-vuelve-a-ser-premiada-en-la-campana-maria-moliner-rozando-de-nuevo-el-premio-gordo\\\/#breadcrumb\"},\"inLanguage\":\"es\",\"potentialAction\":[{\"@type\":\"ReadAction\",\"target\":[\"https:\\\/\\\/www.caudete.org\\\/ayuntamiento\\\/la-biblioteca-publica-ana-maria-matute-de-caudete-vuelve-a-ser-premiada-en-la-campana-maria-moliner-rozando-de-nuevo-el-premio-gordo\\\/\"]}]},{\"@type\":\"ImageObject\",\"inLanguage\":\"es\",\"@id\":\"https:\\\/\\\/www.caudete.org\\\/ayuntamiento\\\/la-biblioteca-publica-ana-maria-matute-de-caudete-vuelve-a-ser-premiada-en-la-campana-maria-moliner-rozando-de-nuevo-el-premio-gordo\\\/#primaryimage\",\"url\":\"https:\\\/\\\/www.caudete.org\\\/ayuntamiento\\\/wp-content\\\/uploads\\\/2025\\\/10\\\/Sin-titulo-2-port.jpg\",\"contentUrl\":\"https:\\\/\\\/www.caudete.org\\\/ayuntamiento\\\/wp-content\\\/uploads\\\/2025\\\/10\\\/Sin-titulo-2-port.jpg\",\"width\":794,\"height\":413},{\"@type\":\"BreadcrumbList\",\"@id\":\"https:\\\/\\\/www.caudete.org\\\/ayuntamiento\\\/la-biblioteca-publica-ana-maria-matute-de-caudete-vuelve-a-ser-premiada-en-la-campana-maria-moliner-rozando-de-nuevo-el-premio-gordo\\\/#breadcrumb\",\"itemListElement\":[{\"@type\":\"ListItem\",\"position\":1,\"name\":\"Inicio\",\"item\":\"https:\\\/\\\/www.caudete.org\\\/ayuntamiento\\\/\"},{\"@type\":\"ListItem\",\"position\":2,\"name\":\"La Biblioteca P\u00fablica Ana Mar\u00eda Matute de Caudete vuelve a ser premiada en la Campa\u00f1a Mar\u00eda Moliner, rozando de nuevo el premio gordo\"}]},{\"@type\":\"WebSite\",\"@id\":\"https:\\\/\\\/www.caudete.org\\\/ayuntamiento\\\/#website\",\"url\":\"https:\\\/\\\/www.caudete.org\\\/ayuntamiento\\\/\",\"name\":\"MI Ayuntamiento de Caudete\",\"description\":\"P\u00e1gina Oficial del MI Ayuntamiento de Caudete\",\"potentialAction\":[{\"@type\":\"SearchAction\",\"target\":{\"@type\":\"EntryPoint\",\"urlTemplate\":\"https:\\\/\\\/www.caudete.org\\\/ayuntamiento\\\/?s={search_term_string}\"},\"query-input\":{\"@type\":\"PropertyValueSpecification\",\"valueRequired\":true,\"valueName\":\"search_term_string\"}}],\"inLanguage\":\"es\"},{\"@type\":\"Person\",\"@id\":\"https:\\\/\\\/www.caudete.org\\\/ayuntamiento\\\/#\\\/schema\\\/person\\\/abfa5ffd5010a14e078c21e6e61b6291\",\"name\":\"informatica2\",\"image\":{\"@type\":\"ImageObject\",\"inLanguage\":\"es\",\"@id\":\"https:\\\/\\\/secure.gravatar.com\\\/avatar\\\/b089890ff033a3e4d03eec00ecb5a14425217205c513f60ec32ebeaaeb5fa700?s=96&d=mm&r=g\",\"url\":\"https:\\\/\\\/secure.gravatar.com\\\/avatar\\\/b089890ff033a3e4d03eec00ecb5a14425217205c513f60ec32ebeaaeb5fa700?s=96&d=mm&r=g\",\"contentUrl\":\"https:\\\/\\\/secure.gravatar.com\\\/avatar\\\/b089890ff033a3e4d03eec00ecb5a14425217205c513f60ec32ebeaaeb5fa700?s=96&d=mm&r=g\",\"caption\":\"informatica2\"},\"url\":\"https:\\\/\\\/www.caudete.org\\\/ayuntamiento\\\/author\\\/informatica2\\\/\"}]}<\/script>\n<!-- \/ Yoast SEO plugin. -->","yoast_head_json":{"title":"La Biblioteca P\u00fablica Ana Mar\u00eda Matute de Caudete vuelve a ser premiada en la Campa\u00f1a Mar\u00eda Moliner, rozando de nuevo el premio gordo - MI Ayuntamiento de Caudete","description":"P\u00e1gina Oficial del Ayuntamiento de Caudete (Albacete)","robots":{"index":"index","follow":"follow","max-snippet":"max-snippet:-1","max-image-preview":"max-image-preview:large","max-video-preview":"max-video-preview:-1"},"canonical":"https:\/\/www.caudete.org\/ayuntamiento\/la-biblioteca-publica-ana-maria-matute-de-caudete-vuelve-a-ser-premiada-en-la-campana-maria-moliner-rozando-de-nuevo-el-premio-gordo\/","og_locale":"es_ES","og_type":"article","og_title":"La Biblioteca P\u00fablica Ana Mar\u00eda Matute de Caudete vuelve a ser premiada en la Campa\u00f1a Mar\u00eda Moliner, rozando de nuevo el premio gordo - MI Ayuntamiento de Caudete","og_description":"P\u00e1gina Oficial del Ayuntamiento de Caudete (Albacete)","og_url":"https:\/\/www.caudete.org\/ayuntamiento\/la-biblioteca-publica-ana-maria-matute-de-caudete-vuelve-a-ser-premiada-en-la-campana-maria-moliner-rozando-de-nuevo-el-premio-gordo\/","og_site_name":"MI Ayuntamiento de Caudete","article_publisher":"https:\/\/www.facebook.com\/ayuntamientocaudete\/","article_published_time":"2025-10-14T10:05:24+00:00","article_modified_time":"2025-10-14T10:35:18+00:00","og_image":[{"width":794,"height":413,"url":"https:\/\/www.caudete.org\/ayuntamiento\/wp-content\/uploads\/2025\/10\/Sin-titulo-2-port.jpg","type":"image\/jpeg"}],"author":"informatica2","twitter_card":"summary_large_image","twitter_misc":{"Escrito por":"informatica2","Tiempo de lectura":"3 minutos"},"schema":{"@context":"https:\/\/schema.org","@graph":[{"@type":"Article","@id":"https:\/\/www.caudete.org\/ayuntamiento\/la-biblioteca-publica-ana-maria-matute-de-caudete-vuelve-a-ser-premiada-en-la-campana-maria-moliner-rozando-de-nuevo-el-premio-gordo\/#article","isPartOf":{"@id":"https:\/\/www.caudete.org\/ayuntamiento\/la-biblioteca-publica-ana-maria-matute-de-caudete-vuelve-a-ser-premiada-en-la-campana-maria-moliner-rozando-de-nuevo-el-premio-gordo\/"},"author":{"name":"informatica2","@id":"https:\/\/www.caudete.org\/ayuntamiento\/#\/schema\/person\/abfa5ffd5010a14e078c21e6e61b6291"},"headline":"La Biblioteca P\u00fablica Ana Mar\u00eda Matute de Caudete vuelve a ser premiada en la Campa\u00f1a Mar\u00eda Moliner, rozando de nuevo el premio gordo","datePublished":"2025-10-14T10:05:24+00:00","dateModified":"2025-10-14T10:35:18+00:00","mainEntityOfPage":{"@id":"https:\/\/www.caudete.org\/ayuntamiento\/la-biblioteca-publica-ana-maria-matute-de-caudete-vuelve-a-ser-premiada-en-la-campana-maria-moliner-rozando-de-nuevo-el-premio-gordo\/"},"wordCount":409,"image":{"@id":"https:\/\/www.caudete.org\/ayuntamiento\/la-biblioteca-publica-ana-maria-matute-de-caudete-vuelve-a-ser-premiada-en-la-campana-maria-moliner-rozando-de-nuevo-el-premio-gordo\/#primaryimage"},"thumbnailUrl":"https:\/\/www.caudete.org\/ayuntamiento\/wp-content\/uploads\/2025\/10\/Sin-titulo-2-port.jpg","articleSection":["Cultura"],"inLanguage":"es"},{"@type":"WebPage","@id":"https:\/\/www.caudete.org\/ayuntamiento\/la-biblioteca-publica-ana-maria-matute-de-caudete-vuelve-a-ser-premiada-en-la-campana-maria-moliner-rozando-de-nuevo-el-premio-gordo\/","url":"https:\/\/www.caudete.org\/ayuntamiento\/la-biblioteca-publica-ana-maria-matute-de-caudete-vuelve-a-ser-premiada-en-la-campana-maria-moliner-rozando-de-nuevo-el-premio-gordo\/","name":"La Biblioteca P\u00fablica Ana Mar\u00eda Matute de Caudete vuelve a ser premiada en la Campa\u00f1a Mar\u00eda Moliner, rozando de nuevo el premio gordo - MI Ayuntamiento de Caudete","isPartOf":{"@id":"https:\/\/www.caudete.org\/ayuntamiento\/#website"},"primaryImageOfPage":{"@id":"https:\/\/www.caudete.org\/ayuntamiento\/la-biblioteca-publica-ana-maria-matute-de-caudete-vuelve-a-ser-premiada-en-la-campana-maria-moliner-rozando-de-nuevo-el-premio-gordo\/#primaryimage"},"image":{"@id":"https:\/\/www.caudete.org\/ayuntamiento\/la-biblioteca-publica-ana-maria-matute-de-caudete-vuelve-a-ser-premiada-en-la-campana-maria-moliner-rozando-de-nuevo-el-premio-gordo\/#primaryimage"},"thumbnailUrl":"https:\/\/www.caudete.org\/ayuntamiento\/wp-content\/uploads\/2025\/10\/Sin-titulo-2-port.jpg","datePublished":"2025-10-14T10:05:24+00:00","dateModified":"2025-10-14T10:35:18+00:00","author":{"@id":"https:\/\/www.caudete.org\/ayuntamiento\/#\/schema\/person\/abfa5ffd5010a14e078c21e6e61b6291"},"description":"P\u00e1gina Oficial del Ayuntamiento de Caudete (Albacete)","breadcrumb":{"@id":"https:\/\/www.caudete.org\/ayuntamiento\/la-biblioteca-publica-ana-maria-matute-de-caudete-vuelve-a-ser-premiada-en-la-campana-maria-moliner-rozando-de-nuevo-el-premio-gordo\/#breadcrumb"},"inLanguage":"es","potentialAction":[{"@type":"ReadAction","target":["https:\/\/www.caudete.org\/ayuntamiento\/la-biblioteca-publica-ana-maria-matute-de-caudete-vuelve-a-ser-premiada-en-la-campana-maria-moliner-rozando-de-nuevo-el-premio-gordo\/"]}]},{"@type":"ImageObject","inLanguage":"es","@id":"https:\/\/www.caudete.org\/ayuntamiento\/la-biblioteca-publica-ana-maria-matute-de-caudete-vuelve-a-ser-premiada-en-la-campana-maria-moliner-rozando-de-nuevo-el-premio-gordo\/#primaryimage","url":"https:\/\/www.caudete.org\/ayuntamiento\/wp-content\/uploads\/2025\/10\/Sin-titulo-2-port.jpg","contentUrl":"https:\/\/www.caudete.org\/ayuntamiento\/wp-content\/uploads\/2025\/10\/Sin-titulo-2-port.jpg","width":794,"height":413},{"@type":"BreadcrumbList","@id":"https:\/\/www.caudete.org\/ayuntamiento\/la-biblioteca-publica-ana-maria-matute-de-caudete-vuelve-a-ser-premiada-en-la-campana-maria-moliner-rozando-de-nuevo-el-premio-gordo\/#breadcrumb","itemListElement":[{"@type":"ListItem","position":1,"name":"Inicio","item":"https:\/\/www.caudete.org\/ayuntamiento\/"},{"@type":"ListItem","position":2,"name":"La Biblioteca P\u00fablica Ana Mar\u00eda Matute de Caudete vuelve a ser premiada en la Campa\u00f1a Mar\u00eda Moliner, rozando de nuevo el premio gordo"}]},{"@type":"WebSite","@id":"https:\/\/www.caudete.org\/ayuntamiento\/#website","url":"https:\/\/www.caudete.org\/ayuntamiento\/","name":"MI Ayuntamiento de Caudete","description":"P\u00e1gina Oficial del MI Ayuntamiento de Caudete","potentialAction":[{"@type":"SearchAction","target":{"@type":"EntryPoint","urlTemplate":"https:\/\/www.caudete.org\/ayuntamiento\/?s={search_term_string}"},"query-input":{"@type":"PropertyValueSpecification","valueRequired":true,"valueName":"search_term_string"}}],"inLanguage":"es"},{"@type":"Person","@id":"https:\/\/www.caudete.org\/ayuntamiento\/#\/schema\/person\/abfa5ffd5010a14e078c21e6e61b6291","name":"informatica2","image":{"@type":"ImageObject","inLanguage":"es","@id":"https:\/\/secure.gravatar.com\/avatar\/b089890ff033a3e4d03eec00ecb5a14425217205c513f60ec32ebeaaeb5fa700?s=96&d=mm&r=g","url":"https:\/\/secure.gravatar.com\/avatar\/b089890ff033a3e4d03eec00ecb5a14425217205c513f60ec32ebeaaeb5fa700?s=96&d=mm&r=g","contentUrl":"https:\/\/secure.gravatar.com\/avatar\/b089890ff033a3e4d03eec00ecb5a14425217205c513f60ec32ebeaaeb5fa700?s=96&d=mm&r=g","caption":"informatica2"},"url":"https:\/\/www.caudete.org\/ayuntamiento\/author\/informatica2\/"}]}},"_links":{"self":[{"href":"https:\/\/www.caudete.org\/ayuntamiento\/wp-json\/wp\/v2\/posts\/31037","targetHints":{"allow":["GET"]}}],"collection":[{"href":"https:\/\/www.caudete.org\/ayuntamiento\/wp-json\/wp\/v2\/posts"}],"about":[{"href":"https:\/\/www.caudete.org\/ayuntamiento\/wp-json\/wp\/v2\/types\/post"}],"author":[{"embeddable":true,"href":"https:\/\/www.caudete.org\/ayuntamiento\/wp-json\/wp\/v2\/users\/6"}],"replies":[{"embeddable":true,"href":"https:\/\/www.caudete.org\/ayuntamiento\/wp-json\/wp\/v2\/comments?post=31037"}],"version-history":[{"count":1,"href":"https:\/\/www.caudete.org\/ayuntamiento\/wp-json\/wp\/v2\/posts\/31037\/revisions"}],"predecessor-version":[{"id":31040,"href":"https:\/\/www.caudete.org\/ayuntamiento\/wp-json\/wp\/v2\/posts\/31037\/revisions\/31040"}],"wp:featuredmedia":[{"embeddable":true,"href":"https:\/\/www.caudete.org\/ayuntamiento\/wp-json\/wp\/v2\/media\/31039"}],"wp:attachment":[{"href":"https:\/\/www.caudete.org\/ayuntamiento\/wp-json\/wp\/v2\/media?parent=31037"}],"wp:term":[{"taxonomy":"category","embeddable":true,"href":"https:\/\/www.caudete.org\/ayuntamiento\/wp-json\/wp\/v2\/categories?post=31037"},{"taxonomy":"post_tag","embeddable":true,"href":"https:\/\/www.caudete.org\/ayuntamiento\/wp-json\/wp\/v2\/tags?post=31037"}],"curies":[{"name":"wp","href":"https:\/\/api.w.org\/{rel}","templated":true}]}}