{"id":31049,"date":"2025-10-15T09:41:41","date_gmt":"2025-10-15T07:41:41","guid":{"rendered":"https:\/\/www.caudete.org\/ayuntamiento\/?p=31049"},"modified":"2025-10-15T10:48:29","modified_gmt":"2025-10-15T08:48:29","slug":"la-sala-joven-da-la-bienvenida-al-otono-con-una-completa-programacion-de-ocio-para-ninos-y-jovenes","status":"publish","type":"post","link":"https:\/\/www.caudete.org\/ayuntamiento\/la-sala-joven-da-la-bienvenida-al-otono-con-una-completa-programacion-de-ocio-para-ninos-y-jovenes\/","title":{"rendered":"La Sala Joven da la bienvenida al oto\u00f1o con una completa  programaci\u00f3n de ocio para ni\u00f1os y j\u00f3venes"},"content":{"rendered":"<p style=\"text-align: justify;\" align=\"left\"><span style=\"font-family: georgia, palatino, serif;\"><span style=\"font-size: medium;\">La Sala Joven de Caudete inicia su programaci\u00f3n de oto\u00f1o, que se desarrollar\u00e1 entre los meses de octubre y diciembre, con una amplia variedad de actividades culturales, talleres, encuentros provinciales y celebraciones especiales, como Halloween y Navidad.<\/span><\/span><\/p>\n<p style=\"text-align: justify;\" align=\"left\"><span style=\"font-family: georgia, palatino, serif;\"><span style=\"font-size: medium;\">Entre las propuestas destacadas, <\/span><span style=\"font-size: medium;\">decir que<\/span><span style=\"font-size: medium;\"> la <\/span><strong><span style=\"font-size: medium;\">Joven Compa\u00f1\u00eda Teatral<\/span><\/strong><span style=\"font-size: medium;\"> ha comenzado ya sus clases, consolid\u00e1ndose como un espacio dedicado al desarrollo art\u00edstico y la expresi\u00f3n creativa de los j\u00f3venes.<\/span><\/span><\/p>\n<p style=\"text-align: justify;\" align=\"left\"><span style=\"font-family: georgia, palatino, serif;\"><span style=\"font-size: medium;\">Asimismo, el programa mensual <\/span><strong><span style=\"font-size: medium;\">\u201cTardear\u201d<\/span><\/strong><span style=\"font-size: medium;\"> ya est\u00e1 en marcha <\/span><span style=\"font-size: medium;\">los s\u00e1bados por la tarde<\/span><span style=\"font-size: medium;\">, brindando a los j\u00f3venes la oportunidad de disfrutar de juegos populares y din\u00e1micas grupales en un ambiente divertido.<\/span><\/span><\/p>\n<p style=\"text-align: justify;\" align=\"left\"><span style=\"font-family: georgia, palatino, serif;\"><span style=\"font-size: medium;\">El pr\u00f3ximo s\u00e1bado 18 de octubre, en el marco del <\/span><strong><span style=\"font-size: medium;\">Mercado del Siglo de Oro<\/span><\/strong><span style=\"font-size: medium;\">, la Sala Joven estar\u00e1 presente en los arcos de la lonja <\/span><span style=\"font-size: medium;\">de 11:30 a 13:30 horas y de 17:30 a 19:30 horas ,<\/span><span style=\"font-size: medium;\">con una propuesta de talleres creativos dirigidos a ni\u00f1os, ni\u00f1as y j\u00f3venes.<\/span><\/span><\/p>\n<p style=\"text-align: justify;\" align=\"left\"><span style=\"font-family: georgia, palatino, serif;\"><span style=\"font-size: medium;\">Por otro lado, la Diputaci\u00f3n de Albacete, a trav\u00e9s del programa <\/span><strong><span style=\"font-size: medium;\">\u201cDipujoven\u201d<\/span><\/strong><span style=\"font-size: medium;\">, organiza una serie de encuentros provinciales dirigidos a j\u00f3venes a partir de 12 a\u00f1os. <\/span><\/span><\/p>\n<p style=\"text-align: justify;\" align=\"left\"><span style=\"font-family: georgia, palatino, serif;\"><span style=\"font-size: medium;\">Estas jornadas, gratuitas e inclusivas, incluyen transporte desde municipios como Caudete, y est\u00e1n dise\u00f1adas para fomentar el aprendizaje, la creatividad y la participaci\u00f3n.<\/span><\/span><\/p>\n<p style=\"text-align: justify;\" align=\"left\"><span style=\"font-family: georgia, palatino, serif;\"><span style=\"font-size: medium;\">Entre las actividades programadas destacan talleres de Cocina Saludable, Inteligencia Artificial, Bienestar Emocional, Retos Cooperativos, deporte en equipo y fotograf\u00eda.<\/span><\/span><\/p>\n<p style=\"text-align: justify;\" align=\"left\"><span style=\"font-family: georgia, palatino, serif;\"><span style=\"font-size: medium;\">Las fechas confirmadas para estos encuentros son:<\/span><\/span><\/p>\n<ul style=\"text-align: justify;\">\n<li>\n<p align=\"left\"><span style=\"font-family: georgia, palatino, serif;\"><span style=\"font-size: medium;\">Cenizate \u2013 25 de octubre<\/span><\/span><\/p>\n<\/li>\n<li>\n<p align=\"left\"><span style=\"font-family: georgia, palatino, serif;\"><span style=\"font-size: medium;\">Tobarra \u2013 15 de noviembre<\/span><\/span><\/p>\n<\/li>\n<li>\n<p align=\"left\"><span style=\"font-family: georgia, palatino, serif;\"><span style=\"font-size: medium;\">Higueruela \u2013 13 de diciembre<\/span><\/span><\/p>\n<\/li>\n<\/ul>\n<p style=\"text-align: justify;\" align=\"left\"><span style=\"font-family: georgia, palatino, serif;\"><span style=\"font-size: medium;\">Las inscripciones se realizan online a trav\u00e9s del siguiente enlace: <\/span><a href=\"https:\/\/docs.google.com\/forms\/d\/e\/1FAIpQLSdnH_myncc7uvN-FwuejTa6Ef7NyxtvMzSgWpM9amVthKzyBQ\/viewform\" target=\"_new\" target=\"_blank\" rel=\"nofollow\"><span style=\"color: #000080;\"><span style=\"font-size: medium;\"><span lang=\"zxx\"><u>Formulario de inscripci\u00f3n Dipujoven<\/u><\/span><\/span><\/span><\/a><\/span><\/p>\n<p style=\"text-align: justify;\" align=\"left\"><span style=\"font-family: georgia, palatino, serif;\"><span style=\"font-size: medium;\">.Con motivo de la festividad de <strong>Halloween<\/strong>, la Sala Joven ha preparado una completa programaci\u00f3n:<\/span><\/span><\/p>\n<ul style=\"text-align: justify;\">\n<li><span style=\"font-family: georgia, palatino, serif;\"><strong>Jueves, 30 de octubre:<\/strong><\/span>\n<ul>\n<li><span style=\"font-family: georgia, palatino, serif;\">Talleres y juegos (de 6 a 10 a\u00f1os) \u2013 17:30 a 19:00 horas.<\/span><\/li>\n<li><span style=\"font-family: georgia, palatino, serif;\"><em>Historias sin aliento<\/em>, narraciones de misterio (de 10 a 16 a\u00f1os) \u2013 20:00 a 21:00 horas.<\/span><\/li>\n<\/ul>\n<\/li>\n<li><span style=\"font-family: georgia, palatino, serif;\"><strong>Viernes, 31 de octubre:<\/strong> <em>Pasaje del Terror<\/em>, una experiencia inmersiva para los m\u00e1s valientes.<\/span><\/li>\n<li>\n<p align=\"left\"><span style=\"font-family: georgia, palatino, serif;\"><strong><span style=\"font-size: medium;\">Domingo, 2 de noviembre:<\/span><\/strong> <em><span style=\"font-size: medium;\">Concierto de Halloween<\/span><\/em><span style=\"font-size: medium;\"> de la <\/span><strong><span style=\"font-size: medium;\">Banda Juvenil Santa Cecilia<\/span><\/strong><span style=\"font-size: medium;\"> en la Plaza de la M\u00fasica, a las 12:00 h<\/span><span style=\"font-size: medium;\">oras.<\/span><\/span><\/p>\n<\/li>\n<\/ul>\n<p style=\"text-align: justify;\" align=\"left\"><span style=\"font-family: georgia, palatino, serif;\"><span style=\"font-size: medium;\">En noviembre, la agenda continuar\u00e1 con la <\/span><strong><span style=\"font-size: medium;\">Semana Verde<\/span><\/strong><span style=\"font-size: medium;\"> ,con talleres sobre naturaleza y consumo responsable, en colaboraci\u00f3n con la <\/span><strong><span style=\"font-size: medium;\">Concejal\u00eda de Consumo.<\/span><\/strong><\/span><\/p>\n<p style=\"text-align: justify;\" align=\"left\"><span style=\"font-family: georgia, palatino, serif;\"><span style=\"font-size: medium;\">Adem\u00e1s, los d\u00edas 29 y 30 de noviembre tendr\u00e1 lugar el cl\u00e1sico <\/span><strong><span style=\"font-size: medium;\">Torneo de Futbol\u00edn.<\/span><\/strong><\/span><\/p>\n<p style=\"text-align: justify;\"><span style=\"font-family: georgia, palatino, serif;\"><span style=\"font-size: medium;\">En el mes de diciembre, el <\/span><strong><span style=\"font-size: medium;\">Festival ABYCINE<\/span><\/strong><span style=\"font-size: medium;\"> llegar\u00e1 a Caudete los d\u00edas <\/span><strong><span style=\"font-size: medium;\">16 y 17<\/span><\/strong><span style=\"font-size: medium;\">, con una cuidada selecci\u00f3n de cortometrajes en el <\/span><strong><span style=\"font-size: medium;\">Auditorio Municipal<\/span><\/strong><span style=\"font-size: medium;\">, en colaboraci\u00f3n con la comunidad educativa.<\/span><\/span><\/p>\n<p style=\"text-align: justify;\" align=\"left\"><span style=\"font-family: georgia, palatino, serif;\"><span style=\"font-size: medium;\">Para finalizar el a\u00f1o, los d\u00edas <\/span><strong><span style=\"font-size: medium;\">29 y 30 de diciembre<\/span><\/strong><span style=\"font-size: medium;\"> se celebrar\u00e1 un <\/span><strong><span style=\"font-size: medium;\">Taller de Radio<\/span><\/strong><span style=\"font-size: medium;\">, dirigido a j\u00f3venes mayores de 10 a\u00f1os, que permitir\u00e1 conocer de cerca el mundo de la comunicaci\u00f3n radiof\u00f3nica.<\/span><\/span><\/p>\n<p style=\"text-align: justify;\" align=\"left\"><span style=\"font-family: georgia, palatino, serif;\"><span style=\"font-size: medium;\">Una programaci\u00f3n variada y enriquecedora que invita a los j\u00f3venes a explorar, expresarse y crecer en comunidad.<\/span><\/span><\/p>\n<p style=\"text-align: justify;\" align=\"left\"><span style=\"font-family: georgia, palatino, serif;\"><span style=\"font-size: medium;\">Con esta programaci\u00f3n, la Sala Joven de Caudete contin\u00faa siendo un espacio de referencia para el ocio saludable, la formaci\u00f3n y la cultura juvenil en la localidad.<\/span><\/span><\/p>\n<p style=\"text-align: justify;\"><span style=\"font-family: georgia, palatino, serif;\"><span style=\"font-size: medium;\">Para m\u00e1s<b> <\/b><b>I<\/b><b>nformaci\u00f3n e <\/b><b>I<\/b><b>nscripciones:<\/b><\/span><\/span><\/p>\n<p style=\"text-align: justify;\"><span style=\"font-family: georgia, palatino, serif;\"><span style=\"font-size: medium;\">Presenciales en la Sala Joven<br \/>\n<\/span><span style=\"font-size: medium;\">Redes sociales @salajovencaudete<br \/>\n<\/span><span style=\"font-size: large;\"><span style=\"font-size: medium;\">Mail <\/span><span style=\"font-size: medium;\"> <a href=\"mailto:juventud@caudete.org\" target=\"_blank\" rel=\"nofollow\">juventud@caudete.org<\/a><br \/>\n<\/span><\/span><span style=\"font-size: medium;\">Tel\u00e9fono: 965828284<\/span><\/span><\/p>\n<p><span style=\"font-family: georgia, palatino, serif;\"><img fetchpriority=\"high\" decoding=\"async\" class=\"alignnone wp-image-31051 size-full\" src=\"https:\/\/www.caudete.org\/ayuntamiento\/wp-content\/uploads\/2025\/10\/Actividades-Otono-Sala-Joven-3.jpg\" alt=\"\" width=\"943\" height=\"2000\" srcset=\"https:\/\/www.caudete.org\/ayuntamiento\/wp-content\/uploads\/2025\/10\/Actividades-Otono-Sala-Joven-3.jpg 943w, https:\/\/www.caudete.org\/ayuntamiento\/wp-content\/uploads\/2025\/10\/Actividades-Otono-Sala-Joven-3-377x800.jpg 377w, https:\/\/www.caudete.org\/ayuntamiento\/wp-content\/uploads\/2025\/10\/Actividades-Otono-Sala-Joven-3-424x900.jpg 424w, https:\/\/www.caudete.org\/ayuntamiento\/wp-content\/uploads\/2025\/10\/Actividades-Otono-Sala-Joven-3-104x220.jpg 104w, https:\/\/www.caudete.org\/ayuntamiento\/wp-content\/uploads\/2025\/10\/Actividades-Otono-Sala-Joven-3-768x1629.jpg 768w, https:\/\/www.caudete.org\/ayuntamiento\/wp-content\/uploads\/2025\/10\/Actividades-Otono-Sala-Joven-3-724x1536.jpg 724w\" sizes=\"(max-width: 943px) 100vw, 943px\" \/><\/span><\/p>\n","protected":false},"excerpt":{"rendered":"<p>La Sala Joven de Caudete inicia su programaci\u00f3n de oto\u00f1o, que se desarrollar\u00e1 entre los meses de octubre y diciembre, con una amplia variedad de actividades culturales, talleres, encuentros provinciales y celebraciones especiales, como Halloween y Navidad. Entre las propuestas destacadas, decir que la Joven Compa\u00f1\u00eda Teatral ha comenzado ya sus clases, consolid\u00e1ndose como un &hellip;<\/p>\n","protected":false},"author":6,"featured_media":31050,"comment_status":"closed","ping_status":"open","sticky":false,"template":"","format":"standard","meta":{"ngg_post_thumbnail":0,"footnotes":""},"categories":[121],"tags":[],"class_list":["post-31049","post","type-post","status-publish","format-standard","has-post-thumbnail","hentry","category-juventud-2"],"yoast_head":"<!-- This site is optimized with the Yoast SEO plugin v27.4 - https:\/\/yoast.com\/product\/yoast-seo-wordpress\/ -->\n<title>La Sala Joven da la bienvenida al oto\u00f1o con una completa programaci\u00f3n de ocio para ni\u00f1os y j\u00f3venes - MI Ayuntamiento de Caudete<\/title>\n<meta name=\"description\" content=\"P\u00e1gina Oficial del Ayuntamiento de Caudete (Albacete)\" \/>\n<meta name=\"robots\" content=\"index, follow, max-snippet:-1, max-image-preview:large, max-video-preview:-1\" \/>\n<link rel=\"canonical\" href=\"https:\/\/www.caudete.org\/ayuntamiento\/la-sala-joven-da-la-bienvenida-al-otono-con-una-completa-programacion-de-ocio-para-ninos-y-jovenes\/\" \/>\n<meta property=\"og:locale\" content=\"es_ES\" \/>\n<meta property=\"og:type\" content=\"article\" \/>\n<meta property=\"og:title\" content=\"La Sala Joven da la bienvenida al oto\u00f1o con una completa programaci\u00f3n de ocio para ni\u00f1os y j\u00f3venes - MI Ayuntamiento de Caudete\" \/>\n<meta property=\"og:description\" content=\"P\u00e1gina Oficial del Ayuntamiento de Caudete (Albacete)\" \/>\n<meta property=\"og:url\" content=\"https:\/\/www.caudete.org\/ayuntamiento\/la-sala-joven-da-la-bienvenida-al-otono-con-una-completa-programacion-de-ocio-para-ninos-y-jovenes\/\" \/>\n<meta property=\"og:site_name\" content=\"MI Ayuntamiento de Caudete\" \/>\n<meta property=\"article:publisher\" content=\"https:\/\/www.facebook.com\/ayuntamientocaudete\/\" \/>\n<meta property=\"article:published_time\" content=\"2025-10-15T07:41:41+00:00\" \/>\n<meta property=\"article:modified_time\" content=\"2025-10-15T08:48:29+00:00\" \/>\n<meta property=\"og:image\" content=\"https:\/\/www.caudete.org\/ayuntamiento\/wp-content\/uploads\/2025\/10\/Cabeceras-facebook-02.jpg\" \/>\n\t<meta property=\"og:image:width\" content=\"1000\" \/>\n\t<meta property=\"og:image:height\" content=\"372\" \/>\n\t<meta property=\"og:image:type\" content=\"image\/jpeg\" \/>\n<meta name=\"author\" content=\"informatica2\" \/>\n<meta name=\"twitter:card\" content=\"summary_large_image\" \/>\n<meta name=\"twitter:label1\" content=\"Escrito por\" \/>\n\t<meta name=\"twitter:data1\" content=\"informatica2\" \/>\n\t<meta name=\"twitter:label2\" content=\"Tiempo de lectura\" \/>\n\t<meta name=\"twitter:data2\" content=\"3 minutos\" \/>\n<script type=\"application\/ld+json\" class=\"yoast-schema-graph\">{\"@context\":\"https:\\\/\\\/schema.org\",\"@graph\":[{\"@type\":\"Article\",\"@id\":\"https:\\\/\\\/www.caudete.org\\\/ayuntamiento\\\/la-sala-joven-da-la-bienvenida-al-otono-con-una-completa-programacion-de-ocio-para-ninos-y-jovenes\\\/#article\",\"isPartOf\":{\"@id\":\"https:\\\/\\\/www.caudete.org\\\/ayuntamiento\\\/la-sala-joven-da-la-bienvenida-al-otono-con-una-completa-programacion-de-ocio-para-ninos-y-jovenes\\\/\"},\"author\":{\"name\":\"informatica2\",\"@id\":\"https:\\\/\\\/www.caudete.org\\\/ayuntamiento\\\/#\\\/schema\\\/person\\\/abfa5ffd5010a14e078c21e6e61b6291\"},\"headline\":\"La Sala Joven da la bienvenida al oto\u00f1o con una completa programaci\u00f3n de ocio para ni\u00f1os y j\u00f3venes\",\"datePublished\":\"2025-10-15T07:41:41+00:00\",\"dateModified\":\"2025-10-15T08:48:29+00:00\",\"mainEntityOfPage\":{\"@id\":\"https:\\\/\\\/www.caudete.org\\\/ayuntamiento\\\/la-sala-joven-da-la-bienvenida-al-otono-con-una-completa-programacion-de-ocio-para-ninos-y-jovenes\\\/\"},\"wordCount\":550,\"publisher\":{\"@id\":\"https:\\\/\\\/www.caudete.org\\\/ayuntamiento\\\/#organization\"},\"image\":{\"@id\":\"https:\\\/\\\/www.caudete.org\\\/ayuntamiento\\\/la-sala-joven-da-la-bienvenida-al-otono-con-una-completa-programacion-de-ocio-para-ninos-y-jovenes\\\/#primaryimage\"},\"thumbnailUrl\":\"https:\\\/\\\/www.caudete.org\\\/ayuntamiento\\\/wp-content\\\/uploads\\\/2025\\\/10\\\/Cabeceras-facebook-02.jpg\",\"articleSection\":[\"Juventud\"],\"inLanguage\":\"es\"},{\"@type\":\"WebPage\",\"@id\":\"https:\\\/\\\/www.caudete.org\\\/ayuntamiento\\\/la-sala-joven-da-la-bienvenida-al-otono-con-una-completa-programacion-de-ocio-para-ninos-y-jovenes\\\/\",\"url\":\"https:\\\/\\\/www.caudete.org\\\/ayuntamiento\\\/la-sala-joven-da-la-bienvenida-al-otono-con-una-completa-programacion-de-ocio-para-ninos-y-jovenes\\\/\",\"name\":\"La Sala Joven da la bienvenida al oto\u00f1o con una completa programaci\u00f3n de ocio para ni\u00f1os y j\u00f3venes - MI Ayuntamiento de Caudete\",\"isPartOf\":{\"@id\":\"https:\\\/\\\/www.caudete.org\\\/ayuntamiento\\\/#website\"},\"primaryImageOfPage\":{\"@id\":\"https:\\\/\\\/www.caudete.org\\\/ayuntamiento\\\/la-sala-joven-da-la-bienvenida-al-otono-con-una-completa-programacion-de-ocio-para-ninos-y-jovenes\\\/#primaryimage\"},\"image\":{\"@id\":\"https:\\\/\\\/www.caudete.org\\\/ayuntamiento\\\/la-sala-joven-da-la-bienvenida-al-otono-con-una-completa-programacion-de-ocio-para-ninos-y-jovenes\\\/#primaryimage\"},\"thumbnailUrl\":\"https:\\\/\\\/www.caudete.org\\\/ayuntamiento\\\/wp-content\\\/uploads\\\/2025\\\/10\\\/Cabeceras-facebook-02.jpg\",\"datePublished\":\"2025-10-15T07:41:41+00:00\",\"dateModified\":\"2025-10-15T08:48:29+00:00\",\"description\":\"P\u00e1gina Oficial del Ayuntamiento de Caudete (Albacete)\",\"breadcrumb\":{\"@id\":\"https:\\\/\\\/www.caudete.org\\\/ayuntamiento\\\/la-sala-joven-da-la-bienvenida-al-otono-con-una-completa-programacion-de-ocio-para-ninos-y-jovenes\\\/#breadcrumb\"},\"inLanguage\":\"es\",\"potentialAction\":[{\"@type\":\"ReadAction\",\"target\":[\"https:\\\/\\\/www.caudete.org\\\/ayuntamiento\\\/la-sala-joven-da-la-bienvenida-al-otono-con-una-completa-programacion-de-ocio-para-ninos-y-jovenes\\\/\"]}]},{\"@type\":\"ImageObject\",\"inLanguage\":\"es\",\"@id\":\"https:\\\/\\\/www.caudete.org\\\/ayuntamiento\\\/la-sala-joven-da-la-bienvenida-al-otono-con-una-completa-programacion-de-ocio-para-ninos-y-jovenes\\\/#primaryimage\",\"url\":\"https:\\\/\\\/www.caudete.org\\\/ayuntamiento\\\/wp-content\\\/uploads\\\/2025\\\/10\\\/Cabeceras-facebook-02.jpg\",\"contentUrl\":\"https:\\\/\\\/www.caudete.org\\\/ayuntamiento\\\/wp-content\\\/uploads\\\/2025\\\/10\\\/Cabeceras-facebook-02.jpg\",\"width\":1000,\"height\":372},{\"@type\":\"BreadcrumbList\",\"@id\":\"https:\\\/\\\/www.caudete.org\\\/ayuntamiento\\\/la-sala-joven-da-la-bienvenida-al-otono-con-una-completa-programacion-de-ocio-para-ninos-y-jovenes\\\/#breadcrumb\",\"itemListElement\":[{\"@type\":\"ListItem\",\"position\":1,\"name\":\"Inicio\",\"item\":\"https:\\\/\\\/www.caudete.org\\\/ayuntamiento\\\/\"},{\"@type\":\"ListItem\",\"position\":2,\"name\":\"La Sala Joven da la bienvenida al oto\u00f1o con una completa programaci\u00f3n de ocio para ni\u00f1os y j\u00f3venes\"}]},{\"@type\":\"WebSite\",\"@id\":\"https:\\\/\\\/www.caudete.org\\\/ayuntamiento\\\/#website\",\"url\":\"https:\\\/\\\/www.caudete.org\\\/ayuntamiento\\\/\",\"name\":\"MI Ayuntamiento de Caudete\",\"description\":\"P\u00e1gina Oficial del MI Ayuntamiento de Caudete\",\"publisher\":{\"@id\":\"https:\\\/\\\/www.caudete.org\\\/ayuntamiento\\\/#organization\"},\"potentialAction\":[{\"@type\":\"SearchAction\",\"target\":{\"@type\":\"EntryPoint\",\"urlTemplate\":\"https:\\\/\\\/www.caudete.org\\\/ayuntamiento\\\/?s={search_term_string}\"},\"query-input\":{\"@type\":\"PropertyValueSpecification\",\"valueRequired\":true,\"valueName\":\"search_term_string\"}}],\"inLanguage\":\"es\"},{\"@type\":\"Organization\",\"@id\":\"https:\\\/\\\/www.caudete.org\\\/ayuntamiento\\\/#organization\",\"name\":\"Ayuntamiento de Caudete\",\"url\":\"https:\\\/\\\/www.caudete.org\\\/ayuntamiento\\\/\",\"logo\":{\"@type\":\"ImageObject\",\"inLanguage\":\"es\",\"@id\":\"https:\\\/\\\/www.caudete.org\\\/ayuntamiento\\\/#\\\/schema\\\/logo\\\/image\\\/\",\"url\":\"https:\\\/\\\/www.caudete.org\\\/ayuntamiento\\\/wp-content\\\/uploads\\\/2020\\\/11\\\/logo_ayuntamiento_caudete.jpg\",\"contentUrl\":\"https:\\\/\\\/www.caudete.org\\\/ayuntamiento\\\/wp-content\\\/uploads\\\/2020\\\/11\\\/logo_ayuntamiento_caudete.jpg\",\"width\":600,\"height\":150,\"caption\":\"Ayuntamiento de Caudete\"},\"image\":{\"@id\":\"https:\\\/\\\/www.caudete.org\\\/ayuntamiento\\\/#\\\/schema\\\/logo\\\/image\\\/\"},\"sameAs\":[\"https:\\\/\\\/www.facebook.com\\\/ayuntamientocaudete\\\/\",\"https:\\\/\\\/www.youtube.com\\\/channel\\\/UC6VztHaooNsGpw-tNoBEFnQ\"]},{\"@type\":\"Person\",\"@id\":\"https:\\\/\\\/www.caudete.org\\\/ayuntamiento\\\/#\\\/schema\\\/person\\\/abfa5ffd5010a14e078c21e6e61b6291\",\"name\":\"informatica2\",\"image\":{\"@type\":\"ImageObject\",\"inLanguage\":\"es\",\"@id\":\"https:\\\/\\\/secure.gravatar.com\\\/avatar\\\/b089890ff033a3e4d03eec00ecb5a14425217205c513f60ec32ebeaaeb5fa700?s=96&d=mm&r=g\",\"url\":\"https:\\\/\\\/secure.gravatar.com\\\/avatar\\\/b089890ff033a3e4d03eec00ecb5a14425217205c513f60ec32ebeaaeb5fa700?s=96&d=mm&r=g\",\"contentUrl\":\"https:\\\/\\\/secure.gravatar.com\\\/avatar\\\/b089890ff033a3e4d03eec00ecb5a14425217205c513f60ec32ebeaaeb5fa700?s=96&d=mm&r=g\",\"caption\":\"informatica2\"},\"url\":\"https:\\\/\\\/www.caudete.org\\\/ayuntamiento\\\/author\\\/informatica2\\\/\"}]}<\/script>\n<!-- \/ Yoast SEO plugin. -->","yoast_head_json":{"title":"La Sala Joven da la bienvenida al oto\u00f1o con una completa programaci\u00f3n de ocio para ni\u00f1os y j\u00f3venes - MI Ayuntamiento de Caudete","description":"P\u00e1gina Oficial del Ayuntamiento de Caudete (Albacete)","robots":{"index":"index","follow":"follow","max-snippet":"max-snippet:-1","max-image-preview":"max-image-preview:large","max-video-preview":"max-video-preview:-1"},"canonical":"https:\/\/www.caudete.org\/ayuntamiento\/la-sala-joven-da-la-bienvenida-al-otono-con-una-completa-programacion-de-ocio-para-ninos-y-jovenes\/","og_locale":"es_ES","og_type":"article","og_title":"La Sala Joven da la bienvenida al oto\u00f1o con una completa programaci\u00f3n de ocio para ni\u00f1os y j\u00f3venes - MI Ayuntamiento de Caudete","og_description":"P\u00e1gina Oficial del Ayuntamiento de Caudete (Albacete)","og_url":"https:\/\/www.caudete.org\/ayuntamiento\/la-sala-joven-da-la-bienvenida-al-otono-con-una-completa-programacion-de-ocio-para-ninos-y-jovenes\/","og_site_name":"MI Ayuntamiento de Caudete","article_publisher":"https:\/\/www.facebook.com\/ayuntamientocaudete\/","article_published_time":"2025-10-15T07:41:41+00:00","article_modified_time":"2025-10-15T08:48:29+00:00","og_image":[{"width":1000,"height":372,"url":"https:\/\/www.caudete.org\/ayuntamiento\/wp-content\/uploads\/2025\/10\/Cabeceras-facebook-02.jpg","type":"image\/jpeg"}],"author":"informatica2","twitter_card":"summary_large_image","twitter_misc":{"Escrito por":"informatica2","Tiempo de lectura":"3 minutos"},"schema":{"@context":"https:\/\/schema.org","@graph":[{"@type":"Article","@id":"https:\/\/www.caudete.org\/ayuntamiento\/la-sala-joven-da-la-bienvenida-al-otono-con-una-completa-programacion-de-ocio-para-ninos-y-jovenes\/#article","isPartOf":{"@id":"https:\/\/www.caudete.org\/ayuntamiento\/la-sala-joven-da-la-bienvenida-al-otono-con-una-completa-programacion-de-ocio-para-ninos-y-jovenes\/"},"author":{"name":"informatica2","@id":"https:\/\/www.caudete.org\/ayuntamiento\/#\/schema\/person\/abfa5ffd5010a14e078c21e6e61b6291"},"headline":"La Sala Joven da la bienvenida al oto\u00f1o con una completa programaci\u00f3n de ocio para ni\u00f1os y j\u00f3venes","datePublished":"2025-10-15T07:41:41+00:00","dateModified":"2025-10-15T08:48:29+00:00","mainEntityOfPage":{"@id":"https:\/\/www.caudete.org\/ayuntamiento\/la-sala-joven-da-la-bienvenida-al-otono-con-una-completa-programacion-de-ocio-para-ninos-y-jovenes\/"},"wordCount":550,"publisher":{"@id":"https:\/\/www.caudete.org\/ayuntamiento\/#organization"},"image":{"@id":"https:\/\/www.caudete.org\/ayuntamiento\/la-sala-joven-da-la-bienvenida-al-otono-con-una-completa-programacion-de-ocio-para-ninos-y-jovenes\/#primaryimage"},"thumbnailUrl":"https:\/\/www.caudete.org\/ayuntamiento\/wp-content\/uploads\/2025\/10\/Cabeceras-facebook-02.jpg","articleSection":["Juventud"],"inLanguage":"es"},{"@type":"WebPage","@id":"https:\/\/www.caudete.org\/ayuntamiento\/la-sala-joven-da-la-bienvenida-al-otono-con-una-completa-programacion-de-ocio-para-ninos-y-jovenes\/","url":"https:\/\/www.caudete.org\/ayuntamiento\/la-sala-joven-da-la-bienvenida-al-otono-con-una-completa-programacion-de-ocio-para-ninos-y-jovenes\/","name":"La Sala Joven da la bienvenida al oto\u00f1o con una completa programaci\u00f3n de ocio para ni\u00f1os y j\u00f3venes - MI Ayuntamiento de Caudete","isPartOf":{"@id":"https:\/\/www.caudete.org\/ayuntamiento\/#website"},"primaryImageOfPage":{"@id":"https:\/\/www.caudete.org\/ayuntamiento\/la-sala-joven-da-la-bienvenida-al-otono-con-una-completa-programacion-de-ocio-para-ninos-y-jovenes\/#primaryimage"},"image":{"@id":"https:\/\/www.caudete.org\/ayuntamiento\/la-sala-joven-da-la-bienvenida-al-otono-con-una-completa-programacion-de-ocio-para-ninos-y-jovenes\/#primaryimage"},"thumbnailUrl":"https:\/\/www.caudete.org\/ayuntamiento\/wp-content\/uploads\/2025\/10\/Cabeceras-facebook-02.jpg","datePublished":"2025-10-15T07:41:41+00:00","dateModified":"2025-10-15T08:48:29+00:00","description":"P\u00e1gina Oficial del Ayuntamiento de Caudete (Albacete)","breadcrumb":{"@id":"https:\/\/www.caudete.org\/ayuntamiento\/la-sala-joven-da-la-bienvenida-al-otono-con-una-completa-programacion-de-ocio-para-ninos-y-jovenes\/#breadcrumb"},"inLanguage":"es","potentialAction":[{"@type":"ReadAction","target":["https:\/\/www.caudete.org\/ayuntamiento\/la-sala-joven-da-la-bienvenida-al-otono-con-una-completa-programacion-de-ocio-para-ninos-y-jovenes\/"]}]},{"@type":"ImageObject","inLanguage":"es","@id":"https:\/\/www.caudete.org\/ayuntamiento\/la-sala-joven-da-la-bienvenida-al-otono-con-una-completa-programacion-de-ocio-para-ninos-y-jovenes\/#primaryimage","url":"https:\/\/www.caudete.org\/ayuntamiento\/wp-content\/uploads\/2025\/10\/Cabeceras-facebook-02.jpg","contentUrl":"https:\/\/www.caudete.org\/ayuntamiento\/wp-content\/uploads\/2025\/10\/Cabeceras-facebook-02.jpg","width":1000,"height":372},{"@type":"BreadcrumbList","@id":"https:\/\/www.caudete.org\/ayuntamiento\/la-sala-joven-da-la-bienvenida-al-otono-con-una-completa-programacion-de-ocio-para-ninos-y-jovenes\/#breadcrumb","itemListElement":[{"@type":"ListItem","position":1,"name":"Inicio","item":"https:\/\/www.caudete.org\/ayuntamiento\/"},{"@type":"ListItem","position":2,"name":"La Sala Joven da la bienvenida al oto\u00f1o con una completa programaci\u00f3n de ocio para ni\u00f1os y j\u00f3venes"}]},{"@type":"WebSite","@id":"https:\/\/www.caudete.org\/ayuntamiento\/#website","url":"https:\/\/www.caudete.org\/ayuntamiento\/","name":"MI Ayuntamiento de Caudete","description":"P\u00e1gina Oficial del MI Ayuntamiento de Caudete","publisher":{"@id":"https:\/\/www.caudete.org\/ayuntamiento\/#organization"},"potentialAction":[{"@type":"SearchAction","target":{"@type":"EntryPoint","urlTemplate":"https:\/\/www.caudete.org\/ayuntamiento\/?s={search_term_string}"},"query-input":{"@type":"PropertyValueSpecification","valueRequired":true,"valueName":"search_term_string"}}],"inLanguage":"es"},{"@type":"Organization","@id":"https:\/\/www.caudete.org\/ayuntamiento\/#organization","name":"Ayuntamiento de Caudete","url":"https:\/\/www.caudete.org\/ayuntamiento\/","logo":{"@type":"ImageObject","inLanguage":"es","@id":"https:\/\/www.caudete.org\/ayuntamiento\/#\/schema\/logo\/image\/","url":"https:\/\/www.caudete.org\/ayuntamiento\/wp-content\/uploads\/2020\/11\/logo_ayuntamiento_caudete.jpg","contentUrl":"https:\/\/www.caudete.org\/ayuntamiento\/wp-content\/uploads\/2020\/11\/logo_ayuntamiento_caudete.jpg","width":600,"height":150,"caption":"Ayuntamiento de Caudete"},"image":{"@id":"https:\/\/www.caudete.org\/ayuntamiento\/#\/schema\/logo\/image\/"},"sameAs":["https:\/\/www.facebook.com\/ayuntamientocaudete\/","https:\/\/www.youtube.com\/channel\/UC6VztHaooNsGpw-tNoBEFnQ"]},{"@type":"Person","@id":"https:\/\/www.caudete.org\/ayuntamiento\/#\/schema\/person\/abfa5ffd5010a14e078c21e6e61b6291","name":"informatica2","image":{"@type":"ImageObject","inLanguage":"es","@id":"https:\/\/secure.gravatar.com\/avatar\/b089890ff033a3e4d03eec00ecb5a14425217205c513f60ec32ebeaaeb5fa700?s=96&d=mm&r=g","url":"https:\/\/secure.gravatar.com\/avatar\/b089890ff033a3e4d03eec00ecb5a14425217205c513f60ec32ebeaaeb5fa700?s=96&d=mm&r=g","contentUrl":"https:\/\/secure.gravatar.com\/avatar\/b089890ff033a3e4d03eec00ecb5a14425217205c513f60ec32ebeaaeb5fa700?s=96&d=mm&r=g","caption":"informatica2"},"url":"https:\/\/www.caudete.org\/ayuntamiento\/author\/informatica2\/"}]}},"_links":{"self":[{"href":"https:\/\/www.caudete.org\/ayuntamiento\/wp-json\/wp\/v2\/posts\/31049","targetHints":{"allow":["GET"]}}],"collection":[{"href":"https:\/\/www.caudete.org\/ayuntamiento\/wp-json\/wp\/v2\/posts"}],"about":[{"href":"https:\/\/www.caudete.org\/ayuntamiento\/wp-json\/wp\/v2\/types\/post"}],"author":[{"embeddable":true,"href":"https:\/\/www.caudete.org\/ayuntamiento\/wp-json\/wp\/v2\/users\/6"}],"replies":[{"embeddable":true,"href":"https:\/\/www.caudete.org\/ayuntamiento\/wp-json\/wp\/v2\/comments?post=31049"}],"version-history":[{"count":2,"href":"https:\/\/www.caudete.org\/ayuntamiento\/wp-json\/wp\/v2\/posts\/31049\/revisions"}],"predecessor-version":[{"id":31053,"href":"https:\/\/www.caudete.org\/ayuntamiento\/wp-json\/wp\/v2\/posts\/31049\/revisions\/31053"}],"wp:featuredmedia":[{"embeddable":true,"href":"https:\/\/www.caudete.org\/ayuntamiento\/wp-json\/wp\/v2\/media\/31050"}],"wp:attachment":[{"href":"https:\/\/www.caudete.org\/ayuntamiento\/wp-json\/wp\/v2\/media?parent=31049"}],"wp:term":[{"taxonomy":"category","embeddable":true,"href":"https:\/\/www.caudete.org\/ayuntamiento\/wp-json\/wp\/v2\/categories?post=31049"},{"taxonomy":"post_tag","embeddable":true,"href":"https:\/\/www.caudete.org\/ayuntamiento\/wp-json\/wp\/v2\/tags?post=31049"}],"curies":[{"name":"wp","href":"https:\/\/api.w.org\/{rel}","templated":true}]}}