{"id":31060,"date":"2025-10-15T12:05:08","date_gmt":"2025-10-15T10:05:08","guid":{"rendered":"https:\/\/www.caudete.org\/ayuntamiento\/?p=31060"},"modified":"2025-10-15T15:13:50","modified_gmt":"2025-10-15T13:13:50","slug":"caudete-avanza-hacia-un-futuro-verde-con-contenedores-inteligentes-y-mas-servicios","status":"publish","type":"post","link":"https:\/\/www.caudete.org\/ayuntamiento\/caudete-avanza-hacia-un-futuro-verde-con-contenedores-inteligentes-y-mas-servicios\/","title":{"rendered":"Caudete avanza hacia un futuro verde con contenedores inteligentes y m\u00e1s servicios"},"content":{"rendered":"<h2 data-start=\"249\" data-end=\"351\">\ud83d\udfe9\u00a0Caudete modernizar\u00e1 su recogida de residuos con contenedores inteligentes y servicio reforzado<\/h2>\n<p data-start=\"352\" data-end=\"406\">\ud83d\udcc5 Octubre de 2025<br data-start=\"370\" data-end=\"373\" \/><strong data-start=\"373\" data-end=\"406\">TERCER COMUNICADO INFORMATIVO<\/strong><\/p>\n<p data-start=\"408\" data-end=\"750\">El <strong data-start=\"411\" data-end=\"450\">Muy Ilustre Ayuntamiento de Caudete<\/strong>, a trav\u00e9s de la <strong data-start=\"467\" data-end=\"499\">Concejal\u00eda de Medio Ambiente<\/strong>, publica este <strong data-start=\"514\" data-end=\"535\">tercer comunicado<\/strong> dentro de la campa\u00f1a informativa sobre la <strong data-start=\"578\" data-end=\"641\">modernizaci\u00f3n del sistema municipal de recogida de residuos<\/strong>, con el objetivo de mantener a la ciudadan\u00eda puntualmente informada sobre todas las actuaciones en marcha.<\/p>\n<p data-start=\"752\" data-end=\"1104\">En los dos comunicados anteriores \u2014disponibles para su consulta en la <strong data-start=\"822\" data-end=\"867\">web municipal del Ayuntamiento de Caudete<\/strong>\u2014 se explicaron las <strong data-start=\"887\" data-end=\"936\">bases del nuevo modelo de gesti\u00f3n de residuos<\/strong>, la <strong data-start=\"941\" data-end=\"991\">necesidad de adaptaci\u00f3n a la normativa europea<\/strong>, as\u00ed como las <strong data-start=\"1006\" data-end=\"1070\">mejoras en sostenibilidad, eficiencia y control del servicio<\/strong> que conllevar\u00e1 su implantaci\u00f3n.<\/p>\n<p data-start=\"1106\" data-end=\"1273\">Con esta tercera entrega, el Ayuntamiento detalla los avances m\u00e1s recientes y las actuaciones complementarias que reforzar\u00e1n este importante proyecto medioambiental.<\/p>\n<hr data-start=\"1275\" data-end=\"1278\" \/>\n<h3 data-start=\"1280\" data-end=\"1362\">\ud83d\udfe9 Un proyecto subvencionado al 90% y con beneficios reales para los vecinos<\/h3>\n<p data-start=\"1363\" data-end=\"1563\">El proyecto cuenta con una <strong data-start=\"1390\" data-end=\"1445\">subvenci\u00f3n europea que cubre el 90% de la inversi\u00f3n<\/strong>, lo que permite acometer una modernizaci\u00f3n de gran alcance sin que suponga un esfuerzo importante para los vecinos.<\/p>\n<p data-start=\"1565\" data-end=\"1919\">Tal y como explica el concejal de Medio Ambiente, <strong data-start=\"1615\" data-end=\"1651\">Francisco Jos\u00e9 Castell\u00f3 Castell\u00f3<\/strong>, aunque el nuevo sistema pueda implicar un <strong data-start=\"1695\" data-end=\"1734\">coste aproximado de 7 euros anuales<\/strong>, este importe podr\u00e1 verse <strong data-start=\"1761\" data-end=\"1809\">compensado con descuentos incluso superiores<\/strong> gracias al ahorro en el <strong data-start=\"1834\" data-end=\"1855\">canon de residuos<\/strong>, derivado de la reducci\u00f3n de toneladas enviadas al vertedero.<\/p>\n<p data-start=\"1921\" data-end=\"2237\">De este modo, la aplicaci\u00f3n del nuevo modelo <strong data-start=\"1966\" data-end=\"2032\">ser\u00e1 mucho m\u00e1s ventajosa que renunciar a la subvenci\u00f3n europea<\/strong>, ya que en ese caso los costes del tratamiento de residuos y las tasas del Consorcio crecer\u00edan de forma significativa, afectando directamente a los presupuestos municipales y a las econom\u00edas familiares.<\/p>\n<p data-start=\"2239\" data-end=\"2627\">Adem\u00e1s, su implantaci\u00f3n es <strong data-start=\"2266\" data-end=\"2302\">de obligado cumplimiento por ley<\/strong>, seg\u00fan la <strong data-start=\"2313\" data-end=\"2361\">Ley 7\/2022 de Residuos y Suelos Contaminados<\/strong>, que obliga a todos los municipios de Espa\u00f1a a aplicar el sistema de <strong data-start=\"2421\" data-end=\"2450\">Pago por Generaci\u00f3n (PxG)<\/strong>.<br data-start=\"2451\" data-end=\"2454\" \/>De no adoptarse este modelo, Caudete estar\u00eda obligado a implantar la recogida <strong data-start=\"2532\" data-end=\"2553\">\u201cpuerta a puerta\u201d<\/strong>, un sistema m\u00e1s costoso, inc\u00f3modo y menos eficiente para los vecinos &#8220;en el anterior comunicado desglos\u00e1bamos los pros y contras&#8221;.<\/p>\n<hr data-start=\"2629\" data-end=\"2632\" \/>\n<h3 data-start=\"2634\" data-end=\"2711\">\u267b\ufe0f Cubos y bolsas para todos los domicilios y contenedores inteligentes<\/h3>\n<p data-start=\"2712\" data-end=\"2915\">Cada vivienda de Caudete recibir\u00e1 <strong data-start=\"2746\" data-end=\"2778\">cubos y bolsas especiales,<\/strong>\u00a0para facilitar la separaci\u00f3n en origen, junto a <strong data-start=\"2827\" data-end=\"2878\">contenedores inteligentes con cubrecontenedores<\/strong> en la v\u00eda p\u00fablica, que permitir\u00e1n:<\/p>\n<ul data-start=\"2916\" data-end=\"3148\">\n<li data-start=\"2916\" data-end=\"2977\">\n<p data-start=\"2918\" data-end=\"2977\">Controlar y registrar los residuos de forma automatizada.<\/p>\n<\/li>\n<li data-start=\"2978\" data-end=\"3029\">\n<p data-start=\"2980\" data-end=\"3029\">Mantener una est\u00e9tica urbana limpia y ordenada.<\/p>\n<\/li>\n<li data-start=\"3030\" data-end=\"3072\">\n<p data-start=\"3032\" data-end=\"3072\">Aumentar la eficiencia en la recogida.<\/p>\n<\/li>\n<li data-start=\"3073\" data-end=\"3148\">\n<p data-start=\"3075\" data-end=\"3148\">Premiar a los vecinos que reciclan correctamente con un ahorro directo.<\/p>\n<\/li>\n<\/ul>\n<hr data-start=\"3150\" data-end=\"3153\" \/>\n<h3 data-start=\"3155\" data-end=\"3222\">\u2699\ufe0f Un sistema moderno y adaptado a las necesidades de Caudete<\/h3>\n<p data-start=\"3223\" data-end=\"3581\">El nuevo modelo busca <strong data-start=\"3245\" data-end=\"3291\">reducir los residuos enviados al vertedero<\/strong>, <strong data-start=\"3293\" data-end=\"3316\">mejorar la limpieza<\/strong> de los puntos de dep\u00f3sito y <strong data-start=\"3345\" data-end=\"3398\">garantizar una gesti\u00f3n m\u00e1s eficiente y sostenible<\/strong>.<br data-start=\"3399\" data-end=\"3402\" \/>Adem\u00e1s, permitir\u00e1 <strong data-start=\"3420\" data-end=\"3460\">ahorrar costes a medio y largo plazo<\/strong>, manteniendo un servicio c\u00f3modo para los vecinos y cumpliendo plenamente con las exigencias medioambientales europeas.<\/p>\n<p data-start=\"3583\" data-end=\"3663\">\ud83d\uddd2\ufe0f <strong data-start=\"3587\" data-end=\"3661\">Nota del concejal de Medio Ambiente, Francisco Jos\u00e9 Castell\u00f3 Castell\u00f3:<\/strong><\/p>\n<blockquote data-start=\"3664\" data-end=\"4218\">\n<p data-start=\"3666\" data-end=\"4218\">\u201cActualmente, el Ayuntamiento paga aproximadamente <strong data-start=\"3717\" data-end=\"3792\">150.000 \u20ac anuales al Consorcio Provincial de Medio Ambiente de Albacete<\/strong>, con una tarifa de <strong data-start=\"3812\" data-end=\"3836\">31,23 \u20ac por tonelada<\/strong>.<br data-start=\"3837\" data-end=\"3840\" \/>Sabemos que ese canon aumentar\u00e1 pronto \u2014como ya ocurre en otros consorcios cercanos, donde el coste se ha duplicado\u2014 y si no actuamos con previsi\u00f3n, estos incrementos podr\u00edan <strong data-start=\"4017\" data-end=\"4075\">comprometer parte importante del presupuesto municipal<\/strong>.<br data-start=\"4076\" data-end=\"4079\" \/>Por eso adelantamos la modernizaci\u00f3n del sistema: para garantizar eficiencia, ahorro y un servicio justo para las familias caudetanas.\u201d<\/p>\n<\/blockquote>\n<hr data-start=\"4220\" data-end=\"4223\" \/>\n<h3 data-start=\"4225\" data-end=\"4278\">\ud83e\udded Estudio t\u00e9cnico de ubicaci\u00f3n de contenedores<\/h3>\n<p data-start=\"4279\" data-end=\"4569\">El concejal ha impulsado la <strong data-start=\"4307\" data-end=\"4360\">contrataci\u00f3n de una empresa privada especializada<\/strong> que elaborar\u00e1 un <strong data-start=\"4378\" data-end=\"4397\">estudio t\u00e9cnico<\/strong> para determinar las <strong data-start=\"4418\" data-end=\"4481\">ubicaciones \u00f3ptimas de los nuevos contenedores inteligentes<\/strong>, garantizando que sean <strong data-start=\"4505\" data-end=\"4543\">accesibles, pr\u00e1cticos y eficientes<\/strong> para todos los vecinos.<\/p>\n<p data-start=\"4571\" data-end=\"4807\">El proyecto contempla tambi\u00e9n <strong data-start=\"4601\" data-end=\"4667\">el cerramiento de los contenedores situados en los diseminados<\/strong>, con el fin de mejorar la <strong data-start=\"4694\" data-end=\"4741\">seguridad, la limpieza y la est\u00e9tica urbana<\/strong>, evitando la dispersi\u00f3n de residuos y la aparici\u00f3n de animales.<\/p>\n<hr data-start=\"4809\" data-end=\"4812\" \/>\n<h3 data-start=\"4814\" data-end=\"4871\">\ud83e\udd1d Reuni\u00f3n con la Diputaci\u00f3n Provincial de Albacete<\/h3>\n<p data-start=\"4872\" data-end=\"5152\">La pasada semana, el concejal <strong data-start=\"4902\" data-end=\"4938\">Francisco Jos\u00e9 Castell\u00f3 Castell\u00f3<\/strong> se reuni\u00f3 con el <strong data-start=\"4956\" data-end=\"5024\">diputado provincial de Medio Ambiente, Jos\u00e9 Antonio G\u00f3mez Moreno<\/strong>, para coordinar actuaciones y reforzar los recursos municipales.<br data-start=\"5089\" data-end=\"5092\" \/>Durante la reuni\u00f3n, se trasladaron las siguientes mejoras:<\/p>\n<ul data-start=\"5153\" data-end=\"5424\">\n<li data-start=\"5153\" data-end=\"5239\">\n<p data-start=\"5155\" data-end=\"5239\"><strong data-start=\"5155\" data-end=\"5205\">Contenedores de mayor capacidad (1.100 litros)<\/strong> para reforzar la red existente.<\/p>\n<\/li>\n<li data-start=\"5240\" data-end=\"5345\">\n<p data-start=\"5242\" data-end=\"5345\"><strong data-start=\"5242\" data-end=\"5300\">Aumento de la frecuencia de recogida de papel y cart\u00f3n<\/strong>, pasando de un d\u00eda a la semana a dos d\u00edas.<\/p>\n<\/li>\n<li data-start=\"5346\" data-end=\"5424\">\n<p data-start=\"5348\" data-end=\"5424\"><strong data-start=\"5348\" data-end=\"5422\">Sustituci\u00f3n de todos los contenedores deteriorados o con desperfectos.<\/strong><\/p>\n<\/li>\n<\/ul>\n<p data-start=\"5426\" data-end=\"5708\">Adem\u00e1s, los <strong data-start=\"5438\" data-end=\"5479\">contenedores soterrados del municipio<\/strong> pasar\u00e1n \u00a0su uso exclusivamente\u00a0 para envases y papel\/cart\u00f3n, con el objetivo de <strong data-start=\"5620\" data-end=\"5658\">evitar olores, insectos y roedores<\/strong>, mejorando la <strong data-start=\"5673\" data-end=\"5705\">salubridad y est\u00e9tica urbana<\/strong>.<\/p>\n<hr data-start=\"5710\" data-end=\"5713\" \/>\n<p data-start=\"5715\" data-end=\"5783\">\ud83d\udde3\ufe0f En palabras del concejal <strong data-start=\"5744\" data-end=\"5781\">Francisco Jos\u00e9 Castell\u00f3 Castell\u00f3:<\/strong><\/p>\n<blockquote data-start=\"5784\" data-end=\"6050\">\n<p data-start=\"5786\" data-end=\"6050\">\u201cCon este proyecto, Caudete da un paso definitivo hacia la modernizaci\u00f3n de la gesti\u00f3n de residuos. Apostamos por un modelo limpio, eficiente y justo, con tecnolog\u00eda avanzada y respeto por el entorno, situando a nuestro municipio a la vanguardia medioambiental.\u201d<\/p>\n<\/blockquote>\n<hr data-start=\"6052\" data-end=\"6055\" \/>\n<p data-start=\"6057\" data-end=\"6350\">\ud83d\udc9a <strong data-start=\"6060\" data-end=\"6139\">Caudete es verde y sigue avanzando hacia un futuro m\u00e1s limpio y sostenible.<\/strong><br data-start=\"6139\" data-end=\"6142\" \/>El compromiso del <strong data-start=\"6160\" data-end=\"6199\">Muy Ilustre Ayuntamiento de Caudete<\/strong> es firme: <strong data-start=\"6210\" data-end=\"6276\">mejorar los servicios, cumplir con la ley y cuidar del entorno<\/strong> para garantizar el bienestar presente y futuro de todos los caudetanos.<\/p>\n<p data-start=\"6057\" data-end=\"6350\"><img fetchpriority=\"high\" decoding=\"async\" class=\"alignnone size-medium wp-image-31061\" src=\"https:\/\/www.caudete.org\/ayuntamiento\/wp-content\/uploads\/2025\/10\/600cc3c9-ab92-400f-b871-bbb6c9336fdb-1200x627.jpg\" alt=\"\" width=\"1200\" height=\"627\" srcset=\"https:\/\/www.caudete.org\/ayuntamiento\/wp-content\/uploads\/2025\/10\/600cc3c9-ab92-400f-b871-bbb6c9336fdb-1200x627.jpg 1200w, https:\/\/www.caudete.org\/ayuntamiento\/wp-content\/uploads\/2025\/10\/600cc3c9-ab92-400f-b871-bbb6c9336fdb-350x183.jpg 350w, https:\/\/www.caudete.org\/ayuntamiento\/wp-content\/uploads\/2025\/10\/600cc3c9-ab92-400f-b871-bbb6c9336fdb-768x401.jpg 768w, https:\/\/www.caudete.org\/ayuntamiento\/wp-content\/uploads\/2025\/10\/600cc3c9-ab92-400f-b871-bbb6c9336fdb.jpg 1408w\" sizes=\"(max-width: 1200px) 100vw, 1200px\" \/> <img decoding=\"async\" class=\"alignnone size-medium wp-image-31062\" src=\"https:\/\/www.caudete.org\/ayuntamiento\/wp-content\/uploads\/2025\/10\/ebe142ef-6b96-4721-bb10-fcb962791a97-584x800.jpg\" alt=\"\" width=\"584\" height=\"800\" srcset=\"https:\/\/www.caudete.org\/ayuntamiento\/wp-content\/uploads\/2025\/10\/ebe142ef-6b96-4721-bb10-fcb962791a97-584x800.jpg 584w, https:\/\/www.caudete.org\/ayuntamiento\/wp-content\/uploads\/2025\/10\/ebe142ef-6b96-4721-bb10-fcb962791a97-657x900.jpg 657w, https:\/\/www.caudete.org\/ayuntamiento\/wp-content\/uploads\/2025\/10\/ebe142ef-6b96-4721-bb10-fcb962791a97-161x220.jpg 161w, https:\/\/www.caudete.org\/ayuntamiento\/wp-content\/uploads\/2025\/10\/ebe142ef-6b96-4721-bb10-fcb962791a97-768x1052.jpg 768w, https:\/\/www.caudete.org\/ayuntamiento\/wp-content\/uploads\/2025\/10\/ebe142ef-6b96-4721-bb10-fcb962791a97.jpg 864w\" sizes=\"(max-width: 584px) 100vw, 584px\" \/><\/p>\n","protected":false},"excerpt":{"rendered":"<p>\ud83d\udfe9\u00a0Caudete modernizar\u00e1 su recogida de residuos con contenedores inteligentes y servicio reforzado \ud83d\udcc5 Octubre de 2025TERCER COMUNICADO INFORMATIVO El Muy Ilustre Ayuntamiento de Caudete, a trav\u00e9s de la Concejal\u00eda de Medio Ambiente, publica este tercer comunicado dentro de la campa\u00f1a informativa sobre la modernizaci\u00f3n del sistema municipal de recogida de residuos, con el objetivo de &hellip;<\/p>\n","protected":false},"author":7,"featured_media":31063,"comment_status":"closed","ping_status":"open","sticky":false,"template":"","format":"standard","meta":{"ngg_post_thumbnail":0,"footnotes":""},"categories":[29],"tags":[],"class_list":["post-31060","post","type-post","status-publish","format-standard","has-post-thumbnail","hentry","category-medio-ambiente"],"yoast_head":"<!-- This site is optimized with the Yoast SEO plugin v27.5 - https:\/\/yoast.com\/product\/yoast-seo-wordpress\/ -->\n<title>Caudete avanza hacia un futuro verde con contenedores inteligentes y m\u00e1s servicios - MI Ayuntamiento de Caudete<\/title>\n<meta name=\"description\" content=\"P\u00e1gina Oficial del Ayuntamiento de Caudete (Albacete)\" \/>\n<meta name=\"robots\" content=\"index, follow, max-snippet:-1, max-image-preview:large, max-video-preview:-1\" \/>\n<link rel=\"canonical\" href=\"https:\/\/www.caudete.org\/ayuntamiento\/caudete-avanza-hacia-un-futuro-verde-con-contenedores-inteligentes-y-mas-servicios\/\" \/>\n<meta property=\"og:locale\" content=\"es_ES\" \/>\n<meta property=\"og:type\" content=\"article\" \/>\n<meta property=\"og:title\" content=\"Caudete avanza hacia un futuro verde con contenedores inteligentes y m\u00e1s servicios - MI Ayuntamiento de Caudete\" \/>\n<meta property=\"og:description\" content=\"P\u00e1gina Oficial del Ayuntamiento de Caudete (Albacete)\" \/>\n<meta property=\"og:url\" content=\"https:\/\/www.caudete.org\/ayuntamiento\/caudete-avanza-hacia-un-futuro-verde-con-contenedores-inteligentes-y-mas-servicios\/\" \/>\n<meta property=\"og:site_name\" content=\"MI Ayuntamiento de Caudete\" \/>\n<meta property=\"article:publisher\" content=\"https:\/\/www.facebook.com\/ayuntamientocaudete\/\" \/>\n<meta property=\"article:published_time\" content=\"2025-10-15T10:05:08+00:00\" \/>\n<meta property=\"article:modified_time\" content=\"2025-10-15T13:13:50+00:00\" \/>\n<meta property=\"og:image\" content=\"https:\/\/www.caudete.org\/ayuntamiento\/wp-content\/uploads\/2025\/10\/65c64fd2-411b-4317-8989-d1a581879063.jpg\" \/>\n\t<meta property=\"og:image:width\" content=\"1024\" \/>\n\t<meta property=\"og:image:height\" content=\"1024\" \/>\n\t<meta property=\"og:image:type\" content=\"image\/jpeg\" \/>\n<meta name=\"author\" content=\"ConceMediosComunicacion\" \/>\n<meta name=\"twitter:card\" content=\"summary_large_image\" \/>\n<meta name=\"twitter:label1\" content=\"Escrito por\" \/>\n\t<meta name=\"twitter:data1\" content=\"ConceMediosComunicacion\" \/>\n\t<meta name=\"twitter:label2\" content=\"Tiempo de lectura\" \/>\n\t<meta name=\"twitter:data2\" content=\"5 minutos\" \/>\n<script type=\"application\/ld+json\" class=\"yoast-schema-graph\">{\"@context\":\"https:\\\/\\\/schema.org\",\"@graph\":[{\"@type\":\"Article\",\"@id\":\"https:\\\/\\\/www.caudete.org\\\/ayuntamiento\\\/caudete-avanza-hacia-un-futuro-verde-con-contenedores-inteligentes-y-mas-servicios\\\/#article\",\"isPartOf\":{\"@id\":\"https:\\\/\\\/www.caudete.org\\\/ayuntamiento\\\/caudete-avanza-hacia-un-futuro-verde-con-contenedores-inteligentes-y-mas-servicios\\\/\"},\"author\":{\"name\":\"ConceMediosComunicacion\",\"@id\":\"https:\\\/\\\/www.caudete.org\\\/ayuntamiento\\\/#\\\/schema\\\/person\\\/20dfe238fe5ee9d5f5e69267aa623e05\"},\"headline\":\"Caudete avanza hacia un futuro verde con contenedores inteligentes y m\u00e1s servicios\",\"datePublished\":\"2025-10-15T10:05:08+00:00\",\"dateModified\":\"2025-10-15T13:13:50+00:00\",\"mainEntityOfPage\":{\"@id\":\"https:\\\/\\\/www.caudete.org\\\/ayuntamiento\\\/caudete-avanza-hacia-un-futuro-verde-con-contenedores-inteligentes-y-mas-servicios\\\/\"},\"wordCount\":926,\"image\":{\"@id\":\"https:\\\/\\\/www.caudete.org\\\/ayuntamiento\\\/caudete-avanza-hacia-un-futuro-verde-con-contenedores-inteligentes-y-mas-servicios\\\/#primaryimage\"},\"thumbnailUrl\":\"https:\\\/\\\/www.caudete.org\\\/ayuntamiento\\\/wp-content\\\/uploads\\\/2025\\\/10\\\/65c64fd2-411b-4317-8989-d1a581879063.jpg\",\"articleSection\":[\"Medio Ambiente\"],\"inLanguage\":\"es\"},{\"@type\":\"WebPage\",\"@id\":\"https:\\\/\\\/www.caudete.org\\\/ayuntamiento\\\/caudete-avanza-hacia-un-futuro-verde-con-contenedores-inteligentes-y-mas-servicios\\\/\",\"url\":\"https:\\\/\\\/www.caudete.org\\\/ayuntamiento\\\/caudete-avanza-hacia-un-futuro-verde-con-contenedores-inteligentes-y-mas-servicios\\\/\",\"name\":\"Caudete avanza hacia un futuro verde con contenedores inteligentes y m\u00e1s servicios - MI Ayuntamiento de Caudete\",\"isPartOf\":{\"@id\":\"https:\\\/\\\/www.caudete.org\\\/ayuntamiento\\\/#website\"},\"primaryImageOfPage\":{\"@id\":\"https:\\\/\\\/www.caudete.org\\\/ayuntamiento\\\/caudete-avanza-hacia-un-futuro-verde-con-contenedores-inteligentes-y-mas-servicios\\\/#primaryimage\"},\"image\":{\"@id\":\"https:\\\/\\\/www.caudete.org\\\/ayuntamiento\\\/caudete-avanza-hacia-un-futuro-verde-con-contenedores-inteligentes-y-mas-servicios\\\/#primaryimage\"},\"thumbnailUrl\":\"https:\\\/\\\/www.caudete.org\\\/ayuntamiento\\\/wp-content\\\/uploads\\\/2025\\\/10\\\/65c64fd2-411b-4317-8989-d1a581879063.jpg\",\"datePublished\":\"2025-10-15T10:05:08+00:00\",\"dateModified\":\"2025-10-15T13:13:50+00:00\",\"author\":{\"@id\":\"https:\\\/\\\/www.caudete.org\\\/ayuntamiento\\\/#\\\/schema\\\/person\\\/20dfe238fe5ee9d5f5e69267aa623e05\"},\"description\":\"P\u00e1gina Oficial del Ayuntamiento de Caudete (Albacete)\",\"breadcrumb\":{\"@id\":\"https:\\\/\\\/www.caudete.org\\\/ayuntamiento\\\/caudete-avanza-hacia-un-futuro-verde-con-contenedores-inteligentes-y-mas-servicios\\\/#breadcrumb\"},\"inLanguage\":\"es\",\"potentialAction\":[{\"@type\":\"ReadAction\",\"target\":[\"https:\\\/\\\/www.caudete.org\\\/ayuntamiento\\\/caudete-avanza-hacia-un-futuro-verde-con-contenedores-inteligentes-y-mas-servicios\\\/\"]}]},{\"@type\":\"ImageObject\",\"inLanguage\":\"es\",\"@id\":\"https:\\\/\\\/www.caudete.org\\\/ayuntamiento\\\/caudete-avanza-hacia-un-futuro-verde-con-contenedores-inteligentes-y-mas-servicios\\\/#primaryimage\",\"url\":\"https:\\\/\\\/www.caudete.org\\\/ayuntamiento\\\/wp-content\\\/uploads\\\/2025\\\/10\\\/65c64fd2-411b-4317-8989-d1a581879063.jpg\",\"contentUrl\":\"https:\\\/\\\/www.caudete.org\\\/ayuntamiento\\\/wp-content\\\/uploads\\\/2025\\\/10\\\/65c64fd2-411b-4317-8989-d1a581879063.jpg\",\"width\":1024,\"height\":1024},{\"@type\":\"BreadcrumbList\",\"@id\":\"https:\\\/\\\/www.caudete.org\\\/ayuntamiento\\\/caudete-avanza-hacia-un-futuro-verde-con-contenedores-inteligentes-y-mas-servicios\\\/#breadcrumb\",\"itemListElement\":[{\"@type\":\"ListItem\",\"position\":1,\"name\":\"Inicio\",\"item\":\"https:\\\/\\\/www.caudete.org\\\/ayuntamiento\\\/\"},{\"@type\":\"ListItem\",\"position\":2,\"name\":\"Caudete avanza hacia un futuro verde con contenedores inteligentes y m\u00e1s servicios\"}]},{\"@type\":\"WebSite\",\"@id\":\"https:\\\/\\\/www.caudete.org\\\/ayuntamiento\\\/#website\",\"url\":\"https:\\\/\\\/www.caudete.org\\\/ayuntamiento\\\/\",\"name\":\"MI Ayuntamiento de Caudete\",\"description\":\"P\u00e1gina Oficial del MI Ayuntamiento de Caudete\",\"potentialAction\":[{\"@type\":\"SearchAction\",\"target\":{\"@type\":\"EntryPoint\",\"urlTemplate\":\"https:\\\/\\\/www.caudete.org\\\/ayuntamiento\\\/?s={search_term_string}\"},\"query-input\":{\"@type\":\"PropertyValueSpecification\",\"valueRequired\":true,\"valueName\":\"search_term_string\"}}],\"inLanguage\":\"es\"},{\"@type\":\"Person\",\"@id\":\"https:\\\/\\\/www.caudete.org\\\/ayuntamiento\\\/#\\\/schema\\\/person\\\/20dfe238fe5ee9d5f5e69267aa623e05\",\"name\":\"ConceMediosComunicacion\",\"image\":{\"@type\":\"ImageObject\",\"inLanguage\":\"es\",\"@id\":\"https:\\\/\\\/secure.gravatar.com\\\/avatar\\\/9d162043ba1cd4ab14413e29fdb3655bfccde37e65ca99013604f8d2a19c636d?s=96&d=mm&r=g\",\"url\":\"https:\\\/\\\/secure.gravatar.com\\\/avatar\\\/9d162043ba1cd4ab14413e29fdb3655bfccde37e65ca99013604f8d2a19c636d?s=96&d=mm&r=g\",\"contentUrl\":\"https:\\\/\\\/secure.gravatar.com\\\/avatar\\\/9d162043ba1cd4ab14413e29fdb3655bfccde37e65ca99013604f8d2a19c636d?s=96&d=mm&r=g\",\"caption\":\"ConceMediosComunicacion\"},\"url\":\"https:\\\/\\\/www.caudete.org\\\/ayuntamiento\\\/author\\\/concemedioscomunicacion\\\/\"}]}<\/script>\n<!-- \/ Yoast SEO plugin. -->","yoast_head_json":{"title":"Caudete avanza hacia un futuro verde con contenedores inteligentes y m\u00e1s servicios - MI Ayuntamiento de Caudete","description":"P\u00e1gina Oficial del Ayuntamiento de Caudete (Albacete)","robots":{"index":"index","follow":"follow","max-snippet":"max-snippet:-1","max-image-preview":"max-image-preview:large","max-video-preview":"max-video-preview:-1"},"canonical":"https:\/\/www.caudete.org\/ayuntamiento\/caudete-avanza-hacia-un-futuro-verde-con-contenedores-inteligentes-y-mas-servicios\/","og_locale":"es_ES","og_type":"article","og_title":"Caudete avanza hacia un futuro verde con contenedores inteligentes y m\u00e1s servicios - MI Ayuntamiento de Caudete","og_description":"P\u00e1gina Oficial del Ayuntamiento de Caudete (Albacete)","og_url":"https:\/\/www.caudete.org\/ayuntamiento\/caudete-avanza-hacia-un-futuro-verde-con-contenedores-inteligentes-y-mas-servicios\/","og_site_name":"MI Ayuntamiento de Caudete","article_publisher":"https:\/\/www.facebook.com\/ayuntamientocaudete\/","article_published_time":"2025-10-15T10:05:08+00:00","article_modified_time":"2025-10-15T13:13:50+00:00","og_image":[{"width":1024,"height":1024,"url":"https:\/\/www.caudete.org\/ayuntamiento\/wp-content\/uploads\/2025\/10\/65c64fd2-411b-4317-8989-d1a581879063.jpg","type":"image\/jpeg"}],"author":"ConceMediosComunicacion","twitter_card":"summary_large_image","twitter_misc":{"Escrito por":"ConceMediosComunicacion","Tiempo de lectura":"5 minutos"},"schema":{"@context":"https:\/\/schema.org","@graph":[{"@type":"Article","@id":"https:\/\/www.caudete.org\/ayuntamiento\/caudete-avanza-hacia-un-futuro-verde-con-contenedores-inteligentes-y-mas-servicios\/#article","isPartOf":{"@id":"https:\/\/www.caudete.org\/ayuntamiento\/caudete-avanza-hacia-un-futuro-verde-con-contenedores-inteligentes-y-mas-servicios\/"},"author":{"name":"ConceMediosComunicacion","@id":"https:\/\/www.caudete.org\/ayuntamiento\/#\/schema\/person\/20dfe238fe5ee9d5f5e69267aa623e05"},"headline":"Caudete avanza hacia un futuro verde con contenedores inteligentes y m\u00e1s servicios","datePublished":"2025-10-15T10:05:08+00:00","dateModified":"2025-10-15T13:13:50+00:00","mainEntityOfPage":{"@id":"https:\/\/www.caudete.org\/ayuntamiento\/caudete-avanza-hacia-un-futuro-verde-con-contenedores-inteligentes-y-mas-servicios\/"},"wordCount":926,"image":{"@id":"https:\/\/www.caudete.org\/ayuntamiento\/caudete-avanza-hacia-un-futuro-verde-con-contenedores-inteligentes-y-mas-servicios\/#primaryimage"},"thumbnailUrl":"https:\/\/www.caudete.org\/ayuntamiento\/wp-content\/uploads\/2025\/10\/65c64fd2-411b-4317-8989-d1a581879063.jpg","articleSection":["Medio Ambiente"],"inLanguage":"es"},{"@type":"WebPage","@id":"https:\/\/www.caudete.org\/ayuntamiento\/caudete-avanza-hacia-un-futuro-verde-con-contenedores-inteligentes-y-mas-servicios\/","url":"https:\/\/www.caudete.org\/ayuntamiento\/caudete-avanza-hacia-un-futuro-verde-con-contenedores-inteligentes-y-mas-servicios\/","name":"Caudete avanza hacia un futuro verde con contenedores inteligentes y m\u00e1s servicios - MI Ayuntamiento de Caudete","isPartOf":{"@id":"https:\/\/www.caudete.org\/ayuntamiento\/#website"},"primaryImageOfPage":{"@id":"https:\/\/www.caudete.org\/ayuntamiento\/caudete-avanza-hacia-un-futuro-verde-con-contenedores-inteligentes-y-mas-servicios\/#primaryimage"},"image":{"@id":"https:\/\/www.caudete.org\/ayuntamiento\/caudete-avanza-hacia-un-futuro-verde-con-contenedores-inteligentes-y-mas-servicios\/#primaryimage"},"thumbnailUrl":"https:\/\/www.caudete.org\/ayuntamiento\/wp-content\/uploads\/2025\/10\/65c64fd2-411b-4317-8989-d1a581879063.jpg","datePublished":"2025-10-15T10:05:08+00:00","dateModified":"2025-10-15T13:13:50+00:00","author":{"@id":"https:\/\/www.caudete.org\/ayuntamiento\/#\/schema\/person\/20dfe238fe5ee9d5f5e69267aa623e05"},"description":"P\u00e1gina Oficial del Ayuntamiento de Caudete (Albacete)","breadcrumb":{"@id":"https:\/\/www.caudete.org\/ayuntamiento\/caudete-avanza-hacia-un-futuro-verde-con-contenedores-inteligentes-y-mas-servicios\/#breadcrumb"},"inLanguage":"es","potentialAction":[{"@type":"ReadAction","target":["https:\/\/www.caudete.org\/ayuntamiento\/caudete-avanza-hacia-un-futuro-verde-con-contenedores-inteligentes-y-mas-servicios\/"]}]},{"@type":"ImageObject","inLanguage":"es","@id":"https:\/\/www.caudete.org\/ayuntamiento\/caudete-avanza-hacia-un-futuro-verde-con-contenedores-inteligentes-y-mas-servicios\/#primaryimage","url":"https:\/\/www.caudete.org\/ayuntamiento\/wp-content\/uploads\/2025\/10\/65c64fd2-411b-4317-8989-d1a581879063.jpg","contentUrl":"https:\/\/www.caudete.org\/ayuntamiento\/wp-content\/uploads\/2025\/10\/65c64fd2-411b-4317-8989-d1a581879063.jpg","width":1024,"height":1024},{"@type":"BreadcrumbList","@id":"https:\/\/www.caudete.org\/ayuntamiento\/caudete-avanza-hacia-un-futuro-verde-con-contenedores-inteligentes-y-mas-servicios\/#breadcrumb","itemListElement":[{"@type":"ListItem","position":1,"name":"Inicio","item":"https:\/\/www.caudete.org\/ayuntamiento\/"},{"@type":"ListItem","position":2,"name":"Caudete avanza hacia un futuro verde con contenedores inteligentes y m\u00e1s servicios"}]},{"@type":"WebSite","@id":"https:\/\/www.caudete.org\/ayuntamiento\/#website","url":"https:\/\/www.caudete.org\/ayuntamiento\/","name":"MI Ayuntamiento de Caudete","description":"P\u00e1gina Oficial del MI Ayuntamiento de Caudete","potentialAction":[{"@type":"SearchAction","target":{"@type":"EntryPoint","urlTemplate":"https:\/\/www.caudete.org\/ayuntamiento\/?s={search_term_string}"},"query-input":{"@type":"PropertyValueSpecification","valueRequired":true,"valueName":"search_term_string"}}],"inLanguage":"es"},{"@type":"Person","@id":"https:\/\/www.caudete.org\/ayuntamiento\/#\/schema\/person\/20dfe238fe5ee9d5f5e69267aa623e05","name":"ConceMediosComunicacion","image":{"@type":"ImageObject","inLanguage":"es","@id":"https:\/\/secure.gravatar.com\/avatar\/9d162043ba1cd4ab14413e29fdb3655bfccde37e65ca99013604f8d2a19c636d?s=96&d=mm&r=g","url":"https:\/\/secure.gravatar.com\/avatar\/9d162043ba1cd4ab14413e29fdb3655bfccde37e65ca99013604f8d2a19c636d?s=96&d=mm&r=g","contentUrl":"https:\/\/secure.gravatar.com\/avatar\/9d162043ba1cd4ab14413e29fdb3655bfccde37e65ca99013604f8d2a19c636d?s=96&d=mm&r=g","caption":"ConceMediosComunicacion"},"url":"https:\/\/www.caudete.org\/ayuntamiento\/author\/concemedioscomunicacion\/"}]}},"_links":{"self":[{"href":"https:\/\/www.caudete.org\/ayuntamiento\/wp-json\/wp\/v2\/posts\/31060","targetHints":{"allow":["GET"]}}],"collection":[{"href":"https:\/\/www.caudete.org\/ayuntamiento\/wp-json\/wp\/v2\/posts"}],"about":[{"href":"https:\/\/www.caudete.org\/ayuntamiento\/wp-json\/wp\/v2\/types\/post"}],"author":[{"embeddable":true,"href":"https:\/\/www.caudete.org\/ayuntamiento\/wp-json\/wp\/v2\/users\/7"}],"replies":[{"embeddable":true,"href":"https:\/\/www.caudete.org\/ayuntamiento\/wp-json\/wp\/v2\/comments?post=31060"}],"version-history":[{"count":5,"href":"https:\/\/www.caudete.org\/ayuntamiento\/wp-json\/wp\/v2\/posts\/31060\/revisions"}],"predecessor-version":[{"id":31091,"href":"https:\/\/www.caudete.org\/ayuntamiento\/wp-json\/wp\/v2\/posts\/31060\/revisions\/31091"}],"wp:featuredmedia":[{"embeddable":true,"href":"https:\/\/www.caudete.org\/ayuntamiento\/wp-json\/wp\/v2\/media\/31063"}],"wp:attachment":[{"href":"https:\/\/www.caudete.org\/ayuntamiento\/wp-json\/wp\/v2\/media?parent=31060"}],"wp:term":[{"taxonomy":"category","embeddable":true,"href":"https:\/\/www.caudete.org\/ayuntamiento\/wp-json\/wp\/v2\/categories?post=31060"},{"taxonomy":"post_tag","embeddable":true,"href":"https:\/\/www.caudete.org\/ayuntamiento\/wp-json\/wp\/v2\/tags?post=31060"}],"curies":[{"name":"wp","href":"https:\/\/api.w.org\/{rel}","templated":true}]}}