{"id":31094,"date":"2025-10-16T11:52:11","date_gmt":"2025-10-16T09:52:11","guid":{"rendered":"https:\/\/www.caudete.org\/ayuntamiento\/?p=31094"},"modified":"2025-10-16T14:07:42","modified_gmt":"2025-10-16T12:07:42","slug":"san-miguel-2025-ilusion-y-colaboracion","status":"publish","type":"post","link":"https:\/\/www.caudete.org\/ayuntamiento\/san-miguel-2025-ilusion-y-colaboracion\/","title":{"rendered":"San Miguel 2025: &#8220;Ilusi\u00f3n y colaboraci\u00f3n\u201d"},"content":{"rendered":"<p class=\"western\" lang=\"es-ES-u-co-trad\" align=\"left\"><span style=\"font-size: medium;\"><span lang=\"es-ES\">El <\/span><span lang=\"es-ES\"><b>Muy Ilustre Ayuntamiento de Caudete<\/b><\/span><span lang=\"es-ES\"> celebra este a\u00f1o la Feria de San Miguel \u201cSiglo de Oro\u201d con importantes novedades, no solo en su programaci\u00f3n, sino tambi\u00e9n en su modelo de <\/span><span lang=\"es-ES\"><b>gesti\u00f3n y financiaci\u00f3n<\/b><\/span><span lang=\"es-ES\">.<\/span><\/span><\/p>\n<p class=\"western\" lang=\"es-ES-u-co-trad\" align=\"left\"><span style=\"font-size: medium;\"><span lang=\"es-ES\">Si en la edici\u00f3n anterior, 2023, la feria cont\u00f3 con el patrocinio principal de <\/span><span lang=\"es-ES\"><i>Monte Ib\u00e9rico\u2013Corredor de Almansa<\/i><\/span><span lang=\"es-ES\">, en esta ocasi\u00f3n es fruto de la <\/span><span lang=\"es-ES\"><b>gesti\u00f3n directa del equipo de Gobierno<\/b><\/span><span lang=\"es-ES\">, que ha sabido <\/span><span lang=\"es-ES\"><b>unir recur<\/b><\/span><span lang=\"es-ES\"><b>sos, \u00e1reas y esfuerzos<\/b><\/span><span lang=\"es-ES\"> para hacer posible un evento que mantenga su esencia, <\/span><span lang=\"es-ES\">para el disfrute de todos los vecinos d<\/span><span lang=\"es-ES\">el municipio.<\/span><\/span><\/p>\n<p class=\"western\" lang=\"es-ES-u-co-trad\" align=\"left\"><span style=\"font-size: medium;\"><span lang=\"es-ES\">Desde la Concejal\u00eda de Hacienda se destaca que esta feria es el <\/span><span lang=\"es-ES\"><b>resultado del trabajo conjunto de distintas concejal\u00edas y servicios municipales<\/b><\/span><span lang=\"es-ES\">: Urbanismo y Obras, Servicios Sociales, Juventud con su ludoteca, el tejido asociativo, el trabajo artesanal y creativo de <\/span><span lang=\"es-ES\"><i>La Fragua de Vulcano<\/i><\/span><span lang=\"es-ES\">, los equipos t\u00e9cnicos de Turismo y Consumo, y los servicios de limpieza.<\/span><\/span><\/p>\n<p class=\"western\" lang=\"es-ES-u-co-trad\" align=\"left\"><span style=\"font-size: medium;\"><span lang=\"es-ES\">Como <\/span><span lang=\"es-ES\"><b>novedad especial<\/b><\/span><span lang=\"es-ES\">, se agradece a <\/span><span lang=\"es-ES\"><b>Pirotecnia del Mediterr\u00e1neo<\/b><\/span><span lang=\"es-ES\">, empresa caudetana, haber elegido a su pueblo natal para <\/span><span lang=\"es-ES\"><b>estrenar su nuevo cat\u00e1logo pirot\u00e9cnico 2026<\/b><\/span><span lang=\"es-ES\">, y a la <\/span><span lang=\"es-ES\"><b>Concejal\u00eda de Fiestas<\/b><\/span><span lang=\"es-ES\"> por hacerlo posible. <\/span>Este espect\u00e1culo se ofrece <strong>de forma totalmente gratuita <\/strong><strong>cortes\u00eda de la empresa<\/strong> <strong>para <\/strong><strong>todo el pueblo de Caudete<\/strong>.<\/span><\/p>\n<p class=\"western\" lang=\"es-ES-u-co-trad\" align=\"left\"><span style=\"font-size: medium;\"><span lang=\"es-ES\">Esta edici\u00f3n excepcional de la Feria de San Miguel refleja el <\/span><span lang=\"es-ES\"><b>compromiso del actual equipo de Gobierno con una gesti\u00f3n responsable y con la optimizaci\u00f3n de los recursos p\u00fablicos<\/b><\/span><span lang=\"es-ES\">. No se ha malgastado ni un euro: al contrario, se ha trabajado para <\/span><span lang=\"es-ES\"><b>multiplicar el valor de cada aportaci\u00f3n<\/b><\/span><span lang=\"es-ES\"> y ofrecer a los caudetanos una feria que <\/span><span lang=\"es-ES\"><b>fomente el consumo local, impulse el turismo y ponga en valor el patrimonio cultural de nuestro pueblo<\/b><\/span><span lang=\"es-ES\">.<\/span><\/span><\/p>\n<p class=\"western\" lang=\"es-ES-u-co-trad\" align=\"left\"><span style=\"font-size: medium;\"><span lang=\"es-ES\">El objetivo es claro: <\/span><span lang=\"es-ES\"><b>apoyar la econom\u00eda caudetana, dinamizar nuestras calles y reforzar el sentimiento de pertenencia a una comunidad viva y participativa<\/b><\/span><span lang=\"es-ES\">, donde la colaboraci\u00f3n entre vecinos, asociaciones y \u00e1reas municipales sea el verdadero motor del progreso.<\/span><\/span><\/p>\n<p class=\"western\" lang=\"es-ES-u-co-trad\" align=\"left\"><span style=\"font-size: medium;\"><span lang=\"es-ES\">Aunque no siempre ser\u00e1 posible mantener este mismo formato por motivos presupuestarios, esta Feria de San Miguel representa un <\/span><span lang=\"es-ES\"><b>ejemplo de cooperaci\u00f3n, planificaci\u00f3n y compromiso con Caudete<\/b><\/span><span lang=\"es-ES\">.<\/span><\/span><\/p>\n","protected":false},"excerpt":{"rendered":"<p>El Muy Ilustre Ayuntamiento de Caudete celebra este a\u00f1o la Feria de San Miguel \u201cSiglo de Oro\u201d con importantes novedades, no solo en su programaci\u00f3n, sino tambi\u00e9n en su modelo de gesti\u00f3n y financiaci\u00f3n. Si en la edici\u00f3n anterior, 2023, la feria cont\u00f3 con el patrocinio principal de Monte Ib\u00e9rico\u2013Corredor de Almansa, en esta ocasi\u00f3n &hellip;<\/p>\n","protected":false},"author":7,"featured_media":31097,"comment_status":"closed","ping_status":"open","sticky":false,"template":"","format":"standard","meta":{"ngg_post_thumbnail":0,"footnotes":""},"categories":[20],"tags":[],"class_list":["post-31094","post","type-post","status-publish","format-standard","has-post-thumbnail","hentry","category-ayuntamiento"],"yoast_head":"<!-- This site is optimized with the Yoast SEO plugin v27.5 - https:\/\/yoast.com\/product\/yoast-seo-wordpress\/ -->\n<title>San Miguel 2025: &quot;Ilusi\u00f3n y colaboraci\u00f3n\u201d - MI Ayuntamiento de Caudete<\/title>\n<meta name=\"description\" content=\"P\u00e1gina Oficial del Ayuntamiento de Caudete (Albacete)\" \/>\n<meta name=\"robots\" content=\"index, follow, max-snippet:-1, max-image-preview:large, max-video-preview:-1\" \/>\n<link rel=\"canonical\" href=\"https:\/\/www.caudete.org\/ayuntamiento\/san-miguel-2025-ilusion-y-colaboracion\/\" \/>\n<meta property=\"og:locale\" content=\"es_ES\" \/>\n<meta property=\"og:type\" content=\"article\" \/>\n<meta property=\"og:title\" content=\"San Miguel 2025: &quot;Ilusi\u00f3n y colaboraci\u00f3n\u201d - MI Ayuntamiento de Caudete\" \/>\n<meta property=\"og:description\" content=\"P\u00e1gina Oficial del Ayuntamiento de Caudete (Albacete)\" \/>\n<meta property=\"og:url\" content=\"https:\/\/www.caudete.org\/ayuntamiento\/san-miguel-2025-ilusion-y-colaboracion\/\" \/>\n<meta property=\"og:site_name\" content=\"MI Ayuntamiento de Caudete\" \/>\n<meta property=\"article:publisher\" content=\"https:\/\/www.facebook.com\/ayuntamientocaudete\/\" \/>\n<meta property=\"article:published_time\" content=\"2025-10-16T09:52:11+00:00\" \/>\n<meta property=\"article:modified_time\" content=\"2025-10-16T12:07:42+00:00\" \/>\n<meta property=\"og:image\" content=\"https:\/\/www.caudete.org\/ayuntamiento\/wp-content\/uploads\/2025\/10\/SaludaSanMiguel.jpg\" \/>\n\t<meta property=\"og:image:width\" content=\"1050\" \/>\n\t<meta property=\"og:image:height\" content=\"462\" \/>\n\t<meta property=\"og:image:type\" content=\"image\/jpeg\" \/>\n<meta name=\"author\" content=\"ConceMediosComunicacion\" \/>\n<meta name=\"twitter:card\" content=\"summary_large_image\" \/>\n<meta name=\"twitter:label1\" content=\"Escrito por\" \/>\n\t<meta name=\"twitter:data1\" content=\"ConceMediosComunicacion\" \/>\n\t<meta name=\"twitter:label2\" content=\"Tiempo de lectura\" \/>\n\t<meta name=\"twitter:data2\" content=\"2 minutos\" \/>\n<script type=\"application\/ld+json\" class=\"yoast-schema-graph\">{\"@context\":\"https:\\\/\\\/schema.org\",\"@graph\":[{\"@type\":\"Article\",\"@id\":\"https:\\\/\\\/www.caudete.org\\\/ayuntamiento\\\/san-miguel-2025-ilusion-y-colaboracion\\\/#article\",\"isPartOf\":{\"@id\":\"https:\\\/\\\/www.caudete.org\\\/ayuntamiento\\\/san-miguel-2025-ilusion-y-colaboracion\\\/\"},\"author\":{\"name\":\"ConceMediosComunicacion\",\"@id\":\"https:\\\/\\\/www.caudete.org\\\/ayuntamiento\\\/#\\\/schema\\\/person\\\/20dfe238fe5ee9d5f5e69267aa623e05\"},\"headline\":\"San Miguel 2025: &#8220;Ilusi\u00f3n y colaboraci\u00f3n\u201d\",\"datePublished\":\"2025-10-16T09:52:11+00:00\",\"dateModified\":\"2025-10-16T12:07:42+00:00\",\"mainEntityOfPage\":{\"@id\":\"https:\\\/\\\/www.caudete.org\\\/ayuntamiento\\\/san-miguel-2025-ilusion-y-colaboracion\\\/\"},\"wordCount\":371,\"image\":{\"@id\":\"https:\\\/\\\/www.caudete.org\\\/ayuntamiento\\\/san-miguel-2025-ilusion-y-colaboracion\\\/#primaryimage\"},\"thumbnailUrl\":\"https:\\\/\\\/www.caudete.org\\\/ayuntamiento\\\/wp-content\\\/uploads\\\/2025\\\/10\\\/SaludaSanMiguel.jpg\",\"articleSection\":[\"Ayuntamiento\"],\"inLanguage\":\"es\"},{\"@type\":\"WebPage\",\"@id\":\"https:\\\/\\\/www.caudete.org\\\/ayuntamiento\\\/san-miguel-2025-ilusion-y-colaboracion\\\/\",\"url\":\"https:\\\/\\\/www.caudete.org\\\/ayuntamiento\\\/san-miguel-2025-ilusion-y-colaboracion\\\/\",\"name\":\"San Miguel 2025: \\\"Ilusi\u00f3n y colaboraci\u00f3n\u201d - MI Ayuntamiento de Caudete\",\"isPartOf\":{\"@id\":\"https:\\\/\\\/www.caudete.org\\\/ayuntamiento\\\/#website\"},\"primaryImageOfPage\":{\"@id\":\"https:\\\/\\\/www.caudete.org\\\/ayuntamiento\\\/san-miguel-2025-ilusion-y-colaboracion\\\/#primaryimage\"},\"image\":{\"@id\":\"https:\\\/\\\/www.caudete.org\\\/ayuntamiento\\\/san-miguel-2025-ilusion-y-colaboracion\\\/#primaryimage\"},\"thumbnailUrl\":\"https:\\\/\\\/www.caudete.org\\\/ayuntamiento\\\/wp-content\\\/uploads\\\/2025\\\/10\\\/SaludaSanMiguel.jpg\",\"datePublished\":\"2025-10-16T09:52:11+00:00\",\"dateModified\":\"2025-10-16T12:07:42+00:00\",\"author\":{\"@id\":\"https:\\\/\\\/www.caudete.org\\\/ayuntamiento\\\/#\\\/schema\\\/person\\\/20dfe238fe5ee9d5f5e69267aa623e05\"},\"description\":\"P\u00e1gina Oficial del Ayuntamiento de Caudete (Albacete)\",\"breadcrumb\":{\"@id\":\"https:\\\/\\\/www.caudete.org\\\/ayuntamiento\\\/san-miguel-2025-ilusion-y-colaboracion\\\/#breadcrumb\"},\"inLanguage\":\"es\",\"potentialAction\":[{\"@type\":\"ReadAction\",\"target\":[\"https:\\\/\\\/www.caudete.org\\\/ayuntamiento\\\/san-miguel-2025-ilusion-y-colaboracion\\\/\"]}]},{\"@type\":\"ImageObject\",\"inLanguage\":\"es\",\"@id\":\"https:\\\/\\\/www.caudete.org\\\/ayuntamiento\\\/san-miguel-2025-ilusion-y-colaboracion\\\/#primaryimage\",\"url\":\"https:\\\/\\\/www.caudete.org\\\/ayuntamiento\\\/wp-content\\\/uploads\\\/2025\\\/10\\\/SaludaSanMiguel.jpg\",\"contentUrl\":\"https:\\\/\\\/www.caudete.org\\\/ayuntamiento\\\/wp-content\\\/uploads\\\/2025\\\/10\\\/SaludaSanMiguel.jpg\",\"width\":1050,\"height\":462},{\"@type\":\"BreadcrumbList\",\"@id\":\"https:\\\/\\\/www.caudete.org\\\/ayuntamiento\\\/san-miguel-2025-ilusion-y-colaboracion\\\/#breadcrumb\",\"itemListElement\":[{\"@type\":\"ListItem\",\"position\":1,\"name\":\"Inicio\",\"item\":\"https:\\\/\\\/www.caudete.org\\\/ayuntamiento\\\/\"},{\"@type\":\"ListItem\",\"position\":2,\"name\":\"San Miguel 2025: &#8220;Ilusi\u00f3n y colaboraci\u00f3n\u201d\"}]},{\"@type\":\"WebSite\",\"@id\":\"https:\\\/\\\/www.caudete.org\\\/ayuntamiento\\\/#website\",\"url\":\"https:\\\/\\\/www.caudete.org\\\/ayuntamiento\\\/\",\"name\":\"MI Ayuntamiento de Caudete\",\"description\":\"P\u00e1gina Oficial del MI Ayuntamiento de Caudete\",\"potentialAction\":[{\"@type\":\"SearchAction\",\"target\":{\"@type\":\"EntryPoint\",\"urlTemplate\":\"https:\\\/\\\/www.caudete.org\\\/ayuntamiento\\\/?s={search_term_string}\"},\"query-input\":{\"@type\":\"PropertyValueSpecification\",\"valueRequired\":true,\"valueName\":\"search_term_string\"}}],\"inLanguage\":\"es\"},{\"@type\":\"Person\",\"@id\":\"https:\\\/\\\/www.caudete.org\\\/ayuntamiento\\\/#\\\/schema\\\/person\\\/20dfe238fe5ee9d5f5e69267aa623e05\",\"name\":\"ConceMediosComunicacion\",\"image\":{\"@type\":\"ImageObject\",\"inLanguage\":\"es\",\"@id\":\"https:\\\/\\\/secure.gravatar.com\\\/avatar\\\/9d162043ba1cd4ab14413e29fdb3655bfccde37e65ca99013604f8d2a19c636d?s=96&d=mm&r=g\",\"url\":\"https:\\\/\\\/secure.gravatar.com\\\/avatar\\\/9d162043ba1cd4ab14413e29fdb3655bfccde37e65ca99013604f8d2a19c636d?s=96&d=mm&r=g\",\"contentUrl\":\"https:\\\/\\\/secure.gravatar.com\\\/avatar\\\/9d162043ba1cd4ab14413e29fdb3655bfccde37e65ca99013604f8d2a19c636d?s=96&d=mm&r=g\",\"caption\":\"ConceMediosComunicacion\"},\"url\":\"https:\\\/\\\/www.caudete.org\\\/ayuntamiento\\\/author\\\/concemedioscomunicacion\\\/\"}]}<\/script>\n<!-- \/ Yoast SEO plugin. -->","yoast_head_json":{"title":"San Miguel 2025: \"Ilusi\u00f3n y colaboraci\u00f3n\u201d - MI Ayuntamiento de Caudete","description":"P\u00e1gina Oficial del Ayuntamiento de Caudete (Albacete)","robots":{"index":"index","follow":"follow","max-snippet":"max-snippet:-1","max-image-preview":"max-image-preview:large","max-video-preview":"max-video-preview:-1"},"canonical":"https:\/\/www.caudete.org\/ayuntamiento\/san-miguel-2025-ilusion-y-colaboracion\/","og_locale":"es_ES","og_type":"article","og_title":"San Miguel 2025: \"Ilusi\u00f3n y colaboraci\u00f3n\u201d - MI Ayuntamiento de Caudete","og_description":"P\u00e1gina Oficial del Ayuntamiento de Caudete (Albacete)","og_url":"https:\/\/www.caudete.org\/ayuntamiento\/san-miguel-2025-ilusion-y-colaboracion\/","og_site_name":"MI Ayuntamiento de Caudete","article_publisher":"https:\/\/www.facebook.com\/ayuntamientocaudete\/","article_published_time":"2025-10-16T09:52:11+00:00","article_modified_time":"2025-10-16T12:07:42+00:00","og_image":[{"width":1050,"height":462,"url":"https:\/\/www.caudete.org\/ayuntamiento\/wp-content\/uploads\/2025\/10\/SaludaSanMiguel.jpg","type":"image\/jpeg"}],"author":"ConceMediosComunicacion","twitter_card":"summary_large_image","twitter_misc":{"Escrito por":"ConceMediosComunicacion","Tiempo de lectura":"2 minutos"},"schema":{"@context":"https:\/\/schema.org","@graph":[{"@type":"Article","@id":"https:\/\/www.caudete.org\/ayuntamiento\/san-miguel-2025-ilusion-y-colaboracion\/#article","isPartOf":{"@id":"https:\/\/www.caudete.org\/ayuntamiento\/san-miguel-2025-ilusion-y-colaboracion\/"},"author":{"name":"ConceMediosComunicacion","@id":"https:\/\/www.caudete.org\/ayuntamiento\/#\/schema\/person\/20dfe238fe5ee9d5f5e69267aa623e05"},"headline":"San Miguel 2025: &#8220;Ilusi\u00f3n y colaboraci\u00f3n\u201d","datePublished":"2025-10-16T09:52:11+00:00","dateModified":"2025-10-16T12:07:42+00:00","mainEntityOfPage":{"@id":"https:\/\/www.caudete.org\/ayuntamiento\/san-miguel-2025-ilusion-y-colaboracion\/"},"wordCount":371,"image":{"@id":"https:\/\/www.caudete.org\/ayuntamiento\/san-miguel-2025-ilusion-y-colaboracion\/#primaryimage"},"thumbnailUrl":"https:\/\/www.caudete.org\/ayuntamiento\/wp-content\/uploads\/2025\/10\/SaludaSanMiguel.jpg","articleSection":["Ayuntamiento"],"inLanguage":"es"},{"@type":"WebPage","@id":"https:\/\/www.caudete.org\/ayuntamiento\/san-miguel-2025-ilusion-y-colaboracion\/","url":"https:\/\/www.caudete.org\/ayuntamiento\/san-miguel-2025-ilusion-y-colaboracion\/","name":"San Miguel 2025: \"Ilusi\u00f3n y colaboraci\u00f3n\u201d - MI Ayuntamiento de Caudete","isPartOf":{"@id":"https:\/\/www.caudete.org\/ayuntamiento\/#website"},"primaryImageOfPage":{"@id":"https:\/\/www.caudete.org\/ayuntamiento\/san-miguel-2025-ilusion-y-colaboracion\/#primaryimage"},"image":{"@id":"https:\/\/www.caudete.org\/ayuntamiento\/san-miguel-2025-ilusion-y-colaboracion\/#primaryimage"},"thumbnailUrl":"https:\/\/www.caudete.org\/ayuntamiento\/wp-content\/uploads\/2025\/10\/SaludaSanMiguel.jpg","datePublished":"2025-10-16T09:52:11+00:00","dateModified":"2025-10-16T12:07:42+00:00","author":{"@id":"https:\/\/www.caudete.org\/ayuntamiento\/#\/schema\/person\/20dfe238fe5ee9d5f5e69267aa623e05"},"description":"P\u00e1gina Oficial del Ayuntamiento de Caudete (Albacete)","breadcrumb":{"@id":"https:\/\/www.caudete.org\/ayuntamiento\/san-miguel-2025-ilusion-y-colaboracion\/#breadcrumb"},"inLanguage":"es","potentialAction":[{"@type":"ReadAction","target":["https:\/\/www.caudete.org\/ayuntamiento\/san-miguel-2025-ilusion-y-colaboracion\/"]}]},{"@type":"ImageObject","inLanguage":"es","@id":"https:\/\/www.caudete.org\/ayuntamiento\/san-miguel-2025-ilusion-y-colaboracion\/#primaryimage","url":"https:\/\/www.caudete.org\/ayuntamiento\/wp-content\/uploads\/2025\/10\/SaludaSanMiguel.jpg","contentUrl":"https:\/\/www.caudete.org\/ayuntamiento\/wp-content\/uploads\/2025\/10\/SaludaSanMiguel.jpg","width":1050,"height":462},{"@type":"BreadcrumbList","@id":"https:\/\/www.caudete.org\/ayuntamiento\/san-miguel-2025-ilusion-y-colaboracion\/#breadcrumb","itemListElement":[{"@type":"ListItem","position":1,"name":"Inicio","item":"https:\/\/www.caudete.org\/ayuntamiento\/"},{"@type":"ListItem","position":2,"name":"San Miguel 2025: &#8220;Ilusi\u00f3n y colaboraci\u00f3n\u201d"}]},{"@type":"WebSite","@id":"https:\/\/www.caudete.org\/ayuntamiento\/#website","url":"https:\/\/www.caudete.org\/ayuntamiento\/","name":"MI Ayuntamiento de Caudete","description":"P\u00e1gina Oficial del MI Ayuntamiento de Caudete","potentialAction":[{"@type":"SearchAction","target":{"@type":"EntryPoint","urlTemplate":"https:\/\/www.caudete.org\/ayuntamiento\/?s={search_term_string}"},"query-input":{"@type":"PropertyValueSpecification","valueRequired":true,"valueName":"search_term_string"}}],"inLanguage":"es"},{"@type":"Person","@id":"https:\/\/www.caudete.org\/ayuntamiento\/#\/schema\/person\/20dfe238fe5ee9d5f5e69267aa623e05","name":"ConceMediosComunicacion","image":{"@type":"ImageObject","inLanguage":"es","@id":"https:\/\/secure.gravatar.com\/avatar\/9d162043ba1cd4ab14413e29fdb3655bfccde37e65ca99013604f8d2a19c636d?s=96&d=mm&r=g","url":"https:\/\/secure.gravatar.com\/avatar\/9d162043ba1cd4ab14413e29fdb3655bfccde37e65ca99013604f8d2a19c636d?s=96&d=mm&r=g","contentUrl":"https:\/\/secure.gravatar.com\/avatar\/9d162043ba1cd4ab14413e29fdb3655bfccde37e65ca99013604f8d2a19c636d?s=96&d=mm&r=g","caption":"ConceMediosComunicacion"},"url":"https:\/\/www.caudete.org\/ayuntamiento\/author\/concemedioscomunicacion\/"}]}},"_links":{"self":[{"href":"https:\/\/www.caudete.org\/ayuntamiento\/wp-json\/wp\/v2\/posts\/31094","targetHints":{"allow":["GET"]}}],"collection":[{"href":"https:\/\/www.caudete.org\/ayuntamiento\/wp-json\/wp\/v2\/posts"}],"about":[{"href":"https:\/\/www.caudete.org\/ayuntamiento\/wp-json\/wp\/v2\/types\/post"}],"author":[{"embeddable":true,"href":"https:\/\/www.caudete.org\/ayuntamiento\/wp-json\/wp\/v2\/users\/7"}],"replies":[{"embeddable":true,"href":"https:\/\/www.caudete.org\/ayuntamiento\/wp-json\/wp\/v2\/comments?post=31094"}],"version-history":[{"count":4,"href":"https:\/\/www.caudete.org\/ayuntamiento\/wp-json\/wp\/v2\/posts\/31094\/revisions"}],"predecessor-version":[{"id":31100,"href":"https:\/\/www.caudete.org\/ayuntamiento\/wp-json\/wp\/v2\/posts\/31094\/revisions\/31100"}],"wp:featuredmedia":[{"embeddable":true,"href":"https:\/\/www.caudete.org\/ayuntamiento\/wp-json\/wp\/v2\/media\/31097"}],"wp:attachment":[{"href":"https:\/\/www.caudete.org\/ayuntamiento\/wp-json\/wp\/v2\/media?parent=31094"}],"wp:term":[{"taxonomy":"category","embeddable":true,"href":"https:\/\/www.caudete.org\/ayuntamiento\/wp-json\/wp\/v2\/categories?post=31094"},{"taxonomy":"post_tag","embeddable":true,"href":"https:\/\/www.caudete.org\/ayuntamiento\/wp-json\/wp\/v2\/tags?post=31094"}],"curies":[{"name":"wp","href":"https:\/\/api.w.org\/{rel}","templated":true}]}}