{"id":31106,"date":"2025-10-17T09:10:39","date_gmt":"2025-10-17T07:10:39","guid":{"rendered":"https:\/\/www.caudete.org\/ayuntamiento\/?p=31106"},"modified":"2025-10-17T14:19:14","modified_gmt":"2025-10-17T12:19:14","slug":"acondicionamiento-colector-calle-san-joaquin","status":"publish","type":"post","link":"https:\/\/www.caudete.org\/ayuntamiento\/acondicionamiento-colector-calle-san-joaquin\/","title":{"rendered":"Acondicionamiento colector calle San Joaqu\u00edn"},"content":{"rendered":"<p style=\"text-align: justify;\">Hace algo m\u00e1s de un a\u00f1o me enter\u00e9 de un problema que sufr\u00edan unos vecinos en la confrontaci\u00f3n de la calle S. Joaqu\u00edn con la calle S. Juan. Me dijeron que el problema ven\u00eda de a\u00f1os y que, cada vez que llov\u00eda medianamente bien, el agua les sal\u00eda por los v\u00e1teres y duchas. En cuanto tuve un momento me acerque con los t\u00e9cnicos Municipales correspondientes, levantamos var\u00edas tapas de alcantarillado y descubrimos que hab\u00edan tubos de diferentes medidas, desde arriba ven\u00eda un colector de 250mm de di\u00e1metro y unos 20mt antes de entroncar con la calle S. Juan el tubo era de 200mm de di\u00e1metro y, a partir de ah\u00ed continuaba de 250mm.<br \/>\nEsto provocaba un embudo que hac\u00eda que en d\u00edas de lluvia abundante, retuviese el agua y provocase los desbordamientos antes mencionados.<br \/>\nComentar tambi\u00e9n que, al abrir la zanja se descubri\u00f3 que una acometida del desag\u00fce de una casa no estaba conectada al colector, lo que provocaba que el terreno siempre estuviese blando y se produjesen hundimientos en la calle.<br \/>\nEn definitiva, gracias a esta actuaci\u00f3n vamos a resolver varios problemas y a mejorar la calidad de vida de unos cuantos vecinos.<br \/>\nA modo de informaci\u00f3n quiero decir que, la mayor\u00eda del pueblo tiene los colectores (tubos) del alcantarillado haciendo al mismo tiempo de colectores de agua de lluvia (esto se denomina sistema unitario) lo que provoca que cuando llueve abundantemente los colectores no den abasto para tragar toda el agua que les llega, provocando los consabidos desbordamientos en las casas. Este problema tiene muy mala soluci\u00f3n.<br \/>\nLa inversi\u00f3n que se va a realizar es de algo mas de 14.000\u20ac de los cuales la Diputaci\u00f3n de Albacete va a financiar la mitad a trav\u00e9s del denominado Plan de Emergencias Inversiones.<br \/>\nQuiero dar las gracias desde aqu\u00ed por su colaboraci\u00f3n para resolver este problema.<br \/>\nNo lo olvid\u00e9is. Para mejorar el servicio del agua necesitamos vuestra colaboraci\u00f3n, que cuando surja un problema, de cualquier \u00edndole, os pong\u00e1is en contacto con nosotros llamando al siguiente tel\u00e9fono: 96 582 58 69 y con la mayor brevedad posible se os atender\u00e1.<\/p>\n<p class=\"western\" align=\"center\"><span style=\"color: #72cfce;\"><span style=\"font-size: small;\"><i><u><b>\u00a1\u00a1En la concejal\u00eda del Ciclo Integral del Agua nos esforzamos en dar un buen servicio y gestionar bien tu dinero!!<\/b><\/u><\/i><\/span><\/span><\/p>\n<p style=\"text-align: left;\" align=\"center\"><strong><span style=\"font-size: 14pt;\">Jos\u00e9 Miguel Moll\u00e1 Nieto, <\/span><\/strong><br \/>\n<strong><span style=\"font-size: 14pt;\">Concejal del Ciclo Integral del Agua y Alcalde de Caudete<\/span><\/strong><\/p>\n<p align=\"center\"><a href=\"https:\/\/www.caudete.org\/ayuntamiento\/wp-content\/uploads\/2025\/10\/Colector-San-Joaquin.jpg\" rel='prettyPhoto'><img fetchpriority=\"high\" decoding=\"async\" class=\"alignnone size-full wp-image-31110\" src=\"https:\/\/www.caudete.org\/ayuntamiento\/wp-content\/uploads\/2025\/10\/Colector-San-Joaquin.jpg\" alt=\"\" width=\"1000\" height=\"1778\" srcset=\"https:\/\/www.caudete.org\/ayuntamiento\/wp-content\/uploads\/2025\/10\/Colector-San-Joaquin.jpg 1000w, https:\/\/www.caudete.org\/ayuntamiento\/wp-content\/uploads\/2025\/10\/Colector-San-Joaquin-450x800.jpg 450w, https:\/\/www.caudete.org\/ayuntamiento\/wp-content\/uploads\/2025\/10\/Colector-San-Joaquin-506x900.jpg 506w, https:\/\/www.caudete.org\/ayuntamiento\/wp-content\/uploads\/2025\/10\/Colector-San-Joaquin-124x220.jpg 124w, https:\/\/www.caudete.org\/ayuntamiento\/wp-content\/uploads\/2025\/10\/Colector-San-Joaquin-768x1366.jpg 768w, https:\/\/www.caudete.org\/ayuntamiento\/wp-content\/uploads\/2025\/10\/Colector-San-Joaquin-864x1536.jpg 864w\" sizes=\"(max-width: 1000px) 100vw, 1000px\" \/><\/a><\/p>\n","protected":false},"excerpt":{"rendered":"<p>Hace algo m\u00e1s de un a\u00f1o me enter\u00e9 de un problema que sufr\u00edan unos vecinos en la confrontaci\u00f3n de la calle S. Joaqu\u00edn con la calle S. Juan. Me dijeron que el problema ven\u00eda de a\u00f1os y que, cada vez que llov\u00eda medianamente bien, el agua les sal\u00eda por los v\u00e1teres y duchas. En cuanto &hellip;<\/p>\n","protected":false},"author":6,"featured_media":31112,"comment_status":"closed","ping_status":"open","sticky":false,"template":"","format":"standard","meta":{"ngg_post_thumbnail":0,"footnotes":""},"categories":[49],"tags":[],"class_list":["post-31106","post","type-post","status-publish","format-standard","has-post-thumbnail","hentry","category-ciclo-integral-del-agua"],"yoast_head":"<!-- This site is optimized with the Yoast SEO plugin v27.5 - https:\/\/yoast.com\/product\/yoast-seo-wordpress\/ -->\n<title>Acondicionamiento colector calle San Joaqu\u00edn - MI Ayuntamiento de Caudete<\/title>\n<meta name=\"description\" content=\"P\u00e1gina Oficial del Ayuntamiento de Caudete (Albacete)\" \/>\n<meta name=\"robots\" content=\"index, follow, max-snippet:-1, max-image-preview:large, max-video-preview:-1\" \/>\n<link rel=\"canonical\" href=\"https:\/\/www.caudete.org\/ayuntamiento\/acondicionamiento-colector-calle-san-joaquin\/\" \/>\n<meta property=\"og:locale\" content=\"es_ES\" \/>\n<meta property=\"og:type\" content=\"article\" \/>\n<meta property=\"og:title\" content=\"Acondicionamiento colector calle San Joaqu\u00edn - MI Ayuntamiento de Caudete\" \/>\n<meta property=\"og:description\" content=\"P\u00e1gina Oficial del Ayuntamiento de Caudete (Albacete)\" \/>\n<meta property=\"og:url\" content=\"https:\/\/www.caudete.org\/ayuntamiento\/acondicionamiento-colector-calle-san-joaquin\/\" \/>\n<meta property=\"og:site_name\" content=\"MI Ayuntamiento de Caudete\" \/>\n<meta property=\"article:publisher\" content=\"https:\/\/www.facebook.com\/ayuntamientocaudete\/\" \/>\n<meta property=\"article:published_time\" content=\"2025-10-17T07:10:39+00:00\" \/>\n<meta property=\"article:modified_time\" content=\"2025-10-17T12:19:14+00:00\" \/>\n<meta property=\"og:image\" content=\"https:\/\/www.caudete.org\/ayuntamiento\/wp-content\/uploads\/2025\/10\/Colector-San-Joaquin-port.jpg\" \/>\n\t<meta property=\"og:image:width\" content=\"799\" \/>\n\t<meta property=\"og:image:height\" content=\"464\" \/>\n\t<meta property=\"og:image:type\" content=\"image\/jpeg\" \/>\n<meta name=\"author\" content=\"informatica2\" \/>\n<meta name=\"twitter:card\" content=\"summary_large_image\" \/>\n<meta name=\"twitter:label1\" content=\"Escrito por\" \/>\n\t<meta name=\"twitter:data1\" content=\"informatica2\" \/>\n\t<meta name=\"twitter:label2\" content=\"Tiempo de lectura\" \/>\n\t<meta name=\"twitter:data2\" content=\"3 minutos\" \/>\n<script type=\"application\/ld+json\" class=\"yoast-schema-graph\">{\"@context\":\"https:\\\/\\\/schema.org\",\"@graph\":[{\"@type\":\"Article\",\"@id\":\"https:\\\/\\\/www.caudete.org\\\/ayuntamiento\\\/acondicionamiento-colector-calle-san-joaquin\\\/#article\",\"isPartOf\":{\"@id\":\"https:\\\/\\\/www.caudete.org\\\/ayuntamiento\\\/acondicionamiento-colector-calle-san-joaquin\\\/\"},\"author\":{\"name\":\"informatica2\",\"@id\":\"https:\\\/\\\/www.caudete.org\\\/ayuntamiento\\\/#\\\/schema\\\/person\\\/abfa5ffd5010a14e078c21e6e61b6291\"},\"headline\":\"Acondicionamiento colector calle San Joaqu\u00edn\",\"datePublished\":\"2025-10-17T07:10:39+00:00\",\"dateModified\":\"2025-10-17T12:19:14+00:00\",\"mainEntityOfPage\":{\"@id\":\"https:\\\/\\\/www.caudete.org\\\/ayuntamiento\\\/acondicionamiento-colector-calle-san-joaquin\\\/\"},\"wordCount\":416,\"image\":{\"@id\":\"https:\\\/\\\/www.caudete.org\\\/ayuntamiento\\\/acondicionamiento-colector-calle-san-joaquin\\\/#primaryimage\"},\"thumbnailUrl\":\"https:\\\/\\\/www.caudete.org\\\/ayuntamiento\\\/wp-content\\\/uploads\\\/2025\\\/10\\\/Colector-San-Joaquin-port.jpg\",\"articleSection\":[\"Ciclo Integral del Agua\"],\"inLanguage\":\"es\"},{\"@type\":\"WebPage\",\"@id\":\"https:\\\/\\\/www.caudete.org\\\/ayuntamiento\\\/acondicionamiento-colector-calle-san-joaquin\\\/\",\"url\":\"https:\\\/\\\/www.caudete.org\\\/ayuntamiento\\\/acondicionamiento-colector-calle-san-joaquin\\\/\",\"name\":\"Acondicionamiento colector calle San Joaqu\u00edn - MI Ayuntamiento de Caudete\",\"isPartOf\":{\"@id\":\"https:\\\/\\\/www.caudete.org\\\/ayuntamiento\\\/#website\"},\"primaryImageOfPage\":{\"@id\":\"https:\\\/\\\/www.caudete.org\\\/ayuntamiento\\\/acondicionamiento-colector-calle-san-joaquin\\\/#primaryimage\"},\"image\":{\"@id\":\"https:\\\/\\\/www.caudete.org\\\/ayuntamiento\\\/acondicionamiento-colector-calle-san-joaquin\\\/#primaryimage\"},\"thumbnailUrl\":\"https:\\\/\\\/www.caudete.org\\\/ayuntamiento\\\/wp-content\\\/uploads\\\/2025\\\/10\\\/Colector-San-Joaquin-port.jpg\",\"datePublished\":\"2025-10-17T07:10:39+00:00\",\"dateModified\":\"2025-10-17T12:19:14+00:00\",\"author\":{\"@id\":\"https:\\\/\\\/www.caudete.org\\\/ayuntamiento\\\/#\\\/schema\\\/person\\\/abfa5ffd5010a14e078c21e6e61b6291\"},\"description\":\"P\u00e1gina Oficial del Ayuntamiento de Caudete (Albacete)\",\"breadcrumb\":{\"@id\":\"https:\\\/\\\/www.caudete.org\\\/ayuntamiento\\\/acondicionamiento-colector-calle-san-joaquin\\\/#breadcrumb\"},\"inLanguage\":\"es\",\"potentialAction\":[{\"@type\":\"ReadAction\",\"target\":[\"https:\\\/\\\/www.caudete.org\\\/ayuntamiento\\\/acondicionamiento-colector-calle-san-joaquin\\\/\"]}]},{\"@type\":\"ImageObject\",\"inLanguage\":\"es\",\"@id\":\"https:\\\/\\\/www.caudete.org\\\/ayuntamiento\\\/acondicionamiento-colector-calle-san-joaquin\\\/#primaryimage\",\"url\":\"https:\\\/\\\/www.caudete.org\\\/ayuntamiento\\\/wp-content\\\/uploads\\\/2025\\\/10\\\/Colector-San-Joaquin-port.jpg\",\"contentUrl\":\"https:\\\/\\\/www.caudete.org\\\/ayuntamiento\\\/wp-content\\\/uploads\\\/2025\\\/10\\\/Colector-San-Joaquin-port.jpg\",\"width\":799,\"height\":464},{\"@type\":\"BreadcrumbList\",\"@id\":\"https:\\\/\\\/www.caudete.org\\\/ayuntamiento\\\/acondicionamiento-colector-calle-san-joaquin\\\/#breadcrumb\",\"itemListElement\":[{\"@type\":\"ListItem\",\"position\":1,\"name\":\"Inicio\",\"item\":\"https:\\\/\\\/www.caudete.org\\\/ayuntamiento\\\/\"},{\"@type\":\"ListItem\",\"position\":2,\"name\":\"Acondicionamiento colector calle San Joaqu\u00edn\"}]},{\"@type\":\"WebSite\",\"@id\":\"https:\\\/\\\/www.caudete.org\\\/ayuntamiento\\\/#website\",\"url\":\"https:\\\/\\\/www.caudete.org\\\/ayuntamiento\\\/\",\"name\":\"MI Ayuntamiento de Caudete\",\"description\":\"P\u00e1gina Oficial del MI Ayuntamiento de Caudete\",\"potentialAction\":[{\"@type\":\"SearchAction\",\"target\":{\"@type\":\"EntryPoint\",\"urlTemplate\":\"https:\\\/\\\/www.caudete.org\\\/ayuntamiento\\\/?s={search_term_string}\"},\"query-input\":{\"@type\":\"PropertyValueSpecification\",\"valueRequired\":true,\"valueName\":\"search_term_string\"}}],\"inLanguage\":\"es\"},{\"@type\":\"Person\",\"@id\":\"https:\\\/\\\/www.caudete.org\\\/ayuntamiento\\\/#\\\/schema\\\/person\\\/abfa5ffd5010a14e078c21e6e61b6291\",\"name\":\"informatica2\",\"image\":{\"@type\":\"ImageObject\",\"inLanguage\":\"es\",\"@id\":\"https:\\\/\\\/secure.gravatar.com\\\/avatar\\\/b089890ff033a3e4d03eec00ecb5a14425217205c513f60ec32ebeaaeb5fa700?s=96&d=mm&r=g\",\"url\":\"https:\\\/\\\/secure.gravatar.com\\\/avatar\\\/b089890ff033a3e4d03eec00ecb5a14425217205c513f60ec32ebeaaeb5fa700?s=96&d=mm&r=g\",\"contentUrl\":\"https:\\\/\\\/secure.gravatar.com\\\/avatar\\\/b089890ff033a3e4d03eec00ecb5a14425217205c513f60ec32ebeaaeb5fa700?s=96&d=mm&r=g\",\"caption\":\"informatica2\"},\"url\":\"https:\\\/\\\/www.caudete.org\\\/ayuntamiento\\\/author\\\/informatica2\\\/\"}]}<\/script>\n<!-- \/ Yoast SEO plugin. -->","yoast_head_json":{"title":"Acondicionamiento colector calle San Joaqu\u00edn - MI Ayuntamiento de Caudete","description":"P\u00e1gina Oficial del Ayuntamiento de Caudete (Albacete)","robots":{"index":"index","follow":"follow","max-snippet":"max-snippet:-1","max-image-preview":"max-image-preview:large","max-video-preview":"max-video-preview:-1"},"canonical":"https:\/\/www.caudete.org\/ayuntamiento\/acondicionamiento-colector-calle-san-joaquin\/","og_locale":"es_ES","og_type":"article","og_title":"Acondicionamiento colector calle San Joaqu\u00edn - MI Ayuntamiento de Caudete","og_description":"P\u00e1gina Oficial del Ayuntamiento de Caudete (Albacete)","og_url":"https:\/\/www.caudete.org\/ayuntamiento\/acondicionamiento-colector-calle-san-joaquin\/","og_site_name":"MI Ayuntamiento de Caudete","article_publisher":"https:\/\/www.facebook.com\/ayuntamientocaudete\/","article_published_time":"2025-10-17T07:10:39+00:00","article_modified_time":"2025-10-17T12:19:14+00:00","og_image":[{"width":799,"height":464,"url":"https:\/\/www.caudete.org\/ayuntamiento\/wp-content\/uploads\/2025\/10\/Colector-San-Joaquin-port.jpg","type":"image\/jpeg"}],"author":"informatica2","twitter_card":"summary_large_image","twitter_misc":{"Escrito por":"informatica2","Tiempo de lectura":"3 minutos"},"schema":{"@context":"https:\/\/schema.org","@graph":[{"@type":"Article","@id":"https:\/\/www.caudete.org\/ayuntamiento\/acondicionamiento-colector-calle-san-joaquin\/#article","isPartOf":{"@id":"https:\/\/www.caudete.org\/ayuntamiento\/acondicionamiento-colector-calle-san-joaquin\/"},"author":{"name":"informatica2","@id":"https:\/\/www.caudete.org\/ayuntamiento\/#\/schema\/person\/abfa5ffd5010a14e078c21e6e61b6291"},"headline":"Acondicionamiento colector calle San Joaqu\u00edn","datePublished":"2025-10-17T07:10:39+00:00","dateModified":"2025-10-17T12:19:14+00:00","mainEntityOfPage":{"@id":"https:\/\/www.caudete.org\/ayuntamiento\/acondicionamiento-colector-calle-san-joaquin\/"},"wordCount":416,"image":{"@id":"https:\/\/www.caudete.org\/ayuntamiento\/acondicionamiento-colector-calle-san-joaquin\/#primaryimage"},"thumbnailUrl":"https:\/\/www.caudete.org\/ayuntamiento\/wp-content\/uploads\/2025\/10\/Colector-San-Joaquin-port.jpg","articleSection":["Ciclo Integral del Agua"],"inLanguage":"es"},{"@type":"WebPage","@id":"https:\/\/www.caudete.org\/ayuntamiento\/acondicionamiento-colector-calle-san-joaquin\/","url":"https:\/\/www.caudete.org\/ayuntamiento\/acondicionamiento-colector-calle-san-joaquin\/","name":"Acondicionamiento colector calle San Joaqu\u00edn - MI Ayuntamiento de Caudete","isPartOf":{"@id":"https:\/\/www.caudete.org\/ayuntamiento\/#website"},"primaryImageOfPage":{"@id":"https:\/\/www.caudete.org\/ayuntamiento\/acondicionamiento-colector-calle-san-joaquin\/#primaryimage"},"image":{"@id":"https:\/\/www.caudete.org\/ayuntamiento\/acondicionamiento-colector-calle-san-joaquin\/#primaryimage"},"thumbnailUrl":"https:\/\/www.caudete.org\/ayuntamiento\/wp-content\/uploads\/2025\/10\/Colector-San-Joaquin-port.jpg","datePublished":"2025-10-17T07:10:39+00:00","dateModified":"2025-10-17T12:19:14+00:00","author":{"@id":"https:\/\/www.caudete.org\/ayuntamiento\/#\/schema\/person\/abfa5ffd5010a14e078c21e6e61b6291"},"description":"P\u00e1gina Oficial del Ayuntamiento de Caudete (Albacete)","breadcrumb":{"@id":"https:\/\/www.caudete.org\/ayuntamiento\/acondicionamiento-colector-calle-san-joaquin\/#breadcrumb"},"inLanguage":"es","potentialAction":[{"@type":"ReadAction","target":["https:\/\/www.caudete.org\/ayuntamiento\/acondicionamiento-colector-calle-san-joaquin\/"]}]},{"@type":"ImageObject","inLanguage":"es","@id":"https:\/\/www.caudete.org\/ayuntamiento\/acondicionamiento-colector-calle-san-joaquin\/#primaryimage","url":"https:\/\/www.caudete.org\/ayuntamiento\/wp-content\/uploads\/2025\/10\/Colector-San-Joaquin-port.jpg","contentUrl":"https:\/\/www.caudete.org\/ayuntamiento\/wp-content\/uploads\/2025\/10\/Colector-San-Joaquin-port.jpg","width":799,"height":464},{"@type":"BreadcrumbList","@id":"https:\/\/www.caudete.org\/ayuntamiento\/acondicionamiento-colector-calle-san-joaquin\/#breadcrumb","itemListElement":[{"@type":"ListItem","position":1,"name":"Inicio","item":"https:\/\/www.caudete.org\/ayuntamiento\/"},{"@type":"ListItem","position":2,"name":"Acondicionamiento colector calle San Joaqu\u00edn"}]},{"@type":"WebSite","@id":"https:\/\/www.caudete.org\/ayuntamiento\/#website","url":"https:\/\/www.caudete.org\/ayuntamiento\/","name":"MI Ayuntamiento de Caudete","description":"P\u00e1gina Oficial del MI Ayuntamiento de Caudete","potentialAction":[{"@type":"SearchAction","target":{"@type":"EntryPoint","urlTemplate":"https:\/\/www.caudete.org\/ayuntamiento\/?s={search_term_string}"},"query-input":{"@type":"PropertyValueSpecification","valueRequired":true,"valueName":"search_term_string"}}],"inLanguage":"es"},{"@type":"Person","@id":"https:\/\/www.caudete.org\/ayuntamiento\/#\/schema\/person\/abfa5ffd5010a14e078c21e6e61b6291","name":"informatica2","image":{"@type":"ImageObject","inLanguage":"es","@id":"https:\/\/secure.gravatar.com\/avatar\/b089890ff033a3e4d03eec00ecb5a14425217205c513f60ec32ebeaaeb5fa700?s=96&d=mm&r=g","url":"https:\/\/secure.gravatar.com\/avatar\/b089890ff033a3e4d03eec00ecb5a14425217205c513f60ec32ebeaaeb5fa700?s=96&d=mm&r=g","contentUrl":"https:\/\/secure.gravatar.com\/avatar\/b089890ff033a3e4d03eec00ecb5a14425217205c513f60ec32ebeaaeb5fa700?s=96&d=mm&r=g","caption":"informatica2"},"url":"https:\/\/www.caudete.org\/ayuntamiento\/author\/informatica2\/"}]}},"_links":{"self":[{"href":"https:\/\/www.caudete.org\/ayuntamiento\/wp-json\/wp\/v2\/posts\/31106","targetHints":{"allow":["GET"]}}],"collection":[{"href":"https:\/\/www.caudete.org\/ayuntamiento\/wp-json\/wp\/v2\/posts"}],"about":[{"href":"https:\/\/www.caudete.org\/ayuntamiento\/wp-json\/wp\/v2\/types\/post"}],"author":[{"embeddable":true,"href":"https:\/\/www.caudete.org\/ayuntamiento\/wp-json\/wp\/v2\/users\/6"}],"replies":[{"embeddable":true,"href":"https:\/\/www.caudete.org\/ayuntamiento\/wp-json\/wp\/v2\/comments?post=31106"}],"version-history":[{"count":5,"href":"https:\/\/www.caudete.org\/ayuntamiento\/wp-json\/wp\/v2\/posts\/31106\/revisions"}],"predecessor-version":[{"id":31113,"href":"https:\/\/www.caudete.org\/ayuntamiento\/wp-json\/wp\/v2\/posts\/31106\/revisions\/31113"}],"wp:featuredmedia":[{"embeddable":true,"href":"https:\/\/www.caudete.org\/ayuntamiento\/wp-json\/wp\/v2\/media\/31112"}],"wp:attachment":[{"href":"https:\/\/www.caudete.org\/ayuntamiento\/wp-json\/wp\/v2\/media?parent=31106"}],"wp:term":[{"taxonomy":"category","embeddable":true,"href":"https:\/\/www.caudete.org\/ayuntamiento\/wp-json\/wp\/v2\/categories?post=31106"},{"taxonomy":"post_tag","embeddable":true,"href":"https:\/\/www.caudete.org\/ayuntamiento\/wp-json\/wp\/v2\/tags?post=31106"}],"curies":[{"name":"wp","href":"https:\/\/api.w.org\/{rel}","templated":true}]}}