{"id":31124,"date":"2025-10-17T14:56:07","date_gmt":"2025-10-17T12:56:07","guid":{"rendered":"https:\/\/www.caudete.org\/ayuntamiento\/?p=31124"},"modified":"2025-10-17T19:42:34","modified_gmt":"2025-10-17T17:42:34","slug":"caudete-celebra-el-aprendizaje-y-la-participacion-ciudadana-con-erasmusdays","status":"publish","type":"post","link":"https:\/\/www.caudete.org\/ayuntamiento\/caudete-celebra-el-aprendizaje-y-la-participacion-ciudadana-con-erasmusdays\/","title":{"rendered":"Caudete celebra el aprendizaje y la participaci\u00f3n ciudadana con ErasmusDays"},"content":{"rendered":"<p align=\"justify\">El pasado d\u00eda 15 de octubre tuvo lugar en el Museo de la Acuarela Pintor Rafael Requena de Caudete la celebraci\u00f3n de las Jornadas ErasmusDays 2025 organizadas por el ayuntamiento, con el objetivo de dar difusi\u00f3n a los resultados de los proyectos de movilidad europea que se est\u00e1n desarrollando en el municipio gracias a la Acreditaci\u00f3n Erasmus+ con que cuenta la entidad local, tanto en el sector de Educaci\u00f3n de Personas Adultas como en el sector de Formaci\u00f3n Profesional.<\/p>\n<p align=\"justify\">Las jornadas fueron inauguradas por el alcalde, Jos\u00e9 Miguel Moll\u00e1 y la concejal de Promoci\u00f3n Econ\u00f3mica, Mar\u00eda Dolores Requena Azor\u00edn, as\u00ed como por la t\u00e9cnico de desarrollo local y coordinadora Erasmus+ Mar\u00eda Elia Lac\u00e1rcel Meg\u00edas.<\/p>\n<p align=\"justify\">El evento cont\u00f3 con una actuaci\u00f3n musical ofrecida por profesorado y alumnado de Canto de la Escuela Municipal de M\u00fasica y Danza, como apertura a las presentaciones que los diferentes participantes, tanto de la propia escuela de m\u00fasica y danza municipal como de la Universidad Popular, Biblioteca P\u00fablica Municipal, o IES Pintor Rafael Requena de Caudete realizaron, para mostrar al p\u00fablico asistente el resultado de sus experiencias de aprendizaje en pa\u00edses como Francia, Italia, Irlanda o Rep\u00fablica Checa. Por su parte, Gregorio Ca\u00f1avate Cruzado, director de la consultora de proyectos europeos Skills Divers, present\u00f3 desarrollos tecnol\u00f3gicos aplicados a la educaci\u00f3n de personas con discapacidad.<\/p>\n<p align=\"justify\">Asimismo, se comparti\u00f3 con la audiencia el Reconocimiento a la Calidad Erasmus+ en el sector de Educaci\u00f3n de Adultos que recibi\u00f3 Salvadora Garc\u00eda Algarra en el Teatro Real de Madrid, en diciembre de 2024, y que le fue entregado por la Ministra de Ciencia, Innovaci\u00f3n y Universidades Diana Morant, tras su participaci\u00f3n en 2022 en un taller de poes\u00eda y teatro en Lecce (Italia), junto con otras usuarias del Club de Lectura de Teatro de la Biblioteca Ana Mar\u00eda Matute de Caudete.<\/p>\n<p align=\"justify\">La valoraci\u00f3n de las actividades y los proyectos desarrollados por parte de los participantes fue excelente, y reafirma al Ayuntamiento de Caudete en su compromiso de seguir impulsando los proyectos de movilidad europea con fines de aprendizaje en el marco del programa Erasmus+ de la Uni\u00f3n Europea, para diferentes colectivos sociales del municipio.<\/p>\n<p>&nbsp;<\/p>\n<style type=\"text\/css\">\n#foogallery-gallery-31126.fg-justified .fg-item { margin-right: 2px; margin-bottom: 2px; }\n#foogallery-gallery-31126.fg-justified .fg-image { height: 200px; }<\/style>\n\t\t\t<div class=\"foogallery foogallery-container foogallery-justified foogallery-lightbox-none fg-justified fg-ready fg-light fg-shadow-outline fg-loading-default fg-loaded-fade-in fg-caption-always fg-hover-fade fg-hover-zoom2\" id=\"foogallery-gallery-31126\" data-foogallery=\"{&quot;item&quot;:{&quot;showCaptionTitle&quot;:true,&quot;showCaptionDescription&quot;:false},&quot;lazy&quot;:true,&quot;paging&quot;:{&quot;type&quot;:&quot;dots&quot;,&quot;size&quot;:20,&quot;position&quot;:&quot;bottom&quot;,&quot;scrollToTop&quot;:false,&quot;output&quot;:&quot;html&quot;,&quot;theme&quot;:&quot;fg-light&quot;},&quot;template&quot;:{&quot;rowHeight&quot;:200,&quot;maxRowHeight&quot;:250,&quot;margins&quot;:2,&quot;align&quot;:&quot;center&quot;,&quot;lastRow&quot;:&quot;smart&quot;}}\" style=\"--fg-title-line-clamp: 0; --fg-description-line-clamp: 0;\" >\n\t<div class=\"fg-item fg-type-image fg-idle\"><figure class=\"fg-item-inner\"><a href=\"https:\/\/www.caudete.org\/ayuntamiento\/wp-content\/uploads\/2025\/10\/ErasmusAcuarela1.jpg\" data-attachment-id=\"31127\" data-e-disable-page-transition=\"true\" data-type=\"image\" class=\"fg-thumb\"><span class=\"fg-image-wrap\"><img fetchpriority=\"high\" decoding=\"async\" height=\"250\" width=\"556\" class=\"skip-lazy fg-image\" data-src-fg=\"https:\/\/www.caudete.org\/ayuntamiento\/wp-content\/uploads\/cache\/2025\/10\/ErasmusAcuarela1\/1036779158.jpg\" src=\"data:image\/svg+xml,%3Csvg%20xmlns%3D%22http%3A%2F%2Fwww.w3.org%2F2000%2Fsvg%22%20width%3D%22556%22%20height%3D%22250%22%20viewBox%3D%220%200%20556%20250%22%3E%3C%2Fsvg%3E\" loading=\"eager\"><\/span><span class=\"fg-image-overlay\"><\/span><\/a><\/figure><div class=\"fg-loader\"><\/div><\/div><div class=\"fg-item fg-type-image fg-idle\"><figure class=\"fg-item-inner\"><a href=\"https:\/\/www.caudete.org\/ayuntamiento\/wp-content\/uploads\/2025\/10\/ErasmusAcuarela2.jpg\" data-attachment-id=\"31128\" data-e-disable-page-transition=\"true\" data-type=\"image\" class=\"fg-thumb\"><span class=\"fg-image-wrap\"><img decoding=\"async\" height=\"250\" width=\"444\" class=\"skip-lazy fg-image\" data-src-fg=\"https:\/\/www.caudete.org\/ayuntamiento\/wp-content\/uploads\/cache\/2025\/10\/ErasmusAcuarela2\/3670224855.jpg\" src=\"data:image\/svg+xml,%3Csvg%20xmlns%3D%22http%3A%2F%2Fwww.w3.org%2F2000%2Fsvg%22%20width%3D%22444%22%20height%3D%22250%22%20viewBox%3D%220%200%20444%20250%22%3E%3C%2Fsvg%3E\" loading=\"eager\"><\/span><span class=\"fg-image-overlay\"><\/span><\/a><\/figure><div class=\"fg-loader\"><\/div><\/div><div class=\"fg-item fg-type-image fg-idle\"><figure class=\"fg-item-inner\"><a href=\"https:\/\/www.caudete.org\/ayuntamiento\/wp-content\/uploads\/2025\/10\/ErasmusAcuarela3.jpg\" data-attachment-id=\"31129\" data-e-disable-page-transition=\"true\" data-type=\"image\" class=\"fg-thumb\"><span class=\"fg-image-wrap\"><img decoding=\"async\" height=\"250\" width=\"556\" class=\"skip-lazy fg-image\" data-src-fg=\"https:\/\/www.caudete.org\/ayuntamiento\/wp-content\/uploads\/cache\/2025\/10\/ErasmusAcuarela3\/3322974437.jpg\" src=\"data:image\/svg+xml,%3Csvg%20xmlns%3D%22http%3A%2F%2Fwww.w3.org%2F2000%2Fsvg%22%20width%3D%22556%22%20height%3D%22250%22%20viewBox%3D%220%200%20556%20250%22%3E%3C%2Fsvg%3E\" loading=\"eager\"><\/span><span class=\"fg-image-overlay\"><\/span><\/a><\/figure><div class=\"fg-loader\"><\/div><\/div><div class=\"fg-item fg-type-image fg-idle\"><figure class=\"fg-item-inner\"><a href=\"https:\/\/www.caudete.org\/ayuntamiento\/wp-content\/uploads\/2025\/10\/ErasmusAcuarela4.jpg\" data-attachment-id=\"31130\" data-e-disable-page-transition=\"true\" data-type=\"image\" class=\"fg-thumb\"><span class=\"fg-image-wrap\"><img decoding=\"async\" height=\"250\" width=\"333\" class=\"skip-lazy fg-image\" data-src-fg=\"https:\/\/www.caudete.org\/ayuntamiento\/wp-content\/uploads\/cache\/2025\/10\/ErasmusAcuarela4\/4133769737.jpg\" src=\"data:image\/svg+xml,%3Csvg%20xmlns%3D%22http%3A%2F%2Fwww.w3.org%2F2000%2Fsvg%22%20width%3D%22333%22%20height%3D%22250%22%20viewBox%3D%220%200%20333%20250%22%3E%3C%2Fsvg%3E\" loading=\"eager\"><\/span><span class=\"fg-image-overlay\"><\/span><\/a><\/figure><div class=\"fg-loader\"><\/div><\/div><div class=\"fg-item fg-type-image fg-idle\"><figure class=\"fg-item-inner\"><a href=\"https:\/\/www.caudete.org\/ayuntamiento\/wp-content\/uploads\/2025\/10\/ErasmusAcuarela5.jpg\" data-attachment-id=\"31131\" data-e-disable-page-transition=\"true\" data-type=\"image\" class=\"fg-thumb\"><span class=\"fg-image-wrap\"><img decoding=\"async\" height=\"250\" width=\"141\" class=\"skip-lazy fg-image\" data-src-fg=\"https:\/\/www.caudete.org\/ayuntamiento\/wp-content\/uploads\/cache\/2025\/10\/ErasmusAcuarela5\/3937922363.jpg\" src=\"data:image\/svg+xml,%3Csvg%20xmlns%3D%22http%3A%2F%2Fwww.w3.org%2F2000%2Fsvg%22%20width%3D%22141%22%20height%3D%22250%22%20viewBox%3D%220%200%20141%20250%22%3E%3C%2Fsvg%3E\" loading=\"eager\"><\/span><span class=\"fg-image-overlay\"><\/span><\/a><\/figure><div class=\"fg-loader\"><\/div><\/div><div class=\"fg-item fg-type-image fg-idle\"><figure class=\"fg-item-inner\"><a href=\"https:\/\/www.caudete.org\/ayuntamiento\/wp-content\/uploads\/2025\/10\/ErasmusAcuarela6.jpg\" data-attachment-id=\"31132\" data-e-disable-page-transition=\"true\" data-type=\"image\" class=\"fg-thumb\"><span class=\"fg-image-wrap\"><img decoding=\"async\" height=\"250\" width=\"141\" class=\"skip-lazy fg-image\" data-src-fg=\"https:\/\/www.caudete.org\/ayuntamiento\/wp-content\/uploads\/cache\/2025\/10\/ErasmusAcuarela6\/3485674605.jpg\" src=\"data:image\/svg+xml,%3Csvg%20xmlns%3D%22http%3A%2F%2Fwww.w3.org%2F2000%2Fsvg%22%20width%3D%22141%22%20height%3D%22250%22%20viewBox%3D%220%200%20141%20250%22%3E%3C%2Fsvg%3E\" loading=\"eager\"><\/span><span class=\"fg-image-overlay\"><\/span><\/a><\/figure><div class=\"fg-loader\"><\/div><\/div><div class=\"fg-item fg-type-image fg-idle\"><figure class=\"fg-item-inner\"><a href=\"https:\/\/www.caudete.org\/ayuntamiento\/wp-content\/uploads\/2025\/10\/ErasmusAcuarela7.jpg\" data-attachment-id=\"31133\" data-e-disable-page-transition=\"true\" data-type=\"image\" class=\"fg-thumb\"><span class=\"fg-image-wrap\"><img decoding=\"async\" height=\"250\" width=\"444\" class=\"skip-lazy fg-image\" data-src-fg=\"https:\/\/www.caudete.org\/ayuntamiento\/wp-content\/uploads\/cache\/2025\/10\/ErasmusAcuarela7\/3541078879.jpg\" src=\"data:image\/svg+xml,%3Csvg%20xmlns%3D%22http%3A%2F%2Fwww.w3.org%2F2000%2Fsvg%22%20width%3D%22444%22%20height%3D%22250%22%20viewBox%3D%220%200%20444%20250%22%3E%3C%2Fsvg%3E\" loading=\"eager\"><\/span><span class=\"fg-image-overlay\"><\/span><\/a><\/figure><div class=\"fg-loader\"><\/div><\/div><div class=\"fg-item fg-type-image fg-idle\"><figure class=\"fg-item-inner\"><a href=\"https:\/\/www.caudete.org\/ayuntamiento\/wp-content\/uploads\/2025\/10\/ErasmusAcuarela8.jpg\" data-attachment-id=\"31134\" data-e-disable-page-transition=\"true\" data-type=\"image\" class=\"fg-thumb\"><span class=\"fg-image-wrap\"><img decoding=\"async\" height=\"250\" width=\"444\" class=\"skip-lazy fg-image\" data-src-fg=\"https:\/\/www.caudete.org\/ayuntamiento\/wp-content\/uploads\/cache\/2025\/10\/ErasmusAcuarela8\/1456452980.jpg\" src=\"data:image\/svg+xml,%3Csvg%20xmlns%3D%22http%3A%2F%2Fwww.w3.org%2F2000%2Fsvg%22%20width%3D%22444%22%20height%3D%22250%22%20viewBox%3D%220%200%20444%20250%22%3E%3C%2Fsvg%3E\" loading=\"eager\"><\/span><span class=\"fg-image-overlay\"><\/span><\/a><\/figure><div class=\"fg-loader\"><\/div><\/div><div class=\"fg-item fg-type-image fg-idle\"><figure class=\"fg-item-inner\"><a href=\"https:\/\/www.caudete.org\/ayuntamiento\/wp-content\/uploads\/2025\/10\/ErasmusAcuarela9.jpg\" data-attachment-id=\"31135\" data-e-disable-page-transition=\"true\" data-type=\"image\" class=\"fg-thumb\"><span class=\"fg-image-wrap\"><img decoding=\"async\" height=\"250\" width=\"444\" class=\"skip-lazy fg-image\" data-src-fg=\"https:\/\/www.caudete.org\/ayuntamiento\/wp-content\/uploads\/cache\/2025\/10\/ErasmusAcuarela9\/1243351622.jpg\" src=\"data:image\/svg+xml,%3Csvg%20xmlns%3D%22http%3A%2F%2Fwww.w3.org%2F2000%2Fsvg%22%20width%3D%22444%22%20height%3D%22250%22%20viewBox%3D%220%200%20444%20250%22%3E%3C%2Fsvg%3E\" loading=\"eager\"><\/span><span class=\"fg-image-overlay\"><\/span><\/a><\/figure><div class=\"fg-loader\"><\/div><\/div><div class=\"fg-item fg-type-image fg-idle\"><figure class=\"fg-item-inner\"><a href=\"https:\/\/www.caudete.org\/ayuntamiento\/wp-content\/uploads\/2025\/10\/ErasmusAcuarela10.jpg\" data-attachment-id=\"31136\" data-e-disable-page-transition=\"true\" data-type=\"image\" class=\"fg-thumb\"><span class=\"fg-image-wrap\"><img decoding=\"async\" height=\"250\" width=\"444\" class=\"skip-lazy fg-image\" data-src-fg=\"https:\/\/www.caudete.org\/ayuntamiento\/wp-content\/uploads\/cache\/2025\/10\/ErasmusAcuarela10\/2738538500.jpg\" src=\"data:image\/svg+xml,%3Csvg%20xmlns%3D%22http%3A%2F%2Fwww.w3.org%2F2000%2Fsvg%22%20width%3D%22444%22%20height%3D%22250%22%20viewBox%3D%220%200%20444%20250%22%3E%3C%2Fsvg%3E\" loading=\"eager\"><\/span><span class=\"fg-image-overlay\"><\/span><\/a><\/figure><div class=\"fg-loader\"><\/div><\/div><div class=\"fg-item fg-type-image fg-idle\"><figure class=\"fg-item-inner\"><a href=\"https:\/\/www.caudete.org\/ayuntamiento\/wp-content\/uploads\/2025\/10\/ErasmusAcuarela11.jpg\" data-attachment-id=\"31137\" data-e-disable-page-transition=\"true\" data-type=\"image\" class=\"fg-thumb\"><span class=\"fg-image-wrap\"><img decoding=\"async\" height=\"250\" width=\"444\" class=\"skip-lazy fg-image\" data-src-fg=\"https:\/\/www.caudete.org\/ayuntamiento\/wp-content\/uploads\/cache\/2025\/10\/ErasmusAcuarela11\/2954911462.jpg\" src=\"data:image\/svg+xml,%3Csvg%20xmlns%3D%22http%3A%2F%2Fwww.w3.org%2F2000%2Fsvg%22%20width%3D%22444%22%20height%3D%22250%22%20viewBox%3D%220%200%20444%20250%22%3E%3C%2Fsvg%3E\" loading=\"eager\"><\/span><span class=\"fg-image-overlay\"><\/span><\/a><\/figure><div class=\"fg-loader\"><\/div><\/div><div class=\"fg-item fg-type-image fg-idle\"><figure class=\"fg-item-inner\"><a href=\"https:\/\/www.caudete.org\/ayuntamiento\/wp-content\/uploads\/2025\/10\/ErasmusAcuarela12.jpg\" data-attachment-id=\"31138\" data-e-disable-page-transition=\"true\" data-type=\"image\" class=\"fg-thumb\"><span class=\"fg-image-wrap\"><img decoding=\"async\" height=\"250\" width=\"444\" class=\"skip-lazy fg-image\" data-src-fg=\"https:\/\/www.caudete.org\/ayuntamiento\/wp-content\/uploads\/cache\/2025\/10\/ErasmusAcuarela12\/102636567.jpg\" src=\"data:image\/svg+xml,%3Csvg%20xmlns%3D%22http%3A%2F%2Fwww.w3.org%2F2000%2Fsvg%22%20width%3D%22444%22%20height%3D%22250%22%20viewBox%3D%220%200%20444%20250%22%3E%3C%2Fsvg%3E\" loading=\"eager\"><\/span><span class=\"fg-image-overlay\"><\/span><\/a><\/figure><div class=\"fg-loader\"><\/div><\/div><div class=\"fg-item fg-type-image fg-idle\"><figure class=\"fg-item-inner\"><a href=\"https:\/\/www.caudete.org\/ayuntamiento\/wp-content\/uploads\/2025\/10\/ErasmusAcuarela13.jpg\" data-attachment-id=\"31139\" data-e-disable-page-transition=\"true\" data-type=\"image\" class=\"fg-thumb\"><span class=\"fg-image-wrap\"><img decoding=\"async\" height=\"250\" width=\"444\" class=\"skip-lazy fg-image\" data-src-fg=\"https:\/\/www.caudete.org\/ayuntamiento\/wp-content\/uploads\/cache\/2025\/10\/ErasmusAcuarela13\/352619253.jpg\" src=\"data:image\/svg+xml,%3Csvg%20xmlns%3D%22http%3A%2F%2Fwww.w3.org%2F2000%2Fsvg%22%20width%3D%22444%22%20height%3D%22250%22%20viewBox%3D%220%200%20444%20250%22%3E%3C%2Fsvg%3E\" loading=\"eager\"><\/span><span class=\"fg-image-overlay\"><\/span><\/a><\/figure><div class=\"fg-loader\"><\/div><\/div><div class=\"fg-item fg-type-image fg-idle\"><figure class=\"fg-item-inner\"><a href=\"https:\/\/www.caudete.org\/ayuntamiento\/wp-content\/uploads\/2025\/10\/ErasmusAcuarela14.jpg\" data-attachment-id=\"31140\" data-e-disable-page-transition=\"true\" data-type=\"image\" class=\"fg-thumb\"><span class=\"fg-image-wrap\"><img decoding=\"async\" height=\"250\" width=\"444\" class=\"skip-lazy fg-image\" data-src-fg=\"https:\/\/www.caudete.org\/ayuntamiento\/wp-content\/uploads\/cache\/2025\/10\/ErasmusAcuarela14\/3728089075.jpg\" src=\"data:image\/svg+xml,%3Csvg%20xmlns%3D%22http%3A%2F%2Fwww.w3.org%2F2000%2Fsvg%22%20width%3D%22444%22%20height%3D%22250%22%20viewBox%3D%220%200%20444%20250%22%3E%3C%2Fsvg%3E\" loading=\"eager\"><\/span><span class=\"fg-image-overlay\"><\/span><\/a><\/figure><div class=\"fg-loader\"><\/div><\/div><\/div>\n\n","protected":false},"excerpt":{"rendered":"<p>El pasado d\u00eda 15 de octubre tuvo lugar en el Museo de la Acuarela Pintor Rafael Requena de Caudete la celebraci\u00f3n de las Jornadas ErasmusDays 2025 organizadas por el ayuntamiento, con el objetivo de dar difusi\u00f3n a los resultados de los proyectos de movilidad europea que se est\u00e1n desarrollando en el municipio gracias a la &hellip;<\/p>\n","protected":false},"author":5,"featured_media":31144,"comment_status":"closed","ping_status":"open","sticky":false,"template":"","format":"standard","meta":{"ngg_post_thumbnail":0,"footnotes":""},"categories":[87],"tags":[],"class_list":["post-31124","post","type-post","status-publish","format-standard","has-post-thumbnail","hentry","category-desarrollo-local"],"yoast_head":"<!-- This site is optimized with the Yoast SEO plugin v27.4 - https:\/\/yoast.com\/product\/yoast-seo-wordpress\/ -->\n<title>Caudete celebra el aprendizaje y la participaci\u00f3n ciudadana con ErasmusDays - MI Ayuntamiento de Caudete<\/title>\n<meta name=\"description\" content=\"P\u00e1gina Oficial del Ayuntamiento de Caudete (Albacete)\" \/>\n<meta name=\"robots\" content=\"index, follow, max-snippet:-1, max-image-preview:large, max-video-preview:-1\" \/>\n<link rel=\"canonical\" href=\"https:\/\/www.caudete.org\/ayuntamiento\/caudete-celebra-el-aprendizaje-y-la-participacion-ciudadana-con-erasmusdays\/\" \/>\n<meta property=\"og:locale\" content=\"es_ES\" \/>\n<meta property=\"og:type\" content=\"article\" \/>\n<meta property=\"og:title\" content=\"Caudete celebra el aprendizaje y la participaci\u00f3n ciudadana con ErasmusDays - MI Ayuntamiento de Caudete\" \/>\n<meta property=\"og:description\" content=\"P\u00e1gina Oficial del Ayuntamiento de Caudete (Albacete)\" \/>\n<meta property=\"og:url\" content=\"https:\/\/www.caudete.org\/ayuntamiento\/caudete-celebra-el-aprendizaje-y-la-participacion-ciudadana-con-erasmusdays\/\" \/>\n<meta property=\"og:site_name\" content=\"MI Ayuntamiento de Caudete\" \/>\n<meta property=\"article:publisher\" content=\"https:\/\/www.facebook.com\/ayuntamientocaudete\/\" \/>\n<meta property=\"article:published_time\" content=\"2025-10-17T12:56:07+00:00\" \/>\n<meta property=\"article:modified_time\" content=\"2025-10-17T17:42:34+00:00\" \/>\n<meta property=\"og:image\" content=\"https:\/\/www.caudete.org\/ayuntamiento\/wp-content\/uploads\/2025\/10\/ErasmusDAys-1.jpg\" \/>\n\t<meta property=\"og:image:width\" content=\"1000\" \/>\n\t<meta property=\"og:image:height\" content=\"505\" \/>\n\t<meta property=\"og:image:type\" content=\"image\/jpeg\" \/>\n<meta name=\"author\" content=\"Dpto Informatica MI Ayuntamiento de Caudete\" \/>\n<meta name=\"twitter:card\" content=\"summary_large_image\" \/>\n<meta name=\"twitter:label1\" content=\"Escrito por\" \/>\n\t<meta name=\"twitter:data1\" content=\"Dpto Informatica MI Ayuntamiento de Caudete\" \/>\n\t<meta name=\"twitter:label2\" content=\"Tiempo de lectura\" \/>\n\t<meta name=\"twitter:data2\" content=\"2 minutos\" \/>\n<script type=\"application\/ld+json\" class=\"yoast-schema-graph\">{\"@context\":\"https:\\\/\\\/schema.org\",\"@graph\":[{\"@type\":\"Article\",\"@id\":\"https:\\\/\\\/www.caudete.org\\\/ayuntamiento\\\/caudete-celebra-el-aprendizaje-y-la-participacion-ciudadana-con-erasmusdays\\\/#article\",\"isPartOf\":{\"@id\":\"https:\\\/\\\/www.caudete.org\\\/ayuntamiento\\\/caudete-celebra-el-aprendizaje-y-la-participacion-ciudadana-con-erasmusdays\\\/\"},\"author\":{\"name\":\"Dpto Informatica MI Ayuntamiento de Caudete\",\"@id\":\"https:\\\/\\\/www.caudete.org\\\/ayuntamiento\\\/#\\\/schema\\\/person\\\/4b9eab41761957db9b1bf9c418d1ef46\"},\"headline\":\"Caudete celebra el aprendizaje y la participaci\u00f3n ciudadana con ErasmusDays\",\"datePublished\":\"2025-10-17T12:56:07+00:00\",\"dateModified\":\"2025-10-17T17:42:34+00:00\",\"mainEntityOfPage\":{\"@id\":\"https:\\\/\\\/www.caudete.org\\\/ayuntamiento\\\/caudete-celebra-el-aprendizaje-y-la-participacion-ciudadana-con-erasmusdays\\\/\"},\"wordCount\":396,\"publisher\":{\"@id\":\"https:\\\/\\\/www.caudete.org\\\/ayuntamiento\\\/#organization\"},\"image\":{\"@id\":\"https:\\\/\\\/www.caudete.org\\\/ayuntamiento\\\/caudete-celebra-el-aprendizaje-y-la-participacion-ciudadana-con-erasmusdays\\\/#primaryimage\"},\"thumbnailUrl\":\"https:\\\/\\\/www.caudete.org\\\/ayuntamiento\\\/wp-content\\\/uploads\\\/2025\\\/10\\\/ErasmusDAys-1.jpg\",\"articleSection\":[\"Desarrollo Local\"],\"inLanguage\":\"es\"},{\"@type\":\"WebPage\",\"@id\":\"https:\\\/\\\/www.caudete.org\\\/ayuntamiento\\\/caudete-celebra-el-aprendizaje-y-la-participacion-ciudadana-con-erasmusdays\\\/\",\"url\":\"https:\\\/\\\/www.caudete.org\\\/ayuntamiento\\\/caudete-celebra-el-aprendizaje-y-la-participacion-ciudadana-con-erasmusdays\\\/\",\"name\":\"Caudete celebra el aprendizaje y la participaci\u00f3n ciudadana con ErasmusDays - MI Ayuntamiento de Caudete\",\"isPartOf\":{\"@id\":\"https:\\\/\\\/www.caudete.org\\\/ayuntamiento\\\/#website\"},\"primaryImageOfPage\":{\"@id\":\"https:\\\/\\\/www.caudete.org\\\/ayuntamiento\\\/caudete-celebra-el-aprendizaje-y-la-participacion-ciudadana-con-erasmusdays\\\/#primaryimage\"},\"image\":{\"@id\":\"https:\\\/\\\/www.caudete.org\\\/ayuntamiento\\\/caudete-celebra-el-aprendizaje-y-la-participacion-ciudadana-con-erasmusdays\\\/#primaryimage\"},\"thumbnailUrl\":\"https:\\\/\\\/www.caudete.org\\\/ayuntamiento\\\/wp-content\\\/uploads\\\/2025\\\/10\\\/ErasmusDAys-1.jpg\",\"datePublished\":\"2025-10-17T12:56:07+00:00\",\"dateModified\":\"2025-10-17T17:42:34+00:00\",\"description\":\"P\u00e1gina Oficial del Ayuntamiento de Caudete (Albacete)\",\"breadcrumb\":{\"@id\":\"https:\\\/\\\/www.caudete.org\\\/ayuntamiento\\\/caudete-celebra-el-aprendizaje-y-la-participacion-ciudadana-con-erasmusdays\\\/#breadcrumb\"},\"inLanguage\":\"es\",\"potentialAction\":[{\"@type\":\"ReadAction\",\"target\":[\"https:\\\/\\\/www.caudete.org\\\/ayuntamiento\\\/caudete-celebra-el-aprendizaje-y-la-participacion-ciudadana-con-erasmusdays\\\/\"]}]},{\"@type\":\"ImageObject\",\"inLanguage\":\"es\",\"@id\":\"https:\\\/\\\/www.caudete.org\\\/ayuntamiento\\\/caudete-celebra-el-aprendizaje-y-la-participacion-ciudadana-con-erasmusdays\\\/#primaryimage\",\"url\":\"https:\\\/\\\/www.caudete.org\\\/ayuntamiento\\\/wp-content\\\/uploads\\\/2025\\\/10\\\/ErasmusDAys-1.jpg\",\"contentUrl\":\"https:\\\/\\\/www.caudete.org\\\/ayuntamiento\\\/wp-content\\\/uploads\\\/2025\\\/10\\\/ErasmusDAys-1.jpg\",\"width\":1000,\"height\":505},{\"@type\":\"BreadcrumbList\",\"@id\":\"https:\\\/\\\/www.caudete.org\\\/ayuntamiento\\\/caudete-celebra-el-aprendizaje-y-la-participacion-ciudadana-con-erasmusdays\\\/#breadcrumb\",\"itemListElement\":[{\"@type\":\"ListItem\",\"position\":1,\"name\":\"Inicio\",\"item\":\"https:\\\/\\\/www.caudete.org\\\/ayuntamiento\\\/\"},{\"@type\":\"ListItem\",\"position\":2,\"name\":\"Caudete celebra el aprendizaje y la participaci\u00f3n ciudadana con ErasmusDays\"}]},{\"@type\":\"WebSite\",\"@id\":\"https:\\\/\\\/www.caudete.org\\\/ayuntamiento\\\/#website\",\"url\":\"https:\\\/\\\/www.caudete.org\\\/ayuntamiento\\\/\",\"name\":\"MI Ayuntamiento de Caudete\",\"description\":\"P\u00e1gina Oficial del MI Ayuntamiento de Caudete\",\"publisher\":{\"@id\":\"https:\\\/\\\/www.caudete.org\\\/ayuntamiento\\\/#organization\"},\"potentialAction\":[{\"@type\":\"SearchAction\",\"target\":{\"@type\":\"EntryPoint\",\"urlTemplate\":\"https:\\\/\\\/www.caudete.org\\\/ayuntamiento\\\/?s={search_term_string}\"},\"query-input\":{\"@type\":\"PropertyValueSpecification\",\"valueRequired\":true,\"valueName\":\"search_term_string\"}}],\"inLanguage\":\"es\"},{\"@type\":\"Organization\",\"@id\":\"https:\\\/\\\/www.caudete.org\\\/ayuntamiento\\\/#organization\",\"name\":\"Ayuntamiento de Caudete\",\"url\":\"https:\\\/\\\/www.caudete.org\\\/ayuntamiento\\\/\",\"logo\":{\"@type\":\"ImageObject\",\"inLanguage\":\"es\",\"@id\":\"https:\\\/\\\/www.caudete.org\\\/ayuntamiento\\\/#\\\/schema\\\/logo\\\/image\\\/\",\"url\":\"https:\\\/\\\/www.caudete.org\\\/ayuntamiento\\\/wp-content\\\/uploads\\\/2020\\\/11\\\/logo_ayuntamiento_caudete.jpg\",\"contentUrl\":\"https:\\\/\\\/www.caudete.org\\\/ayuntamiento\\\/wp-content\\\/uploads\\\/2020\\\/11\\\/logo_ayuntamiento_caudete.jpg\",\"width\":600,\"height\":150,\"caption\":\"Ayuntamiento de Caudete\"},\"image\":{\"@id\":\"https:\\\/\\\/www.caudete.org\\\/ayuntamiento\\\/#\\\/schema\\\/logo\\\/image\\\/\"},\"sameAs\":[\"https:\\\/\\\/www.facebook.com\\\/ayuntamientocaudete\\\/\",\"https:\\\/\\\/www.youtube.com\\\/channel\\\/UC6VztHaooNsGpw-tNoBEFnQ\"]},{\"@type\":\"Person\",\"@id\":\"https:\\\/\\\/www.caudete.org\\\/ayuntamiento\\\/#\\\/schema\\\/person\\\/4b9eab41761957db9b1bf9c418d1ef46\",\"name\":\"Dpto Informatica MI Ayuntamiento de Caudete\",\"image\":{\"@type\":\"ImageObject\",\"inLanguage\":\"es\",\"@id\":\"https:\\\/\\\/secure.gravatar.com\\\/avatar\\\/ac0321ee4a0a83e82a253e7b2d348ef539e2c8fe16d06b600bde04de1b364fa7?s=96&d=mm&r=g\",\"url\":\"https:\\\/\\\/secure.gravatar.com\\\/avatar\\\/ac0321ee4a0a83e82a253e7b2d348ef539e2c8fe16d06b600bde04de1b364fa7?s=96&d=mm&r=g\",\"contentUrl\":\"https:\\\/\\\/secure.gravatar.com\\\/avatar\\\/ac0321ee4a0a83e82a253e7b2d348ef539e2c8fe16d06b600bde04de1b364fa7?s=96&d=mm&r=g\",\"caption\":\"Dpto Informatica MI Ayuntamiento de Caudete\"},\"url\":\"https:\\\/\\\/www.caudete.org\\\/ayuntamiento\\\/author\\\/informatica\\\/\"}]}<\/script>\n<!-- \/ Yoast SEO plugin. -->","yoast_head_json":{"title":"Caudete celebra el aprendizaje y la participaci\u00f3n ciudadana con ErasmusDays - MI Ayuntamiento de Caudete","description":"P\u00e1gina Oficial del Ayuntamiento de Caudete (Albacete)","robots":{"index":"index","follow":"follow","max-snippet":"max-snippet:-1","max-image-preview":"max-image-preview:large","max-video-preview":"max-video-preview:-1"},"canonical":"https:\/\/www.caudete.org\/ayuntamiento\/caudete-celebra-el-aprendizaje-y-la-participacion-ciudadana-con-erasmusdays\/","og_locale":"es_ES","og_type":"article","og_title":"Caudete celebra el aprendizaje y la participaci\u00f3n ciudadana con ErasmusDays - MI Ayuntamiento de Caudete","og_description":"P\u00e1gina Oficial del Ayuntamiento de Caudete (Albacete)","og_url":"https:\/\/www.caudete.org\/ayuntamiento\/caudete-celebra-el-aprendizaje-y-la-participacion-ciudadana-con-erasmusdays\/","og_site_name":"MI Ayuntamiento de Caudete","article_publisher":"https:\/\/www.facebook.com\/ayuntamientocaudete\/","article_published_time":"2025-10-17T12:56:07+00:00","article_modified_time":"2025-10-17T17:42:34+00:00","og_image":[{"width":1000,"height":505,"url":"https:\/\/www.caudete.org\/ayuntamiento\/wp-content\/uploads\/2025\/10\/ErasmusDAys-1.jpg","type":"image\/jpeg"}],"author":"Dpto Informatica MI Ayuntamiento de Caudete","twitter_card":"summary_large_image","twitter_misc":{"Escrito por":"Dpto Informatica MI Ayuntamiento de Caudete","Tiempo de lectura":"2 minutos"},"schema":{"@context":"https:\/\/schema.org","@graph":[{"@type":"Article","@id":"https:\/\/www.caudete.org\/ayuntamiento\/caudete-celebra-el-aprendizaje-y-la-participacion-ciudadana-con-erasmusdays\/#article","isPartOf":{"@id":"https:\/\/www.caudete.org\/ayuntamiento\/caudete-celebra-el-aprendizaje-y-la-participacion-ciudadana-con-erasmusdays\/"},"author":{"name":"Dpto Informatica MI Ayuntamiento de Caudete","@id":"https:\/\/www.caudete.org\/ayuntamiento\/#\/schema\/person\/4b9eab41761957db9b1bf9c418d1ef46"},"headline":"Caudete celebra el aprendizaje y la participaci\u00f3n ciudadana con ErasmusDays","datePublished":"2025-10-17T12:56:07+00:00","dateModified":"2025-10-17T17:42:34+00:00","mainEntityOfPage":{"@id":"https:\/\/www.caudete.org\/ayuntamiento\/caudete-celebra-el-aprendizaje-y-la-participacion-ciudadana-con-erasmusdays\/"},"wordCount":396,"publisher":{"@id":"https:\/\/www.caudete.org\/ayuntamiento\/#organization"},"image":{"@id":"https:\/\/www.caudete.org\/ayuntamiento\/caudete-celebra-el-aprendizaje-y-la-participacion-ciudadana-con-erasmusdays\/#primaryimage"},"thumbnailUrl":"https:\/\/www.caudete.org\/ayuntamiento\/wp-content\/uploads\/2025\/10\/ErasmusDAys-1.jpg","articleSection":["Desarrollo Local"],"inLanguage":"es"},{"@type":"WebPage","@id":"https:\/\/www.caudete.org\/ayuntamiento\/caudete-celebra-el-aprendizaje-y-la-participacion-ciudadana-con-erasmusdays\/","url":"https:\/\/www.caudete.org\/ayuntamiento\/caudete-celebra-el-aprendizaje-y-la-participacion-ciudadana-con-erasmusdays\/","name":"Caudete celebra el aprendizaje y la participaci\u00f3n ciudadana con ErasmusDays - MI Ayuntamiento de Caudete","isPartOf":{"@id":"https:\/\/www.caudete.org\/ayuntamiento\/#website"},"primaryImageOfPage":{"@id":"https:\/\/www.caudete.org\/ayuntamiento\/caudete-celebra-el-aprendizaje-y-la-participacion-ciudadana-con-erasmusdays\/#primaryimage"},"image":{"@id":"https:\/\/www.caudete.org\/ayuntamiento\/caudete-celebra-el-aprendizaje-y-la-participacion-ciudadana-con-erasmusdays\/#primaryimage"},"thumbnailUrl":"https:\/\/www.caudete.org\/ayuntamiento\/wp-content\/uploads\/2025\/10\/ErasmusDAys-1.jpg","datePublished":"2025-10-17T12:56:07+00:00","dateModified":"2025-10-17T17:42:34+00:00","description":"P\u00e1gina Oficial del Ayuntamiento de Caudete (Albacete)","breadcrumb":{"@id":"https:\/\/www.caudete.org\/ayuntamiento\/caudete-celebra-el-aprendizaje-y-la-participacion-ciudadana-con-erasmusdays\/#breadcrumb"},"inLanguage":"es","potentialAction":[{"@type":"ReadAction","target":["https:\/\/www.caudete.org\/ayuntamiento\/caudete-celebra-el-aprendizaje-y-la-participacion-ciudadana-con-erasmusdays\/"]}]},{"@type":"ImageObject","inLanguage":"es","@id":"https:\/\/www.caudete.org\/ayuntamiento\/caudete-celebra-el-aprendizaje-y-la-participacion-ciudadana-con-erasmusdays\/#primaryimage","url":"https:\/\/www.caudete.org\/ayuntamiento\/wp-content\/uploads\/2025\/10\/ErasmusDAys-1.jpg","contentUrl":"https:\/\/www.caudete.org\/ayuntamiento\/wp-content\/uploads\/2025\/10\/ErasmusDAys-1.jpg","width":1000,"height":505},{"@type":"BreadcrumbList","@id":"https:\/\/www.caudete.org\/ayuntamiento\/caudete-celebra-el-aprendizaje-y-la-participacion-ciudadana-con-erasmusdays\/#breadcrumb","itemListElement":[{"@type":"ListItem","position":1,"name":"Inicio","item":"https:\/\/www.caudete.org\/ayuntamiento\/"},{"@type":"ListItem","position":2,"name":"Caudete celebra el aprendizaje y la participaci\u00f3n ciudadana con ErasmusDays"}]},{"@type":"WebSite","@id":"https:\/\/www.caudete.org\/ayuntamiento\/#website","url":"https:\/\/www.caudete.org\/ayuntamiento\/","name":"MI Ayuntamiento de Caudete","description":"P\u00e1gina Oficial del MI Ayuntamiento de Caudete","publisher":{"@id":"https:\/\/www.caudete.org\/ayuntamiento\/#organization"},"potentialAction":[{"@type":"SearchAction","target":{"@type":"EntryPoint","urlTemplate":"https:\/\/www.caudete.org\/ayuntamiento\/?s={search_term_string}"},"query-input":{"@type":"PropertyValueSpecification","valueRequired":true,"valueName":"search_term_string"}}],"inLanguage":"es"},{"@type":"Organization","@id":"https:\/\/www.caudete.org\/ayuntamiento\/#organization","name":"Ayuntamiento de Caudete","url":"https:\/\/www.caudete.org\/ayuntamiento\/","logo":{"@type":"ImageObject","inLanguage":"es","@id":"https:\/\/www.caudete.org\/ayuntamiento\/#\/schema\/logo\/image\/","url":"https:\/\/www.caudete.org\/ayuntamiento\/wp-content\/uploads\/2020\/11\/logo_ayuntamiento_caudete.jpg","contentUrl":"https:\/\/www.caudete.org\/ayuntamiento\/wp-content\/uploads\/2020\/11\/logo_ayuntamiento_caudete.jpg","width":600,"height":150,"caption":"Ayuntamiento de Caudete"},"image":{"@id":"https:\/\/www.caudete.org\/ayuntamiento\/#\/schema\/logo\/image\/"},"sameAs":["https:\/\/www.facebook.com\/ayuntamientocaudete\/","https:\/\/www.youtube.com\/channel\/UC6VztHaooNsGpw-tNoBEFnQ"]},{"@type":"Person","@id":"https:\/\/www.caudete.org\/ayuntamiento\/#\/schema\/person\/4b9eab41761957db9b1bf9c418d1ef46","name":"Dpto Informatica MI Ayuntamiento de Caudete","image":{"@type":"ImageObject","inLanguage":"es","@id":"https:\/\/secure.gravatar.com\/avatar\/ac0321ee4a0a83e82a253e7b2d348ef539e2c8fe16d06b600bde04de1b364fa7?s=96&d=mm&r=g","url":"https:\/\/secure.gravatar.com\/avatar\/ac0321ee4a0a83e82a253e7b2d348ef539e2c8fe16d06b600bde04de1b364fa7?s=96&d=mm&r=g","contentUrl":"https:\/\/secure.gravatar.com\/avatar\/ac0321ee4a0a83e82a253e7b2d348ef539e2c8fe16d06b600bde04de1b364fa7?s=96&d=mm&r=g","caption":"Dpto Informatica MI Ayuntamiento de Caudete"},"url":"https:\/\/www.caudete.org\/ayuntamiento\/author\/informatica\/"}]}},"_links":{"self":[{"href":"https:\/\/www.caudete.org\/ayuntamiento\/wp-json\/wp\/v2\/posts\/31124","targetHints":{"allow":["GET"]}}],"collection":[{"href":"https:\/\/www.caudete.org\/ayuntamiento\/wp-json\/wp\/v2\/posts"}],"about":[{"href":"https:\/\/www.caudete.org\/ayuntamiento\/wp-json\/wp\/v2\/types\/post"}],"author":[{"embeddable":true,"href":"https:\/\/www.caudete.org\/ayuntamiento\/wp-json\/wp\/v2\/users\/5"}],"replies":[{"embeddable":true,"href":"https:\/\/www.caudete.org\/ayuntamiento\/wp-json\/wp\/v2\/comments?post=31124"}],"version-history":[{"count":4,"href":"https:\/\/www.caudete.org\/ayuntamiento\/wp-json\/wp\/v2\/posts\/31124\/revisions"}],"predecessor-version":[{"id":31151,"href":"https:\/\/www.caudete.org\/ayuntamiento\/wp-json\/wp\/v2\/posts\/31124\/revisions\/31151"}],"wp:featuredmedia":[{"embeddable":true,"href":"https:\/\/www.caudete.org\/ayuntamiento\/wp-json\/wp\/v2\/media\/31144"}],"wp:attachment":[{"href":"https:\/\/www.caudete.org\/ayuntamiento\/wp-json\/wp\/v2\/media?parent=31124"}],"wp:term":[{"taxonomy":"category","embeddable":true,"href":"https:\/\/www.caudete.org\/ayuntamiento\/wp-json\/wp\/v2\/categories?post=31124"},{"taxonomy":"post_tag","embeddable":true,"href":"https:\/\/www.caudete.org\/ayuntamiento\/wp-json\/wp\/v2\/tags?post=31124"}],"curies":[{"name":"wp","href":"https:\/\/api.w.org\/{rel}","templated":true}]}}