{"id":31145,"date":"2025-10-17T17:17:23","date_gmt":"2025-10-17T15:17:23","guid":{"rendered":"https:\/\/www.caudete.org\/ayuntamiento\/?p=31145"},"modified":"2025-10-17T19:45:56","modified_gmt":"2025-10-17T17:45:56","slug":"%f0%9f%9f%a9-el-muy-ilustre-ayuntamiento-de-caudete-realiza-los-tratamientos-contra-la-procesionaria-del-pino","status":"publish","type":"post","link":"https:\/\/www.caudete.org\/ayuntamiento\/%f0%9f%9f%a9-el-muy-ilustre-ayuntamiento-de-caudete-realiza-los-tratamientos-contra-la-procesionaria-del-pino\/","title":{"rendered":"El Muy Ilustre Ayuntamiento de Caudete realiza los tratamientos contra la procesionaria del pino"},"content":{"rendered":"<p>Tal y como se inform\u00f3 anteriormente, el Muy Ilustre Ayuntamiento de Caudete, a trav\u00e9s de la Concejal\u00eda de Medio Ambiente, ha procedido a llevar a cabo las labores de tratamiento contra la procesionaria del pino, una vez que las condiciones clim\u00e1ticas han sido las adecuadas para garantizar su eficacia.<\/p>\n<p>Por una parte, en los pinos aislados o de menor tama\u00f1o situados en las zonas verdes del municipio, los tratamientos se han efectuado mediante cuba y pulverizadores de carretilla, por parte del personal adscrito al Servicio de Mantenimiento de Zonas Verdes.<\/p>\n<p>Por otra parte, en las pinadas o superficies m\u00e1s amplias, las labores se han realizado mediante tractor-cuba, a trav\u00e9s de una empresa local contratada por la actual adjudicataria del servicio, la UTE SIFU-BR\u00d3COLI.<\/p>\n<p>Actualmente est\u00e1n emergiendo las primeras larvas y se encuentran en el estadio larvario m\u00e1s sensible, lo que convierte este momento en el id\u00f3neo para actuar. De esta forma, se evita que las orugas avancen hacia fases m\u00e1s resistentes, en las que los tratamientos resultan menos efectivos, y se previene la formaci\u00f3n de las temidas bolsas.<\/p>\n<p>El tratamiento se ha realizado utilizando productos autorizados para espacios de uso p\u00fablico, poco agresivos para los usuarios de las zonas verdes, pero altamente eficaces para el control de la plaga.<\/p>\n<p>El concejal de Medio Ambiente, Francisco Jos\u00e9 Castell\u00f3, ha destacado \u201cla importancia de actuar de forma preventiva y en el momento adecuado para garantizar la salud de nuestro arbolado y la seguridad de vecinos y mascotas, especialmente en las zonas m\u00e1s frecuentadas del municipio\u201d.<\/p>\n<p>Caudete cuenta con m\u00e1s de <strong>250.000 metros cuadrados de zonas verdes y ajardinadas<\/strong>, lo que lo convierte en un aut\u00e9ntico pulm\u00f3n verde. Mantener en buen estado este patrimonio natural es una prioridad para el Departamento de Medio Ambiente, que trabaja durante todo el a\u00f1o en su conservaci\u00f3n, mejora y cuidado.<\/p>\n<p>Desde el Muy Ilustre Ayuntamiento de Caudete se pide disculpas por las posibles molestias ocasionadas durante la realizaci\u00f3n de estos trabajos.<\/p>\n","protected":false},"excerpt":{"rendered":"<p>Tal y como se inform\u00f3 anteriormente, el Muy Ilustre Ayuntamiento de Caudete, a trav\u00e9s de la Concejal\u00eda de Medio Ambiente, ha procedido a llevar a cabo las labores de tratamiento contra la procesionaria del pino, una vez que las condiciones clim\u00e1ticas han sido las adecuadas para garantizar su eficacia. Por una parte, en los pinos &hellip;<\/p>\n","protected":false},"author":7,"featured_media":31146,"comment_status":"closed","ping_status":"open","sticky":false,"template":"","format":"standard","meta":{"ngg_post_thumbnail":0,"footnotes":""},"categories":[29],"tags":[],"class_list":["post-31145","post","type-post","status-publish","format-standard","has-post-thumbnail","hentry","category-medio-ambiente"],"yoast_head":"<!-- This site is optimized with the Yoast SEO plugin v27.5 - https:\/\/yoast.com\/product\/yoast-seo-wordpress\/ -->\n<title>El Muy Ilustre Ayuntamiento de Caudete realiza los tratamientos contra la procesionaria del pino - MI Ayuntamiento de Caudete<\/title>\n<meta name=\"description\" content=\"P\u00e1gina Oficial del Ayuntamiento de Caudete (Albacete)\" \/>\n<meta name=\"robots\" content=\"index, follow, max-snippet:-1, max-image-preview:large, max-video-preview:-1\" \/>\n<link rel=\"canonical\" href=\"https:\/\/www.caudete.org\/ayuntamiento\/\ud83d\udfe9-el-muy-ilustre-ayuntamiento-de-caudete-realiza-los-tratamientos-contra-la-procesionaria-del-pino\/\" \/>\n<meta property=\"og:locale\" content=\"es_ES\" \/>\n<meta property=\"og:type\" content=\"article\" \/>\n<meta property=\"og:title\" content=\"El Muy Ilustre Ayuntamiento de Caudete realiza los tratamientos contra la procesionaria del pino - MI Ayuntamiento de Caudete\" \/>\n<meta property=\"og:description\" content=\"P\u00e1gina Oficial del Ayuntamiento de Caudete (Albacete)\" \/>\n<meta property=\"og:url\" content=\"https:\/\/www.caudete.org\/ayuntamiento\/\ud83d\udfe9-el-muy-ilustre-ayuntamiento-de-caudete-realiza-los-tratamientos-contra-la-procesionaria-del-pino\/\" \/>\n<meta property=\"og:site_name\" content=\"MI Ayuntamiento de Caudete\" \/>\n<meta property=\"article:publisher\" content=\"https:\/\/www.facebook.com\/ayuntamientocaudete\/\" \/>\n<meta property=\"article:published_time\" content=\"2025-10-17T15:17:23+00:00\" \/>\n<meta property=\"article:modified_time\" content=\"2025-10-17T17:45:56+00:00\" \/>\n<meta property=\"og:image\" content=\"https:\/\/www.caudete.org\/ayuntamiento\/wp-content\/uploads\/2025\/10\/eadb053b-3dae-423d-a2e9-81f2643f94e7.jpg\" \/>\n\t<meta property=\"og:image:width\" content=\"2040\" \/>\n\t<meta property=\"og:image:height\" content=\"1530\" \/>\n\t<meta property=\"og:image:type\" content=\"image\/jpeg\" \/>\n<meta name=\"author\" content=\"ConceMediosComunicacion\" \/>\n<meta name=\"twitter:card\" content=\"summary_large_image\" \/>\n<meta name=\"twitter:label1\" content=\"Escrito por\" \/>\n\t<meta name=\"twitter:data1\" content=\"ConceMediosComunicacion\" \/>\n\t<meta name=\"twitter:label2\" content=\"Tiempo de lectura\" \/>\n\t<meta name=\"twitter:data2\" content=\"2 minutos\" \/>\n<script type=\"application\/ld+json\" class=\"yoast-schema-graph\">{\"@context\":\"https:\\\/\\\/schema.org\",\"@graph\":[{\"@type\":\"Article\",\"@id\":\"https:\\\/\\\/www.caudete.org\\\/ayuntamiento\\\/%f0%9f%9f%a9-el-muy-ilustre-ayuntamiento-de-caudete-realiza-los-tratamientos-contra-la-procesionaria-del-pino\\\/#article\",\"isPartOf\":{\"@id\":\"https:\\\/\\\/www.caudete.org\\\/ayuntamiento\\\/%f0%9f%9f%a9-el-muy-ilustre-ayuntamiento-de-caudete-realiza-los-tratamientos-contra-la-procesionaria-del-pino\\\/\"},\"author\":{\"name\":\"ConceMediosComunicacion\",\"@id\":\"https:\\\/\\\/www.caudete.org\\\/ayuntamiento\\\/#\\\/schema\\\/person\\\/20dfe238fe5ee9d5f5e69267aa623e05\"},\"headline\":\"El Muy Ilustre Ayuntamiento de Caudete realiza los tratamientos contra la procesionaria del pino\",\"datePublished\":\"2025-10-17T15:17:23+00:00\",\"dateModified\":\"2025-10-17T17:45:56+00:00\",\"mainEntityOfPage\":{\"@id\":\"https:\\\/\\\/www.caudete.org\\\/ayuntamiento\\\/%f0%9f%9f%a9-el-muy-ilustre-ayuntamiento-de-caudete-realiza-los-tratamientos-contra-la-procesionaria-del-pino\\\/\"},\"wordCount\":357,\"image\":{\"@id\":\"https:\\\/\\\/www.caudete.org\\\/ayuntamiento\\\/%f0%9f%9f%a9-el-muy-ilustre-ayuntamiento-de-caudete-realiza-los-tratamientos-contra-la-procesionaria-del-pino\\\/#primaryimage\"},\"thumbnailUrl\":\"https:\\\/\\\/www.caudete.org\\\/ayuntamiento\\\/wp-content\\\/uploads\\\/2025\\\/10\\\/eadb053b-3dae-423d-a2e9-81f2643f94e7.jpg\",\"articleSection\":[\"Medio Ambiente\"],\"inLanguage\":\"es\"},{\"@type\":\"WebPage\",\"@id\":\"https:\\\/\\\/www.caudete.org\\\/ayuntamiento\\\/%f0%9f%9f%a9-el-muy-ilustre-ayuntamiento-de-caudete-realiza-los-tratamientos-contra-la-procesionaria-del-pino\\\/\",\"url\":\"https:\\\/\\\/www.caudete.org\\\/ayuntamiento\\\/%f0%9f%9f%a9-el-muy-ilustre-ayuntamiento-de-caudete-realiza-los-tratamientos-contra-la-procesionaria-del-pino\\\/\",\"name\":\"El Muy Ilustre Ayuntamiento de Caudete realiza los tratamientos contra la procesionaria del pino - MI Ayuntamiento de Caudete\",\"isPartOf\":{\"@id\":\"https:\\\/\\\/www.caudete.org\\\/ayuntamiento\\\/#website\"},\"primaryImageOfPage\":{\"@id\":\"https:\\\/\\\/www.caudete.org\\\/ayuntamiento\\\/%f0%9f%9f%a9-el-muy-ilustre-ayuntamiento-de-caudete-realiza-los-tratamientos-contra-la-procesionaria-del-pino\\\/#primaryimage\"},\"image\":{\"@id\":\"https:\\\/\\\/www.caudete.org\\\/ayuntamiento\\\/%f0%9f%9f%a9-el-muy-ilustre-ayuntamiento-de-caudete-realiza-los-tratamientos-contra-la-procesionaria-del-pino\\\/#primaryimage\"},\"thumbnailUrl\":\"https:\\\/\\\/www.caudete.org\\\/ayuntamiento\\\/wp-content\\\/uploads\\\/2025\\\/10\\\/eadb053b-3dae-423d-a2e9-81f2643f94e7.jpg\",\"datePublished\":\"2025-10-17T15:17:23+00:00\",\"dateModified\":\"2025-10-17T17:45:56+00:00\",\"author\":{\"@id\":\"https:\\\/\\\/www.caudete.org\\\/ayuntamiento\\\/#\\\/schema\\\/person\\\/20dfe238fe5ee9d5f5e69267aa623e05\"},\"description\":\"P\u00e1gina Oficial del Ayuntamiento de Caudete (Albacete)\",\"breadcrumb\":{\"@id\":\"https:\\\/\\\/www.caudete.org\\\/ayuntamiento\\\/%f0%9f%9f%a9-el-muy-ilustre-ayuntamiento-de-caudete-realiza-los-tratamientos-contra-la-procesionaria-del-pino\\\/#breadcrumb\"},\"inLanguage\":\"es\",\"potentialAction\":[{\"@type\":\"ReadAction\",\"target\":[\"https:\\\/\\\/www.caudete.org\\\/ayuntamiento\\\/%f0%9f%9f%a9-el-muy-ilustre-ayuntamiento-de-caudete-realiza-los-tratamientos-contra-la-procesionaria-del-pino\\\/\"]}]},{\"@type\":\"ImageObject\",\"inLanguage\":\"es\",\"@id\":\"https:\\\/\\\/www.caudete.org\\\/ayuntamiento\\\/%f0%9f%9f%a9-el-muy-ilustre-ayuntamiento-de-caudete-realiza-los-tratamientos-contra-la-procesionaria-del-pino\\\/#primaryimage\",\"url\":\"https:\\\/\\\/www.caudete.org\\\/ayuntamiento\\\/wp-content\\\/uploads\\\/2025\\\/10\\\/eadb053b-3dae-423d-a2e9-81f2643f94e7.jpg\",\"contentUrl\":\"https:\\\/\\\/www.caudete.org\\\/ayuntamiento\\\/wp-content\\\/uploads\\\/2025\\\/10\\\/eadb053b-3dae-423d-a2e9-81f2643f94e7.jpg\",\"width\":2040,\"height\":1530},{\"@type\":\"BreadcrumbList\",\"@id\":\"https:\\\/\\\/www.caudete.org\\\/ayuntamiento\\\/%f0%9f%9f%a9-el-muy-ilustre-ayuntamiento-de-caudete-realiza-los-tratamientos-contra-la-procesionaria-del-pino\\\/#breadcrumb\",\"itemListElement\":[{\"@type\":\"ListItem\",\"position\":1,\"name\":\"Inicio\",\"item\":\"https:\\\/\\\/www.caudete.org\\\/ayuntamiento\\\/\"},{\"@type\":\"ListItem\",\"position\":2,\"name\":\"El Muy Ilustre Ayuntamiento de Caudete realiza los tratamientos contra la procesionaria del pino\"}]},{\"@type\":\"WebSite\",\"@id\":\"https:\\\/\\\/www.caudete.org\\\/ayuntamiento\\\/#website\",\"url\":\"https:\\\/\\\/www.caudete.org\\\/ayuntamiento\\\/\",\"name\":\"MI Ayuntamiento de Caudete\",\"description\":\"P\u00e1gina Oficial del MI Ayuntamiento de Caudete\",\"potentialAction\":[{\"@type\":\"SearchAction\",\"target\":{\"@type\":\"EntryPoint\",\"urlTemplate\":\"https:\\\/\\\/www.caudete.org\\\/ayuntamiento\\\/?s={search_term_string}\"},\"query-input\":{\"@type\":\"PropertyValueSpecification\",\"valueRequired\":true,\"valueName\":\"search_term_string\"}}],\"inLanguage\":\"es\"},{\"@type\":\"Person\",\"@id\":\"https:\\\/\\\/www.caudete.org\\\/ayuntamiento\\\/#\\\/schema\\\/person\\\/20dfe238fe5ee9d5f5e69267aa623e05\",\"name\":\"ConceMediosComunicacion\",\"image\":{\"@type\":\"ImageObject\",\"inLanguage\":\"es\",\"@id\":\"https:\\\/\\\/secure.gravatar.com\\\/avatar\\\/9d162043ba1cd4ab14413e29fdb3655bfccde37e65ca99013604f8d2a19c636d?s=96&d=mm&r=g\",\"url\":\"https:\\\/\\\/secure.gravatar.com\\\/avatar\\\/9d162043ba1cd4ab14413e29fdb3655bfccde37e65ca99013604f8d2a19c636d?s=96&d=mm&r=g\",\"contentUrl\":\"https:\\\/\\\/secure.gravatar.com\\\/avatar\\\/9d162043ba1cd4ab14413e29fdb3655bfccde37e65ca99013604f8d2a19c636d?s=96&d=mm&r=g\",\"caption\":\"ConceMediosComunicacion\"},\"url\":\"https:\\\/\\\/www.caudete.org\\\/ayuntamiento\\\/author\\\/concemedioscomunicacion\\\/\"}]}<\/script>\n<!-- \/ Yoast SEO plugin. -->","yoast_head_json":{"title":"El Muy Ilustre Ayuntamiento de Caudete realiza los tratamientos contra la procesionaria del pino - MI Ayuntamiento de Caudete","description":"P\u00e1gina Oficial del Ayuntamiento de Caudete (Albacete)","robots":{"index":"index","follow":"follow","max-snippet":"max-snippet:-1","max-image-preview":"max-image-preview:large","max-video-preview":"max-video-preview:-1"},"canonical":"https:\/\/www.caudete.org\/ayuntamiento\/\ud83d\udfe9-el-muy-ilustre-ayuntamiento-de-caudete-realiza-los-tratamientos-contra-la-procesionaria-del-pino\/","og_locale":"es_ES","og_type":"article","og_title":"El Muy Ilustre Ayuntamiento de Caudete realiza los tratamientos contra la procesionaria del pino - MI Ayuntamiento de Caudete","og_description":"P\u00e1gina Oficial del Ayuntamiento de Caudete (Albacete)","og_url":"https:\/\/www.caudete.org\/ayuntamiento\/\ud83d\udfe9-el-muy-ilustre-ayuntamiento-de-caudete-realiza-los-tratamientos-contra-la-procesionaria-del-pino\/","og_site_name":"MI Ayuntamiento de Caudete","article_publisher":"https:\/\/www.facebook.com\/ayuntamientocaudete\/","article_published_time":"2025-10-17T15:17:23+00:00","article_modified_time":"2025-10-17T17:45:56+00:00","og_image":[{"width":2040,"height":1530,"url":"https:\/\/www.caudete.org\/ayuntamiento\/wp-content\/uploads\/2025\/10\/eadb053b-3dae-423d-a2e9-81f2643f94e7.jpg","type":"image\/jpeg"}],"author":"ConceMediosComunicacion","twitter_card":"summary_large_image","twitter_misc":{"Escrito por":"ConceMediosComunicacion","Tiempo de lectura":"2 minutos"},"schema":{"@context":"https:\/\/schema.org","@graph":[{"@type":"Article","@id":"https:\/\/www.caudete.org\/ayuntamiento\/%f0%9f%9f%a9-el-muy-ilustre-ayuntamiento-de-caudete-realiza-los-tratamientos-contra-la-procesionaria-del-pino\/#article","isPartOf":{"@id":"https:\/\/www.caudete.org\/ayuntamiento\/%f0%9f%9f%a9-el-muy-ilustre-ayuntamiento-de-caudete-realiza-los-tratamientos-contra-la-procesionaria-del-pino\/"},"author":{"name":"ConceMediosComunicacion","@id":"https:\/\/www.caudete.org\/ayuntamiento\/#\/schema\/person\/20dfe238fe5ee9d5f5e69267aa623e05"},"headline":"El Muy Ilustre Ayuntamiento de Caudete realiza los tratamientos contra la procesionaria del pino","datePublished":"2025-10-17T15:17:23+00:00","dateModified":"2025-10-17T17:45:56+00:00","mainEntityOfPage":{"@id":"https:\/\/www.caudete.org\/ayuntamiento\/%f0%9f%9f%a9-el-muy-ilustre-ayuntamiento-de-caudete-realiza-los-tratamientos-contra-la-procesionaria-del-pino\/"},"wordCount":357,"image":{"@id":"https:\/\/www.caudete.org\/ayuntamiento\/%f0%9f%9f%a9-el-muy-ilustre-ayuntamiento-de-caudete-realiza-los-tratamientos-contra-la-procesionaria-del-pino\/#primaryimage"},"thumbnailUrl":"https:\/\/www.caudete.org\/ayuntamiento\/wp-content\/uploads\/2025\/10\/eadb053b-3dae-423d-a2e9-81f2643f94e7.jpg","articleSection":["Medio Ambiente"],"inLanguage":"es"},{"@type":"WebPage","@id":"https:\/\/www.caudete.org\/ayuntamiento\/%f0%9f%9f%a9-el-muy-ilustre-ayuntamiento-de-caudete-realiza-los-tratamientos-contra-la-procesionaria-del-pino\/","url":"https:\/\/www.caudete.org\/ayuntamiento\/%f0%9f%9f%a9-el-muy-ilustre-ayuntamiento-de-caudete-realiza-los-tratamientos-contra-la-procesionaria-del-pino\/","name":"El Muy Ilustre Ayuntamiento de Caudete realiza los tratamientos contra la procesionaria del pino - MI Ayuntamiento de Caudete","isPartOf":{"@id":"https:\/\/www.caudete.org\/ayuntamiento\/#website"},"primaryImageOfPage":{"@id":"https:\/\/www.caudete.org\/ayuntamiento\/%f0%9f%9f%a9-el-muy-ilustre-ayuntamiento-de-caudete-realiza-los-tratamientos-contra-la-procesionaria-del-pino\/#primaryimage"},"image":{"@id":"https:\/\/www.caudete.org\/ayuntamiento\/%f0%9f%9f%a9-el-muy-ilustre-ayuntamiento-de-caudete-realiza-los-tratamientos-contra-la-procesionaria-del-pino\/#primaryimage"},"thumbnailUrl":"https:\/\/www.caudete.org\/ayuntamiento\/wp-content\/uploads\/2025\/10\/eadb053b-3dae-423d-a2e9-81f2643f94e7.jpg","datePublished":"2025-10-17T15:17:23+00:00","dateModified":"2025-10-17T17:45:56+00:00","author":{"@id":"https:\/\/www.caudete.org\/ayuntamiento\/#\/schema\/person\/20dfe238fe5ee9d5f5e69267aa623e05"},"description":"P\u00e1gina Oficial del Ayuntamiento de Caudete (Albacete)","breadcrumb":{"@id":"https:\/\/www.caudete.org\/ayuntamiento\/%f0%9f%9f%a9-el-muy-ilustre-ayuntamiento-de-caudete-realiza-los-tratamientos-contra-la-procesionaria-del-pino\/#breadcrumb"},"inLanguage":"es","potentialAction":[{"@type":"ReadAction","target":["https:\/\/www.caudete.org\/ayuntamiento\/%f0%9f%9f%a9-el-muy-ilustre-ayuntamiento-de-caudete-realiza-los-tratamientos-contra-la-procesionaria-del-pino\/"]}]},{"@type":"ImageObject","inLanguage":"es","@id":"https:\/\/www.caudete.org\/ayuntamiento\/%f0%9f%9f%a9-el-muy-ilustre-ayuntamiento-de-caudete-realiza-los-tratamientos-contra-la-procesionaria-del-pino\/#primaryimage","url":"https:\/\/www.caudete.org\/ayuntamiento\/wp-content\/uploads\/2025\/10\/eadb053b-3dae-423d-a2e9-81f2643f94e7.jpg","contentUrl":"https:\/\/www.caudete.org\/ayuntamiento\/wp-content\/uploads\/2025\/10\/eadb053b-3dae-423d-a2e9-81f2643f94e7.jpg","width":2040,"height":1530},{"@type":"BreadcrumbList","@id":"https:\/\/www.caudete.org\/ayuntamiento\/%f0%9f%9f%a9-el-muy-ilustre-ayuntamiento-de-caudete-realiza-los-tratamientos-contra-la-procesionaria-del-pino\/#breadcrumb","itemListElement":[{"@type":"ListItem","position":1,"name":"Inicio","item":"https:\/\/www.caudete.org\/ayuntamiento\/"},{"@type":"ListItem","position":2,"name":"El Muy Ilustre Ayuntamiento de Caudete realiza los tratamientos contra la procesionaria del pino"}]},{"@type":"WebSite","@id":"https:\/\/www.caudete.org\/ayuntamiento\/#website","url":"https:\/\/www.caudete.org\/ayuntamiento\/","name":"MI Ayuntamiento de Caudete","description":"P\u00e1gina Oficial del MI Ayuntamiento de Caudete","potentialAction":[{"@type":"SearchAction","target":{"@type":"EntryPoint","urlTemplate":"https:\/\/www.caudete.org\/ayuntamiento\/?s={search_term_string}"},"query-input":{"@type":"PropertyValueSpecification","valueRequired":true,"valueName":"search_term_string"}}],"inLanguage":"es"},{"@type":"Person","@id":"https:\/\/www.caudete.org\/ayuntamiento\/#\/schema\/person\/20dfe238fe5ee9d5f5e69267aa623e05","name":"ConceMediosComunicacion","image":{"@type":"ImageObject","inLanguage":"es","@id":"https:\/\/secure.gravatar.com\/avatar\/9d162043ba1cd4ab14413e29fdb3655bfccde37e65ca99013604f8d2a19c636d?s=96&d=mm&r=g","url":"https:\/\/secure.gravatar.com\/avatar\/9d162043ba1cd4ab14413e29fdb3655bfccde37e65ca99013604f8d2a19c636d?s=96&d=mm&r=g","contentUrl":"https:\/\/secure.gravatar.com\/avatar\/9d162043ba1cd4ab14413e29fdb3655bfccde37e65ca99013604f8d2a19c636d?s=96&d=mm&r=g","caption":"ConceMediosComunicacion"},"url":"https:\/\/www.caudete.org\/ayuntamiento\/author\/concemedioscomunicacion\/"}]}},"_links":{"self":[{"href":"https:\/\/www.caudete.org\/ayuntamiento\/wp-json\/wp\/v2\/posts\/31145","targetHints":{"allow":["GET"]}}],"collection":[{"href":"https:\/\/www.caudete.org\/ayuntamiento\/wp-json\/wp\/v2\/posts"}],"about":[{"href":"https:\/\/www.caudete.org\/ayuntamiento\/wp-json\/wp\/v2\/types\/post"}],"author":[{"embeddable":true,"href":"https:\/\/www.caudete.org\/ayuntamiento\/wp-json\/wp\/v2\/users\/7"}],"replies":[{"embeddable":true,"href":"https:\/\/www.caudete.org\/ayuntamiento\/wp-json\/wp\/v2\/comments?post=31145"}],"version-history":[{"count":6,"href":"https:\/\/www.caudete.org\/ayuntamiento\/wp-json\/wp\/v2\/posts\/31145\/revisions"}],"predecessor-version":[{"id":31154,"href":"https:\/\/www.caudete.org\/ayuntamiento\/wp-json\/wp\/v2\/posts\/31145\/revisions\/31154"}],"wp:featuredmedia":[{"embeddable":true,"href":"https:\/\/www.caudete.org\/ayuntamiento\/wp-json\/wp\/v2\/media\/31146"}],"wp:attachment":[{"href":"https:\/\/www.caudete.org\/ayuntamiento\/wp-json\/wp\/v2\/media?parent=31145"}],"wp:term":[{"taxonomy":"category","embeddable":true,"href":"https:\/\/www.caudete.org\/ayuntamiento\/wp-json\/wp\/v2\/categories?post=31145"},{"taxonomy":"post_tag","embeddable":true,"href":"https:\/\/www.caudete.org\/ayuntamiento\/wp-json\/wp\/v2\/tags?post=31145"}],"curies":[{"name":"wp","href":"https:\/\/api.w.org\/{rel}","templated":true}]}}