{"id":31155,"date":"2025-10-19T10:48:40","date_gmt":"2025-10-19T08:48:40","guid":{"rendered":"https:\/\/www.caudete.org\/ayuntamiento\/?p=31155"},"modified":"2025-10-19T10:48:40","modified_gmt":"2025-10-19T08:48:40","slug":"caudete-acogio-la-presentacion-del-nuevo-catalogo-pirotecnico-2026-de-pirotecnia-del-mediterraneo","status":"publish","type":"post","link":"https:\/\/www.caudete.org\/ayuntamiento\/caudete-acogio-la-presentacion-del-nuevo-catalogo-pirotecnico-2026-de-pirotecnia-del-mediterraneo\/","title":{"rendered":"Caudete acogi\u00f3 la presentaci\u00f3n del nuevo cat\u00e1logo pirot\u00e9cnico 2026 de Pirotecnia del Mediterr\u00e1neo"},"content":{"rendered":"<p data-start=\"214\" data-end=\"520\">Dentro de la programaci\u00f3n de la <strong data-start=\"246\" data-end=\"284\">Feria de San Miguel \u201cSiglo de Oro\u201d<\/strong>, <strong data-start=\"286\" data-end=\"317\">Pirotecnia del Mediterr\u00e1neo<\/strong> present\u00f3 en Caudete su nuevo <strong data-start=\"347\" data-end=\"376\">cat\u00e1logo pirot\u00e9cnico 2026<\/strong>, ofreciendo una <strong data-start=\"393\" data-end=\"445\">impresionante exhibici\u00f3n con m\u00e1s de 200 carcasas<\/strong>, que los caudetanos pudieron disfrutar <strong data-start=\"485\" data-end=\"517\">de forma totalmente gratuita<\/strong>.<\/p>\n<p data-start=\"522\" data-end=\"780\">El <strong data-start=\"525\" data-end=\"564\">Muy Ilustre Ayuntamiento de Caudete<\/strong> colabor\u00f3 en la parte <strong data-start=\"586\" data-end=\"613\">t\u00e9cnica y reglamentaria<\/strong>, coordinando los servicios de <strong data-start=\"644\" data-end=\"698\">ambulancia, Protecci\u00f3n Civil y la Brigada de Obras<\/strong>, con el fin de <strong data-start=\"714\" data-end=\"777\">garantizar la seguridad y el correcto desarrollo del evento<\/strong>.<\/p>\n<p data-start=\"782\" data-end=\"1008\">\ud83d\udc9a Desde el Ayuntamiento queremos expresar nuestro <strong data-start=\"833\" data-end=\"881\">agradecimiento a Pirotecnia del Mediterr\u00e1neo<\/strong> por elegir, <strong data-start=\"894\" data-end=\"928\">una vez m\u00e1s, a su pueblo natal<\/strong> para este estreno tan especial, que llen\u00f3 de luz y color el cielo de Caudete.<br \/>\n<img fetchpriority=\"high\" decoding=\"async\" class=\"alignnone size-medium wp-image-31156\" src=\"https:\/\/www.caudete.org\/ayuntamiento\/wp-content\/uploads\/2025\/10\/62cd0876-d53e-41cf-8ed8-6efc89190296-1200x554.jpg\" alt=\"\" width=\"1200\" height=\"554\" srcset=\"https:\/\/www.caudete.org\/ayuntamiento\/wp-content\/uploads\/2025\/10\/62cd0876-d53e-41cf-8ed8-6efc89190296-1200x554.jpg 1200w, https:\/\/www.caudete.org\/ayuntamiento\/wp-content\/uploads\/2025\/10\/62cd0876-d53e-41cf-8ed8-6efc89190296-350x161.jpg 350w, https:\/\/www.caudete.org\/ayuntamiento\/wp-content\/uploads\/2025\/10\/62cd0876-d53e-41cf-8ed8-6efc89190296-768x354.jpg 768w, https:\/\/www.caudete.org\/ayuntamiento\/wp-content\/uploads\/2025\/10\/62cd0876-d53e-41cf-8ed8-6efc89190296-1536x709.jpg 1536w, https:\/\/www.caudete.org\/ayuntamiento\/wp-content\/uploads\/2025\/10\/62cd0876-d53e-41cf-8ed8-6efc89190296.jpg 2048w\" sizes=\"(max-width: 1200px) 100vw, 1200px\" \/><\/p>\n","protected":false},"excerpt":{"rendered":"<p>Dentro de la programaci\u00f3n de la Feria de San Miguel \u201cSiglo de Oro\u201d, Pirotecnia del Mediterr\u00e1neo present\u00f3 en Caudete su nuevo cat\u00e1logo pirot\u00e9cnico 2026, ofreciendo una impresionante exhibici\u00f3n con m\u00e1s de 200 carcasas, que los caudetanos pudieron disfrutar de forma totalmente gratuita. El Muy Ilustre Ayuntamiento de Caudete colabor\u00f3 en la parte t\u00e9cnica y reglamentaria, &hellip;<\/p>\n","protected":false},"author":7,"featured_media":31157,"comment_status":"closed","ping_status":"open","sticky":false,"template":"","format":"standard","meta":{"ngg_post_thumbnail":0,"footnotes":""},"categories":[31],"tags":[],"class_list":["post-31155","post","type-post","status-publish","format-standard","has-post-thumbnail","hentry","category-fiestas"],"yoast_head":"<!-- This site is optimized with the Yoast SEO plugin v27.5 - https:\/\/yoast.com\/product\/yoast-seo-wordpress\/ -->\n<title>Caudete acogi\u00f3 la presentaci\u00f3n del nuevo cat\u00e1logo pirot\u00e9cnico 2026 de Pirotecnia del Mediterr\u00e1neo - MI Ayuntamiento de Caudete<\/title>\n<meta name=\"description\" content=\"P\u00e1gina Oficial del Ayuntamiento de Caudete (Albacete)\" \/>\n<meta name=\"robots\" content=\"index, follow, max-snippet:-1, max-image-preview:large, max-video-preview:-1\" \/>\n<link rel=\"canonical\" href=\"https:\/\/www.caudete.org\/ayuntamiento\/caudete-acogio-la-presentacion-del-nuevo-catalogo-pirotecnico-2026-de-pirotecnia-del-mediterraneo\/\" \/>\n<meta property=\"og:locale\" content=\"es_ES\" \/>\n<meta property=\"og:type\" content=\"article\" \/>\n<meta property=\"og:title\" content=\"Caudete acogi\u00f3 la presentaci\u00f3n del nuevo cat\u00e1logo pirot\u00e9cnico 2026 de Pirotecnia del Mediterr\u00e1neo - MI Ayuntamiento de Caudete\" \/>\n<meta property=\"og:description\" content=\"P\u00e1gina Oficial del Ayuntamiento de Caudete (Albacete)\" \/>\n<meta property=\"og:url\" content=\"https:\/\/www.caudete.org\/ayuntamiento\/caudete-acogio-la-presentacion-del-nuevo-catalogo-pirotecnico-2026-de-pirotecnia-del-mediterraneo\/\" \/>\n<meta property=\"og:site_name\" content=\"MI Ayuntamiento de Caudete\" \/>\n<meta property=\"article:publisher\" content=\"https:\/\/www.facebook.com\/ayuntamientocaudete\/\" \/>\n<meta property=\"article:published_time\" content=\"2025-10-19T08:48:40+00:00\" \/>\n<meta property=\"og:image\" content=\"https:\/\/www.caudete.org\/ayuntamiento\/wp-content\/uploads\/2025\/10\/fuegos_artificiales-port-1.jpg\" \/>\n\t<meta property=\"og:image:width\" content=\"864\" \/>\n\t<meta property=\"og:image:height\" content=\"380\" \/>\n\t<meta property=\"og:image:type\" content=\"image\/jpeg\" \/>\n<meta name=\"author\" content=\"ConceMediosComunicacion\" \/>\n<meta name=\"twitter:card\" content=\"summary_large_image\" \/>\n<meta name=\"twitter:label1\" content=\"Escrito por\" \/>\n\t<meta name=\"twitter:data1\" content=\"ConceMediosComunicacion\" \/>\n\t<meta name=\"twitter:label2\" content=\"Tiempo de lectura\" \/>\n\t<meta name=\"twitter:data2\" content=\"1 minuto\" \/>\n<script type=\"application\/ld+json\" class=\"yoast-schema-graph\">{\"@context\":\"https:\\\/\\\/schema.org\",\"@graph\":[{\"@type\":\"Article\",\"@id\":\"https:\\\/\\\/www.caudete.org\\\/ayuntamiento\\\/caudete-acogio-la-presentacion-del-nuevo-catalogo-pirotecnico-2026-de-pirotecnia-del-mediterraneo\\\/#article\",\"isPartOf\":{\"@id\":\"https:\\\/\\\/www.caudete.org\\\/ayuntamiento\\\/caudete-acogio-la-presentacion-del-nuevo-catalogo-pirotecnico-2026-de-pirotecnia-del-mediterraneo\\\/\"},\"author\":{\"name\":\"ConceMediosComunicacion\",\"@id\":\"https:\\\/\\\/www.caudete.org\\\/ayuntamiento\\\/#\\\/schema\\\/person\\\/20dfe238fe5ee9d5f5e69267aa623e05\"},\"headline\":\"Caudete acogi\u00f3 la presentaci\u00f3n del nuevo cat\u00e1logo pirot\u00e9cnico 2026 de Pirotecnia del Mediterr\u00e1neo\",\"datePublished\":\"2025-10-19T08:48:40+00:00\",\"mainEntityOfPage\":{\"@id\":\"https:\\\/\\\/www.caudete.org\\\/ayuntamiento\\\/caudete-acogio-la-presentacion-del-nuevo-catalogo-pirotecnico-2026-de-pirotecnia-del-mediterraneo\\\/\"},\"wordCount\":139,\"image\":{\"@id\":\"https:\\\/\\\/www.caudete.org\\\/ayuntamiento\\\/caudete-acogio-la-presentacion-del-nuevo-catalogo-pirotecnico-2026-de-pirotecnia-del-mediterraneo\\\/#primaryimage\"},\"thumbnailUrl\":\"https:\\\/\\\/www.caudete.org\\\/ayuntamiento\\\/wp-content\\\/uploads\\\/2025\\\/10\\\/fuegos_artificiales-port-1.jpg\",\"articleSection\":[\"Fiestas\"],\"inLanguage\":\"es\"},{\"@type\":\"WebPage\",\"@id\":\"https:\\\/\\\/www.caudete.org\\\/ayuntamiento\\\/caudete-acogio-la-presentacion-del-nuevo-catalogo-pirotecnico-2026-de-pirotecnia-del-mediterraneo\\\/\",\"url\":\"https:\\\/\\\/www.caudete.org\\\/ayuntamiento\\\/caudete-acogio-la-presentacion-del-nuevo-catalogo-pirotecnico-2026-de-pirotecnia-del-mediterraneo\\\/\",\"name\":\"Caudete acogi\u00f3 la presentaci\u00f3n del nuevo cat\u00e1logo pirot\u00e9cnico 2026 de Pirotecnia del Mediterr\u00e1neo - MI Ayuntamiento de Caudete\",\"isPartOf\":{\"@id\":\"https:\\\/\\\/www.caudete.org\\\/ayuntamiento\\\/#website\"},\"primaryImageOfPage\":{\"@id\":\"https:\\\/\\\/www.caudete.org\\\/ayuntamiento\\\/caudete-acogio-la-presentacion-del-nuevo-catalogo-pirotecnico-2026-de-pirotecnia-del-mediterraneo\\\/#primaryimage\"},\"image\":{\"@id\":\"https:\\\/\\\/www.caudete.org\\\/ayuntamiento\\\/caudete-acogio-la-presentacion-del-nuevo-catalogo-pirotecnico-2026-de-pirotecnia-del-mediterraneo\\\/#primaryimage\"},\"thumbnailUrl\":\"https:\\\/\\\/www.caudete.org\\\/ayuntamiento\\\/wp-content\\\/uploads\\\/2025\\\/10\\\/fuegos_artificiales-port-1.jpg\",\"datePublished\":\"2025-10-19T08:48:40+00:00\",\"author\":{\"@id\":\"https:\\\/\\\/www.caudete.org\\\/ayuntamiento\\\/#\\\/schema\\\/person\\\/20dfe238fe5ee9d5f5e69267aa623e05\"},\"description\":\"P\u00e1gina Oficial del Ayuntamiento de Caudete (Albacete)\",\"breadcrumb\":{\"@id\":\"https:\\\/\\\/www.caudete.org\\\/ayuntamiento\\\/caudete-acogio-la-presentacion-del-nuevo-catalogo-pirotecnico-2026-de-pirotecnia-del-mediterraneo\\\/#breadcrumb\"},\"inLanguage\":\"es\",\"potentialAction\":[{\"@type\":\"ReadAction\",\"target\":[\"https:\\\/\\\/www.caudete.org\\\/ayuntamiento\\\/caudete-acogio-la-presentacion-del-nuevo-catalogo-pirotecnico-2026-de-pirotecnia-del-mediterraneo\\\/\"]}]},{\"@type\":\"ImageObject\",\"inLanguage\":\"es\",\"@id\":\"https:\\\/\\\/www.caudete.org\\\/ayuntamiento\\\/caudete-acogio-la-presentacion-del-nuevo-catalogo-pirotecnico-2026-de-pirotecnia-del-mediterraneo\\\/#primaryimage\",\"url\":\"https:\\\/\\\/www.caudete.org\\\/ayuntamiento\\\/wp-content\\\/uploads\\\/2025\\\/10\\\/fuegos_artificiales-port-1.jpg\",\"contentUrl\":\"https:\\\/\\\/www.caudete.org\\\/ayuntamiento\\\/wp-content\\\/uploads\\\/2025\\\/10\\\/fuegos_artificiales-port-1.jpg\",\"width\":864,\"height\":380},{\"@type\":\"BreadcrumbList\",\"@id\":\"https:\\\/\\\/www.caudete.org\\\/ayuntamiento\\\/caudete-acogio-la-presentacion-del-nuevo-catalogo-pirotecnico-2026-de-pirotecnia-del-mediterraneo\\\/#breadcrumb\",\"itemListElement\":[{\"@type\":\"ListItem\",\"position\":1,\"name\":\"Inicio\",\"item\":\"https:\\\/\\\/www.caudete.org\\\/ayuntamiento\\\/\"},{\"@type\":\"ListItem\",\"position\":2,\"name\":\"Caudete acogi\u00f3 la presentaci\u00f3n del nuevo cat\u00e1logo pirot\u00e9cnico 2026 de Pirotecnia del Mediterr\u00e1neo\"}]},{\"@type\":\"WebSite\",\"@id\":\"https:\\\/\\\/www.caudete.org\\\/ayuntamiento\\\/#website\",\"url\":\"https:\\\/\\\/www.caudete.org\\\/ayuntamiento\\\/\",\"name\":\"MI Ayuntamiento de Caudete\",\"description\":\"P\u00e1gina Oficial del MI Ayuntamiento de Caudete\",\"potentialAction\":[{\"@type\":\"SearchAction\",\"target\":{\"@type\":\"EntryPoint\",\"urlTemplate\":\"https:\\\/\\\/www.caudete.org\\\/ayuntamiento\\\/?s={search_term_string}\"},\"query-input\":{\"@type\":\"PropertyValueSpecification\",\"valueRequired\":true,\"valueName\":\"search_term_string\"}}],\"inLanguage\":\"es\"},{\"@type\":\"Person\",\"@id\":\"https:\\\/\\\/www.caudete.org\\\/ayuntamiento\\\/#\\\/schema\\\/person\\\/20dfe238fe5ee9d5f5e69267aa623e05\",\"name\":\"ConceMediosComunicacion\",\"image\":{\"@type\":\"ImageObject\",\"inLanguage\":\"es\",\"@id\":\"https:\\\/\\\/secure.gravatar.com\\\/avatar\\\/9d162043ba1cd4ab14413e29fdb3655bfccde37e65ca99013604f8d2a19c636d?s=96&d=mm&r=g\",\"url\":\"https:\\\/\\\/secure.gravatar.com\\\/avatar\\\/9d162043ba1cd4ab14413e29fdb3655bfccde37e65ca99013604f8d2a19c636d?s=96&d=mm&r=g\",\"contentUrl\":\"https:\\\/\\\/secure.gravatar.com\\\/avatar\\\/9d162043ba1cd4ab14413e29fdb3655bfccde37e65ca99013604f8d2a19c636d?s=96&d=mm&r=g\",\"caption\":\"ConceMediosComunicacion\"},\"url\":\"https:\\\/\\\/www.caudete.org\\\/ayuntamiento\\\/author\\\/concemedioscomunicacion\\\/\"}]}<\/script>\n<!-- \/ Yoast SEO plugin. -->","yoast_head_json":{"title":"Caudete acogi\u00f3 la presentaci\u00f3n del nuevo cat\u00e1logo pirot\u00e9cnico 2026 de Pirotecnia del Mediterr\u00e1neo - MI Ayuntamiento de Caudete","description":"P\u00e1gina Oficial del Ayuntamiento de Caudete (Albacete)","robots":{"index":"index","follow":"follow","max-snippet":"max-snippet:-1","max-image-preview":"max-image-preview:large","max-video-preview":"max-video-preview:-1"},"canonical":"https:\/\/www.caudete.org\/ayuntamiento\/caudete-acogio-la-presentacion-del-nuevo-catalogo-pirotecnico-2026-de-pirotecnia-del-mediterraneo\/","og_locale":"es_ES","og_type":"article","og_title":"Caudete acogi\u00f3 la presentaci\u00f3n del nuevo cat\u00e1logo pirot\u00e9cnico 2026 de Pirotecnia del Mediterr\u00e1neo - MI Ayuntamiento de Caudete","og_description":"P\u00e1gina Oficial del Ayuntamiento de Caudete (Albacete)","og_url":"https:\/\/www.caudete.org\/ayuntamiento\/caudete-acogio-la-presentacion-del-nuevo-catalogo-pirotecnico-2026-de-pirotecnia-del-mediterraneo\/","og_site_name":"MI Ayuntamiento de Caudete","article_publisher":"https:\/\/www.facebook.com\/ayuntamientocaudete\/","article_published_time":"2025-10-19T08:48:40+00:00","og_image":[{"width":864,"height":380,"url":"https:\/\/www.caudete.org\/ayuntamiento\/wp-content\/uploads\/2025\/10\/fuegos_artificiales-port-1.jpg","type":"image\/jpeg"}],"author":"ConceMediosComunicacion","twitter_card":"summary_large_image","twitter_misc":{"Escrito por":"ConceMediosComunicacion","Tiempo de lectura":"1 minuto"},"schema":{"@context":"https:\/\/schema.org","@graph":[{"@type":"Article","@id":"https:\/\/www.caudete.org\/ayuntamiento\/caudete-acogio-la-presentacion-del-nuevo-catalogo-pirotecnico-2026-de-pirotecnia-del-mediterraneo\/#article","isPartOf":{"@id":"https:\/\/www.caudete.org\/ayuntamiento\/caudete-acogio-la-presentacion-del-nuevo-catalogo-pirotecnico-2026-de-pirotecnia-del-mediterraneo\/"},"author":{"name":"ConceMediosComunicacion","@id":"https:\/\/www.caudete.org\/ayuntamiento\/#\/schema\/person\/20dfe238fe5ee9d5f5e69267aa623e05"},"headline":"Caudete acogi\u00f3 la presentaci\u00f3n del nuevo cat\u00e1logo pirot\u00e9cnico 2026 de Pirotecnia del Mediterr\u00e1neo","datePublished":"2025-10-19T08:48:40+00:00","mainEntityOfPage":{"@id":"https:\/\/www.caudete.org\/ayuntamiento\/caudete-acogio-la-presentacion-del-nuevo-catalogo-pirotecnico-2026-de-pirotecnia-del-mediterraneo\/"},"wordCount":139,"image":{"@id":"https:\/\/www.caudete.org\/ayuntamiento\/caudete-acogio-la-presentacion-del-nuevo-catalogo-pirotecnico-2026-de-pirotecnia-del-mediterraneo\/#primaryimage"},"thumbnailUrl":"https:\/\/www.caudete.org\/ayuntamiento\/wp-content\/uploads\/2025\/10\/fuegos_artificiales-port-1.jpg","articleSection":["Fiestas"],"inLanguage":"es"},{"@type":"WebPage","@id":"https:\/\/www.caudete.org\/ayuntamiento\/caudete-acogio-la-presentacion-del-nuevo-catalogo-pirotecnico-2026-de-pirotecnia-del-mediterraneo\/","url":"https:\/\/www.caudete.org\/ayuntamiento\/caudete-acogio-la-presentacion-del-nuevo-catalogo-pirotecnico-2026-de-pirotecnia-del-mediterraneo\/","name":"Caudete acogi\u00f3 la presentaci\u00f3n del nuevo cat\u00e1logo pirot\u00e9cnico 2026 de Pirotecnia del Mediterr\u00e1neo - MI Ayuntamiento de Caudete","isPartOf":{"@id":"https:\/\/www.caudete.org\/ayuntamiento\/#website"},"primaryImageOfPage":{"@id":"https:\/\/www.caudete.org\/ayuntamiento\/caudete-acogio-la-presentacion-del-nuevo-catalogo-pirotecnico-2026-de-pirotecnia-del-mediterraneo\/#primaryimage"},"image":{"@id":"https:\/\/www.caudete.org\/ayuntamiento\/caudete-acogio-la-presentacion-del-nuevo-catalogo-pirotecnico-2026-de-pirotecnia-del-mediterraneo\/#primaryimage"},"thumbnailUrl":"https:\/\/www.caudete.org\/ayuntamiento\/wp-content\/uploads\/2025\/10\/fuegos_artificiales-port-1.jpg","datePublished":"2025-10-19T08:48:40+00:00","author":{"@id":"https:\/\/www.caudete.org\/ayuntamiento\/#\/schema\/person\/20dfe238fe5ee9d5f5e69267aa623e05"},"description":"P\u00e1gina Oficial del Ayuntamiento de Caudete (Albacete)","breadcrumb":{"@id":"https:\/\/www.caudete.org\/ayuntamiento\/caudete-acogio-la-presentacion-del-nuevo-catalogo-pirotecnico-2026-de-pirotecnia-del-mediterraneo\/#breadcrumb"},"inLanguage":"es","potentialAction":[{"@type":"ReadAction","target":["https:\/\/www.caudete.org\/ayuntamiento\/caudete-acogio-la-presentacion-del-nuevo-catalogo-pirotecnico-2026-de-pirotecnia-del-mediterraneo\/"]}]},{"@type":"ImageObject","inLanguage":"es","@id":"https:\/\/www.caudete.org\/ayuntamiento\/caudete-acogio-la-presentacion-del-nuevo-catalogo-pirotecnico-2026-de-pirotecnia-del-mediterraneo\/#primaryimage","url":"https:\/\/www.caudete.org\/ayuntamiento\/wp-content\/uploads\/2025\/10\/fuegos_artificiales-port-1.jpg","contentUrl":"https:\/\/www.caudete.org\/ayuntamiento\/wp-content\/uploads\/2025\/10\/fuegos_artificiales-port-1.jpg","width":864,"height":380},{"@type":"BreadcrumbList","@id":"https:\/\/www.caudete.org\/ayuntamiento\/caudete-acogio-la-presentacion-del-nuevo-catalogo-pirotecnico-2026-de-pirotecnia-del-mediterraneo\/#breadcrumb","itemListElement":[{"@type":"ListItem","position":1,"name":"Inicio","item":"https:\/\/www.caudete.org\/ayuntamiento\/"},{"@type":"ListItem","position":2,"name":"Caudete acogi\u00f3 la presentaci\u00f3n del nuevo cat\u00e1logo pirot\u00e9cnico 2026 de Pirotecnia del Mediterr\u00e1neo"}]},{"@type":"WebSite","@id":"https:\/\/www.caudete.org\/ayuntamiento\/#website","url":"https:\/\/www.caudete.org\/ayuntamiento\/","name":"MI Ayuntamiento de Caudete","description":"P\u00e1gina Oficial del MI Ayuntamiento de Caudete","potentialAction":[{"@type":"SearchAction","target":{"@type":"EntryPoint","urlTemplate":"https:\/\/www.caudete.org\/ayuntamiento\/?s={search_term_string}"},"query-input":{"@type":"PropertyValueSpecification","valueRequired":true,"valueName":"search_term_string"}}],"inLanguage":"es"},{"@type":"Person","@id":"https:\/\/www.caudete.org\/ayuntamiento\/#\/schema\/person\/20dfe238fe5ee9d5f5e69267aa623e05","name":"ConceMediosComunicacion","image":{"@type":"ImageObject","inLanguage":"es","@id":"https:\/\/secure.gravatar.com\/avatar\/9d162043ba1cd4ab14413e29fdb3655bfccde37e65ca99013604f8d2a19c636d?s=96&d=mm&r=g","url":"https:\/\/secure.gravatar.com\/avatar\/9d162043ba1cd4ab14413e29fdb3655bfccde37e65ca99013604f8d2a19c636d?s=96&d=mm&r=g","contentUrl":"https:\/\/secure.gravatar.com\/avatar\/9d162043ba1cd4ab14413e29fdb3655bfccde37e65ca99013604f8d2a19c636d?s=96&d=mm&r=g","caption":"ConceMediosComunicacion"},"url":"https:\/\/www.caudete.org\/ayuntamiento\/author\/concemedioscomunicacion\/"}]}},"_links":{"self":[{"href":"https:\/\/www.caudete.org\/ayuntamiento\/wp-json\/wp\/v2\/posts\/31155","targetHints":{"allow":["GET"]}}],"collection":[{"href":"https:\/\/www.caudete.org\/ayuntamiento\/wp-json\/wp\/v2\/posts"}],"about":[{"href":"https:\/\/www.caudete.org\/ayuntamiento\/wp-json\/wp\/v2\/types\/post"}],"author":[{"embeddable":true,"href":"https:\/\/www.caudete.org\/ayuntamiento\/wp-json\/wp\/v2\/users\/7"}],"replies":[{"embeddable":true,"href":"https:\/\/www.caudete.org\/ayuntamiento\/wp-json\/wp\/v2\/comments?post=31155"}],"version-history":[{"count":1,"href":"https:\/\/www.caudete.org\/ayuntamiento\/wp-json\/wp\/v2\/posts\/31155\/revisions"}],"predecessor-version":[{"id":31158,"href":"https:\/\/www.caudete.org\/ayuntamiento\/wp-json\/wp\/v2\/posts\/31155\/revisions\/31158"}],"wp:featuredmedia":[{"embeddable":true,"href":"https:\/\/www.caudete.org\/ayuntamiento\/wp-json\/wp\/v2\/media\/31157"}],"wp:attachment":[{"href":"https:\/\/www.caudete.org\/ayuntamiento\/wp-json\/wp\/v2\/media?parent=31155"}],"wp:term":[{"taxonomy":"category","embeddable":true,"href":"https:\/\/www.caudete.org\/ayuntamiento\/wp-json\/wp\/v2\/categories?post=31155"},{"taxonomy":"post_tag","embeddable":true,"href":"https:\/\/www.caudete.org\/ayuntamiento\/wp-json\/wp\/v2\/tags?post=31155"}],"curies":[{"name":"wp","href":"https:\/\/api.w.org\/{rel}","templated":true}]}}