{"id":31159,"date":"2025-10-20T08:48:13","date_gmt":"2025-10-20T06:48:13","guid":{"rendered":"https:\/\/www.caudete.org\/ayuntamiento\/?p=31159"},"modified":"2025-11-05T08:42:10","modified_gmt":"2025-11-05T07:42:10","slug":"el-proximo-jueves-comenzaran-las-iii-jornadas-de-la-vida-y-de-la-muerte-una-vision-diferente","status":"publish","type":"post","link":"https:\/\/www.caudete.org\/ayuntamiento\/el-proximo-jueves-comenzaran-las-iii-jornadas-de-la-vida-y-de-la-muerte-una-vision-diferente\/","title":{"rendered":"El pr\u00f3ximo jueves comenzar\u00e1n las III Jornadas \u201cDE LA VIDA Y DE LA MUERTE. UNA VISI\u00d3N DIFERENTE\u201d"},"content":{"rendered":"<p>Esta ma\u00f1ana el Concejal de Cementerio Mois\u00e9s L\u00f3pez, ha presentado la programaci\u00f3n de las <em><strong>III Jornadas \u201cDE LA VIDA Y DE LA MUERTE. UNA VISI\u00d3N DIFERENTE\u201d<\/strong><\/em>\u00a0que dado el \u00e9xito obtenido en las ediciones anteriores, se han programado unas nuevas desde el Consistorio en torno a la festividad de Todos Los Santos y Fieles Difuntos.<\/p>\n<p>Con novedades en su programaci\u00f3n y fijando como eje central la festividad del 1 de Noviembre, las jornadas tratan de acercar esta realidad que afecta a la sociedad, buscando dejar atr\u00e1s el tab\u00fa de la muerte para adentrarse y conocer la cultura funeraria desde diferentes puntos de vista: hist\u00f3rico, social, psicol\u00f3gico, cultural, etc. Todo ello, dentro del marco del acto principal que desde 2019 el Ayuntamiento realiza el 1 de Noviembre, en recuerdo a todos los caudetanos difuntos del \u00faltimo a\u00f1o.<\/p>\n<p>Las jornadas cuentan con la organizaci\u00f3n de la Concejal\u00eda de Cementerio, y la colaboraci\u00f3n de las Concejal\u00edas de Cultura y Turismo, as\u00ed como de la Excma. Diputaci\u00f3n Provincial, de la Parroquia de Santa Catalina, Asociaci\u00f3n Ermita Santa Ana, Campaneros de Santa Catalina, Asociaci\u00f3n Fotogr\u00e1fica Villa de Caudete, Sdad. Uni\u00f3n Musical Santa Cecilia y la Asociaci\u00f3n de ayuda al duelo &#8220;Thalita&#8221; de Albacete.<\/p>\n<p>La programaci\u00f3n es la que sigue:<\/p>\n<p>\u25cf Jueves 23, a las 20.00h en el Patio de la Oficina de Turismo<\/p>\n<p><strong>\u201cLA LEYENDA DEL CRIMEN DE LOS ANTEOJOS\u201d,\u00a0<\/strong>Dramatizaci\u00f3n por Jos\u00e9 M\u00aa Ba\u00f1\u00f3n<\/p>\n<p>\u25cf Jueves 23, a las 20.30h en la Oficina de Turismo<\/p>\n<p><strong>\u201cRECUERDOS Y LEGADOS\u201d,\u00a0<\/strong>Exposici\u00f3n de objetos relacionados con el \u00f3bito<\/p>\n<p>\u25cf Viernes 25, a las 20.00h en el Cementerio Municipal<\/p>\n<p><strong>VISITA GUIADA POR EL INTERIOR DEL CAMPOSANTO<\/strong><\/p>\n<p>Inscripci\u00f3n previa en la Oficina de Turismo. M\u00e1ximo 20 plazas.<\/p>\n<p>\u25cf S\u00e1bado 26, a las 12.00h en el Cementerio Municipal<\/p>\n<p><strong>VISITA GUIADA POR EL INTERIOR DEL CAMPOSANTO<\/strong><\/p>\n<p>Inscripci\u00f3n previa en la Oficina de Turismo. M\u00e1ximo 20 plazas.<\/p>\n<p>\u25cf Domingo 27, a las 11.00h en el Claustro del Convento de San Jos\u00e9<\/p>\n<p><strong>\u201cLOS OLVIDADOS\u201d\u00a0<\/strong>Exposici\u00f3n fotogr\u00e1fica de Jos\u00e9 Tecles<\/p>\n<p>\u25cf Martes 28, a las 20.00h en el Museo de Acuarela<\/p>\n<p><strong>\u201cLA AMABILIDAD DURANTE EL PROCESO DEL DUELO\u201d\u00a0<\/strong>Ponente: Lucia Abietar Rubio (Asociacion Thalita)<\/p>\n<p>\u25cf Mi\u00e9rcoles 29, a las 20.00h en el Museo de Acuarela<\/p>\n<p><strong>\u201cEL SONIDO DEL ADIOS\u201d\u00a0<\/strong>Ponentes: Francisco Javier Ponce y Joaqu\u00edn L\u00f3pez (Asociaci\u00f3n Campaneros de Santa Catalina)<\/p>\n<p>\u25cf S\u00e1bado 1, a las 11.30h en la Capilla del Cementerio<\/p>\n<p><strong>ACTO C\u00cdVICO-RELIGIOSO EN RECUERDO A LOS FIELES DIFUNTOS<\/strong><\/p>\n<p>\u25cf S\u00e1bado 1, a las 12.00 en el interior del Cementerio (zona de Fosas)<\/p>\n<p><strong>CONCIERTO SINF\u00d3NICO \u201cRECUERDO A LOS AUSENTES\u201d\u00a0<\/strong>por la Sdad. Uni\u00f3n Musical Santa Cecilia de Caudete<\/p>\n<p><strong>***<\/strong>Habr\u00e1 servicio de\u00a0<strong><em>autob\u00fas gratuito<\/em><\/strong>\u00a0con salida en C\/Alcalde Luis Pascual (La Torre), con salida a las 9:15, 10:15, 11:15, 12:15 y 13:15 h (los regresos ser\u00e1n media hora despu\u00e9s).<\/p>\n<p>\u25cf Domingo 2, a las 10.00 en la Capilla del Cementerio<\/p>\n<p><strong>MISA DE DIFUNTOS<\/strong><\/p>\n<p>\u25cf Martes 4, a las 20.00h en el Museo de Acuarela<\/p>\n<p><strong>\u201cHISTORIA DE LA FOTOGRAF\u00cdA POST-MORTEM\u201d\u00a0<\/strong>Ponente: Rafael Solaz<\/p>\n<hr \/>\n<p><a href=\"https:\/\/www.caudete.org\/ayuntamiento\/wp-content\/uploads\/2025\/10\/250161-Diptico-Jas-Vida-y-Muerte-Baja-Resolucion-1.pdf\" class=\"mtli_attachment mtli_pdf\">D\u00edptico III Jornadas \u201cDE LA VIDA Y DE LA MUERTE. UNA VISI\u00d3N DIFERENTE\u201d <\/a><\/p>\n<p><a href=\"https:\/\/www.caudete.org\/ayuntamiento\/wp-content\/uploads\/2025\/10\/250161-Diptico-Jas-Vida-y-Muerte-Baja-Resolucion-1.pdf\" class=\"mtli_attachment mtli_pdf\"><img fetchpriority=\"high\" decoding=\"async\" class=\"alignnone wp-image-31161 size-full\" src=\"https:\/\/www.caudete.org\/ayuntamiento\/wp-content\/uploads\/2025\/10\/250161-Cartel-Jas-Vida-y-Muerte-r.jpg\" rel='prettyPhoto' alt=\"\" width=\"1000\" height=\"1408\" srcset=\"https:\/\/www.caudete.org\/ayuntamiento\/wp-content\/uploads\/2025\/10\/250161-Cartel-Jas-Vida-y-Muerte-r.jpg 1000w, https:\/\/www.caudete.org\/ayuntamiento\/wp-content\/uploads\/2025\/10\/250161-Cartel-Jas-Vida-y-Muerte-r-568x800.jpg 568w, https:\/\/www.caudete.org\/ayuntamiento\/wp-content\/uploads\/2025\/10\/250161-Cartel-Jas-Vida-y-Muerte-r-639x900.jpg 639w, https:\/\/www.caudete.org\/ayuntamiento\/wp-content\/uploads\/2025\/10\/250161-Cartel-Jas-Vida-y-Muerte-r-156x220.jpg 156w, https:\/\/www.caudete.org\/ayuntamiento\/wp-content\/uploads\/2025\/10\/250161-Cartel-Jas-Vida-y-Muerte-r-768x1081.jpg 768w\" sizes=\"(max-width: 1000px) 100vw, 1000px\" \/><\/a><\/p>\n","protected":false},"excerpt":{"rendered":"<p>Esta ma\u00f1ana el Concejal de Cementerio Mois\u00e9s L\u00f3pez, ha presentado la programaci\u00f3n de las III Jornadas \u201cDE LA VIDA Y DE LA MUERTE. UNA VISI\u00d3N DIFERENTE\u201d\u00a0que dado el \u00e9xito obtenido en las ediciones anteriores, se han programado unas nuevas desde el Consistorio en torno a la festividad de Todos Los Santos y Fieles Difuntos. Con &hellip;<\/p>\n","protected":false},"author":6,"featured_media":31160,"comment_status":"closed","ping_status":"open","sticky":false,"template":"","format":"standard","meta":{"ngg_post_thumbnail":0,"footnotes":""},"categories":[30],"tags":[],"class_list":["post-31159","post","type-post","status-publish","format-standard","has-post-thumbnail","hentry","category-cementerio"],"yoast_head":"<!-- This site is optimized with the Yoast SEO plugin v27.5 - https:\/\/yoast.com\/product\/yoast-seo-wordpress\/ -->\n<title>El pr\u00f3ximo jueves comenzar\u00e1n las III Jornadas \u201cDE LA VIDA Y DE LA MUERTE. UNA VISI\u00d3N DIFERENTE\u201d - MI Ayuntamiento de Caudete<\/title>\n<meta name=\"description\" content=\"P\u00e1gina Oficial del Ayuntamiento de Caudete (Albacete)\" \/>\n<meta name=\"robots\" content=\"index, follow, max-snippet:-1, max-image-preview:large, max-video-preview:-1\" \/>\n<link rel=\"canonical\" href=\"https:\/\/www.caudete.org\/ayuntamiento\/el-proximo-jueves-comenzaran-las-iii-jornadas-de-la-vida-y-de-la-muerte-una-vision-diferente\/\" \/>\n<meta property=\"og:locale\" content=\"es_ES\" \/>\n<meta property=\"og:type\" content=\"article\" \/>\n<meta property=\"og:title\" content=\"El pr\u00f3ximo jueves comenzar\u00e1n las III Jornadas \u201cDE LA VIDA Y DE LA MUERTE. UNA VISI\u00d3N DIFERENTE\u201d - MI Ayuntamiento de Caudete\" \/>\n<meta property=\"og:description\" content=\"P\u00e1gina Oficial del Ayuntamiento de Caudete (Albacete)\" \/>\n<meta property=\"og:url\" content=\"https:\/\/www.caudete.org\/ayuntamiento\/el-proximo-jueves-comenzaran-las-iii-jornadas-de-la-vida-y-de-la-muerte-una-vision-diferente\/\" \/>\n<meta property=\"og:site_name\" content=\"MI Ayuntamiento de Caudete\" \/>\n<meta property=\"article:publisher\" content=\"https:\/\/www.facebook.com\/ayuntamientocaudete\/\" \/>\n<meta property=\"article:published_time\" content=\"2025-10-20T06:48:13+00:00\" \/>\n<meta property=\"article:modified_time\" content=\"2025-11-05T07:42:10+00:00\" \/>\n<meta property=\"og:image\" content=\"https:\/\/www.caudete.org\/ayuntamiento\/wp-content\/uploads\/2025\/10\/Captura-de-pantalla-2025-10-20-084309.jpg\" \/>\n\t<meta property=\"og:image:width\" content=\"954\" \/>\n\t<meta property=\"og:image:height\" content=\"473\" \/>\n\t<meta property=\"og:image:type\" content=\"image\/jpeg\" \/>\n<meta name=\"author\" content=\"informatica2\" \/>\n<meta name=\"twitter:card\" content=\"summary_large_image\" \/>\n<meta name=\"twitter:label1\" content=\"Escrito por\" \/>\n\t<meta name=\"twitter:data1\" content=\"informatica2\" \/>\n\t<meta name=\"twitter:label2\" content=\"Tiempo de lectura\" \/>\n\t<meta name=\"twitter:data2\" content=\"3 minutos\" \/>\n<script type=\"application\/ld+json\" class=\"yoast-schema-graph\">{\"@context\":\"https:\\\/\\\/schema.org\",\"@graph\":[{\"@type\":\"Article\",\"@id\":\"https:\\\/\\\/www.caudete.org\\\/ayuntamiento\\\/el-proximo-jueves-comenzaran-las-iii-jornadas-de-la-vida-y-de-la-muerte-una-vision-diferente\\\/#article\",\"isPartOf\":{\"@id\":\"https:\\\/\\\/www.caudete.org\\\/ayuntamiento\\\/el-proximo-jueves-comenzaran-las-iii-jornadas-de-la-vida-y-de-la-muerte-una-vision-diferente\\\/\"},\"author\":{\"name\":\"informatica2\",\"@id\":\"https:\\\/\\\/www.caudete.org\\\/ayuntamiento\\\/#\\\/schema\\\/person\\\/abfa5ffd5010a14e078c21e6e61b6291\"},\"headline\":\"El pr\u00f3ximo jueves comenzar\u00e1n las III Jornadas \u201cDE LA VIDA Y DE LA MUERTE. UNA VISI\u00d3N DIFERENTE\u201d\",\"datePublished\":\"2025-10-20T06:48:13+00:00\",\"dateModified\":\"2025-11-05T07:42:10+00:00\",\"mainEntityOfPage\":{\"@id\":\"https:\\\/\\\/www.caudete.org\\\/ayuntamiento\\\/el-proximo-jueves-comenzaran-las-iii-jornadas-de-la-vida-y-de-la-muerte-una-vision-diferente\\\/\"},\"wordCount\":534,\"image\":{\"@id\":\"https:\\\/\\\/www.caudete.org\\\/ayuntamiento\\\/el-proximo-jueves-comenzaran-las-iii-jornadas-de-la-vida-y-de-la-muerte-una-vision-diferente\\\/#primaryimage\"},\"thumbnailUrl\":\"https:\\\/\\\/www.caudete.org\\\/ayuntamiento\\\/wp-content\\\/uploads\\\/2025\\\/10\\\/Captura-de-pantalla-2025-10-20-084309.jpg\",\"articleSection\":[\"Cementerio\"],\"inLanguage\":\"es\"},{\"@type\":\"WebPage\",\"@id\":\"https:\\\/\\\/www.caudete.org\\\/ayuntamiento\\\/el-proximo-jueves-comenzaran-las-iii-jornadas-de-la-vida-y-de-la-muerte-una-vision-diferente\\\/\",\"url\":\"https:\\\/\\\/www.caudete.org\\\/ayuntamiento\\\/el-proximo-jueves-comenzaran-las-iii-jornadas-de-la-vida-y-de-la-muerte-una-vision-diferente\\\/\",\"name\":\"El pr\u00f3ximo jueves comenzar\u00e1n las III Jornadas \u201cDE LA VIDA Y DE LA MUERTE. UNA VISI\u00d3N DIFERENTE\u201d - MI Ayuntamiento de Caudete\",\"isPartOf\":{\"@id\":\"https:\\\/\\\/www.caudete.org\\\/ayuntamiento\\\/#website\"},\"primaryImageOfPage\":{\"@id\":\"https:\\\/\\\/www.caudete.org\\\/ayuntamiento\\\/el-proximo-jueves-comenzaran-las-iii-jornadas-de-la-vida-y-de-la-muerte-una-vision-diferente\\\/#primaryimage\"},\"image\":{\"@id\":\"https:\\\/\\\/www.caudete.org\\\/ayuntamiento\\\/el-proximo-jueves-comenzaran-las-iii-jornadas-de-la-vida-y-de-la-muerte-una-vision-diferente\\\/#primaryimage\"},\"thumbnailUrl\":\"https:\\\/\\\/www.caudete.org\\\/ayuntamiento\\\/wp-content\\\/uploads\\\/2025\\\/10\\\/Captura-de-pantalla-2025-10-20-084309.jpg\",\"datePublished\":\"2025-10-20T06:48:13+00:00\",\"dateModified\":\"2025-11-05T07:42:10+00:00\",\"author\":{\"@id\":\"https:\\\/\\\/www.caudete.org\\\/ayuntamiento\\\/#\\\/schema\\\/person\\\/abfa5ffd5010a14e078c21e6e61b6291\"},\"description\":\"P\u00e1gina Oficial del Ayuntamiento de Caudete (Albacete)\",\"breadcrumb\":{\"@id\":\"https:\\\/\\\/www.caudete.org\\\/ayuntamiento\\\/el-proximo-jueves-comenzaran-las-iii-jornadas-de-la-vida-y-de-la-muerte-una-vision-diferente\\\/#breadcrumb\"},\"inLanguage\":\"es\",\"potentialAction\":[{\"@type\":\"ReadAction\",\"target\":[\"https:\\\/\\\/www.caudete.org\\\/ayuntamiento\\\/el-proximo-jueves-comenzaran-las-iii-jornadas-de-la-vida-y-de-la-muerte-una-vision-diferente\\\/\"]}]},{\"@type\":\"ImageObject\",\"inLanguage\":\"es\",\"@id\":\"https:\\\/\\\/www.caudete.org\\\/ayuntamiento\\\/el-proximo-jueves-comenzaran-las-iii-jornadas-de-la-vida-y-de-la-muerte-una-vision-diferente\\\/#primaryimage\",\"url\":\"https:\\\/\\\/www.caudete.org\\\/ayuntamiento\\\/wp-content\\\/uploads\\\/2025\\\/10\\\/Captura-de-pantalla-2025-10-20-084309.jpg\",\"contentUrl\":\"https:\\\/\\\/www.caudete.org\\\/ayuntamiento\\\/wp-content\\\/uploads\\\/2025\\\/10\\\/Captura-de-pantalla-2025-10-20-084309.jpg\",\"width\":954,\"height\":473},{\"@type\":\"BreadcrumbList\",\"@id\":\"https:\\\/\\\/www.caudete.org\\\/ayuntamiento\\\/el-proximo-jueves-comenzaran-las-iii-jornadas-de-la-vida-y-de-la-muerte-una-vision-diferente\\\/#breadcrumb\",\"itemListElement\":[{\"@type\":\"ListItem\",\"position\":1,\"name\":\"Inicio\",\"item\":\"https:\\\/\\\/www.caudete.org\\\/ayuntamiento\\\/\"},{\"@type\":\"ListItem\",\"position\":2,\"name\":\"El pr\u00f3ximo jueves comenzar\u00e1n las III Jornadas \u201cDE LA VIDA Y DE LA MUERTE. UNA VISI\u00d3N DIFERENTE\u201d\"}]},{\"@type\":\"WebSite\",\"@id\":\"https:\\\/\\\/www.caudete.org\\\/ayuntamiento\\\/#website\",\"url\":\"https:\\\/\\\/www.caudete.org\\\/ayuntamiento\\\/\",\"name\":\"MI Ayuntamiento de Caudete\",\"description\":\"P\u00e1gina Oficial del MI Ayuntamiento de Caudete\",\"potentialAction\":[{\"@type\":\"SearchAction\",\"target\":{\"@type\":\"EntryPoint\",\"urlTemplate\":\"https:\\\/\\\/www.caudete.org\\\/ayuntamiento\\\/?s={search_term_string}\"},\"query-input\":{\"@type\":\"PropertyValueSpecification\",\"valueRequired\":true,\"valueName\":\"search_term_string\"}}],\"inLanguage\":\"es\"},{\"@type\":\"Person\",\"@id\":\"https:\\\/\\\/www.caudete.org\\\/ayuntamiento\\\/#\\\/schema\\\/person\\\/abfa5ffd5010a14e078c21e6e61b6291\",\"name\":\"informatica2\",\"image\":{\"@type\":\"ImageObject\",\"inLanguage\":\"es\",\"@id\":\"https:\\\/\\\/secure.gravatar.com\\\/avatar\\\/b089890ff033a3e4d03eec00ecb5a14425217205c513f60ec32ebeaaeb5fa700?s=96&d=mm&r=g\",\"url\":\"https:\\\/\\\/secure.gravatar.com\\\/avatar\\\/b089890ff033a3e4d03eec00ecb5a14425217205c513f60ec32ebeaaeb5fa700?s=96&d=mm&r=g\",\"contentUrl\":\"https:\\\/\\\/secure.gravatar.com\\\/avatar\\\/b089890ff033a3e4d03eec00ecb5a14425217205c513f60ec32ebeaaeb5fa700?s=96&d=mm&r=g\",\"caption\":\"informatica2\"},\"url\":\"https:\\\/\\\/www.caudete.org\\\/ayuntamiento\\\/author\\\/informatica2\\\/\"}]}<\/script>\n<!-- \/ Yoast SEO plugin. -->","yoast_head_json":{"title":"El pr\u00f3ximo jueves comenzar\u00e1n las III Jornadas \u201cDE LA VIDA Y DE LA MUERTE. UNA VISI\u00d3N DIFERENTE\u201d - MI Ayuntamiento de Caudete","description":"P\u00e1gina Oficial del Ayuntamiento de Caudete (Albacete)","robots":{"index":"index","follow":"follow","max-snippet":"max-snippet:-1","max-image-preview":"max-image-preview:large","max-video-preview":"max-video-preview:-1"},"canonical":"https:\/\/www.caudete.org\/ayuntamiento\/el-proximo-jueves-comenzaran-las-iii-jornadas-de-la-vida-y-de-la-muerte-una-vision-diferente\/","og_locale":"es_ES","og_type":"article","og_title":"El pr\u00f3ximo jueves comenzar\u00e1n las III Jornadas \u201cDE LA VIDA Y DE LA MUERTE. UNA VISI\u00d3N DIFERENTE\u201d - MI Ayuntamiento de Caudete","og_description":"P\u00e1gina Oficial del Ayuntamiento de Caudete (Albacete)","og_url":"https:\/\/www.caudete.org\/ayuntamiento\/el-proximo-jueves-comenzaran-las-iii-jornadas-de-la-vida-y-de-la-muerte-una-vision-diferente\/","og_site_name":"MI Ayuntamiento de Caudete","article_publisher":"https:\/\/www.facebook.com\/ayuntamientocaudete\/","article_published_time":"2025-10-20T06:48:13+00:00","article_modified_time":"2025-11-05T07:42:10+00:00","og_image":[{"width":954,"height":473,"url":"https:\/\/www.caudete.org\/ayuntamiento\/wp-content\/uploads\/2025\/10\/Captura-de-pantalla-2025-10-20-084309.jpg","type":"image\/jpeg"}],"author":"informatica2","twitter_card":"summary_large_image","twitter_misc":{"Escrito por":"informatica2","Tiempo de lectura":"3 minutos"},"schema":{"@context":"https:\/\/schema.org","@graph":[{"@type":"Article","@id":"https:\/\/www.caudete.org\/ayuntamiento\/el-proximo-jueves-comenzaran-las-iii-jornadas-de-la-vida-y-de-la-muerte-una-vision-diferente\/#article","isPartOf":{"@id":"https:\/\/www.caudete.org\/ayuntamiento\/el-proximo-jueves-comenzaran-las-iii-jornadas-de-la-vida-y-de-la-muerte-una-vision-diferente\/"},"author":{"name":"informatica2","@id":"https:\/\/www.caudete.org\/ayuntamiento\/#\/schema\/person\/abfa5ffd5010a14e078c21e6e61b6291"},"headline":"El pr\u00f3ximo jueves comenzar\u00e1n las III Jornadas \u201cDE LA VIDA Y DE LA MUERTE. UNA VISI\u00d3N DIFERENTE\u201d","datePublished":"2025-10-20T06:48:13+00:00","dateModified":"2025-11-05T07:42:10+00:00","mainEntityOfPage":{"@id":"https:\/\/www.caudete.org\/ayuntamiento\/el-proximo-jueves-comenzaran-las-iii-jornadas-de-la-vida-y-de-la-muerte-una-vision-diferente\/"},"wordCount":534,"image":{"@id":"https:\/\/www.caudete.org\/ayuntamiento\/el-proximo-jueves-comenzaran-las-iii-jornadas-de-la-vida-y-de-la-muerte-una-vision-diferente\/#primaryimage"},"thumbnailUrl":"https:\/\/www.caudete.org\/ayuntamiento\/wp-content\/uploads\/2025\/10\/Captura-de-pantalla-2025-10-20-084309.jpg","articleSection":["Cementerio"],"inLanguage":"es"},{"@type":"WebPage","@id":"https:\/\/www.caudete.org\/ayuntamiento\/el-proximo-jueves-comenzaran-las-iii-jornadas-de-la-vida-y-de-la-muerte-una-vision-diferente\/","url":"https:\/\/www.caudete.org\/ayuntamiento\/el-proximo-jueves-comenzaran-las-iii-jornadas-de-la-vida-y-de-la-muerte-una-vision-diferente\/","name":"El pr\u00f3ximo jueves comenzar\u00e1n las III Jornadas \u201cDE LA VIDA Y DE LA MUERTE. UNA VISI\u00d3N DIFERENTE\u201d - MI Ayuntamiento de Caudete","isPartOf":{"@id":"https:\/\/www.caudete.org\/ayuntamiento\/#website"},"primaryImageOfPage":{"@id":"https:\/\/www.caudete.org\/ayuntamiento\/el-proximo-jueves-comenzaran-las-iii-jornadas-de-la-vida-y-de-la-muerte-una-vision-diferente\/#primaryimage"},"image":{"@id":"https:\/\/www.caudete.org\/ayuntamiento\/el-proximo-jueves-comenzaran-las-iii-jornadas-de-la-vida-y-de-la-muerte-una-vision-diferente\/#primaryimage"},"thumbnailUrl":"https:\/\/www.caudete.org\/ayuntamiento\/wp-content\/uploads\/2025\/10\/Captura-de-pantalla-2025-10-20-084309.jpg","datePublished":"2025-10-20T06:48:13+00:00","dateModified":"2025-11-05T07:42:10+00:00","author":{"@id":"https:\/\/www.caudete.org\/ayuntamiento\/#\/schema\/person\/abfa5ffd5010a14e078c21e6e61b6291"},"description":"P\u00e1gina Oficial del Ayuntamiento de Caudete (Albacete)","breadcrumb":{"@id":"https:\/\/www.caudete.org\/ayuntamiento\/el-proximo-jueves-comenzaran-las-iii-jornadas-de-la-vida-y-de-la-muerte-una-vision-diferente\/#breadcrumb"},"inLanguage":"es","potentialAction":[{"@type":"ReadAction","target":["https:\/\/www.caudete.org\/ayuntamiento\/el-proximo-jueves-comenzaran-las-iii-jornadas-de-la-vida-y-de-la-muerte-una-vision-diferente\/"]}]},{"@type":"ImageObject","inLanguage":"es","@id":"https:\/\/www.caudete.org\/ayuntamiento\/el-proximo-jueves-comenzaran-las-iii-jornadas-de-la-vida-y-de-la-muerte-una-vision-diferente\/#primaryimage","url":"https:\/\/www.caudete.org\/ayuntamiento\/wp-content\/uploads\/2025\/10\/Captura-de-pantalla-2025-10-20-084309.jpg","contentUrl":"https:\/\/www.caudete.org\/ayuntamiento\/wp-content\/uploads\/2025\/10\/Captura-de-pantalla-2025-10-20-084309.jpg","width":954,"height":473},{"@type":"BreadcrumbList","@id":"https:\/\/www.caudete.org\/ayuntamiento\/el-proximo-jueves-comenzaran-las-iii-jornadas-de-la-vida-y-de-la-muerte-una-vision-diferente\/#breadcrumb","itemListElement":[{"@type":"ListItem","position":1,"name":"Inicio","item":"https:\/\/www.caudete.org\/ayuntamiento\/"},{"@type":"ListItem","position":2,"name":"El pr\u00f3ximo jueves comenzar\u00e1n las III Jornadas \u201cDE LA VIDA Y DE LA MUERTE. UNA VISI\u00d3N DIFERENTE\u201d"}]},{"@type":"WebSite","@id":"https:\/\/www.caudete.org\/ayuntamiento\/#website","url":"https:\/\/www.caudete.org\/ayuntamiento\/","name":"MI Ayuntamiento de Caudete","description":"P\u00e1gina Oficial del MI Ayuntamiento de Caudete","potentialAction":[{"@type":"SearchAction","target":{"@type":"EntryPoint","urlTemplate":"https:\/\/www.caudete.org\/ayuntamiento\/?s={search_term_string}"},"query-input":{"@type":"PropertyValueSpecification","valueRequired":true,"valueName":"search_term_string"}}],"inLanguage":"es"},{"@type":"Person","@id":"https:\/\/www.caudete.org\/ayuntamiento\/#\/schema\/person\/abfa5ffd5010a14e078c21e6e61b6291","name":"informatica2","image":{"@type":"ImageObject","inLanguage":"es","@id":"https:\/\/secure.gravatar.com\/avatar\/b089890ff033a3e4d03eec00ecb5a14425217205c513f60ec32ebeaaeb5fa700?s=96&d=mm&r=g","url":"https:\/\/secure.gravatar.com\/avatar\/b089890ff033a3e4d03eec00ecb5a14425217205c513f60ec32ebeaaeb5fa700?s=96&d=mm&r=g","contentUrl":"https:\/\/secure.gravatar.com\/avatar\/b089890ff033a3e4d03eec00ecb5a14425217205c513f60ec32ebeaaeb5fa700?s=96&d=mm&r=g","caption":"informatica2"},"url":"https:\/\/www.caudete.org\/ayuntamiento\/author\/informatica2\/"}]}},"_links":{"self":[{"href":"https:\/\/www.caudete.org\/ayuntamiento\/wp-json\/wp\/v2\/posts\/31159","targetHints":{"allow":["GET"]}}],"collection":[{"href":"https:\/\/www.caudete.org\/ayuntamiento\/wp-json\/wp\/v2\/posts"}],"about":[{"href":"https:\/\/www.caudete.org\/ayuntamiento\/wp-json\/wp\/v2\/types\/post"}],"author":[{"embeddable":true,"href":"https:\/\/www.caudete.org\/ayuntamiento\/wp-json\/wp\/v2\/users\/6"}],"replies":[{"embeddable":true,"href":"https:\/\/www.caudete.org\/ayuntamiento\/wp-json\/wp\/v2\/comments?post=31159"}],"version-history":[{"count":2,"href":"https:\/\/www.caudete.org\/ayuntamiento\/wp-json\/wp\/v2\/posts\/31159\/revisions"}],"predecessor-version":[{"id":31171,"href":"https:\/\/www.caudete.org\/ayuntamiento\/wp-json\/wp\/v2\/posts\/31159\/revisions\/31171"}],"wp:featuredmedia":[{"embeddable":true,"href":"https:\/\/www.caudete.org\/ayuntamiento\/wp-json\/wp\/v2\/media\/31160"}],"wp:attachment":[{"href":"https:\/\/www.caudete.org\/ayuntamiento\/wp-json\/wp\/v2\/media?parent=31159"}],"wp:term":[{"taxonomy":"category","embeddable":true,"href":"https:\/\/www.caudete.org\/ayuntamiento\/wp-json\/wp\/v2\/categories?post=31159"},{"taxonomy":"post_tag","embeddable":true,"href":"https:\/\/www.caudete.org\/ayuntamiento\/wp-json\/wp\/v2\/tags?post=31159"}],"curies":[{"name":"wp","href":"https:\/\/api.w.org\/{rel}","templated":true}]}}