{"id":31165,"date":"2025-10-20T09:21:03","date_gmt":"2025-10-20T07:21:03","guid":{"rendered":"https:\/\/www.caudete.org\/ayuntamiento\/?p=31165"},"modified":"2025-10-20T22:11:47","modified_gmt":"2025-10-20T20:11:47","slug":"marisa-guillen-presenta-en-caudete-itinerarios-del-silencio-un-poemario-sobre-salud-mental","status":"publish","type":"post","link":"https:\/\/www.caudete.org\/ayuntamiento\/marisa-guillen-presenta-en-caudete-itinerarios-del-silencio-un-poemario-sobre-salud-mental\/","title":{"rendered":"Marisa Guill\u00e9n presenta en Caudete Itinerarios del silencio, un poemario sobre &#8220;salud mental\u201d"},"content":{"rendered":"<p style=\"text-align: justify;\">La Concejal\u00eda de Cultura del Ayuntamiento de Caudete informa de la presentaci\u00f3n del libro Itinerarios del silencio de Mar\u00eda Luisa Guill\u00e9n Cebri\u00e1n, que tendr\u00e1 lugar el jueves 23 de octubre a las 19:00 horas en el Museo de la Acuarela Rafael Requena de la Casa de Cultura de Caudete. El acto, organizado por la Biblioteca P\u00fablica Municipal Ana Mar\u00eda Matute, ser\u00e1 de entrada libre hasta completar aforo y contar\u00e1 con la presentaci\u00f3n a cargo de Ani S\u00e1nchez \u00c1ngel, y contar\u00e1 con Maribel Caro y M.\u00aa \u00c1ngeles Ma, quienes recitar\u00e1n algunos poemas de la autora.<\/p>\n<p style=\"text-align: justify;\">Coincidiendo con la celebraci\u00f3n del <strong>24 de octubre, D\u00eda de las Bibliotecas<\/strong>, la <strong>Biblioteca P\u00fablica Municipal Ana Mar\u00eda Matute<\/strong> organiza este evento literario dentro de su programaci\u00f3n cultural, como una actividad <strong>abierta<\/strong> con el prop\u00f3sito de acercar la literatura y la reflexi\u00f3n po\u00e9tica a toda la ciudadan\u00eda.<\/p>\n<p style=\"text-align: justify;\">La autora valenciana Marisa Guill\u00e9n Cebri\u00e1n (1961), procedente del \u00e1mbito art\u00edstico y docente, presenta Itinerarios del silencio, su cuarto libro y un poemario \u00edntimo y valiente sobre la salud mental. Tras tres publicaciones previas, comparte una experiencia profundamente personal: la convivencia con su padre, afectado por una enfermedad mental. Con una mirada emp\u00e1tica y po\u00e9tica, invita a recorrer los caminos emocionales que ambos han transitado. La obra es un homenaje a su figura y, al mismo tiempo, una reflexi\u00f3n sobre el silencio, la fragilidad humana y la urgencia de hablar sin miedo de los trastornos mentales.<\/p>\n<p style=\"text-align: justify;\">Itinerarios del silencio, es una propuesta inclusiva, sensible y, a veces, luminosa, en la que arte y palabra se funden para comprender, acompa\u00f1ar y visibilizar realidades que suelen permanecer ocultas. Un encuentro con la literatura comprometida, necesaria para nombrar lo que muchas veces cuesta decir.<\/p>\n<p style=\"text-align: justify;\">Desde la Concejal\u00eda de Cultura y la Biblioteca P\u00fablica Municipal Ana Mar\u00eda Matute, invitamos a todas las personas interesadas en la poes\u00eda y en la reflexi\u00f3n sobre la salud mental a asistir a este encuentro literario, que promete ser una velada cargada de emoci\u00f3n, arte y sensibilidad.<\/p>\n<p>&nbsp;<\/p>\n<p style=\"text-align: justify;\"><a href=\"https:\/\/www.caudete.org\/ayuntamiento\/wp-content\/uploads\/2025\/10\/presentacion-marisa.jpg\" rel='prettyPhoto'><img fetchpriority=\"high\" decoding=\"async\" class=\"alignnone wp-image-31167 size-full\" src=\"https:\/\/www.caudete.org\/ayuntamiento\/wp-content\/uploads\/2025\/10\/presentacion-marisa.jpg\" alt=\"\" width=\"1000\" height=\"1415\" srcset=\"https:\/\/www.caudete.org\/ayuntamiento\/wp-content\/uploads\/2025\/10\/presentacion-marisa.jpg 1000w, https:\/\/www.caudete.org\/ayuntamiento\/wp-content\/uploads\/2025\/10\/presentacion-marisa-565x800.jpg 565w, https:\/\/www.caudete.org\/ayuntamiento\/wp-content\/uploads\/2025\/10\/presentacion-marisa-636x900.jpg 636w, https:\/\/www.caudete.org\/ayuntamiento\/wp-content\/uploads\/2025\/10\/presentacion-marisa-155x220.jpg 155w, https:\/\/www.caudete.org\/ayuntamiento\/wp-content\/uploads\/2025\/10\/presentacion-marisa-768x1087.jpg 768w\" sizes=\"(max-width: 1000px) 100vw, 1000px\" \/><\/a><\/p>\n","protected":false},"excerpt":{"rendered":"<p>La Concejal\u00eda de Cultura del Ayuntamiento de Caudete informa de la presentaci\u00f3n del libro Itinerarios del silencio de Mar\u00eda Luisa Guill\u00e9n Cebri\u00e1n, que tendr\u00e1 lugar el jueves 23 de octubre a las 19:00 horas en el Museo de la Acuarela Rafael Requena de la Casa de Cultura de Caudete. El acto, organizado por la Biblioteca &hellip;<\/p>\n","protected":false},"author":6,"featured_media":31166,"comment_status":"closed","ping_status":"open","sticky":false,"template":"","format":"standard","meta":{"ngg_post_thumbnail":0,"footnotes":""},"categories":[14],"tags":[],"class_list":["post-31165","post","type-post","status-publish","format-standard","has-post-thumbnail","hentry","category-cultura"],"yoast_head":"<!-- This site is optimized with the Yoast SEO plugin v27.5 - https:\/\/yoast.com\/product\/yoast-seo-wordpress\/ -->\n<title>Marisa Guill\u00e9n presenta en Caudete Itinerarios del silencio, un poemario sobre &quot;salud mental\u201d - MI Ayuntamiento de Caudete<\/title>\n<meta name=\"description\" content=\"P\u00e1gina Oficial del Ayuntamiento de Caudete (Albacete)\" \/>\n<meta name=\"robots\" content=\"index, follow, max-snippet:-1, max-image-preview:large, max-video-preview:-1\" \/>\n<link rel=\"canonical\" href=\"https:\/\/www.caudete.org\/ayuntamiento\/marisa-guillen-presenta-en-caudete-itinerarios-del-silencio-un-poemario-sobre-salud-mental\/\" \/>\n<meta property=\"og:locale\" content=\"es_ES\" \/>\n<meta property=\"og:type\" content=\"article\" \/>\n<meta property=\"og:title\" content=\"Marisa Guill\u00e9n presenta en Caudete Itinerarios del silencio, un poemario sobre &quot;salud mental\u201d - MI Ayuntamiento de Caudete\" \/>\n<meta property=\"og:description\" content=\"P\u00e1gina Oficial del Ayuntamiento de Caudete (Albacete)\" \/>\n<meta property=\"og:url\" content=\"https:\/\/www.caudete.org\/ayuntamiento\/marisa-guillen-presenta-en-caudete-itinerarios-del-silencio-un-poemario-sobre-salud-mental\/\" \/>\n<meta property=\"og:site_name\" content=\"MI Ayuntamiento de Caudete\" \/>\n<meta property=\"article:publisher\" content=\"https:\/\/www.facebook.com\/ayuntamientocaudete\/\" \/>\n<meta property=\"article:published_time\" content=\"2025-10-20T07:21:03+00:00\" \/>\n<meta property=\"article:modified_time\" content=\"2025-10-20T20:11:47+00:00\" \/>\n<meta property=\"og:image\" content=\"https:\/\/www.caudete.org\/ayuntamiento\/wp-content\/uploads\/2025\/10\/presentacion-marisa-port.jpg\" \/>\n\t<meta property=\"og:image:width\" content=\"864\" \/>\n\t<meta property=\"og:image:height\" content=\"380\" \/>\n\t<meta property=\"og:image:type\" content=\"image\/jpeg\" \/>\n<meta name=\"author\" content=\"informatica2\" \/>\n<meta name=\"twitter:card\" content=\"summary_large_image\" \/>\n<meta name=\"twitter:label1\" content=\"Escrito por\" \/>\n\t<meta name=\"twitter:data1\" content=\"informatica2\" \/>\n\t<meta name=\"twitter:label2\" content=\"Tiempo de lectura\" \/>\n\t<meta name=\"twitter:data2\" content=\"2 minutos\" \/>\n<script type=\"application\/ld+json\" class=\"yoast-schema-graph\">{\"@context\":\"https:\\\/\\\/schema.org\",\"@graph\":[{\"@type\":\"Article\",\"@id\":\"https:\\\/\\\/www.caudete.org\\\/ayuntamiento\\\/marisa-guillen-presenta-en-caudete-itinerarios-del-silencio-un-poemario-sobre-salud-mental\\\/#article\",\"isPartOf\":{\"@id\":\"https:\\\/\\\/www.caudete.org\\\/ayuntamiento\\\/marisa-guillen-presenta-en-caudete-itinerarios-del-silencio-un-poemario-sobre-salud-mental\\\/\"},\"author\":{\"name\":\"informatica2\",\"@id\":\"https:\\\/\\\/www.caudete.org\\\/ayuntamiento\\\/#\\\/schema\\\/person\\\/abfa5ffd5010a14e078c21e6e61b6291\"},\"headline\":\"Marisa Guill\u00e9n presenta en Caudete Itinerarios del silencio, un poemario sobre &#8220;salud mental\u201d\",\"datePublished\":\"2025-10-20T07:21:03+00:00\",\"dateModified\":\"2025-10-20T20:11:47+00:00\",\"mainEntityOfPage\":{\"@id\":\"https:\\\/\\\/www.caudete.org\\\/ayuntamiento\\\/marisa-guillen-presenta-en-caudete-itinerarios-del-silencio-un-poemario-sobre-salud-mental\\\/\"},\"wordCount\":372,\"image\":{\"@id\":\"https:\\\/\\\/www.caudete.org\\\/ayuntamiento\\\/marisa-guillen-presenta-en-caudete-itinerarios-del-silencio-un-poemario-sobre-salud-mental\\\/#primaryimage\"},\"thumbnailUrl\":\"https:\\\/\\\/www.caudete.org\\\/ayuntamiento\\\/wp-content\\\/uploads\\\/2025\\\/10\\\/presentacion-marisa-port.jpg\",\"articleSection\":[\"Cultura\"],\"inLanguage\":\"es\"},{\"@type\":\"WebPage\",\"@id\":\"https:\\\/\\\/www.caudete.org\\\/ayuntamiento\\\/marisa-guillen-presenta-en-caudete-itinerarios-del-silencio-un-poemario-sobre-salud-mental\\\/\",\"url\":\"https:\\\/\\\/www.caudete.org\\\/ayuntamiento\\\/marisa-guillen-presenta-en-caudete-itinerarios-del-silencio-un-poemario-sobre-salud-mental\\\/\",\"name\":\"Marisa Guill\u00e9n presenta en Caudete Itinerarios del silencio, un poemario sobre \\\"salud mental\u201d - MI Ayuntamiento de Caudete\",\"isPartOf\":{\"@id\":\"https:\\\/\\\/www.caudete.org\\\/ayuntamiento\\\/#website\"},\"primaryImageOfPage\":{\"@id\":\"https:\\\/\\\/www.caudete.org\\\/ayuntamiento\\\/marisa-guillen-presenta-en-caudete-itinerarios-del-silencio-un-poemario-sobre-salud-mental\\\/#primaryimage\"},\"image\":{\"@id\":\"https:\\\/\\\/www.caudete.org\\\/ayuntamiento\\\/marisa-guillen-presenta-en-caudete-itinerarios-del-silencio-un-poemario-sobre-salud-mental\\\/#primaryimage\"},\"thumbnailUrl\":\"https:\\\/\\\/www.caudete.org\\\/ayuntamiento\\\/wp-content\\\/uploads\\\/2025\\\/10\\\/presentacion-marisa-port.jpg\",\"datePublished\":\"2025-10-20T07:21:03+00:00\",\"dateModified\":\"2025-10-20T20:11:47+00:00\",\"author\":{\"@id\":\"https:\\\/\\\/www.caudete.org\\\/ayuntamiento\\\/#\\\/schema\\\/person\\\/abfa5ffd5010a14e078c21e6e61b6291\"},\"description\":\"P\u00e1gina Oficial del Ayuntamiento de Caudete (Albacete)\",\"breadcrumb\":{\"@id\":\"https:\\\/\\\/www.caudete.org\\\/ayuntamiento\\\/marisa-guillen-presenta-en-caudete-itinerarios-del-silencio-un-poemario-sobre-salud-mental\\\/#breadcrumb\"},\"inLanguage\":\"es\",\"potentialAction\":[{\"@type\":\"ReadAction\",\"target\":[\"https:\\\/\\\/www.caudete.org\\\/ayuntamiento\\\/marisa-guillen-presenta-en-caudete-itinerarios-del-silencio-un-poemario-sobre-salud-mental\\\/\"]}]},{\"@type\":\"ImageObject\",\"inLanguage\":\"es\",\"@id\":\"https:\\\/\\\/www.caudete.org\\\/ayuntamiento\\\/marisa-guillen-presenta-en-caudete-itinerarios-del-silencio-un-poemario-sobre-salud-mental\\\/#primaryimage\",\"url\":\"https:\\\/\\\/www.caudete.org\\\/ayuntamiento\\\/wp-content\\\/uploads\\\/2025\\\/10\\\/presentacion-marisa-port.jpg\",\"contentUrl\":\"https:\\\/\\\/www.caudete.org\\\/ayuntamiento\\\/wp-content\\\/uploads\\\/2025\\\/10\\\/presentacion-marisa-port.jpg\",\"width\":864,\"height\":380},{\"@type\":\"BreadcrumbList\",\"@id\":\"https:\\\/\\\/www.caudete.org\\\/ayuntamiento\\\/marisa-guillen-presenta-en-caudete-itinerarios-del-silencio-un-poemario-sobre-salud-mental\\\/#breadcrumb\",\"itemListElement\":[{\"@type\":\"ListItem\",\"position\":1,\"name\":\"Inicio\",\"item\":\"https:\\\/\\\/www.caudete.org\\\/ayuntamiento\\\/\"},{\"@type\":\"ListItem\",\"position\":2,\"name\":\"Marisa Guill\u00e9n presenta en Caudete Itinerarios del silencio, un poemario sobre &#8220;salud mental\u201d\"}]},{\"@type\":\"WebSite\",\"@id\":\"https:\\\/\\\/www.caudete.org\\\/ayuntamiento\\\/#website\",\"url\":\"https:\\\/\\\/www.caudete.org\\\/ayuntamiento\\\/\",\"name\":\"MI Ayuntamiento de Caudete\",\"description\":\"P\u00e1gina Oficial del MI Ayuntamiento de Caudete\",\"potentialAction\":[{\"@type\":\"SearchAction\",\"target\":{\"@type\":\"EntryPoint\",\"urlTemplate\":\"https:\\\/\\\/www.caudete.org\\\/ayuntamiento\\\/?s={search_term_string}\"},\"query-input\":{\"@type\":\"PropertyValueSpecification\",\"valueRequired\":true,\"valueName\":\"search_term_string\"}}],\"inLanguage\":\"es\"},{\"@type\":\"Person\",\"@id\":\"https:\\\/\\\/www.caudete.org\\\/ayuntamiento\\\/#\\\/schema\\\/person\\\/abfa5ffd5010a14e078c21e6e61b6291\",\"name\":\"informatica2\",\"image\":{\"@type\":\"ImageObject\",\"inLanguage\":\"es\",\"@id\":\"https:\\\/\\\/secure.gravatar.com\\\/avatar\\\/b089890ff033a3e4d03eec00ecb5a14425217205c513f60ec32ebeaaeb5fa700?s=96&d=mm&r=g\",\"url\":\"https:\\\/\\\/secure.gravatar.com\\\/avatar\\\/b089890ff033a3e4d03eec00ecb5a14425217205c513f60ec32ebeaaeb5fa700?s=96&d=mm&r=g\",\"contentUrl\":\"https:\\\/\\\/secure.gravatar.com\\\/avatar\\\/b089890ff033a3e4d03eec00ecb5a14425217205c513f60ec32ebeaaeb5fa700?s=96&d=mm&r=g\",\"caption\":\"informatica2\"},\"url\":\"https:\\\/\\\/www.caudete.org\\\/ayuntamiento\\\/author\\\/informatica2\\\/\"}]}<\/script>\n<!-- \/ Yoast SEO plugin. -->","yoast_head_json":{"title":"Marisa Guill\u00e9n presenta en Caudete Itinerarios del silencio, un poemario sobre \"salud mental\u201d - MI Ayuntamiento de Caudete","description":"P\u00e1gina Oficial del Ayuntamiento de Caudete (Albacete)","robots":{"index":"index","follow":"follow","max-snippet":"max-snippet:-1","max-image-preview":"max-image-preview:large","max-video-preview":"max-video-preview:-1"},"canonical":"https:\/\/www.caudete.org\/ayuntamiento\/marisa-guillen-presenta-en-caudete-itinerarios-del-silencio-un-poemario-sobre-salud-mental\/","og_locale":"es_ES","og_type":"article","og_title":"Marisa Guill\u00e9n presenta en Caudete Itinerarios del silencio, un poemario sobre \"salud mental\u201d - MI Ayuntamiento de Caudete","og_description":"P\u00e1gina Oficial del Ayuntamiento de Caudete (Albacete)","og_url":"https:\/\/www.caudete.org\/ayuntamiento\/marisa-guillen-presenta-en-caudete-itinerarios-del-silencio-un-poemario-sobre-salud-mental\/","og_site_name":"MI Ayuntamiento de Caudete","article_publisher":"https:\/\/www.facebook.com\/ayuntamientocaudete\/","article_published_time":"2025-10-20T07:21:03+00:00","article_modified_time":"2025-10-20T20:11:47+00:00","og_image":[{"width":864,"height":380,"url":"https:\/\/www.caudete.org\/ayuntamiento\/wp-content\/uploads\/2025\/10\/presentacion-marisa-port.jpg","type":"image\/jpeg"}],"author":"informatica2","twitter_card":"summary_large_image","twitter_misc":{"Escrito por":"informatica2","Tiempo de lectura":"2 minutos"},"schema":{"@context":"https:\/\/schema.org","@graph":[{"@type":"Article","@id":"https:\/\/www.caudete.org\/ayuntamiento\/marisa-guillen-presenta-en-caudete-itinerarios-del-silencio-un-poemario-sobre-salud-mental\/#article","isPartOf":{"@id":"https:\/\/www.caudete.org\/ayuntamiento\/marisa-guillen-presenta-en-caudete-itinerarios-del-silencio-un-poemario-sobre-salud-mental\/"},"author":{"name":"informatica2","@id":"https:\/\/www.caudete.org\/ayuntamiento\/#\/schema\/person\/abfa5ffd5010a14e078c21e6e61b6291"},"headline":"Marisa Guill\u00e9n presenta en Caudete Itinerarios del silencio, un poemario sobre &#8220;salud mental\u201d","datePublished":"2025-10-20T07:21:03+00:00","dateModified":"2025-10-20T20:11:47+00:00","mainEntityOfPage":{"@id":"https:\/\/www.caudete.org\/ayuntamiento\/marisa-guillen-presenta-en-caudete-itinerarios-del-silencio-un-poemario-sobre-salud-mental\/"},"wordCount":372,"image":{"@id":"https:\/\/www.caudete.org\/ayuntamiento\/marisa-guillen-presenta-en-caudete-itinerarios-del-silencio-un-poemario-sobre-salud-mental\/#primaryimage"},"thumbnailUrl":"https:\/\/www.caudete.org\/ayuntamiento\/wp-content\/uploads\/2025\/10\/presentacion-marisa-port.jpg","articleSection":["Cultura"],"inLanguage":"es"},{"@type":"WebPage","@id":"https:\/\/www.caudete.org\/ayuntamiento\/marisa-guillen-presenta-en-caudete-itinerarios-del-silencio-un-poemario-sobre-salud-mental\/","url":"https:\/\/www.caudete.org\/ayuntamiento\/marisa-guillen-presenta-en-caudete-itinerarios-del-silencio-un-poemario-sobre-salud-mental\/","name":"Marisa Guill\u00e9n presenta en Caudete Itinerarios del silencio, un poemario sobre \"salud mental\u201d - MI Ayuntamiento de Caudete","isPartOf":{"@id":"https:\/\/www.caudete.org\/ayuntamiento\/#website"},"primaryImageOfPage":{"@id":"https:\/\/www.caudete.org\/ayuntamiento\/marisa-guillen-presenta-en-caudete-itinerarios-del-silencio-un-poemario-sobre-salud-mental\/#primaryimage"},"image":{"@id":"https:\/\/www.caudete.org\/ayuntamiento\/marisa-guillen-presenta-en-caudete-itinerarios-del-silencio-un-poemario-sobre-salud-mental\/#primaryimage"},"thumbnailUrl":"https:\/\/www.caudete.org\/ayuntamiento\/wp-content\/uploads\/2025\/10\/presentacion-marisa-port.jpg","datePublished":"2025-10-20T07:21:03+00:00","dateModified":"2025-10-20T20:11:47+00:00","author":{"@id":"https:\/\/www.caudete.org\/ayuntamiento\/#\/schema\/person\/abfa5ffd5010a14e078c21e6e61b6291"},"description":"P\u00e1gina Oficial del Ayuntamiento de Caudete (Albacete)","breadcrumb":{"@id":"https:\/\/www.caudete.org\/ayuntamiento\/marisa-guillen-presenta-en-caudete-itinerarios-del-silencio-un-poemario-sobre-salud-mental\/#breadcrumb"},"inLanguage":"es","potentialAction":[{"@type":"ReadAction","target":["https:\/\/www.caudete.org\/ayuntamiento\/marisa-guillen-presenta-en-caudete-itinerarios-del-silencio-un-poemario-sobre-salud-mental\/"]}]},{"@type":"ImageObject","inLanguage":"es","@id":"https:\/\/www.caudete.org\/ayuntamiento\/marisa-guillen-presenta-en-caudete-itinerarios-del-silencio-un-poemario-sobre-salud-mental\/#primaryimage","url":"https:\/\/www.caudete.org\/ayuntamiento\/wp-content\/uploads\/2025\/10\/presentacion-marisa-port.jpg","contentUrl":"https:\/\/www.caudete.org\/ayuntamiento\/wp-content\/uploads\/2025\/10\/presentacion-marisa-port.jpg","width":864,"height":380},{"@type":"BreadcrumbList","@id":"https:\/\/www.caudete.org\/ayuntamiento\/marisa-guillen-presenta-en-caudete-itinerarios-del-silencio-un-poemario-sobre-salud-mental\/#breadcrumb","itemListElement":[{"@type":"ListItem","position":1,"name":"Inicio","item":"https:\/\/www.caudete.org\/ayuntamiento\/"},{"@type":"ListItem","position":2,"name":"Marisa Guill\u00e9n presenta en Caudete Itinerarios del silencio, un poemario sobre &#8220;salud mental\u201d"}]},{"@type":"WebSite","@id":"https:\/\/www.caudete.org\/ayuntamiento\/#website","url":"https:\/\/www.caudete.org\/ayuntamiento\/","name":"MI Ayuntamiento de Caudete","description":"P\u00e1gina Oficial del MI Ayuntamiento de Caudete","potentialAction":[{"@type":"SearchAction","target":{"@type":"EntryPoint","urlTemplate":"https:\/\/www.caudete.org\/ayuntamiento\/?s={search_term_string}"},"query-input":{"@type":"PropertyValueSpecification","valueRequired":true,"valueName":"search_term_string"}}],"inLanguage":"es"},{"@type":"Person","@id":"https:\/\/www.caudete.org\/ayuntamiento\/#\/schema\/person\/abfa5ffd5010a14e078c21e6e61b6291","name":"informatica2","image":{"@type":"ImageObject","inLanguage":"es","@id":"https:\/\/secure.gravatar.com\/avatar\/b089890ff033a3e4d03eec00ecb5a14425217205c513f60ec32ebeaaeb5fa700?s=96&d=mm&r=g","url":"https:\/\/secure.gravatar.com\/avatar\/b089890ff033a3e4d03eec00ecb5a14425217205c513f60ec32ebeaaeb5fa700?s=96&d=mm&r=g","contentUrl":"https:\/\/secure.gravatar.com\/avatar\/b089890ff033a3e4d03eec00ecb5a14425217205c513f60ec32ebeaaeb5fa700?s=96&d=mm&r=g","caption":"informatica2"},"url":"https:\/\/www.caudete.org\/ayuntamiento\/author\/informatica2\/"}]}},"_links":{"self":[{"href":"https:\/\/www.caudete.org\/ayuntamiento\/wp-json\/wp\/v2\/posts\/31165","targetHints":{"allow":["GET"]}}],"collection":[{"href":"https:\/\/www.caudete.org\/ayuntamiento\/wp-json\/wp\/v2\/posts"}],"about":[{"href":"https:\/\/www.caudete.org\/ayuntamiento\/wp-json\/wp\/v2\/types\/post"}],"author":[{"embeddable":true,"href":"https:\/\/www.caudete.org\/ayuntamiento\/wp-json\/wp\/v2\/users\/6"}],"replies":[{"embeddable":true,"href":"https:\/\/www.caudete.org\/ayuntamiento\/wp-json\/wp\/v2\/comments?post=31165"}],"version-history":[{"count":5,"href":"https:\/\/www.caudete.org\/ayuntamiento\/wp-json\/wp\/v2\/posts\/31165\/revisions"}],"predecessor-version":[{"id":31175,"href":"https:\/\/www.caudete.org\/ayuntamiento\/wp-json\/wp\/v2\/posts\/31165\/revisions\/31175"}],"wp:featuredmedia":[{"embeddable":true,"href":"https:\/\/www.caudete.org\/ayuntamiento\/wp-json\/wp\/v2\/media\/31166"}],"wp:attachment":[{"href":"https:\/\/www.caudete.org\/ayuntamiento\/wp-json\/wp\/v2\/media?parent=31165"}],"wp:term":[{"taxonomy":"category","embeddable":true,"href":"https:\/\/www.caudete.org\/ayuntamiento\/wp-json\/wp\/v2\/categories?post=31165"},{"taxonomy":"post_tag","embeddable":true,"href":"https:\/\/www.caudete.org\/ayuntamiento\/wp-json\/wp\/v2\/tags?post=31165"}],"curies":[{"name":"wp","href":"https:\/\/api.w.org\/{rel}","templated":true}]}}