{"id":31172,"date":"2025-10-20T09:41:02","date_gmt":"2025-10-20T07:41:02","guid":{"rendered":"https:\/\/www.caudete.org\/ayuntamiento\/?p=31172"},"modified":"2025-10-20T22:12:24","modified_gmt":"2025-10-20T20:12:24","slug":"balance-de-la-feria-de-san-miguel-2025-mercado-del-siglo-de-oro","status":"publish","type":"post","link":"https:\/\/www.caudete.org\/ayuntamiento\/balance-de-la-feria-de-san-miguel-2025-mercado-del-siglo-de-oro\/","title":{"rendered":"Balance de la feria de San Miguel 2025, mercado del siglo de oro"},"content":{"rendered":"<p style=\"text-align: justify;\">El Concejal de Turismo, Diego Cuenca, informa que, el pasado fin de semana, tuvo lugar la Feria de San Miguel.<\/p>\n<p style=\"text-align: justify;\">Este evento se viene realizando desde hace unos 30 a\u00f1os, como Mercado Medieval y Feria de la Solidaridad, pero es desde hace 4, cuando, por parte de la Concejal\u00eda de Turismo, se recupera su verdadero esp\u00edritu, en base al Derecho Real que recibi\u00f3 Caudete, en el siglo XIV, para la celebraci\u00f3n de Feria Agr\u00edcola y Ganadera por los 15 d\u00edas siguientes a la festividad de San Miguel, por entonces patr\u00f3n de la villa.<\/p>\n<p style=\"text-align: justify;\">Esta feria se va consolidando, a\u00f1o tras a\u00f1o, como el evento estrella del calendario tur\u00edstico oto\u00f1al de Caudete.<\/p>\n<p style=\"text-align: justify;\">Este a\u00f1o, la Concejal\u00eda de Turismo ha contado, por primera vez, con La Fragua de Vulcano como empresa organizadora, que impregn\u00f3 las calles de Caudete de la atm\u00f3sfera del siglo XVII y la \u00e9poca cervantina. M\u00e1s de 50 puestos de artesan\u00eda y alimentaci\u00f3n se dieron cita en la plaza del Carmen y calle Mayor, siendo la plaza de la Iglesia el espacio dedicado a la gastronom\u00eda.<br \/>\nNos sentimos tambi\u00e9n muy satisfechos por haber contado, por primera vez, con varios negocios artesanos locales, posicion\u00e1ndose tambi\u00e9n esta feria como un escaparate para el emprendimiento local.<br \/>\nEn esta edici\u00f3n, se ha dado un paso exponencial en la proyecci\u00f3n tur\u00edstica de esta feria, que ha contado con una gran afluencia de visitantes.<br \/>\nLa Oficina de Turismo, Casa de Miguel Mart\u00ednez, estuvo abierta durante el horario de feria.<br \/>\nEn torno a 1100 personas visitaron la casa y solicitaron los servicios de turismo. En cuanto a la procedencia de las visitas, la mayor parte fueron caudetanos, seguidos de visitantes de Almansa y, en general, de las provincias de Alicante y Valencia, adem\u00e1s otros or\u00edgenes como Jumilla, Yecla, Almer\u00eda, Barcelona, Toledo, Holanda, B\u00e9lgica o Gran Breta\u00f1a.<\/p>\n<p style=\"text-align: justify;\">La Concejal\u00eda de Turismo seguir\u00e1 trabajando para promocionar este evento y convertirlo en cita imprescindible en el calendario de eventos a nivel comarcal y provincial.<\/p>\n<style type=\"text\/css\">\n#foogallery-gallery-31179.fg-justified .fg-item { margin-right: 2px; margin-bottom: 2px; }\n#foogallery-gallery-31179.fg-justified .fg-image { height: 200px; }<\/style>\n\t\t\t<div class=\"foogallery foogallery-container foogallery-justified foogallery-lightbox-none fg-justified fg-ready fg-light fg-shadow-outline fg-loading-default fg-loaded-fade-in fg-caption-always fg-hover-fade fg-hover-zoom2\" id=\"foogallery-gallery-31179\" data-foogallery=\"{&quot;item&quot;:{&quot;showCaptionTitle&quot;:true,&quot;showCaptionDescription&quot;:false},&quot;lazy&quot;:true,&quot;paging&quot;:{&quot;type&quot;:&quot;dots&quot;,&quot;size&quot;:20,&quot;position&quot;:&quot;bottom&quot;,&quot;scrollToTop&quot;:false,&quot;output&quot;:&quot;html&quot;,&quot;theme&quot;:&quot;fg-light&quot;},&quot;template&quot;:{&quot;rowHeight&quot;:200,&quot;maxRowHeight&quot;:250,&quot;margins&quot;:2,&quot;align&quot;:&quot;center&quot;,&quot;lastRow&quot;:&quot;smart&quot;}}\" style=\"--fg-title-line-clamp: 0; --fg-description-line-clamp: 0;\" >\n\t<div class=\"fg-item fg-type-image fg-idle\"><figure class=\"fg-item-inner\"><a href=\"https:\/\/www.caudete.org\/ayuntamiento\/wp-content\/uploads\/2025\/10\/566201340_1238302118318159_7263189347043934686_n.jpg\" data-attachment-id=\"31224\" data-e-disable-page-transition=\"true\" data-type=\"image\" class=\"fg-thumb\"><span class=\"fg-image-wrap\"><img fetchpriority=\"high\" decoding=\"async\" height=\"250\" width=\"200\" class=\"skip-lazy fg-image\" data-src-fg=\"https:\/\/www.caudete.org\/ayuntamiento\/wp-content\/uploads\/cache\/2025\/10\/566201340_1238302118318159_7263189347043934686_n\/2779920922.jpg\" src=\"data:image\/svg+xml,%3Csvg%20xmlns%3D%22http%3A%2F%2Fwww.w3.org%2F2000%2Fsvg%22%20width%3D%22200%22%20height%3D%22250%22%20viewBox%3D%220%200%20200%20250%22%3E%3C%2Fsvg%3E\" loading=\"eager\"><\/span><span class=\"fg-image-overlay\"><\/span><\/a><\/figure><div class=\"fg-loader\"><\/div><\/div><div class=\"fg-item fg-type-image fg-idle\"><figure class=\"fg-item-inner\"><a href=\"https:\/\/www.caudete.org\/ayuntamiento\/wp-content\/uploads\/2025\/10\/565703053_1238302008318170_4061420636423694482_n.jpg\" data-attachment-id=\"31223\" data-e-disable-page-transition=\"true\" data-type=\"image\" class=\"fg-thumb\"><span class=\"fg-image-wrap\"><img decoding=\"async\" height=\"250\" width=\"200\" class=\"skip-lazy fg-image\" data-src-fg=\"https:\/\/www.caudete.org\/ayuntamiento\/wp-content\/uploads\/cache\/2025\/10\/565703053_1238302008318170_4061420636423694482_n\/3033120.jpg\" src=\"data:image\/svg+xml,%3Csvg%20xmlns%3D%22http%3A%2F%2Fwww.w3.org%2F2000%2Fsvg%22%20width%3D%22200%22%20height%3D%22250%22%20viewBox%3D%220%200%20200%20250%22%3E%3C%2Fsvg%3E\" loading=\"eager\"><\/span><span class=\"fg-image-overlay\"><\/span><\/a><\/figure><div class=\"fg-loader\"><\/div><\/div><div class=\"fg-item fg-type-image fg-idle\"><figure class=\"fg-item-inner\"><a href=\"https:\/\/www.caudete.org\/ayuntamiento\/wp-content\/uploads\/2025\/10\/564211285_1239772014837836_5813494194791183017_n2.jpg\" data-attachment-id=\"31218\" data-e-disable-page-transition=\"true\" data-type=\"image\" class=\"fg-thumb\"><span class=\"fg-image-wrap\"><img decoding=\"async\" height=\"250\" width=\"200\" class=\"skip-lazy fg-image\" data-src-fg=\"https:\/\/www.caudete.org\/ayuntamiento\/wp-content\/uploads\/cache\/2025\/10\/564211285_1239772014837836_5813494194791183017_n2\/4276759699.jpg\" src=\"data:image\/svg+xml,%3Csvg%20xmlns%3D%22http%3A%2F%2Fwww.w3.org%2F2000%2Fsvg%22%20width%3D%22200%22%20height%3D%22250%22%20viewBox%3D%220%200%20200%20250%22%3E%3C%2Fsvg%3E\" loading=\"eager\"><\/span><span class=\"fg-image-overlay\"><\/span><\/a><\/figure><div class=\"fg-loader\"><\/div><\/div><div class=\"fg-item fg-type-image fg-idle\"><figure class=\"fg-item-inner\"><a href=\"https:\/\/www.caudete.org\/ayuntamiento\/wp-content\/uploads\/2025\/10\/566314667_1238301964984841_8943407627556465783_n.jpg\" data-attachment-id=\"31203\" data-e-disable-page-transition=\"true\" data-type=\"image\" class=\"fg-thumb\"><span class=\"fg-image-wrap\"><img decoding=\"async\" height=\"250\" width=\"200\" class=\"skip-lazy fg-image\" data-src-fg=\"https:\/\/www.caudete.org\/ayuntamiento\/wp-content\/uploads\/cache\/2025\/10\/566314667_1238301964984841_8943407627556465783_n\/4206575032.jpg\" src=\"data:image\/svg+xml,%3Csvg%20xmlns%3D%22http%3A%2F%2Fwww.w3.org%2F2000%2Fsvg%22%20width%3D%22200%22%20height%3D%22250%22%20viewBox%3D%220%200%20200%20250%22%3E%3C%2Fsvg%3E\" loading=\"eager\"><\/span><span class=\"fg-image-overlay\"><\/span><\/a><\/figure><div class=\"fg-loader\"><\/div><\/div><div class=\"fg-item fg-type-image fg-idle\"><figure class=\"fg-item-inner\"><a href=\"https:\/\/www.caudete.org\/ayuntamiento\/wp-content\/uploads\/2025\/10\/567653665_1238302054984832_8046516182115932939_n.jpg\" data-attachment-id=\"31205\" data-e-disable-page-transition=\"true\" data-type=\"image\" class=\"fg-thumb\"><span class=\"fg-image-wrap\"><img decoding=\"async\" height=\"250\" width=\"200\" class=\"skip-lazy fg-image\" data-src-fg=\"https:\/\/www.caudete.org\/ayuntamiento\/wp-content\/uploads\/cache\/2025\/10\/567653665_1238302054984832_8046516182115932939_n\/17777611.jpg\" src=\"data:image\/svg+xml,%3Csvg%20xmlns%3D%22http%3A%2F%2Fwww.w3.org%2F2000%2Fsvg%22%20width%3D%22200%22%20height%3D%22250%22%20viewBox%3D%220%200%20200%20250%22%3E%3C%2Fsvg%3E\" loading=\"eager\"><\/span><span class=\"fg-image-overlay\"><\/span><\/a><\/figure><div class=\"fg-loader\"><\/div><\/div><div class=\"fg-item fg-type-image fg-idle\"><figure class=\"fg-item-inner\"><a href=\"https:\/\/www.caudete.org\/ayuntamiento\/wp-content\/uploads\/2025\/10\/566204975_1238302074984830_2625822297625884437_n.jpg\" data-attachment-id=\"31225\" data-e-disable-page-transition=\"true\" data-type=\"image\" class=\"fg-thumb\"><span class=\"fg-image-wrap\"><img decoding=\"async\" height=\"250\" width=\"200\" class=\"skip-lazy fg-image\" data-src-fg=\"https:\/\/www.caudete.org\/ayuntamiento\/wp-content\/uploads\/cache\/2025\/10\/566204975_1238302074984830_2625822297625884437_n\/557417297.jpg\" src=\"data:image\/svg+xml,%3Csvg%20xmlns%3D%22http%3A%2F%2Fwww.w3.org%2F2000%2Fsvg%22%20width%3D%22200%22%20height%3D%22250%22%20viewBox%3D%220%200%20200%20250%22%3E%3C%2Fsvg%3E\" loading=\"eager\"><\/span><span class=\"fg-image-overlay\"><\/span><\/a><\/figure><div class=\"fg-loader\"><\/div><\/div><div class=\"fg-item fg-type-image fg-idle\"><figure class=\"fg-item-inner\"><a href=\"https:\/\/www.caudete.org\/ayuntamiento\/wp-content\/uploads\/2025\/10\/568389362_1239803091501395_6814978682389758570_n.jpg\" data-attachment-id=\"31210\" data-e-disable-page-transition=\"true\" data-type=\"image\" class=\"fg-thumb\"><span class=\"fg-image-wrap\"><img decoding=\"async\" height=\"250\" width=\"250\" class=\"skip-lazy fg-image\" data-src-fg=\"https:\/\/www.caudete.org\/ayuntamiento\/wp-content\/uploads\/cache\/2025\/10\/568389362_1239803091501395_6814978682389758570_n\/4253611834.jpg\" src=\"data:image\/svg+xml,%3Csvg%20xmlns%3D%22http%3A%2F%2Fwww.w3.org%2F2000%2Fsvg%22%20width%3D%22250%22%20height%3D%22250%22%20viewBox%3D%220%200%20250%20250%22%3E%3C%2Fsvg%3E\" loading=\"eager\"><\/span><span class=\"fg-image-overlay\"><\/span><\/a><\/figure><div class=\"fg-loader\"><\/div><\/div><div class=\"fg-item fg-type-image fg-idle\"><figure class=\"fg-item-inner\"><a href=\"https:\/\/www.caudete.org\/ayuntamiento\/wp-content\/uploads\/2025\/10\/567956882_1239803081501396_2122918332772267370_n.jpg\" data-attachment-id=\"31206\" data-e-disable-page-transition=\"true\" data-type=\"image\" class=\"fg-thumb\"><span class=\"fg-image-wrap\"><img decoding=\"async\" height=\"250\" width=\"250\" class=\"skip-lazy fg-image\" data-src-fg=\"https:\/\/www.caudete.org\/ayuntamiento\/wp-content\/uploads\/cache\/2025\/10\/567956882_1239803081501396_2122918332772267370_n\/2793224684.jpg\" src=\"data:image\/svg+xml,%3Csvg%20xmlns%3D%22http%3A%2F%2Fwww.w3.org%2F2000%2Fsvg%22%20width%3D%22250%22%20height%3D%22250%22%20viewBox%3D%220%200%20250%20250%22%3E%3C%2Fsvg%3E\" loading=\"eager\"><\/span><span class=\"fg-image-overlay\"><\/span><\/a><\/figure><div class=\"fg-loader\"><\/div><\/div><div class=\"fg-item fg-type-image fg-idle\"><figure class=\"fg-item-inner\"><a href=\"https:\/\/www.caudete.org\/ayuntamiento\/wp-content\/uploads\/2025\/10\/567969258_1239803044834733_177542713123469666_n.jpg\" data-attachment-id=\"31207\" data-e-disable-page-transition=\"true\" data-type=\"image\" class=\"fg-thumb\"><span class=\"fg-image-wrap\"><img decoding=\"async\" height=\"250\" width=\"250\" class=\"skip-lazy fg-image\" data-src-fg=\"https:\/\/www.caudete.org\/ayuntamiento\/wp-content\/uploads\/cache\/2025\/10\/567969258_1239803044834733_177542713123469666_n\/1976906589.jpg\" src=\"data:image\/svg+xml,%3Csvg%20xmlns%3D%22http%3A%2F%2Fwww.w3.org%2F2000%2Fsvg%22%20width%3D%22250%22%20height%3D%22250%22%20viewBox%3D%220%200%20250%20250%22%3E%3C%2Fsvg%3E\" loading=\"eager\"><\/span><span class=\"fg-image-overlay\"><\/span><\/a><\/figure><div class=\"fg-loader\"><\/div><\/div><div class=\"fg-item fg-type-image fg-idle\"><figure class=\"fg-item-inner\"><a href=\"https:\/\/www.caudete.org\/ayuntamiento\/wp-content\/uploads\/2025\/10\/568500513_1239803028168068_9222613827883748342_n.jpg\" data-attachment-id=\"31213\" data-e-disable-page-transition=\"true\" data-type=\"image\" class=\"fg-thumb\"><span class=\"fg-image-wrap\"><img decoding=\"async\" height=\"250\" width=\"250\" class=\"skip-lazy fg-image\" data-src-fg=\"https:\/\/www.caudete.org\/ayuntamiento\/wp-content\/uploads\/cache\/2025\/10\/568500513_1239803028168068_9222613827883748342_n\/291094129.jpg\" src=\"data:image\/svg+xml,%3Csvg%20xmlns%3D%22http%3A%2F%2Fwww.w3.org%2F2000%2Fsvg%22%20width%3D%22250%22%20height%3D%22250%22%20viewBox%3D%220%200%20250%20250%22%3E%3C%2Fsvg%3E\" loading=\"eager\"><\/span><span class=\"fg-image-overlay\"><\/span><\/a><\/figure><div class=\"fg-loader\"><\/div><\/div><div class=\"fg-item fg-type-image fg-idle\"><figure class=\"fg-item-inner\"><a href=\"https:\/\/www.caudete.org\/ayuntamiento\/wp-content\/uploads\/2025\/10\/568479346_1238900861591618_4457031117218313032_n.jpg\" data-attachment-id=\"31212\" data-e-disable-page-transition=\"true\" data-type=\"image\" class=\"fg-thumb\"><span class=\"fg-image-wrap\"><img decoding=\"async\" height=\"250\" width=\"200\" class=\"skip-lazy fg-image\" data-src-fg=\"https:\/\/www.caudete.org\/ayuntamiento\/wp-content\/uploads\/cache\/2025\/10\/568479346_1238900861591618_4457031117218313032_n\/2115993411.jpg\" src=\"data:image\/svg+xml,%3Csvg%20xmlns%3D%22http%3A%2F%2Fwww.w3.org%2F2000%2Fsvg%22%20width%3D%22200%22%20height%3D%22250%22%20viewBox%3D%220%200%20200%20250%22%3E%3C%2Fsvg%3E\" loading=\"eager\"><\/span><span class=\"fg-image-overlay\"><\/span><\/a><\/figure><div class=\"fg-loader\"><\/div><\/div><div class=\"fg-item fg-type-image fg-idle\"><figure class=\"fg-item-inner\"><a href=\"https:\/\/www.caudete.org\/ayuntamiento\/wp-content\/uploads\/2025\/10\/568264125_1238900914924946_4294416448604316988_n.jpg\" data-attachment-id=\"31209\" data-e-disable-page-transition=\"true\" data-type=\"image\" class=\"fg-thumb\"><span class=\"fg-image-wrap\"><img decoding=\"async\" height=\"250\" width=\"200\" class=\"skip-lazy fg-image\" data-src-fg=\"https:\/\/www.caudete.org\/ayuntamiento\/wp-content\/uploads\/cache\/2025\/10\/568264125_1238900914924946_4294416448604316988_n\/757300178.jpg\" src=\"data:image\/svg+xml,%3Csvg%20xmlns%3D%22http%3A%2F%2Fwww.w3.org%2F2000%2Fsvg%22%20width%3D%22200%22%20height%3D%22250%22%20viewBox%3D%220%200%20200%20250%22%3E%3C%2Fsvg%3E\" loading=\"eager\"><\/span><span class=\"fg-image-overlay\"><\/span><\/a><\/figure><div class=\"fg-loader\"><\/div><\/div><div class=\"fg-item fg-type-image fg-idle\"><figure class=\"fg-item-inner\"><a href=\"https:\/\/www.caudete.org\/ayuntamiento\/wp-content\/uploads\/2025\/10\/568389365_1238900948258276_4797374872896110456_n.jpg\" data-attachment-id=\"31211\" data-e-disable-page-transition=\"true\" data-type=\"image\" class=\"fg-thumb\"><span class=\"fg-image-wrap\"><img decoding=\"async\" height=\"250\" width=\"200\" class=\"skip-lazy fg-image\" data-src-fg=\"https:\/\/www.caudete.org\/ayuntamiento\/wp-content\/uploads\/cache\/2025\/10\/568389365_1238900948258276_4797374872896110456_n\/3668124321.jpg\" src=\"data:image\/svg+xml,%3Csvg%20xmlns%3D%22http%3A%2F%2Fwww.w3.org%2F2000%2Fsvg%22%20width%3D%22200%22%20height%3D%22250%22%20viewBox%3D%220%200%20200%20250%22%3E%3C%2Fsvg%3E\" loading=\"eager\"><\/span><span class=\"fg-image-overlay\"><\/span><\/a><\/figure><div class=\"fg-loader\"><\/div><\/div><div class=\"fg-item fg-type-image fg-idle\"><figure class=\"fg-item-inner\"><a href=\"https:\/\/www.caudete.org\/ayuntamiento\/wp-content\/uploads\/2025\/10\/WhatsApp-Image-2025-10-20-at-10.00.03.jpg\" data-attachment-id=\"31214\" data-e-disable-page-transition=\"true\" data-type=\"image\" class=\"fg-thumb\"><span class=\"fg-image-wrap\"><img decoding=\"async\" height=\"250\" width=\"200\" class=\"skip-lazy fg-image\" data-src-fg=\"https:\/\/www.caudete.org\/ayuntamiento\/wp-content\/uploads\/cache\/2025\/10\/WhatsApp-Image-2025-10-20-at-10_00_03\/1851666736.jpg\" src=\"data:image\/svg+xml,%3Csvg%20xmlns%3D%22http%3A%2F%2Fwww.w3.org%2F2000%2Fsvg%22%20width%3D%22200%22%20height%3D%22250%22%20viewBox%3D%220%200%20200%20250%22%3E%3C%2Fsvg%3E\" loading=\"eager\"><\/span><span class=\"fg-image-overlay\"><\/span><\/a><\/figure><div class=\"fg-loader\"><\/div><\/div><div class=\"fg-item fg-type-image fg-idle\"><figure class=\"fg-item-inner\"><a href=\"https:\/\/www.caudete.org\/ayuntamiento\/wp-content\/uploads\/2025\/10\/561920533_1239205554894482_8101065767848577920_n.jpg\" data-attachment-id=\"31215\" data-e-disable-page-transition=\"true\" data-type=\"image\" class=\"fg-thumb\"><span class=\"fg-image-wrap\"><img decoding=\"async\" height=\"250\" width=\"200\" class=\"skip-lazy fg-image\" data-src-fg=\"https:\/\/www.caudete.org\/ayuntamiento\/wp-content\/uploads\/cache\/2025\/10\/561920533_1239205554894482_8101065767848577920_n\/4231279247.jpg\" src=\"data:image\/svg+xml,%3Csvg%20xmlns%3D%22http%3A%2F%2Fwww.w3.org%2F2000%2Fsvg%22%20width%3D%22200%22%20height%3D%22250%22%20viewBox%3D%220%200%20200%20250%22%3E%3C%2Fsvg%3E\" loading=\"eager\"><\/span><span class=\"fg-image-overlay\"><\/span><\/a><\/figure><div class=\"fg-loader\"><\/div><\/div><div class=\"fg-item fg-type-image fg-idle\"><figure class=\"fg-item-inner\"><a href=\"https:\/\/www.caudete.org\/ayuntamiento\/wp-content\/uploads\/2025\/10\/566320505_1239205541561150_474148356143634166_n.jpg\" data-attachment-id=\"31204\" data-e-disable-page-transition=\"true\" data-type=\"image\" class=\"fg-thumb\"><span class=\"fg-image-wrap\"><img decoding=\"async\" height=\"250\" width=\"200\" class=\"skip-lazy fg-image\" data-src-fg=\"https:\/\/www.caudete.org\/ayuntamiento\/wp-content\/uploads\/cache\/2025\/10\/566320505_1239205541561150_474148356143634166_n\/551672455.jpg\" src=\"data:image\/svg+xml,%3Csvg%20xmlns%3D%22http%3A%2F%2Fwww.w3.org%2F2000%2Fsvg%22%20width%3D%22200%22%20height%3D%22250%22%20viewBox%3D%220%200%20200%20250%22%3E%3C%2Fsvg%3E\" loading=\"eager\"><\/span><span class=\"fg-image-overlay\"><\/span><\/a><\/figure><div class=\"fg-loader\"><\/div><\/div><div class=\"fg-item fg-type-image fg-idle\"><figure class=\"fg-item-inner\"><a href=\"https:\/\/www.caudete.org\/ayuntamiento\/wp-content\/uploads\/2025\/10\/565621914_1239205581561146_7843881836708914751_n.jpg\" data-attachment-id=\"31222\" data-e-disable-page-transition=\"true\" data-type=\"image\" class=\"fg-thumb\"><span class=\"fg-image-wrap\"><img decoding=\"async\" height=\"250\" width=\"200\" class=\"skip-lazy fg-image\" data-src-fg=\"https:\/\/www.caudete.org\/ayuntamiento\/wp-content\/uploads\/cache\/2025\/10\/565621914_1239205581561146_7843881836708914751_n\/4214660009.jpg\" src=\"data:image\/svg+xml,%3Csvg%20xmlns%3D%22http%3A%2F%2Fwww.w3.org%2F2000%2Fsvg%22%20width%3D%22200%22%20height%3D%22250%22%20viewBox%3D%220%200%20200%20250%22%3E%3C%2Fsvg%3E\" loading=\"eager\"><\/span><span class=\"fg-image-overlay\"><\/span><\/a><\/figure><div class=\"fg-loader\"><\/div><\/div><div class=\"fg-item fg-type-image fg-idle\"><figure class=\"fg-item-inner\"><a href=\"https:\/\/www.caudete.org\/ayuntamiento\/wp-content\/uploads\/2025\/10\/562488505_1239772028171168_4699460005462519491_n.jpg\" data-attachment-id=\"31216\" data-e-disable-page-transition=\"true\" data-type=\"image\" class=\"fg-thumb\"><span class=\"fg-image-wrap\"><img decoding=\"async\" height=\"250\" width=\"200\" class=\"skip-lazy fg-image\" data-src-fg=\"https:\/\/www.caudete.org\/ayuntamiento\/wp-content\/uploads\/cache\/2025\/10\/562488505_1239772028171168_4699460005462519491_n\/3113098627.jpg\" src=\"data:image\/svg+xml,%3Csvg%20xmlns%3D%22http%3A%2F%2Fwww.w3.org%2F2000%2Fsvg%22%20width%3D%22200%22%20height%3D%22250%22%20viewBox%3D%220%200%20200%20250%22%3E%3C%2Fsvg%3E\" loading=\"eager\"><\/span><span class=\"fg-image-overlay\"><\/span><\/a><\/figure><div class=\"fg-loader\"><\/div><\/div><div class=\"fg-item fg-type-image fg-idle\"><figure class=\"fg-item-inner\"><a href=\"https:\/\/www.caudete.org\/ayuntamiento\/wp-content\/uploads\/2025\/10\/564192515_1239772041504500_7740347324462314208_n.jpg\" data-attachment-id=\"31217\" data-e-disable-page-transition=\"true\" data-type=\"image\" class=\"fg-thumb\"><span class=\"fg-image-wrap\"><img decoding=\"async\" height=\"250\" width=\"200\" class=\"skip-lazy fg-image\" data-src-fg=\"https:\/\/www.caudete.org\/ayuntamiento\/wp-content\/uploads\/cache\/2025\/10\/564192515_1239772041504500_7740347324462314208_n\/1405071603.jpg\" src=\"data:image\/svg+xml,%3Csvg%20xmlns%3D%22http%3A%2F%2Fwww.w3.org%2F2000%2Fsvg%22%20width%3D%22200%22%20height%3D%22250%22%20viewBox%3D%220%200%20200%20250%22%3E%3C%2Fsvg%3E\" loading=\"eager\"><\/span><span class=\"fg-image-overlay\"><\/span><\/a><\/figure><div class=\"fg-loader\"><\/div><\/div><div class=\"fg-item fg-type-image fg-idle\"><figure class=\"fg-item-inner\"><a href=\"https:\/\/www.caudete.org\/ayuntamiento\/wp-content\/uploads\/2025\/10\/564568098_1238872774927760_5452350879609830898_n.jpg\" data-attachment-id=\"31219\" data-e-disable-page-transition=\"true\" data-type=\"image\" class=\"fg-thumb\"><span class=\"fg-image-wrap\"><img decoding=\"async\" height=\"250\" width=\"210\" class=\"skip-lazy fg-image\" data-src-fg=\"https:\/\/www.caudete.org\/ayuntamiento\/wp-content\/uploads\/cache\/2025\/10\/564568098_1238872774927760_5452350879609830898_n\/1216883060.jpg\" src=\"data:image\/svg+xml,%3Csvg%20xmlns%3D%22http%3A%2F%2Fwww.w3.org%2F2000%2Fsvg%22%20width%3D%22210%22%20height%3D%22250%22%20viewBox%3D%220%200%20210%20250%22%3E%3C%2Fsvg%3E\" loading=\"eager\"><\/span><span class=\"fg-image-overlay\"><\/span><\/a><\/figure><div class=\"fg-loader\"><\/div><\/div><div class=\"fg-item fg-type-image fg-idle fg-hidden\"><figure class=\"fg-item-inner\"><a href=\"https:\/\/www.caudete.org\/ayuntamiento\/wp-content\/uploads\/2025\/10\/566217719_1238302094984828_7764602755603583046_n.jpg\" data-attachment-id=\"31201\" data-e-disable-page-transition=\"true\" data-type=\"image\" class=\"fg-thumb\"><span class=\"fg-image-wrap\"><img decoding=\"async\" height=\"250\" width=\"200\" class=\"skip-lazy fg-image\" data-src-fg=\"https:\/\/www.caudete.org\/ayuntamiento\/wp-content\/uploads\/cache\/2025\/10\/566217719_1238302094984828_7764602755603583046_n\/2786348638.jpg\" src=\"data:image\/svg+xml,%3Csvg%20xmlns%3D%22http%3A%2F%2Fwww.w3.org%2F2000%2Fsvg%22%20width%3D%22200%22%20height%3D%22250%22%20viewBox%3D%220%200%20200%20250%22%3E%3C%2Fsvg%3E\" loading=\"eager\"><\/span><span class=\"fg-image-overlay\"><\/span><\/a><\/figure><div class=\"fg-loader\"><\/div><\/div><div class=\"fg-item fg-type-image fg-idle fg-hidden\"><figure class=\"fg-item-inner\"><a href=\"https:\/\/www.caudete.org\/ayuntamiento\/wp-content\/uploads\/2025\/10\/565092339_1239771991504505_623652968252708370_n.jpg\" data-attachment-id=\"31221\" data-e-disable-page-transition=\"true\" data-type=\"image\" class=\"fg-thumb\"><span class=\"fg-image-wrap\"><img decoding=\"async\" height=\"250\" width=\"200\" class=\"skip-lazy fg-image\" data-src-fg=\"https:\/\/www.caudete.org\/ayuntamiento\/wp-content\/uploads\/cache\/2025\/10\/565092339_1239771991504505_623652968252708370_n\/2014365767.jpg\" src=\"data:image\/svg+xml,%3Csvg%20xmlns%3D%22http%3A%2F%2Fwww.w3.org%2F2000%2Fsvg%22%20width%3D%22200%22%20height%3D%22250%22%20viewBox%3D%220%200%20200%20250%22%3E%3C%2Fsvg%3E\" loading=\"eager\"><\/span><span class=\"fg-image-overlay\"><\/span><\/a><\/figure><div class=\"fg-loader\"><\/div><\/div><div class=\"fg-item fg-type-image fg-idle fg-hidden\"><figure class=\"fg-item-inner\"><a href=\"https:\/\/www.caudete.org\/ayuntamiento\/wp-content\/uploads\/2025\/10\/564617401_1239771964837841_5070253279149462532_n.jpg\" data-attachment-id=\"31220\" data-e-disable-page-transition=\"true\" data-type=\"image\" class=\"fg-thumb\"><span class=\"fg-image-wrap\"><img decoding=\"async\" height=\"250\" width=\"200\" class=\"skip-lazy fg-image\" data-src-fg=\"https:\/\/www.caudete.org\/ayuntamiento\/wp-content\/uploads\/cache\/2025\/10\/564617401_1239771964837841_5070253279149462532_n\/1492376836.jpg\" src=\"data:image\/svg+xml,%3Csvg%20xmlns%3D%22http%3A%2F%2Fwww.w3.org%2F2000%2Fsvg%22%20width%3D%22200%22%20height%3D%22250%22%20viewBox%3D%220%200%20200%20250%22%3E%3C%2Fsvg%3E\" loading=\"eager\"><\/span><span class=\"fg-image-overlay\"><\/span><\/a><\/figure><div class=\"fg-loader\"><\/div><\/div><div class=\"fg-item fg-type-image fg-idle fg-hidden\"><figure class=\"fg-item-inner\"><a href=\"https:\/\/www.caudete.org\/ayuntamiento\/wp-content\/uploads\/2025\/10\/566224122_1238900891591615_1034971703130805961_n.jpg\" data-attachment-id=\"31202\" data-e-disable-page-transition=\"true\" data-type=\"image\" class=\"fg-thumb\"><span class=\"fg-image-wrap\"><img decoding=\"async\" height=\"250\" width=\"200\" class=\"skip-lazy fg-image\" data-src-fg=\"https:\/\/www.caudete.org\/ayuntamiento\/wp-content\/uploads\/cache\/2025\/10\/566224122_1238900891591615_1034971703130805961_n\/2522837948.jpg\" src=\"data:image\/svg+xml,%3Csvg%20xmlns%3D%22http%3A%2F%2Fwww.w3.org%2F2000%2Fsvg%22%20width%3D%22200%22%20height%3D%22250%22%20viewBox%3D%220%200%20200%20250%22%3E%3C%2Fsvg%3E\" loading=\"eager\"><\/span><span class=\"fg-image-overlay\"><\/span><\/a><\/figure><div class=\"fg-loader\"><\/div><\/div><\/div>\n<nav id=\"foogallery-gallery-31179_paging-bottom\" class=\"fg-paging-container fg-ph-dots\"><\/nav>\n<p>&nbsp;<\/p>\n","protected":false},"excerpt":{"rendered":"<p>El Concejal de Turismo, Diego Cuenca, informa que, el pasado fin de semana, tuvo lugar la Feria de San Miguel. Este evento se viene realizando desde hace unos 30 a\u00f1os, como Mercado Medieval y Feria de la Solidaridad, pero es desde hace 4, cuando, por parte de la Concejal\u00eda de Turismo, se recupera su verdadero &hellip;<\/p>\n","protected":false},"author":6,"featured_media":31228,"comment_status":"closed","ping_status":"open","sticky":false,"template":"","format":"standard","meta":{"ngg_post_thumbnail":0,"footnotes":""},"categories":[43],"tags":[],"class_list":["post-31172","post","type-post","status-publish","format-standard","has-post-thumbnail","hentry","category-turismo"],"yoast_head":"<!-- This site is optimized with the Yoast SEO plugin v27.5 - https:\/\/yoast.com\/product\/yoast-seo-wordpress\/ -->\n<title>Balance de la feria de San Miguel 2025, mercado del siglo de oro - MI Ayuntamiento de Caudete<\/title>\n<meta name=\"description\" content=\"P\u00e1gina Oficial del Ayuntamiento de Caudete (Albacete)\" \/>\n<meta name=\"robots\" content=\"index, follow, max-snippet:-1, max-image-preview:large, max-video-preview:-1\" \/>\n<link rel=\"canonical\" href=\"https:\/\/www.caudete.org\/ayuntamiento\/balance-de-la-feria-de-san-miguel-2025-mercado-del-siglo-de-oro\/\" \/>\n<meta property=\"og:locale\" content=\"es_ES\" \/>\n<meta property=\"og:type\" content=\"article\" \/>\n<meta property=\"og:title\" content=\"Balance de la feria de San Miguel 2025, mercado del siglo de oro - MI Ayuntamiento de Caudete\" \/>\n<meta property=\"og:description\" content=\"P\u00e1gina Oficial del Ayuntamiento de Caudete (Albacete)\" \/>\n<meta property=\"og:url\" content=\"https:\/\/www.caudete.org\/ayuntamiento\/balance-de-la-feria-de-san-miguel-2025-mercado-del-siglo-de-oro\/\" \/>\n<meta property=\"og:site_name\" content=\"MI Ayuntamiento de Caudete\" \/>\n<meta property=\"article:publisher\" content=\"https:\/\/www.facebook.com\/ayuntamientocaudete\/\" \/>\n<meta property=\"article:published_time\" content=\"2025-10-20T07:41:02+00:00\" \/>\n<meta property=\"article:modified_time\" content=\"2025-10-20T20:12:24+00:00\" \/>\n<meta property=\"og:image\" content=\"https:\/\/www.caudete.org\/ayuntamiento\/wp-content\/uploads\/2025\/10\/564211285_1239772014837836_5813494194791183017_n2-port.jpg\" \/>\n\t<meta property=\"og:image:width\" content=\"800\" \/>\n\t<meta property=\"og:image:height\" content=\"661\" \/>\n\t<meta property=\"og:image:type\" content=\"image\/jpeg\" \/>\n<meta name=\"author\" content=\"informatica2\" \/>\n<meta name=\"twitter:card\" content=\"summary_large_image\" \/>\n<meta name=\"twitter:label1\" content=\"Escrito por\" \/>\n\t<meta name=\"twitter:data1\" content=\"informatica2\" \/>\n\t<meta name=\"twitter:label2\" content=\"Tiempo de lectura\" \/>\n\t<meta name=\"twitter:data2\" content=\"2 minutos\" \/>\n<script type=\"application\/ld+json\" class=\"yoast-schema-graph\">{\"@context\":\"https:\\\/\\\/schema.org\",\"@graph\":[{\"@type\":\"Article\",\"@id\":\"https:\\\/\\\/www.caudete.org\\\/ayuntamiento\\\/balance-de-la-feria-de-san-miguel-2025-mercado-del-siglo-de-oro\\\/#article\",\"isPartOf\":{\"@id\":\"https:\\\/\\\/www.caudete.org\\\/ayuntamiento\\\/balance-de-la-feria-de-san-miguel-2025-mercado-del-siglo-de-oro\\\/\"},\"author\":{\"name\":\"informatica2\",\"@id\":\"https:\\\/\\\/www.caudete.org\\\/ayuntamiento\\\/#\\\/schema\\\/person\\\/abfa5ffd5010a14e078c21e6e61b6291\"},\"headline\":\"Balance de la feria de San Miguel 2025, mercado del siglo de oro\",\"datePublished\":\"2025-10-20T07:41:02+00:00\",\"dateModified\":\"2025-10-20T20:12:24+00:00\",\"mainEntityOfPage\":{\"@id\":\"https:\\\/\\\/www.caudete.org\\\/ayuntamiento\\\/balance-de-la-feria-de-san-miguel-2025-mercado-del-siglo-de-oro\\\/\"},\"wordCount\":366,\"image\":{\"@id\":\"https:\\\/\\\/www.caudete.org\\\/ayuntamiento\\\/balance-de-la-feria-de-san-miguel-2025-mercado-del-siglo-de-oro\\\/#primaryimage\"},\"thumbnailUrl\":\"https:\\\/\\\/www.caudete.org\\\/ayuntamiento\\\/wp-content\\\/uploads\\\/2025\\\/10\\\/564211285_1239772014837836_5813494194791183017_n2-port.jpg\",\"articleSection\":[\"Turismo\"],\"inLanguage\":\"es\"},{\"@type\":\"WebPage\",\"@id\":\"https:\\\/\\\/www.caudete.org\\\/ayuntamiento\\\/balance-de-la-feria-de-san-miguel-2025-mercado-del-siglo-de-oro\\\/\",\"url\":\"https:\\\/\\\/www.caudete.org\\\/ayuntamiento\\\/balance-de-la-feria-de-san-miguel-2025-mercado-del-siglo-de-oro\\\/\",\"name\":\"Balance de la feria de San Miguel 2025, mercado del siglo de oro - MI Ayuntamiento de Caudete\",\"isPartOf\":{\"@id\":\"https:\\\/\\\/www.caudete.org\\\/ayuntamiento\\\/#website\"},\"primaryImageOfPage\":{\"@id\":\"https:\\\/\\\/www.caudete.org\\\/ayuntamiento\\\/balance-de-la-feria-de-san-miguel-2025-mercado-del-siglo-de-oro\\\/#primaryimage\"},\"image\":{\"@id\":\"https:\\\/\\\/www.caudete.org\\\/ayuntamiento\\\/balance-de-la-feria-de-san-miguel-2025-mercado-del-siglo-de-oro\\\/#primaryimage\"},\"thumbnailUrl\":\"https:\\\/\\\/www.caudete.org\\\/ayuntamiento\\\/wp-content\\\/uploads\\\/2025\\\/10\\\/564211285_1239772014837836_5813494194791183017_n2-port.jpg\",\"datePublished\":\"2025-10-20T07:41:02+00:00\",\"dateModified\":\"2025-10-20T20:12:24+00:00\",\"author\":{\"@id\":\"https:\\\/\\\/www.caudete.org\\\/ayuntamiento\\\/#\\\/schema\\\/person\\\/abfa5ffd5010a14e078c21e6e61b6291\"},\"description\":\"P\u00e1gina Oficial del Ayuntamiento de Caudete (Albacete)\",\"breadcrumb\":{\"@id\":\"https:\\\/\\\/www.caudete.org\\\/ayuntamiento\\\/balance-de-la-feria-de-san-miguel-2025-mercado-del-siglo-de-oro\\\/#breadcrumb\"},\"inLanguage\":\"es\",\"potentialAction\":[{\"@type\":\"ReadAction\",\"target\":[\"https:\\\/\\\/www.caudete.org\\\/ayuntamiento\\\/balance-de-la-feria-de-san-miguel-2025-mercado-del-siglo-de-oro\\\/\"]}]},{\"@type\":\"ImageObject\",\"inLanguage\":\"es\",\"@id\":\"https:\\\/\\\/www.caudete.org\\\/ayuntamiento\\\/balance-de-la-feria-de-san-miguel-2025-mercado-del-siglo-de-oro\\\/#primaryimage\",\"url\":\"https:\\\/\\\/www.caudete.org\\\/ayuntamiento\\\/wp-content\\\/uploads\\\/2025\\\/10\\\/564211285_1239772014837836_5813494194791183017_n2-port.jpg\",\"contentUrl\":\"https:\\\/\\\/www.caudete.org\\\/ayuntamiento\\\/wp-content\\\/uploads\\\/2025\\\/10\\\/564211285_1239772014837836_5813494194791183017_n2-port.jpg\",\"width\":800,\"height\":661},{\"@type\":\"BreadcrumbList\",\"@id\":\"https:\\\/\\\/www.caudete.org\\\/ayuntamiento\\\/balance-de-la-feria-de-san-miguel-2025-mercado-del-siglo-de-oro\\\/#breadcrumb\",\"itemListElement\":[{\"@type\":\"ListItem\",\"position\":1,\"name\":\"Inicio\",\"item\":\"https:\\\/\\\/www.caudete.org\\\/ayuntamiento\\\/\"},{\"@type\":\"ListItem\",\"position\":2,\"name\":\"Balance de la feria de San Miguel 2025, mercado del siglo de oro\"}]},{\"@type\":\"WebSite\",\"@id\":\"https:\\\/\\\/www.caudete.org\\\/ayuntamiento\\\/#website\",\"url\":\"https:\\\/\\\/www.caudete.org\\\/ayuntamiento\\\/\",\"name\":\"MI Ayuntamiento de Caudete\",\"description\":\"P\u00e1gina Oficial del MI Ayuntamiento de Caudete\",\"potentialAction\":[{\"@type\":\"SearchAction\",\"target\":{\"@type\":\"EntryPoint\",\"urlTemplate\":\"https:\\\/\\\/www.caudete.org\\\/ayuntamiento\\\/?s={search_term_string}\"},\"query-input\":{\"@type\":\"PropertyValueSpecification\",\"valueRequired\":true,\"valueName\":\"search_term_string\"}}],\"inLanguage\":\"es\"},{\"@type\":\"Person\",\"@id\":\"https:\\\/\\\/www.caudete.org\\\/ayuntamiento\\\/#\\\/schema\\\/person\\\/abfa5ffd5010a14e078c21e6e61b6291\",\"name\":\"informatica2\",\"image\":{\"@type\":\"ImageObject\",\"inLanguage\":\"es\",\"@id\":\"https:\\\/\\\/secure.gravatar.com\\\/avatar\\\/b089890ff033a3e4d03eec00ecb5a14425217205c513f60ec32ebeaaeb5fa700?s=96&d=mm&r=g\",\"url\":\"https:\\\/\\\/secure.gravatar.com\\\/avatar\\\/b089890ff033a3e4d03eec00ecb5a14425217205c513f60ec32ebeaaeb5fa700?s=96&d=mm&r=g\",\"contentUrl\":\"https:\\\/\\\/secure.gravatar.com\\\/avatar\\\/b089890ff033a3e4d03eec00ecb5a14425217205c513f60ec32ebeaaeb5fa700?s=96&d=mm&r=g\",\"caption\":\"informatica2\"},\"url\":\"https:\\\/\\\/www.caudete.org\\\/ayuntamiento\\\/author\\\/informatica2\\\/\"}]}<\/script>\n<!-- \/ Yoast SEO plugin. -->","yoast_head_json":{"title":"Balance de la feria de San Miguel 2025, mercado del siglo de oro - MI Ayuntamiento de Caudete","description":"P\u00e1gina Oficial del Ayuntamiento de Caudete (Albacete)","robots":{"index":"index","follow":"follow","max-snippet":"max-snippet:-1","max-image-preview":"max-image-preview:large","max-video-preview":"max-video-preview:-1"},"canonical":"https:\/\/www.caudete.org\/ayuntamiento\/balance-de-la-feria-de-san-miguel-2025-mercado-del-siglo-de-oro\/","og_locale":"es_ES","og_type":"article","og_title":"Balance de la feria de San Miguel 2025, mercado del siglo de oro - MI Ayuntamiento de Caudete","og_description":"P\u00e1gina Oficial del Ayuntamiento de Caudete (Albacete)","og_url":"https:\/\/www.caudete.org\/ayuntamiento\/balance-de-la-feria-de-san-miguel-2025-mercado-del-siglo-de-oro\/","og_site_name":"MI Ayuntamiento de Caudete","article_publisher":"https:\/\/www.facebook.com\/ayuntamientocaudete\/","article_published_time":"2025-10-20T07:41:02+00:00","article_modified_time":"2025-10-20T20:12:24+00:00","og_image":[{"width":800,"height":661,"url":"https:\/\/www.caudete.org\/ayuntamiento\/wp-content\/uploads\/2025\/10\/564211285_1239772014837836_5813494194791183017_n2-port.jpg","type":"image\/jpeg"}],"author":"informatica2","twitter_card":"summary_large_image","twitter_misc":{"Escrito por":"informatica2","Tiempo de lectura":"2 minutos"},"schema":{"@context":"https:\/\/schema.org","@graph":[{"@type":"Article","@id":"https:\/\/www.caudete.org\/ayuntamiento\/balance-de-la-feria-de-san-miguel-2025-mercado-del-siglo-de-oro\/#article","isPartOf":{"@id":"https:\/\/www.caudete.org\/ayuntamiento\/balance-de-la-feria-de-san-miguel-2025-mercado-del-siglo-de-oro\/"},"author":{"name":"informatica2","@id":"https:\/\/www.caudete.org\/ayuntamiento\/#\/schema\/person\/abfa5ffd5010a14e078c21e6e61b6291"},"headline":"Balance de la feria de San Miguel 2025, mercado del siglo de oro","datePublished":"2025-10-20T07:41:02+00:00","dateModified":"2025-10-20T20:12:24+00:00","mainEntityOfPage":{"@id":"https:\/\/www.caudete.org\/ayuntamiento\/balance-de-la-feria-de-san-miguel-2025-mercado-del-siglo-de-oro\/"},"wordCount":366,"image":{"@id":"https:\/\/www.caudete.org\/ayuntamiento\/balance-de-la-feria-de-san-miguel-2025-mercado-del-siglo-de-oro\/#primaryimage"},"thumbnailUrl":"https:\/\/www.caudete.org\/ayuntamiento\/wp-content\/uploads\/2025\/10\/564211285_1239772014837836_5813494194791183017_n2-port.jpg","articleSection":["Turismo"],"inLanguage":"es"},{"@type":"WebPage","@id":"https:\/\/www.caudete.org\/ayuntamiento\/balance-de-la-feria-de-san-miguel-2025-mercado-del-siglo-de-oro\/","url":"https:\/\/www.caudete.org\/ayuntamiento\/balance-de-la-feria-de-san-miguel-2025-mercado-del-siglo-de-oro\/","name":"Balance de la feria de San Miguel 2025, mercado del siglo de oro - MI Ayuntamiento de Caudete","isPartOf":{"@id":"https:\/\/www.caudete.org\/ayuntamiento\/#website"},"primaryImageOfPage":{"@id":"https:\/\/www.caudete.org\/ayuntamiento\/balance-de-la-feria-de-san-miguel-2025-mercado-del-siglo-de-oro\/#primaryimage"},"image":{"@id":"https:\/\/www.caudete.org\/ayuntamiento\/balance-de-la-feria-de-san-miguel-2025-mercado-del-siglo-de-oro\/#primaryimage"},"thumbnailUrl":"https:\/\/www.caudete.org\/ayuntamiento\/wp-content\/uploads\/2025\/10\/564211285_1239772014837836_5813494194791183017_n2-port.jpg","datePublished":"2025-10-20T07:41:02+00:00","dateModified":"2025-10-20T20:12:24+00:00","author":{"@id":"https:\/\/www.caudete.org\/ayuntamiento\/#\/schema\/person\/abfa5ffd5010a14e078c21e6e61b6291"},"description":"P\u00e1gina Oficial del Ayuntamiento de Caudete (Albacete)","breadcrumb":{"@id":"https:\/\/www.caudete.org\/ayuntamiento\/balance-de-la-feria-de-san-miguel-2025-mercado-del-siglo-de-oro\/#breadcrumb"},"inLanguage":"es","potentialAction":[{"@type":"ReadAction","target":["https:\/\/www.caudete.org\/ayuntamiento\/balance-de-la-feria-de-san-miguel-2025-mercado-del-siglo-de-oro\/"]}]},{"@type":"ImageObject","inLanguage":"es","@id":"https:\/\/www.caudete.org\/ayuntamiento\/balance-de-la-feria-de-san-miguel-2025-mercado-del-siglo-de-oro\/#primaryimage","url":"https:\/\/www.caudete.org\/ayuntamiento\/wp-content\/uploads\/2025\/10\/564211285_1239772014837836_5813494194791183017_n2-port.jpg","contentUrl":"https:\/\/www.caudete.org\/ayuntamiento\/wp-content\/uploads\/2025\/10\/564211285_1239772014837836_5813494194791183017_n2-port.jpg","width":800,"height":661},{"@type":"BreadcrumbList","@id":"https:\/\/www.caudete.org\/ayuntamiento\/balance-de-la-feria-de-san-miguel-2025-mercado-del-siglo-de-oro\/#breadcrumb","itemListElement":[{"@type":"ListItem","position":1,"name":"Inicio","item":"https:\/\/www.caudete.org\/ayuntamiento\/"},{"@type":"ListItem","position":2,"name":"Balance de la feria de San Miguel 2025, mercado del siglo de oro"}]},{"@type":"WebSite","@id":"https:\/\/www.caudete.org\/ayuntamiento\/#website","url":"https:\/\/www.caudete.org\/ayuntamiento\/","name":"MI Ayuntamiento de Caudete","description":"P\u00e1gina Oficial del MI Ayuntamiento de Caudete","potentialAction":[{"@type":"SearchAction","target":{"@type":"EntryPoint","urlTemplate":"https:\/\/www.caudete.org\/ayuntamiento\/?s={search_term_string}"},"query-input":{"@type":"PropertyValueSpecification","valueRequired":true,"valueName":"search_term_string"}}],"inLanguage":"es"},{"@type":"Person","@id":"https:\/\/www.caudete.org\/ayuntamiento\/#\/schema\/person\/abfa5ffd5010a14e078c21e6e61b6291","name":"informatica2","image":{"@type":"ImageObject","inLanguage":"es","@id":"https:\/\/secure.gravatar.com\/avatar\/b089890ff033a3e4d03eec00ecb5a14425217205c513f60ec32ebeaaeb5fa700?s=96&d=mm&r=g","url":"https:\/\/secure.gravatar.com\/avatar\/b089890ff033a3e4d03eec00ecb5a14425217205c513f60ec32ebeaaeb5fa700?s=96&d=mm&r=g","contentUrl":"https:\/\/secure.gravatar.com\/avatar\/b089890ff033a3e4d03eec00ecb5a14425217205c513f60ec32ebeaaeb5fa700?s=96&d=mm&r=g","caption":"informatica2"},"url":"https:\/\/www.caudete.org\/ayuntamiento\/author\/informatica2\/"}]}},"_links":{"self":[{"href":"https:\/\/www.caudete.org\/ayuntamiento\/wp-json\/wp\/v2\/posts\/31172","targetHints":{"allow":["GET"]}}],"collection":[{"href":"https:\/\/www.caudete.org\/ayuntamiento\/wp-json\/wp\/v2\/posts"}],"about":[{"href":"https:\/\/www.caudete.org\/ayuntamiento\/wp-json\/wp\/v2\/types\/post"}],"author":[{"embeddable":true,"href":"https:\/\/www.caudete.org\/ayuntamiento\/wp-json\/wp\/v2\/users\/6"}],"replies":[{"embeddable":true,"href":"https:\/\/www.caudete.org\/ayuntamiento\/wp-json\/wp\/v2\/comments?post=31172"}],"version-history":[{"count":3,"href":"https:\/\/www.caudete.org\/ayuntamiento\/wp-json\/wp\/v2\/posts\/31172\/revisions"}],"predecessor-version":[{"id":31227,"href":"https:\/\/www.caudete.org\/ayuntamiento\/wp-json\/wp\/v2\/posts\/31172\/revisions\/31227"}],"wp:featuredmedia":[{"embeddable":true,"href":"https:\/\/www.caudete.org\/ayuntamiento\/wp-json\/wp\/v2\/media\/31228"}],"wp:attachment":[{"href":"https:\/\/www.caudete.org\/ayuntamiento\/wp-json\/wp\/v2\/media?parent=31172"}],"wp:term":[{"taxonomy":"category","embeddable":true,"href":"https:\/\/www.caudete.org\/ayuntamiento\/wp-json\/wp\/v2\/categories?post=31172"},{"taxonomy":"post_tag","embeddable":true,"href":"https:\/\/www.caudete.org\/ayuntamiento\/wp-json\/wp\/v2\/tags?post=31172"}],"curies":[{"name":"wp","href":"https:\/\/api.w.org\/{rel}","templated":true}]}}