{"id":31230,"date":"2025-10-20T10:35:06","date_gmt":"2025-10-20T08:35:06","guid":{"rendered":"https:\/\/www.caudete.org\/ayuntamiento\/?p=31230"},"modified":"2025-10-27T08:55:26","modified_gmt":"2025-10-27T07:55:26","slug":"caudete-se-prepara-para-la-iii-alacera-trail-un-desafio-de-montana-que-combina-deporte-y-naturaleza","status":"publish","type":"post","link":"https:\/\/www.caudete.org\/ayuntamiento\/caudete-se-prepara-para-la-iii-alacera-trail-un-desafio-de-montana-que-combina-deporte-y-naturaleza\/","title":{"rendered":"Caudete se prepara para la III Al\u00e1cera Trail: Un desaf\u00edo de monta\u00f1a que combina deporte y naturaleza"},"content":{"rendered":"<p style=\"text-align: justify;\">El municipio de Caudete acoger\u00e1 el pr\u00f3ximo <strong>domingo 26 de octubre de 2025<\/strong> la tercera edici\u00f3n de su prueba de monta\u00f1a, la <strong>III Al\u00e1cera Trail Caudete<\/strong>, un evento deportivo consolidado que atrae a corredores y amantes de trail y senderismo de toda la provincia. La prueba est\u00e1 organizada conjuntamente por la <strong>Concejal\u00eda de Deportes del Ayuntamiento de Caudete<\/strong> y el <strong>Club de Trail Caudete<\/strong>.<\/p>\n<p style=\"text-align: justify;\">El evento, que se ha convertido en una cita ineludible para los deportistas de monta\u00f1a, ofrece distintas modalidades para adaptarse a todos los niveles: <strong>trail<\/strong>, <strong>sprint trail<\/strong> y <strong>senderismo<\/strong>.<\/p>\n<p style=\"text-align: justify;\">La <strong>Concejal de Deportes del Ayuntamiento de Caudete, Pilar Egea<\/strong>, ha destacado la importancia de esta prueba para dinamizar el deporte local y dar a conocer el entorno natural del municipio: &#8220;Estamos muy ilusionados con esta tercera edici\u00f3n. El Al\u00e1cera Trail no solo es una competici\u00f3n, sino una oportunidad para que los participantes disfruten de nuestros paisajes de una forma saludable. Invitamos a todos a participar y a vivir esta experiencia \u00fanica.&#8221;<\/p>\n<p style=\"text-align: justify;\"><strong>Detalles de las Modalidades y Horarios:<\/strong><\/p>\n<ul style=\"text-align: justify;\">\n<li><strong>Trail:<\/strong> Un desafiante recorrido de <strong>21,5 km<\/strong> con un desnivel positivo acumulado de <strong>950 m<\/strong>. La salida est\u00e1 prevista a las <strong>9:00 horas<\/strong>.<\/li>\n<li><strong>Sprint Trail y Senderismo:<\/strong> Una opci\u00f3n m\u00e1s accesible, ideal para iniciarse en la monta\u00f1a, con <strong>13,5 km<\/strong> y <strong>470 m<\/strong> de desnivel positivo. Ambas modalidades tomar\u00e1n la salida a las <strong>9:15 horas<\/strong>.<\/li>\n<\/ul>\n<p style=\"text-align: justify;\">La recepci\u00f3n de los participantes y la recogida de dorsales se realizar\u00e1n en el <strong>Espacio Municipal la Sala<\/strong>, ubicado en la Ciudad Deportiva Antonio Amor\u00f3s. La salida de las tres modalidades se efectuar\u00e1 desde la <strong>Avd. de la Libertad<\/strong>, justo al lado de la Ciudad Deportiva Antonio Amor\u00f3s.<\/p>\n<p style=\"text-align: justify;\">La organizaci\u00f3n ha establecido diversas <strong>categor\u00edas<\/strong> de participaci\u00f3n: promesa, senior, veteranos y m\u00e1ster, asegurando una competici\u00f3n justa y adaptada a la edad y experiencia de los corredores.<\/p>\n<p style=\"text-align: justify;\">El plazo para formalizar la inscripci\u00f3n permanecer\u00e1 abierto hasta las <strong>23:59 horas del mi\u00e9rcoles 23 de octubre de 2025<\/strong>. Los interesados pueden encontrar toda la informaci\u00f3n y el formulario de inscripci\u00f3n a trav\u00e9s de los canales oficiales del Ayuntamiento de Caudete y del Club de Trail Caudete.<\/p>\n","protected":false},"excerpt":{"rendered":"<p>El municipio de Caudete acoger\u00e1 el pr\u00f3ximo domingo 26 de octubre de 2025 la tercera edici\u00f3n de su prueba de monta\u00f1a, la III Al\u00e1cera Trail Caudete, un evento deportivo consolidado que atrae a corredores y amantes de trail y senderismo de toda la provincia. La prueba est\u00e1 organizada conjuntamente por la Concejal\u00eda de Deportes del &hellip;<\/p>\n","protected":false},"author":6,"featured_media":31235,"comment_status":"closed","ping_status":"open","sticky":false,"template":"","format":"standard","meta":{"ngg_post_thumbnail":0,"footnotes":""},"categories":[23],"tags":[],"class_list":["post-31230","post","type-post","status-publish","format-standard","has-post-thumbnail","hentry","category-deportes"],"yoast_head":"<!-- This site is optimized with the Yoast SEO plugin v27.4 - https:\/\/yoast.com\/product\/yoast-seo-wordpress\/ -->\n<title>Caudete se prepara para la III Al\u00e1cera Trail: Un desaf\u00edo de monta\u00f1a que combina deporte y naturaleza - MI Ayuntamiento de Caudete<\/title>\n<meta name=\"description\" content=\"P\u00e1gina Oficial del Ayuntamiento de Caudete (Albacete)\" \/>\n<meta name=\"robots\" content=\"index, follow, max-snippet:-1, max-image-preview:large, max-video-preview:-1\" \/>\n<link rel=\"canonical\" href=\"https:\/\/www.caudete.org\/ayuntamiento\/caudete-se-prepara-para-la-iii-alacera-trail-un-desafio-de-montana-que-combina-deporte-y-naturaleza\/\" \/>\n<meta property=\"og:locale\" content=\"es_ES\" \/>\n<meta property=\"og:type\" content=\"article\" \/>\n<meta property=\"og:title\" content=\"Caudete se prepara para la III Al\u00e1cera Trail: Un desaf\u00edo de monta\u00f1a que combina deporte y naturaleza - MI Ayuntamiento de Caudete\" \/>\n<meta property=\"og:description\" content=\"P\u00e1gina Oficial del Ayuntamiento de Caudete (Albacete)\" \/>\n<meta property=\"og:url\" content=\"https:\/\/www.caudete.org\/ayuntamiento\/caudete-se-prepara-para-la-iii-alacera-trail-un-desafio-de-montana-que-combina-deporte-y-naturaleza\/\" \/>\n<meta property=\"og:site_name\" content=\"MI Ayuntamiento de Caudete\" \/>\n<meta property=\"article:publisher\" content=\"https:\/\/www.facebook.com\/ayuntamientocaudete\/\" \/>\n<meta property=\"article:published_time\" content=\"2025-10-20T08:35:06+00:00\" \/>\n<meta property=\"article:modified_time\" content=\"2025-10-27T07:55:26+00:00\" \/>\n<meta property=\"og:image\" content=\"https:\/\/www.caudete.org\/ayuntamiento\/wp-content\/uploads\/2025\/10\/Cartel-III-Alacera-Trail-port.jpg\" \/>\n\t<meta property=\"og:image:width\" content=\"864\" \/>\n\t<meta property=\"og:image:height\" content=\"380\" \/>\n\t<meta property=\"og:image:type\" content=\"image\/jpeg\" \/>\n<meta name=\"author\" content=\"informatica2\" \/>\n<meta name=\"twitter:card\" content=\"summary_large_image\" \/>\n<meta name=\"twitter:label1\" content=\"Escrito por\" \/>\n\t<meta name=\"twitter:data1\" content=\"informatica2\" \/>\n\t<meta name=\"twitter:label2\" content=\"Tiempo de lectura\" \/>\n\t<meta name=\"twitter:data2\" content=\"2 minutos\" \/>\n<script type=\"application\/ld+json\" class=\"yoast-schema-graph\">{\"@context\":\"https:\\\/\\\/schema.org\",\"@graph\":[{\"@type\":\"Article\",\"@id\":\"https:\\\/\\\/www.caudete.org\\\/ayuntamiento\\\/caudete-se-prepara-para-la-iii-alacera-trail-un-desafio-de-montana-que-combina-deporte-y-naturaleza\\\/#article\",\"isPartOf\":{\"@id\":\"https:\\\/\\\/www.caudete.org\\\/ayuntamiento\\\/caudete-se-prepara-para-la-iii-alacera-trail-un-desafio-de-montana-que-combina-deporte-y-naturaleza\\\/\"},\"author\":{\"name\":\"informatica2\",\"@id\":\"https:\\\/\\\/www.caudete.org\\\/ayuntamiento\\\/#\\\/schema\\\/person\\\/abfa5ffd5010a14e078c21e6e61b6291\"},\"headline\":\"Caudete se prepara para la III Al\u00e1cera Trail: Un desaf\u00edo de monta\u00f1a que combina deporte y naturaleza\",\"datePublished\":\"2025-10-20T08:35:06+00:00\",\"dateModified\":\"2025-10-27T07:55:26+00:00\",\"mainEntityOfPage\":{\"@id\":\"https:\\\/\\\/www.caudete.org\\\/ayuntamiento\\\/caudete-se-prepara-para-la-iii-alacera-trail-un-desafio-de-montana-que-combina-deporte-y-naturaleza\\\/\"},\"wordCount\":384,\"publisher\":{\"@id\":\"https:\\\/\\\/www.caudete.org\\\/ayuntamiento\\\/#organization\"},\"image\":{\"@id\":\"https:\\\/\\\/www.caudete.org\\\/ayuntamiento\\\/caudete-se-prepara-para-la-iii-alacera-trail-un-desafio-de-montana-que-combina-deporte-y-naturaleza\\\/#primaryimage\"},\"thumbnailUrl\":\"https:\\\/\\\/www.caudete.org\\\/ayuntamiento\\\/wp-content\\\/uploads\\\/2025\\\/10\\\/Cartel-III-Alacera-Trail-port.jpg\",\"articleSection\":[\"Deportes\"],\"inLanguage\":\"es\"},{\"@type\":\"WebPage\",\"@id\":\"https:\\\/\\\/www.caudete.org\\\/ayuntamiento\\\/caudete-se-prepara-para-la-iii-alacera-trail-un-desafio-de-montana-que-combina-deporte-y-naturaleza\\\/\",\"url\":\"https:\\\/\\\/www.caudete.org\\\/ayuntamiento\\\/caudete-se-prepara-para-la-iii-alacera-trail-un-desafio-de-montana-que-combina-deporte-y-naturaleza\\\/\",\"name\":\"Caudete se prepara para la III Al\u00e1cera Trail: Un desaf\u00edo de monta\u00f1a que combina deporte y naturaleza - MI Ayuntamiento de Caudete\",\"isPartOf\":{\"@id\":\"https:\\\/\\\/www.caudete.org\\\/ayuntamiento\\\/#website\"},\"primaryImageOfPage\":{\"@id\":\"https:\\\/\\\/www.caudete.org\\\/ayuntamiento\\\/caudete-se-prepara-para-la-iii-alacera-trail-un-desafio-de-montana-que-combina-deporte-y-naturaleza\\\/#primaryimage\"},\"image\":{\"@id\":\"https:\\\/\\\/www.caudete.org\\\/ayuntamiento\\\/caudete-se-prepara-para-la-iii-alacera-trail-un-desafio-de-montana-que-combina-deporte-y-naturaleza\\\/#primaryimage\"},\"thumbnailUrl\":\"https:\\\/\\\/www.caudete.org\\\/ayuntamiento\\\/wp-content\\\/uploads\\\/2025\\\/10\\\/Cartel-III-Alacera-Trail-port.jpg\",\"datePublished\":\"2025-10-20T08:35:06+00:00\",\"dateModified\":\"2025-10-27T07:55:26+00:00\",\"description\":\"P\u00e1gina Oficial del Ayuntamiento de Caudete (Albacete)\",\"breadcrumb\":{\"@id\":\"https:\\\/\\\/www.caudete.org\\\/ayuntamiento\\\/caudete-se-prepara-para-la-iii-alacera-trail-un-desafio-de-montana-que-combina-deporte-y-naturaleza\\\/#breadcrumb\"},\"inLanguage\":\"es\",\"potentialAction\":[{\"@type\":\"ReadAction\",\"target\":[\"https:\\\/\\\/www.caudete.org\\\/ayuntamiento\\\/caudete-se-prepara-para-la-iii-alacera-trail-un-desafio-de-montana-que-combina-deporte-y-naturaleza\\\/\"]}]},{\"@type\":\"ImageObject\",\"inLanguage\":\"es\",\"@id\":\"https:\\\/\\\/www.caudete.org\\\/ayuntamiento\\\/caudete-se-prepara-para-la-iii-alacera-trail-un-desafio-de-montana-que-combina-deporte-y-naturaleza\\\/#primaryimage\",\"url\":\"https:\\\/\\\/www.caudete.org\\\/ayuntamiento\\\/wp-content\\\/uploads\\\/2025\\\/10\\\/Cartel-III-Alacera-Trail-port.jpg\",\"contentUrl\":\"https:\\\/\\\/www.caudete.org\\\/ayuntamiento\\\/wp-content\\\/uploads\\\/2025\\\/10\\\/Cartel-III-Alacera-Trail-port.jpg\",\"width\":864,\"height\":380},{\"@type\":\"BreadcrumbList\",\"@id\":\"https:\\\/\\\/www.caudete.org\\\/ayuntamiento\\\/caudete-se-prepara-para-la-iii-alacera-trail-un-desafio-de-montana-que-combina-deporte-y-naturaleza\\\/#breadcrumb\",\"itemListElement\":[{\"@type\":\"ListItem\",\"position\":1,\"name\":\"Inicio\",\"item\":\"https:\\\/\\\/www.caudete.org\\\/ayuntamiento\\\/\"},{\"@type\":\"ListItem\",\"position\":2,\"name\":\"Caudete se prepara para la III Al\u00e1cera Trail: Un desaf\u00edo de monta\u00f1a que combina deporte y naturaleza\"}]},{\"@type\":\"WebSite\",\"@id\":\"https:\\\/\\\/www.caudete.org\\\/ayuntamiento\\\/#website\",\"url\":\"https:\\\/\\\/www.caudete.org\\\/ayuntamiento\\\/\",\"name\":\"MI Ayuntamiento de Caudete\",\"description\":\"P\u00e1gina Oficial del MI Ayuntamiento de Caudete\",\"publisher\":{\"@id\":\"https:\\\/\\\/www.caudete.org\\\/ayuntamiento\\\/#organization\"},\"potentialAction\":[{\"@type\":\"SearchAction\",\"target\":{\"@type\":\"EntryPoint\",\"urlTemplate\":\"https:\\\/\\\/www.caudete.org\\\/ayuntamiento\\\/?s={search_term_string}\"},\"query-input\":{\"@type\":\"PropertyValueSpecification\",\"valueRequired\":true,\"valueName\":\"search_term_string\"}}],\"inLanguage\":\"es\"},{\"@type\":\"Organization\",\"@id\":\"https:\\\/\\\/www.caudete.org\\\/ayuntamiento\\\/#organization\",\"name\":\"Ayuntamiento de Caudete\",\"url\":\"https:\\\/\\\/www.caudete.org\\\/ayuntamiento\\\/\",\"logo\":{\"@type\":\"ImageObject\",\"inLanguage\":\"es\",\"@id\":\"https:\\\/\\\/www.caudete.org\\\/ayuntamiento\\\/#\\\/schema\\\/logo\\\/image\\\/\",\"url\":\"https:\\\/\\\/www.caudete.org\\\/ayuntamiento\\\/wp-content\\\/uploads\\\/2020\\\/11\\\/logo_ayuntamiento_caudete.jpg\",\"contentUrl\":\"https:\\\/\\\/www.caudete.org\\\/ayuntamiento\\\/wp-content\\\/uploads\\\/2020\\\/11\\\/logo_ayuntamiento_caudete.jpg\",\"width\":600,\"height\":150,\"caption\":\"Ayuntamiento de Caudete\"},\"image\":{\"@id\":\"https:\\\/\\\/www.caudete.org\\\/ayuntamiento\\\/#\\\/schema\\\/logo\\\/image\\\/\"},\"sameAs\":[\"https:\\\/\\\/www.facebook.com\\\/ayuntamientocaudete\\\/\",\"https:\\\/\\\/www.youtube.com\\\/channel\\\/UC6VztHaooNsGpw-tNoBEFnQ\"]},{\"@type\":\"Person\",\"@id\":\"https:\\\/\\\/www.caudete.org\\\/ayuntamiento\\\/#\\\/schema\\\/person\\\/abfa5ffd5010a14e078c21e6e61b6291\",\"name\":\"informatica2\",\"image\":{\"@type\":\"ImageObject\",\"inLanguage\":\"es\",\"@id\":\"https:\\\/\\\/secure.gravatar.com\\\/avatar\\\/b089890ff033a3e4d03eec00ecb5a14425217205c513f60ec32ebeaaeb5fa700?s=96&d=mm&r=g\",\"url\":\"https:\\\/\\\/secure.gravatar.com\\\/avatar\\\/b089890ff033a3e4d03eec00ecb5a14425217205c513f60ec32ebeaaeb5fa700?s=96&d=mm&r=g\",\"contentUrl\":\"https:\\\/\\\/secure.gravatar.com\\\/avatar\\\/b089890ff033a3e4d03eec00ecb5a14425217205c513f60ec32ebeaaeb5fa700?s=96&d=mm&r=g\",\"caption\":\"informatica2\"},\"url\":\"https:\\\/\\\/www.caudete.org\\\/ayuntamiento\\\/author\\\/informatica2\\\/\"}]}<\/script>\n<!-- \/ Yoast SEO plugin. -->","yoast_head_json":{"title":"Caudete se prepara para la III Al\u00e1cera Trail: Un desaf\u00edo de monta\u00f1a que combina deporte y naturaleza - MI Ayuntamiento de Caudete","description":"P\u00e1gina Oficial del Ayuntamiento de Caudete (Albacete)","robots":{"index":"index","follow":"follow","max-snippet":"max-snippet:-1","max-image-preview":"max-image-preview:large","max-video-preview":"max-video-preview:-1"},"canonical":"https:\/\/www.caudete.org\/ayuntamiento\/caudete-se-prepara-para-la-iii-alacera-trail-un-desafio-de-montana-que-combina-deporte-y-naturaleza\/","og_locale":"es_ES","og_type":"article","og_title":"Caudete se prepara para la III Al\u00e1cera Trail: Un desaf\u00edo de monta\u00f1a que combina deporte y naturaleza - MI Ayuntamiento de Caudete","og_description":"P\u00e1gina Oficial del Ayuntamiento de Caudete (Albacete)","og_url":"https:\/\/www.caudete.org\/ayuntamiento\/caudete-se-prepara-para-la-iii-alacera-trail-un-desafio-de-montana-que-combina-deporte-y-naturaleza\/","og_site_name":"MI Ayuntamiento de Caudete","article_publisher":"https:\/\/www.facebook.com\/ayuntamientocaudete\/","article_published_time":"2025-10-20T08:35:06+00:00","article_modified_time":"2025-10-27T07:55:26+00:00","og_image":[{"width":864,"height":380,"url":"https:\/\/www.caudete.org\/ayuntamiento\/wp-content\/uploads\/2025\/10\/Cartel-III-Alacera-Trail-port.jpg","type":"image\/jpeg"}],"author":"informatica2","twitter_card":"summary_large_image","twitter_misc":{"Escrito por":"informatica2","Tiempo de lectura":"2 minutos"},"schema":{"@context":"https:\/\/schema.org","@graph":[{"@type":"Article","@id":"https:\/\/www.caudete.org\/ayuntamiento\/caudete-se-prepara-para-la-iii-alacera-trail-un-desafio-de-montana-que-combina-deporte-y-naturaleza\/#article","isPartOf":{"@id":"https:\/\/www.caudete.org\/ayuntamiento\/caudete-se-prepara-para-la-iii-alacera-trail-un-desafio-de-montana-que-combina-deporte-y-naturaleza\/"},"author":{"name":"informatica2","@id":"https:\/\/www.caudete.org\/ayuntamiento\/#\/schema\/person\/abfa5ffd5010a14e078c21e6e61b6291"},"headline":"Caudete se prepara para la III Al\u00e1cera Trail: Un desaf\u00edo de monta\u00f1a que combina deporte y naturaleza","datePublished":"2025-10-20T08:35:06+00:00","dateModified":"2025-10-27T07:55:26+00:00","mainEntityOfPage":{"@id":"https:\/\/www.caudete.org\/ayuntamiento\/caudete-se-prepara-para-la-iii-alacera-trail-un-desafio-de-montana-que-combina-deporte-y-naturaleza\/"},"wordCount":384,"publisher":{"@id":"https:\/\/www.caudete.org\/ayuntamiento\/#organization"},"image":{"@id":"https:\/\/www.caudete.org\/ayuntamiento\/caudete-se-prepara-para-la-iii-alacera-trail-un-desafio-de-montana-que-combina-deporte-y-naturaleza\/#primaryimage"},"thumbnailUrl":"https:\/\/www.caudete.org\/ayuntamiento\/wp-content\/uploads\/2025\/10\/Cartel-III-Alacera-Trail-port.jpg","articleSection":["Deportes"],"inLanguage":"es"},{"@type":"WebPage","@id":"https:\/\/www.caudete.org\/ayuntamiento\/caudete-se-prepara-para-la-iii-alacera-trail-un-desafio-de-montana-que-combina-deporte-y-naturaleza\/","url":"https:\/\/www.caudete.org\/ayuntamiento\/caudete-se-prepara-para-la-iii-alacera-trail-un-desafio-de-montana-que-combina-deporte-y-naturaleza\/","name":"Caudete se prepara para la III Al\u00e1cera Trail: Un desaf\u00edo de monta\u00f1a que combina deporte y naturaleza - MI Ayuntamiento de Caudete","isPartOf":{"@id":"https:\/\/www.caudete.org\/ayuntamiento\/#website"},"primaryImageOfPage":{"@id":"https:\/\/www.caudete.org\/ayuntamiento\/caudete-se-prepara-para-la-iii-alacera-trail-un-desafio-de-montana-que-combina-deporte-y-naturaleza\/#primaryimage"},"image":{"@id":"https:\/\/www.caudete.org\/ayuntamiento\/caudete-se-prepara-para-la-iii-alacera-trail-un-desafio-de-montana-que-combina-deporte-y-naturaleza\/#primaryimage"},"thumbnailUrl":"https:\/\/www.caudete.org\/ayuntamiento\/wp-content\/uploads\/2025\/10\/Cartel-III-Alacera-Trail-port.jpg","datePublished":"2025-10-20T08:35:06+00:00","dateModified":"2025-10-27T07:55:26+00:00","description":"P\u00e1gina Oficial del Ayuntamiento de Caudete (Albacete)","breadcrumb":{"@id":"https:\/\/www.caudete.org\/ayuntamiento\/caudete-se-prepara-para-la-iii-alacera-trail-un-desafio-de-montana-que-combina-deporte-y-naturaleza\/#breadcrumb"},"inLanguage":"es","potentialAction":[{"@type":"ReadAction","target":["https:\/\/www.caudete.org\/ayuntamiento\/caudete-se-prepara-para-la-iii-alacera-trail-un-desafio-de-montana-que-combina-deporte-y-naturaleza\/"]}]},{"@type":"ImageObject","inLanguage":"es","@id":"https:\/\/www.caudete.org\/ayuntamiento\/caudete-se-prepara-para-la-iii-alacera-trail-un-desafio-de-montana-que-combina-deporte-y-naturaleza\/#primaryimage","url":"https:\/\/www.caudete.org\/ayuntamiento\/wp-content\/uploads\/2025\/10\/Cartel-III-Alacera-Trail-port.jpg","contentUrl":"https:\/\/www.caudete.org\/ayuntamiento\/wp-content\/uploads\/2025\/10\/Cartel-III-Alacera-Trail-port.jpg","width":864,"height":380},{"@type":"BreadcrumbList","@id":"https:\/\/www.caudete.org\/ayuntamiento\/caudete-se-prepara-para-la-iii-alacera-trail-un-desafio-de-montana-que-combina-deporte-y-naturaleza\/#breadcrumb","itemListElement":[{"@type":"ListItem","position":1,"name":"Inicio","item":"https:\/\/www.caudete.org\/ayuntamiento\/"},{"@type":"ListItem","position":2,"name":"Caudete se prepara para la III Al\u00e1cera Trail: Un desaf\u00edo de monta\u00f1a que combina deporte y naturaleza"}]},{"@type":"WebSite","@id":"https:\/\/www.caudete.org\/ayuntamiento\/#website","url":"https:\/\/www.caudete.org\/ayuntamiento\/","name":"MI Ayuntamiento de Caudete","description":"P\u00e1gina Oficial del MI Ayuntamiento de Caudete","publisher":{"@id":"https:\/\/www.caudete.org\/ayuntamiento\/#organization"},"potentialAction":[{"@type":"SearchAction","target":{"@type":"EntryPoint","urlTemplate":"https:\/\/www.caudete.org\/ayuntamiento\/?s={search_term_string}"},"query-input":{"@type":"PropertyValueSpecification","valueRequired":true,"valueName":"search_term_string"}}],"inLanguage":"es"},{"@type":"Organization","@id":"https:\/\/www.caudete.org\/ayuntamiento\/#organization","name":"Ayuntamiento de Caudete","url":"https:\/\/www.caudete.org\/ayuntamiento\/","logo":{"@type":"ImageObject","inLanguage":"es","@id":"https:\/\/www.caudete.org\/ayuntamiento\/#\/schema\/logo\/image\/","url":"https:\/\/www.caudete.org\/ayuntamiento\/wp-content\/uploads\/2020\/11\/logo_ayuntamiento_caudete.jpg","contentUrl":"https:\/\/www.caudete.org\/ayuntamiento\/wp-content\/uploads\/2020\/11\/logo_ayuntamiento_caudete.jpg","width":600,"height":150,"caption":"Ayuntamiento de Caudete"},"image":{"@id":"https:\/\/www.caudete.org\/ayuntamiento\/#\/schema\/logo\/image\/"},"sameAs":["https:\/\/www.facebook.com\/ayuntamientocaudete\/","https:\/\/www.youtube.com\/channel\/UC6VztHaooNsGpw-tNoBEFnQ"]},{"@type":"Person","@id":"https:\/\/www.caudete.org\/ayuntamiento\/#\/schema\/person\/abfa5ffd5010a14e078c21e6e61b6291","name":"informatica2","image":{"@type":"ImageObject","inLanguage":"es","@id":"https:\/\/secure.gravatar.com\/avatar\/b089890ff033a3e4d03eec00ecb5a14425217205c513f60ec32ebeaaeb5fa700?s=96&d=mm&r=g","url":"https:\/\/secure.gravatar.com\/avatar\/b089890ff033a3e4d03eec00ecb5a14425217205c513f60ec32ebeaaeb5fa700?s=96&d=mm&r=g","contentUrl":"https:\/\/secure.gravatar.com\/avatar\/b089890ff033a3e4d03eec00ecb5a14425217205c513f60ec32ebeaaeb5fa700?s=96&d=mm&r=g","caption":"informatica2"},"url":"https:\/\/www.caudete.org\/ayuntamiento\/author\/informatica2\/"}]}},"_links":{"self":[{"href":"https:\/\/www.caudete.org\/ayuntamiento\/wp-json\/wp\/v2\/posts\/31230","targetHints":{"allow":["GET"]}}],"collection":[{"href":"https:\/\/www.caudete.org\/ayuntamiento\/wp-json\/wp\/v2\/posts"}],"about":[{"href":"https:\/\/www.caudete.org\/ayuntamiento\/wp-json\/wp\/v2\/types\/post"}],"author":[{"embeddable":true,"href":"https:\/\/www.caudete.org\/ayuntamiento\/wp-json\/wp\/v2\/users\/6"}],"replies":[{"embeddable":true,"href":"https:\/\/www.caudete.org\/ayuntamiento\/wp-json\/wp\/v2\/comments?post=31230"}],"version-history":[{"count":2,"href":"https:\/\/www.caudete.org\/ayuntamiento\/wp-json\/wp\/v2\/posts\/31230\/revisions"}],"predecessor-version":[{"id":31267,"href":"https:\/\/www.caudete.org\/ayuntamiento\/wp-json\/wp\/v2\/posts\/31230\/revisions\/31267"}],"wp:featuredmedia":[{"embeddable":true,"href":"https:\/\/www.caudete.org\/ayuntamiento\/wp-json\/wp\/v2\/media\/31235"}],"wp:attachment":[{"href":"https:\/\/www.caudete.org\/ayuntamiento\/wp-json\/wp\/v2\/media?parent=31230"}],"wp:term":[{"taxonomy":"category","embeddable":true,"href":"https:\/\/www.caudete.org\/ayuntamiento\/wp-json\/wp\/v2\/categories?post=31230"},{"taxonomy":"post_tag","embeddable":true,"href":"https:\/\/www.caudete.org\/ayuntamiento\/wp-json\/wp\/v2\/tags?post=31230"}],"curies":[{"name":"wp","href":"https:\/\/api.w.org\/{rel}","templated":true}]}}